{"id":25214,"date":"2025-11-27T17:18:50","date_gmt":"2025-11-27T17:18:50","guid":{"rendered":"https:\/\/www.latribunedufaso.net\/?p=25214"},"modified":"2025-12-17T20:29:08","modified_gmt":"2025-12-17T20:29:08","slug":"conseil-des-ministres-du-27-novembre-2025-un-projet-de-loi-portant-code-du-travail-au-burkina-faso-adopte","status":"publish","type":"post","link":"https:\/\/www.latribunedufaso.net\/?p=25214","title":{"rendered":"Conseil des ministres du 27 novembre 2025 : Un projet de loi portant Code du travail au Burkina Faso adopt\u00e9"},"content":{"rendered":"<p><strong>Le Conseil des Ministres s&rsquo;est tenu, ce jeudi 27 novembre 2025, sous la pr\u00e9sidence du Chef de l\u2019\u00c9tat, Son Excellence le Capitaine Ibrahim TRAOR\u00c9. Selon le Ministre Porte-parole du Gouvernement, M. Pingdwend\u00e9 Gilbert OU\u00c9DRAOGO, le Conseil a examin\u00e9 et adopt\u00e9 plusieurs dossiers inscrits \u00e0 son ordre du jour et pris d&rsquo;importantes d\u00e9cisions pour la bonne marche de la Nation, conform\u00e9ment aux orientations de la R\u00e9volution progressiste populaire.<\/strong><!--more--><\/p>\n<p>Pour le compte du Minist\u00e8re de la Fonction publique, du Travail et de la Protection sociale, le Conseil a adopt\u00e9 un projet de loi portant Code du travail au Burkina Faso. Selon le Ministre Mathias TRAOR\u00c9, ce projet de loi contient plusieurs innovations, dont l&rsquo;encadrement de l&rsquo;exercice des activit\u00e9s de placement et du travail temporaire.<\/p>\n<figure id=\"attachment_25215\" aria-describedby=\"caption-attachment-25215\" style=\"width: 1280px\" class=\"wp-caption aligncenter\"><a href=\"https:\/\/www.latribunedufaso.net\/wp-content\/uploads\/2025\/11\/IMG-20251127-WA0063.jpg\"><img loading=\"lazy\" decoding=\"async\" class=\"size-full wp-image-25215\" src=\"https:\/\/www.latribunedufaso.net\/wp-content\/uploads\/2025\/11\/IMG-20251127-WA0063.jpg\" alt=\"Conseil des ministres du 27 novembre 2025\" width=\"1280\" height=\"1009\" srcset=\"https:\/\/www.latribunedufaso.net\/wp-content\/uploads\/2025\/11\/IMG-20251127-WA0063.jpg 1280w, https:\/\/www.latribunedufaso.net\/wp-content\/uploads\/2025\/11\/IMG-20251127-WA0063-300x236.jpg 300w, https:\/\/www.latribunedufaso.net\/wp-content\/uploads\/2025\/11\/IMG-20251127-WA0063-1024x807.jpg 1024w, https:\/\/www.latribunedufaso.net\/wp-content\/uploads\/2025\/11\/IMG-20251127-WA0063-768x605.jpg 768w\" sizes=\"auto, (max-width: 1280px) 100vw, 1280px\" \/><\/a><figcaption id=\"caption-attachment-25215\" class=\"wp-caption-text\">Le ministre de la Fonction publique, du Travail et de la Protection sociale, Mathias TRAOR\u00c9 &#8211; Ph. DR<\/figcaption><\/figure>\n<p><em><strong>\u00ab D\u00e9sormais \u00e0 qualification \u00e9quivalente, le travailleur temporaire et le travailleur de l&rsquo;entreprise utilisatrice occupant le m\u00eame emploi auront la m\u00eame r\u00e9mun\u00e9ration. Toute personne ayant des int\u00e9r\u00eats directs ou indirects avec une entreprise utilisatrice ne peut conclure un contrat de mise \u00e0 disposition de personnel \u00bb<\/strong><\/em>, souligne le Ministre charg\u00e9 de la Fonction publique.\u00a0<\/p>\n<p>Une autre innovation du projet de Code du travail porte sur le contrat \u00e0 dur\u00e9e d\u00e9termin\u00e9e (CDD). Il stipule que le CDD ne peut \u00eatre renouvel\u00e9 plus de deux fois. Il encadre, par ailleurs, l&#8217;embauche des travailleurs non-nationaux non-r\u00e9sidents. <em><strong>\u00ab D\u00e9sormais, l&#8217;employeur des travailleurs non-nationaux non-r\u00e9sidents doit disposer d&rsquo;une autorisation pr\u00e9alable d&rsquo;un service public d&#8217;emploi et le travailleur non-national non-r\u00e9sident doit disposer d&rsquo;un permis de travail \u00bb,<\/strong> <\/em>souligne M. TRAOR\u00c9.<\/p>\n<p>Avec ce projet de Code de travail, d\u00e9sormais le calcul des dommages et int\u00e9r\u00eats, en cas de licenciement, se fait sur la base de 24 mois et non 18 pour l&rsquo;ensemble des travailleurs, qu&rsquo;ils soient prot\u00e9g\u00e9s ou non.\u00a0<\/p>\n<blockquote>\n<p>Lire aussi &gt;&gt; <a href=\"https:\/\/www.latribunedufaso.net\/?p=20248\">Crise s\u00e9curitaire, libert\u00e9s syndicales, pouvoir d\u2019achat : Les priorit\u00e9s de l\u2019UAS pour la f\u00eate du travail<\/a><\/p>\n<\/blockquote>\n<p><iframe loading=\"lazy\" width=\"560\" height=\"315\" src=\"https:\/\/www.youtube.com\/embed\/yN5plODXOH4?si=9RfphFXHiwSMdL-0\" title=\"YouTube video player\" frameborder=\"0\" allow=\"accelerometer; autoplay; clipboard-write; encrypted-media; gyroscope; picture-in-picture; web-share\" referrerpolicy=\"strict-origin-when-cross-origin\" allowfullscreen><\/iframe><\/p>\n<p>On note \u00e9galement comme innovation dans le projet de Code du travail, le rel\u00e8vement du seuil pour faire appel apr\u00e8s un jugement, de 200 000 FCFA \u00e0 1 million de francs. <em><strong>\u00ab D\u00e9sormais, le Conseil arbitral dispose d&rsquo;un d\u00e9lai de trois mois pour rendre sa d\u00e9cision et la sentence arbitrale entre en vigueur si elle n&rsquo;a pas fait l&rsquo;objet de pourvoi en cassation \u00bb<\/strong><\/em>, soutient le Ministre charg\u00e9 du Travail.<\/p>\n<p><strong>Latribunedufaso.net<\/strong><\/p>\n<p><strong>Source : Direction de la communication de la Pr\u00e9sidence du Faso<\/strong><\/p>\n","protected":false},"excerpt":{"rendered":"<p>Le Conseil des Ministres s&rsquo;est tenu, ce jeudi 27 novembre 2025, sous la pr\u00e9sidence du Chef de l\u2019\u00c9tat, Son Excellence le Capitaine Ibrahim TRAOR\u00c9. Selon le Ministre Porte-parole du Gouvernement, M. Pingdwend\u00e9 Gilbert OU\u00c9DRAOGO, le Conseil a examin\u00e9 et adopt\u00e9 plusieurs dossiers inscrits \u00e0 son ordre du jour et pris d&rsquo;importantes d\u00e9cisions pour la bonne marche de la Nation, conform\u00e9ment aux orientations de la R\u00e9volution progressiste populaire.<\/p>\n","protected":false},"author":5,"featured_media":25216,"comment_status":"open","ping_status":"open","sticky":false,"template":"","format":"standard","meta":{"footnotes":""},"categories":[13,1,21,8],"tags":[1814,79,39],"class_list":["post-25214","post","type-post","status-publish","format-standard","has-post-thumbnail","hentry","category-une","category-actu","category-conseil-des-ministres","category-societe","tag-code-du-travail-burkina","tag-conseil-des-ministres","tag-latribunedufaso-net"],"yoast_head":"<!-- This site is optimized with the Yoast SEO plugin v27.4 - https:\/\/yoast.com\/product\/yoast-seo-wordpress\/ -->\n<title>Conseil des ministres du 27 novembre 2025 : Un projet de loi portant Code du travail au Burkina Faso adopt\u00e9 - La Tribune du Faso<\/title>\n<meta name=\"robots\" content=\"index, follow, max-snippet:-1, max-image-preview:large, max-video-preview:-1\" \/>\n<link rel=\"canonical\" href=\"https:\/\/www.latribunedufaso.net\/?p=25214\" \/>\n<meta property=\"og:locale\" content=\"fr_FR\" \/>\n<meta property=\"og:type\" content=\"article\" \/>\n<meta property=\"og:title\" content=\"Conseil des ministres du 27 novembre 2025 : Un projet de loi portant Code du travail au Burkina Faso adopt\u00e9 - La Tribune du Faso\" \/>\n<meta property=\"og:description\" content=\"Le Conseil des Ministres s&rsquo;est tenu, ce jeudi 27 novembre 2025, sous la pr\u00e9sidence du Chef de l\u2019\u00c9tat, Son Excellence le Capitaine Ibrahim TRAOR\u00c9. Selon le Ministre Porte-parole du Gouvernement, M. Pingdwend\u00e9 Gilbert OU\u00c9DRAOGO, le Conseil a examin\u00e9 et adopt\u00e9 plusieurs dossiers inscrits \u00e0 son ordre du jour et pris d&rsquo;importantes d\u00e9cisions pour la bonne marche de la Nation, conform\u00e9ment aux orientations de la R\u00e9volution progressiste populaire.\" \/>\n<meta property=\"og:url\" content=\"https:\/\/www.latribunedufaso.net\/?p=25214\" \/>\n<meta property=\"og:site_name\" content=\"La Tribune du Faso\" \/>\n<meta property=\"article:publisher\" content=\"https:\/\/www.facebook.com\/LatribuneduFaso\/\" \/>\n<meta property=\"article:published_time\" content=\"2025-11-27T17:18:50+00:00\" \/>\n<meta property=\"article:modified_time\" content=\"2025-12-17T20:29:08+00:00\" \/>\n<meta property=\"og:image\" content=\"https:\/\/www.latribunedufaso.net\/wp-content\/uploads\/2025\/11\/IMG-20251127-WA0064.jpg\" \/>\n\t<meta property=\"og:image:width\" content=\"1280\" \/>\n\t<meta property=\"og:image:height\" content=\"808\" \/>\n\t<meta property=\"og:image:type\" content=\"image\/jpeg\" \/>\n<meta name=\"author\" content=\"Issouf Tapsoba\" \/>\n<meta name=\"twitter:label1\" content=\"\u00c9crit par\" \/>\n\t<meta name=\"twitter:data1\" content=\"Issouf Tapsoba\" \/>\n\t<meta name=\"twitter:label2\" content=\"Dur\u00e9e de lecture estim\u00e9e\" \/>\n\t<meta name=\"twitter:data2\" content=\"3 minutes\" \/>\n<script type=\"application\/ld+json\" class=\"yoast-schema-graph\">{\"@context\":\"https:\\\/\\\/schema.org\",\"@graph\":[{\"@type\":\"Article\",\"@id\":\"https:\\\/\\\/www.latribunedufaso.net\\\/?p=25214#article\",\"isPartOf\":{\"@id\":\"https:\\\/\\\/www.latribunedufaso.net\\\/?p=25214\"},\"author\":{\"name\":\"Issouf Tapsoba\",\"@id\":\"https:\\\/\\\/www.latribunedufaso.net\\\/#\\\/schema\\\/person\\\/e54e64c5778a7e72cf80a318b7a622b0\"},\"headline\":\"Conseil des ministres du 27 novembre 2025 : Un projet de loi portant Code du travail au Burkina Faso adopt\u00e9\",\"datePublished\":\"2025-11-27T17:18:50+00:00\",\"dateModified\":\"2025-12-17T20:29:08+00:00\",\"mainEntityOfPage\":{\"@id\":\"https:\\\/\\\/www.latribunedufaso.net\\\/?p=25214\"},\"wordCount\":465,\"commentCount\":0,\"publisher\":{\"@id\":\"https:\\\/\\\/www.latribunedufaso.net\\\/#organization\"},\"image\":{\"@id\":\"https:\\\/\\\/www.latribunedufaso.net\\\/?p=25214#primaryimage\"},\"thumbnailUrl\":\"https:\\\/\\\/www.latribunedufaso.net\\\/wp-content\\\/uploads\\\/2025\\\/11\\\/IMG-20251127-WA0064.jpg\",\"keywords\":[\"Code du travail Burkina\",\"conseil des ministres\",\"latribunedufaso.net\"],\"articleSection\":[\"A la une\",\"Actualit\u00e9\",\"Conseil des ministres\",\"Soci\u00e9t\u00e9\"],\"inLanguage\":\"fr-FR\",\"potentialAction\":[{\"@type\":\"CommentAction\",\"name\":\"Comment\",\"target\":[\"https:\\\/\\\/www.latribunedufaso.net\\\/?p=25214#respond\"]}]},{\"@type\":\"WebPage\",\"@id\":\"https:\\\/\\\/www.latribunedufaso.net\\\/?p=25214\",\"url\":\"https:\\\/\\\/www.latribunedufaso.net\\\/?p=25214\",\"name\":\"Conseil des ministres du 27 novembre 2025 : Un projet de loi portant Code du travail au Burkina Faso adopt\u00e9 - La Tribune du Faso\",\"isPartOf\":{\"@id\":\"https:\\\/\\\/www.latribunedufaso.net\\\/#website\"},\"primaryImageOfPage\":{\"@id\":\"https:\\\/\\\/www.latribunedufaso.net\\\/?p=25214#primaryimage\"},\"image\":{\"@id\":\"https:\\\/\\\/www.latribunedufaso.net\\\/?p=25214#primaryimage\"},\"thumbnailUrl\":\"https:\\\/\\\/www.latribunedufaso.net\\\/wp-content\\\/uploads\\\/2025\\\/11\\\/IMG-20251127-WA0064.jpg\",\"datePublished\":\"2025-11-27T17:18:50+00:00\",\"dateModified\":\"2025-12-17T20:29:08+00:00\",\"breadcrumb\":{\"@id\":\"https:\\\/\\\/www.latribunedufaso.net\\\/?p=25214#breadcrumb\"},\"inLanguage\":\"fr-FR\",\"potentialAction\":[{\"@type\":\"ReadAction\",\"target\":[\"https:\\\/\\\/www.latribunedufaso.net\\\/?p=25214\"]}]},{\"@type\":\"ImageObject\",\"inLanguage\":\"fr-FR\",\"@id\":\"https:\\\/\\\/www.latribunedufaso.net\\\/?p=25214#primaryimage\",\"url\":\"https:\\\/\\\/www.latribunedufaso.net\\\/wp-content\\\/uploads\\\/2025\\\/11\\\/IMG-20251127-WA0064.jpg\",\"contentUrl\":\"https:\\\/\\\/www.latribunedufaso.net\\\/wp-content\\\/uploads\\\/2025\\\/11\\\/IMG-20251127-WA0064.jpg\",\"width\":1280,\"height\":808,\"caption\":\"Conseil des ministres du 27 novembre 2025\"},{\"@type\":\"BreadcrumbList\",\"@id\":\"https:\\\/\\\/www.latribunedufaso.net\\\/?p=25214#breadcrumb\",\"itemListElement\":[{\"@type\":\"ListItem\",\"position\":1,\"name\":\"Accueil\",\"item\":\"https:\\\/\\\/www.latribunedufaso.net\\\/\"},{\"@type\":\"ListItem\",\"position\":2,\"name\":\"Conseil des ministres du 27 novembre 2025 : Un projet de loi portant Code du travail au Burkina Faso adopt\u00e9\"}]},{\"@type\":\"WebSite\",\"@id\":\"https:\\\/\\\/www.latribunedufaso.net\\\/#website\",\"url\":\"https:\\\/\\\/www.latribunedufaso.net\\\/\",\"name\":\"La Tribune du Faso\",\"description\":\"L&#039;information du monde rural en un clic\",\"publisher\":{\"@id\":\"https:\\\/\\\/www.latribunedufaso.net\\\/#organization\"},\"potentialAction\":[{\"@type\":\"SearchAction\",\"target\":{\"@type\":\"EntryPoint\",\"urlTemplate\":\"https:\\\/\\\/www.latribunedufaso.net\\\/?s={search_term_string}\"},\"query-input\":{\"@type\":\"PropertyValueSpecification\",\"valueRequired\":true,\"valueName\":\"search_term_string\"}}],\"inLanguage\":\"fr-FR\"},{\"@type\":\"Organization\",\"@id\":\"https:\\\/\\\/www.latribunedufaso.net\\\/#organization\",\"name\":\"La Tribune du Faso\",\"url\":\"https:\\\/\\\/www.latribunedufaso.net\\\/\",\"logo\":{\"@type\":\"ImageObject\",\"inLanguage\":\"fr-FR\",\"@id\":\"https:\\\/\\\/www.latribunedufaso.net\\\/#\\\/schema\\\/logo\\\/image\\\/\",\"url\":\"https:\\\/\\\/www.latribunedufaso.net\\\/wp-content\\\/uploads\\\/2020\\\/08\\\/Logo-Tribune-du-Faso-final-scaled.jpg\",\"contentUrl\":\"https:\\\/\\\/www.latribunedufaso.net\\\/wp-content\\\/uploads\\\/2020\\\/08\\\/Logo-Tribune-du-Faso-final-scaled.jpg\",\"width\":2560,\"height\":1856,\"caption\":\"La Tribune du Faso\"},\"image\":{\"@id\":\"https:\\\/\\\/www.latribunedufaso.net\\\/#\\\/schema\\\/logo\\\/image\\\/\"},\"sameAs\":[\"https:\\\/\\\/www.facebook.com\\\/LatribuneduFaso\\\/\"]},{\"@type\":\"Person\",\"@id\":\"https:\\\/\\\/www.latribunedufaso.net\\\/#\\\/schema\\\/person\\\/e54e64c5778a7e72cf80a318b7a622b0\",\"name\":\"Issouf Tapsoba\",\"image\":{\"@type\":\"ImageObject\",\"inLanguage\":\"fr-FR\",\"@id\":\"https:\\\/\\\/secure.gravatar.com\\\/avatar\\\/5e6c05150ce3230247d167f5b94d678eb05936197436d69b7921e3a95c9107ac?s=96&d=mm&r=g\",\"url\":\"https:\\\/\\\/secure.gravatar.com\\\/avatar\\\/5e6c05150ce3230247d167f5b94d678eb05936197436d69b7921e3a95c9107ac?s=96&d=mm&r=g\",\"contentUrl\":\"https:\\\/\\\/secure.gravatar.com\\\/avatar\\\/5e6c05150ce3230247d167f5b94d678eb05936197436d69b7921e3a95c9107ac?s=96&d=mm&r=g\",\"caption\":\"Issouf Tapsoba\"},\"url\":\"https:\\\/\\\/www.latribunedufaso.net\\\/?author=5\"}]}<\/script>\n<!-- \/ Yoast SEO plugin. -->","yoast_head_json":{"title":"Conseil des ministres du 27 novembre 2025 : Un projet de loi portant Code du travail au Burkina Faso adopt\u00e9 - La Tribune du Faso","robots":{"index":"index","follow":"follow","max-snippet":"max-snippet:-1","max-image-preview":"max-image-preview:large","max-video-preview":"max-video-preview:-1"},"canonical":"https:\/\/www.latribunedufaso.net\/?p=25214","og_locale":"fr_FR","og_type":"article","og_title":"Conseil des ministres du 27 novembre 2025 : Un projet de loi portant Code du travail au Burkina Faso adopt\u00e9 - La Tribune du Faso","og_description":"Le Conseil des Ministres s&rsquo;est tenu, ce jeudi 27 novembre 2025, sous la pr\u00e9sidence du Chef de l\u2019\u00c9tat, Son Excellence le Capitaine Ibrahim TRAOR\u00c9. Selon le Ministre Porte-parole du Gouvernement, M. Pingdwend\u00e9 Gilbert OU\u00c9DRAOGO, le Conseil a examin\u00e9 et adopt\u00e9 plusieurs dossiers inscrits \u00e0 son ordre du jour et pris d&rsquo;importantes d\u00e9cisions pour la bonne marche de la Nation, conform\u00e9ment aux orientations de la R\u00e9volution progressiste populaire.","og_url":"https:\/\/www.latribunedufaso.net\/?p=25214","og_site_name":"La Tribune du Faso","article_publisher":"https:\/\/www.facebook.com\/LatribuneduFaso\/","article_published_time":"2025-11-27T17:18:50+00:00","article_modified_time":"2025-12-17T20:29:08+00:00","og_image":[{"width":1280,"height":808,"url":"https:\/\/www.latribunedufaso.net\/wp-content\/uploads\/2025\/11\/IMG-20251127-WA0064.jpg","type":"image\/jpeg"}],"author":"Issouf Tapsoba","twitter_misc":{"\u00c9crit par":"Issouf Tapsoba","Dur\u00e9e de lecture estim\u00e9e":"3 minutes"},"schema":{"@context":"https:\/\/schema.org","@graph":[{"@type":"Article","@id":"https:\/\/www.latribunedufaso.net\/?p=25214#article","isPartOf":{"@id":"https:\/\/www.latribunedufaso.net\/?p=25214"},"author":{"name":"Issouf Tapsoba","@id":"https:\/\/www.latribunedufaso.net\/#\/schema\/person\/e54e64c5778a7e72cf80a318b7a622b0"},"headline":"Conseil des ministres du 27 novembre 2025 : Un projet de loi portant Code du travail au Burkina Faso adopt\u00e9","datePublished":"2025-11-27T17:18:50+00:00","dateModified":"2025-12-17T20:29:08+00:00","mainEntityOfPage":{"@id":"https:\/\/www.latribunedufaso.net\/?p=25214"},"wordCount":465,"commentCount":0,"publisher":{"@id":"https:\/\/www.latribunedufaso.net\/#organization"},"image":{"@id":"https:\/\/www.latribunedufaso.net\/?p=25214#primaryimage"},"thumbnailUrl":"https:\/\/www.latribunedufaso.net\/wp-content\/uploads\/2025\/11\/IMG-20251127-WA0064.jpg","keywords":["Code du travail Burkina","conseil des ministres","latribunedufaso.net"],"articleSection":["A la une","Actualit\u00e9","Conseil des ministres","Soci\u00e9t\u00e9"],"inLanguage":"fr-FR","potentialAction":[{"@type":"CommentAction","name":"Comment","target":["https:\/\/www.latribunedufaso.net\/?p=25214#respond"]}]},{"@type":"WebPage","@id":"https:\/\/www.latribunedufaso.net\/?p=25214","url":"https:\/\/www.latribunedufaso.net\/?p=25214","name":"Conseil des ministres du 27 novembre 2025 : Un projet de loi portant Code du travail au Burkina Faso adopt\u00e9 - La Tribune du Faso","isPartOf":{"@id":"https:\/\/www.latribunedufaso.net\/#website"},"primaryImageOfPage":{"@id":"https:\/\/www.latribunedufaso.net\/?p=25214#primaryimage"},"image":{"@id":"https:\/\/www.latribunedufaso.net\/?p=25214#primaryimage"},"thumbnailUrl":"https:\/\/www.latribunedufaso.net\/wp-content\/uploads\/2025\/11\/IMG-20251127-WA0064.jpg","datePublished":"2025-11-27T17:18:50+00:00","dateModified":"2025-12-17T20:29:08+00:00","breadcrumb":{"@id":"https:\/\/www.latribunedufaso.net\/?p=25214#breadcrumb"},"inLanguage":"fr-FR","potentialAction":[{"@type":"ReadAction","target":["https:\/\/www.latribunedufaso.net\/?p=25214"]}]},{"@type":"ImageObject","inLanguage":"fr-FR","@id":"https:\/\/www.latribunedufaso.net\/?p=25214#primaryimage","url":"https:\/\/www.latribunedufaso.net\/wp-content\/uploads\/2025\/11\/IMG-20251127-WA0064.jpg","contentUrl":"https:\/\/www.latribunedufaso.net\/wp-content\/uploads\/2025\/11\/IMG-20251127-WA0064.jpg","width":1280,"height":808,"caption":"Conseil des ministres du 27 novembre 2025"},{"@type":"BreadcrumbList","@id":"https:\/\/www.latribunedufaso.net\/?p=25214#breadcrumb","itemListElement":[{"@type":"ListItem","position":1,"name":"Accueil","item":"https:\/\/www.latribunedufaso.net\/"},{"@type":"ListItem","position":2,"name":"Conseil des ministres du 27 novembre 2025 : Un projet de loi portant Code du travail au Burkina Faso adopt\u00e9"}]},{"@type":"WebSite","@id":"https:\/\/www.latribunedufaso.net\/#website","url":"https:\/\/www.latribunedufaso.net\/","name":"La Tribune du Faso","description":"L&#039;information du monde rural en un clic","publisher":{"@id":"https:\/\/www.latribunedufaso.net\/#organization"},"potentialAction":[{"@type":"SearchAction","target":{"@type":"EntryPoint","urlTemplate":"https:\/\/www.latribunedufaso.net\/?s={search_term_string}"},"query-input":{"@type":"PropertyValueSpecification","valueRequired":true,"valueName":"search_term_string"}}],"inLanguage":"fr-FR"},{"@type":"Organization","@id":"https:\/\/www.latribunedufaso.net\/#organization","name":"La Tribune du Faso","url":"https:\/\/www.latribunedufaso.net\/","logo":{"@type":"ImageObject","inLanguage":"fr-FR","@id":"https:\/\/www.latribunedufaso.net\/#\/schema\/logo\/image\/","url":"https:\/\/www.latribunedufaso.net\/wp-content\/uploads\/2020\/08\/Logo-Tribune-du-Faso-final-scaled.jpg","contentUrl":"https:\/\/www.latribunedufaso.net\/wp-content\/uploads\/2020\/08\/Logo-Tribune-du-Faso-final-scaled.jpg","width":2560,"height":1856,"caption":"La Tribune du Faso"},"image":{"@id":"https:\/\/www.latribunedufaso.net\/#\/schema\/logo\/image\/"},"sameAs":["https:\/\/www.facebook.com\/LatribuneduFaso\/"]},{"@type":"Person","@id":"https:\/\/www.latribunedufaso.net\/#\/schema\/person\/e54e64c5778a7e72cf80a318b7a622b0","name":"Issouf Tapsoba","image":{"@type":"ImageObject","inLanguage":"fr-FR","@id":"https:\/\/secure.gravatar.com\/avatar\/5e6c05150ce3230247d167f5b94d678eb05936197436d69b7921e3a95c9107ac?s=96&d=mm&r=g","url":"https:\/\/secure.gravatar.com\/avatar\/5e6c05150ce3230247d167f5b94d678eb05936197436d69b7921e3a95c9107ac?s=96&d=mm&r=g","contentUrl":"https:\/\/secure.gravatar.com\/avatar\/5e6c05150ce3230247d167f5b94d678eb05936197436d69b7921e3a95c9107ac?s=96&d=mm&r=g","caption":"Issouf Tapsoba"},"url":"https:\/\/www.latribunedufaso.net\/?author=5"}]}},"_links":{"self":[{"href":"https:\/\/www.latribunedufaso.net\/index.php?rest_route=\/wp\/v2\/posts\/25214","targetHints":{"allow":["GET"]}}],"collection":[{"href":"https:\/\/www.latribunedufaso.net\/index.php?rest_route=\/wp\/v2\/posts"}],"about":[{"href":"https:\/\/www.latribunedufaso.net\/index.php?rest_route=\/wp\/v2\/types\/post"}],"author":[{"embeddable":true,"href":"https:\/\/www.latribunedufaso.net\/index.php?rest_route=\/wp\/v2\/users\/5"}],"replies":[{"embeddable":true,"href":"https:\/\/www.latribunedufaso.net\/index.php?rest_route=%2Fwp%2Fv2%2Fcomments&post=25214"}],"version-history":[{"count":3,"href":"https:\/\/www.latribunedufaso.net\/index.php?rest_route=\/wp\/v2\/posts\/25214\/revisions"}],"predecessor-version":[{"id":25896,"href":"https:\/\/www.latribunedufaso.net\/index.php?rest_route=\/wp\/v2\/posts\/25214\/revisions\/25896"}],"wp:featuredmedia":[{"embeddable":true,"href":"https:\/\/www.latribunedufaso.net\/index.php?rest_route=\/wp\/v2\/media\/25216"}],"wp:attachment":[{"href":"https:\/\/www.latribunedufaso.net\/index.php?rest_route=%2Fwp%2Fv2%2Fmedia&parent=25214"}],"wp:term":[{"taxonomy":"category","embeddable":true,"href":"https:\/\/www.latribunedufaso.net\/index.php?rest_route=%2Fwp%2Fv2%2Fcategories&post=25214"},{"taxonomy":"post_tag","embeddable":true,"href":"https:\/\/www.latribunedufaso.net\/index.php?rest_route=%2Fwp%2Fv2%2Ftags&post=25214"}],"curies":[{"name":"wp","href":"https:\/\/api.w.org\/{rel}","templated":true}]}}