{"id":25119,"date":"2025-11-25T10:34:27","date_gmt":"2025-11-25T10:34:27","guid":{"rendered":"https:\/\/www.latribunedufaso.net\/?p=25119"},"modified":"2025-11-25T10:36:16","modified_gmt":"2025-11-25T10:36:16","slug":"controle-de-gestion-le-rapport-2024-de-la-cour-des-comptes-remis-au-capitaine-ibrahim-traore","status":"publish","type":"post","link":"https:\/\/www.latribunedufaso.net\/?p=25119","title":{"rendered":"Contr\u00f4le de gestion :\u00a0Le Rapport 2024 de la Cour des comptes remis au Capitaine Ibrahim Traor\u00e9"},"content":{"rendered":"<p><strong>Le Pr\u00e9sident du Faso, Chef de l\u2019\u00c9tat, le Capitaine Ibrahim Traor\u00e9, a accord\u00e9 ce 24 novembre 2025 une audience \u00e0 une d\u00e9l\u00e9gation de la Cour des comptes. Conduite par le Premier pr\u00e9sident de l\u2019institution, Latin Poda, la d\u00e9l\u00e9gation a remis le Rapport public annuel 2024 de la Cour des comptes au Chef de l\u2019\u00c9tat.<\/strong><!--more--><\/p>\n<p>Le Rapport public annuel 2024 fait la synth\u00e8se des activit\u00e9s de la Cour des comptes r\u00e9alis\u00e9es durant l&rsquo;ann\u00e9e 2024. Au plan juridictionnel, le Rapport constate des fautes de gestion : <em><strong>\u00ab ce que nous appelons fautes de gestion ce sont toutes les irr\u00e9gularit\u00e9s qui sont commises dans la gestion des finances publiques \u00bb<\/strong><\/em>, indique M. Poda. Il souligne que le Rapport pr\u00e9sente des d\u00e9tails sur les structures, les types de fautes de gestion et la cat\u00e9gorie des agents pr\u00e9sum\u00e9s auteurs de ces fautes.<\/p>\n<figure id=\"attachment_25121\" aria-describedby=\"caption-attachment-25121\" style=\"width: 2560px\" class=\"wp-caption aligncenter\"><a href=\"https:\/\/www.latribunedufaso.net\/wp-content\/uploads\/2025\/11\/IMG-20251125-WA0023-scaled.jpg\"><img loading=\"lazy\" decoding=\"async\" class=\"size-full wp-image-25121\" src=\"https:\/\/www.latribunedufaso.net\/wp-content\/uploads\/2025\/11\/IMG-20251125-WA0023-scaled.jpg\" alt=\"Remise du rapport 2024 de la Cour des Comptes au Pr\u00e9sident du Faso, 24 novembre 2025\" width=\"2560\" height=\"1689\" srcset=\"https:\/\/www.latribunedufaso.net\/wp-content\/uploads\/2025\/11\/IMG-20251125-WA0023-scaled.jpg 2560w, https:\/\/www.latribunedufaso.net\/wp-content\/uploads\/2025\/11\/IMG-20251125-WA0023-300x198.jpg 300w, https:\/\/www.latribunedufaso.net\/wp-content\/uploads\/2025\/11\/IMG-20251125-WA0023-1024x676.jpg 1024w, https:\/\/www.latribunedufaso.net\/wp-content\/uploads\/2025\/11\/IMG-20251125-WA0023-768x507.jpg 768w, https:\/\/www.latribunedufaso.net\/wp-content\/uploads\/2025\/11\/IMG-20251125-WA0023-1536x1014.jpg 1536w, https:\/\/www.latribunedufaso.net\/wp-content\/uploads\/2025\/11\/IMG-20251125-WA0023-2048x1351.jpg 2048w, https:\/\/www.latribunedufaso.net\/wp-content\/uploads\/2025\/11\/IMG-20251125-WA0023-120x80.jpg 120w\" sizes=\"auto, (max-width: 2560px) 100vw, 2560px\" \/><\/a><figcaption id=\"caption-attachment-25121\" class=\"wp-caption-text\">Selon le Premier pr\u00e9sident de la Cour des Comptes, l\u2019institution a constat\u00e9 plusieurs irr\u00e9gularit\u00e9s dans la gestion des finances publiques au cours de la p\u00e9riode indiqu\u00e9e &#8211; Ph. DR<\/figcaption><\/figure>\n<p>Du point de vue des attributions non juridictionnelles, <em><strong>\u00ab nous avons fait le tour des op\u00e9rations de l&rsquo;\u00c9tat, des collectivit\u00e9s territoriales et des soci\u00e9t\u00e9s d&rsquo;\u00c9tat et des organismes de s\u00e9curit\u00e9 sociale \u00bb<\/strong><\/em>, explique le Premier pr\u00e9sident de la Cour des comptes.<\/p>\n<blockquote>\n<p>Lire aussi &gt;&gt; <a href=\"https:\/\/www.latribunedufaso.net\/?p=18947\">Rapport 2023 de la Cour des comptes : Des irr\u00e9gularit\u00e9s constat\u00e9es dans la gestion des ressources publiques<\/a><\/p>\n<\/blockquote>\n<p>Selon Latin Poda, le Pr\u00e9sident du Faso a f\u00e9licit\u00e9 la Cour des comptes pour le travail accompli, et l\u2019a invit\u00e9e \u00e0 un suivi rigoureux de la mise en \u0153uvre des recommandations.<\/p>\n<p><strong>Latribunedufaso.net<\/strong><\/p>\n<p><strong>Source : Direction de la communication de la Pr\u00e9sidence du Faso<\/strong><\/p>\n","protected":false},"excerpt":{"rendered":"<p>Le Pr\u00e9sident du Faso, Chef de l\u2019\u00c9tat, le Capitaine Ibrahim Traor\u00e9, a accord\u00e9 ce 24 novembre 2025 une audience \u00e0 une d\u00e9l\u00e9gation de la Cour des comptes. Conduite par le Premier pr\u00e9sident de l\u2019institution, Latin Poda, la d\u00e9l\u00e9gation a remis le Rapport public annuel 2024 de la Cour des comptes au Chef de l\u2019\u00c9tat.<\/p>\n","protected":false},"author":5,"featured_media":25122,"comment_status":"open","ping_status":"open","sticky":false,"template":"","format":"standard","meta":{"footnotes":""},"categories":[13,1,8],"tags":[1804,39,1805],"class_list":["post-25119","post","type-post","status-publish","format-standard","has-post-thumbnail","hentry","category-une","category-actu","category-societe","tag-controle-de-gestion","tag-latribunedufaso-net","tag-rapport-2024-cour-des-comptes"],"yoast_head":"<!-- This site is optimized with the Yoast SEO plugin v27.4 - https:\/\/yoast.com\/product\/yoast-seo-wordpress\/ -->\n<title>Contr\u00f4le de gestion :\u00a0Le Rapport 2024 de la Cour des comptes remis au Capitaine Ibrahim Traor\u00e9 - La Tribune du Faso<\/title>\n<meta name=\"robots\" content=\"index, follow, max-snippet:-1, max-image-preview:large, max-video-preview:-1\" \/>\n<link rel=\"canonical\" href=\"https:\/\/www.latribunedufaso.net\/?p=25119\" \/>\n<meta property=\"og:locale\" content=\"fr_FR\" \/>\n<meta property=\"og:type\" content=\"article\" \/>\n<meta property=\"og:title\" content=\"Contr\u00f4le de gestion :\u00a0Le Rapport 2024 de la Cour des comptes remis au Capitaine Ibrahim Traor\u00e9 - La Tribune du Faso\" \/>\n<meta property=\"og:description\" content=\"Le Pr\u00e9sident du Faso, Chef de l\u2019\u00c9tat, le Capitaine Ibrahim Traor\u00e9, a accord\u00e9 ce 24 novembre 2025 une audience \u00e0 une d\u00e9l\u00e9gation de la Cour des comptes. Conduite par le Premier pr\u00e9sident de l\u2019institution, Latin Poda, la d\u00e9l\u00e9gation a remis le Rapport public annuel 2024 de la Cour des comptes au Chef de l\u2019\u00c9tat.\" \/>\n<meta property=\"og:url\" content=\"https:\/\/www.latribunedufaso.net\/?p=25119\" \/>\n<meta property=\"og:site_name\" content=\"La Tribune du Faso\" \/>\n<meta property=\"article:publisher\" content=\"https:\/\/www.facebook.com\/LatribuneduFaso\/\" \/>\n<meta property=\"article:published_time\" content=\"2025-11-25T10:34:27+00:00\" \/>\n<meta property=\"article:modified_time\" content=\"2025-11-25T10:36:16+00:00\" \/>\n<meta property=\"og:image\" content=\"https:\/\/www.latribunedufaso.net\/wp-content\/uploads\/2025\/11\/IMG-20251125-WA0020-scaled.jpg\" \/>\n\t<meta property=\"og:image:width\" content=\"2560\" \/>\n\t<meta property=\"og:image:height\" content=\"1787\" \/>\n\t<meta property=\"og:image:type\" content=\"image\/jpeg\" \/>\n<meta name=\"author\" content=\"Issouf Tapsoba\" \/>\n<meta name=\"twitter:label1\" content=\"\u00c9crit par\" \/>\n\t<meta name=\"twitter:data1\" content=\"Issouf Tapsoba\" \/>\n\t<meta name=\"twitter:label2\" content=\"Dur\u00e9e de lecture estim\u00e9e\" \/>\n\t<meta name=\"twitter:data2\" content=\"2 minutes\" \/>\n<script type=\"application\/ld+json\" class=\"yoast-schema-graph\">{\"@context\":\"https:\\\/\\\/schema.org\",\"@graph\":[{\"@type\":\"Article\",\"@id\":\"https:\\\/\\\/www.latribunedufaso.net\\\/?p=25119#article\",\"isPartOf\":{\"@id\":\"https:\\\/\\\/www.latribunedufaso.net\\\/?p=25119\"},\"author\":{\"name\":\"Issouf Tapsoba\",\"@id\":\"https:\\\/\\\/www.latribunedufaso.net\\\/#\\\/schema\\\/person\\\/e54e64c5778a7e72cf80a318b7a622b0\"},\"headline\":\"Contr\u00f4le de gestion :\u00a0Le Rapport 2024 de la Cour des comptes remis au Capitaine Ibrahim Traor\u00e9\",\"datePublished\":\"2025-11-25T10:34:27+00:00\",\"dateModified\":\"2025-11-25T10:36:16+00:00\",\"mainEntityOfPage\":{\"@id\":\"https:\\\/\\\/www.latribunedufaso.net\\\/?p=25119\"},\"wordCount\":324,\"commentCount\":0,\"publisher\":{\"@id\":\"https:\\\/\\\/www.latribunedufaso.net\\\/#organization\"},\"image\":{\"@id\":\"https:\\\/\\\/www.latribunedufaso.net\\\/?p=25119#primaryimage\"},\"thumbnailUrl\":\"https:\\\/\\\/www.latribunedufaso.net\\\/wp-content\\\/uploads\\\/2025\\\/11\\\/IMG-20251125-WA0020-scaled.jpg\",\"keywords\":[\"Contr\u00f4le de gestion\",\"latribunedufaso.net\",\"Rapport 2024 Cour des Comptes\"],\"articleSection\":[\"A la une\",\"Actualit\u00e9\",\"Soci\u00e9t\u00e9\"],\"inLanguage\":\"fr-FR\",\"potentialAction\":[{\"@type\":\"CommentAction\",\"name\":\"Comment\",\"target\":[\"https:\\\/\\\/www.latribunedufaso.net\\\/?p=25119#respond\"]}]},{\"@type\":\"WebPage\",\"@id\":\"https:\\\/\\\/www.latribunedufaso.net\\\/?p=25119\",\"url\":\"https:\\\/\\\/www.latribunedufaso.net\\\/?p=25119\",\"name\":\"Contr\u00f4le de gestion :\u00a0Le Rapport 2024 de la Cour des comptes remis au Capitaine Ibrahim Traor\u00e9 - La Tribune du Faso\",\"isPartOf\":{\"@id\":\"https:\\\/\\\/www.latribunedufaso.net\\\/#website\"},\"primaryImageOfPage\":{\"@id\":\"https:\\\/\\\/www.latribunedufaso.net\\\/?p=25119#primaryimage\"},\"image\":{\"@id\":\"https:\\\/\\\/www.latribunedufaso.net\\\/?p=25119#primaryimage\"},\"thumbnailUrl\":\"https:\\\/\\\/www.latribunedufaso.net\\\/wp-content\\\/uploads\\\/2025\\\/11\\\/IMG-20251125-WA0020-scaled.jpg\",\"datePublished\":\"2025-11-25T10:34:27+00:00\",\"dateModified\":\"2025-11-25T10:36:16+00:00\",\"breadcrumb\":{\"@id\":\"https:\\\/\\\/www.latribunedufaso.net\\\/?p=25119#breadcrumb\"},\"inLanguage\":\"fr-FR\",\"potentialAction\":[{\"@type\":\"ReadAction\",\"target\":[\"https:\\\/\\\/www.latribunedufaso.net\\\/?p=25119\"]}]},{\"@type\":\"ImageObject\",\"inLanguage\":\"fr-FR\",\"@id\":\"https:\\\/\\\/www.latribunedufaso.net\\\/?p=25119#primaryimage\",\"url\":\"https:\\\/\\\/www.latribunedufaso.net\\\/wp-content\\\/uploads\\\/2025\\\/11\\\/IMG-20251125-WA0020-scaled.jpg\",\"contentUrl\":\"https:\\\/\\\/www.latribunedufaso.net\\\/wp-content\\\/uploads\\\/2025\\\/11\\\/IMG-20251125-WA0020-scaled.jpg\",\"width\":2560,\"height\":1787,\"caption\":\"Remise du rapport 2024 de la Cour des Comptes au Pr\u00e9sident du Faso, 24 novembre 2025\"},{\"@type\":\"BreadcrumbList\",\"@id\":\"https:\\\/\\\/www.latribunedufaso.net\\\/?p=25119#breadcrumb\",\"itemListElement\":[{\"@type\":\"ListItem\",\"position\":1,\"name\":\"Accueil\",\"item\":\"https:\\\/\\\/www.latribunedufaso.net\\\/\"},{\"@type\":\"ListItem\",\"position\":2,\"name\":\"Contr\u00f4le de gestion :\u00a0Le Rapport 2024 de la Cour des comptes remis au Capitaine Ibrahim Traor\u00e9\"}]},{\"@type\":\"WebSite\",\"@id\":\"https:\\\/\\\/www.latribunedufaso.net\\\/#website\",\"url\":\"https:\\\/\\\/www.latribunedufaso.net\\\/\",\"name\":\"La Tribune du Faso\",\"description\":\"L&#039;information du monde rural en un clic\",\"publisher\":{\"@id\":\"https:\\\/\\\/www.latribunedufaso.net\\\/#organization\"},\"potentialAction\":[{\"@type\":\"SearchAction\",\"target\":{\"@type\":\"EntryPoint\",\"urlTemplate\":\"https:\\\/\\\/www.latribunedufaso.net\\\/?s={search_term_string}\"},\"query-input\":{\"@type\":\"PropertyValueSpecification\",\"valueRequired\":true,\"valueName\":\"search_term_string\"}}],\"inLanguage\":\"fr-FR\"},{\"@type\":\"Organization\",\"@id\":\"https:\\\/\\\/www.latribunedufaso.net\\\/#organization\",\"name\":\"La Tribune du Faso\",\"url\":\"https:\\\/\\\/www.latribunedufaso.net\\\/\",\"logo\":{\"@type\":\"ImageObject\",\"inLanguage\":\"fr-FR\",\"@id\":\"https:\\\/\\\/www.latribunedufaso.net\\\/#\\\/schema\\\/logo\\\/image\\\/\",\"url\":\"https:\\\/\\\/www.latribunedufaso.net\\\/wp-content\\\/uploads\\\/2020\\\/08\\\/Logo-Tribune-du-Faso-final-scaled.jpg\",\"contentUrl\":\"https:\\\/\\\/www.latribunedufaso.net\\\/wp-content\\\/uploads\\\/2020\\\/08\\\/Logo-Tribune-du-Faso-final-scaled.jpg\",\"width\":2560,\"height\":1856,\"caption\":\"La Tribune du Faso\"},\"image\":{\"@id\":\"https:\\\/\\\/www.latribunedufaso.net\\\/#\\\/schema\\\/logo\\\/image\\\/\"},\"sameAs\":[\"https:\\\/\\\/www.facebook.com\\\/LatribuneduFaso\\\/\"]},{\"@type\":\"Person\",\"@id\":\"https:\\\/\\\/www.latribunedufaso.net\\\/#\\\/schema\\\/person\\\/e54e64c5778a7e72cf80a318b7a622b0\",\"name\":\"Issouf Tapsoba\",\"image\":{\"@type\":\"ImageObject\",\"inLanguage\":\"fr-FR\",\"@id\":\"https:\\\/\\\/secure.gravatar.com\\\/avatar\\\/5e6c05150ce3230247d167f5b94d678eb05936197436d69b7921e3a95c9107ac?s=96&d=mm&r=g\",\"url\":\"https:\\\/\\\/secure.gravatar.com\\\/avatar\\\/5e6c05150ce3230247d167f5b94d678eb05936197436d69b7921e3a95c9107ac?s=96&d=mm&r=g\",\"contentUrl\":\"https:\\\/\\\/secure.gravatar.com\\\/avatar\\\/5e6c05150ce3230247d167f5b94d678eb05936197436d69b7921e3a95c9107ac?s=96&d=mm&r=g\",\"caption\":\"Issouf Tapsoba\"},\"url\":\"https:\\\/\\\/www.latribunedufaso.net\\\/?author=5\"}]}<\/script>\n<!-- \/ Yoast SEO plugin. -->","yoast_head_json":{"title":"Contr\u00f4le de gestion :\u00a0Le Rapport 2024 de la Cour des comptes remis au Capitaine Ibrahim Traor\u00e9 - La Tribune du Faso","robots":{"index":"index","follow":"follow","max-snippet":"max-snippet:-1","max-image-preview":"max-image-preview:large","max-video-preview":"max-video-preview:-1"},"canonical":"https:\/\/www.latribunedufaso.net\/?p=25119","og_locale":"fr_FR","og_type":"article","og_title":"Contr\u00f4le de gestion :\u00a0Le Rapport 2024 de la Cour des comptes remis au Capitaine Ibrahim Traor\u00e9 - La Tribune du Faso","og_description":"Le Pr\u00e9sident du Faso, Chef de l\u2019\u00c9tat, le Capitaine Ibrahim Traor\u00e9, a accord\u00e9 ce 24 novembre 2025 une audience \u00e0 une d\u00e9l\u00e9gation de la Cour des comptes. Conduite par le Premier pr\u00e9sident de l\u2019institution, Latin Poda, la d\u00e9l\u00e9gation a remis le Rapport public annuel 2024 de la Cour des comptes au Chef de l\u2019\u00c9tat.","og_url":"https:\/\/www.latribunedufaso.net\/?p=25119","og_site_name":"La Tribune du Faso","article_publisher":"https:\/\/www.facebook.com\/LatribuneduFaso\/","article_published_time":"2025-11-25T10:34:27+00:00","article_modified_time":"2025-11-25T10:36:16+00:00","og_image":[{"width":2560,"height":1787,"url":"https:\/\/www.latribunedufaso.net\/wp-content\/uploads\/2025\/11\/IMG-20251125-WA0020-scaled.jpg","type":"image\/jpeg"}],"author":"Issouf Tapsoba","twitter_misc":{"\u00c9crit par":"Issouf Tapsoba","Dur\u00e9e de lecture estim\u00e9e":"2 minutes"},"schema":{"@context":"https:\/\/schema.org","@graph":[{"@type":"Article","@id":"https:\/\/www.latribunedufaso.net\/?p=25119#article","isPartOf":{"@id":"https:\/\/www.latribunedufaso.net\/?p=25119"},"author":{"name":"Issouf Tapsoba","@id":"https:\/\/www.latribunedufaso.net\/#\/schema\/person\/e54e64c5778a7e72cf80a318b7a622b0"},"headline":"Contr\u00f4le de gestion :\u00a0Le Rapport 2024 de la Cour des comptes remis au Capitaine Ibrahim Traor\u00e9","datePublished":"2025-11-25T10:34:27+00:00","dateModified":"2025-11-25T10:36:16+00:00","mainEntityOfPage":{"@id":"https:\/\/www.latribunedufaso.net\/?p=25119"},"wordCount":324,"commentCount":0,"publisher":{"@id":"https:\/\/www.latribunedufaso.net\/#organization"},"image":{"@id":"https:\/\/www.latribunedufaso.net\/?p=25119#primaryimage"},"thumbnailUrl":"https:\/\/www.latribunedufaso.net\/wp-content\/uploads\/2025\/11\/IMG-20251125-WA0020-scaled.jpg","keywords":["Contr\u00f4le de gestion","latribunedufaso.net","Rapport 2024 Cour des Comptes"],"articleSection":["A la une","Actualit\u00e9","Soci\u00e9t\u00e9"],"inLanguage":"fr-FR","potentialAction":[{"@type":"CommentAction","name":"Comment","target":["https:\/\/www.latribunedufaso.net\/?p=25119#respond"]}]},{"@type":"WebPage","@id":"https:\/\/www.latribunedufaso.net\/?p=25119","url":"https:\/\/www.latribunedufaso.net\/?p=25119","name":"Contr\u00f4le de gestion :\u00a0Le Rapport 2024 de la Cour des comptes remis au Capitaine Ibrahim Traor\u00e9 - La Tribune du Faso","isPartOf":{"@id":"https:\/\/www.latribunedufaso.net\/#website"},"primaryImageOfPage":{"@id":"https:\/\/www.latribunedufaso.net\/?p=25119#primaryimage"},"image":{"@id":"https:\/\/www.latribunedufaso.net\/?p=25119#primaryimage"},"thumbnailUrl":"https:\/\/www.latribunedufaso.net\/wp-content\/uploads\/2025\/11\/IMG-20251125-WA0020-scaled.jpg","datePublished":"2025-11-25T10:34:27+00:00","dateModified":"2025-11-25T10:36:16+00:00","breadcrumb":{"@id":"https:\/\/www.latribunedufaso.net\/?p=25119#breadcrumb"},"inLanguage":"fr-FR","potentialAction":[{"@type":"ReadAction","target":["https:\/\/www.latribunedufaso.net\/?p=25119"]}]},{"@type":"ImageObject","inLanguage":"fr-FR","@id":"https:\/\/www.latribunedufaso.net\/?p=25119#primaryimage","url":"https:\/\/www.latribunedufaso.net\/wp-content\/uploads\/2025\/11\/IMG-20251125-WA0020-scaled.jpg","contentUrl":"https:\/\/www.latribunedufaso.net\/wp-content\/uploads\/2025\/11\/IMG-20251125-WA0020-scaled.jpg","width":2560,"height":1787,"caption":"Remise du rapport 2024 de la Cour des Comptes au Pr\u00e9sident du Faso, 24 novembre 2025"},{"@type":"BreadcrumbList","@id":"https:\/\/www.latribunedufaso.net\/?p=25119#breadcrumb","itemListElement":[{"@type":"ListItem","position":1,"name":"Accueil","item":"https:\/\/www.latribunedufaso.net\/"},{"@type":"ListItem","position":2,"name":"Contr\u00f4le de gestion :\u00a0Le Rapport 2024 de la Cour des comptes remis au Capitaine Ibrahim Traor\u00e9"}]},{"@type":"WebSite","@id":"https:\/\/www.latribunedufaso.net\/#website","url":"https:\/\/www.latribunedufaso.net\/","name":"La Tribune du Faso","description":"L&#039;information du monde rural en un clic","publisher":{"@id":"https:\/\/www.latribunedufaso.net\/#organization"},"potentialAction":[{"@type":"SearchAction","target":{"@type":"EntryPoint","urlTemplate":"https:\/\/www.latribunedufaso.net\/?s={search_term_string}"},"query-input":{"@type":"PropertyValueSpecification","valueRequired":true,"valueName":"search_term_string"}}],"inLanguage":"fr-FR"},{"@type":"Organization","@id":"https:\/\/www.latribunedufaso.net\/#organization","name":"La Tribune du Faso","url":"https:\/\/www.latribunedufaso.net\/","logo":{"@type":"ImageObject","inLanguage":"fr-FR","@id":"https:\/\/www.latribunedufaso.net\/#\/schema\/logo\/image\/","url":"https:\/\/www.latribunedufaso.net\/wp-content\/uploads\/2020\/08\/Logo-Tribune-du-Faso-final-scaled.jpg","contentUrl":"https:\/\/www.latribunedufaso.net\/wp-content\/uploads\/2020\/08\/Logo-Tribune-du-Faso-final-scaled.jpg","width":2560,"height":1856,"caption":"La Tribune du Faso"},"image":{"@id":"https:\/\/www.latribunedufaso.net\/#\/schema\/logo\/image\/"},"sameAs":["https:\/\/www.facebook.com\/LatribuneduFaso\/"]},{"@type":"Person","@id":"https:\/\/www.latribunedufaso.net\/#\/schema\/person\/e54e64c5778a7e72cf80a318b7a622b0","name":"Issouf Tapsoba","image":{"@type":"ImageObject","inLanguage":"fr-FR","@id":"https:\/\/secure.gravatar.com\/avatar\/5e6c05150ce3230247d167f5b94d678eb05936197436d69b7921e3a95c9107ac?s=96&d=mm&r=g","url":"https:\/\/secure.gravatar.com\/avatar\/5e6c05150ce3230247d167f5b94d678eb05936197436d69b7921e3a95c9107ac?s=96&d=mm&r=g","contentUrl":"https:\/\/secure.gravatar.com\/avatar\/5e6c05150ce3230247d167f5b94d678eb05936197436d69b7921e3a95c9107ac?s=96&d=mm&r=g","caption":"Issouf Tapsoba"},"url":"https:\/\/www.latribunedufaso.net\/?author=5"}]}},"_links":{"self":[{"href":"https:\/\/www.latribunedufaso.net\/index.php?rest_route=\/wp\/v2\/posts\/25119","targetHints":{"allow":["GET"]}}],"collection":[{"href":"https:\/\/www.latribunedufaso.net\/index.php?rest_route=\/wp\/v2\/posts"}],"about":[{"href":"https:\/\/www.latribunedufaso.net\/index.php?rest_route=\/wp\/v2\/types\/post"}],"author":[{"embeddable":true,"href":"https:\/\/www.latribunedufaso.net\/index.php?rest_route=\/wp\/v2\/users\/5"}],"replies":[{"embeddable":true,"href":"https:\/\/www.latribunedufaso.net\/index.php?rest_route=%2Fwp%2Fv2%2Fcomments&post=25119"}],"version-history":[{"count":2,"href":"https:\/\/www.latribunedufaso.net\/index.php?rest_route=\/wp\/v2\/posts\/25119\/revisions"}],"predecessor-version":[{"id":25123,"href":"https:\/\/www.latribunedufaso.net\/index.php?rest_route=\/wp\/v2\/posts\/25119\/revisions\/25123"}],"wp:featuredmedia":[{"embeddable":true,"href":"https:\/\/www.latribunedufaso.net\/index.php?rest_route=\/wp\/v2\/media\/25122"}],"wp:attachment":[{"href":"https:\/\/www.latribunedufaso.net\/index.php?rest_route=%2Fwp%2Fv2%2Fmedia&parent=25119"}],"wp:term":[{"taxonomy":"category","embeddable":true,"href":"https:\/\/www.latribunedufaso.net\/index.php?rest_route=%2Fwp%2Fv2%2Fcategories&post=25119"},{"taxonomy":"post_tag","embeddable":true,"href":"https:\/\/www.latribunedufaso.net\/index.php?rest_route=%2Fwp%2Fv2%2Ftags&post=25119"}],"curies":[{"name":"wp","href":"https:\/\/api.w.org\/{rel}","templated":true}]}}