{"id":25108,"date":"2025-11-24T15:41:50","date_gmt":"2025-11-24T15:41:50","guid":{"rendered":"https:\/\/www.latribunedufaso.net\/?p=25108"},"modified":"2025-11-24T15:41:50","modified_gmt":"2025-11-24T15:41:50","slug":"ponctualite-au-travail-le-ministre-gilbert-ouedraogo-en-tournee-surprise-dans-les-services-de-son-departement","status":"publish","type":"post","link":"https:\/\/www.latribunedufaso.net\/?p=25108","title":{"rendered":"Ponctualit\u00e9 au travail : Le ministre Gilbert Ou\u00e9draogo en tourn\u00e9e surprise dans les services de son d\u00e9partement"},"content":{"rendered":"<p><strong>Dans le cadre de l&rsquo;application stricte de la note relative au respect des horaires et de la pr\u00e9sence effective au poste, le ministre de la Communication, de la Culture, des Arts et du Tourisme, Gilbert Ou\u00e9draogo, a effectu\u00e9 une visite inopin\u00e9e ce lundi 24 novembre 2025 au b\u00e2timent R+11, situ\u00e9 dans la zone ZACA \u00e0 Ouagadougou.<\/strong><!--more--><\/p>\n<p>L\u2019objectif de cette descente surprise est de constater par lui-m\u00eame l\u2019application des consignes relatives \u00e0 la ponctualit\u00e9 et \u00e0 la pr\u00e9sence des agents au poste.<\/p>\n<p>Accompagn\u00e9 d\u2019une d\u00e9l\u00e9gation, le ministre a visit\u00e9 plusieurs services relevant de son d\u00e9partement, notamment la Direction g\u00e9n\u00e9rale de la culture et des arts (DGCA), la Direction g\u00e9n\u00e9rale du tourisme (DGT), la Direction g\u00e9n\u00e9rale de la communication et des m\u00e9dias (DGCM), ainsi que la Direction des archives et de la documentation (DAD).<\/p>\n<figure id=\"attachment_25112\" aria-describedby=\"caption-attachment-25112\" style=\"width: 2048px\" class=\"wp-caption aligncenter\"><a href=\"https:\/\/www.latribunedufaso.net\/wp-content\/uploads\/2025\/11\/FB_IMG_1763998446174.jpg\"><img loading=\"lazy\" decoding=\"async\" class=\"size-full wp-image-25112\" src=\"https:\/\/www.latribunedufaso.net\/wp-content\/uploads\/2025\/11\/FB_IMG_1763998446174.jpg\" alt=\"Le ministre de la Communication contr\u00f4le la pr\u00e9sence effective des agents de son d\u00e9partement\" width=\"2048\" height=\"1365\" srcset=\"https:\/\/www.latribunedufaso.net\/wp-content\/uploads\/2025\/11\/FB_IMG_1763998446174.jpg 2048w, https:\/\/www.latribunedufaso.net\/wp-content\/uploads\/2025\/11\/FB_IMG_1763998446174-300x200.jpg 300w, https:\/\/www.latribunedufaso.net\/wp-content\/uploads\/2025\/11\/FB_IMG_1763998446174-1024x683.jpg 1024w, https:\/\/www.latribunedufaso.net\/wp-content\/uploads\/2025\/11\/FB_IMG_1763998446174-768x512.jpg 768w, https:\/\/www.latribunedufaso.net\/wp-content\/uploads\/2025\/11\/FB_IMG_1763998446174-1536x1024.jpg 1536w, https:\/\/www.latribunedufaso.net\/wp-content\/uploads\/2025\/11\/FB_IMG_1763998446174-840x560.jpg 840w, https:\/\/www.latribunedufaso.net\/wp-content\/uploads\/2025\/11\/FB_IMG_1763998446174-120x80.jpg 120w, https:\/\/www.latribunedufaso.net\/wp-content\/uploads\/2025\/11\/FB_IMG_1763998446174-360x240.jpg 360w, https:\/\/www.latribunedufaso.net\/wp-content\/uploads\/2025\/11\/FB_IMG_1763998446174-600x400.jpg 600w\" sizes=\"auto, (max-width: 2048px) 100vw, 2048px\" \/><\/a><figcaption id=\"caption-attachment-25112\" class=\"wp-caption-text\">Face aux manquements, le ministre a rappel\u00e9 aux responsables des diff\u00e9rentes directions leur devoir de suivi rigoureux des effectifs et du respect des horaires &#8211; Ph. DR<\/figcaption><\/figure>\n<p>Au cours de la tourn\u00e9e, plusieurs cas de retards et d\u2019absences injustifi\u00e9es ont \u00e9t\u00e9 constat\u00e9s, malgr\u00e9 les rappels ant\u00e9rieurs par notes et circulaires.<\/p>\n<p>Face \u00e0 ces manquements, le ministre a rappel\u00e9 aux responsables des diff\u00e9rentes directions leur devoir de suivi rigoureux des effectifs et du respect des horaires. Il a insist\u00e9 sur la n\u00e9cessit\u00e9 d\u2019un engagement professionnel exemplaire. <em><strong>\u00ab Nous devons imp\u00e9rativement accompagner la R\u00e9volution progressiste populaire par un v\u00e9ritable changement de comportement \u00bb<\/strong><\/em>, a-t-il martel\u00e9, ajoutant que la qualit\u00e9 du service public repose en grande partie sur la disponibilit\u00e9 et la rigueur des agents dans l\u2019accueil et le traitement des usagers.<\/p>\n<figure id=\"attachment_25111\" aria-describedby=\"caption-attachment-25111\" style=\"width: 2048px\" class=\"wp-caption aligncenter\"><a href=\"https:\/\/www.latribunedufaso.net\/wp-content\/uploads\/2025\/11\/FB_IMG_1763998402029.jpg\"><img loading=\"lazy\" decoding=\"async\" class=\"size-full wp-image-25111\" src=\"https:\/\/www.latribunedufaso.net\/wp-content\/uploads\/2025\/11\/FB_IMG_1763998402029.jpg\" alt=\"Le ministre de la Communication contr\u00f4le la pr\u00e9sence effective des agents de son d\u00e9partement\" width=\"2048\" height=\"1365\" srcset=\"https:\/\/www.latribunedufaso.net\/wp-content\/uploads\/2025\/11\/FB_IMG_1763998402029.jpg 2048w, https:\/\/www.latribunedufaso.net\/wp-content\/uploads\/2025\/11\/FB_IMG_1763998402029-300x200.jpg 300w, https:\/\/www.latribunedufaso.net\/wp-content\/uploads\/2025\/11\/FB_IMG_1763998402029-1024x683.jpg 1024w, https:\/\/www.latribunedufaso.net\/wp-content\/uploads\/2025\/11\/FB_IMG_1763998402029-768x512.jpg 768w, https:\/\/www.latribunedufaso.net\/wp-content\/uploads\/2025\/11\/FB_IMG_1763998402029-1536x1024.jpg 1536w, https:\/\/www.latribunedufaso.net\/wp-content\/uploads\/2025\/11\/FB_IMG_1763998402029-840x560.jpg 840w, https:\/\/www.latribunedufaso.net\/wp-content\/uploads\/2025\/11\/FB_IMG_1763998402029-120x80.jpg 120w, https:\/\/www.latribunedufaso.net\/wp-content\/uploads\/2025\/11\/FB_IMG_1763998402029-360x240.jpg 360w, https:\/\/www.latribunedufaso.net\/wp-content\/uploads\/2025\/11\/FB_IMG_1763998402029-600x400.jpg 600w\" sizes=\"auto, (max-width: 2048px) 100vw, 2048px\" \/><\/a><figcaption id=\"caption-attachment-25111\" class=\"wp-caption-text\">Une vue du ministre Gilbert Ou\u00e9draogo lors de la visite &#8211; Ph. DR<\/figcaption><\/figure>\n<p>Au-del\u00e0 des constats d\u2019absence, le ministre a d\u00e9plor\u00e9 l\u2019injustice v\u00e9cue par certains agents contraints d\u2019assumer une charge de travail accrue en raison de l\u2019absent\u00e9isme de leurs coll\u00e8gues. <em><strong>\u00ab Cette situation est inacceptable et doit cesser \u00bb<\/strong><\/em>, a-t-il d\u00e9clar\u00e9, insistant sur l\u2019\u00e9quit\u00e9 au sein des \u00e9quipes. <em><strong>\u00ab Ce message, nous sommes venus le rappeler. Et nous reviendrons, car le contr\u00f4le fait partie int\u00e9grante de notre mission \u00bb<\/strong><\/em>, a-t-il ajout\u00e9, en appelant \u00e0 une stricte conformit\u00e9 aux exigences du service public.<\/p>\n<p>Dans cette dynamique de rigueur administrative, le ministre a annonc\u00e9 d\u2019autres visites surprises dans les structures du minist\u00e8re. Objectif : garantir l\u2019application des directives et instaurer une culture professionnelle fond\u00e9e sur la discipline, l\u2019int\u00e9grit\u00e9 et le respect du travail bien accompli.<\/p>\n<blockquote>\n<p>Lire aussi &gt;&gt; <a href=\"https:\/\/www.latribunedufaso.net\/?p=24427\">Fonction publique : Le gouvernement r\u00e9vise le statut du m\u00e9tier \u00ab Communication, culture et tourisme \u00bb<\/a><\/p>\n<\/blockquote>\n<p>Avec un brin d\u2019humour, mais dans un ton ferme, le ministre a donn\u00e9 instruction que le retard constat\u00e9 du Directeur de la Communication et des Relations Presse ce jour figure noir sur blanc dans le pr\u00e9sent compte-rendu. Et de lancer : <em><strong>\u00ab Si ce n\u2019est pas un mercredi, ce sera un jeudi \u00bb<\/strong><\/em>, sous-entendant que la rigueur n\u2019\u00e9pargnera personne<\/p>\n<p><strong>Latribunedufaso.net<\/strong><\/p>\n","protected":false},"excerpt":{"rendered":"<p>Dans le cadre de l&rsquo;application stricte de la note relative au respect des horaires et de la pr\u00e9sence effective au poste, le ministre de la Communication, de la Culture, des Arts et du Tourisme, Gilbert Ou\u00e9draogo, a effectu\u00e9 une visite inopin\u00e9e ce lundi 24 novembre 2025 au b\u00e2timent R+11, situ\u00e9 dans la zone ZACA \u00e0 Ouagadougou.<\/p>\n","protected":false},"author":5,"featured_media":25110,"comment_status":"open","ping_status":"open","sticky":false,"template":"","format":"standard","meta":{"footnotes":""},"categories":[13,1,8],"tags":[759,39,1801],"class_list":["post-25108","post","type-post","status-publish","format-standard","has-post-thumbnail","hentry","category-une","category-actu","category-societe","tag-controle-de-presence-des-agents-publics","tag-latribunedufaso-net","tag-respect-des-horaires-de-service"],"yoast_head":"<!-- This site is optimized with the Yoast SEO plugin v27.4 - https:\/\/yoast.com\/product\/yoast-seo-wordpress\/ -->\n<title>Ponctualit\u00e9 au travail : Le ministre Gilbert Ou\u00e9draogo en tourn\u00e9e surprise dans les services de son d\u00e9partement - La Tribune du Faso<\/title>\n<meta name=\"robots\" content=\"index, follow, max-snippet:-1, max-image-preview:large, max-video-preview:-1\" \/>\n<link rel=\"canonical\" href=\"https:\/\/www.latribunedufaso.net\/?p=25108\" \/>\n<meta property=\"og:locale\" content=\"fr_FR\" \/>\n<meta property=\"og:type\" content=\"article\" \/>\n<meta property=\"og:title\" content=\"Ponctualit\u00e9 au travail : Le ministre Gilbert Ou\u00e9draogo en tourn\u00e9e surprise dans les services de son d\u00e9partement - La Tribune du Faso\" \/>\n<meta property=\"og:description\" content=\"Dans le cadre de l&rsquo;application stricte de la note relative au respect des horaires et de la pr\u00e9sence effective au poste, le ministre de la Communication, de la Culture, des Arts et du Tourisme, Gilbert Ou\u00e9draogo, a effectu\u00e9 une visite inopin\u00e9e ce lundi 24 novembre 2025 au b\u00e2timent R+11, situ\u00e9 dans la zone ZACA \u00e0 Ouagadougou.\" \/>\n<meta property=\"og:url\" content=\"https:\/\/www.latribunedufaso.net\/?p=25108\" \/>\n<meta property=\"og:site_name\" content=\"La Tribune du Faso\" \/>\n<meta property=\"article:publisher\" content=\"https:\/\/www.facebook.com\/LatribuneduFaso\/\" \/>\n<meta property=\"article:published_time\" content=\"2025-11-24T15:41:50+00:00\" \/>\n<meta property=\"og:image\" content=\"https:\/\/www.latribunedufaso.net\/wp-content\/uploads\/2025\/11\/FB_IMG_1763998381761.jpg\" \/>\n\t<meta property=\"og:image:width\" content=\"2048\" \/>\n\t<meta property=\"og:image:height\" content=\"1365\" \/>\n\t<meta property=\"og:image:type\" content=\"image\/jpeg\" \/>\n<meta name=\"author\" content=\"Issouf Tapsoba\" \/>\n<meta name=\"twitter:label1\" content=\"\u00c9crit par\" \/>\n\t<meta name=\"twitter:data1\" content=\"Issouf Tapsoba\" \/>\n\t<meta name=\"twitter:label2\" content=\"Dur\u00e9e de lecture estim\u00e9e\" \/>\n\t<meta name=\"twitter:data2\" content=\"3 minutes\" \/>\n<script type=\"application\/ld+json\" class=\"yoast-schema-graph\">{\"@context\":\"https:\\\/\\\/schema.org\",\"@graph\":[{\"@type\":\"Article\",\"@id\":\"https:\\\/\\\/www.latribunedufaso.net\\\/?p=25108#article\",\"isPartOf\":{\"@id\":\"https:\\\/\\\/www.latribunedufaso.net\\\/?p=25108\"},\"author\":{\"name\":\"Issouf Tapsoba\",\"@id\":\"https:\\\/\\\/www.latribunedufaso.net\\\/#\\\/schema\\\/person\\\/e54e64c5778a7e72cf80a318b7a622b0\"},\"headline\":\"Ponctualit\u00e9 au travail : Le ministre Gilbert Ou\u00e9draogo en tourn\u00e9e surprise dans les services de son d\u00e9partement\",\"datePublished\":\"2025-11-24T15:41:50+00:00\",\"mainEntityOfPage\":{\"@id\":\"https:\\\/\\\/www.latribunedufaso.net\\\/?p=25108\"},\"wordCount\":546,\"commentCount\":0,\"publisher\":{\"@id\":\"https:\\\/\\\/www.latribunedufaso.net\\\/#organization\"},\"image\":{\"@id\":\"https:\\\/\\\/www.latribunedufaso.net\\\/?p=25108#primaryimage\"},\"thumbnailUrl\":\"https:\\\/\\\/www.latribunedufaso.net\\\/wp-content\\\/uploads\\\/2025\\\/11\\\/FB_IMG_1763998381761.jpg\",\"keywords\":[\"Contr\u00f4le de pr\u00e9sence des agents publics\",\"latribunedufaso.net\",\"respect des horaires de service\"],\"articleSection\":[\"A la une\",\"Actualit\u00e9\",\"Soci\u00e9t\u00e9\"],\"inLanguage\":\"fr-FR\",\"potentialAction\":[{\"@type\":\"CommentAction\",\"name\":\"Comment\",\"target\":[\"https:\\\/\\\/www.latribunedufaso.net\\\/?p=25108#respond\"]}]},{\"@type\":\"WebPage\",\"@id\":\"https:\\\/\\\/www.latribunedufaso.net\\\/?p=25108\",\"url\":\"https:\\\/\\\/www.latribunedufaso.net\\\/?p=25108\",\"name\":\"Ponctualit\u00e9 au travail : Le ministre Gilbert Ou\u00e9draogo en tourn\u00e9e surprise dans les services de son d\u00e9partement - La Tribune du Faso\",\"isPartOf\":{\"@id\":\"https:\\\/\\\/www.latribunedufaso.net\\\/#website\"},\"primaryImageOfPage\":{\"@id\":\"https:\\\/\\\/www.latribunedufaso.net\\\/?p=25108#primaryimage\"},\"image\":{\"@id\":\"https:\\\/\\\/www.latribunedufaso.net\\\/?p=25108#primaryimage\"},\"thumbnailUrl\":\"https:\\\/\\\/www.latribunedufaso.net\\\/wp-content\\\/uploads\\\/2025\\\/11\\\/FB_IMG_1763998381761.jpg\",\"datePublished\":\"2025-11-24T15:41:50+00:00\",\"breadcrumb\":{\"@id\":\"https:\\\/\\\/www.latribunedufaso.net\\\/?p=25108#breadcrumb\"},\"inLanguage\":\"fr-FR\",\"potentialAction\":[{\"@type\":\"ReadAction\",\"target\":[\"https:\\\/\\\/www.latribunedufaso.net\\\/?p=25108\"]}]},{\"@type\":\"ImageObject\",\"inLanguage\":\"fr-FR\",\"@id\":\"https:\\\/\\\/www.latribunedufaso.net\\\/?p=25108#primaryimage\",\"url\":\"https:\\\/\\\/www.latribunedufaso.net\\\/wp-content\\\/uploads\\\/2025\\\/11\\\/FB_IMG_1763998381761.jpg\",\"contentUrl\":\"https:\\\/\\\/www.latribunedufaso.net\\\/wp-content\\\/uploads\\\/2025\\\/11\\\/FB_IMG_1763998381761.jpg\",\"width\":2048,\"height\":1365,\"caption\":\"Le ministre de la Communication contr\u00f4le la pr\u00e9sence effective des agents de son d\u00e9partement\"},{\"@type\":\"BreadcrumbList\",\"@id\":\"https:\\\/\\\/www.latribunedufaso.net\\\/?p=25108#breadcrumb\",\"itemListElement\":[{\"@type\":\"ListItem\",\"position\":1,\"name\":\"Accueil\",\"item\":\"https:\\\/\\\/www.latribunedufaso.net\\\/\"},{\"@type\":\"ListItem\",\"position\":2,\"name\":\"Ponctualit\u00e9 au travail : Le ministre Gilbert Ou\u00e9draogo en tourn\u00e9e surprise dans les services de son d\u00e9partement\"}]},{\"@type\":\"WebSite\",\"@id\":\"https:\\\/\\\/www.latribunedufaso.net\\\/#website\",\"url\":\"https:\\\/\\\/www.latribunedufaso.net\\\/\",\"name\":\"La Tribune du Faso\",\"description\":\"L&#039;information du monde rural en un clic\",\"publisher\":{\"@id\":\"https:\\\/\\\/www.latribunedufaso.net\\\/#organization\"},\"potentialAction\":[{\"@type\":\"SearchAction\",\"target\":{\"@type\":\"EntryPoint\",\"urlTemplate\":\"https:\\\/\\\/www.latribunedufaso.net\\\/?s={search_term_string}\"},\"query-input\":{\"@type\":\"PropertyValueSpecification\",\"valueRequired\":true,\"valueName\":\"search_term_string\"}}],\"inLanguage\":\"fr-FR\"},{\"@type\":\"Organization\",\"@id\":\"https:\\\/\\\/www.latribunedufaso.net\\\/#organization\",\"name\":\"La Tribune du Faso\",\"url\":\"https:\\\/\\\/www.latribunedufaso.net\\\/\",\"logo\":{\"@type\":\"ImageObject\",\"inLanguage\":\"fr-FR\",\"@id\":\"https:\\\/\\\/www.latribunedufaso.net\\\/#\\\/schema\\\/logo\\\/image\\\/\",\"url\":\"https:\\\/\\\/www.latribunedufaso.net\\\/wp-content\\\/uploads\\\/2020\\\/08\\\/Logo-Tribune-du-Faso-final-scaled.jpg\",\"contentUrl\":\"https:\\\/\\\/www.latribunedufaso.net\\\/wp-content\\\/uploads\\\/2020\\\/08\\\/Logo-Tribune-du-Faso-final-scaled.jpg\",\"width\":2560,\"height\":1856,\"caption\":\"La Tribune du Faso\"},\"image\":{\"@id\":\"https:\\\/\\\/www.latribunedufaso.net\\\/#\\\/schema\\\/logo\\\/image\\\/\"},\"sameAs\":[\"https:\\\/\\\/www.facebook.com\\\/LatribuneduFaso\\\/\"]},{\"@type\":\"Person\",\"@id\":\"https:\\\/\\\/www.latribunedufaso.net\\\/#\\\/schema\\\/person\\\/e54e64c5778a7e72cf80a318b7a622b0\",\"name\":\"Issouf Tapsoba\",\"image\":{\"@type\":\"ImageObject\",\"inLanguage\":\"fr-FR\",\"@id\":\"https:\\\/\\\/secure.gravatar.com\\\/avatar\\\/5e6c05150ce3230247d167f5b94d678eb05936197436d69b7921e3a95c9107ac?s=96&d=mm&r=g\",\"url\":\"https:\\\/\\\/secure.gravatar.com\\\/avatar\\\/5e6c05150ce3230247d167f5b94d678eb05936197436d69b7921e3a95c9107ac?s=96&d=mm&r=g\",\"contentUrl\":\"https:\\\/\\\/secure.gravatar.com\\\/avatar\\\/5e6c05150ce3230247d167f5b94d678eb05936197436d69b7921e3a95c9107ac?s=96&d=mm&r=g\",\"caption\":\"Issouf Tapsoba\"},\"url\":\"https:\\\/\\\/www.latribunedufaso.net\\\/?author=5\"}]}<\/script>\n<!-- \/ Yoast SEO plugin. -->","yoast_head_json":{"title":"Ponctualit\u00e9 au travail : Le ministre Gilbert Ou\u00e9draogo en tourn\u00e9e surprise dans les services de son d\u00e9partement - La Tribune du Faso","robots":{"index":"index","follow":"follow","max-snippet":"max-snippet:-1","max-image-preview":"max-image-preview:large","max-video-preview":"max-video-preview:-1"},"canonical":"https:\/\/www.latribunedufaso.net\/?p=25108","og_locale":"fr_FR","og_type":"article","og_title":"Ponctualit\u00e9 au travail : Le ministre Gilbert Ou\u00e9draogo en tourn\u00e9e surprise dans les services de son d\u00e9partement - La Tribune du Faso","og_description":"Dans le cadre de l&rsquo;application stricte de la note relative au respect des horaires et de la pr\u00e9sence effective au poste, le ministre de la Communication, de la Culture, des Arts et du Tourisme, Gilbert Ou\u00e9draogo, a effectu\u00e9 une visite inopin\u00e9e ce lundi 24 novembre 2025 au b\u00e2timent R+11, situ\u00e9 dans la zone ZACA \u00e0 Ouagadougou.","og_url":"https:\/\/www.latribunedufaso.net\/?p=25108","og_site_name":"La Tribune du Faso","article_publisher":"https:\/\/www.facebook.com\/LatribuneduFaso\/","article_published_time":"2025-11-24T15:41:50+00:00","og_image":[{"width":2048,"height":1365,"url":"https:\/\/www.latribunedufaso.net\/wp-content\/uploads\/2025\/11\/FB_IMG_1763998381761.jpg","type":"image\/jpeg"}],"author":"Issouf Tapsoba","twitter_misc":{"\u00c9crit par":"Issouf Tapsoba","Dur\u00e9e de lecture estim\u00e9e":"3 minutes"},"schema":{"@context":"https:\/\/schema.org","@graph":[{"@type":"Article","@id":"https:\/\/www.latribunedufaso.net\/?p=25108#article","isPartOf":{"@id":"https:\/\/www.latribunedufaso.net\/?p=25108"},"author":{"name":"Issouf Tapsoba","@id":"https:\/\/www.latribunedufaso.net\/#\/schema\/person\/e54e64c5778a7e72cf80a318b7a622b0"},"headline":"Ponctualit\u00e9 au travail : Le ministre Gilbert Ou\u00e9draogo en tourn\u00e9e surprise dans les services de son d\u00e9partement","datePublished":"2025-11-24T15:41:50+00:00","mainEntityOfPage":{"@id":"https:\/\/www.latribunedufaso.net\/?p=25108"},"wordCount":546,"commentCount":0,"publisher":{"@id":"https:\/\/www.latribunedufaso.net\/#organization"},"image":{"@id":"https:\/\/www.latribunedufaso.net\/?p=25108#primaryimage"},"thumbnailUrl":"https:\/\/www.latribunedufaso.net\/wp-content\/uploads\/2025\/11\/FB_IMG_1763998381761.jpg","keywords":["Contr\u00f4le de pr\u00e9sence des agents publics","latribunedufaso.net","respect des horaires de service"],"articleSection":["A la une","Actualit\u00e9","Soci\u00e9t\u00e9"],"inLanguage":"fr-FR","potentialAction":[{"@type":"CommentAction","name":"Comment","target":["https:\/\/www.latribunedufaso.net\/?p=25108#respond"]}]},{"@type":"WebPage","@id":"https:\/\/www.latribunedufaso.net\/?p=25108","url":"https:\/\/www.latribunedufaso.net\/?p=25108","name":"Ponctualit\u00e9 au travail : Le ministre Gilbert Ou\u00e9draogo en tourn\u00e9e surprise dans les services de son d\u00e9partement - La Tribune du Faso","isPartOf":{"@id":"https:\/\/www.latribunedufaso.net\/#website"},"primaryImageOfPage":{"@id":"https:\/\/www.latribunedufaso.net\/?p=25108#primaryimage"},"image":{"@id":"https:\/\/www.latribunedufaso.net\/?p=25108#primaryimage"},"thumbnailUrl":"https:\/\/www.latribunedufaso.net\/wp-content\/uploads\/2025\/11\/FB_IMG_1763998381761.jpg","datePublished":"2025-11-24T15:41:50+00:00","breadcrumb":{"@id":"https:\/\/www.latribunedufaso.net\/?p=25108#breadcrumb"},"inLanguage":"fr-FR","potentialAction":[{"@type":"ReadAction","target":["https:\/\/www.latribunedufaso.net\/?p=25108"]}]},{"@type":"ImageObject","inLanguage":"fr-FR","@id":"https:\/\/www.latribunedufaso.net\/?p=25108#primaryimage","url":"https:\/\/www.latribunedufaso.net\/wp-content\/uploads\/2025\/11\/FB_IMG_1763998381761.jpg","contentUrl":"https:\/\/www.latribunedufaso.net\/wp-content\/uploads\/2025\/11\/FB_IMG_1763998381761.jpg","width":2048,"height":1365,"caption":"Le ministre de la Communication contr\u00f4le la pr\u00e9sence effective des agents de son d\u00e9partement"},{"@type":"BreadcrumbList","@id":"https:\/\/www.latribunedufaso.net\/?p=25108#breadcrumb","itemListElement":[{"@type":"ListItem","position":1,"name":"Accueil","item":"https:\/\/www.latribunedufaso.net\/"},{"@type":"ListItem","position":2,"name":"Ponctualit\u00e9 au travail : Le ministre Gilbert Ou\u00e9draogo en tourn\u00e9e surprise dans les services de son d\u00e9partement"}]},{"@type":"WebSite","@id":"https:\/\/www.latribunedufaso.net\/#website","url":"https:\/\/www.latribunedufaso.net\/","name":"La Tribune du Faso","description":"L&#039;information du monde rural en un clic","publisher":{"@id":"https:\/\/www.latribunedufaso.net\/#organization"},"potentialAction":[{"@type":"SearchAction","target":{"@type":"EntryPoint","urlTemplate":"https:\/\/www.latribunedufaso.net\/?s={search_term_string}"},"query-input":{"@type":"PropertyValueSpecification","valueRequired":true,"valueName":"search_term_string"}}],"inLanguage":"fr-FR"},{"@type":"Organization","@id":"https:\/\/www.latribunedufaso.net\/#organization","name":"La Tribune du Faso","url":"https:\/\/www.latribunedufaso.net\/","logo":{"@type":"ImageObject","inLanguage":"fr-FR","@id":"https:\/\/www.latribunedufaso.net\/#\/schema\/logo\/image\/","url":"https:\/\/www.latribunedufaso.net\/wp-content\/uploads\/2020\/08\/Logo-Tribune-du-Faso-final-scaled.jpg","contentUrl":"https:\/\/www.latribunedufaso.net\/wp-content\/uploads\/2020\/08\/Logo-Tribune-du-Faso-final-scaled.jpg","width":2560,"height":1856,"caption":"La Tribune du Faso"},"image":{"@id":"https:\/\/www.latribunedufaso.net\/#\/schema\/logo\/image\/"},"sameAs":["https:\/\/www.facebook.com\/LatribuneduFaso\/"]},{"@type":"Person","@id":"https:\/\/www.latribunedufaso.net\/#\/schema\/person\/e54e64c5778a7e72cf80a318b7a622b0","name":"Issouf Tapsoba","image":{"@type":"ImageObject","inLanguage":"fr-FR","@id":"https:\/\/secure.gravatar.com\/avatar\/5e6c05150ce3230247d167f5b94d678eb05936197436d69b7921e3a95c9107ac?s=96&d=mm&r=g","url":"https:\/\/secure.gravatar.com\/avatar\/5e6c05150ce3230247d167f5b94d678eb05936197436d69b7921e3a95c9107ac?s=96&d=mm&r=g","contentUrl":"https:\/\/secure.gravatar.com\/avatar\/5e6c05150ce3230247d167f5b94d678eb05936197436d69b7921e3a95c9107ac?s=96&d=mm&r=g","caption":"Issouf Tapsoba"},"url":"https:\/\/www.latribunedufaso.net\/?author=5"}]}},"_links":{"self":[{"href":"https:\/\/www.latribunedufaso.net\/index.php?rest_route=\/wp\/v2\/posts\/25108","targetHints":{"allow":["GET"]}}],"collection":[{"href":"https:\/\/www.latribunedufaso.net\/index.php?rest_route=\/wp\/v2\/posts"}],"about":[{"href":"https:\/\/www.latribunedufaso.net\/index.php?rest_route=\/wp\/v2\/types\/post"}],"author":[{"embeddable":true,"href":"https:\/\/www.latribunedufaso.net\/index.php?rest_route=\/wp\/v2\/users\/5"}],"replies":[{"embeddable":true,"href":"https:\/\/www.latribunedufaso.net\/index.php?rest_route=%2Fwp%2Fv2%2Fcomments&post=25108"}],"version-history":[{"count":2,"href":"https:\/\/www.latribunedufaso.net\/index.php?rest_route=\/wp\/v2\/posts\/25108\/revisions"}],"predecessor-version":[{"id":25113,"href":"https:\/\/www.latribunedufaso.net\/index.php?rest_route=\/wp\/v2\/posts\/25108\/revisions\/25113"}],"wp:featuredmedia":[{"embeddable":true,"href":"https:\/\/www.latribunedufaso.net\/index.php?rest_route=\/wp\/v2\/media\/25110"}],"wp:attachment":[{"href":"https:\/\/www.latribunedufaso.net\/index.php?rest_route=%2Fwp%2Fv2%2Fmedia&parent=25108"}],"wp:term":[{"taxonomy":"category","embeddable":true,"href":"https:\/\/www.latribunedufaso.net\/index.php?rest_route=%2Fwp%2Fv2%2Fcategories&post=25108"},{"taxonomy":"post_tag","embeddable":true,"href":"https:\/\/www.latribunedufaso.net\/index.php?rest_route=%2Fwp%2Fv2%2Ftags&post=25108"}],"curies":[{"name":"wp","href":"https:\/\/api.w.org\/{rel}","templated":true}]}}