{"id":25085,"date":"2025-11-21T18:00:05","date_gmt":"2025-11-21T18:00:05","guid":{"rendered":"https:\/\/www.latribunedufaso.net\/?p=25085"},"modified":"2025-11-26T00:59:57","modified_gmt":"2025-11-26T00:59:57","slug":"filo-2025-tout-est-fin-pret-pour-la-fete-internationale-du-livre","status":"publish","type":"post","link":"https:\/\/www.latribunedufaso.net\/?p=25085","title":{"rendered":"FILO 2025 : Tout est fin pr\u00eat pour la f\u00eate internationale du livre"},"content":{"rendered":"<p><strong>La 18\u00e8me \u00e9dition de la Foire internationale du livre de Ouagadougou (FILO) va se d\u00e9rouler du 25 au 30 novembre 2025 au sein de la Biblioth\u00e8que nationale du Burkina (BNB). Le secr\u00e9taire g\u00e9n\u00e9ral du minist\u00e8re en charge de la communication, Fid\u00e8le Tamini a annonc\u00e9 ce 21 novembre 2025 que les pr\u00e9paratifs sont fin pr\u00eats.<\/strong><!--more--><\/p>\n<p>Plac\u00e9e sous le haut patronage du pr\u00e9sident du Faso, le Capitaine Ibrahim Traor\u00e9, cette 18\u00e8me \u00e9dition a pour th\u00e8me, <em><strong>\u00ab Livre, identit\u00e9 culturelle et souverainet\u00e9 nationale \u00bb.<\/strong><\/em> Pour le Secr\u00e9taire g\u00e9n\u00e9ral du minist\u00e8re en charge de la communication, Fid\u00e8le Tamini, cette foire traduit une conviction profonde. <em><strong>\u00ab Le livre est un fondement de la construction identitaire, un instrument de m\u00e9moire et un levier indispensable pour l\u2019affirmation de notre souverainet\u00e9 culturelle \u00bb<\/strong><\/em> a-t-il signifi\u00e9.<\/p>\n<figure id=\"attachment_25089\" aria-describedby=\"caption-attachment-25089\" style=\"width: 2048px\" class=\"wp-caption aligncenter\"><a href=\"https:\/\/www.latribunedufaso.net\/wp-content\/uploads\/2025\/11\/FB_IMG_1763816530594.jpg\"><img loading=\"lazy\" decoding=\"async\" class=\"size-full wp-image-25089\" src=\"https:\/\/www.latribunedufaso.net\/wp-content\/uploads\/2025\/11\/FB_IMG_1763816530594.jpg\" alt=\"Conf\u00e9rence de presse point des pr\u00e9paratifs de la FILO 2025, 21 novembre 2025\" width=\"2048\" height=\"1365\" srcset=\"https:\/\/www.latribunedufaso.net\/wp-content\/uploads\/2025\/11\/FB_IMG_1763816530594.jpg 2048w, https:\/\/www.latribunedufaso.net\/wp-content\/uploads\/2025\/11\/FB_IMG_1763816530594-300x200.jpg 300w, https:\/\/www.latribunedufaso.net\/wp-content\/uploads\/2025\/11\/FB_IMG_1763816530594-1024x683.jpg 1024w, https:\/\/www.latribunedufaso.net\/wp-content\/uploads\/2025\/11\/FB_IMG_1763816530594-768x512.jpg 768w, https:\/\/www.latribunedufaso.net\/wp-content\/uploads\/2025\/11\/FB_IMG_1763816530594-1536x1024.jpg 1536w, https:\/\/www.latribunedufaso.net\/wp-content\/uploads\/2025\/11\/FB_IMG_1763816530594-840x560.jpg 840w, https:\/\/www.latribunedufaso.net\/wp-content\/uploads\/2025\/11\/FB_IMG_1763816530594-120x80.jpg 120w, https:\/\/www.latribunedufaso.net\/wp-content\/uploads\/2025\/11\/FB_IMG_1763816530594-360x240.jpg 360w, https:\/\/www.latribunedufaso.net\/wp-content\/uploads\/2025\/11\/FB_IMG_1763816530594-600x400.jpg 600w\" sizes=\"auto, (max-width: 2048px) 100vw, 2048px\" \/><\/a><figcaption id=\"caption-attachment-25089\" class=\"wp-caption-text\">Le Secr\u00e9taire g\u00e9n\u00e9rale du minist\u00e8re charg\u00e9 de la Communication, Fid\u00e8le Tamini a pr\u00e9sid\u00e9 la conf\u00e9rence de presse &#8211; Ph. DR<\/figcaption><\/figure>\n<p>L\u2019\u00e9dition 2025 s\u2019annonce d\u00e9j\u00e0 comme l\u2019une des plus dynamiques. Selon le SG, le grand Prix de la FILO enregistre 122 concurrents, contre 73 en 2023. Les Olympiades litt\u00e9raires mobilisent 785 participants, en hausse par rapport aux 685 de la derni\u00e8re \u00e9dition. Pr\u00e8s de 8 000 visiteurs sont attendus durant les six jours de la foire, un chiffre qui t\u00e9moigne d\u2019un int\u00e9r\u00eat grandissant pour l\u2019\u00e9v\u00e9nement.<\/p>\n<p>Outre les prix officiels, plusieurs r\u00e9compenses sp\u00e9ciales seront d\u00e9cern\u00e9es par les partenaires de la FILO, afin de promouvoir l\u2019excellence litt\u00e9raire et encourager les jeunes talents.<\/p>\n<figure id=\"attachment_25087\" aria-describedby=\"caption-attachment-25087\" style=\"width: 1280px\" class=\"wp-caption aligncenter\"><a href=\"https:\/\/www.latribunedufaso.net\/wp-content\/uploads\/2025\/11\/IMG-20251122-WA0065.jpg\"><img loading=\"lazy\" decoding=\"async\" class=\"size-full wp-image-25087\" src=\"https:\/\/www.latribunedufaso.net\/wp-content\/uploads\/2025\/11\/IMG-20251122-WA0065.jpg\" alt=\"Conf\u00e9rence de presse point des pr\u00e9paratifs de la FILO 2025, 21 novembre 2025\" width=\"1280\" height=\"960\" srcset=\"https:\/\/www.latribunedufaso.net\/wp-content\/uploads\/2025\/11\/IMG-20251122-WA0065.jpg 1280w, https:\/\/www.latribunedufaso.net\/wp-content\/uploads\/2025\/11\/IMG-20251122-WA0065-300x225.jpg 300w, https:\/\/www.latribunedufaso.net\/wp-content\/uploads\/2025\/11\/IMG-20251122-WA0065-1024x768.jpg 1024w, https:\/\/www.latribunedufaso.net\/wp-content\/uploads\/2025\/11\/IMG-20251122-WA0065-768x576.jpg 768w\" sizes=\"auto, (max-width: 1280px) 100vw, 1280px\" \/><\/a><figcaption id=\"caption-attachment-25087\" class=\"wp-caption-text\">Une vue des journalistes \u00e0 la conf\u00e9rence de presse &#8211; Ph. I. Tougma<\/figcaption><\/figure>\n<p>Parmi les temps forts, la tenue du Colloque international r\u00e9unira une soixantaine de chercheurs, \u00e9crivains, universitaires et professionnels venus du Burkina, d\u2019Afrique et d\u2019ailleurs.\u00a0<\/p>\n<blockquote>\n<p>Lire aussi &gt;&gt; <a href=\"https:\/\/www.latribunedufaso.net\/?p=24797\">R\u00e9gion du Kadiogo : La 1ere \u00e9dition de la Foire des produits forestiers non ligneux lanc\u00e9e<\/a><\/p>\n<\/blockquote>\n<p>Des exposants internationaux sont \u00e9galement attendus, renfor\u00e7ant la dimension professionnelle, \u00e9ditoriale et culturelle de la foire. En cl\u00f4ture, la finale nationale des Olympiades litt\u00e9raires, pour les \u00e9l\u00e8ves du secondaire et les \u00e9tudiants, viendra c\u00e9l\u00e9brer la jeunesse.<\/p>\n<p><strong>In\u00e8s TOUGMA\u00a0<\/strong><\/p>\n<p><strong>Latribunedufaso.net<\/strong><\/p>\n","protected":false},"excerpt":{"rendered":"<p>La 18\u00e8me \u00e9dition de la Foire internationale du livre de Ouagadougou (FILO) va se d\u00e9rouler du 25 au 30 novembre 2025 au sein de la Biblioth\u00e8que nationale du Burkina (BNB). Le secr\u00e9taire g\u00e9n\u00e9ral du minist\u00e8re en charge de la communication, Fid\u00e8le Tamini a annonc\u00e9 ce 21 novembre 2025 que les pr\u00e9paratifs sont fin pr\u00eats.<\/p>\n","protected":false},"author":5,"featured_media":25088,"comment_status":"open","ping_status":"open","sticky":false,"template":"","format":"standard","meta":{"footnotes":""},"categories":[13,1,30],"tags":[1798,1799,39],"class_list":["post-25085","post","type-post","status-publish","format-standard","has-post-thumbnail","hentry","category-une","category-actu","category-art-et-culture","tag-filo","tag-foire-du-livre","tag-latribunedufaso-net"],"yoast_head":"<!-- This site is optimized with the Yoast SEO plugin v27.5 - https:\/\/yoast.com\/product\/yoast-seo-wordpress\/ -->\n<title>FILO 2025 : Tout est fin pr\u00eat pour la f\u00eate internationale du livre - La Tribune du Faso<\/title>\n<meta name=\"robots\" content=\"index, follow, max-snippet:-1, max-image-preview:large, max-video-preview:-1\" \/>\n<link rel=\"canonical\" href=\"https:\/\/www.latribunedufaso.net\/?p=25085\" \/>\n<meta property=\"og:locale\" content=\"fr_FR\" \/>\n<meta property=\"og:type\" content=\"article\" \/>\n<meta property=\"og:title\" content=\"FILO 2025 : Tout est fin pr\u00eat pour la f\u00eate internationale du livre - La Tribune du Faso\" \/>\n<meta property=\"og:description\" content=\"La 18\u00e8me \u00e9dition de la Foire internationale du livre de Ouagadougou (FILO) va se d\u00e9rouler du 25 au 30 novembre 2025 au sein de la Biblioth\u00e8que nationale du Burkina (BNB). Le secr\u00e9taire g\u00e9n\u00e9ral du minist\u00e8re en charge de la communication, Fid\u00e8le Tamini a annonc\u00e9 ce 21 novembre 2025 que les pr\u00e9paratifs sont fin pr\u00eats.\" \/>\n<meta property=\"og:url\" content=\"https:\/\/www.latribunedufaso.net\/?p=25085\" \/>\n<meta property=\"og:site_name\" content=\"La Tribune du Faso\" \/>\n<meta property=\"article:publisher\" content=\"https:\/\/www.facebook.com\/LatribuneduFaso\/\" \/>\n<meta property=\"article:published_time\" content=\"2025-11-21T18:00:05+00:00\" \/>\n<meta property=\"article:modified_time\" content=\"2025-11-26T00:59:57+00:00\" \/>\n<meta property=\"og:image\" content=\"https:\/\/www.latribunedufaso.net\/wp-content\/uploads\/2025\/11\/IMG-20251122-WA0064.jpg\" \/>\n\t<meta property=\"og:image:width\" content=\"1280\" \/>\n\t<meta property=\"og:image:height\" content=\"960\" \/>\n\t<meta property=\"og:image:type\" content=\"image\/jpeg\" \/>\n<meta name=\"author\" content=\"Issouf Tapsoba\" \/>\n<meta name=\"twitter:label1\" content=\"\u00c9crit par\" \/>\n\t<meta name=\"twitter:data1\" content=\"Issouf Tapsoba\" \/>\n\t<meta name=\"twitter:label2\" content=\"Dur\u00e9e de lecture estim\u00e9e\" \/>\n\t<meta name=\"twitter:data2\" content=\"2 minutes\" \/>\n<script type=\"application\/ld+json\" class=\"yoast-schema-graph\">{\"@context\":\"https:\\\/\\\/schema.org\",\"@graph\":[{\"@type\":\"Article\",\"@id\":\"https:\\\/\\\/www.latribunedufaso.net\\\/?p=25085#article\",\"isPartOf\":{\"@id\":\"https:\\\/\\\/www.latribunedufaso.net\\\/?p=25085\"},\"author\":{\"name\":\"Issouf Tapsoba\",\"@id\":\"https:\\\/\\\/www.latribunedufaso.net\\\/#\\\/schema\\\/person\\\/e54e64c5778a7e72cf80a318b7a622b0\"},\"headline\":\"FILO 2025 : Tout est fin pr\u00eat pour la f\u00eate internationale du livre\",\"datePublished\":\"2025-11-21T18:00:05+00:00\",\"dateModified\":\"2025-11-26T00:59:57+00:00\",\"mainEntityOfPage\":{\"@id\":\"https:\\\/\\\/www.latribunedufaso.net\\\/?p=25085\"},\"wordCount\":399,\"commentCount\":1,\"publisher\":{\"@id\":\"https:\\\/\\\/www.latribunedufaso.net\\\/#organization\"},\"image\":{\"@id\":\"https:\\\/\\\/www.latribunedufaso.net\\\/?p=25085#primaryimage\"},\"thumbnailUrl\":\"https:\\\/\\\/www.latribunedufaso.net\\\/wp-content\\\/uploads\\\/2025\\\/11\\\/IMG-20251122-WA0064.jpg\",\"keywords\":[\"FILO\",\"foire du livre\",\"latribunedufaso.net\"],\"articleSection\":[\"A la une\",\"Actualit\u00e9\",\"Art et Culture\"],\"inLanguage\":\"fr-FR\",\"potentialAction\":[{\"@type\":\"CommentAction\",\"name\":\"Comment\",\"target\":[\"https:\\\/\\\/www.latribunedufaso.net\\\/?p=25085#respond\"]}]},{\"@type\":\"WebPage\",\"@id\":\"https:\\\/\\\/www.latribunedufaso.net\\\/?p=25085\",\"url\":\"https:\\\/\\\/www.latribunedufaso.net\\\/?p=25085\",\"name\":\"FILO 2025 : Tout est fin pr\u00eat pour la f\u00eate internationale du livre - La Tribune du Faso\",\"isPartOf\":{\"@id\":\"https:\\\/\\\/www.latribunedufaso.net\\\/#website\"},\"primaryImageOfPage\":{\"@id\":\"https:\\\/\\\/www.latribunedufaso.net\\\/?p=25085#primaryimage\"},\"image\":{\"@id\":\"https:\\\/\\\/www.latribunedufaso.net\\\/?p=25085#primaryimage\"},\"thumbnailUrl\":\"https:\\\/\\\/www.latribunedufaso.net\\\/wp-content\\\/uploads\\\/2025\\\/11\\\/IMG-20251122-WA0064.jpg\",\"datePublished\":\"2025-11-21T18:00:05+00:00\",\"dateModified\":\"2025-11-26T00:59:57+00:00\",\"breadcrumb\":{\"@id\":\"https:\\\/\\\/www.latribunedufaso.net\\\/?p=25085#breadcrumb\"},\"inLanguage\":\"fr-FR\",\"potentialAction\":[{\"@type\":\"ReadAction\",\"target\":[\"https:\\\/\\\/www.latribunedufaso.net\\\/?p=25085\"]}]},{\"@type\":\"ImageObject\",\"inLanguage\":\"fr-FR\",\"@id\":\"https:\\\/\\\/www.latribunedufaso.net\\\/?p=25085#primaryimage\",\"url\":\"https:\\\/\\\/www.latribunedufaso.net\\\/wp-content\\\/uploads\\\/2025\\\/11\\\/IMG-20251122-WA0064.jpg\",\"contentUrl\":\"https:\\\/\\\/www.latribunedufaso.net\\\/wp-content\\\/uploads\\\/2025\\\/11\\\/IMG-20251122-WA0064.jpg\",\"width\":1280,\"height\":960,\"caption\":\"Conf\u00e9rence de presse point des pr\u00e9paratifs de la FILO 2025, 21 novembre 2025\"},{\"@type\":\"BreadcrumbList\",\"@id\":\"https:\\\/\\\/www.latribunedufaso.net\\\/?p=25085#breadcrumb\",\"itemListElement\":[{\"@type\":\"ListItem\",\"position\":1,\"name\":\"Accueil\",\"item\":\"https:\\\/\\\/www.latribunedufaso.net\\\/\"},{\"@type\":\"ListItem\",\"position\":2,\"name\":\"FILO 2025 : Tout est fin pr\u00eat pour la f\u00eate internationale du livre\"}]},{\"@type\":\"WebSite\",\"@id\":\"https:\\\/\\\/www.latribunedufaso.net\\\/#website\",\"url\":\"https:\\\/\\\/www.latribunedufaso.net\\\/\",\"name\":\"La Tribune du Faso\",\"description\":\"L&#039;information du monde rural en un clic\",\"publisher\":{\"@id\":\"https:\\\/\\\/www.latribunedufaso.net\\\/#organization\"},\"potentialAction\":[{\"@type\":\"SearchAction\",\"target\":{\"@type\":\"EntryPoint\",\"urlTemplate\":\"https:\\\/\\\/www.latribunedufaso.net\\\/?s={search_term_string}\"},\"query-input\":{\"@type\":\"PropertyValueSpecification\",\"valueRequired\":true,\"valueName\":\"search_term_string\"}}],\"inLanguage\":\"fr-FR\"},{\"@type\":\"Organization\",\"@id\":\"https:\\\/\\\/www.latribunedufaso.net\\\/#organization\",\"name\":\"La Tribune du Faso\",\"url\":\"https:\\\/\\\/www.latribunedufaso.net\\\/\",\"logo\":{\"@type\":\"ImageObject\",\"inLanguage\":\"fr-FR\",\"@id\":\"https:\\\/\\\/www.latribunedufaso.net\\\/#\\\/schema\\\/logo\\\/image\\\/\",\"url\":\"https:\\\/\\\/www.latribunedufaso.net\\\/wp-content\\\/uploads\\\/2020\\\/08\\\/Logo-Tribune-du-Faso-final-scaled.jpg\",\"contentUrl\":\"https:\\\/\\\/www.latribunedufaso.net\\\/wp-content\\\/uploads\\\/2020\\\/08\\\/Logo-Tribune-du-Faso-final-scaled.jpg\",\"width\":2560,\"height\":1856,\"caption\":\"La Tribune du Faso\"},\"image\":{\"@id\":\"https:\\\/\\\/www.latribunedufaso.net\\\/#\\\/schema\\\/logo\\\/image\\\/\"},\"sameAs\":[\"https:\\\/\\\/www.facebook.com\\\/LatribuneduFaso\\\/\"]},{\"@type\":\"Person\",\"@id\":\"https:\\\/\\\/www.latribunedufaso.net\\\/#\\\/schema\\\/person\\\/e54e64c5778a7e72cf80a318b7a622b0\",\"name\":\"Issouf Tapsoba\",\"image\":{\"@type\":\"ImageObject\",\"inLanguage\":\"fr-FR\",\"@id\":\"https:\\\/\\\/secure.gravatar.com\\\/avatar\\\/5e6c05150ce3230247d167f5b94d678eb05936197436d69b7921e3a95c9107ac?s=96&d=mm&r=g\",\"url\":\"https:\\\/\\\/secure.gravatar.com\\\/avatar\\\/5e6c05150ce3230247d167f5b94d678eb05936197436d69b7921e3a95c9107ac?s=96&d=mm&r=g\",\"contentUrl\":\"https:\\\/\\\/secure.gravatar.com\\\/avatar\\\/5e6c05150ce3230247d167f5b94d678eb05936197436d69b7921e3a95c9107ac?s=96&d=mm&r=g\",\"caption\":\"Issouf Tapsoba\"},\"url\":\"https:\\\/\\\/www.latribunedufaso.net\\\/?author=5\"}]}<\/script>\n<!-- \/ Yoast SEO plugin. -->","yoast_head_json":{"title":"FILO 2025 : Tout est fin pr\u00eat pour la f\u00eate internationale du livre - La Tribune du Faso","robots":{"index":"index","follow":"follow","max-snippet":"max-snippet:-1","max-image-preview":"max-image-preview:large","max-video-preview":"max-video-preview:-1"},"canonical":"https:\/\/www.latribunedufaso.net\/?p=25085","og_locale":"fr_FR","og_type":"article","og_title":"FILO 2025 : Tout est fin pr\u00eat pour la f\u00eate internationale du livre - La Tribune du Faso","og_description":"La 18\u00e8me \u00e9dition de la Foire internationale du livre de Ouagadougou (FILO) va se d\u00e9rouler du 25 au 30 novembre 2025 au sein de la Biblioth\u00e8que nationale du Burkina (BNB). Le secr\u00e9taire g\u00e9n\u00e9ral du minist\u00e8re en charge de la communication, Fid\u00e8le Tamini a annonc\u00e9 ce 21 novembre 2025 que les pr\u00e9paratifs sont fin pr\u00eats.","og_url":"https:\/\/www.latribunedufaso.net\/?p=25085","og_site_name":"La Tribune du Faso","article_publisher":"https:\/\/www.facebook.com\/LatribuneduFaso\/","article_published_time":"2025-11-21T18:00:05+00:00","article_modified_time":"2025-11-26T00:59:57+00:00","og_image":[{"width":1280,"height":960,"url":"https:\/\/www.latribunedufaso.net\/wp-content\/uploads\/2025\/11\/IMG-20251122-WA0064.jpg","type":"image\/jpeg"}],"author":"Issouf Tapsoba","twitter_misc":{"\u00c9crit par":"Issouf Tapsoba","Dur\u00e9e de lecture estim\u00e9e":"2 minutes"},"schema":{"@context":"https:\/\/schema.org","@graph":[{"@type":"Article","@id":"https:\/\/www.latribunedufaso.net\/?p=25085#article","isPartOf":{"@id":"https:\/\/www.latribunedufaso.net\/?p=25085"},"author":{"name":"Issouf Tapsoba","@id":"https:\/\/www.latribunedufaso.net\/#\/schema\/person\/e54e64c5778a7e72cf80a318b7a622b0"},"headline":"FILO 2025 : Tout est fin pr\u00eat pour la f\u00eate internationale du livre","datePublished":"2025-11-21T18:00:05+00:00","dateModified":"2025-11-26T00:59:57+00:00","mainEntityOfPage":{"@id":"https:\/\/www.latribunedufaso.net\/?p=25085"},"wordCount":399,"commentCount":1,"publisher":{"@id":"https:\/\/www.latribunedufaso.net\/#organization"},"image":{"@id":"https:\/\/www.latribunedufaso.net\/?p=25085#primaryimage"},"thumbnailUrl":"https:\/\/www.latribunedufaso.net\/wp-content\/uploads\/2025\/11\/IMG-20251122-WA0064.jpg","keywords":["FILO","foire du livre","latribunedufaso.net"],"articleSection":["A la une","Actualit\u00e9","Art et Culture"],"inLanguage":"fr-FR","potentialAction":[{"@type":"CommentAction","name":"Comment","target":["https:\/\/www.latribunedufaso.net\/?p=25085#respond"]}]},{"@type":"WebPage","@id":"https:\/\/www.latribunedufaso.net\/?p=25085","url":"https:\/\/www.latribunedufaso.net\/?p=25085","name":"FILO 2025 : Tout est fin pr\u00eat pour la f\u00eate internationale du livre - La Tribune du Faso","isPartOf":{"@id":"https:\/\/www.latribunedufaso.net\/#website"},"primaryImageOfPage":{"@id":"https:\/\/www.latribunedufaso.net\/?p=25085#primaryimage"},"image":{"@id":"https:\/\/www.latribunedufaso.net\/?p=25085#primaryimage"},"thumbnailUrl":"https:\/\/www.latribunedufaso.net\/wp-content\/uploads\/2025\/11\/IMG-20251122-WA0064.jpg","datePublished":"2025-11-21T18:00:05+00:00","dateModified":"2025-11-26T00:59:57+00:00","breadcrumb":{"@id":"https:\/\/www.latribunedufaso.net\/?p=25085#breadcrumb"},"inLanguage":"fr-FR","potentialAction":[{"@type":"ReadAction","target":["https:\/\/www.latribunedufaso.net\/?p=25085"]}]},{"@type":"ImageObject","inLanguage":"fr-FR","@id":"https:\/\/www.latribunedufaso.net\/?p=25085#primaryimage","url":"https:\/\/www.latribunedufaso.net\/wp-content\/uploads\/2025\/11\/IMG-20251122-WA0064.jpg","contentUrl":"https:\/\/www.latribunedufaso.net\/wp-content\/uploads\/2025\/11\/IMG-20251122-WA0064.jpg","width":1280,"height":960,"caption":"Conf\u00e9rence de presse point des pr\u00e9paratifs de la FILO 2025, 21 novembre 2025"},{"@type":"BreadcrumbList","@id":"https:\/\/www.latribunedufaso.net\/?p=25085#breadcrumb","itemListElement":[{"@type":"ListItem","position":1,"name":"Accueil","item":"https:\/\/www.latribunedufaso.net\/"},{"@type":"ListItem","position":2,"name":"FILO 2025 : Tout est fin pr\u00eat pour la f\u00eate internationale du livre"}]},{"@type":"WebSite","@id":"https:\/\/www.latribunedufaso.net\/#website","url":"https:\/\/www.latribunedufaso.net\/","name":"La Tribune du Faso","description":"L&#039;information du monde rural en un clic","publisher":{"@id":"https:\/\/www.latribunedufaso.net\/#organization"},"potentialAction":[{"@type":"SearchAction","target":{"@type":"EntryPoint","urlTemplate":"https:\/\/www.latribunedufaso.net\/?s={search_term_string}"},"query-input":{"@type":"PropertyValueSpecification","valueRequired":true,"valueName":"search_term_string"}}],"inLanguage":"fr-FR"},{"@type":"Organization","@id":"https:\/\/www.latribunedufaso.net\/#organization","name":"La Tribune du Faso","url":"https:\/\/www.latribunedufaso.net\/","logo":{"@type":"ImageObject","inLanguage":"fr-FR","@id":"https:\/\/www.latribunedufaso.net\/#\/schema\/logo\/image\/","url":"https:\/\/www.latribunedufaso.net\/wp-content\/uploads\/2020\/08\/Logo-Tribune-du-Faso-final-scaled.jpg","contentUrl":"https:\/\/www.latribunedufaso.net\/wp-content\/uploads\/2020\/08\/Logo-Tribune-du-Faso-final-scaled.jpg","width":2560,"height":1856,"caption":"La Tribune du Faso"},"image":{"@id":"https:\/\/www.latribunedufaso.net\/#\/schema\/logo\/image\/"},"sameAs":["https:\/\/www.facebook.com\/LatribuneduFaso\/"]},{"@type":"Person","@id":"https:\/\/www.latribunedufaso.net\/#\/schema\/person\/e54e64c5778a7e72cf80a318b7a622b0","name":"Issouf Tapsoba","image":{"@type":"ImageObject","inLanguage":"fr-FR","@id":"https:\/\/secure.gravatar.com\/avatar\/5e6c05150ce3230247d167f5b94d678eb05936197436d69b7921e3a95c9107ac?s=96&d=mm&r=g","url":"https:\/\/secure.gravatar.com\/avatar\/5e6c05150ce3230247d167f5b94d678eb05936197436d69b7921e3a95c9107ac?s=96&d=mm&r=g","contentUrl":"https:\/\/secure.gravatar.com\/avatar\/5e6c05150ce3230247d167f5b94d678eb05936197436d69b7921e3a95c9107ac?s=96&d=mm&r=g","caption":"Issouf Tapsoba"},"url":"https:\/\/www.latribunedufaso.net\/?author=5"}]}},"_links":{"self":[{"href":"https:\/\/www.latribunedufaso.net\/index.php?rest_route=\/wp\/v2\/posts\/25085","targetHints":{"allow":["GET"]}}],"collection":[{"href":"https:\/\/www.latribunedufaso.net\/index.php?rest_route=\/wp\/v2\/posts"}],"about":[{"href":"https:\/\/www.latribunedufaso.net\/index.php?rest_route=\/wp\/v2\/types\/post"}],"author":[{"embeddable":true,"href":"https:\/\/www.latribunedufaso.net\/index.php?rest_route=\/wp\/v2\/users\/5"}],"replies":[{"embeddable":true,"href":"https:\/\/www.latribunedufaso.net\/index.php?rest_route=%2Fwp%2Fv2%2Fcomments&post=25085"}],"version-history":[{"count":2,"href":"https:\/\/www.latribunedufaso.net\/index.php?rest_route=\/wp\/v2\/posts\/25085\/revisions"}],"predecessor-version":[{"id":25090,"href":"https:\/\/www.latribunedufaso.net\/index.php?rest_route=\/wp\/v2\/posts\/25085\/revisions\/25090"}],"wp:featuredmedia":[{"embeddable":true,"href":"https:\/\/www.latribunedufaso.net\/index.php?rest_route=\/wp\/v2\/media\/25088"}],"wp:attachment":[{"href":"https:\/\/www.latribunedufaso.net\/index.php?rest_route=%2Fwp%2Fv2%2Fmedia&parent=25085"}],"wp:term":[{"taxonomy":"category","embeddable":true,"href":"https:\/\/www.latribunedufaso.net\/index.php?rest_route=%2Fwp%2Fv2%2Fcategories&post=25085"},{"taxonomy":"post_tag","embeddable":true,"href":"https:\/\/www.latribunedufaso.net\/index.php?rest_route=%2Fwp%2Fv2%2Ftags&post=25085"}],"curies":[{"name":"wp","href":"https:\/\/api.w.org\/{rel}","templated":true}]}}