{"id":25075,"date":"2025-11-21T17:35:39","date_gmt":"2025-11-21T17:35:39","guid":{"rendered":"https:\/\/www.latribunedufaso.net\/?p=25075"},"modified":"2025-11-21T17:35:39","modified_gmt":"2025-11-21T17:35:39","slug":"coupe-du-monde-u17-fin-de-laventure-pour-le-burkina-faso-battu-par-litalie-en-quart-de-finale-1-0","status":"publish","type":"post","link":"https:\/\/www.latribunedufaso.net\/?p=25075","title":{"rendered":"Coupe du Monde U17 : Fin de l&rsquo;aventure pour le Burkina Faso, battu par l&rsquo;Italie en quart de finale (1-0)"},"content":{"rendered":"<p><strong>L&rsquo;aventure s&rsquo;arr\u00eate en quart de finale pour le Burkina Faso. \u00c0 l&rsquo;issue d&rsquo;un match tendu qui s&rsquo;est d\u00e9roul\u00e9 ce 21 novembre 2025, les poulains d&rsquo;Oscar Barro sont tomb\u00e9s face \u00e0 l&rsquo;Italie sur le score de 1 but \u00e0 0.<\/strong><!--more--><\/p>\n<p>Une seule erreur des \u00c9talons a suffi aux Italiens pour marquer. Sur un mauvais d\u00e9gagement du gardien burkinab\u00e8 \u00e0 la 82e minute de jeu, l&rsquo;attaquant italien Thomas Campaniello a ouvert le score, mettant fin aux espoirs de qualification en demi-finale.<\/p>\n<p>C&rsquo;est sur ce score que le match s&rsquo;est termin\u00e9, laissant une sensation de frustration chez les Burkinab\u00e8 qui, selon leur coach, avaient des opportunit\u00e9s de l&#8217;emporter.<\/p>\n<p><em><strong>\u00ab Aujourd&rsquo;hui, on a eu moins de chance, car nous avons eu plus d&rsquo;opportunit\u00e9s que cette \u00e9quipe. Nous n&rsquo;avons pas \u00e9t\u00e9 cliniques devant le but. On a pay\u00e9 cash \u00bb<\/strong><\/em>, a d\u00e9plor\u00e9 l&rsquo;entra\u00eeneur Oscar Barro.<\/p>\n<h3>Un bilan satisfaisant malgr\u00e9 la d\u00e9faite<\/h3>\n<p>L&rsquo;entra\u00eeneur a par ailleurs f\u00e9licit\u00e9 ses joueurs qui ont livr\u00e9 un <em><strong>\u00ab match h\u00e9ro\u00efque, un tr\u00e8s bon match \u00bb<\/strong><\/em>. Il a \u00e9galement salu\u00e9 l&rsquo;adversaire qu&rsquo;il qualifie d&rsquo;\u00e9quipe tactique : <em><strong>\u00ab Ils ont su contenir nos assauts. C&rsquo;est une \u00e9quipe tr\u00e8s tactique. Nous encourageons cette \u00e9quipe \u00bb,<\/strong><\/em> a-t-il ajout\u00e9.<\/p>\n<blockquote>\n<p>Lire aussi &gt;&gt; <a href=\"https:\/\/www.latribunedufaso.net\/?p=24994\">Coupe du Monde U17 : Le Burkina Faso bat l\u2019Ouganda et se qualifie en quarts de finale (5-3 aux tirs au but)<\/a><\/p>\n<\/blockquote>\n<p>Pour une premi\u00e8re participation \u00e0 la Coupe du monde, le coach note un bilan satisfaisant. Il a soulign\u00e9 que l&rsquo;\u00e9quipe est en phase d&rsquo;apprentissage et qu&rsquo;elle va tirer des le\u00e7ons de cette exp\u00e9rience afin de se pr\u00e9parer pour les prochaines comp\u00e9titions.<\/p>\n<p><strong>Issouf TAPSOBA\u00a0<\/strong><\/p>\n<p><strong>Latribunedufaso.net<\/strong><\/p>\n","protected":false},"excerpt":{"rendered":"<p>L&rsquo;aventure s&rsquo;arr\u00eate en quart de finale pour le Burkina Faso. \u00c0 l&rsquo;issue d&rsquo;un match tendu qui s&rsquo;est d\u00e9roul\u00e9 ce 21 novembre 2025, les poulains d&rsquo;Oscar Barro sont tomb\u00e9s face \u00e0 l&rsquo;Italie sur le score de 1 but \u00e0 0.<\/p>\n","protected":false},"author":5,"featured_media":25078,"comment_status":"open","ping_status":"open","sticky":false,"template":"","format":"standard","meta":{"footnotes":""},"categories":[13,1,17],"tags":[1789,39],"class_list":["post-25075","post","type-post","status-publish","format-standard","has-post-thumbnail","hentry","category-une","category-actu","category-sport","tag-coupe-du-monde-u17-qatar-2025","tag-latribunedufaso-net"],"yoast_head":"<!-- This site is optimized with the Yoast SEO plugin v27.4 - https:\/\/yoast.com\/product\/yoast-seo-wordpress\/ -->\n<title>Coupe du Monde U17 : Fin de l&#039;aventure pour le Burkina Faso, battu par l&#039;Italie en quart de finale (1-0) - La Tribune du Faso<\/title>\n<meta name=\"robots\" content=\"index, follow, max-snippet:-1, max-image-preview:large, max-video-preview:-1\" \/>\n<link rel=\"canonical\" href=\"https:\/\/www.latribunedufaso.net\/?p=25075\" \/>\n<meta property=\"og:locale\" content=\"fr_FR\" \/>\n<meta property=\"og:type\" content=\"article\" \/>\n<meta property=\"og:title\" content=\"Coupe du Monde U17 : Fin de l&#039;aventure pour le Burkina Faso, battu par l&#039;Italie en quart de finale (1-0) - La Tribune du Faso\" \/>\n<meta property=\"og:description\" content=\"L&rsquo;aventure s&rsquo;arr\u00eate en quart de finale pour le Burkina Faso. \u00c0 l&rsquo;issue d&rsquo;un match tendu qui s&rsquo;est d\u00e9roul\u00e9 ce 21 novembre 2025, les poulains d&rsquo;Oscar Barro sont tomb\u00e9s face \u00e0 l&rsquo;Italie sur le score de 1 but \u00e0 0.\" \/>\n<meta property=\"og:url\" content=\"https:\/\/www.latribunedufaso.net\/?p=25075\" \/>\n<meta property=\"og:site_name\" content=\"La Tribune du Faso\" \/>\n<meta property=\"article:publisher\" content=\"https:\/\/www.facebook.com\/LatribuneduFaso\/\" \/>\n<meta property=\"article:published_time\" content=\"2025-11-21T17:35:39+00:00\" \/>\n<meta property=\"og:image\" content=\"https:\/\/www.latribunedufaso.net\/wp-content\/uploads\/2025\/11\/FB_IMG_1763746222849.jpg\" \/>\n\t<meta property=\"og:image:width\" content=\"1165\" \/>\n\t<meta property=\"og:image:height\" content=\"1225\" \/>\n\t<meta property=\"og:image:type\" content=\"image\/jpeg\" \/>\n<meta name=\"author\" content=\"Issouf Tapsoba\" \/>\n<meta name=\"twitter:label1\" content=\"\u00c9crit par\" \/>\n\t<meta name=\"twitter:data1\" content=\"Issouf Tapsoba\" \/>\n\t<meta name=\"twitter:label2\" content=\"Dur\u00e9e de lecture estim\u00e9e\" \/>\n\t<meta name=\"twitter:data2\" content=\"1 minute\" \/>\n<script type=\"application\/ld+json\" class=\"yoast-schema-graph\">{\"@context\":\"https:\\\/\\\/schema.org\",\"@graph\":[{\"@type\":\"Article\",\"@id\":\"https:\\\/\\\/www.latribunedufaso.net\\\/?p=25075#article\",\"isPartOf\":{\"@id\":\"https:\\\/\\\/www.latribunedufaso.net\\\/?p=25075\"},\"author\":{\"name\":\"Issouf Tapsoba\",\"@id\":\"https:\\\/\\\/www.latribunedufaso.net\\\/#\\\/schema\\\/person\\\/e54e64c5778a7e72cf80a318b7a622b0\"},\"headline\":\"Coupe du Monde U17 : Fin de l&rsquo;aventure pour le Burkina Faso, battu par l&rsquo;Italie en quart de finale (1-0)\",\"datePublished\":\"2025-11-21T17:35:39+00:00\",\"mainEntityOfPage\":{\"@id\":\"https:\\\/\\\/www.latribunedufaso.net\\\/?p=25075\"},\"wordCount\":313,\"commentCount\":0,\"publisher\":{\"@id\":\"https:\\\/\\\/www.latribunedufaso.net\\\/#organization\"},\"image\":{\"@id\":\"https:\\\/\\\/www.latribunedufaso.net\\\/?p=25075#primaryimage\"},\"thumbnailUrl\":\"https:\\\/\\\/www.latribunedufaso.net\\\/wp-content\\\/uploads\\\/2025\\\/11\\\/FB_IMG_1763746222849.jpg\",\"keywords\":[\"Coupe du monde U17 Qatar 2025\",\"latribunedufaso.net\"],\"articleSection\":[\"A la une\",\"Actualit\u00e9\",\"Sport\"],\"inLanguage\":\"fr-FR\",\"potentialAction\":[{\"@type\":\"CommentAction\",\"name\":\"Comment\",\"target\":[\"https:\\\/\\\/www.latribunedufaso.net\\\/?p=25075#respond\"]}]},{\"@type\":\"WebPage\",\"@id\":\"https:\\\/\\\/www.latribunedufaso.net\\\/?p=25075\",\"url\":\"https:\\\/\\\/www.latribunedufaso.net\\\/?p=25075\",\"name\":\"Coupe du Monde U17 : Fin de l'aventure pour le Burkina Faso, battu par l'Italie en quart de finale (1-0) - La Tribune du Faso\",\"isPartOf\":{\"@id\":\"https:\\\/\\\/www.latribunedufaso.net\\\/#website\"},\"primaryImageOfPage\":{\"@id\":\"https:\\\/\\\/www.latribunedufaso.net\\\/?p=25075#primaryimage\"},\"image\":{\"@id\":\"https:\\\/\\\/www.latribunedufaso.net\\\/?p=25075#primaryimage\"},\"thumbnailUrl\":\"https:\\\/\\\/www.latribunedufaso.net\\\/wp-content\\\/uploads\\\/2025\\\/11\\\/FB_IMG_1763746222849.jpg\",\"datePublished\":\"2025-11-21T17:35:39+00:00\",\"breadcrumb\":{\"@id\":\"https:\\\/\\\/www.latribunedufaso.net\\\/?p=25075#breadcrumb\"},\"inLanguage\":\"fr-FR\",\"potentialAction\":[{\"@type\":\"ReadAction\",\"target\":[\"https:\\\/\\\/www.latribunedufaso.net\\\/?p=25075\"]}]},{\"@type\":\"ImageObject\",\"inLanguage\":\"fr-FR\",\"@id\":\"https:\\\/\\\/www.latribunedufaso.net\\\/?p=25075#primaryimage\",\"url\":\"https:\\\/\\\/www.latribunedufaso.net\\\/wp-content\\\/uploads\\\/2025\\\/11\\\/FB_IMG_1763746222849.jpg\",\"contentUrl\":\"https:\\\/\\\/www.latribunedufaso.net\\\/wp-content\\\/uploads\\\/2025\\\/11\\\/FB_IMG_1763746222849.jpg\",\"width\":1165,\"height\":1225,\"caption\":\"Coupe du Monde U17 : Fin de l'aventure pour le Burkina Faso, battu par l'Italie en quart de finale (1-0)\"},{\"@type\":\"BreadcrumbList\",\"@id\":\"https:\\\/\\\/www.latribunedufaso.net\\\/?p=25075#breadcrumb\",\"itemListElement\":[{\"@type\":\"ListItem\",\"position\":1,\"name\":\"Accueil\",\"item\":\"https:\\\/\\\/www.latribunedufaso.net\\\/\"},{\"@type\":\"ListItem\",\"position\":2,\"name\":\"Coupe du Monde U17 : Fin de l&rsquo;aventure pour le Burkina Faso, battu par l&rsquo;Italie en quart de finale (1-0)\"}]},{\"@type\":\"WebSite\",\"@id\":\"https:\\\/\\\/www.latribunedufaso.net\\\/#website\",\"url\":\"https:\\\/\\\/www.latribunedufaso.net\\\/\",\"name\":\"La Tribune du Faso\",\"description\":\"L&#039;information du monde rural en un clic\",\"publisher\":{\"@id\":\"https:\\\/\\\/www.latribunedufaso.net\\\/#organization\"},\"potentialAction\":[{\"@type\":\"SearchAction\",\"target\":{\"@type\":\"EntryPoint\",\"urlTemplate\":\"https:\\\/\\\/www.latribunedufaso.net\\\/?s={search_term_string}\"},\"query-input\":{\"@type\":\"PropertyValueSpecification\",\"valueRequired\":true,\"valueName\":\"search_term_string\"}}],\"inLanguage\":\"fr-FR\"},{\"@type\":\"Organization\",\"@id\":\"https:\\\/\\\/www.latribunedufaso.net\\\/#organization\",\"name\":\"La Tribune du Faso\",\"url\":\"https:\\\/\\\/www.latribunedufaso.net\\\/\",\"logo\":{\"@type\":\"ImageObject\",\"inLanguage\":\"fr-FR\",\"@id\":\"https:\\\/\\\/www.latribunedufaso.net\\\/#\\\/schema\\\/logo\\\/image\\\/\",\"url\":\"https:\\\/\\\/www.latribunedufaso.net\\\/wp-content\\\/uploads\\\/2020\\\/08\\\/Logo-Tribune-du-Faso-final-scaled.jpg\",\"contentUrl\":\"https:\\\/\\\/www.latribunedufaso.net\\\/wp-content\\\/uploads\\\/2020\\\/08\\\/Logo-Tribune-du-Faso-final-scaled.jpg\",\"width\":2560,\"height\":1856,\"caption\":\"La Tribune du Faso\"},\"image\":{\"@id\":\"https:\\\/\\\/www.latribunedufaso.net\\\/#\\\/schema\\\/logo\\\/image\\\/\"},\"sameAs\":[\"https:\\\/\\\/www.facebook.com\\\/LatribuneduFaso\\\/\"]},{\"@type\":\"Person\",\"@id\":\"https:\\\/\\\/www.latribunedufaso.net\\\/#\\\/schema\\\/person\\\/e54e64c5778a7e72cf80a318b7a622b0\",\"name\":\"Issouf Tapsoba\",\"image\":{\"@type\":\"ImageObject\",\"inLanguage\":\"fr-FR\",\"@id\":\"https:\\\/\\\/secure.gravatar.com\\\/avatar\\\/5e6c05150ce3230247d167f5b94d678eb05936197436d69b7921e3a95c9107ac?s=96&d=mm&r=g\",\"url\":\"https:\\\/\\\/secure.gravatar.com\\\/avatar\\\/5e6c05150ce3230247d167f5b94d678eb05936197436d69b7921e3a95c9107ac?s=96&d=mm&r=g\",\"contentUrl\":\"https:\\\/\\\/secure.gravatar.com\\\/avatar\\\/5e6c05150ce3230247d167f5b94d678eb05936197436d69b7921e3a95c9107ac?s=96&d=mm&r=g\",\"caption\":\"Issouf Tapsoba\"},\"url\":\"https:\\\/\\\/www.latribunedufaso.net\\\/?author=5\"}]}<\/script>\n<!-- \/ Yoast SEO plugin. -->","yoast_head_json":{"title":"Coupe du Monde U17 : Fin de l'aventure pour le Burkina Faso, battu par l'Italie en quart de finale (1-0) - La Tribune du Faso","robots":{"index":"index","follow":"follow","max-snippet":"max-snippet:-1","max-image-preview":"max-image-preview:large","max-video-preview":"max-video-preview:-1"},"canonical":"https:\/\/www.latribunedufaso.net\/?p=25075","og_locale":"fr_FR","og_type":"article","og_title":"Coupe du Monde U17 : Fin de l'aventure pour le Burkina Faso, battu par l'Italie en quart de finale (1-0) - La Tribune du Faso","og_description":"L&rsquo;aventure s&rsquo;arr\u00eate en quart de finale pour le Burkina Faso. \u00c0 l&rsquo;issue d&rsquo;un match tendu qui s&rsquo;est d\u00e9roul\u00e9 ce 21 novembre 2025, les poulains d&rsquo;Oscar Barro sont tomb\u00e9s face \u00e0 l&rsquo;Italie sur le score de 1 but \u00e0 0.","og_url":"https:\/\/www.latribunedufaso.net\/?p=25075","og_site_name":"La Tribune du Faso","article_publisher":"https:\/\/www.facebook.com\/LatribuneduFaso\/","article_published_time":"2025-11-21T17:35:39+00:00","og_image":[{"width":1165,"height":1225,"url":"https:\/\/www.latribunedufaso.net\/wp-content\/uploads\/2025\/11\/FB_IMG_1763746222849.jpg","type":"image\/jpeg"}],"author":"Issouf Tapsoba","twitter_misc":{"\u00c9crit par":"Issouf Tapsoba","Dur\u00e9e de lecture estim\u00e9e":"1 minute"},"schema":{"@context":"https:\/\/schema.org","@graph":[{"@type":"Article","@id":"https:\/\/www.latribunedufaso.net\/?p=25075#article","isPartOf":{"@id":"https:\/\/www.latribunedufaso.net\/?p=25075"},"author":{"name":"Issouf Tapsoba","@id":"https:\/\/www.latribunedufaso.net\/#\/schema\/person\/e54e64c5778a7e72cf80a318b7a622b0"},"headline":"Coupe du Monde U17 : Fin de l&rsquo;aventure pour le Burkina Faso, battu par l&rsquo;Italie en quart de finale (1-0)","datePublished":"2025-11-21T17:35:39+00:00","mainEntityOfPage":{"@id":"https:\/\/www.latribunedufaso.net\/?p=25075"},"wordCount":313,"commentCount":0,"publisher":{"@id":"https:\/\/www.latribunedufaso.net\/#organization"},"image":{"@id":"https:\/\/www.latribunedufaso.net\/?p=25075#primaryimage"},"thumbnailUrl":"https:\/\/www.latribunedufaso.net\/wp-content\/uploads\/2025\/11\/FB_IMG_1763746222849.jpg","keywords":["Coupe du monde U17 Qatar 2025","latribunedufaso.net"],"articleSection":["A la une","Actualit\u00e9","Sport"],"inLanguage":"fr-FR","potentialAction":[{"@type":"CommentAction","name":"Comment","target":["https:\/\/www.latribunedufaso.net\/?p=25075#respond"]}]},{"@type":"WebPage","@id":"https:\/\/www.latribunedufaso.net\/?p=25075","url":"https:\/\/www.latribunedufaso.net\/?p=25075","name":"Coupe du Monde U17 : Fin de l'aventure pour le Burkina Faso, battu par l'Italie en quart de finale (1-0) - La Tribune du Faso","isPartOf":{"@id":"https:\/\/www.latribunedufaso.net\/#website"},"primaryImageOfPage":{"@id":"https:\/\/www.latribunedufaso.net\/?p=25075#primaryimage"},"image":{"@id":"https:\/\/www.latribunedufaso.net\/?p=25075#primaryimage"},"thumbnailUrl":"https:\/\/www.latribunedufaso.net\/wp-content\/uploads\/2025\/11\/FB_IMG_1763746222849.jpg","datePublished":"2025-11-21T17:35:39+00:00","breadcrumb":{"@id":"https:\/\/www.latribunedufaso.net\/?p=25075#breadcrumb"},"inLanguage":"fr-FR","potentialAction":[{"@type":"ReadAction","target":["https:\/\/www.latribunedufaso.net\/?p=25075"]}]},{"@type":"ImageObject","inLanguage":"fr-FR","@id":"https:\/\/www.latribunedufaso.net\/?p=25075#primaryimage","url":"https:\/\/www.latribunedufaso.net\/wp-content\/uploads\/2025\/11\/FB_IMG_1763746222849.jpg","contentUrl":"https:\/\/www.latribunedufaso.net\/wp-content\/uploads\/2025\/11\/FB_IMG_1763746222849.jpg","width":1165,"height":1225,"caption":"Coupe du Monde U17 : Fin de l'aventure pour le Burkina Faso, battu par l'Italie en quart de finale (1-0)"},{"@type":"BreadcrumbList","@id":"https:\/\/www.latribunedufaso.net\/?p=25075#breadcrumb","itemListElement":[{"@type":"ListItem","position":1,"name":"Accueil","item":"https:\/\/www.latribunedufaso.net\/"},{"@type":"ListItem","position":2,"name":"Coupe du Monde U17 : Fin de l&rsquo;aventure pour le Burkina Faso, battu par l&rsquo;Italie en quart de finale (1-0)"}]},{"@type":"WebSite","@id":"https:\/\/www.latribunedufaso.net\/#website","url":"https:\/\/www.latribunedufaso.net\/","name":"La Tribune du Faso","description":"L&#039;information du monde rural en un clic","publisher":{"@id":"https:\/\/www.latribunedufaso.net\/#organization"},"potentialAction":[{"@type":"SearchAction","target":{"@type":"EntryPoint","urlTemplate":"https:\/\/www.latribunedufaso.net\/?s={search_term_string}"},"query-input":{"@type":"PropertyValueSpecification","valueRequired":true,"valueName":"search_term_string"}}],"inLanguage":"fr-FR"},{"@type":"Organization","@id":"https:\/\/www.latribunedufaso.net\/#organization","name":"La Tribune du Faso","url":"https:\/\/www.latribunedufaso.net\/","logo":{"@type":"ImageObject","inLanguage":"fr-FR","@id":"https:\/\/www.latribunedufaso.net\/#\/schema\/logo\/image\/","url":"https:\/\/www.latribunedufaso.net\/wp-content\/uploads\/2020\/08\/Logo-Tribune-du-Faso-final-scaled.jpg","contentUrl":"https:\/\/www.latribunedufaso.net\/wp-content\/uploads\/2020\/08\/Logo-Tribune-du-Faso-final-scaled.jpg","width":2560,"height":1856,"caption":"La Tribune du Faso"},"image":{"@id":"https:\/\/www.latribunedufaso.net\/#\/schema\/logo\/image\/"},"sameAs":["https:\/\/www.facebook.com\/LatribuneduFaso\/"]},{"@type":"Person","@id":"https:\/\/www.latribunedufaso.net\/#\/schema\/person\/e54e64c5778a7e72cf80a318b7a622b0","name":"Issouf Tapsoba","image":{"@type":"ImageObject","inLanguage":"fr-FR","@id":"https:\/\/secure.gravatar.com\/avatar\/5e6c05150ce3230247d167f5b94d678eb05936197436d69b7921e3a95c9107ac?s=96&d=mm&r=g","url":"https:\/\/secure.gravatar.com\/avatar\/5e6c05150ce3230247d167f5b94d678eb05936197436d69b7921e3a95c9107ac?s=96&d=mm&r=g","contentUrl":"https:\/\/secure.gravatar.com\/avatar\/5e6c05150ce3230247d167f5b94d678eb05936197436d69b7921e3a95c9107ac?s=96&d=mm&r=g","caption":"Issouf Tapsoba"},"url":"https:\/\/www.latribunedufaso.net\/?author=5"}]}},"_links":{"self":[{"href":"https:\/\/www.latribunedufaso.net\/index.php?rest_route=\/wp\/v2\/posts\/25075","targetHints":{"allow":["GET"]}}],"collection":[{"href":"https:\/\/www.latribunedufaso.net\/index.php?rest_route=\/wp\/v2\/posts"}],"about":[{"href":"https:\/\/www.latribunedufaso.net\/index.php?rest_route=\/wp\/v2\/types\/post"}],"author":[{"embeddable":true,"href":"https:\/\/www.latribunedufaso.net\/index.php?rest_route=\/wp\/v2\/users\/5"}],"replies":[{"embeddable":true,"href":"https:\/\/www.latribunedufaso.net\/index.php?rest_route=%2Fwp%2Fv2%2Fcomments&post=25075"}],"version-history":[{"count":2,"href":"https:\/\/www.latribunedufaso.net\/index.php?rest_route=\/wp\/v2\/posts\/25075\/revisions"}],"predecessor-version":[{"id":25077,"href":"https:\/\/www.latribunedufaso.net\/index.php?rest_route=\/wp\/v2\/posts\/25075\/revisions\/25077"}],"wp:featuredmedia":[{"embeddable":true,"href":"https:\/\/www.latribunedufaso.net\/index.php?rest_route=\/wp\/v2\/media\/25078"}],"wp:attachment":[{"href":"https:\/\/www.latribunedufaso.net\/index.php?rest_route=%2Fwp%2Fv2%2Fmedia&parent=25075"}],"wp:term":[{"taxonomy":"category","embeddable":true,"href":"https:\/\/www.latribunedufaso.net\/index.php?rest_route=%2Fwp%2Fv2%2Fcategories&post=25075"},{"taxonomy":"post_tag","embeddable":true,"href":"https:\/\/www.latribunedufaso.net\/index.php?rest_route=%2Fwp%2Fv2%2Ftags&post=25075"}],"curies":[{"name":"wp","href":"https:\/\/api.w.org\/{rel}","templated":true}]}}