{"id":25040,"date":"2025-11-20T19:19:48","date_gmt":"2025-11-20T19:19:48","guid":{"rendered":"https:\/\/www.latribunedufaso.net\/?p=25040"},"modified":"2025-12-17T20:24:29","modified_gmt":"2025-12-17T20:24:29","slug":"developpement-industriel-le-conseil-des-ministres-decide-de-la-nationalisation-de-la-sn-citec","status":"publish","type":"post","link":"https:\/\/www.latribunedufaso.net\/?p=25040","title":{"rendered":"D\u00e9veloppement industriel : Le Conseil des ministres d\u00e9cide de la nationalisation de la SN-CITEC"},"content":{"rendered":"<p><strong>Le Pr\u00e9sident du Faso, Chef de l\u2019\u00c9tat, Son Excellence le Capitaine Ibrahim TRAOR\u00c9, a pr\u00e9sid\u00e9 ce 20 novembre 2025 \u00e0 Ouagadougou, l\u2019hebdomadaire Conseil des ministres. Lors du point fait \u00e0 la presse \u00e0 la fin des travaux, le ministre Porte-parole du Gouvernement, Gilbert OU\u00c9DRAOGO a indiqu\u00e9 que plusieurs rapports ont \u00e9t\u00e9 adopt\u00e9s et des d\u00e9cisions importantes prises pour la bonne marche de la Nation.<\/strong><!--more--><\/p>\n<p>Pour le compte du minist\u00e8re de l\u2019\u00c9conomie et des Finances, le Conseil a adopt\u00e9 quatre d\u00e9crets portant r\u00e9organisation, \u00e0 travers des fusions, des diff\u00e9rents fonds d&rsquo;\u00c9tat et fonds de financement. Le regroupement des diff\u00e9rents fonds en 4 grands fonds a pour objectif d\u2019accompagner le d\u00e9veloppement industriel du Burkina Faso et le soutien au secteur priv\u00e9 selon le ministre Dr Aboubakar NACANABO.\u00a0<\/p>\n<figure id=\"attachment_25045\" aria-describedby=\"caption-attachment-25045\" style=\"width: 1203px\" class=\"wp-caption aligncenter\"><a href=\"https:\/\/www.latribunedufaso.net\/wp-content\/uploads\/2025\/11\/IMG-20251120-WA0047.jpg\"><img loading=\"lazy\" decoding=\"async\" class=\"size-full wp-image-25045\" src=\"https:\/\/www.latribunedufaso.net\/wp-content\/uploads\/2025\/11\/IMG-20251120-WA0047.jpg\" alt=\"Conseil des ministres du 20 novembre 2025\" width=\"1203\" height=\"1600\" srcset=\"https:\/\/www.latribunedufaso.net\/wp-content\/uploads\/2025\/11\/IMG-20251120-WA0047.jpg 1203w, https:\/\/www.latribunedufaso.net\/wp-content\/uploads\/2025\/11\/IMG-20251120-WA0047-226x300.jpg 226w, https:\/\/www.latribunedufaso.net\/wp-content\/uploads\/2025\/11\/IMG-20251120-WA0047-770x1024.jpg 770w, https:\/\/www.latribunedufaso.net\/wp-content\/uploads\/2025\/11\/IMG-20251120-WA0047-768x1021.jpg 768w, https:\/\/www.latribunedufaso.net\/wp-content\/uploads\/2025\/11\/IMG-20251120-WA0047-1155x1536.jpg 1155w\" sizes=\"auto, (max-width: 1203px) 100vw, 1203px\" \/><\/a><figcaption id=\"caption-attachment-25045\" class=\"wp-caption-text\">Selon le Ministre de l\u2019\u00c9conomie et des Finances, Dr Aboubakar Nacanabo, l\u2019ensemble des fonds du Burkina Faso ont \u00e9t\u00e9 regroup\u00e9s en 4 grands fonds pour plus d\u2019efficacit\u00e9 dans le financement de l\u2019\u00e9conomie &#8211; Ph. DR<\/figcaption><\/figure>\n<p>Ces nouveaux fonds sont :\u00a0<\/p>\n<ul>\n<li>le Fonds burkinab\u00e8 de d\u00e9veloppement \u00e9conomique et social (FBDES) appel\u00e9 <strong><em>\u00ab T\u00f4ogo \u00bb<\/em><\/strong> en langue nationale Moor\u00e9 qui signifie <em><strong>\u00ab Puissance \u00bb<\/strong><\/em> ;<\/li>\n<li>le Fonds d&rsquo;Assistance sociale et de Solidarit\u00e9 nationale (FASSN) d\u00e9nomm\u00e9 <strong><em>\u00ab Seenimin \u00bb<\/em><\/strong> en langue nationale Bwmu qui signifie<em><strong> \u00ab Entraide \u00bb<\/strong><\/em> ;<\/li>\n<li>le Fonds de soutien au Sport et \u00e0 la Presse priv\u00e9e (FASPP) d\u00e9sign\u00e9 <em><strong>\u00ab Wassa Bondo \u00bb<\/strong><\/em> en langue nationale Dioula qui signifie <em><strong>\u00ab le grenier du succ\u00e8s \u00bb<\/strong><\/em> ;<\/li>\n<li>le Fonds de soutien \u00e0 l&rsquo;\u00e9ducation et \u00e0 la recherche (FOSER) d\u00e9nomm\u00e9 <em><strong>\u00ab B\u00e2ngr baoobo \u00bb<\/strong><\/em> en langue nationale Moor\u00e9 qui signifie <em><strong>\u00ab Recherche du savoir \u00bb<\/strong><\/em>.\u00a0<\/li>\n<\/ul>\n<p><em><strong>\u00ab Quand on parle de fusion, il y a n\u00e9cessairement la carri\u00e8re des agents qui se pose. Tous les emplois seront pr\u00e9serv\u00e9s \u00bb,<\/strong> <\/em>rassure le ministre de l\u2019\u00c9conomie et des Finances.<\/p>\n<h3>Nationalisation de la SN-CITEC<\/h3>\n<p>Au titre du minist\u00e8re de l&rsquo;Industrie, du Commerce et de l&rsquo;Artisanat, le Conseil a adopt\u00e9 deux d\u00e9crets portant respectivement nationalisation de la Soci\u00e9t\u00e9 nouvelle-CITEC et approbation de ses statuts particuliers. Le ministre charg\u00e9 de l\u2019Industrie, Serge Gnaniodem PODA explique que cette d\u00e9cision fait suite \u00e0 la volont\u00e9 de l\u2019actionnaire majoritaire de se retirer du capital et de proc\u00e9der \u00e0 la vente de ses parts (53%).\u00a0\u00a0<\/p>\n<figure id=\"attachment_25043\" aria-describedby=\"caption-attachment-25043\" style=\"width: 1333px\" class=\"wp-caption aligncenter\"><a href=\"https:\/\/www.latribunedufaso.net\/wp-content\/uploads\/2025\/11\/IMG-20251120-WA0049.jpg\"><img loading=\"lazy\" decoding=\"async\" class=\"size-full wp-image-25043\" src=\"https:\/\/www.latribunedufaso.net\/wp-content\/uploads\/2025\/11\/IMG-20251120-WA0049.jpg\" alt=\"Conseil des ministres du 20 novembre 2025\" width=\"1333\" height=\"1600\" srcset=\"https:\/\/www.latribunedufaso.net\/wp-content\/uploads\/2025\/11\/IMG-20251120-WA0049.jpg 1333w, https:\/\/www.latribunedufaso.net\/wp-content\/uploads\/2025\/11\/IMG-20251120-WA0049-250x300.jpg 250w, https:\/\/www.latribunedufaso.net\/wp-content\/uploads\/2025\/11\/IMG-20251120-WA0049-853x1024.jpg 853w, https:\/\/www.latribunedufaso.net\/wp-content\/uploads\/2025\/11\/IMG-20251120-WA0049-768x922.jpg 768w, https:\/\/www.latribunedufaso.net\/wp-content\/uploads\/2025\/11\/IMG-20251120-WA0049-1280x1536.jpg 1280w\" sizes=\"auto, (max-width: 1333px) 100vw, 1333px\" \/><\/a><figcaption id=\"caption-attachment-25043\" class=\"wp-caption-text\">Serge Gnaniodem Poda, Ministre de l\u2019Industrie, du Commerce et de l\u2019Artisanat a soutenu que la nationalisation de la soci\u00e9t\u00e9 nouvelle CITEC (SN-CITEC) permettra une gestion strat\u00e9gique de cette unit\u00e9 industrielle &#8211; Ph. DR<\/figcaption><\/figure>\n<p><em><strong>\u00ab Dans un contexte d&rsquo;affirmation de la souverainet\u00e9 industrielle amorc\u00e9e par le Burkina Faso sous le leadership du camarade Capitaine Ibrahim TRAOR\u00c9, Pr\u00e9sident du Faso, Chef de l&rsquo;\u00c9tat, le Gouvernement a approch\u00e9 l\u2019actionnaire majoritaire pour lui exprimer sa volont\u00e9 de proc\u00e9der au rachat de ses parts \u00bb<\/strong><\/em>, indique le ministre Serge Gnagnodem PODA. Devant une situation d\u2019impasse, le gouvernement a d\u00e9cid\u00e9 de la nationalisation de la SN-CITEC, entreprise publique privatis\u00e9e en 1995, pr\u00e9cise le ministre PODA.<\/p>\n<figure id=\"attachment_25044\" aria-describedby=\"caption-attachment-25044\" style=\"width: 1268px\" class=\"wp-caption aligncenter\"><a href=\"https:\/\/www.latribunedufaso.net\/wp-content\/uploads\/2025\/11\/IMG-20251120-WA0048.jpg\"><img loading=\"lazy\" decoding=\"async\" class=\"size-full wp-image-25044\" src=\"https:\/\/www.latribunedufaso.net\/wp-content\/uploads\/2025\/11\/IMG-20251120-WA0048.jpg\" alt=\"Conseil des ministres du 20 novembre 2025\" width=\"1268\" height=\"1600\" srcset=\"https:\/\/www.latribunedufaso.net\/wp-content\/uploads\/2025\/11\/IMG-20251120-WA0048.jpg 1268w, https:\/\/www.latribunedufaso.net\/wp-content\/uploads\/2025\/11\/IMG-20251120-WA0048-238x300.jpg 238w, https:\/\/www.latribunedufaso.net\/wp-content\/uploads\/2025\/11\/IMG-20251120-WA0048-812x1024.jpg 812w, https:\/\/www.latribunedufaso.net\/wp-content\/uploads\/2025\/11\/IMG-20251120-WA0048-768x969.jpg 768w, https:\/\/www.latribunedufaso.net\/wp-content\/uploads\/2025\/11\/IMG-20251120-WA0048-1217x1536.jpg 1217w\" sizes=\"auto, (max-width: 1268px) 100vw, 1268px\" \/><\/a><figcaption id=\"caption-attachment-25044\" class=\"wp-caption-text\">Le Conseil des Ministres a adopt\u00e9 un projet de loi portant r\u00e9vision de la Constitution, a indiqu\u00e9 Edasso Rodrigue Bayala, Ministre de la Justice et des Droits humains, charg\u00e9 des Relations avec les Institutions, Garde des Sceaux &#8211; Ph. DR<\/figcaption><\/figure>\n<h3>Un nouvel organe pour regrouper le CSC et la CIL<\/h3>\n<p>Pour le compte du minist\u00e8re de la Justice et des Droits humains, charg\u00e9 des Relations avec les Institutions, le Conseil a adopt\u00e9 trois projets de loi. Le premier projet de loi est relatif \u00e0 la r\u00e9vision de la Constitution, le deuxi\u00e8me porte modification de la loi portant protection des personnes \u00e0 l\u2019\u00e9gard du traitement des donn\u00e9es \u00e0 caract\u00e8re personnel et le troisi\u00e8me projet de loi porte attributions, composition, organisation et fonctionnement de l\u2019Autorit\u00e9 de r\u00e9gulation de la communication et de protection des donn\u00e9es \u00e0 caract\u00e8re personnel.\u00a0<\/p>\n<blockquote>\n<p>Lire aussi >> <a href=\"https:\/\/www.latribunedufaso.net\/?p=19250\">Industrialisation : Le Chef de l\u2019\u00c9tat inaugure une unit\u00e9 industrielle de d\u00e9tergent\u00a0<\/a><\/p>\n<\/blockquote>\n<p><iframe loading=\"lazy\" title=\"YouTube video player\" src=\"https:\/\/www.youtube.com\/embed\/-9COJEytYZI?si=fEeql5glvEAu7vW6\" width=\"560\" height=\"315\" frameborder=\"0\" allowfullscreen=\"allowfullscreen\"><\/iframe><\/p>\n<p>\u00c0 propos du deuxi\u00e8me et troisi\u00e8me projet de loi, le ministre charg\u00e9 de la Justice, Me Edasso Rodrigue BAYALA, explique qu\u2019il s&rsquo;agit de rassembler et de donner \u00e0 un m\u00eame organe les comp\u00e9tences pour r\u00e9guler aussi bien la communication que le domaine de la protection des donn\u00e9es \u00e0 caract\u00e8re personnel.\u00a0<\/p>\n<p><strong>Latribunedufaso.net<\/strong><\/p>\n<p><strong>Source : Direction de la communication de la Pr\u00e9sidence du Faso<\/strong><\/p>\n<p><iframe loading=\"lazy\" width=\"560\" height=\"315\" src=\"https:\/\/www.youtube.com\/embed\/OaeaFguf52s?si=lQ0MnkfQn_Zp2zv9\" title=\"YouTube video player\" frameborder=\"0\" allow=\"accelerometer; autoplay; clipboard-write; encrypted-media; gyroscope; picture-in-picture; web-share\" referrerpolicy=\"strict-origin-when-cross-origin\" allowfullscreen><\/iframe><\/p>\n<p><iframe loading=\"lazy\" width=\"560\" height=\"315\" src=\"https:\/\/www.youtube.com\/embed\/UObXoxZfnf0?si=_CnNr5y7MCCypcYx\" title=\"YouTube video player\" frameborder=\"0\" allow=\"accelerometer; autoplay; clipboard-write; encrypted-media; gyroscope; picture-in-picture; web-share\" referrerpolicy=\"strict-origin-when-cross-origin\" allowfullscreen><\/iframe><\/p>\n","protected":false},"excerpt":{"rendered":"<p>Le Pr\u00e9sident du Faso, Chef de l\u2019\u00c9tat, Son Excellence le Capitaine Ibrahim TRAOR\u00c9, a pr\u00e9sid\u00e9 ce 20 novembre 2025 \u00e0 Ouagadougou, l\u2019hebdomadaire Conseil des ministres. Lors du point fait \u00e0 la presse \u00e0 la fin des travaux, le ministre Porte-parole du Gouvernement, Gilbert OU\u00c9DRAOGO a indiqu\u00e9 que plusieurs rapports ont \u00e9t\u00e9 adopt\u00e9s et des d\u00e9cisions importantes prises pour la bonne marche de la Nation.<\/p>\n","protected":false},"author":5,"featured_media":25042,"comment_status":"open","ping_status":"open","sticky":false,"template":"","format":"standard","meta":{"footnotes":""},"categories":[13,1,8],"tags":[79,675,39],"class_list":["post-25040","post","type-post","status-publish","format-standard","has-post-thumbnail","hentry","category-une","category-actu","category-societe","tag-conseil-des-ministres","tag-csc","tag-latribunedufaso-net"],"yoast_head":"<!-- This site is optimized with the Yoast SEO plugin v27.4 - https:\/\/yoast.com\/product\/yoast-seo-wordpress\/ -->\n<title>D\u00e9veloppement industriel : Le Conseil des ministres d\u00e9cide de la nationalisation de la SN-CITEC - La Tribune du Faso<\/title>\n<meta name=\"robots\" content=\"index, follow, max-snippet:-1, max-image-preview:large, max-video-preview:-1\" \/>\n<link rel=\"canonical\" href=\"https:\/\/www.latribunedufaso.net\/?p=25040\" \/>\n<meta property=\"og:locale\" content=\"fr_FR\" \/>\n<meta property=\"og:type\" content=\"article\" \/>\n<meta property=\"og:title\" content=\"D\u00e9veloppement industriel : Le Conseil des ministres d\u00e9cide de la nationalisation de la SN-CITEC - La Tribune du Faso\" \/>\n<meta property=\"og:description\" content=\"Le Pr\u00e9sident du Faso, Chef de l\u2019\u00c9tat, Son Excellence le Capitaine Ibrahim TRAOR\u00c9, a pr\u00e9sid\u00e9 ce 20 novembre 2025 \u00e0 Ouagadougou, l\u2019hebdomadaire Conseil des ministres. Lors du point fait \u00e0 la presse \u00e0 la fin des travaux, le ministre Porte-parole du Gouvernement, Gilbert OU\u00c9DRAOGO a indiqu\u00e9 que plusieurs rapports ont \u00e9t\u00e9 adopt\u00e9s et des d\u00e9cisions importantes prises pour la bonne marche de la Nation.\" \/>\n<meta property=\"og:url\" content=\"https:\/\/www.latribunedufaso.net\/?p=25040\" \/>\n<meta property=\"og:site_name\" content=\"La Tribune du Faso\" \/>\n<meta property=\"article:publisher\" content=\"https:\/\/www.facebook.com\/LatribuneduFaso\/\" \/>\n<meta property=\"article:published_time\" content=\"2025-11-20T19:19:48+00:00\" \/>\n<meta property=\"article:modified_time\" content=\"2025-12-17T20:24:29+00:00\" \/>\n<meta property=\"og:image\" content=\"https:\/\/www.latribunedufaso.net\/wp-content\/uploads\/2025\/11\/IMG-20251120-WA0050.jpg\" \/>\n\t<meta property=\"og:image:width\" content=\"1600\" \/>\n\t<meta property=\"og:image:height\" content=\"1333\" \/>\n\t<meta property=\"og:image:type\" content=\"image\/jpeg\" \/>\n<meta name=\"author\" content=\"Issouf Tapsoba\" \/>\n<meta name=\"twitter:label1\" content=\"\u00c9crit par\" \/>\n\t<meta name=\"twitter:data1\" content=\"Issouf Tapsoba\" \/>\n\t<meta name=\"twitter:label2\" content=\"Dur\u00e9e de lecture estim\u00e9e\" \/>\n\t<meta name=\"twitter:data2\" content=\"5 minutes\" \/>\n<script type=\"application\/ld+json\" class=\"yoast-schema-graph\">{\"@context\":\"https:\\\/\\\/schema.org\",\"@graph\":[{\"@type\":\"Article\",\"@id\":\"https:\\\/\\\/www.latribunedufaso.net\\\/?p=25040#article\",\"isPartOf\":{\"@id\":\"https:\\\/\\\/www.latribunedufaso.net\\\/?p=25040\"},\"author\":{\"name\":\"Issouf Tapsoba\",\"@id\":\"https:\\\/\\\/www.latribunedufaso.net\\\/#\\\/schema\\\/person\\\/e54e64c5778a7e72cf80a318b7a622b0\"},\"headline\":\"D\u00e9veloppement industriel : Le Conseil des ministres d\u00e9cide de la nationalisation de la SN-CITEC\",\"datePublished\":\"2025-11-20T19:19:48+00:00\",\"dateModified\":\"2025-12-17T20:24:29+00:00\",\"mainEntityOfPage\":{\"@id\":\"https:\\\/\\\/www.latribunedufaso.net\\\/?p=25040\"},\"wordCount\":761,\"commentCount\":0,\"publisher\":{\"@id\":\"https:\\\/\\\/www.latribunedufaso.net\\\/#organization\"},\"image\":{\"@id\":\"https:\\\/\\\/www.latribunedufaso.net\\\/?p=25040#primaryimage\"},\"thumbnailUrl\":\"https:\\\/\\\/www.latribunedufaso.net\\\/wp-content\\\/uploads\\\/2025\\\/11\\\/IMG-20251120-WA0050.jpg\",\"keywords\":[\"conseil des ministres\",\"CSC\",\"latribunedufaso.net\"],\"articleSection\":[\"A la une\",\"Actualit\u00e9\",\"Soci\u00e9t\u00e9\"],\"inLanguage\":\"fr-FR\",\"potentialAction\":[{\"@type\":\"CommentAction\",\"name\":\"Comment\",\"target\":[\"https:\\\/\\\/www.latribunedufaso.net\\\/?p=25040#respond\"]}]},{\"@type\":\"WebPage\",\"@id\":\"https:\\\/\\\/www.latribunedufaso.net\\\/?p=25040\",\"url\":\"https:\\\/\\\/www.latribunedufaso.net\\\/?p=25040\",\"name\":\"D\u00e9veloppement industriel : Le Conseil des ministres d\u00e9cide de la nationalisation de la SN-CITEC - La Tribune du Faso\",\"isPartOf\":{\"@id\":\"https:\\\/\\\/www.latribunedufaso.net\\\/#website\"},\"primaryImageOfPage\":{\"@id\":\"https:\\\/\\\/www.latribunedufaso.net\\\/?p=25040#primaryimage\"},\"image\":{\"@id\":\"https:\\\/\\\/www.latribunedufaso.net\\\/?p=25040#primaryimage\"},\"thumbnailUrl\":\"https:\\\/\\\/www.latribunedufaso.net\\\/wp-content\\\/uploads\\\/2025\\\/11\\\/IMG-20251120-WA0050.jpg\",\"datePublished\":\"2025-11-20T19:19:48+00:00\",\"dateModified\":\"2025-12-17T20:24:29+00:00\",\"breadcrumb\":{\"@id\":\"https:\\\/\\\/www.latribunedufaso.net\\\/?p=25040#breadcrumb\"},\"inLanguage\":\"fr-FR\",\"potentialAction\":[{\"@type\":\"ReadAction\",\"target\":[\"https:\\\/\\\/www.latribunedufaso.net\\\/?p=25040\"]}]},{\"@type\":\"ImageObject\",\"inLanguage\":\"fr-FR\",\"@id\":\"https:\\\/\\\/www.latribunedufaso.net\\\/?p=25040#primaryimage\",\"url\":\"https:\\\/\\\/www.latribunedufaso.net\\\/wp-content\\\/uploads\\\/2025\\\/11\\\/IMG-20251120-WA0050.jpg\",\"contentUrl\":\"https:\\\/\\\/www.latribunedufaso.net\\\/wp-content\\\/uploads\\\/2025\\\/11\\\/IMG-20251120-WA0050.jpg\",\"width\":1600,\"height\":1333,\"caption\":\"Conseil des ministres du 20 novembre 2025\"},{\"@type\":\"BreadcrumbList\",\"@id\":\"https:\\\/\\\/www.latribunedufaso.net\\\/?p=25040#breadcrumb\",\"itemListElement\":[{\"@type\":\"ListItem\",\"position\":1,\"name\":\"Accueil\",\"item\":\"https:\\\/\\\/www.latribunedufaso.net\\\/\"},{\"@type\":\"ListItem\",\"position\":2,\"name\":\"D\u00e9veloppement industriel : Le Conseil des ministres d\u00e9cide de la nationalisation de la SN-CITEC\"}]},{\"@type\":\"WebSite\",\"@id\":\"https:\\\/\\\/www.latribunedufaso.net\\\/#website\",\"url\":\"https:\\\/\\\/www.latribunedufaso.net\\\/\",\"name\":\"La Tribune du Faso\",\"description\":\"L&#039;information du monde rural en un clic\",\"publisher\":{\"@id\":\"https:\\\/\\\/www.latribunedufaso.net\\\/#organization\"},\"potentialAction\":[{\"@type\":\"SearchAction\",\"target\":{\"@type\":\"EntryPoint\",\"urlTemplate\":\"https:\\\/\\\/www.latribunedufaso.net\\\/?s={search_term_string}\"},\"query-input\":{\"@type\":\"PropertyValueSpecification\",\"valueRequired\":true,\"valueName\":\"search_term_string\"}}],\"inLanguage\":\"fr-FR\"},{\"@type\":\"Organization\",\"@id\":\"https:\\\/\\\/www.latribunedufaso.net\\\/#organization\",\"name\":\"La Tribune du Faso\",\"url\":\"https:\\\/\\\/www.latribunedufaso.net\\\/\",\"logo\":{\"@type\":\"ImageObject\",\"inLanguage\":\"fr-FR\",\"@id\":\"https:\\\/\\\/www.latribunedufaso.net\\\/#\\\/schema\\\/logo\\\/image\\\/\",\"url\":\"https:\\\/\\\/www.latribunedufaso.net\\\/wp-content\\\/uploads\\\/2020\\\/08\\\/Logo-Tribune-du-Faso-final-scaled.jpg\",\"contentUrl\":\"https:\\\/\\\/www.latribunedufaso.net\\\/wp-content\\\/uploads\\\/2020\\\/08\\\/Logo-Tribune-du-Faso-final-scaled.jpg\",\"width\":2560,\"height\":1856,\"caption\":\"La Tribune du Faso\"},\"image\":{\"@id\":\"https:\\\/\\\/www.latribunedufaso.net\\\/#\\\/schema\\\/logo\\\/image\\\/\"},\"sameAs\":[\"https:\\\/\\\/www.facebook.com\\\/LatribuneduFaso\\\/\"]},{\"@type\":\"Person\",\"@id\":\"https:\\\/\\\/www.latribunedufaso.net\\\/#\\\/schema\\\/person\\\/e54e64c5778a7e72cf80a318b7a622b0\",\"name\":\"Issouf Tapsoba\",\"image\":{\"@type\":\"ImageObject\",\"inLanguage\":\"fr-FR\",\"@id\":\"https:\\\/\\\/secure.gravatar.com\\\/avatar\\\/5e6c05150ce3230247d167f5b94d678eb05936197436d69b7921e3a95c9107ac?s=96&d=mm&r=g\",\"url\":\"https:\\\/\\\/secure.gravatar.com\\\/avatar\\\/5e6c05150ce3230247d167f5b94d678eb05936197436d69b7921e3a95c9107ac?s=96&d=mm&r=g\",\"contentUrl\":\"https:\\\/\\\/secure.gravatar.com\\\/avatar\\\/5e6c05150ce3230247d167f5b94d678eb05936197436d69b7921e3a95c9107ac?s=96&d=mm&r=g\",\"caption\":\"Issouf Tapsoba\"},\"url\":\"https:\\\/\\\/www.latribunedufaso.net\\\/?author=5\"}]}<\/script>\n<!-- \/ Yoast SEO plugin. -->","yoast_head_json":{"title":"D\u00e9veloppement industriel : Le Conseil des ministres d\u00e9cide de la nationalisation de la SN-CITEC - La Tribune du Faso","robots":{"index":"index","follow":"follow","max-snippet":"max-snippet:-1","max-image-preview":"max-image-preview:large","max-video-preview":"max-video-preview:-1"},"canonical":"https:\/\/www.latribunedufaso.net\/?p=25040","og_locale":"fr_FR","og_type":"article","og_title":"D\u00e9veloppement industriel : Le Conseil des ministres d\u00e9cide de la nationalisation de la SN-CITEC - La Tribune du Faso","og_description":"Le Pr\u00e9sident du Faso, Chef de l\u2019\u00c9tat, Son Excellence le Capitaine Ibrahim TRAOR\u00c9, a pr\u00e9sid\u00e9 ce 20 novembre 2025 \u00e0 Ouagadougou, l\u2019hebdomadaire Conseil des ministres. Lors du point fait \u00e0 la presse \u00e0 la fin des travaux, le ministre Porte-parole du Gouvernement, Gilbert OU\u00c9DRAOGO a indiqu\u00e9 que plusieurs rapports ont \u00e9t\u00e9 adopt\u00e9s et des d\u00e9cisions importantes prises pour la bonne marche de la Nation.","og_url":"https:\/\/www.latribunedufaso.net\/?p=25040","og_site_name":"La Tribune du Faso","article_publisher":"https:\/\/www.facebook.com\/LatribuneduFaso\/","article_published_time":"2025-11-20T19:19:48+00:00","article_modified_time":"2025-12-17T20:24:29+00:00","og_image":[{"width":1600,"height":1333,"url":"https:\/\/www.latribunedufaso.net\/wp-content\/uploads\/2025\/11\/IMG-20251120-WA0050.jpg","type":"image\/jpeg"}],"author":"Issouf Tapsoba","twitter_misc":{"\u00c9crit par":"Issouf Tapsoba","Dur\u00e9e de lecture estim\u00e9e":"5 minutes"},"schema":{"@context":"https:\/\/schema.org","@graph":[{"@type":"Article","@id":"https:\/\/www.latribunedufaso.net\/?p=25040#article","isPartOf":{"@id":"https:\/\/www.latribunedufaso.net\/?p=25040"},"author":{"name":"Issouf Tapsoba","@id":"https:\/\/www.latribunedufaso.net\/#\/schema\/person\/e54e64c5778a7e72cf80a318b7a622b0"},"headline":"D\u00e9veloppement industriel : Le Conseil des ministres d\u00e9cide de la nationalisation de la SN-CITEC","datePublished":"2025-11-20T19:19:48+00:00","dateModified":"2025-12-17T20:24:29+00:00","mainEntityOfPage":{"@id":"https:\/\/www.latribunedufaso.net\/?p=25040"},"wordCount":761,"commentCount":0,"publisher":{"@id":"https:\/\/www.latribunedufaso.net\/#organization"},"image":{"@id":"https:\/\/www.latribunedufaso.net\/?p=25040#primaryimage"},"thumbnailUrl":"https:\/\/www.latribunedufaso.net\/wp-content\/uploads\/2025\/11\/IMG-20251120-WA0050.jpg","keywords":["conseil des ministres","CSC","latribunedufaso.net"],"articleSection":["A la une","Actualit\u00e9","Soci\u00e9t\u00e9"],"inLanguage":"fr-FR","potentialAction":[{"@type":"CommentAction","name":"Comment","target":["https:\/\/www.latribunedufaso.net\/?p=25040#respond"]}]},{"@type":"WebPage","@id":"https:\/\/www.latribunedufaso.net\/?p=25040","url":"https:\/\/www.latribunedufaso.net\/?p=25040","name":"D\u00e9veloppement industriel : Le Conseil des ministres d\u00e9cide de la nationalisation de la SN-CITEC - La Tribune du Faso","isPartOf":{"@id":"https:\/\/www.latribunedufaso.net\/#website"},"primaryImageOfPage":{"@id":"https:\/\/www.latribunedufaso.net\/?p=25040#primaryimage"},"image":{"@id":"https:\/\/www.latribunedufaso.net\/?p=25040#primaryimage"},"thumbnailUrl":"https:\/\/www.latribunedufaso.net\/wp-content\/uploads\/2025\/11\/IMG-20251120-WA0050.jpg","datePublished":"2025-11-20T19:19:48+00:00","dateModified":"2025-12-17T20:24:29+00:00","breadcrumb":{"@id":"https:\/\/www.latribunedufaso.net\/?p=25040#breadcrumb"},"inLanguage":"fr-FR","potentialAction":[{"@type":"ReadAction","target":["https:\/\/www.latribunedufaso.net\/?p=25040"]}]},{"@type":"ImageObject","inLanguage":"fr-FR","@id":"https:\/\/www.latribunedufaso.net\/?p=25040#primaryimage","url":"https:\/\/www.latribunedufaso.net\/wp-content\/uploads\/2025\/11\/IMG-20251120-WA0050.jpg","contentUrl":"https:\/\/www.latribunedufaso.net\/wp-content\/uploads\/2025\/11\/IMG-20251120-WA0050.jpg","width":1600,"height":1333,"caption":"Conseil des ministres du 20 novembre 2025"},{"@type":"BreadcrumbList","@id":"https:\/\/www.latribunedufaso.net\/?p=25040#breadcrumb","itemListElement":[{"@type":"ListItem","position":1,"name":"Accueil","item":"https:\/\/www.latribunedufaso.net\/"},{"@type":"ListItem","position":2,"name":"D\u00e9veloppement industriel : Le Conseil des ministres d\u00e9cide de la nationalisation de la SN-CITEC"}]},{"@type":"WebSite","@id":"https:\/\/www.latribunedufaso.net\/#website","url":"https:\/\/www.latribunedufaso.net\/","name":"La Tribune du Faso","description":"L&#039;information du monde rural en un clic","publisher":{"@id":"https:\/\/www.latribunedufaso.net\/#organization"},"potentialAction":[{"@type":"SearchAction","target":{"@type":"EntryPoint","urlTemplate":"https:\/\/www.latribunedufaso.net\/?s={search_term_string}"},"query-input":{"@type":"PropertyValueSpecification","valueRequired":true,"valueName":"search_term_string"}}],"inLanguage":"fr-FR"},{"@type":"Organization","@id":"https:\/\/www.latribunedufaso.net\/#organization","name":"La Tribune du Faso","url":"https:\/\/www.latribunedufaso.net\/","logo":{"@type":"ImageObject","inLanguage":"fr-FR","@id":"https:\/\/www.latribunedufaso.net\/#\/schema\/logo\/image\/","url":"https:\/\/www.latribunedufaso.net\/wp-content\/uploads\/2020\/08\/Logo-Tribune-du-Faso-final-scaled.jpg","contentUrl":"https:\/\/www.latribunedufaso.net\/wp-content\/uploads\/2020\/08\/Logo-Tribune-du-Faso-final-scaled.jpg","width":2560,"height":1856,"caption":"La Tribune du Faso"},"image":{"@id":"https:\/\/www.latribunedufaso.net\/#\/schema\/logo\/image\/"},"sameAs":["https:\/\/www.facebook.com\/LatribuneduFaso\/"]},{"@type":"Person","@id":"https:\/\/www.latribunedufaso.net\/#\/schema\/person\/e54e64c5778a7e72cf80a318b7a622b0","name":"Issouf Tapsoba","image":{"@type":"ImageObject","inLanguage":"fr-FR","@id":"https:\/\/secure.gravatar.com\/avatar\/5e6c05150ce3230247d167f5b94d678eb05936197436d69b7921e3a95c9107ac?s=96&d=mm&r=g","url":"https:\/\/secure.gravatar.com\/avatar\/5e6c05150ce3230247d167f5b94d678eb05936197436d69b7921e3a95c9107ac?s=96&d=mm&r=g","contentUrl":"https:\/\/secure.gravatar.com\/avatar\/5e6c05150ce3230247d167f5b94d678eb05936197436d69b7921e3a95c9107ac?s=96&d=mm&r=g","caption":"Issouf Tapsoba"},"url":"https:\/\/www.latribunedufaso.net\/?author=5"}]}},"_links":{"self":[{"href":"https:\/\/www.latribunedufaso.net\/index.php?rest_route=\/wp\/v2\/posts\/25040","targetHints":{"allow":["GET"]}}],"collection":[{"href":"https:\/\/www.latribunedufaso.net\/index.php?rest_route=\/wp\/v2\/posts"}],"about":[{"href":"https:\/\/www.latribunedufaso.net\/index.php?rest_route=\/wp\/v2\/types\/post"}],"author":[{"embeddable":true,"href":"https:\/\/www.latribunedufaso.net\/index.php?rest_route=\/wp\/v2\/users\/5"}],"replies":[{"embeddable":true,"href":"https:\/\/www.latribunedufaso.net\/index.php?rest_route=%2Fwp%2Fv2%2Fcomments&post=25040"}],"version-history":[{"count":7,"href":"https:\/\/www.latribunedufaso.net\/index.php?rest_route=\/wp\/v2\/posts\/25040\/revisions"}],"predecessor-version":[{"id":25892,"href":"https:\/\/www.latribunedufaso.net\/index.php?rest_route=\/wp\/v2\/posts\/25040\/revisions\/25892"}],"wp:featuredmedia":[{"embeddable":true,"href":"https:\/\/www.latribunedufaso.net\/index.php?rest_route=\/wp\/v2\/media\/25042"}],"wp:attachment":[{"href":"https:\/\/www.latribunedufaso.net\/index.php?rest_route=%2Fwp%2Fv2%2Fmedia&parent=25040"}],"wp:term":[{"taxonomy":"category","embeddable":true,"href":"https:\/\/www.latribunedufaso.net\/index.php?rest_route=%2Fwp%2Fv2%2Fcategories&post=25040"},{"taxonomy":"post_tag","embeddable":true,"href":"https:\/\/www.latribunedufaso.net\/index.php?rest_route=%2Fwp%2Fv2%2Ftags&post=25040"}],"curies":[{"name":"wp","href":"https:\/\/api.w.org\/{rel}","templated":true}]}}