{"id":25021,"date":"2025-11-19T16:40:28","date_gmt":"2025-11-19T16:40:28","guid":{"rendered":"https:\/\/www.latribunedufaso.net\/?p=25021"},"modified":"2025-11-19T16:40:28","modified_gmt":"2025-11-19T16:40:28","slug":"lutte-contre-le-terrorisme-en-afrique-de-louest-laes-defend-une-strategie-sahelienne-unifiee-contre-le-terrorisme-a-lonu","status":"publish","type":"post","link":"https:\/\/www.latribunedufaso.net\/?p=25021","title":{"rendered":"Lutte contre le terrorisme en Afrique de l&rsquo;Ouest : L\u2019AES d\u00e9fend une strat\u00e9gie sah\u00e9lienne unifi\u00e9e contre le terrorisme \u00e0 l&rsquo;ONU"},"content":{"rendered":"<p style=\"text-align: left;\"><strong>Ce 18 novembre 2025 \u00e0 New York, l&rsquo;Ambassadeur et Repr\u00e9sentant Permanent du Mali, Issa Konfourou, a livr\u00e9 au nom de la Conf\u00e9d\u00e9ration des \u00c9tats du Sahel (AES), une intervention devant le Conseil de s\u00e9curit\u00e9 des Nations Unies, r\u00e9uni sous la pr\u00e9sidence de Julius Maada Bio, Pr\u00e9sident de la Sierra Leone. C&rsquo;\u00e9tait \u00e0 l\u2019occasion de la r\u00e9union publique d\u2019information du Conseil de s\u00e9curit\u00e9 des Nations Unies sur la <em>\u00ab Consolidation de la paix en Afrique de l\u2019Ouest : Relancer la coop\u00e9ration r\u00e9gionale dans la lutte contre le terrorisme en Afrique de l\u2019Ouest et au Sahel \u00bb<\/em><\/strong><br \/><!--more--><\/p>\n<p style=\"text-align: left;\">L\u2019AES a d\u00e9nonc\u00e9 un terrorisme impos\u00e9 et soutenu par des acteurs \u00e9tatiques \u00e9trangers, qui continue de frapper durement les populations, les infrastructures civiles et les services sociaux essentiels dans toute la r\u00e9gion sah\u00e9lienne. L\u2019Ambassadeur a rappel\u00e9 que face \u00e0 cette menace persistante, les dirigeants des trois \u00c9tats ont choisi, en toute souverainet\u00e9, de cr\u00e9er la Conf\u00e9d\u00e9ration AES afin de mutualiser leurs efforts en mati\u00e8re de d\u00e9fense, de diplomatie et de d\u00e9veloppement.<\/p>\n<p style=\"text-align: left;\">Il a rendu un hommage aux Forces de D\u00e9fense et de S\u00e9curit\u00e9 conf\u00e9d\u00e9rales, engag\u00e9es quotidiennement contre les groupes terroristes, tout en soulignant que la lutte contre le terrorisme doit rester r\u00e9gionale et internationale. L\u2019AES se dit ouverte \u00e0 la coop\u00e9ration, mais uniquement dans le respect total de la souverainet\u00e9 et des choix strat\u00e9giques de ses membres.<\/p>\n<figure id=\"attachment_25023\" aria-describedby=\"caption-attachment-25023\" style=\"width: 600px\" class=\"wp-caption aligncenter\"><a href=\"https:\/\/www.latribunedufaso.net\/wp-content\/uploads\/2025\/11\/images-15.jpeg\"><img loading=\"lazy\" decoding=\"async\" class=\"size-full wp-image-25023\" src=\"https:\/\/www.latribunedufaso.net\/wp-content\/uploads\/2025\/11\/images-15.jpeg\" alt=\"Le discours de l'Ambassadeur et Repr\u00e9sentant Permanent du Mali, Issa Konfourou au nom de l'AES devant le Conseil de s\u00e9curit\u00e9 des Nations Unies, 18 novembre 2025\" width=\"600\" height=\"333\" srcset=\"https:\/\/www.latribunedufaso.net\/wp-content\/uploads\/2025\/11\/images-15.jpeg 600w, https:\/\/www.latribunedufaso.net\/wp-content\/uploads\/2025\/11\/images-15-300x167.jpeg 300w\" sizes=\"auto, (max-width: 600px) 100vw, 600px\" \/><\/a><figcaption id=\"caption-attachment-25023\" class=\"wp-caption-text\">L&rsquo;Ambassadeur, Repr\u00e9sentant Permanent du Mali \u00e0 New York, Issa Konfourou &#8211; Ph. DR<\/figcaption><\/figure>\n<p style=\"text-align: left;\">L\u2019Ambassadeur a appel\u00e9 \u00e0 une reconstruction de la confiance r\u00e9gionale, d\u00e9non\u00e7ant les ing\u00e9rences ext\u00e9rieures, les sanctions jug\u00e9es \u00ab ill\u00e9gales, injustes et inhumaines \u00bb ainsi que les menaces d\u2019intervention militaire. Il a plaid\u00e9 pour une approche nouvelle fond\u00e9e sur le dialogue et le partage de renseignements.<\/p>\n<p style=\"text-align: left;\">Concernant la coop\u00e9ration internationale, il a insist\u00e9 sur la n\u00e9cessit\u00e9 de r\u00e9ponses concr\u00e8tes et adapt\u00e9es, rappelant l\u2019\u00e9chec de la MINUSMA \u00e0 r\u00e9pondre aux besoins s\u00e9curitaires du Mali. Il a \u00e9galement alert\u00e9 sur le faible niveau de l\u2019aide humanitaire, limit\u00e9 \u00e0 seulement 14% des besoins au Sahel.<\/p>\n<blockquote>\n<p>Lire aussi &gt;&gt; <a href=\"https:\/\/www.latribunedufaso.net\/?p=24661\">Conf\u00e9rence sur le panafricanisme et la dynamique AES : \u00ab l\u2019Afrique n\u2019a pas seulement besoin de se souvenir, elle a besoin d\u2019agir \u00bb dixit le Chef de la diplomatie burkinab\u00e8\u00a0<\/a><\/p>\n<\/blockquote>\n<p style=\"text-align: left;\">Enfin, il a d\u00e9nonc\u00e9 un <em><strong>\u00ab terrorisme m\u00e9diatique \u00bb<\/strong><\/em> aliment\u00e9 par une presse militante, selon lui. Avant de clore son discours, il a rendu un hommage aux victimes du terrorisme, notamment la Malienne Mariam Ciss\u00e9, r\u00e9cemment assassin\u00e9e. Il a r\u00e9affirm\u00e9 la d\u00e9termination de l\u2019AES \u00e0 vaincre le terrorisme et l\u2019extr\u00e9misme violent.<\/p>\n<p><strong>Latribunedufaso.net<\/strong><\/p>\n","protected":false},"excerpt":{"rendered":"<p>Ce 18 novembre 2025 \u00e0 New York, l&rsquo;Ambassadeur et Repr\u00e9sentant Permanent du Mali, Issa Konfourou, a livr\u00e9 au nom de la Conf\u00e9d\u00e9ration des \u00c9tats du Sahel (AES), une intervention devant le Conseil de s\u00e9curit\u00e9 des Nations Unies, r\u00e9uni sous la pr\u00e9sidence de Julius Maada Bio, Pr\u00e9sident de la Sierra Leone. C&rsquo;\u00e9tait \u00e0 l\u2019occasion de la r\u00e9union publique d\u2019information du Conseil de s\u00e9curit\u00e9 des Nations Unies sur la \u00ab Consolidation de la paix en Afrique de l\u2019Ouest : Relancer la coop\u00e9ration r\u00e9gionale dans la lutte contre le terrorisme en Afrique de l\u2019Ouest et au Sahel \u00bb<\/p>\n","protected":false},"author":5,"featured_media":25023,"comment_status":"open","ping_status":"open","sticky":false,"template":"","format":"standard","meta":{"footnotes":""},"categories":[13,1,8],"tags":[577,39,138],"class_list":["post-25021","post","type-post","status-publish","format-standard","has-post-thumbnail","hentry","category-une","category-actu","category-societe","tag-alliance-des-etats-du-sahel-aes","tag-latribunedufaso-net","tag-lutte-contre-le-terrorisme"],"yoast_head":"<!-- This site is optimized with the Yoast SEO plugin v27.4 - https:\/\/yoast.com\/product\/yoast-seo-wordpress\/ -->\n<title>Lutte contre le terrorisme en Afrique de l&#039;Ouest : L\u2019AES d\u00e9fend une strat\u00e9gie sah\u00e9lienne unifi\u00e9e contre le terrorisme \u00e0 l&#039;ONU - La Tribune du Faso<\/title>\n<meta name=\"robots\" content=\"index, follow, max-snippet:-1, max-image-preview:large, max-video-preview:-1\" \/>\n<link rel=\"canonical\" href=\"https:\/\/www.latribunedufaso.net\/?p=25021\" \/>\n<meta property=\"og:locale\" content=\"fr_FR\" \/>\n<meta property=\"og:type\" content=\"article\" \/>\n<meta property=\"og:title\" content=\"Lutte contre le terrorisme en Afrique de l&#039;Ouest : L\u2019AES d\u00e9fend une strat\u00e9gie sah\u00e9lienne unifi\u00e9e contre le terrorisme \u00e0 l&#039;ONU - La Tribune du Faso\" \/>\n<meta property=\"og:description\" content=\"Ce 18 novembre 2025 \u00e0 New York, l&rsquo;Ambassadeur et Repr\u00e9sentant Permanent du Mali, Issa Konfourou, a livr\u00e9 au nom de la Conf\u00e9d\u00e9ration des \u00c9tats du Sahel (AES), une intervention devant le Conseil de s\u00e9curit\u00e9 des Nations Unies, r\u00e9uni sous la pr\u00e9sidence de Julius Maada Bio, Pr\u00e9sident de la Sierra Leone. C&rsquo;\u00e9tait \u00e0 l\u2019occasion de la r\u00e9union publique d\u2019information du Conseil de s\u00e9curit\u00e9 des Nations Unies sur la \u00ab Consolidation de la paix en Afrique de l\u2019Ouest : Relancer la coop\u00e9ration r\u00e9gionale dans la lutte contre le terrorisme en Afrique de l\u2019Ouest et au Sahel \u00bb\" \/>\n<meta property=\"og:url\" content=\"https:\/\/www.latribunedufaso.net\/?p=25021\" \/>\n<meta property=\"og:site_name\" content=\"La Tribune du Faso\" \/>\n<meta property=\"article:publisher\" content=\"https:\/\/www.facebook.com\/LatribuneduFaso\/\" \/>\n<meta property=\"article:published_time\" content=\"2025-11-19T16:40:28+00:00\" \/>\n<meta property=\"og:image\" content=\"https:\/\/www.latribunedufaso.net\/wp-content\/uploads\/2025\/11\/images-15.jpeg\" \/>\n\t<meta property=\"og:image:width\" content=\"600\" \/>\n\t<meta property=\"og:image:height\" content=\"333\" \/>\n\t<meta property=\"og:image:type\" content=\"image\/jpeg\" \/>\n<meta name=\"author\" content=\"Issouf Tapsoba\" \/>\n<meta name=\"twitter:label1\" content=\"\u00c9crit par\" \/>\n\t<meta name=\"twitter:data1\" content=\"Issouf Tapsoba\" \/>\n\t<meta name=\"twitter:label2\" content=\"Dur\u00e9e de lecture estim\u00e9e\" \/>\n\t<meta name=\"twitter:data2\" content=\"2 minutes\" \/>\n<script type=\"application\/ld+json\" class=\"yoast-schema-graph\">{\"@context\":\"https:\\\/\\\/schema.org\",\"@graph\":[{\"@type\":\"Article\",\"@id\":\"https:\\\/\\\/www.latribunedufaso.net\\\/?p=25021#article\",\"isPartOf\":{\"@id\":\"https:\\\/\\\/www.latribunedufaso.net\\\/?p=25021\"},\"author\":{\"name\":\"Issouf Tapsoba\",\"@id\":\"https:\\\/\\\/www.latribunedufaso.net\\\/#\\\/schema\\\/person\\\/e54e64c5778a7e72cf80a318b7a622b0\"},\"headline\":\"Lutte contre le terrorisme en Afrique de l&rsquo;Ouest : L\u2019AES d\u00e9fend une strat\u00e9gie sah\u00e9lienne unifi\u00e9e contre le terrorisme \u00e0 l&rsquo;ONU\",\"datePublished\":\"2025-11-19T16:40:28+00:00\",\"mainEntityOfPage\":{\"@id\":\"https:\\\/\\\/www.latribunedufaso.net\\\/?p=25021\"},\"wordCount\":494,\"commentCount\":0,\"publisher\":{\"@id\":\"https:\\\/\\\/www.latribunedufaso.net\\\/#organization\"},\"image\":{\"@id\":\"https:\\\/\\\/www.latribunedufaso.net\\\/?p=25021#primaryimage\"},\"thumbnailUrl\":\"https:\\\/\\\/www.latribunedufaso.net\\\/wp-content\\\/uploads\\\/2025\\\/11\\\/images-15.jpeg\",\"keywords\":[\"Alliance des \u00c9tats du Sahel (AES)\",\"latribunedufaso.net\",\"lutte contre le terrorisme\"],\"articleSection\":[\"A la une\",\"Actualit\u00e9\",\"Soci\u00e9t\u00e9\"],\"inLanguage\":\"fr-FR\",\"potentialAction\":[{\"@type\":\"CommentAction\",\"name\":\"Comment\",\"target\":[\"https:\\\/\\\/www.latribunedufaso.net\\\/?p=25021#respond\"]}]},{\"@type\":\"WebPage\",\"@id\":\"https:\\\/\\\/www.latribunedufaso.net\\\/?p=25021\",\"url\":\"https:\\\/\\\/www.latribunedufaso.net\\\/?p=25021\",\"name\":\"Lutte contre le terrorisme en Afrique de l'Ouest : L\u2019AES d\u00e9fend une strat\u00e9gie sah\u00e9lienne unifi\u00e9e contre le terrorisme \u00e0 l'ONU - La Tribune du Faso\",\"isPartOf\":{\"@id\":\"https:\\\/\\\/www.latribunedufaso.net\\\/#website\"},\"primaryImageOfPage\":{\"@id\":\"https:\\\/\\\/www.latribunedufaso.net\\\/?p=25021#primaryimage\"},\"image\":{\"@id\":\"https:\\\/\\\/www.latribunedufaso.net\\\/?p=25021#primaryimage\"},\"thumbnailUrl\":\"https:\\\/\\\/www.latribunedufaso.net\\\/wp-content\\\/uploads\\\/2025\\\/11\\\/images-15.jpeg\",\"datePublished\":\"2025-11-19T16:40:28+00:00\",\"breadcrumb\":{\"@id\":\"https:\\\/\\\/www.latribunedufaso.net\\\/?p=25021#breadcrumb\"},\"inLanguage\":\"fr-FR\",\"potentialAction\":[{\"@type\":\"ReadAction\",\"target\":[\"https:\\\/\\\/www.latribunedufaso.net\\\/?p=25021\"]}]},{\"@type\":\"ImageObject\",\"inLanguage\":\"fr-FR\",\"@id\":\"https:\\\/\\\/www.latribunedufaso.net\\\/?p=25021#primaryimage\",\"url\":\"https:\\\/\\\/www.latribunedufaso.net\\\/wp-content\\\/uploads\\\/2025\\\/11\\\/images-15.jpeg\",\"contentUrl\":\"https:\\\/\\\/www.latribunedufaso.net\\\/wp-content\\\/uploads\\\/2025\\\/11\\\/images-15.jpeg\",\"width\":600,\"height\":333,\"caption\":\"L'Ambassadeur, Repr\u00e9sentant Permanent du Mali \u00e0 New York, Issa Konfourou - Ph. DR\"},{\"@type\":\"BreadcrumbList\",\"@id\":\"https:\\\/\\\/www.latribunedufaso.net\\\/?p=25021#breadcrumb\",\"itemListElement\":[{\"@type\":\"ListItem\",\"position\":1,\"name\":\"Accueil\",\"item\":\"https:\\\/\\\/www.latribunedufaso.net\\\/\"},{\"@type\":\"ListItem\",\"position\":2,\"name\":\"Lutte contre le terrorisme en Afrique de l&rsquo;Ouest : L\u2019AES d\u00e9fend une strat\u00e9gie sah\u00e9lienne unifi\u00e9e contre le terrorisme \u00e0 l&rsquo;ONU\"}]},{\"@type\":\"WebSite\",\"@id\":\"https:\\\/\\\/www.latribunedufaso.net\\\/#website\",\"url\":\"https:\\\/\\\/www.latribunedufaso.net\\\/\",\"name\":\"La Tribune du Faso\",\"description\":\"L&#039;information du monde rural en un clic\",\"publisher\":{\"@id\":\"https:\\\/\\\/www.latribunedufaso.net\\\/#organization\"},\"potentialAction\":[{\"@type\":\"SearchAction\",\"target\":{\"@type\":\"EntryPoint\",\"urlTemplate\":\"https:\\\/\\\/www.latribunedufaso.net\\\/?s={search_term_string}\"},\"query-input\":{\"@type\":\"PropertyValueSpecification\",\"valueRequired\":true,\"valueName\":\"search_term_string\"}}],\"inLanguage\":\"fr-FR\"},{\"@type\":\"Organization\",\"@id\":\"https:\\\/\\\/www.latribunedufaso.net\\\/#organization\",\"name\":\"La Tribune du Faso\",\"url\":\"https:\\\/\\\/www.latribunedufaso.net\\\/\",\"logo\":{\"@type\":\"ImageObject\",\"inLanguage\":\"fr-FR\",\"@id\":\"https:\\\/\\\/www.latribunedufaso.net\\\/#\\\/schema\\\/logo\\\/image\\\/\",\"url\":\"https:\\\/\\\/www.latribunedufaso.net\\\/wp-content\\\/uploads\\\/2020\\\/08\\\/Logo-Tribune-du-Faso-final-scaled.jpg\",\"contentUrl\":\"https:\\\/\\\/www.latribunedufaso.net\\\/wp-content\\\/uploads\\\/2020\\\/08\\\/Logo-Tribune-du-Faso-final-scaled.jpg\",\"width\":2560,\"height\":1856,\"caption\":\"La Tribune du Faso\"},\"image\":{\"@id\":\"https:\\\/\\\/www.latribunedufaso.net\\\/#\\\/schema\\\/logo\\\/image\\\/\"},\"sameAs\":[\"https:\\\/\\\/www.facebook.com\\\/LatribuneduFaso\\\/\"]},{\"@type\":\"Person\",\"@id\":\"https:\\\/\\\/www.latribunedufaso.net\\\/#\\\/schema\\\/person\\\/e54e64c5778a7e72cf80a318b7a622b0\",\"name\":\"Issouf Tapsoba\",\"image\":{\"@type\":\"ImageObject\",\"inLanguage\":\"fr-FR\",\"@id\":\"https:\\\/\\\/secure.gravatar.com\\\/avatar\\\/5e6c05150ce3230247d167f5b94d678eb05936197436d69b7921e3a95c9107ac?s=96&d=mm&r=g\",\"url\":\"https:\\\/\\\/secure.gravatar.com\\\/avatar\\\/5e6c05150ce3230247d167f5b94d678eb05936197436d69b7921e3a95c9107ac?s=96&d=mm&r=g\",\"contentUrl\":\"https:\\\/\\\/secure.gravatar.com\\\/avatar\\\/5e6c05150ce3230247d167f5b94d678eb05936197436d69b7921e3a95c9107ac?s=96&d=mm&r=g\",\"caption\":\"Issouf Tapsoba\"},\"url\":\"https:\\\/\\\/www.latribunedufaso.net\\\/?author=5\"}]}<\/script>\n<!-- \/ Yoast SEO plugin. -->","yoast_head_json":{"title":"Lutte contre le terrorisme en Afrique de l'Ouest : L\u2019AES d\u00e9fend une strat\u00e9gie sah\u00e9lienne unifi\u00e9e contre le terrorisme \u00e0 l'ONU - La Tribune du Faso","robots":{"index":"index","follow":"follow","max-snippet":"max-snippet:-1","max-image-preview":"max-image-preview:large","max-video-preview":"max-video-preview:-1"},"canonical":"https:\/\/www.latribunedufaso.net\/?p=25021","og_locale":"fr_FR","og_type":"article","og_title":"Lutte contre le terrorisme en Afrique de l'Ouest : L\u2019AES d\u00e9fend une strat\u00e9gie sah\u00e9lienne unifi\u00e9e contre le terrorisme \u00e0 l'ONU - La Tribune du Faso","og_description":"Ce 18 novembre 2025 \u00e0 New York, l&rsquo;Ambassadeur et Repr\u00e9sentant Permanent du Mali, Issa Konfourou, a livr\u00e9 au nom de la Conf\u00e9d\u00e9ration des \u00c9tats du Sahel (AES), une intervention devant le Conseil de s\u00e9curit\u00e9 des Nations Unies, r\u00e9uni sous la pr\u00e9sidence de Julius Maada Bio, Pr\u00e9sident de la Sierra Leone. C&rsquo;\u00e9tait \u00e0 l\u2019occasion de la r\u00e9union publique d\u2019information du Conseil de s\u00e9curit\u00e9 des Nations Unies sur la \u00ab Consolidation de la paix en Afrique de l\u2019Ouest : Relancer la coop\u00e9ration r\u00e9gionale dans la lutte contre le terrorisme en Afrique de l\u2019Ouest et au Sahel \u00bb","og_url":"https:\/\/www.latribunedufaso.net\/?p=25021","og_site_name":"La Tribune du Faso","article_publisher":"https:\/\/www.facebook.com\/LatribuneduFaso\/","article_published_time":"2025-11-19T16:40:28+00:00","og_image":[{"width":600,"height":333,"url":"https:\/\/www.latribunedufaso.net\/wp-content\/uploads\/2025\/11\/images-15.jpeg","type":"image\/jpeg"}],"author":"Issouf Tapsoba","twitter_misc":{"\u00c9crit par":"Issouf Tapsoba","Dur\u00e9e de lecture estim\u00e9e":"2 minutes"},"schema":{"@context":"https:\/\/schema.org","@graph":[{"@type":"Article","@id":"https:\/\/www.latribunedufaso.net\/?p=25021#article","isPartOf":{"@id":"https:\/\/www.latribunedufaso.net\/?p=25021"},"author":{"name":"Issouf Tapsoba","@id":"https:\/\/www.latribunedufaso.net\/#\/schema\/person\/e54e64c5778a7e72cf80a318b7a622b0"},"headline":"Lutte contre le terrorisme en Afrique de l&rsquo;Ouest : L\u2019AES d\u00e9fend une strat\u00e9gie sah\u00e9lienne unifi\u00e9e contre le terrorisme \u00e0 l&rsquo;ONU","datePublished":"2025-11-19T16:40:28+00:00","mainEntityOfPage":{"@id":"https:\/\/www.latribunedufaso.net\/?p=25021"},"wordCount":494,"commentCount":0,"publisher":{"@id":"https:\/\/www.latribunedufaso.net\/#organization"},"image":{"@id":"https:\/\/www.latribunedufaso.net\/?p=25021#primaryimage"},"thumbnailUrl":"https:\/\/www.latribunedufaso.net\/wp-content\/uploads\/2025\/11\/images-15.jpeg","keywords":["Alliance des \u00c9tats du Sahel (AES)","latribunedufaso.net","lutte contre le terrorisme"],"articleSection":["A la une","Actualit\u00e9","Soci\u00e9t\u00e9"],"inLanguage":"fr-FR","potentialAction":[{"@type":"CommentAction","name":"Comment","target":["https:\/\/www.latribunedufaso.net\/?p=25021#respond"]}]},{"@type":"WebPage","@id":"https:\/\/www.latribunedufaso.net\/?p=25021","url":"https:\/\/www.latribunedufaso.net\/?p=25021","name":"Lutte contre le terrorisme en Afrique de l'Ouest : L\u2019AES d\u00e9fend une strat\u00e9gie sah\u00e9lienne unifi\u00e9e contre le terrorisme \u00e0 l'ONU - La Tribune du Faso","isPartOf":{"@id":"https:\/\/www.latribunedufaso.net\/#website"},"primaryImageOfPage":{"@id":"https:\/\/www.latribunedufaso.net\/?p=25021#primaryimage"},"image":{"@id":"https:\/\/www.latribunedufaso.net\/?p=25021#primaryimage"},"thumbnailUrl":"https:\/\/www.latribunedufaso.net\/wp-content\/uploads\/2025\/11\/images-15.jpeg","datePublished":"2025-11-19T16:40:28+00:00","breadcrumb":{"@id":"https:\/\/www.latribunedufaso.net\/?p=25021#breadcrumb"},"inLanguage":"fr-FR","potentialAction":[{"@type":"ReadAction","target":["https:\/\/www.latribunedufaso.net\/?p=25021"]}]},{"@type":"ImageObject","inLanguage":"fr-FR","@id":"https:\/\/www.latribunedufaso.net\/?p=25021#primaryimage","url":"https:\/\/www.latribunedufaso.net\/wp-content\/uploads\/2025\/11\/images-15.jpeg","contentUrl":"https:\/\/www.latribunedufaso.net\/wp-content\/uploads\/2025\/11\/images-15.jpeg","width":600,"height":333,"caption":"L'Ambassadeur, Repr\u00e9sentant Permanent du Mali \u00e0 New York, Issa Konfourou - Ph. DR"},{"@type":"BreadcrumbList","@id":"https:\/\/www.latribunedufaso.net\/?p=25021#breadcrumb","itemListElement":[{"@type":"ListItem","position":1,"name":"Accueil","item":"https:\/\/www.latribunedufaso.net\/"},{"@type":"ListItem","position":2,"name":"Lutte contre le terrorisme en Afrique de l&rsquo;Ouest : L\u2019AES d\u00e9fend une strat\u00e9gie sah\u00e9lienne unifi\u00e9e contre le terrorisme \u00e0 l&rsquo;ONU"}]},{"@type":"WebSite","@id":"https:\/\/www.latribunedufaso.net\/#website","url":"https:\/\/www.latribunedufaso.net\/","name":"La Tribune du Faso","description":"L&#039;information du monde rural en un clic","publisher":{"@id":"https:\/\/www.latribunedufaso.net\/#organization"},"potentialAction":[{"@type":"SearchAction","target":{"@type":"EntryPoint","urlTemplate":"https:\/\/www.latribunedufaso.net\/?s={search_term_string}"},"query-input":{"@type":"PropertyValueSpecification","valueRequired":true,"valueName":"search_term_string"}}],"inLanguage":"fr-FR"},{"@type":"Organization","@id":"https:\/\/www.latribunedufaso.net\/#organization","name":"La Tribune du Faso","url":"https:\/\/www.latribunedufaso.net\/","logo":{"@type":"ImageObject","inLanguage":"fr-FR","@id":"https:\/\/www.latribunedufaso.net\/#\/schema\/logo\/image\/","url":"https:\/\/www.latribunedufaso.net\/wp-content\/uploads\/2020\/08\/Logo-Tribune-du-Faso-final-scaled.jpg","contentUrl":"https:\/\/www.latribunedufaso.net\/wp-content\/uploads\/2020\/08\/Logo-Tribune-du-Faso-final-scaled.jpg","width":2560,"height":1856,"caption":"La Tribune du Faso"},"image":{"@id":"https:\/\/www.latribunedufaso.net\/#\/schema\/logo\/image\/"},"sameAs":["https:\/\/www.facebook.com\/LatribuneduFaso\/"]},{"@type":"Person","@id":"https:\/\/www.latribunedufaso.net\/#\/schema\/person\/e54e64c5778a7e72cf80a318b7a622b0","name":"Issouf Tapsoba","image":{"@type":"ImageObject","inLanguage":"fr-FR","@id":"https:\/\/secure.gravatar.com\/avatar\/5e6c05150ce3230247d167f5b94d678eb05936197436d69b7921e3a95c9107ac?s=96&d=mm&r=g","url":"https:\/\/secure.gravatar.com\/avatar\/5e6c05150ce3230247d167f5b94d678eb05936197436d69b7921e3a95c9107ac?s=96&d=mm&r=g","contentUrl":"https:\/\/secure.gravatar.com\/avatar\/5e6c05150ce3230247d167f5b94d678eb05936197436d69b7921e3a95c9107ac?s=96&d=mm&r=g","caption":"Issouf Tapsoba"},"url":"https:\/\/www.latribunedufaso.net\/?author=5"}]}},"_links":{"self":[{"href":"https:\/\/www.latribunedufaso.net\/index.php?rest_route=\/wp\/v2\/posts\/25021","targetHints":{"allow":["GET"]}}],"collection":[{"href":"https:\/\/www.latribunedufaso.net\/index.php?rest_route=\/wp\/v2\/posts"}],"about":[{"href":"https:\/\/www.latribunedufaso.net\/index.php?rest_route=\/wp\/v2\/types\/post"}],"author":[{"embeddable":true,"href":"https:\/\/www.latribunedufaso.net\/index.php?rest_route=\/wp\/v2\/users\/5"}],"replies":[{"embeddable":true,"href":"https:\/\/www.latribunedufaso.net\/index.php?rest_route=%2Fwp%2Fv2%2Fcomments&post=25021"}],"version-history":[{"count":2,"href":"https:\/\/www.latribunedufaso.net\/index.php?rest_route=\/wp\/v2\/posts\/25021\/revisions"}],"predecessor-version":[{"id":25024,"href":"https:\/\/www.latribunedufaso.net\/index.php?rest_route=\/wp\/v2\/posts\/25021\/revisions\/25024"}],"wp:featuredmedia":[{"embeddable":true,"href":"https:\/\/www.latribunedufaso.net\/index.php?rest_route=\/wp\/v2\/media\/25023"}],"wp:attachment":[{"href":"https:\/\/www.latribunedufaso.net\/index.php?rest_route=%2Fwp%2Fv2%2Fmedia&parent=25021"}],"wp:term":[{"taxonomy":"category","embeddable":true,"href":"https:\/\/www.latribunedufaso.net\/index.php?rest_route=%2Fwp%2Fv2%2Fcategories&post=25021"},{"taxonomy":"post_tag","embeddable":true,"href":"https:\/\/www.latribunedufaso.net\/index.php?rest_route=%2Fwp%2Fv2%2Ftags&post=25021"}],"curies":[{"name":"wp","href":"https:\/\/api.w.org\/{rel}","templated":true}]}}