{"id":24987,"date":"2025-11-18T13:30:59","date_gmt":"2025-11-18T13:30:59","guid":{"rendered":"https:\/\/www.latribunedufaso.net\/?p=24987"},"modified":"2025-11-18T13:31:28","modified_gmt":"2025-11-18T13:31:28","slug":"cop-30-roger-baro-porte-la-voix-du-burkina-faso-lafrique-na-pas-a-mendier-son-adaptation","status":"publish","type":"post","link":"https:\/\/www.latribunedufaso.net\/?p=24987","title":{"rendered":"COP 30 Roger Baro porte la voix du Burkina Faso: \u00ab l&rsquo;Afrique n&rsquo;a pas \u00e0 mendier son adaptation\u2026 \u00bb"},"content":{"rendered":"<p><strong>Ce lundi 17 novembre 2025 marque une \u00e9tape d\u00e9cisive dans la participation du Burkina Faso \u00e0 la COP 30 \u00e0 Bel\u00e9m au Br\u00e9sil en pleine for\u00eat amazonienne. La voix du Burkina Faso a retenti. Le ministre de l&rsquo;Environnement, de l&rsquo;Eau et de l&rsquo;Assainissement Roger Baro, Chef de la d\u00e9l\u00e9gation burkinab\u00e9 dans une d\u00e9claration<em> \u00ab forte, directe et sans embage \u00bb<\/em>, a port\u00e9 la voix du Burkina Faso au nom du Pr\u00e9sident du Faso, Chef de l&rsquo;\u00c9tat le Capitaine Ibrahim Traor\u00e9. Dans une anaphore, il a port\u00e9 le message du peuple Burkinab\u00e9 qui fait face aux effets n\u00e9fastes du Changement climatique.<\/strong><!--more--><\/p>\n<p>\u00ab Je suis ici pour porter : La voix d\u2019un pays sah\u00e9lien souverain dans ses choix et solidaire dans ses engagements.<\/p>\n<p>La voix d\u2019un peuple digne et r\u00e9silient qui face \u00e0 l\u2019adversit\u00e9 choisit toujours d\u2019agir&#8230;&#8230; \u00bb, a-t-il d\u00e9clar\u00e9 a l&rsquo;entame de son discours.<\/p>\n<figure id=\"attachment_24990\" aria-describedby=\"caption-attachment-24990\" style=\"width: 1080px\" class=\"wp-caption aligncenter\"><a href=\"https:\/\/www.latribunedufaso.net\/wp-content\/uploads\/2025\/11\/FB_IMG_1763472125462.jpg\"><img loading=\"lazy\" decoding=\"async\" class=\"size-full wp-image-24990\" src=\"https:\/\/www.latribunedufaso.net\/wp-content\/uploads\/2025\/11\/FB_IMG_1763472125462.jpg\" alt=\"Le discours du ministre charg\u00e9 de l'Environnement \u00e0 la COP 30, 17 novembre 2025\" width=\"1080\" height=\"810\" srcset=\"https:\/\/www.latribunedufaso.net\/wp-content\/uploads\/2025\/11\/FB_IMG_1763472125462.jpg 1080w, https:\/\/www.latribunedufaso.net\/wp-content\/uploads\/2025\/11\/FB_IMG_1763472125462-300x225.jpg 300w, https:\/\/www.latribunedufaso.net\/wp-content\/uploads\/2025\/11\/FB_IMG_1763472125462-1024x768.jpg 1024w, https:\/\/www.latribunedufaso.net\/wp-content\/uploads\/2025\/11\/FB_IMG_1763472125462-768x576.jpg 768w\" sizes=\"auto, (max-width: 1080px) 100vw, 1080px\" \/><\/a><figcaption id=\"caption-attachment-24990\" class=\"wp-caption-text\">Une vue de la d\u00e9l\u00e9gation du Burkina Faso &#8211; Ph. DR<\/figcaption><\/figure>\n<p>Lisez plut\u00f4t\u2935\ufe0f<\/p>\n<p>\u00ab Monsieur le Pr\u00e9sident, Distingu\u00e9s D\u00e9l\u00e9gu\u00e9s,\u00a0<\/p>\n<p>Je porte \u00e0 cette auguste assembl\u00e9e les salutations fraternelles de Son Excellence, le Capitaine Ibrahim TRAOR\u00c9, Pr\u00e9sident du Faso, Chef de l\u2019\u00c9tat, artisan d\u2019une nouvelle esp\u00e9rance pour le peuple burkinab\u00e9.\u00a0<\/p>\n<p>Le Burkina Faso remercie le peuple fr\u00e8re de la R\u00e9publique F\u00e9d\u00e9rative du Br\u00e9sil pour l\u2019accueil chaleureux, et exprime sa satisfaction pour l\u2019organisation de cette conf\u00e9rence qui se tient au c\u0153ur de la for\u00eat amazonienne, sanctuaire de vie, de m\u00e9moire et de r\u00e9silience. Il apporte tout son soutien \u00e0 la pr\u00e9sidence br\u00e9silienne, pour faire de la COP 30, un moment historique de relance de l\u2019action climatique.<\/p>\n<p>Monsieur le Pr\u00e9sident, Distingu\u00e9s D\u00e9l\u00e9gu\u00e9s,<\/p>\n<p>Cette 30e COP nous offre une opportunit\u00e9 : celle, d\u2019unir nos voix et nos volont\u00e9s afin de renforcer l\u2019ambition climatique mondiale et traduire nos engagements en des actions concr\u00e8tes capables de prot\u00e9ger des vies et d\u2019offrir des moyens d\u2019existence. C\u2019est une responsabilit\u00e9 partag\u00e9e mais diff\u00e9renci\u00e9e.<\/p>\n<p>Je suis ici pour porter la voix d\u2019un pays sah\u00e9lien souverain dans ses choix et solidaire dans ses engagements.<\/p>\n<p>La voix d\u2019un peuple digne et r\u00e9silient qui face \u00e0 l\u2019adversit\u00e9 choisit toujours d\u2019agir.\u00a0<\/p>\n<p>La voix d\u2019un pays pour lequel chaque arbre, chaque goutte d\u2019eau, chaque parcelle de terre est une richesse \u00e0 prot\u00e9ger, un h\u00e9ritage \u00e0 transmettre et une promesse \u00e0 tenir devant les g\u00e9n\u00e9rations futures.<\/p>\n<p>Ainsi mon pays honore pleinement ses engagements pris dans le cadre de l\u2019Accord de Paris \u00e0 travers sa CDN 3.0 plus ambitieuse qui vise une r\u00e9duction de 30,87 % des \u00e9missions d\u2019ici 2030, avec un co\u00fbt global de 7,5 milliards US$ donc 2,8 milliards US$ \u00e0 rechercher. J\u2019appelle \u00e0 cette tribune une forte mobilisation des ressources pour la mise en \u0153uvre du volet conditionnel des CDN.<\/p>\n<p>Aussi, le Plan National d\u2019Adaptation 2024-2028, les strat\u00e9gies REDD+, la strat\u00e9gie de s\u00e9curit\u00e9 climatique et les m\u00e9canismes endog\u00e8nes de financement traduisent la responsabilit\u00e9 et l\u2019engagement du Burkina Faso en faveur du climat.<\/p>\n<p>Monsieur le Pr\u00e9sident, Distingu\u00e9s D\u00e9l\u00e9gu\u00e9s,\u00a0<\/p>\n<p>Sous l\u2019impulsion du Chef de l\u2019\u00c9tat, le Burkina Faso m\u00e8ne une R\u00e9volution Progressiste Populaire avec une coloration verte dans l\u2019optique de contribuer \u00e0 renforcer ses puits de carbone, r\u00e9duire ses \u00e9missions de gaz \u00e0 effet de serre et renforcer la r\u00e9silience des populations. J\u2019en veux pour preuve :<\/p>\n<p>&#8211; L\u2019Heure Patriotique pour Reverdir le Faso : plus de cinq millions d\u2019arbres plant\u00e9s en une heure ;<\/p>\n<p>&#8211; La mise en place de 89 bosquets \u00e0 plantes m\u00e9dicinales ;<\/p>\n<p>&#8211; L\u2019op\u00e9rationalisation de syst\u00e8mes d\u2019alerte, la vulgarisation de l\u2019\u00e9nergie solaire et des initiatives de gestion int\u00e9gr\u00e9e des ressources en eau ;<\/p>\n<p>&#8211; Un syst\u00e8me national MRV pour garantir la transparence et la recevabilit\u00e9.<\/p>\n<p>Ce ne sont pas des intentions, mais des actes. Le Burkina Faso est un pays sah\u00e9lien qui se l\u00e8ve, avec un peuple qui cr\u00e9e, qui s\u2019adapte vis-\u00e0-vis du climat.\u00a0<\/p>\n<p>Mais il faut le dire avec clart\u00e9 et insistance :\u00a0<\/p>\n<p>L\u2019Afrique n\u2019a pas \u00e0 mendier son droit \u00e0 l\u2019adaptation.<\/p>\n<p>La justice climatique exige des financements multipli\u00e9s, accessibles, et majoritairement en subventions. Maintenir le cap de +1,5\u00b0C n\u2019est pas une ambition : c\u2019est un devoir moral envers l\u2019humanit\u00e9. Ceux qui ont le plus \u00e9mis les gaz \u00e0 effet de serre, doivent assumer la plus grande part en triplant leur effort financier pour l\u2019adaptation. Ce devoir de responsabilit\u00e9 et de justice ne devrait en aucun cas \u00eatre consid\u00e9r\u00e9 comme \u00ab une aide\u00bb \u00bb aux pays les moins industrialis\u00e9s. En tout \u00e9tat de cause le Burkina Faso refuse que ce devoir de justice climatique devienne un nouvel instrument de domination politique et assumera pleinement sa politique d\u2019industrialisation.<\/p>\n<p>Monsieur le Pr\u00e9sident, Distingu\u00e9s D\u00e9l\u00e9gu\u00e9s,<\/p>\n<p>La plan\u00e8te ne sera pas sauv\u00e9e par l\u2019orgueil technologique, ni par des promesses sans suite, mais par la volont\u00e9 des peuples \u00e0 \u00eatre justes et redevables vis-\u00e0-vis de la plan\u00e8te terre. Un proverbe mandingue rappelle que : \u00ab Seul, on va plus vite ; ensemble, on va plus loin. \u00bb\u00a0<\/p>\n<p>C\u2019est dans cet esprit que le Burkina Faso, dans le cadre de la Conf\u00e9d\u00e9ration des Etats du Sahel (AES) marche aux c\u00f4t\u00e9s des Groupes des Pays les Moins Avanc\u00e9s, du Groupe Afrique et du G 77 + Chine pour un nouvel ordre climatique fond\u00e9 sur la souverainet\u00e9, l\u2019\u00e9quit\u00e9, le respect et la JUSTICE ! A cette COP, les besoins sp\u00e9ciaux et les circonstances particuli\u00e8res de l&rsquo;Afrique doivent \u00eatre prises en compte dans les d\u00e9cisions.<\/p>\n<p>Monsieur le Pr\u00e9sident, Distingu\u00e9s d\u00e9l\u00e9gu\u00e9s ;<\/p>\n<p>Fid\u00e8les \u00e0 l\u2019esprit du Capitaine Thomas Sankara qui rappelait que \u00abl\u2019audace est au commencement de toute victoire\u00bb , soyons audacieux. Le temps des discours est r\u00e9volu et l\u2019humanit\u00e9 doit franchir un pas d\u00e9cisif : celui de l\u2019action, de la responsabilit\u00e9, de la solidarit\u00e9 et du courage climatique.<\/p>\n<p>La Patrie ou la Mort, Nous Vaincrons.<\/p>\n<p>Je vous remercie. \u00bb<\/p>\n<p>\u00a0 \u00a0 \u00a0 \u00a0 \u00a0 \u00a0 \u00a0 Roger BARO<\/p>\n<p>\u00a0 \u00a0 \u00a0 \u00a0 \u00a0 \u00a0 \u00a0 Ministre de l\u2019Environnement, de l\u2019Eau\u00a0 \u00a0 \u00a0 \u00a0 \u00a0 \u00a0 \u00a0 \u00a0 \u00a0 \u00a0 \u00a0 \u00a0 \u00a0 \u00a0 et de l\u2019Assainissement<\/p>\n","protected":false},"excerpt":{"rendered":"<p>Ce lundi 17 novembre 2025 marque une \u00e9tape d\u00e9cisive dans la participation du Burkina Faso \u00e0 la COP 30 \u00e0 Bel\u00e9m au Br\u00e9sil en pleine for\u00eat amazonienne. La voix du Burkina Faso a retenti. Le ministre de l&rsquo;Environnement, de l&rsquo;Eau et de l&rsquo;Assainissement Roger Baro, Chef de la d\u00e9l\u00e9gation burkinab\u00e9 dans une d\u00e9claration \u00ab forte, directe et sans embage \u00bb, a port\u00e9 la voix du Burkina Faso au nom du Pr\u00e9sident du Faso, Chef de l&rsquo;\u00c9tat le Capitaine Ibrahim Traor\u00e9. Dans une anaphore, il a port\u00e9 le message du peuple Burkinab\u00e9 qui fait face aux effets n\u00e9fastes du Changement climatique.<\/p>\n","protected":false},"author":5,"featured_media":24991,"comment_status":"open","ping_status":"open","sticky":false,"template":"","format":"standard","meta":{"footnotes":""},"categories":[13,1,5],"tags":[1788,39,484],"class_list":["post-24987","post","type-post","status-publish","format-standard","has-post-thumbnail","hentry","category-une","category-actu","category-envir","tag-cop-30","tag-latribunedufaso-net","tag-protection-de-lenvironnement"],"yoast_head":"<!-- This site is optimized with the Yoast SEO plugin v27.5 - https:\/\/yoast.com\/product\/yoast-seo-wordpress\/ -->\n<title>COP 30 Roger Baro porte la voix du Burkina Faso: \u00ab l&#039;Afrique n&#039;a pas \u00e0 mendier son adaptation\u2026 \u00bb - La Tribune du Faso<\/title>\n<meta name=\"robots\" content=\"index, follow, max-snippet:-1, max-image-preview:large, max-video-preview:-1\" \/>\n<link rel=\"canonical\" href=\"https:\/\/www.latribunedufaso.net\/?p=24987\" \/>\n<meta property=\"og:locale\" content=\"fr_FR\" \/>\n<meta property=\"og:type\" content=\"article\" \/>\n<meta property=\"og:title\" content=\"COP 30 Roger Baro porte la voix du Burkina Faso: \u00ab l&#039;Afrique n&#039;a pas \u00e0 mendier son adaptation\u2026 \u00bb - La Tribune du Faso\" \/>\n<meta property=\"og:description\" content=\"Ce lundi 17 novembre 2025 marque une \u00e9tape d\u00e9cisive dans la participation du Burkina Faso \u00e0 la COP 30 \u00e0 Bel\u00e9m au Br\u00e9sil en pleine for\u00eat amazonienne. La voix du Burkina Faso a retenti. Le ministre de l&rsquo;Environnement, de l&rsquo;Eau et de l&rsquo;Assainissement Roger Baro, Chef de la d\u00e9l\u00e9gation burkinab\u00e9 dans une d\u00e9claration \u00ab forte, directe et sans embage \u00bb, a port\u00e9 la voix du Burkina Faso au nom du Pr\u00e9sident du Faso, Chef de l&rsquo;\u00c9tat le Capitaine Ibrahim Traor\u00e9. Dans une anaphore, il a port\u00e9 le message du peuple Burkinab\u00e9 qui fait face aux effets n\u00e9fastes du Changement climatique.\" \/>\n<meta property=\"og:url\" content=\"https:\/\/www.latribunedufaso.net\/?p=24987\" \/>\n<meta property=\"og:site_name\" content=\"La Tribune du Faso\" \/>\n<meta property=\"article:publisher\" content=\"https:\/\/www.facebook.com\/LatribuneduFaso\/\" \/>\n<meta property=\"article:published_time\" content=\"2025-11-18T13:30:59+00:00\" \/>\n<meta property=\"article:modified_time\" content=\"2025-11-18T13:31:28+00:00\" \/>\n<meta property=\"og:image\" content=\"https:\/\/www.latribunedufaso.net\/wp-content\/uploads\/2025\/11\/FB_IMG_1763472120286.jpg\" \/>\n\t<meta property=\"og:image:width\" content=\"848\" \/>\n\t<meta property=\"og:image:height\" content=\"800\" \/>\n\t<meta property=\"og:image:type\" content=\"image\/jpeg\" \/>\n<meta name=\"author\" content=\"Issouf Tapsoba\" \/>\n<meta name=\"twitter:label1\" content=\"\u00c9crit par\" \/>\n\t<meta name=\"twitter:data1\" content=\"Issouf Tapsoba\" \/>\n\t<meta name=\"twitter:label2\" content=\"Dur\u00e9e de lecture estim\u00e9e\" \/>\n\t<meta name=\"twitter:data2\" content=\"5 minutes\" \/>\n<script type=\"application\/ld+json\" class=\"yoast-schema-graph\">{\"@context\":\"https:\\\/\\\/schema.org\",\"@graph\":[{\"@type\":\"Article\",\"@id\":\"https:\\\/\\\/www.latribunedufaso.net\\\/?p=24987#article\",\"isPartOf\":{\"@id\":\"https:\\\/\\\/www.latribunedufaso.net\\\/?p=24987\"},\"author\":{\"name\":\"Issouf Tapsoba\",\"@id\":\"https:\\\/\\\/www.latribunedufaso.net\\\/#\\\/schema\\\/person\\\/e54e64c5778a7e72cf80a318b7a622b0\"},\"headline\":\"COP 30 Roger Baro porte la voix du Burkina Faso: \u00ab l&rsquo;Afrique n&rsquo;a pas \u00e0 mendier son adaptation\u2026 \u00bb\",\"datePublished\":\"2025-11-18T13:30:59+00:00\",\"dateModified\":\"2025-11-18T13:31:28+00:00\",\"mainEntityOfPage\":{\"@id\":\"https:\\\/\\\/www.latribunedufaso.net\\\/?p=24987\"},\"wordCount\":1075,\"commentCount\":0,\"publisher\":{\"@id\":\"https:\\\/\\\/www.latribunedufaso.net\\\/#organization\"},\"image\":{\"@id\":\"https:\\\/\\\/www.latribunedufaso.net\\\/?p=24987#primaryimage\"},\"thumbnailUrl\":\"https:\\\/\\\/www.latribunedufaso.net\\\/wp-content\\\/uploads\\\/2025\\\/11\\\/FB_IMG_1763472120286.jpg\",\"keywords\":[\"COP 30\",\"latribunedufaso.net\",\"Protection de l'environnement\"],\"articleSection\":[\"A la une\",\"Actualit\u00e9\",\"Environnement\"],\"inLanguage\":\"fr-FR\",\"potentialAction\":[{\"@type\":\"CommentAction\",\"name\":\"Comment\",\"target\":[\"https:\\\/\\\/www.latribunedufaso.net\\\/?p=24987#respond\"]}]},{\"@type\":\"WebPage\",\"@id\":\"https:\\\/\\\/www.latribunedufaso.net\\\/?p=24987\",\"url\":\"https:\\\/\\\/www.latribunedufaso.net\\\/?p=24987\",\"name\":\"COP 30 Roger Baro porte la voix du Burkina Faso: \u00ab l'Afrique n'a pas \u00e0 mendier son adaptation\u2026 \u00bb - La Tribune du Faso\",\"isPartOf\":{\"@id\":\"https:\\\/\\\/www.latribunedufaso.net\\\/#website\"},\"primaryImageOfPage\":{\"@id\":\"https:\\\/\\\/www.latribunedufaso.net\\\/?p=24987#primaryimage\"},\"image\":{\"@id\":\"https:\\\/\\\/www.latribunedufaso.net\\\/?p=24987#primaryimage\"},\"thumbnailUrl\":\"https:\\\/\\\/www.latribunedufaso.net\\\/wp-content\\\/uploads\\\/2025\\\/11\\\/FB_IMG_1763472120286.jpg\",\"datePublished\":\"2025-11-18T13:30:59+00:00\",\"dateModified\":\"2025-11-18T13:31:28+00:00\",\"breadcrumb\":{\"@id\":\"https:\\\/\\\/www.latribunedufaso.net\\\/?p=24987#breadcrumb\"},\"inLanguage\":\"fr-FR\",\"potentialAction\":[{\"@type\":\"ReadAction\",\"target\":[\"https:\\\/\\\/www.latribunedufaso.net\\\/?p=24987\"]}]},{\"@type\":\"ImageObject\",\"inLanguage\":\"fr-FR\",\"@id\":\"https:\\\/\\\/www.latribunedufaso.net\\\/?p=24987#primaryimage\",\"url\":\"https:\\\/\\\/www.latribunedufaso.net\\\/wp-content\\\/uploads\\\/2025\\\/11\\\/FB_IMG_1763472120286.jpg\",\"contentUrl\":\"https:\\\/\\\/www.latribunedufaso.net\\\/wp-content\\\/uploads\\\/2025\\\/11\\\/FB_IMG_1763472120286.jpg\",\"width\":848,\"height\":800,\"caption\":\"Le discours du ministre charg\u00e9 de l'Environnement \u00e0 la COP 30, 17 novembre 2025\"},{\"@type\":\"BreadcrumbList\",\"@id\":\"https:\\\/\\\/www.latribunedufaso.net\\\/?p=24987#breadcrumb\",\"itemListElement\":[{\"@type\":\"ListItem\",\"position\":1,\"name\":\"Accueil\",\"item\":\"https:\\\/\\\/www.latribunedufaso.net\\\/\"},{\"@type\":\"ListItem\",\"position\":2,\"name\":\"COP 30 Roger Baro porte la voix du Burkina Faso: \u00ab l&rsquo;Afrique n&rsquo;a pas \u00e0 mendier son adaptation\u2026 \u00bb\"}]},{\"@type\":\"WebSite\",\"@id\":\"https:\\\/\\\/www.latribunedufaso.net\\\/#website\",\"url\":\"https:\\\/\\\/www.latribunedufaso.net\\\/\",\"name\":\"La Tribune du Faso\",\"description\":\"L&#039;information du monde rural en un clic\",\"publisher\":{\"@id\":\"https:\\\/\\\/www.latribunedufaso.net\\\/#organization\"},\"potentialAction\":[{\"@type\":\"SearchAction\",\"target\":{\"@type\":\"EntryPoint\",\"urlTemplate\":\"https:\\\/\\\/www.latribunedufaso.net\\\/?s={search_term_string}\"},\"query-input\":{\"@type\":\"PropertyValueSpecification\",\"valueRequired\":true,\"valueName\":\"search_term_string\"}}],\"inLanguage\":\"fr-FR\"},{\"@type\":\"Organization\",\"@id\":\"https:\\\/\\\/www.latribunedufaso.net\\\/#organization\",\"name\":\"La Tribune du Faso\",\"url\":\"https:\\\/\\\/www.latribunedufaso.net\\\/\",\"logo\":{\"@type\":\"ImageObject\",\"inLanguage\":\"fr-FR\",\"@id\":\"https:\\\/\\\/www.latribunedufaso.net\\\/#\\\/schema\\\/logo\\\/image\\\/\",\"url\":\"https:\\\/\\\/www.latribunedufaso.net\\\/wp-content\\\/uploads\\\/2020\\\/08\\\/Logo-Tribune-du-Faso-final-scaled.jpg\",\"contentUrl\":\"https:\\\/\\\/www.latribunedufaso.net\\\/wp-content\\\/uploads\\\/2020\\\/08\\\/Logo-Tribune-du-Faso-final-scaled.jpg\",\"width\":2560,\"height\":1856,\"caption\":\"La Tribune du Faso\"},\"image\":{\"@id\":\"https:\\\/\\\/www.latribunedufaso.net\\\/#\\\/schema\\\/logo\\\/image\\\/\"},\"sameAs\":[\"https:\\\/\\\/www.facebook.com\\\/LatribuneduFaso\\\/\"]},{\"@type\":\"Person\",\"@id\":\"https:\\\/\\\/www.latribunedufaso.net\\\/#\\\/schema\\\/person\\\/e54e64c5778a7e72cf80a318b7a622b0\",\"name\":\"Issouf Tapsoba\",\"image\":{\"@type\":\"ImageObject\",\"inLanguage\":\"fr-FR\",\"@id\":\"https:\\\/\\\/secure.gravatar.com\\\/avatar\\\/5e6c05150ce3230247d167f5b94d678eb05936197436d69b7921e3a95c9107ac?s=96&d=mm&r=g\",\"url\":\"https:\\\/\\\/secure.gravatar.com\\\/avatar\\\/5e6c05150ce3230247d167f5b94d678eb05936197436d69b7921e3a95c9107ac?s=96&d=mm&r=g\",\"contentUrl\":\"https:\\\/\\\/secure.gravatar.com\\\/avatar\\\/5e6c05150ce3230247d167f5b94d678eb05936197436d69b7921e3a95c9107ac?s=96&d=mm&r=g\",\"caption\":\"Issouf Tapsoba\"},\"url\":\"https:\\\/\\\/www.latribunedufaso.net\\\/?author=5\"}]}<\/script>\n<!-- \/ Yoast SEO plugin. -->","yoast_head_json":{"title":"COP 30 Roger Baro porte la voix du Burkina Faso: \u00ab l'Afrique n'a pas \u00e0 mendier son adaptation\u2026 \u00bb - La Tribune du Faso","robots":{"index":"index","follow":"follow","max-snippet":"max-snippet:-1","max-image-preview":"max-image-preview:large","max-video-preview":"max-video-preview:-1"},"canonical":"https:\/\/www.latribunedufaso.net\/?p=24987","og_locale":"fr_FR","og_type":"article","og_title":"COP 30 Roger Baro porte la voix du Burkina Faso: \u00ab l'Afrique n'a pas \u00e0 mendier son adaptation\u2026 \u00bb - La Tribune du Faso","og_description":"Ce lundi 17 novembre 2025 marque une \u00e9tape d\u00e9cisive dans la participation du Burkina Faso \u00e0 la COP 30 \u00e0 Bel\u00e9m au Br\u00e9sil en pleine for\u00eat amazonienne. La voix du Burkina Faso a retenti. Le ministre de l&rsquo;Environnement, de l&rsquo;Eau et de l&rsquo;Assainissement Roger Baro, Chef de la d\u00e9l\u00e9gation burkinab\u00e9 dans une d\u00e9claration \u00ab forte, directe et sans embage \u00bb, a port\u00e9 la voix du Burkina Faso au nom du Pr\u00e9sident du Faso, Chef de l&rsquo;\u00c9tat le Capitaine Ibrahim Traor\u00e9. Dans une anaphore, il a port\u00e9 le message du peuple Burkinab\u00e9 qui fait face aux effets n\u00e9fastes du Changement climatique.","og_url":"https:\/\/www.latribunedufaso.net\/?p=24987","og_site_name":"La Tribune du Faso","article_publisher":"https:\/\/www.facebook.com\/LatribuneduFaso\/","article_published_time":"2025-11-18T13:30:59+00:00","article_modified_time":"2025-11-18T13:31:28+00:00","og_image":[{"width":848,"height":800,"url":"https:\/\/www.latribunedufaso.net\/wp-content\/uploads\/2025\/11\/FB_IMG_1763472120286.jpg","type":"image\/jpeg"}],"author":"Issouf Tapsoba","twitter_misc":{"\u00c9crit par":"Issouf Tapsoba","Dur\u00e9e de lecture estim\u00e9e":"5 minutes"},"schema":{"@context":"https:\/\/schema.org","@graph":[{"@type":"Article","@id":"https:\/\/www.latribunedufaso.net\/?p=24987#article","isPartOf":{"@id":"https:\/\/www.latribunedufaso.net\/?p=24987"},"author":{"name":"Issouf Tapsoba","@id":"https:\/\/www.latribunedufaso.net\/#\/schema\/person\/e54e64c5778a7e72cf80a318b7a622b0"},"headline":"COP 30 Roger Baro porte la voix du Burkina Faso: \u00ab l&rsquo;Afrique n&rsquo;a pas \u00e0 mendier son adaptation\u2026 \u00bb","datePublished":"2025-11-18T13:30:59+00:00","dateModified":"2025-11-18T13:31:28+00:00","mainEntityOfPage":{"@id":"https:\/\/www.latribunedufaso.net\/?p=24987"},"wordCount":1075,"commentCount":0,"publisher":{"@id":"https:\/\/www.latribunedufaso.net\/#organization"},"image":{"@id":"https:\/\/www.latribunedufaso.net\/?p=24987#primaryimage"},"thumbnailUrl":"https:\/\/www.latribunedufaso.net\/wp-content\/uploads\/2025\/11\/FB_IMG_1763472120286.jpg","keywords":["COP 30","latribunedufaso.net","Protection de l'environnement"],"articleSection":["A la une","Actualit\u00e9","Environnement"],"inLanguage":"fr-FR","potentialAction":[{"@type":"CommentAction","name":"Comment","target":["https:\/\/www.latribunedufaso.net\/?p=24987#respond"]}]},{"@type":"WebPage","@id":"https:\/\/www.latribunedufaso.net\/?p=24987","url":"https:\/\/www.latribunedufaso.net\/?p=24987","name":"COP 30 Roger Baro porte la voix du Burkina Faso: \u00ab l'Afrique n'a pas \u00e0 mendier son adaptation\u2026 \u00bb - La Tribune du Faso","isPartOf":{"@id":"https:\/\/www.latribunedufaso.net\/#website"},"primaryImageOfPage":{"@id":"https:\/\/www.latribunedufaso.net\/?p=24987#primaryimage"},"image":{"@id":"https:\/\/www.latribunedufaso.net\/?p=24987#primaryimage"},"thumbnailUrl":"https:\/\/www.latribunedufaso.net\/wp-content\/uploads\/2025\/11\/FB_IMG_1763472120286.jpg","datePublished":"2025-11-18T13:30:59+00:00","dateModified":"2025-11-18T13:31:28+00:00","breadcrumb":{"@id":"https:\/\/www.latribunedufaso.net\/?p=24987#breadcrumb"},"inLanguage":"fr-FR","potentialAction":[{"@type":"ReadAction","target":["https:\/\/www.latribunedufaso.net\/?p=24987"]}]},{"@type":"ImageObject","inLanguage":"fr-FR","@id":"https:\/\/www.latribunedufaso.net\/?p=24987#primaryimage","url":"https:\/\/www.latribunedufaso.net\/wp-content\/uploads\/2025\/11\/FB_IMG_1763472120286.jpg","contentUrl":"https:\/\/www.latribunedufaso.net\/wp-content\/uploads\/2025\/11\/FB_IMG_1763472120286.jpg","width":848,"height":800,"caption":"Le discours du ministre charg\u00e9 de l'Environnement \u00e0 la COP 30, 17 novembre 2025"},{"@type":"BreadcrumbList","@id":"https:\/\/www.latribunedufaso.net\/?p=24987#breadcrumb","itemListElement":[{"@type":"ListItem","position":1,"name":"Accueil","item":"https:\/\/www.latribunedufaso.net\/"},{"@type":"ListItem","position":2,"name":"COP 30 Roger Baro porte la voix du Burkina Faso: \u00ab l&rsquo;Afrique n&rsquo;a pas \u00e0 mendier son adaptation\u2026 \u00bb"}]},{"@type":"WebSite","@id":"https:\/\/www.latribunedufaso.net\/#website","url":"https:\/\/www.latribunedufaso.net\/","name":"La Tribune du Faso","description":"L&#039;information du monde rural en un clic","publisher":{"@id":"https:\/\/www.latribunedufaso.net\/#organization"},"potentialAction":[{"@type":"SearchAction","target":{"@type":"EntryPoint","urlTemplate":"https:\/\/www.latribunedufaso.net\/?s={search_term_string}"},"query-input":{"@type":"PropertyValueSpecification","valueRequired":true,"valueName":"search_term_string"}}],"inLanguage":"fr-FR"},{"@type":"Organization","@id":"https:\/\/www.latribunedufaso.net\/#organization","name":"La Tribune du Faso","url":"https:\/\/www.latribunedufaso.net\/","logo":{"@type":"ImageObject","inLanguage":"fr-FR","@id":"https:\/\/www.latribunedufaso.net\/#\/schema\/logo\/image\/","url":"https:\/\/www.latribunedufaso.net\/wp-content\/uploads\/2020\/08\/Logo-Tribune-du-Faso-final-scaled.jpg","contentUrl":"https:\/\/www.latribunedufaso.net\/wp-content\/uploads\/2020\/08\/Logo-Tribune-du-Faso-final-scaled.jpg","width":2560,"height":1856,"caption":"La Tribune du Faso"},"image":{"@id":"https:\/\/www.latribunedufaso.net\/#\/schema\/logo\/image\/"},"sameAs":["https:\/\/www.facebook.com\/LatribuneduFaso\/"]},{"@type":"Person","@id":"https:\/\/www.latribunedufaso.net\/#\/schema\/person\/e54e64c5778a7e72cf80a318b7a622b0","name":"Issouf Tapsoba","image":{"@type":"ImageObject","inLanguage":"fr-FR","@id":"https:\/\/secure.gravatar.com\/avatar\/5e6c05150ce3230247d167f5b94d678eb05936197436d69b7921e3a95c9107ac?s=96&d=mm&r=g","url":"https:\/\/secure.gravatar.com\/avatar\/5e6c05150ce3230247d167f5b94d678eb05936197436d69b7921e3a95c9107ac?s=96&d=mm&r=g","contentUrl":"https:\/\/secure.gravatar.com\/avatar\/5e6c05150ce3230247d167f5b94d678eb05936197436d69b7921e3a95c9107ac?s=96&d=mm&r=g","caption":"Issouf Tapsoba"},"url":"https:\/\/www.latribunedufaso.net\/?author=5"}]}},"_links":{"self":[{"href":"https:\/\/www.latribunedufaso.net\/index.php?rest_route=\/wp\/v2\/posts\/24987","targetHints":{"allow":["GET"]}}],"collection":[{"href":"https:\/\/www.latribunedufaso.net\/index.php?rest_route=\/wp\/v2\/posts"}],"about":[{"href":"https:\/\/www.latribunedufaso.net\/index.php?rest_route=\/wp\/v2\/types\/post"}],"author":[{"embeddable":true,"href":"https:\/\/www.latribunedufaso.net\/index.php?rest_route=\/wp\/v2\/users\/5"}],"replies":[{"embeddable":true,"href":"https:\/\/www.latribunedufaso.net\/index.php?rest_route=%2Fwp%2Fv2%2Fcomments&post=24987"}],"version-history":[{"count":3,"href":"https:\/\/www.latribunedufaso.net\/index.php?rest_route=\/wp\/v2\/posts\/24987\/revisions"}],"predecessor-version":[{"id":24993,"href":"https:\/\/www.latribunedufaso.net\/index.php?rest_route=\/wp\/v2\/posts\/24987\/revisions\/24993"}],"wp:featuredmedia":[{"embeddable":true,"href":"https:\/\/www.latribunedufaso.net\/index.php?rest_route=\/wp\/v2\/media\/24991"}],"wp:attachment":[{"href":"https:\/\/www.latribunedufaso.net\/index.php?rest_route=%2Fwp%2Fv2%2Fmedia&parent=24987"}],"wp:term":[{"taxonomy":"category","embeddable":true,"href":"https:\/\/www.latribunedufaso.net\/index.php?rest_route=%2Fwp%2Fv2%2Fcategories&post=24987"},{"taxonomy":"post_tag","embeddable":true,"href":"https:\/\/www.latribunedufaso.net\/index.php?rest_route=%2Fwp%2Fv2%2Ftags&post=24987"}],"curies":[{"name":"wp","href":"https:\/\/api.w.org\/{rel}","templated":true}]}}