{"id":24939,"date":"2025-11-15T16:17:37","date_gmt":"2025-11-15T16:17:37","guid":{"rendered":"https:\/\/www.latribunedufaso.net\/?p=24939"},"modified":"2025-11-16T16:20:13","modified_gmt":"2025-11-16T16:20:13","slug":"journees-nationales-du-transport-par-rail-les-rideaux-se-referment-sur-une-note-de-satisfaction","status":"publish","type":"post","link":"https:\/\/www.latribunedufaso.net\/?p=24939","title":{"rendered":"Journ\u00e9es nationales du transport par rail : Les rideaux se referment sur une note de satisfaction\u00a0"},"content":{"rendered":"<p><strong>La premi\u00e8re \u00e9dition des Journ\u00e9es Nationales du Transport par Rail (JNTR) a officiellement pris fin le 15 novembre 2025 \u00e0 Bobo-Dioulasso, au terme d\u2019une s\u00e9rie d\u2019activit\u00e9s qui ont mobilis\u00e9 autorit\u00e9s, experts du secteur ferroviaire, partenaires techniques et populations. Cette cl\u00f4ture solennelle pr\u00e9sid\u00e9e par le ministre des Infrastructures et du D\u00e9senclavement, Adama Luc Sorgho, marque une \u00e9tape d\u00e9cisive dans la volont\u00e9 du gouvernement de repositionner le rail comme un pilier strat\u00e9gique du d\u00e9veloppement national.<\/strong><!--more--><\/p>\n<p>Dans son allocution, le ministre des Infrastructures a salu\u00e9 la mobilisation exceptionnelle autour de cette premi\u00e8re \u00e9dition. Il a rappel\u00e9 que les JNTR ont offert une plateforme d\u2019\u00e9changes et d\u2019apprentissage gr\u00e2ce \u00e0 l\u2019immersion en train organis\u00e9e pour les populations ainsi que la visite guid\u00e9e des installations ferroviaires. Ces activit\u00e9s ont permis aux participants de mieux comprendre les r\u00e9alit\u00e9s techniques du secteur et de r\u00e9affirmer l\u2019importance strat\u00e9gique du rail dans le d\u00e9senclavement du pays et la vision du gouvernement. <em><strong>\u00ab Le rail burkinab\u00e8 rena\u00eetra, parce qu\u2019il est le symbole m\u00eame de notre r\u00e9sistance, de notre unit\u00e9 et de notre souverainet\u00e9 \u00bb<\/strong><\/em>, a-t-il d\u00e9clar\u00e9 devant les participants, avant d\u2019ajouter que <em><strong>\u00ab chaque rail pos\u00e9 est un acte de r\u00e9sistance. Chaque train qui roule est une victoire sur la peur \u00bb.<\/strong><\/em><\/p>\n<figure id=\"attachment_24942\" aria-describedby=\"caption-attachment-24942\" style=\"width: 2048px\" class=\"wp-caption aligncenter\"><a href=\"https:\/\/www.latribunedufaso.net\/wp-content\/uploads\/2025\/11\/FB_IMG_1763309133040.jpg\"><img loading=\"lazy\" decoding=\"async\" class=\"size-full wp-image-24942\" src=\"https:\/\/www.latribunedufaso.net\/wp-content\/uploads\/2025\/11\/FB_IMG_1763309133040.jpg\" alt=\"C\u00e9r\u00e9monie de cl\u00f4ture de la premi\u00e8re \u00e9dition des Journ\u00e9es Nationales du Transport par Rail (JNTR), 15 novembre 2025 \u00e0 Bobo\" width=\"2048\" height=\"1365\" srcset=\"https:\/\/www.latribunedufaso.net\/wp-content\/uploads\/2025\/11\/FB_IMG_1763309133040.jpg 2048w, https:\/\/www.latribunedufaso.net\/wp-content\/uploads\/2025\/11\/FB_IMG_1763309133040-300x200.jpg 300w, https:\/\/www.latribunedufaso.net\/wp-content\/uploads\/2025\/11\/FB_IMG_1763309133040-1024x683.jpg 1024w, https:\/\/www.latribunedufaso.net\/wp-content\/uploads\/2025\/11\/FB_IMG_1763309133040-768x512.jpg 768w, https:\/\/www.latribunedufaso.net\/wp-content\/uploads\/2025\/11\/FB_IMG_1763309133040-1536x1024.jpg 1536w, https:\/\/www.latribunedufaso.net\/wp-content\/uploads\/2025\/11\/FB_IMG_1763309133040-840x560.jpg 840w, https:\/\/www.latribunedufaso.net\/wp-content\/uploads\/2025\/11\/FB_IMG_1763309133040-120x80.jpg 120w, https:\/\/www.latribunedufaso.net\/wp-content\/uploads\/2025\/11\/FB_IMG_1763309133040-360x240.jpg 360w, https:\/\/www.latribunedufaso.net\/wp-content\/uploads\/2025\/11\/FB_IMG_1763309133040-600x400.jpg 600w\" sizes=\"auto, (max-width: 2048px) 100vw, 2048px\" \/><\/a><figcaption id=\"caption-attachment-24942\" class=\"wp-caption-text\">Le ministre des Infrastructures et du D\u00e9senclavement, Adama Luc Sorgho &#8211; Ph. DR<\/figcaption><\/figure>\n<p>Le ministre a \u00e9galement salu\u00e9 le courage des Forces de D\u00e9fense et de S\u00e9curit\u00e9, des Volontaires pour la D\u00e9fense de la Patrie et des populations rurales, gr\u00e2ce auxquelles <em><strong>\u00ab nous pouvons continuer \u00e0 planifier, b\u00e2tir et r\u00eaver \u00bb.<\/strong><\/em><\/p>\n<p>L\u2019\u00e9v\u00e9nement a aussi \u00e9t\u00e9 l\u2019occasion de pr\u00e9senter les grandes orientations issues de ces journ\u00e9es. Le ministre a rappel\u00e9 que les \u00e9changes ont permis \u00ab<em><strong> de tracer des pistes concr\u00e8tes \u00bb<\/strong><\/em>, notamment la modernisation du r\u00e9seau Abidjan\u2013Ouagadougou\u2013Kaya, la connexion vers Tambao, Niamey et le Sahel, ainsi que la construction d\u2019un syst\u00e8me multimodal o\u00f9 le rail vient renforcer les autres modes de transport.<\/p>\n<figure id=\"attachment_24944\" aria-describedby=\"caption-attachment-24944\" style=\"width: 2048px\" class=\"wp-caption aligncenter\"><a href=\"https:\/\/www.latribunedufaso.net\/wp-content\/uploads\/2025\/11\/FB_IMG_1763309074682.jpg\"><img loading=\"lazy\" decoding=\"async\" class=\"size-full wp-image-24944\" src=\"https:\/\/www.latribunedufaso.net\/wp-content\/uploads\/2025\/11\/FB_IMG_1763309074682.jpg\" alt=\"C\u00e9r\u00e9monie de cl\u00f4ture de la premi\u00e8re \u00e9dition des Journ\u00e9es Nationales du Transport par Rail (JNTR), 15 novembre 2025 \u00e0 Bobo\" width=\"2048\" height=\"1365\" srcset=\"https:\/\/www.latribunedufaso.net\/wp-content\/uploads\/2025\/11\/FB_IMG_1763309074682.jpg 2048w, https:\/\/www.latribunedufaso.net\/wp-content\/uploads\/2025\/11\/FB_IMG_1763309074682-300x200.jpg 300w, https:\/\/www.latribunedufaso.net\/wp-content\/uploads\/2025\/11\/FB_IMG_1763309074682-1024x683.jpg 1024w, https:\/\/www.latribunedufaso.net\/wp-content\/uploads\/2025\/11\/FB_IMG_1763309074682-768x512.jpg 768w, https:\/\/www.latribunedufaso.net\/wp-content\/uploads\/2025\/11\/FB_IMG_1763309074682-1536x1024.jpg 1536w, https:\/\/www.latribunedufaso.net\/wp-content\/uploads\/2025\/11\/FB_IMG_1763309074682-840x560.jpg 840w, https:\/\/www.latribunedufaso.net\/wp-content\/uploads\/2025\/11\/FB_IMG_1763309074682-120x80.jpg 120w, https:\/\/www.latribunedufaso.net\/wp-content\/uploads\/2025\/11\/FB_IMG_1763309074682-360x240.jpg 360w, https:\/\/www.latribunedufaso.net\/wp-content\/uploads\/2025\/11\/FB_IMG_1763309074682-600x400.jpg 600w\" sizes=\"auto, (max-width: 2048px) 100vw, 2048px\" \/><\/a><figcaption id=\"caption-attachment-24944\" class=\"wp-caption-text\">Une vue des participants \u00e0 la c\u00e9r\u00e9monie de cl\u00f4ture &#8211; Ph. DR<\/figcaption><\/figure>\n<p>Il a insist\u00e9 sur une vision claire :<em><strong> \u00ab faire du rail un instrument de d\u00e9veloppement endog\u00e8ne, de souverainet\u00e9 \u00e9conomique et de fiert\u00e9 nationale \u00bb.<\/strong><\/em><\/p>\n<p>Moment fort de la c\u00e9r\u00e9monie, des attestations et troph\u00e9es \u00ab<em><strong> Bataille du Rail \u00bb<\/strong> <\/em>ont \u00e9t\u00e9 remis aux partenaires ayant soutenu l\u2019organisation de cette premi\u00e8re \u00e9dition. Ces distinctions, a-t-il expliqu\u00e9, visent \u00e0 encourager tous ceux qui s\u2019engagent dans cette <em><strong>\u00ab bataille du rail \u00bb<\/strong><\/em> pour redonner au Burkina Faso <em><strong>\u00ab la puissance de son acier et la fiert\u00e9 de ses rails \u00bb<\/strong><\/em>.<\/p>\n<figure id=\"attachment_24943\" aria-describedby=\"caption-attachment-24943\" style=\"width: 2048px\" class=\"wp-caption aligncenter\"><a href=\"https:\/\/www.latribunedufaso.net\/wp-content\/uploads\/2025\/11\/FB_IMG_1763309097533.jpg\"><img loading=\"lazy\" decoding=\"async\" class=\"size-full wp-image-24943\" src=\"https:\/\/www.latribunedufaso.net\/wp-content\/uploads\/2025\/11\/FB_IMG_1763309097533.jpg\" alt=\"C\u00e9r\u00e9monie de cl\u00f4ture de la premi\u00e8re \u00e9dition des Journ\u00e9es Nationales du Transport par Rail (JNTR), 15 novembre 2025 \u00e0 Bobo\" width=\"2048\" height=\"1365\" srcset=\"https:\/\/www.latribunedufaso.net\/wp-content\/uploads\/2025\/11\/FB_IMG_1763309097533.jpg 2048w, https:\/\/www.latribunedufaso.net\/wp-content\/uploads\/2025\/11\/FB_IMG_1763309097533-300x200.jpg 300w, https:\/\/www.latribunedufaso.net\/wp-content\/uploads\/2025\/11\/FB_IMG_1763309097533-1024x683.jpg 1024w, https:\/\/www.latribunedufaso.net\/wp-content\/uploads\/2025\/11\/FB_IMG_1763309097533-768x512.jpg 768w, https:\/\/www.latribunedufaso.net\/wp-content\/uploads\/2025\/11\/FB_IMG_1763309097533-1536x1024.jpg 1536w, https:\/\/www.latribunedufaso.net\/wp-content\/uploads\/2025\/11\/FB_IMG_1763309097533-840x560.jpg 840w, https:\/\/www.latribunedufaso.net\/wp-content\/uploads\/2025\/11\/FB_IMG_1763309097533-120x80.jpg 120w, https:\/\/www.latribunedufaso.net\/wp-content\/uploads\/2025\/11\/FB_IMG_1763309097533-360x240.jpg 360w, https:\/\/www.latribunedufaso.net\/wp-content\/uploads\/2025\/11\/FB_IMG_1763309097533-600x400.jpg 600w\" sizes=\"auto, (max-width: 2048px) 100vw, 2048px\" \/><\/a><figcaption id=\"caption-attachment-24943\" class=\"wp-caption-text\">Une vue de la remise de distinction &#8211; Ph. DR<\/figcaption><\/figure>\n<p>Faut-il le rappeler, la soci\u00e9t\u00e9 de gestion du patrimoine ferroviaire du Burkina (SOPAFER-B) est l\u2019initiatrice des Journ\u00e9es nationales du transport par rail. Elle est une soci\u00e9t\u00e9 d\u2019\u00c9tat cr\u00e9\u00e9e le 1er ao\u00fbt 1995 dont son directeur g\u00e9n\u00e9ral actuel est Firmin Bagoro.\u00a0<\/p>\n<blockquote>\n<p>Lire aussi &gt;&gt; <a href=\"https:\/\/www.latribunedufaso.net\/?p=24884\">Journ\u00e9es nationales du transport ferroviaire : Bobo-Dioulasso accueille la 1\u00e8re \u00e9dition du 14 au 15 novembre 2025<\/a><\/p>\n<\/blockquote>\n<p>La mission de la SOPAFER-B est d\u2019assurer la gestion, la pr\u00e9servation et le d\u00e9veloppement du patrimoine ferroviaire national. Acteur cl\u00e9 du secteur, la SOPAFER-B veille \u00e0 la maintenance des infrastructures existantes et pilote les projets d\u2019expansion du r\u00e9seau ferroviaire. Elle contribue ainsi au d\u00e9senclavement du pays et \u00e0 son d\u00e9veloppement socio-\u00e9conomique.<\/p>\n<p><strong>Latribunedufaso.ner<\/strong><\/p>\n<p><strong>Source : DCRP\/MID<\/strong><\/p>\n","protected":false},"excerpt":{"rendered":"<p>La premi\u00e8re \u00e9dition des Journ\u00e9es Nationales du Transport par Rail (JNTR) a officiellement pris fin le 15 novembre 2025 \u00e0 Bobo-Dioulasso, au terme d\u2019une s\u00e9rie d\u2019activit\u00e9s qui ont mobilis\u00e9 autorit\u00e9s, experts du secteur ferroviaire, partenaires techniques et populations. Cette cl\u00f4ture solennelle pr\u00e9sid\u00e9e par le ministre des Infrastructures et du D\u00e9senclavement, Adama Luc Sorgho, marque une \u00e9tape d\u00e9cisive dans la volont\u00e9 du gouvernement de repositionner le rail comme un pilier strat\u00e9gique du d\u00e9veloppement national.<\/p>\n","protected":false},"author":5,"featured_media":24941,"comment_status":"open","ping_status":"open","sticky":false,"template":"","format":"standard","meta":{"footnotes":""},"categories":[13,1,8],"tags":[423,1773,39,1783,1771],"class_list":["post-24939","post","type-post","status-publish","format-standard","has-post-thumbnail","hentry","category-une","category-actu","category-societe","tag-commune-de-bobo-dioulasso","tag-journees-nationales-du-transport-par-rail","tag-latribunedufaso-net","tag-sitarail","tag-sopafr-b"],"yoast_head":"<!-- This site is optimized with the Yoast SEO plugin v27.5 - https:\/\/yoast.com\/product\/yoast-seo-wordpress\/ -->\n<title>Journ\u00e9es nationales du transport par rail : Les rideaux se referment sur une note de satisfaction\u00a0 - La Tribune du Faso<\/title>\n<meta name=\"robots\" content=\"index, follow, max-snippet:-1, max-image-preview:large, max-video-preview:-1\" \/>\n<link rel=\"canonical\" href=\"https:\/\/www.latribunedufaso.net\/?p=24939\" \/>\n<meta property=\"og:locale\" content=\"fr_FR\" \/>\n<meta property=\"og:type\" content=\"article\" \/>\n<meta property=\"og:title\" content=\"Journ\u00e9es nationales du transport par rail : Les rideaux se referment sur une note de satisfaction\u00a0 - La Tribune du Faso\" \/>\n<meta property=\"og:description\" content=\"La premi\u00e8re \u00e9dition des Journ\u00e9es Nationales du Transport par Rail (JNTR) a officiellement pris fin le 15 novembre 2025 \u00e0 Bobo-Dioulasso, au terme d\u2019une s\u00e9rie d\u2019activit\u00e9s qui ont mobilis\u00e9 autorit\u00e9s, experts du secteur ferroviaire, partenaires techniques et populations. Cette cl\u00f4ture solennelle pr\u00e9sid\u00e9e par le ministre des Infrastructures et du D\u00e9senclavement, Adama Luc Sorgho, marque une \u00e9tape d\u00e9cisive dans la volont\u00e9 du gouvernement de repositionner le rail comme un pilier strat\u00e9gique du d\u00e9veloppement national.\" \/>\n<meta property=\"og:url\" content=\"https:\/\/www.latribunedufaso.net\/?p=24939\" \/>\n<meta property=\"og:site_name\" content=\"La Tribune du Faso\" \/>\n<meta property=\"article:publisher\" content=\"https:\/\/www.facebook.com\/LatribuneduFaso\/\" \/>\n<meta property=\"article:published_time\" content=\"2025-11-15T16:17:37+00:00\" \/>\n<meta property=\"article:modified_time\" content=\"2025-11-16T16:20:13+00:00\" \/>\n<meta property=\"og:image\" content=\"https:\/\/www.latribunedufaso.net\/wp-content\/uploads\/2025\/11\/FB_IMG_1763309140649.jpg\" \/>\n\t<meta property=\"og:image:width\" content=\"2048\" \/>\n\t<meta property=\"og:image:height\" content=\"1365\" \/>\n\t<meta property=\"og:image:type\" content=\"image\/jpeg\" \/>\n<meta name=\"author\" content=\"Issouf Tapsoba\" \/>\n<meta name=\"twitter:label1\" content=\"\u00c9crit par\" \/>\n\t<meta name=\"twitter:data1\" content=\"Issouf Tapsoba\" \/>\n\t<meta name=\"twitter:label2\" content=\"Dur\u00e9e de lecture estim\u00e9e\" \/>\n\t<meta name=\"twitter:data2\" content=\"3 minutes\" \/>\n<script type=\"application\/ld+json\" class=\"yoast-schema-graph\">{\"@context\":\"https:\\\/\\\/schema.org\",\"@graph\":[{\"@type\":\"Article\",\"@id\":\"https:\\\/\\\/www.latribunedufaso.net\\\/?p=24939#article\",\"isPartOf\":{\"@id\":\"https:\\\/\\\/www.latribunedufaso.net\\\/?p=24939\"},\"author\":{\"name\":\"Issouf Tapsoba\",\"@id\":\"https:\\\/\\\/www.latribunedufaso.net\\\/#\\\/schema\\\/person\\\/e54e64c5778a7e72cf80a318b7a622b0\"},\"headline\":\"Journ\u00e9es nationales du transport par rail : Les rideaux se referment sur une note de satisfaction\u00a0\",\"datePublished\":\"2025-11-15T16:17:37+00:00\",\"dateModified\":\"2025-11-16T16:20:13+00:00\",\"mainEntityOfPage\":{\"@id\":\"https:\\\/\\\/www.latribunedufaso.net\\\/?p=24939\"},\"wordCount\":627,\"commentCount\":0,\"publisher\":{\"@id\":\"https:\\\/\\\/www.latribunedufaso.net\\\/#organization\"},\"image\":{\"@id\":\"https:\\\/\\\/www.latribunedufaso.net\\\/?p=24939#primaryimage\"},\"thumbnailUrl\":\"https:\\\/\\\/www.latribunedufaso.net\\\/wp-content\\\/uploads\\\/2025\\\/11\\\/FB_IMG_1763309140649.jpg\",\"keywords\":[\"Commune de Bobo-Dioulasso\",\"Journ\u00e9es nationales du transport par rail\",\"latribunedufaso.net\",\"SITARAIL\",\"SOPAFR-B\"],\"articleSection\":[\"A la une\",\"Actualit\u00e9\",\"Soci\u00e9t\u00e9\"],\"inLanguage\":\"fr-FR\",\"potentialAction\":[{\"@type\":\"CommentAction\",\"name\":\"Comment\",\"target\":[\"https:\\\/\\\/www.latribunedufaso.net\\\/?p=24939#respond\"]}]},{\"@type\":\"WebPage\",\"@id\":\"https:\\\/\\\/www.latribunedufaso.net\\\/?p=24939\",\"url\":\"https:\\\/\\\/www.latribunedufaso.net\\\/?p=24939\",\"name\":\"Journ\u00e9es nationales du transport par rail : Les rideaux se referment sur une note de satisfaction\u00a0 - La Tribune du Faso\",\"isPartOf\":{\"@id\":\"https:\\\/\\\/www.latribunedufaso.net\\\/#website\"},\"primaryImageOfPage\":{\"@id\":\"https:\\\/\\\/www.latribunedufaso.net\\\/?p=24939#primaryimage\"},\"image\":{\"@id\":\"https:\\\/\\\/www.latribunedufaso.net\\\/?p=24939#primaryimage\"},\"thumbnailUrl\":\"https:\\\/\\\/www.latribunedufaso.net\\\/wp-content\\\/uploads\\\/2025\\\/11\\\/FB_IMG_1763309140649.jpg\",\"datePublished\":\"2025-11-15T16:17:37+00:00\",\"dateModified\":\"2025-11-16T16:20:13+00:00\",\"breadcrumb\":{\"@id\":\"https:\\\/\\\/www.latribunedufaso.net\\\/?p=24939#breadcrumb\"},\"inLanguage\":\"fr-FR\",\"potentialAction\":[{\"@type\":\"ReadAction\",\"target\":[\"https:\\\/\\\/www.latribunedufaso.net\\\/?p=24939\"]}]},{\"@type\":\"ImageObject\",\"inLanguage\":\"fr-FR\",\"@id\":\"https:\\\/\\\/www.latribunedufaso.net\\\/?p=24939#primaryimage\",\"url\":\"https:\\\/\\\/www.latribunedufaso.net\\\/wp-content\\\/uploads\\\/2025\\\/11\\\/FB_IMG_1763309140649.jpg\",\"contentUrl\":\"https:\\\/\\\/www.latribunedufaso.net\\\/wp-content\\\/uploads\\\/2025\\\/11\\\/FB_IMG_1763309140649.jpg\",\"width\":2048,\"height\":1365,\"caption\":\"C\u00e9r\u00e9monie de cl\u00f4ture de la premi\u00e8re \u00e9dition des Journ\u00e9es Nationales du Transport par Rail (JNTR), 15 novembre 2025 \u00e0 Bobo\"},{\"@type\":\"BreadcrumbList\",\"@id\":\"https:\\\/\\\/www.latribunedufaso.net\\\/?p=24939#breadcrumb\",\"itemListElement\":[{\"@type\":\"ListItem\",\"position\":1,\"name\":\"Accueil\",\"item\":\"https:\\\/\\\/www.latribunedufaso.net\\\/\"},{\"@type\":\"ListItem\",\"position\":2,\"name\":\"Journ\u00e9es nationales du transport par rail : Les rideaux se referment sur une note de satisfaction\u00a0\"}]},{\"@type\":\"WebSite\",\"@id\":\"https:\\\/\\\/www.latribunedufaso.net\\\/#website\",\"url\":\"https:\\\/\\\/www.latribunedufaso.net\\\/\",\"name\":\"La Tribune du Faso\",\"description\":\"L&#039;information du monde rural en un clic\",\"publisher\":{\"@id\":\"https:\\\/\\\/www.latribunedufaso.net\\\/#organization\"},\"potentialAction\":[{\"@type\":\"SearchAction\",\"target\":{\"@type\":\"EntryPoint\",\"urlTemplate\":\"https:\\\/\\\/www.latribunedufaso.net\\\/?s={search_term_string}\"},\"query-input\":{\"@type\":\"PropertyValueSpecification\",\"valueRequired\":true,\"valueName\":\"search_term_string\"}}],\"inLanguage\":\"fr-FR\"},{\"@type\":\"Organization\",\"@id\":\"https:\\\/\\\/www.latribunedufaso.net\\\/#organization\",\"name\":\"La Tribune du Faso\",\"url\":\"https:\\\/\\\/www.latribunedufaso.net\\\/\",\"logo\":{\"@type\":\"ImageObject\",\"inLanguage\":\"fr-FR\",\"@id\":\"https:\\\/\\\/www.latribunedufaso.net\\\/#\\\/schema\\\/logo\\\/image\\\/\",\"url\":\"https:\\\/\\\/www.latribunedufaso.net\\\/wp-content\\\/uploads\\\/2020\\\/08\\\/Logo-Tribune-du-Faso-final-scaled.jpg\",\"contentUrl\":\"https:\\\/\\\/www.latribunedufaso.net\\\/wp-content\\\/uploads\\\/2020\\\/08\\\/Logo-Tribune-du-Faso-final-scaled.jpg\",\"width\":2560,\"height\":1856,\"caption\":\"La Tribune du Faso\"},\"image\":{\"@id\":\"https:\\\/\\\/www.latribunedufaso.net\\\/#\\\/schema\\\/logo\\\/image\\\/\"},\"sameAs\":[\"https:\\\/\\\/www.facebook.com\\\/LatribuneduFaso\\\/\"]},{\"@type\":\"Person\",\"@id\":\"https:\\\/\\\/www.latribunedufaso.net\\\/#\\\/schema\\\/person\\\/e54e64c5778a7e72cf80a318b7a622b0\",\"name\":\"Issouf Tapsoba\",\"image\":{\"@type\":\"ImageObject\",\"inLanguage\":\"fr-FR\",\"@id\":\"https:\\\/\\\/secure.gravatar.com\\\/avatar\\\/5e6c05150ce3230247d167f5b94d678eb05936197436d69b7921e3a95c9107ac?s=96&d=mm&r=g\",\"url\":\"https:\\\/\\\/secure.gravatar.com\\\/avatar\\\/5e6c05150ce3230247d167f5b94d678eb05936197436d69b7921e3a95c9107ac?s=96&d=mm&r=g\",\"contentUrl\":\"https:\\\/\\\/secure.gravatar.com\\\/avatar\\\/5e6c05150ce3230247d167f5b94d678eb05936197436d69b7921e3a95c9107ac?s=96&d=mm&r=g\",\"caption\":\"Issouf Tapsoba\"},\"url\":\"https:\\\/\\\/www.latribunedufaso.net\\\/?author=5\"}]}<\/script>\n<!-- \/ Yoast SEO plugin. -->","yoast_head_json":{"title":"Journ\u00e9es nationales du transport par rail : Les rideaux se referment sur une note de satisfaction\u00a0 - La Tribune du Faso","robots":{"index":"index","follow":"follow","max-snippet":"max-snippet:-1","max-image-preview":"max-image-preview:large","max-video-preview":"max-video-preview:-1"},"canonical":"https:\/\/www.latribunedufaso.net\/?p=24939","og_locale":"fr_FR","og_type":"article","og_title":"Journ\u00e9es nationales du transport par rail : Les rideaux se referment sur une note de satisfaction\u00a0 - La Tribune du Faso","og_description":"La premi\u00e8re \u00e9dition des Journ\u00e9es Nationales du Transport par Rail (JNTR) a officiellement pris fin le 15 novembre 2025 \u00e0 Bobo-Dioulasso, au terme d\u2019une s\u00e9rie d\u2019activit\u00e9s qui ont mobilis\u00e9 autorit\u00e9s, experts du secteur ferroviaire, partenaires techniques et populations. Cette cl\u00f4ture solennelle pr\u00e9sid\u00e9e par le ministre des Infrastructures et du D\u00e9senclavement, Adama Luc Sorgho, marque une \u00e9tape d\u00e9cisive dans la volont\u00e9 du gouvernement de repositionner le rail comme un pilier strat\u00e9gique du d\u00e9veloppement national.","og_url":"https:\/\/www.latribunedufaso.net\/?p=24939","og_site_name":"La Tribune du Faso","article_publisher":"https:\/\/www.facebook.com\/LatribuneduFaso\/","article_published_time":"2025-11-15T16:17:37+00:00","article_modified_time":"2025-11-16T16:20:13+00:00","og_image":[{"width":2048,"height":1365,"url":"https:\/\/www.latribunedufaso.net\/wp-content\/uploads\/2025\/11\/FB_IMG_1763309140649.jpg","type":"image\/jpeg"}],"author":"Issouf Tapsoba","twitter_misc":{"\u00c9crit par":"Issouf Tapsoba","Dur\u00e9e de lecture estim\u00e9e":"3 minutes"},"schema":{"@context":"https:\/\/schema.org","@graph":[{"@type":"Article","@id":"https:\/\/www.latribunedufaso.net\/?p=24939#article","isPartOf":{"@id":"https:\/\/www.latribunedufaso.net\/?p=24939"},"author":{"name":"Issouf Tapsoba","@id":"https:\/\/www.latribunedufaso.net\/#\/schema\/person\/e54e64c5778a7e72cf80a318b7a622b0"},"headline":"Journ\u00e9es nationales du transport par rail : Les rideaux se referment sur une note de satisfaction\u00a0","datePublished":"2025-11-15T16:17:37+00:00","dateModified":"2025-11-16T16:20:13+00:00","mainEntityOfPage":{"@id":"https:\/\/www.latribunedufaso.net\/?p=24939"},"wordCount":627,"commentCount":0,"publisher":{"@id":"https:\/\/www.latribunedufaso.net\/#organization"},"image":{"@id":"https:\/\/www.latribunedufaso.net\/?p=24939#primaryimage"},"thumbnailUrl":"https:\/\/www.latribunedufaso.net\/wp-content\/uploads\/2025\/11\/FB_IMG_1763309140649.jpg","keywords":["Commune de Bobo-Dioulasso","Journ\u00e9es nationales du transport par rail","latribunedufaso.net","SITARAIL","SOPAFR-B"],"articleSection":["A la une","Actualit\u00e9","Soci\u00e9t\u00e9"],"inLanguage":"fr-FR","potentialAction":[{"@type":"CommentAction","name":"Comment","target":["https:\/\/www.latribunedufaso.net\/?p=24939#respond"]}]},{"@type":"WebPage","@id":"https:\/\/www.latribunedufaso.net\/?p=24939","url":"https:\/\/www.latribunedufaso.net\/?p=24939","name":"Journ\u00e9es nationales du transport par rail : Les rideaux se referment sur une note de satisfaction\u00a0 - La Tribune du Faso","isPartOf":{"@id":"https:\/\/www.latribunedufaso.net\/#website"},"primaryImageOfPage":{"@id":"https:\/\/www.latribunedufaso.net\/?p=24939#primaryimage"},"image":{"@id":"https:\/\/www.latribunedufaso.net\/?p=24939#primaryimage"},"thumbnailUrl":"https:\/\/www.latribunedufaso.net\/wp-content\/uploads\/2025\/11\/FB_IMG_1763309140649.jpg","datePublished":"2025-11-15T16:17:37+00:00","dateModified":"2025-11-16T16:20:13+00:00","breadcrumb":{"@id":"https:\/\/www.latribunedufaso.net\/?p=24939#breadcrumb"},"inLanguage":"fr-FR","potentialAction":[{"@type":"ReadAction","target":["https:\/\/www.latribunedufaso.net\/?p=24939"]}]},{"@type":"ImageObject","inLanguage":"fr-FR","@id":"https:\/\/www.latribunedufaso.net\/?p=24939#primaryimage","url":"https:\/\/www.latribunedufaso.net\/wp-content\/uploads\/2025\/11\/FB_IMG_1763309140649.jpg","contentUrl":"https:\/\/www.latribunedufaso.net\/wp-content\/uploads\/2025\/11\/FB_IMG_1763309140649.jpg","width":2048,"height":1365,"caption":"C\u00e9r\u00e9monie de cl\u00f4ture de la premi\u00e8re \u00e9dition des Journ\u00e9es Nationales du Transport par Rail (JNTR), 15 novembre 2025 \u00e0 Bobo"},{"@type":"BreadcrumbList","@id":"https:\/\/www.latribunedufaso.net\/?p=24939#breadcrumb","itemListElement":[{"@type":"ListItem","position":1,"name":"Accueil","item":"https:\/\/www.latribunedufaso.net\/"},{"@type":"ListItem","position":2,"name":"Journ\u00e9es nationales du transport par rail : Les rideaux se referment sur une note de satisfaction\u00a0"}]},{"@type":"WebSite","@id":"https:\/\/www.latribunedufaso.net\/#website","url":"https:\/\/www.latribunedufaso.net\/","name":"La Tribune du Faso","description":"L&#039;information du monde rural en un clic","publisher":{"@id":"https:\/\/www.latribunedufaso.net\/#organization"},"potentialAction":[{"@type":"SearchAction","target":{"@type":"EntryPoint","urlTemplate":"https:\/\/www.latribunedufaso.net\/?s={search_term_string}"},"query-input":{"@type":"PropertyValueSpecification","valueRequired":true,"valueName":"search_term_string"}}],"inLanguage":"fr-FR"},{"@type":"Organization","@id":"https:\/\/www.latribunedufaso.net\/#organization","name":"La Tribune du Faso","url":"https:\/\/www.latribunedufaso.net\/","logo":{"@type":"ImageObject","inLanguage":"fr-FR","@id":"https:\/\/www.latribunedufaso.net\/#\/schema\/logo\/image\/","url":"https:\/\/www.latribunedufaso.net\/wp-content\/uploads\/2020\/08\/Logo-Tribune-du-Faso-final-scaled.jpg","contentUrl":"https:\/\/www.latribunedufaso.net\/wp-content\/uploads\/2020\/08\/Logo-Tribune-du-Faso-final-scaled.jpg","width":2560,"height":1856,"caption":"La Tribune du Faso"},"image":{"@id":"https:\/\/www.latribunedufaso.net\/#\/schema\/logo\/image\/"},"sameAs":["https:\/\/www.facebook.com\/LatribuneduFaso\/"]},{"@type":"Person","@id":"https:\/\/www.latribunedufaso.net\/#\/schema\/person\/e54e64c5778a7e72cf80a318b7a622b0","name":"Issouf Tapsoba","image":{"@type":"ImageObject","inLanguage":"fr-FR","@id":"https:\/\/secure.gravatar.com\/avatar\/5e6c05150ce3230247d167f5b94d678eb05936197436d69b7921e3a95c9107ac?s=96&d=mm&r=g","url":"https:\/\/secure.gravatar.com\/avatar\/5e6c05150ce3230247d167f5b94d678eb05936197436d69b7921e3a95c9107ac?s=96&d=mm&r=g","contentUrl":"https:\/\/secure.gravatar.com\/avatar\/5e6c05150ce3230247d167f5b94d678eb05936197436d69b7921e3a95c9107ac?s=96&d=mm&r=g","caption":"Issouf Tapsoba"},"url":"https:\/\/www.latribunedufaso.net\/?author=5"}]}},"_links":{"self":[{"href":"https:\/\/www.latribunedufaso.net\/index.php?rest_route=\/wp\/v2\/posts\/24939","targetHints":{"allow":["GET"]}}],"collection":[{"href":"https:\/\/www.latribunedufaso.net\/index.php?rest_route=\/wp\/v2\/posts"}],"about":[{"href":"https:\/\/www.latribunedufaso.net\/index.php?rest_route=\/wp\/v2\/types\/post"}],"author":[{"embeddable":true,"href":"https:\/\/www.latribunedufaso.net\/index.php?rest_route=\/wp\/v2\/users\/5"}],"replies":[{"embeddable":true,"href":"https:\/\/www.latribunedufaso.net\/index.php?rest_route=%2Fwp%2Fv2%2Fcomments&post=24939"}],"version-history":[{"count":2,"href":"https:\/\/www.latribunedufaso.net\/index.php?rest_route=\/wp\/v2\/posts\/24939\/revisions"}],"predecessor-version":[{"id":24945,"href":"https:\/\/www.latribunedufaso.net\/index.php?rest_route=\/wp\/v2\/posts\/24939\/revisions\/24945"}],"wp:featuredmedia":[{"embeddable":true,"href":"https:\/\/www.latribunedufaso.net\/index.php?rest_route=\/wp\/v2\/media\/24941"}],"wp:attachment":[{"href":"https:\/\/www.latribunedufaso.net\/index.php?rest_route=%2Fwp%2Fv2%2Fmedia&parent=24939"}],"wp:term":[{"taxonomy":"category","embeddable":true,"href":"https:\/\/www.latribunedufaso.net\/index.php?rest_route=%2Fwp%2Fv2%2Fcategories&post=24939"},{"taxonomy":"post_tag","embeddable":true,"href":"https:\/\/www.latribunedufaso.net\/index.php?rest_route=%2Fwp%2Fv2%2Ftags&post=24939"}],"curies":[{"name":"wp","href":"https:\/\/api.w.org\/{rel}","templated":true}]}}