{"id":24913,"date":"2025-11-14T21:28:27","date_gmt":"2025-11-14T21:28:27","guid":{"rendered":"https:\/\/www.latribunedufaso.net\/?p=24913"},"modified":"2025-11-14T21:28:27","modified_gmt":"2025-11-14T21:28:27","slug":"convention-de-minamata-cop-6-le-burkina-faso-partage-son-experience-de-lutte-contre-le-mercure-dans-lorpaillage","status":"publish","type":"post","link":"https:\/\/www.latribunedufaso.net\/?p=24913","title":{"rendered":"Convention de Minamata (COP 6) : Le Burkina Faso partage son exp\u00e9rience de lutte contre le mercure dans l&rsquo;orpaillage"},"content":{"rendered":"<p><strong>La sixi\u00e8me r\u00e9union de la Conf\u00e9rence des Parties \u00e0 la Convention de Minamata sur le mercure (COP-6) s\u2019est tenue \u00e0 Gen\u00e8ve en Suisse du 3 au 7 novembre 2025. Le Burkina Faso a pris part \u00e0 cette r\u00e9union avec une d\u00e9l\u00e9gation conduite par Sabine Bakyono\/Kanzi\u00e9, Ambassadeur, Repr\u00e9sentante permanente du Burkina Faso \u00e0 Gen\u00e8ve.\u00a0<\/strong><!--more--><\/p>\n<p>Cette 6e R\u00e9union avait pour objectif d\u2019\u00e9valuer les progr\u00e8s r\u00e9alis\u00e9s dans la lutte contre la pollution au mercure et de renforcer la coop\u00e9ration mondiale pour l\u2019\u00e9limination de ses usages nocifs.\u00a0<\/p>\n<p>Au cours de la R\u00e9union la d\u00e9l\u00e9gation du Burkina Faso a pris part aux rencontres de trois groupes de contacts notamment celles sur les produits cosm\u00e9tiques, l\u2019extraction mini\u00e8re artisanale \u00e0 petite \u00e9chelle d\u2019or et le budget et programme de travail 2026-2027.<\/p>\n<figure id=\"attachment_24917\" aria-describedby=\"caption-attachment-24917\" style=\"width: 1573px\" class=\"wp-caption aligncenter\"><a href=\"https:\/\/www.latribunedufaso.net\/wp-content\/uploads\/2025\/11\/FB_IMG_1763154915438.jpg\"><img loading=\"lazy\" decoding=\"async\" class=\"size-full wp-image-24917\" src=\"https:\/\/www.latribunedufaso.net\/wp-content\/uploads\/2025\/11\/FB_IMG_1763154915438.jpg\" alt=\"Le Burkina Faso a particip\u00e9 \u00e0 la sixi\u00e8me r\u00e9union de la Conf\u00e9rence des Parties \u00e0 la Convention de Minamata sur le mercure (COP-6), 3 au 7 novembre 2025\" width=\"1573\" height=\"1500\" srcset=\"https:\/\/www.latribunedufaso.net\/wp-content\/uploads\/2025\/11\/FB_IMG_1763154915438.jpg 1573w, https:\/\/www.latribunedufaso.net\/wp-content\/uploads\/2025\/11\/FB_IMG_1763154915438-300x286.jpg 300w, https:\/\/www.latribunedufaso.net\/wp-content\/uploads\/2025\/11\/FB_IMG_1763154915438-1024x976.jpg 1024w, https:\/\/www.latribunedufaso.net\/wp-content\/uploads\/2025\/11\/FB_IMG_1763154915438-768x732.jpg 768w, https:\/\/www.latribunedufaso.net\/wp-content\/uploads\/2025\/11\/FB_IMG_1763154915438-1536x1465.jpg 1536w\" sizes=\"auto, (max-width: 1573px) 100vw, 1573px\" \/><\/a><figcaption id=\"caption-attachment-24917\" class=\"wp-caption-text\">Sabine Bakyono\/Kanzi\u00e9, Ambassadeur, Repr\u00e9sentante permanente du Burkina Faso \u00e0 Gen\u00e8ve &#8211; Ph. DR<\/figcaption><\/figure>\n<p>La d\u00e9l\u00e9gation burkinab\u00e8 a \u00e9galement particip\u00e9 \u00e0 un panel organis\u00e9 par le projet PLANET GOLD, consacr\u00e9 \u00e0 la r\u00e9duction et \u00e0 l\u2019\u00e9limination du mercure dans l\u2019exploitation mini\u00e8re artisanale et \u00e0 petite \u00e9chelle. Ce panel a permis \u00e0 la d\u00e9l\u00e9gation de pr\u00e9senter les r\u00e9sultats obtenus au Burkina Faso dans la mise en \u0153uvre du projet PLANET GOLD, d\u2019\u00e9changer les bonnes pratiques et de tirer profit des exp\u00e9riences des autres pays partenaires.<\/p>\n<figure id=\"attachment_24919\" aria-describedby=\"caption-attachment-24919\" style=\"width: 1600px\" class=\"wp-caption aligncenter\"><a href=\"https:\/\/www.latribunedufaso.net\/wp-content\/uploads\/2025\/11\/FB_IMG_1763154925980.jpg\"><img loading=\"lazy\" decoding=\"async\" class=\"size-full wp-image-24919\" src=\"https:\/\/www.latribunedufaso.net\/wp-content\/uploads\/2025\/11\/FB_IMG_1763154925980.jpg\" alt=\"Le Burkina Faso a particip\u00e9 \u00e0 la sixi\u00e8me r\u00e9union de la Conf\u00e9rence des Parties \u00e0 la Convention de Minamata sur le mercure (COP-6), 3 au 7 novembre 2025\" width=\"1600\" height=\"1200\" srcset=\"https:\/\/www.latribunedufaso.net\/wp-content\/uploads\/2025\/11\/FB_IMG_1763154925980.jpg 1600w, https:\/\/www.latribunedufaso.net\/wp-content\/uploads\/2025\/11\/FB_IMG_1763154925980-300x225.jpg 300w, https:\/\/www.latribunedufaso.net\/wp-content\/uploads\/2025\/11\/FB_IMG_1763154925980-1024x768.jpg 1024w, https:\/\/www.latribunedufaso.net\/wp-content\/uploads\/2025\/11\/FB_IMG_1763154925980-768x576.jpg 768w, https:\/\/www.latribunedufaso.net\/wp-content\/uploads\/2025\/11\/FB_IMG_1763154925980-1536x1152.jpg 1536w\" sizes=\"auto, (max-width: 1600px) 100vw, 1600px\" \/><\/a><figcaption id=\"caption-attachment-24919\" class=\"wp-caption-text\">Une vue de la d\u00e9l\u00e9gation Burkinab\u00e8 \u00e0 la rencontre &#8211; Ph. DR<\/figcaption><\/figure>\n<p>Notons que la participation du Burkina Faso \u00e0 la COP-6 a permis de r\u00e9affirmer l\u2019engagement du pays \u00e0 contribuer activement \u00e0 la mise en \u0153uvre de la Convention de Minamata en vue d\u2019un environnement sain, sans mercure au b\u00e9n\u00e9fice des populations et des g\u00e9n\u00e9rations futures.<\/p>\n<blockquote>\n<p>Lire aussi &gt;&gt; <a href=\"https:\/\/www.latribunedufaso.net\/?p=21307\">Fin du Projet PlanetGOLD Burkina : Bilan positif et perspectives pour une exploitation mini\u00e8re sans mercure<\/a><\/p>\n<\/blockquote>\n<p>En rappel, la Convention de Minamata sur le mercure est un trait\u00e9 visant \u00e0 prot\u00e9ger la sant\u00e9 humaine et l\u2019environnement contre les effets n\u00e9fastes du mercure.<\/p>\n<p><strong>Latribunedufaso.net<\/strong><\/p>\n<p><strong>Source : Ambassade, Mission permanente du Burkina Faso \u00e0 Gen\u00e8ve<\/strong><\/p>\n<p><a href=\"https:\/\/www.latribunedufaso.net\/wp-content\/uploads\/2025\/11\/FB_IMG_1763154939463.jpg\"><img loading=\"lazy\" decoding=\"async\" class=\"aligncenter size-full wp-image-24920\" src=\"https:\/\/www.latribunedufaso.net\/wp-content\/uploads\/2025\/11\/FB_IMG_1763154939463.jpg\" alt=\"Le Burkina Faso a particip\u00e9 \u00e0 la sixi\u00e8me r\u00e9union de la Conf\u00e9rence des Parties \u00e0 la Convention de Minamata sur le mercure (COP-6), 3 au 7 novembre 2025\" width=\"1600\" height=\"1048\" srcset=\"https:\/\/www.latribunedufaso.net\/wp-content\/uploads\/2025\/11\/FB_IMG_1763154939463.jpg 1600w, https:\/\/www.latribunedufaso.net\/wp-content\/uploads\/2025\/11\/FB_IMG_1763154939463-300x197.jpg 300w, https:\/\/www.latribunedufaso.net\/wp-content\/uploads\/2025\/11\/FB_IMG_1763154939463-1024x671.jpg 1024w, https:\/\/www.latribunedufaso.net\/wp-content\/uploads\/2025\/11\/FB_IMG_1763154939463-768x503.jpg 768w, https:\/\/www.latribunedufaso.net\/wp-content\/uploads\/2025\/11\/FB_IMG_1763154939463-1536x1006.jpg 1536w, https:\/\/www.latribunedufaso.net\/wp-content\/uploads\/2025\/11\/FB_IMG_1763154939463-120x80.jpg 120w\" sizes=\"auto, (max-width: 1600px) 100vw, 1600px\" \/><\/a><\/p>\n","protected":false},"excerpt":{"rendered":"<p>La sixi\u00e8me r\u00e9union de la Conf\u00e9rence des Parties \u00e0 la Convention de Minamata sur le mercure (COP-6) s\u2019est tenue \u00e0 Gen\u00e8ve en Suisse du 3 au 7 novembre 2025. Le Burkina Faso a pris part \u00e0 cette r\u00e9union avec une d\u00e9l\u00e9gation conduite par Sabine Bakyono\/Kanzi\u00e9, Ambassadeur, Repr\u00e9sentante permanente du Burkina Faso \u00e0 Gen\u00e8ve.\u00a0<\/p>\n","protected":false},"author":5,"featured_media":24918,"comment_status":"open","ping_status":"open","sticky":false,"template":"","format":"standard","meta":{"footnotes":""},"categories":[13,1,5],"tags":[673,1778,1192,39],"class_list":["post-24913","post","type-post","status-publish","format-standard","has-post-thumbnail","hentry","category-une","category-actu","category-envir","tag-artisanal-gold-council-agc","tag-convention-de-minamata-sur-le-mercure","tag-exploitation-artisanale-de-lor","tag-latribunedufaso-net"],"yoast_head":"<!-- This site is optimized with the Yoast SEO plugin v27.5 - https:\/\/yoast.com\/product\/yoast-seo-wordpress\/ -->\n<title>Convention de Minamata (COP 6) : Le Burkina Faso partage son exp\u00e9rience de lutte contre le mercure dans l&#039;orpaillage - La Tribune du Faso<\/title>\n<meta name=\"robots\" content=\"index, follow, max-snippet:-1, max-image-preview:large, max-video-preview:-1\" \/>\n<link rel=\"canonical\" href=\"https:\/\/www.latribunedufaso.net\/?p=24913\" \/>\n<meta property=\"og:locale\" content=\"fr_FR\" \/>\n<meta property=\"og:type\" content=\"article\" \/>\n<meta property=\"og:title\" content=\"Convention de Minamata (COP 6) : Le Burkina Faso partage son exp\u00e9rience de lutte contre le mercure dans l&#039;orpaillage - La Tribune du Faso\" \/>\n<meta property=\"og:description\" content=\"La sixi\u00e8me r\u00e9union de la Conf\u00e9rence des Parties \u00e0 la Convention de Minamata sur le mercure (COP-6) s\u2019est tenue \u00e0 Gen\u00e8ve en Suisse du 3 au 7 novembre 2025. Le Burkina Faso a pris part \u00e0 cette r\u00e9union avec une d\u00e9l\u00e9gation conduite par Sabine Bakyono\/Kanzi\u00e9, Ambassadeur, Repr\u00e9sentante permanente du Burkina Faso \u00e0 Gen\u00e8ve.\u00a0\" \/>\n<meta property=\"og:url\" content=\"https:\/\/www.latribunedufaso.net\/?p=24913\" \/>\n<meta property=\"og:site_name\" content=\"La Tribune du Faso\" \/>\n<meta property=\"article:publisher\" content=\"https:\/\/www.facebook.com\/LatribuneduFaso\/\" \/>\n<meta property=\"article:published_time\" content=\"2025-11-14T21:28:27+00:00\" \/>\n<meta property=\"og:image\" content=\"https:\/\/www.latribunedufaso.net\/wp-content\/uploads\/2025\/11\/FB_IMG_1763154921890.jpg\" \/>\n\t<meta property=\"og:image:width\" content=\"1600\" \/>\n\t<meta property=\"og:image:height\" content=\"896\" \/>\n\t<meta property=\"og:image:type\" content=\"image\/jpeg\" \/>\n<meta name=\"author\" content=\"Issouf Tapsoba\" \/>\n<meta name=\"twitter:label1\" content=\"\u00c9crit par\" \/>\n\t<meta name=\"twitter:data1\" content=\"Issouf Tapsoba\" \/>\n\t<meta name=\"twitter:label2\" content=\"Dur\u00e9e de lecture estim\u00e9e\" \/>\n\t<meta name=\"twitter:data2\" content=\"2 minutes\" \/>\n<script type=\"application\/ld+json\" class=\"yoast-schema-graph\">{\"@context\":\"https:\\\/\\\/schema.org\",\"@graph\":[{\"@type\":\"Article\",\"@id\":\"https:\\\/\\\/www.latribunedufaso.net\\\/?p=24913#article\",\"isPartOf\":{\"@id\":\"https:\\\/\\\/www.latribunedufaso.net\\\/?p=24913\"},\"author\":{\"name\":\"Issouf Tapsoba\",\"@id\":\"https:\\\/\\\/www.latribunedufaso.net\\\/#\\\/schema\\\/person\\\/e54e64c5778a7e72cf80a318b7a622b0\"},\"headline\":\"Convention de Minamata (COP 6) : Le Burkina Faso partage son exp\u00e9rience de lutte contre le mercure dans l&rsquo;orpaillage\",\"datePublished\":\"2025-11-14T21:28:27+00:00\",\"mainEntityOfPage\":{\"@id\":\"https:\\\/\\\/www.latribunedufaso.net\\\/?p=24913\"},\"wordCount\":387,\"commentCount\":0,\"publisher\":{\"@id\":\"https:\\\/\\\/www.latribunedufaso.net\\\/#organization\"},\"image\":{\"@id\":\"https:\\\/\\\/www.latribunedufaso.net\\\/?p=24913#primaryimage\"},\"thumbnailUrl\":\"https:\\\/\\\/www.latribunedufaso.net\\\/wp-content\\\/uploads\\\/2025\\\/11\\\/FB_IMG_1763154921890.jpg\",\"keywords\":[\"Artisanal Gold Council (AGC)\",\"Convention de Minamata sur le mercure\",\"Exploitation artisanale de l'or\",\"latribunedufaso.net\"],\"articleSection\":[\"A la une\",\"Actualit\u00e9\",\"Environnement\"],\"inLanguage\":\"fr-FR\",\"potentialAction\":[{\"@type\":\"CommentAction\",\"name\":\"Comment\",\"target\":[\"https:\\\/\\\/www.latribunedufaso.net\\\/?p=24913#respond\"]}]},{\"@type\":\"WebPage\",\"@id\":\"https:\\\/\\\/www.latribunedufaso.net\\\/?p=24913\",\"url\":\"https:\\\/\\\/www.latribunedufaso.net\\\/?p=24913\",\"name\":\"Convention de Minamata (COP 6) : Le Burkina Faso partage son exp\u00e9rience de lutte contre le mercure dans l'orpaillage - La Tribune du Faso\",\"isPartOf\":{\"@id\":\"https:\\\/\\\/www.latribunedufaso.net\\\/#website\"},\"primaryImageOfPage\":{\"@id\":\"https:\\\/\\\/www.latribunedufaso.net\\\/?p=24913#primaryimage\"},\"image\":{\"@id\":\"https:\\\/\\\/www.latribunedufaso.net\\\/?p=24913#primaryimage\"},\"thumbnailUrl\":\"https:\\\/\\\/www.latribunedufaso.net\\\/wp-content\\\/uploads\\\/2025\\\/11\\\/FB_IMG_1763154921890.jpg\",\"datePublished\":\"2025-11-14T21:28:27+00:00\",\"breadcrumb\":{\"@id\":\"https:\\\/\\\/www.latribunedufaso.net\\\/?p=24913#breadcrumb\"},\"inLanguage\":\"fr-FR\",\"potentialAction\":[{\"@type\":\"ReadAction\",\"target\":[\"https:\\\/\\\/www.latribunedufaso.net\\\/?p=24913\"]}]},{\"@type\":\"ImageObject\",\"inLanguage\":\"fr-FR\",\"@id\":\"https:\\\/\\\/www.latribunedufaso.net\\\/?p=24913#primaryimage\",\"url\":\"https:\\\/\\\/www.latribunedufaso.net\\\/wp-content\\\/uploads\\\/2025\\\/11\\\/FB_IMG_1763154921890.jpg\",\"contentUrl\":\"https:\\\/\\\/www.latribunedufaso.net\\\/wp-content\\\/uploads\\\/2025\\\/11\\\/FB_IMG_1763154921890.jpg\",\"width\":1600,\"height\":896,\"caption\":\"Le Burkina Faso a particip\u00e9 \u00e0 la sixi\u00e8me r\u00e9union de la Conf\u00e9rence des Parties \u00e0 la Convention de Minamata sur le mercure (COP-6), 3 au 7 novembre 2025\"},{\"@type\":\"BreadcrumbList\",\"@id\":\"https:\\\/\\\/www.latribunedufaso.net\\\/?p=24913#breadcrumb\",\"itemListElement\":[{\"@type\":\"ListItem\",\"position\":1,\"name\":\"Accueil\",\"item\":\"https:\\\/\\\/www.latribunedufaso.net\\\/\"},{\"@type\":\"ListItem\",\"position\":2,\"name\":\"Convention de Minamata (COP 6) : Le Burkina Faso partage son exp\u00e9rience de lutte contre le mercure dans l&rsquo;orpaillage\"}]},{\"@type\":\"WebSite\",\"@id\":\"https:\\\/\\\/www.latribunedufaso.net\\\/#website\",\"url\":\"https:\\\/\\\/www.latribunedufaso.net\\\/\",\"name\":\"La Tribune du Faso\",\"description\":\"L&#039;information du monde rural en un clic\",\"publisher\":{\"@id\":\"https:\\\/\\\/www.latribunedufaso.net\\\/#organization\"},\"potentialAction\":[{\"@type\":\"SearchAction\",\"target\":{\"@type\":\"EntryPoint\",\"urlTemplate\":\"https:\\\/\\\/www.latribunedufaso.net\\\/?s={search_term_string}\"},\"query-input\":{\"@type\":\"PropertyValueSpecification\",\"valueRequired\":true,\"valueName\":\"search_term_string\"}}],\"inLanguage\":\"fr-FR\"},{\"@type\":\"Organization\",\"@id\":\"https:\\\/\\\/www.latribunedufaso.net\\\/#organization\",\"name\":\"La Tribune du Faso\",\"url\":\"https:\\\/\\\/www.latribunedufaso.net\\\/\",\"logo\":{\"@type\":\"ImageObject\",\"inLanguage\":\"fr-FR\",\"@id\":\"https:\\\/\\\/www.latribunedufaso.net\\\/#\\\/schema\\\/logo\\\/image\\\/\",\"url\":\"https:\\\/\\\/www.latribunedufaso.net\\\/wp-content\\\/uploads\\\/2020\\\/08\\\/Logo-Tribune-du-Faso-final-scaled.jpg\",\"contentUrl\":\"https:\\\/\\\/www.latribunedufaso.net\\\/wp-content\\\/uploads\\\/2020\\\/08\\\/Logo-Tribune-du-Faso-final-scaled.jpg\",\"width\":2560,\"height\":1856,\"caption\":\"La Tribune du Faso\"},\"image\":{\"@id\":\"https:\\\/\\\/www.latribunedufaso.net\\\/#\\\/schema\\\/logo\\\/image\\\/\"},\"sameAs\":[\"https:\\\/\\\/www.facebook.com\\\/LatribuneduFaso\\\/\"]},{\"@type\":\"Person\",\"@id\":\"https:\\\/\\\/www.latribunedufaso.net\\\/#\\\/schema\\\/person\\\/e54e64c5778a7e72cf80a318b7a622b0\",\"name\":\"Issouf Tapsoba\",\"image\":{\"@type\":\"ImageObject\",\"inLanguage\":\"fr-FR\",\"@id\":\"https:\\\/\\\/secure.gravatar.com\\\/avatar\\\/5e6c05150ce3230247d167f5b94d678eb05936197436d69b7921e3a95c9107ac?s=96&d=mm&r=g\",\"url\":\"https:\\\/\\\/secure.gravatar.com\\\/avatar\\\/5e6c05150ce3230247d167f5b94d678eb05936197436d69b7921e3a95c9107ac?s=96&d=mm&r=g\",\"contentUrl\":\"https:\\\/\\\/secure.gravatar.com\\\/avatar\\\/5e6c05150ce3230247d167f5b94d678eb05936197436d69b7921e3a95c9107ac?s=96&d=mm&r=g\",\"caption\":\"Issouf Tapsoba\"},\"url\":\"https:\\\/\\\/www.latribunedufaso.net\\\/?author=5\"}]}<\/script>\n<!-- \/ Yoast SEO plugin. -->","yoast_head_json":{"title":"Convention de Minamata (COP 6) : Le Burkina Faso partage son exp\u00e9rience de lutte contre le mercure dans l'orpaillage - La Tribune du Faso","robots":{"index":"index","follow":"follow","max-snippet":"max-snippet:-1","max-image-preview":"max-image-preview:large","max-video-preview":"max-video-preview:-1"},"canonical":"https:\/\/www.latribunedufaso.net\/?p=24913","og_locale":"fr_FR","og_type":"article","og_title":"Convention de Minamata (COP 6) : Le Burkina Faso partage son exp\u00e9rience de lutte contre le mercure dans l'orpaillage - La Tribune du Faso","og_description":"La sixi\u00e8me r\u00e9union de la Conf\u00e9rence des Parties \u00e0 la Convention de Minamata sur le mercure (COP-6) s\u2019est tenue \u00e0 Gen\u00e8ve en Suisse du 3 au 7 novembre 2025. Le Burkina Faso a pris part \u00e0 cette r\u00e9union avec une d\u00e9l\u00e9gation conduite par Sabine Bakyono\/Kanzi\u00e9, Ambassadeur, Repr\u00e9sentante permanente du Burkina Faso \u00e0 Gen\u00e8ve.\u00a0","og_url":"https:\/\/www.latribunedufaso.net\/?p=24913","og_site_name":"La Tribune du Faso","article_publisher":"https:\/\/www.facebook.com\/LatribuneduFaso\/","article_published_time":"2025-11-14T21:28:27+00:00","og_image":[{"width":1600,"height":896,"url":"https:\/\/www.latribunedufaso.net\/wp-content\/uploads\/2025\/11\/FB_IMG_1763154921890.jpg","type":"image\/jpeg"}],"author":"Issouf Tapsoba","twitter_misc":{"\u00c9crit par":"Issouf Tapsoba","Dur\u00e9e de lecture estim\u00e9e":"2 minutes"},"schema":{"@context":"https:\/\/schema.org","@graph":[{"@type":"Article","@id":"https:\/\/www.latribunedufaso.net\/?p=24913#article","isPartOf":{"@id":"https:\/\/www.latribunedufaso.net\/?p=24913"},"author":{"name":"Issouf Tapsoba","@id":"https:\/\/www.latribunedufaso.net\/#\/schema\/person\/e54e64c5778a7e72cf80a318b7a622b0"},"headline":"Convention de Minamata (COP 6) : Le Burkina Faso partage son exp\u00e9rience de lutte contre le mercure dans l&rsquo;orpaillage","datePublished":"2025-11-14T21:28:27+00:00","mainEntityOfPage":{"@id":"https:\/\/www.latribunedufaso.net\/?p=24913"},"wordCount":387,"commentCount":0,"publisher":{"@id":"https:\/\/www.latribunedufaso.net\/#organization"},"image":{"@id":"https:\/\/www.latribunedufaso.net\/?p=24913#primaryimage"},"thumbnailUrl":"https:\/\/www.latribunedufaso.net\/wp-content\/uploads\/2025\/11\/FB_IMG_1763154921890.jpg","keywords":["Artisanal Gold Council (AGC)","Convention de Minamata sur le mercure","Exploitation artisanale de l'or","latribunedufaso.net"],"articleSection":["A la une","Actualit\u00e9","Environnement"],"inLanguage":"fr-FR","potentialAction":[{"@type":"CommentAction","name":"Comment","target":["https:\/\/www.latribunedufaso.net\/?p=24913#respond"]}]},{"@type":"WebPage","@id":"https:\/\/www.latribunedufaso.net\/?p=24913","url":"https:\/\/www.latribunedufaso.net\/?p=24913","name":"Convention de Minamata (COP 6) : Le Burkina Faso partage son exp\u00e9rience de lutte contre le mercure dans l'orpaillage - La Tribune du Faso","isPartOf":{"@id":"https:\/\/www.latribunedufaso.net\/#website"},"primaryImageOfPage":{"@id":"https:\/\/www.latribunedufaso.net\/?p=24913#primaryimage"},"image":{"@id":"https:\/\/www.latribunedufaso.net\/?p=24913#primaryimage"},"thumbnailUrl":"https:\/\/www.latribunedufaso.net\/wp-content\/uploads\/2025\/11\/FB_IMG_1763154921890.jpg","datePublished":"2025-11-14T21:28:27+00:00","breadcrumb":{"@id":"https:\/\/www.latribunedufaso.net\/?p=24913#breadcrumb"},"inLanguage":"fr-FR","potentialAction":[{"@type":"ReadAction","target":["https:\/\/www.latribunedufaso.net\/?p=24913"]}]},{"@type":"ImageObject","inLanguage":"fr-FR","@id":"https:\/\/www.latribunedufaso.net\/?p=24913#primaryimage","url":"https:\/\/www.latribunedufaso.net\/wp-content\/uploads\/2025\/11\/FB_IMG_1763154921890.jpg","contentUrl":"https:\/\/www.latribunedufaso.net\/wp-content\/uploads\/2025\/11\/FB_IMG_1763154921890.jpg","width":1600,"height":896,"caption":"Le Burkina Faso a particip\u00e9 \u00e0 la sixi\u00e8me r\u00e9union de la Conf\u00e9rence des Parties \u00e0 la Convention de Minamata sur le mercure (COP-6), 3 au 7 novembre 2025"},{"@type":"BreadcrumbList","@id":"https:\/\/www.latribunedufaso.net\/?p=24913#breadcrumb","itemListElement":[{"@type":"ListItem","position":1,"name":"Accueil","item":"https:\/\/www.latribunedufaso.net\/"},{"@type":"ListItem","position":2,"name":"Convention de Minamata (COP 6) : Le Burkina Faso partage son exp\u00e9rience de lutte contre le mercure dans l&rsquo;orpaillage"}]},{"@type":"WebSite","@id":"https:\/\/www.latribunedufaso.net\/#website","url":"https:\/\/www.latribunedufaso.net\/","name":"La Tribune du Faso","description":"L&#039;information du monde rural en un clic","publisher":{"@id":"https:\/\/www.latribunedufaso.net\/#organization"},"potentialAction":[{"@type":"SearchAction","target":{"@type":"EntryPoint","urlTemplate":"https:\/\/www.latribunedufaso.net\/?s={search_term_string}"},"query-input":{"@type":"PropertyValueSpecification","valueRequired":true,"valueName":"search_term_string"}}],"inLanguage":"fr-FR"},{"@type":"Organization","@id":"https:\/\/www.latribunedufaso.net\/#organization","name":"La Tribune du Faso","url":"https:\/\/www.latribunedufaso.net\/","logo":{"@type":"ImageObject","inLanguage":"fr-FR","@id":"https:\/\/www.latribunedufaso.net\/#\/schema\/logo\/image\/","url":"https:\/\/www.latribunedufaso.net\/wp-content\/uploads\/2020\/08\/Logo-Tribune-du-Faso-final-scaled.jpg","contentUrl":"https:\/\/www.latribunedufaso.net\/wp-content\/uploads\/2020\/08\/Logo-Tribune-du-Faso-final-scaled.jpg","width":2560,"height":1856,"caption":"La Tribune du Faso"},"image":{"@id":"https:\/\/www.latribunedufaso.net\/#\/schema\/logo\/image\/"},"sameAs":["https:\/\/www.facebook.com\/LatribuneduFaso\/"]},{"@type":"Person","@id":"https:\/\/www.latribunedufaso.net\/#\/schema\/person\/e54e64c5778a7e72cf80a318b7a622b0","name":"Issouf Tapsoba","image":{"@type":"ImageObject","inLanguage":"fr-FR","@id":"https:\/\/secure.gravatar.com\/avatar\/5e6c05150ce3230247d167f5b94d678eb05936197436d69b7921e3a95c9107ac?s=96&d=mm&r=g","url":"https:\/\/secure.gravatar.com\/avatar\/5e6c05150ce3230247d167f5b94d678eb05936197436d69b7921e3a95c9107ac?s=96&d=mm&r=g","contentUrl":"https:\/\/secure.gravatar.com\/avatar\/5e6c05150ce3230247d167f5b94d678eb05936197436d69b7921e3a95c9107ac?s=96&d=mm&r=g","caption":"Issouf Tapsoba"},"url":"https:\/\/www.latribunedufaso.net\/?author=5"}]}},"_links":{"self":[{"href":"https:\/\/www.latribunedufaso.net\/index.php?rest_route=\/wp\/v2\/posts\/24913","targetHints":{"allow":["GET"]}}],"collection":[{"href":"https:\/\/www.latribunedufaso.net\/index.php?rest_route=\/wp\/v2\/posts"}],"about":[{"href":"https:\/\/www.latribunedufaso.net\/index.php?rest_route=\/wp\/v2\/types\/post"}],"author":[{"embeddable":true,"href":"https:\/\/www.latribunedufaso.net\/index.php?rest_route=\/wp\/v2\/users\/5"}],"replies":[{"embeddable":true,"href":"https:\/\/www.latribunedufaso.net\/index.php?rest_route=%2Fwp%2Fv2%2Fcomments&post=24913"}],"version-history":[{"count":3,"href":"https:\/\/www.latribunedufaso.net\/index.php?rest_route=\/wp\/v2\/posts\/24913\/revisions"}],"predecessor-version":[{"id":24921,"href":"https:\/\/www.latribunedufaso.net\/index.php?rest_route=\/wp\/v2\/posts\/24913\/revisions\/24921"}],"wp:featuredmedia":[{"embeddable":true,"href":"https:\/\/www.latribunedufaso.net\/index.php?rest_route=\/wp\/v2\/media\/24918"}],"wp:attachment":[{"href":"https:\/\/www.latribunedufaso.net\/index.php?rest_route=%2Fwp%2Fv2%2Fmedia&parent=24913"}],"wp:term":[{"taxonomy":"category","embeddable":true,"href":"https:\/\/www.latribunedufaso.net\/index.php?rest_route=%2Fwp%2Fv2%2Fcategories&post=24913"},{"taxonomy":"post_tag","embeddable":true,"href":"https:\/\/www.latribunedufaso.net\/index.php?rest_route=%2Fwp%2Fv2%2Ftags&post=24913"}],"curies":[{"name":"wp","href":"https:\/\/api.w.org\/{rel}","templated":true}]}}