{"id":2491,"date":"2021-02-02T22:02:31","date_gmt":"2021-02-02T22:02:31","guid":{"rendered":"https:\/\/www.latribunedufaso.net\/?p=2491"},"modified":"2021-02-02T22:02:31","modified_gmt":"2021-02-02T22:02:31","slug":"societe-le-rjlam-lance-officiellement-ses-activites","status":"publish","type":"post","link":"https:\/\/www.latribunedufaso.net\/?p=2491","title":{"rendered":"Soci\u00e9t\u00e9 : Le RJLAM lance officiellement ses activit\u00e9s"},"content":{"rendered":"<p><strong><span style=\"font-size: 1.0625rem;\">Le R\u00e9seau des jeunes leaders pour une Afrique meilleure (RJLAM) a, au cours d\u2019une conf\u00e9rence de presse, lanc\u00e9 officiellement ses activit\u00e9s vendredi 29 janvier 2021, \u00e0 Ouagadougou. L\u2019objectif de cette conf\u00e9rence de presse \u00e9tait de pr\u00e9senter le r\u00e9seau, sa vision, ses champs d\u2019action, ses ambitions et \u00e9galement pr\u00e9senter son programme de l\u2019ann\u00e9e 2021. Le r\u00e9seau a effectu\u00e9 une s\u00e9ance de salubrit\u00e9 au sein du Centre m\u00e9dical urbain de la Patte d\u2019oie \u00e0 la suite de ladite conf\u00e9rence.<\/span><\/strong><br \/>\n<!--more--><\/p>\n<p><a href=\"https:\/\/latribunedufaso.net\/wp-content\/uploads\/2021\/02\/IMG-20210202-WA0048.jpg\"><img loading=\"lazy\" decoding=\"async\" class=\"size-medium wp-image-2492 aligncenter\" src=\"https:\/\/latribunedufaso.net\/wp-content\/uploads\/2021\/02\/IMG-20210202-WA0048-300x135.jpg\" alt=\"\" width=\"300\" height=\"135\" srcset=\"https:\/\/www.latribunedufaso.net\/wp-content\/uploads\/2021\/02\/IMG-20210202-WA0048-300x135.jpg 300w, https:\/\/www.latribunedufaso.net\/wp-content\/uploads\/2021\/02\/IMG-20210202-WA0048-1024x461.jpg 1024w, https:\/\/www.latribunedufaso.net\/wp-content\/uploads\/2021\/02\/IMG-20210202-WA0048-768x346.jpg 768w, https:\/\/www.latribunedufaso.net\/wp-content\/uploads\/2021\/02\/IMG-20210202-WA0048.jpg 1040w\" sizes=\"auto, (max-width: 300px) 100vw, 300px\" \/><\/a> Cr\u00e9\u00e9 le 19 septembre 2020, c\u2019est finalement ce samedi 30 janvier 2021 que le R\u00e9seau des jeunes leaders pour une Afrique meilleure (RJLAM) a officiellement lanc\u00e9 ses activit\u00e9s. Le RJLAM est une association \u00e0 caract\u00e8re sociale, apolitique, la\u00efc et \u00e0 but non lucratif, a fait comprendre Daouda Zan, pr\u00e9sident Afrique de ladite association. Faire de l\u2019Afrique un continent pacifique, prosp\u00e8re et ind\u00e9pendant, telle est la vision que le RJLAM s\u2019est dot\u00e9e. Le but principal du RJLAM est la promotion de la paix et du d\u00e9veloppement dans les pays du monde.\u00a0\u00ab\u00a0L\u2019objectif principal est de promouvoir la paix et le d\u00e9veloppement durable au Burkina, en Afrique et dans le monde\u00a0\u00bb, a indiqu\u00e9 le pr\u00e9sident Afrique du RJLAM.<\/p>\n<p>Le R\u00e9seau des jeunes leaders pour une Afrique meilleure intervient principalement dans trois domaines. Le premier domaine d\u2019intervention est le d\u00e9veloppement socio-\u00e9conomique et culturel, paix et s\u00e9curit\u00e9. Le second domaine est l\u2019action humanitaire et promotion des droits humains. Le troisi\u00e8me domaine d\u2019intervention est le d\u00e9veloppement personnel, le leadership et l\u2019entreprenariat. Le RJLAM compte avoir des repr\u00e9sentations dans plusieurs pays d\u2019Afrique. Au compte de ses activit\u00e9s de l\u2019ann\u00e9e 2021, le RJLAM pense organiser une journ\u00e9e juridique sur le droit du travail\u00a0; une conf\u00e9rence sur les migrations internationales\u00a0; des formations en cr\u00e9ation et gestion d\u2019entreprise et des visites d\u2019entreprise \u00e0 succ\u00e8s\u00a0; mettre en place un programme d\u2019appui et d\u2019aide \u00e0 l\u2019autonomisation des filles et femmes des camps de d\u00e9plac\u00e9s internes.<\/p>\n<p>En marge de la conf\u00e9rence de presse, Daouda Zan et les membres du RJLAM, dans un souci de pr\u00e9server la nature, ont effectu\u00e9 une s\u00e9ance de salubrit\u00e9 au Centre m\u00e9dical urbain (CMU) de la Patte d\u2019oie. Le pr\u00e9sident Afrique du RJLAM indique que la s\u00e9ance de salubrit\u00e9 \u00e9tait une mani\u00e8re pour eux de commencer leurs activit\u00e9s par des actes citoyens. \u00ab\u00a0On a jug\u00e9 n\u00e9cessaire de d\u00e9buter nos activit\u00e9s avec un acte citoyen\u00a0\u00bb, a conclu Daouda Zan.<\/p>\n<p><strong>Tiba Kassamse Ou\u00e9draogo (Stagiaire)<\/strong><br \/>\n<strong>Latribunedufaso.net<\/strong><\/p>\n","protected":false},"excerpt":{"rendered":"<p>Le R\u00e9seau des jeunes leaders pour une Afrique meilleure (RJLAM) a, au cours d\u2019une conf\u00e9rence de presse, lanc\u00e9 officiellement ses activit\u00e9s vendredi 29 janvier 2021, \u00e0 Ouagadougou. L\u2019objectif de cette conf\u00e9rence de presse \u00e9tait de pr\u00e9senter le r\u00e9seau, sa vision, ses champs d\u2019action, ses ambitions et \u00e9galement pr\u00e9senter son programme de l\u2019ann\u00e9e 2021. Le r\u00e9seau a effectu\u00e9 une s\u00e9ance de salubrit\u00e9 au sein du Centre m\u00e9dical urbain de la Patte d\u2019oie \u00e0 la suite de ladite conf\u00e9rence.<\/p>\n","protected":false},"author":2,"featured_media":2493,"comment_status":"open","ping_status":"open","sticky":false,"template":"","format":"standard","meta":{"footnotes":""},"categories":[1,8],"tags":[],"class_list":["post-2491","post","type-post","status-publish","format-standard","has-post-thumbnail","hentry","category-actu","category-societe"],"yoast_head":"<!-- This site is optimized with the Yoast SEO plugin v27.5 - https:\/\/yoast.com\/product\/yoast-seo-wordpress\/ -->\n<title>Soci\u00e9t\u00e9 : Le RJLAM lance officiellement ses activit\u00e9s - La Tribune du Faso<\/title>\n<meta name=\"robots\" content=\"index, follow, max-snippet:-1, max-image-preview:large, max-video-preview:-1\" \/>\n<link rel=\"canonical\" href=\"https:\/\/www.latribunedufaso.net\/?p=2491\" \/>\n<meta property=\"og:locale\" content=\"fr_FR\" \/>\n<meta property=\"og:type\" content=\"article\" \/>\n<meta property=\"og:title\" content=\"Soci\u00e9t\u00e9 : Le RJLAM lance officiellement ses activit\u00e9s - La Tribune du Faso\" \/>\n<meta property=\"og:description\" content=\"Le R\u00e9seau des jeunes leaders pour une Afrique meilleure (RJLAM) a, au cours d\u2019une conf\u00e9rence de presse, lanc\u00e9 officiellement ses activit\u00e9s vendredi 29 janvier 2021, \u00e0 Ouagadougou. L\u2019objectif de cette conf\u00e9rence de presse \u00e9tait de pr\u00e9senter le r\u00e9seau, sa vision, ses champs d\u2019action, ses ambitions et \u00e9galement pr\u00e9senter son programme de l\u2019ann\u00e9e 2021. Le r\u00e9seau a effectu\u00e9 une s\u00e9ance de salubrit\u00e9 au sein du Centre m\u00e9dical urbain de la Patte d\u2019oie \u00e0 la suite de ladite conf\u00e9rence.\" \/>\n<meta property=\"og:url\" content=\"https:\/\/www.latribunedufaso.net\/?p=2491\" \/>\n<meta property=\"og:site_name\" content=\"La Tribune du Faso\" \/>\n<meta property=\"article:publisher\" content=\"https:\/\/www.facebook.com\/LatribuneduFaso\/\" \/>\n<meta property=\"article:published_time\" content=\"2021-02-02T22:02:31+00:00\" \/>\n<meta property=\"og:image\" content=\"https:\/\/latribunedufaso.net\/wp-content\/uploads\/2021\/02\/IMG-20210202-WA0051.jpg\" \/>\n\t<meta property=\"og:image:width\" content=\"1040\" \/>\n\t<meta property=\"og:image:height\" content=\"468\" \/>\n\t<meta property=\"og:image:type\" content=\"image\/jpeg\" \/>\n<meta name=\"author\" content=\"Administrateur\" \/>\n<meta name=\"twitter:label1\" content=\"\u00c9crit par\" \/>\n\t<meta name=\"twitter:data1\" content=\"Administrateur\" \/>\n\t<meta name=\"twitter:label2\" content=\"Dur\u00e9e de lecture estim\u00e9e\" \/>\n\t<meta name=\"twitter:data2\" content=\"2 minutes\" \/>\n<script type=\"application\/ld+json\" class=\"yoast-schema-graph\">{\"@context\":\"https:\\\/\\\/schema.org\",\"@graph\":[{\"@type\":\"Article\",\"@id\":\"https:\\\/\\\/www.latribunedufaso.net\\\/?p=2491#article\",\"isPartOf\":{\"@id\":\"https:\\\/\\\/www.latribunedufaso.net\\\/?p=2491\"},\"author\":{\"name\":\"Administrateur\",\"@id\":\"https:\\\/\\\/www.latribunedufaso.net\\\/#\\\/schema\\\/person\\\/a380782d0605bb8aae27c40ea93b35b1\"},\"headline\":\"Soci\u00e9t\u00e9 : Le RJLAM lance officiellement ses activit\u00e9s\",\"datePublished\":\"2021-02-02T22:02:31+00:00\",\"mainEntityOfPage\":{\"@id\":\"https:\\\/\\\/www.latribunedufaso.net\\\/?p=2491\"},\"wordCount\":459,\"commentCount\":0,\"publisher\":{\"@id\":\"https:\\\/\\\/www.latribunedufaso.net\\\/#organization\"},\"image\":{\"@id\":\"https:\\\/\\\/www.latribunedufaso.net\\\/?p=2491#primaryimage\"},\"thumbnailUrl\":\"https:\\\/\\\/www.latribunedufaso.net\\\/wp-content\\\/uploads\\\/2021\\\/02\\\/IMG-20210202-WA0051.jpg\",\"articleSection\":[\"Actualit\u00e9\",\"Soci\u00e9t\u00e9\"],\"inLanguage\":\"fr-FR\",\"potentialAction\":[{\"@type\":\"CommentAction\",\"name\":\"Comment\",\"target\":[\"https:\\\/\\\/www.latribunedufaso.net\\\/?p=2491#respond\"]}]},{\"@type\":\"WebPage\",\"@id\":\"https:\\\/\\\/www.latribunedufaso.net\\\/?p=2491\",\"url\":\"https:\\\/\\\/www.latribunedufaso.net\\\/?p=2491\",\"name\":\"Soci\u00e9t\u00e9 : Le RJLAM lance officiellement ses activit\u00e9s - La Tribune du Faso\",\"isPartOf\":{\"@id\":\"https:\\\/\\\/www.latribunedufaso.net\\\/#website\"},\"primaryImageOfPage\":{\"@id\":\"https:\\\/\\\/www.latribunedufaso.net\\\/?p=2491#primaryimage\"},\"image\":{\"@id\":\"https:\\\/\\\/www.latribunedufaso.net\\\/?p=2491#primaryimage\"},\"thumbnailUrl\":\"https:\\\/\\\/www.latribunedufaso.net\\\/wp-content\\\/uploads\\\/2021\\\/02\\\/IMG-20210202-WA0051.jpg\",\"datePublished\":\"2021-02-02T22:02:31+00:00\",\"breadcrumb\":{\"@id\":\"https:\\\/\\\/www.latribunedufaso.net\\\/?p=2491#breadcrumb\"},\"inLanguage\":\"fr-FR\",\"potentialAction\":[{\"@type\":\"ReadAction\",\"target\":[\"https:\\\/\\\/www.latribunedufaso.net\\\/?p=2491\"]}]},{\"@type\":\"ImageObject\",\"inLanguage\":\"fr-FR\",\"@id\":\"https:\\\/\\\/www.latribunedufaso.net\\\/?p=2491#primaryimage\",\"url\":\"https:\\\/\\\/www.latribunedufaso.net\\\/wp-content\\\/uploads\\\/2021\\\/02\\\/IMG-20210202-WA0051.jpg\",\"contentUrl\":\"https:\\\/\\\/www.latribunedufaso.net\\\/wp-content\\\/uploads\\\/2021\\\/02\\\/IMG-20210202-WA0051.jpg\",\"width\":1040,\"height\":468},{\"@type\":\"BreadcrumbList\",\"@id\":\"https:\\\/\\\/www.latribunedufaso.net\\\/?p=2491#breadcrumb\",\"itemListElement\":[{\"@type\":\"ListItem\",\"position\":1,\"name\":\"Accueil\",\"item\":\"https:\\\/\\\/www.latribunedufaso.net\\\/\"},{\"@type\":\"ListItem\",\"position\":2,\"name\":\"Soci\u00e9t\u00e9 : Le RJLAM lance officiellement ses activit\u00e9s\"}]},{\"@type\":\"WebSite\",\"@id\":\"https:\\\/\\\/www.latribunedufaso.net\\\/#website\",\"url\":\"https:\\\/\\\/www.latribunedufaso.net\\\/\",\"name\":\"La Tribune du Faso\",\"description\":\"L&#039;information du monde rural en un clic\",\"publisher\":{\"@id\":\"https:\\\/\\\/www.latribunedufaso.net\\\/#organization\"},\"potentialAction\":[{\"@type\":\"SearchAction\",\"target\":{\"@type\":\"EntryPoint\",\"urlTemplate\":\"https:\\\/\\\/www.latribunedufaso.net\\\/?s={search_term_string}\"},\"query-input\":{\"@type\":\"PropertyValueSpecification\",\"valueRequired\":true,\"valueName\":\"search_term_string\"}}],\"inLanguage\":\"fr-FR\"},{\"@type\":\"Organization\",\"@id\":\"https:\\\/\\\/www.latribunedufaso.net\\\/#organization\",\"name\":\"La Tribune du Faso\",\"url\":\"https:\\\/\\\/www.latribunedufaso.net\\\/\",\"logo\":{\"@type\":\"ImageObject\",\"inLanguage\":\"fr-FR\",\"@id\":\"https:\\\/\\\/www.latribunedufaso.net\\\/#\\\/schema\\\/logo\\\/image\\\/\",\"url\":\"https:\\\/\\\/www.latribunedufaso.net\\\/wp-content\\\/uploads\\\/2020\\\/08\\\/Logo-Tribune-du-Faso-final-scaled.jpg\",\"contentUrl\":\"https:\\\/\\\/www.latribunedufaso.net\\\/wp-content\\\/uploads\\\/2020\\\/08\\\/Logo-Tribune-du-Faso-final-scaled.jpg\",\"width\":2560,\"height\":1856,\"caption\":\"La Tribune du Faso\"},\"image\":{\"@id\":\"https:\\\/\\\/www.latribunedufaso.net\\\/#\\\/schema\\\/logo\\\/image\\\/\"},\"sameAs\":[\"https:\\\/\\\/www.facebook.com\\\/LatribuneduFaso\\\/\"]},{\"@type\":\"Person\",\"@id\":\"https:\\\/\\\/www.latribunedufaso.net\\\/#\\\/schema\\\/person\\\/a380782d0605bb8aae27c40ea93b35b1\",\"name\":\"Administrateur\",\"image\":{\"@type\":\"ImageObject\",\"inLanguage\":\"fr-FR\",\"@id\":\"https:\\\/\\\/secure.gravatar.com\\\/avatar\\\/e20266f97d741f0e80ba1f60283074a9b3317fd7bfb727e0d95b51dafbf854a1?s=96&d=mm&r=g\",\"url\":\"https:\\\/\\\/secure.gravatar.com\\\/avatar\\\/e20266f97d741f0e80ba1f60283074a9b3317fd7bfb727e0d95b51dafbf854a1?s=96&d=mm&r=g\",\"contentUrl\":\"https:\\\/\\\/secure.gravatar.com\\\/avatar\\\/e20266f97d741f0e80ba1f60283074a9b3317fd7bfb727e0d95b51dafbf854a1?s=96&d=mm&r=g\",\"caption\":\"Administrateur\"},\"url\":\"https:\\\/\\\/www.latribunedufaso.net\\\/?author=2\"}]}<\/script>\n<!-- \/ Yoast SEO plugin. -->","yoast_head_json":{"title":"Soci\u00e9t\u00e9 : Le RJLAM lance officiellement ses activit\u00e9s - La Tribune du Faso","robots":{"index":"index","follow":"follow","max-snippet":"max-snippet:-1","max-image-preview":"max-image-preview:large","max-video-preview":"max-video-preview:-1"},"canonical":"https:\/\/www.latribunedufaso.net\/?p=2491","og_locale":"fr_FR","og_type":"article","og_title":"Soci\u00e9t\u00e9 : Le RJLAM lance officiellement ses activit\u00e9s - La Tribune du Faso","og_description":"Le R\u00e9seau des jeunes leaders pour une Afrique meilleure (RJLAM) a, au cours d\u2019une conf\u00e9rence de presse, lanc\u00e9 officiellement ses activit\u00e9s vendredi 29 janvier 2021, \u00e0 Ouagadougou. L\u2019objectif de cette conf\u00e9rence de presse \u00e9tait de pr\u00e9senter le r\u00e9seau, sa vision, ses champs d\u2019action, ses ambitions et \u00e9galement pr\u00e9senter son programme de l\u2019ann\u00e9e 2021. Le r\u00e9seau a effectu\u00e9 une s\u00e9ance de salubrit\u00e9 au sein du Centre m\u00e9dical urbain de la Patte d\u2019oie \u00e0 la suite de ladite conf\u00e9rence.","og_url":"https:\/\/www.latribunedufaso.net\/?p=2491","og_site_name":"La Tribune du Faso","article_publisher":"https:\/\/www.facebook.com\/LatribuneduFaso\/","article_published_time":"2021-02-02T22:02:31+00:00","og_image":[{"width":1040,"height":468,"url":"https:\/\/latribunedufaso.net\/wp-content\/uploads\/2021\/02\/IMG-20210202-WA0051.jpg","type":"image\/jpeg"}],"author":"Administrateur","twitter_misc":{"\u00c9crit par":"Administrateur","Dur\u00e9e de lecture estim\u00e9e":"2 minutes"},"schema":{"@context":"https:\/\/schema.org","@graph":[{"@type":"Article","@id":"https:\/\/www.latribunedufaso.net\/?p=2491#article","isPartOf":{"@id":"https:\/\/www.latribunedufaso.net\/?p=2491"},"author":{"name":"Administrateur","@id":"https:\/\/www.latribunedufaso.net\/#\/schema\/person\/a380782d0605bb8aae27c40ea93b35b1"},"headline":"Soci\u00e9t\u00e9 : Le RJLAM lance officiellement ses activit\u00e9s","datePublished":"2021-02-02T22:02:31+00:00","mainEntityOfPage":{"@id":"https:\/\/www.latribunedufaso.net\/?p=2491"},"wordCount":459,"commentCount":0,"publisher":{"@id":"https:\/\/www.latribunedufaso.net\/#organization"},"image":{"@id":"https:\/\/www.latribunedufaso.net\/?p=2491#primaryimage"},"thumbnailUrl":"https:\/\/www.latribunedufaso.net\/wp-content\/uploads\/2021\/02\/IMG-20210202-WA0051.jpg","articleSection":["Actualit\u00e9","Soci\u00e9t\u00e9"],"inLanguage":"fr-FR","potentialAction":[{"@type":"CommentAction","name":"Comment","target":["https:\/\/www.latribunedufaso.net\/?p=2491#respond"]}]},{"@type":"WebPage","@id":"https:\/\/www.latribunedufaso.net\/?p=2491","url":"https:\/\/www.latribunedufaso.net\/?p=2491","name":"Soci\u00e9t\u00e9 : Le RJLAM lance officiellement ses activit\u00e9s - La Tribune du Faso","isPartOf":{"@id":"https:\/\/www.latribunedufaso.net\/#website"},"primaryImageOfPage":{"@id":"https:\/\/www.latribunedufaso.net\/?p=2491#primaryimage"},"image":{"@id":"https:\/\/www.latribunedufaso.net\/?p=2491#primaryimage"},"thumbnailUrl":"https:\/\/www.latribunedufaso.net\/wp-content\/uploads\/2021\/02\/IMG-20210202-WA0051.jpg","datePublished":"2021-02-02T22:02:31+00:00","breadcrumb":{"@id":"https:\/\/www.latribunedufaso.net\/?p=2491#breadcrumb"},"inLanguage":"fr-FR","potentialAction":[{"@type":"ReadAction","target":["https:\/\/www.latribunedufaso.net\/?p=2491"]}]},{"@type":"ImageObject","inLanguage":"fr-FR","@id":"https:\/\/www.latribunedufaso.net\/?p=2491#primaryimage","url":"https:\/\/www.latribunedufaso.net\/wp-content\/uploads\/2021\/02\/IMG-20210202-WA0051.jpg","contentUrl":"https:\/\/www.latribunedufaso.net\/wp-content\/uploads\/2021\/02\/IMG-20210202-WA0051.jpg","width":1040,"height":468},{"@type":"BreadcrumbList","@id":"https:\/\/www.latribunedufaso.net\/?p=2491#breadcrumb","itemListElement":[{"@type":"ListItem","position":1,"name":"Accueil","item":"https:\/\/www.latribunedufaso.net\/"},{"@type":"ListItem","position":2,"name":"Soci\u00e9t\u00e9 : Le RJLAM lance officiellement ses activit\u00e9s"}]},{"@type":"WebSite","@id":"https:\/\/www.latribunedufaso.net\/#website","url":"https:\/\/www.latribunedufaso.net\/","name":"La Tribune du Faso","description":"L&#039;information du monde rural en un clic","publisher":{"@id":"https:\/\/www.latribunedufaso.net\/#organization"},"potentialAction":[{"@type":"SearchAction","target":{"@type":"EntryPoint","urlTemplate":"https:\/\/www.latribunedufaso.net\/?s={search_term_string}"},"query-input":{"@type":"PropertyValueSpecification","valueRequired":true,"valueName":"search_term_string"}}],"inLanguage":"fr-FR"},{"@type":"Organization","@id":"https:\/\/www.latribunedufaso.net\/#organization","name":"La Tribune du Faso","url":"https:\/\/www.latribunedufaso.net\/","logo":{"@type":"ImageObject","inLanguage":"fr-FR","@id":"https:\/\/www.latribunedufaso.net\/#\/schema\/logo\/image\/","url":"https:\/\/www.latribunedufaso.net\/wp-content\/uploads\/2020\/08\/Logo-Tribune-du-Faso-final-scaled.jpg","contentUrl":"https:\/\/www.latribunedufaso.net\/wp-content\/uploads\/2020\/08\/Logo-Tribune-du-Faso-final-scaled.jpg","width":2560,"height":1856,"caption":"La Tribune du Faso"},"image":{"@id":"https:\/\/www.latribunedufaso.net\/#\/schema\/logo\/image\/"},"sameAs":["https:\/\/www.facebook.com\/LatribuneduFaso\/"]},{"@type":"Person","@id":"https:\/\/www.latribunedufaso.net\/#\/schema\/person\/a380782d0605bb8aae27c40ea93b35b1","name":"Administrateur","image":{"@type":"ImageObject","inLanguage":"fr-FR","@id":"https:\/\/secure.gravatar.com\/avatar\/e20266f97d741f0e80ba1f60283074a9b3317fd7bfb727e0d95b51dafbf854a1?s=96&d=mm&r=g","url":"https:\/\/secure.gravatar.com\/avatar\/e20266f97d741f0e80ba1f60283074a9b3317fd7bfb727e0d95b51dafbf854a1?s=96&d=mm&r=g","contentUrl":"https:\/\/secure.gravatar.com\/avatar\/e20266f97d741f0e80ba1f60283074a9b3317fd7bfb727e0d95b51dafbf854a1?s=96&d=mm&r=g","caption":"Administrateur"},"url":"https:\/\/www.latribunedufaso.net\/?author=2"}]}},"_links":{"self":[{"href":"https:\/\/www.latribunedufaso.net\/index.php?rest_route=\/wp\/v2\/posts\/2491","targetHints":{"allow":["GET"]}}],"collection":[{"href":"https:\/\/www.latribunedufaso.net\/index.php?rest_route=\/wp\/v2\/posts"}],"about":[{"href":"https:\/\/www.latribunedufaso.net\/index.php?rest_route=\/wp\/v2\/types\/post"}],"author":[{"embeddable":true,"href":"https:\/\/www.latribunedufaso.net\/index.php?rest_route=\/wp\/v2\/users\/2"}],"replies":[{"embeddable":true,"href":"https:\/\/www.latribunedufaso.net\/index.php?rest_route=%2Fwp%2Fv2%2Fcomments&post=2491"}],"version-history":[{"count":1,"href":"https:\/\/www.latribunedufaso.net\/index.php?rest_route=\/wp\/v2\/posts\/2491\/revisions"}],"predecessor-version":[{"id":2494,"href":"https:\/\/www.latribunedufaso.net\/index.php?rest_route=\/wp\/v2\/posts\/2491\/revisions\/2494"}],"wp:featuredmedia":[{"embeddable":true,"href":"https:\/\/www.latribunedufaso.net\/index.php?rest_route=\/wp\/v2\/media\/2493"}],"wp:attachment":[{"href":"https:\/\/www.latribunedufaso.net\/index.php?rest_route=%2Fwp%2Fv2%2Fmedia&parent=2491"}],"wp:term":[{"taxonomy":"category","embeddable":true,"href":"https:\/\/www.latribunedufaso.net\/index.php?rest_route=%2Fwp%2Fv2%2Fcategories&post=2491"},{"taxonomy":"post_tag","embeddable":true,"href":"https:\/\/www.latribunedufaso.net\/index.php?rest_route=%2Fwp%2Fv2%2Ftags&post=2491"}],"curies":[{"name":"wp","href":"https:\/\/api.w.org\/{rel}","templated":true}]}}