{"id":24905,"date":"2025-11-14T16:37:46","date_gmt":"2025-11-14T16:37:46","guid":{"rendered":"https:\/\/www.latribunedufaso.net\/?p=24905"},"modified":"2025-11-14T16:37:46","modified_gmt":"2025-11-14T16:37:46","slug":"commemoration-de-la-journee-mondiale-du-diabete-2025-un-appel-a-la-mobilisation-pour-le-bien-etre-des-populations","status":"publish","type":"post","link":"https:\/\/www.latribunedufaso.net\/?p=24905","title":{"rendered":"Comm\u00e9moration de la Journ\u00e9e mondiale du diab\u00e8te 2025 : Un appel \u00e0 la mobilisation pour le bien \u00eatre des populations"},"content":{"rendered":"<p><strong>Le minist\u00e8re de la Sant\u00e9, \u00e0 travers la Direction de la pr\u00e9vention et du contr\u00f4le des maladies non transmissibles, a c\u00e9l\u00e9br\u00e9 ce vendredi, 14 novembre 2025, \u00e0 Ouagadougou la Journ\u00e9e mondiale du diab\u00e8te, plac\u00e9e sous le th\u00e8me <em>\u00ab Diab\u00e8te et bien-\u00eatre \u00bb.\u00a0<\/em><\/strong><!--more--><\/p>\n<p>Pr\u00e9sid\u00e9e par le ministre d\u2019\u00c9tat, ministre de la D\u00e9fense et des Anciens Combattants, le G\u00e9n\u00e9ral de brigade C\u00e9lestin Simpor\u00e9, accompagn\u00e9 du ministre de la Sant\u00e9, Dr Robert Kargougou, la c\u00e9r\u00e9monie a r\u00e9uni des professionnels de sant\u00e9, des organisations de la soci\u00e9t\u00e9 civile et des partenaires techniques et financiers. Avant l\u2019ouverture officielle, les participants ont pris part \u00e0 une s\u00e9ance d\u2019a\u00e9robic et des exercices d\u2019\u00e9tirements pour promouvoir l\u2019activit\u00e9 physique comme pr\u00e9vention.<\/p>\n<figure id=\"attachment_24907\" aria-describedby=\"caption-attachment-24907\" style=\"width: 812px\" class=\"wp-caption aligncenter\"><a href=\"https:\/\/www.latribunedufaso.net\/wp-content\/uploads\/2025\/11\/FB_IMG_1763137244494.jpg\"><img loading=\"lazy\" decoding=\"async\" class=\"size-full wp-image-24907\" src=\"https:\/\/www.latribunedufaso.net\/wp-content\/uploads\/2025\/11\/FB_IMG_1763137244494.jpg\" alt=\"C\u00e9l\u00e9bration de la Journ\u00e9e mondiale du diab\u00e8te, 14 novembre 2025\" width=\"812\" height=\"664\" srcset=\"https:\/\/www.latribunedufaso.net\/wp-content\/uploads\/2025\/11\/FB_IMG_1763137244494.jpg 812w, https:\/\/www.latribunedufaso.net\/wp-content\/uploads\/2025\/11\/FB_IMG_1763137244494-300x245.jpg 300w, https:\/\/www.latribunedufaso.net\/wp-content\/uploads\/2025\/11\/FB_IMG_1763137244494-768x628.jpg 768w\" sizes=\"auto, (max-width: 812px) 100vw, 812px\" \/><\/a><figcaption id=\"caption-attachment-24907\" class=\"wp-caption-text\">Le ministre de la Sant\u00e9, Dr Robert Kargougou &#8211; Ph. DR<\/figcaption><\/figure>\n<p>Le ministre d\u2019\u00c9tat a soulign\u00e9 que cette journ\u00e9e constitue une occasion de renforcer la coordination entre tous les acteurs engag\u00e9s dans la lutte contre les maladies non transmissibles. Il a salu\u00e9 l\u2019engagement des \u00e9quipes m\u00e9dicales, des associations de patients et des partenaires dans la promotion de la sant\u00e9 publique au Burkina Faso.<\/p>\n<p>Il a rappel\u00e9 que le diab\u00e8te demeure un d\u00e9fi majeur de sant\u00e9 publique au Burkina Faso, avec une pr\u00e9valence pass\u00e9e de 4,9 % en 2013 \u00e0 7,6 % en 2021, touchant toutes les couches sociales. Il a insist\u00e9 sur l\u2019importance de pr\u00e9server la sant\u00e9 des forces de d\u00e9fense et de s\u00e9curit\u00e9, ainsi que des volontaires pour la d\u00e9fense de la patrie, pour garantir leur efficacit\u00e9 op\u00e9rationnelle et leur bien-\u00eatre.<\/p>\n<figure id=\"attachment_24909\" aria-describedby=\"caption-attachment-24909\" style=\"width: 996px\" class=\"wp-caption aligncenter\"><a href=\"https:\/\/www.latribunedufaso.net\/wp-content\/uploads\/2025\/11\/FB_IMG_1763137252678.jpg\"><img loading=\"lazy\" decoding=\"async\" class=\"size-full wp-image-24909\" src=\"https:\/\/www.latribunedufaso.net\/wp-content\/uploads\/2025\/11\/FB_IMG_1763137252678.jpg\" alt=\"C\u00e9l\u00e9bration de la Journ\u00e9e mondiale du diab\u00e8te, 14 novembre 2025\" width=\"996\" height=\"664\" srcset=\"https:\/\/www.latribunedufaso.net\/wp-content\/uploads\/2025\/11\/FB_IMG_1763137252678.jpg 996w, https:\/\/www.latribunedufaso.net\/wp-content\/uploads\/2025\/11\/FB_IMG_1763137252678-300x200.jpg 300w, https:\/\/www.latribunedufaso.net\/wp-content\/uploads\/2025\/11\/FB_IMG_1763137252678-768x512.jpg 768w, https:\/\/www.latribunedufaso.net\/wp-content\/uploads\/2025\/11\/FB_IMG_1763137252678-840x560.jpg 840w, https:\/\/www.latribunedufaso.net\/wp-content\/uploads\/2025\/11\/FB_IMG_1763137252678-120x80.jpg 120w, https:\/\/www.latribunedufaso.net\/wp-content\/uploads\/2025\/11\/FB_IMG_1763137252678-360x240.jpg 360w, https:\/\/www.latribunedufaso.net\/wp-content\/uploads\/2025\/11\/FB_IMG_1763137252678-600x400.jpg 600w\" sizes=\"auto, (max-width: 996px) 100vw, 996px\" \/><\/a><figcaption id=\"caption-attachment-24909\" class=\"wp-caption-text\">La c\u00e9r\u00e9monie a \u00e9t\u00e9 marqu\u00e9e par une s\u00e9ance a\u00e9robic &#8211; Ph. DR<\/figcaption><\/figure>\n<p>Dans ce cadre, une campagne de d\u00e9pistage gratuit a \u00e9t\u00e9 organis\u00e9e au profit des forces de d\u00e9fense et de s\u00e9curit\u00e9, des volontaires et de leurs familles, afin de d\u00e9tecter pr\u00e9cocement le diab\u00e8te et encourager des habitudes de vie saines.<\/p>\n<figure id=\"attachment_24910\" aria-describedby=\"caption-attachment-24910\" style=\"width: 996px\" class=\"wp-caption aligncenter\"><a href=\"https:\/\/www.latribunedufaso.net\/wp-content\/uploads\/2025\/11\/FB_IMG_1763137286487.jpg\"><img loading=\"lazy\" decoding=\"async\" class=\"size-full wp-image-24910\" src=\"https:\/\/www.latribunedufaso.net\/wp-content\/uploads\/2025\/11\/FB_IMG_1763137286487.jpg\" alt=\"C\u00e9l\u00e9bration de la Journ\u00e9e mondiale du diab\u00e8te, 14 novembre 2025\" width=\"996\" height=\"664\" srcset=\"https:\/\/www.latribunedufaso.net\/wp-content\/uploads\/2025\/11\/FB_IMG_1763137286487.jpg 996w, https:\/\/www.latribunedufaso.net\/wp-content\/uploads\/2025\/11\/FB_IMG_1763137286487-300x200.jpg 300w, https:\/\/www.latribunedufaso.net\/wp-content\/uploads\/2025\/11\/FB_IMG_1763137286487-768x512.jpg 768w, https:\/\/www.latribunedufaso.net\/wp-content\/uploads\/2025\/11\/FB_IMG_1763137286487-840x560.jpg 840w, https:\/\/www.latribunedufaso.net\/wp-content\/uploads\/2025\/11\/FB_IMG_1763137286487-120x80.jpg 120w, https:\/\/www.latribunedufaso.net\/wp-content\/uploads\/2025\/11\/FB_IMG_1763137286487-360x240.jpg 360w, https:\/\/www.latribunedufaso.net\/wp-content\/uploads\/2025\/11\/FB_IMG_1763137286487-600x400.jpg 600w\" sizes=\"auto, (max-width: 996px) 100vw, 996px\" \/><\/a><figcaption id=\"caption-attachment-24910\" class=\"wp-caption-text\">Le repr\u00e9sentant de l\u2019OMS, Dr Seydou Coulibaly &#8211; Ph. DR<\/figcaption><\/figure>\n<p>Le repr\u00e9sentant de l\u2019OMS, Dr Seydou Coulibaly, a rappel\u00e9 que le diab\u00e8te progresse rapidement dans le monde et que la moiti\u00e9 des personnes atteintes ne sont pas diagnostiqu\u00e9es. Il a soulign\u00e9 la n\u00e9cessit\u00e9 de renforcer le syst\u00e8me de sant\u00e9, d\u2019assurer un approvisionnement fiable en m\u00e9dicaments et de disposer de bases de donn\u00e9es pour suivre l\u2019\u00e9volution de la maladie.<\/p>\n<blockquote>\n<p>Lire aussi &gt;&gt; <a href=\"https:\/\/www.latribunedufaso.net\/?p=24865\">Burkina\/Sant\u00e9 : D\u00e9sormais, pour devenir sp\u00e9cialiste en m\u00e9decine, pharmacie ou chirurgie dentaire, il faut r\u00e9ussir l\u2019ECN<\/a><\/p>\n<\/blockquote>\n<p>La Journ\u00e9e mondiale du diab\u00e8te constitue ainsi un moment pour sensibiliser la population et rappeler que la lutte contre cette maladie n\u00e9cessite un engagement quotidien et collectif, afin de pr\u00e9server la sant\u00e9 des populations et renforcer la r\u00e9silience nationale.<\/p>\n<p><strong>Latribunedufaso.net<\/strong><\/p>\n<p><strong>Source : DCRP\/MS<\/strong><\/p>\n","protected":false},"excerpt":{"rendered":"<p>Le minist\u00e8re de la Sant\u00e9, \u00e0 travers la Direction de la pr\u00e9vention et du contr\u00f4le des maladies non transmissibles, a c\u00e9l\u00e9br\u00e9 ce vendredi, 14 novembre 2025, \u00e0 Ouagadougou la Journ\u00e9e mondiale du diab\u00e8te, plac\u00e9e sous le th\u00e8me \u00ab Diab\u00e8te et bien-\u00eatre \u00bb.\u00a0<\/p>\n","protected":false},"author":5,"featured_media":24908,"comment_status":"open","ping_status":"open","sticky":false,"template":"","format":"standard","meta":{"footnotes":""},"categories":[13,1,7],"tags":[1777,39,1776],"class_list":["post-24905","post","type-post","status-publish","format-standard","has-post-thumbnail","hentry","category-une","category-actu","category-sante","tag-journee-mondiale-du-diabete","tag-latribunedufaso-net","tag-lutte-contre-le-diabete"],"yoast_head":"<!-- This site is optimized with the Yoast SEO plugin v27.4 - https:\/\/yoast.com\/product\/yoast-seo-wordpress\/ -->\n<title>Comm\u00e9moration de la Journ\u00e9e mondiale du diab\u00e8te 2025 : Un appel \u00e0 la mobilisation pour le bien \u00eatre des populations - La Tribune du Faso<\/title>\n<meta name=\"robots\" content=\"index, follow, max-snippet:-1, max-image-preview:large, max-video-preview:-1\" \/>\n<link rel=\"canonical\" href=\"https:\/\/www.latribunedufaso.net\/?p=24905\" \/>\n<meta property=\"og:locale\" content=\"fr_FR\" \/>\n<meta property=\"og:type\" content=\"article\" \/>\n<meta property=\"og:title\" content=\"Comm\u00e9moration de la Journ\u00e9e mondiale du diab\u00e8te 2025 : Un appel \u00e0 la mobilisation pour le bien \u00eatre des populations - La Tribune du Faso\" \/>\n<meta property=\"og:description\" content=\"Le minist\u00e8re de la Sant\u00e9, \u00e0 travers la Direction de la pr\u00e9vention et du contr\u00f4le des maladies non transmissibles, a c\u00e9l\u00e9br\u00e9 ce vendredi, 14 novembre 2025, \u00e0 Ouagadougou la Journ\u00e9e mondiale du diab\u00e8te, plac\u00e9e sous le th\u00e8me \u00ab Diab\u00e8te et bien-\u00eatre \u00bb.\u00a0\" \/>\n<meta property=\"og:url\" content=\"https:\/\/www.latribunedufaso.net\/?p=24905\" \/>\n<meta property=\"og:site_name\" content=\"La Tribune du Faso\" \/>\n<meta property=\"article:publisher\" content=\"https:\/\/www.facebook.com\/LatribuneduFaso\/\" \/>\n<meta property=\"article:published_time\" content=\"2025-11-14T16:37:46+00:00\" \/>\n<meta property=\"og:image\" content=\"https:\/\/www.latribunedufaso.net\/wp-content\/uploads\/2025\/11\/FB_IMG_1763137235510.jpg\" \/>\n\t<meta property=\"og:image:width\" content=\"996\" \/>\n\t<meta property=\"og:image:height\" content=\"664\" \/>\n\t<meta property=\"og:image:type\" content=\"image\/jpeg\" \/>\n<meta name=\"author\" content=\"Issouf Tapsoba\" \/>\n<meta name=\"twitter:label1\" content=\"\u00c9crit par\" \/>\n\t<meta name=\"twitter:data1\" content=\"Issouf Tapsoba\" \/>\n\t<meta name=\"twitter:label2\" content=\"Dur\u00e9e de lecture estim\u00e9e\" \/>\n\t<meta name=\"twitter:data2\" content=\"3 minutes\" \/>\n<script type=\"application\/ld+json\" class=\"yoast-schema-graph\">{\"@context\":\"https:\\\/\\\/schema.org\",\"@graph\":[{\"@type\":\"Article\",\"@id\":\"https:\\\/\\\/www.latribunedufaso.net\\\/?p=24905#article\",\"isPartOf\":{\"@id\":\"https:\\\/\\\/www.latribunedufaso.net\\\/?p=24905\"},\"author\":{\"name\":\"Issouf Tapsoba\",\"@id\":\"https:\\\/\\\/www.latribunedufaso.net\\\/#\\\/schema\\\/person\\\/e54e64c5778a7e72cf80a318b7a622b0\"},\"headline\":\"Comm\u00e9moration de la Journ\u00e9e mondiale du diab\u00e8te 2025 : Un appel \u00e0 la mobilisation pour le bien \u00eatre des populations\",\"datePublished\":\"2025-11-14T16:37:46+00:00\",\"mainEntityOfPage\":{\"@id\":\"https:\\\/\\\/www.latribunedufaso.net\\\/?p=24905\"},\"wordCount\":533,\"commentCount\":0,\"publisher\":{\"@id\":\"https:\\\/\\\/www.latribunedufaso.net\\\/#organization\"},\"image\":{\"@id\":\"https:\\\/\\\/www.latribunedufaso.net\\\/?p=24905#primaryimage\"},\"thumbnailUrl\":\"https:\\\/\\\/www.latribunedufaso.net\\\/wp-content\\\/uploads\\\/2025\\\/11\\\/FB_IMG_1763137235510.jpg\",\"keywords\":[\"Journ\u00e9e mondiale du diab\u00e8te\",\"latribunedufaso.net\",\"Lutte contre le diab\u00e8te\"],\"articleSection\":[\"A la une\",\"Actualit\u00e9\",\"Sant\u00e9\"],\"inLanguage\":\"fr-FR\",\"potentialAction\":[{\"@type\":\"CommentAction\",\"name\":\"Comment\",\"target\":[\"https:\\\/\\\/www.latribunedufaso.net\\\/?p=24905#respond\"]}]},{\"@type\":\"WebPage\",\"@id\":\"https:\\\/\\\/www.latribunedufaso.net\\\/?p=24905\",\"url\":\"https:\\\/\\\/www.latribunedufaso.net\\\/?p=24905\",\"name\":\"Comm\u00e9moration de la Journ\u00e9e mondiale du diab\u00e8te 2025 : Un appel \u00e0 la mobilisation pour le bien \u00eatre des populations - La Tribune du Faso\",\"isPartOf\":{\"@id\":\"https:\\\/\\\/www.latribunedufaso.net\\\/#website\"},\"primaryImageOfPage\":{\"@id\":\"https:\\\/\\\/www.latribunedufaso.net\\\/?p=24905#primaryimage\"},\"image\":{\"@id\":\"https:\\\/\\\/www.latribunedufaso.net\\\/?p=24905#primaryimage\"},\"thumbnailUrl\":\"https:\\\/\\\/www.latribunedufaso.net\\\/wp-content\\\/uploads\\\/2025\\\/11\\\/FB_IMG_1763137235510.jpg\",\"datePublished\":\"2025-11-14T16:37:46+00:00\",\"breadcrumb\":{\"@id\":\"https:\\\/\\\/www.latribunedufaso.net\\\/?p=24905#breadcrumb\"},\"inLanguage\":\"fr-FR\",\"potentialAction\":[{\"@type\":\"ReadAction\",\"target\":[\"https:\\\/\\\/www.latribunedufaso.net\\\/?p=24905\"]}]},{\"@type\":\"ImageObject\",\"inLanguage\":\"fr-FR\",\"@id\":\"https:\\\/\\\/www.latribunedufaso.net\\\/?p=24905#primaryimage\",\"url\":\"https:\\\/\\\/www.latribunedufaso.net\\\/wp-content\\\/uploads\\\/2025\\\/11\\\/FB_IMG_1763137235510.jpg\",\"contentUrl\":\"https:\\\/\\\/www.latribunedufaso.net\\\/wp-content\\\/uploads\\\/2025\\\/11\\\/FB_IMG_1763137235510.jpg\",\"width\":996,\"height\":664,\"caption\":\"C\u00e9l\u00e9bration de la Journ\u00e9e mondiale du diab\u00e8te, 14 novembre 2025\"},{\"@type\":\"BreadcrumbList\",\"@id\":\"https:\\\/\\\/www.latribunedufaso.net\\\/?p=24905#breadcrumb\",\"itemListElement\":[{\"@type\":\"ListItem\",\"position\":1,\"name\":\"Accueil\",\"item\":\"https:\\\/\\\/www.latribunedufaso.net\\\/\"},{\"@type\":\"ListItem\",\"position\":2,\"name\":\"Comm\u00e9moration de la Journ\u00e9e mondiale du diab\u00e8te 2025 : Un appel \u00e0 la mobilisation pour le bien \u00eatre des populations\"}]},{\"@type\":\"WebSite\",\"@id\":\"https:\\\/\\\/www.latribunedufaso.net\\\/#website\",\"url\":\"https:\\\/\\\/www.latribunedufaso.net\\\/\",\"name\":\"La Tribune du Faso\",\"description\":\"L&#039;information du monde rural en un clic\",\"publisher\":{\"@id\":\"https:\\\/\\\/www.latribunedufaso.net\\\/#organization\"},\"potentialAction\":[{\"@type\":\"SearchAction\",\"target\":{\"@type\":\"EntryPoint\",\"urlTemplate\":\"https:\\\/\\\/www.latribunedufaso.net\\\/?s={search_term_string}\"},\"query-input\":{\"@type\":\"PropertyValueSpecification\",\"valueRequired\":true,\"valueName\":\"search_term_string\"}}],\"inLanguage\":\"fr-FR\"},{\"@type\":\"Organization\",\"@id\":\"https:\\\/\\\/www.latribunedufaso.net\\\/#organization\",\"name\":\"La Tribune du Faso\",\"url\":\"https:\\\/\\\/www.latribunedufaso.net\\\/\",\"logo\":{\"@type\":\"ImageObject\",\"inLanguage\":\"fr-FR\",\"@id\":\"https:\\\/\\\/www.latribunedufaso.net\\\/#\\\/schema\\\/logo\\\/image\\\/\",\"url\":\"https:\\\/\\\/www.latribunedufaso.net\\\/wp-content\\\/uploads\\\/2020\\\/08\\\/Logo-Tribune-du-Faso-final-scaled.jpg\",\"contentUrl\":\"https:\\\/\\\/www.latribunedufaso.net\\\/wp-content\\\/uploads\\\/2020\\\/08\\\/Logo-Tribune-du-Faso-final-scaled.jpg\",\"width\":2560,\"height\":1856,\"caption\":\"La Tribune du Faso\"},\"image\":{\"@id\":\"https:\\\/\\\/www.latribunedufaso.net\\\/#\\\/schema\\\/logo\\\/image\\\/\"},\"sameAs\":[\"https:\\\/\\\/www.facebook.com\\\/LatribuneduFaso\\\/\"]},{\"@type\":\"Person\",\"@id\":\"https:\\\/\\\/www.latribunedufaso.net\\\/#\\\/schema\\\/person\\\/e54e64c5778a7e72cf80a318b7a622b0\",\"name\":\"Issouf Tapsoba\",\"image\":{\"@type\":\"ImageObject\",\"inLanguage\":\"fr-FR\",\"@id\":\"https:\\\/\\\/secure.gravatar.com\\\/avatar\\\/5e6c05150ce3230247d167f5b94d678eb05936197436d69b7921e3a95c9107ac?s=96&d=mm&r=g\",\"url\":\"https:\\\/\\\/secure.gravatar.com\\\/avatar\\\/5e6c05150ce3230247d167f5b94d678eb05936197436d69b7921e3a95c9107ac?s=96&d=mm&r=g\",\"contentUrl\":\"https:\\\/\\\/secure.gravatar.com\\\/avatar\\\/5e6c05150ce3230247d167f5b94d678eb05936197436d69b7921e3a95c9107ac?s=96&d=mm&r=g\",\"caption\":\"Issouf Tapsoba\"},\"url\":\"https:\\\/\\\/www.latribunedufaso.net\\\/?author=5\"}]}<\/script>\n<!-- \/ Yoast SEO plugin. -->","yoast_head_json":{"title":"Comm\u00e9moration de la Journ\u00e9e mondiale du diab\u00e8te 2025 : Un appel \u00e0 la mobilisation pour le bien \u00eatre des populations - La Tribune du Faso","robots":{"index":"index","follow":"follow","max-snippet":"max-snippet:-1","max-image-preview":"max-image-preview:large","max-video-preview":"max-video-preview:-1"},"canonical":"https:\/\/www.latribunedufaso.net\/?p=24905","og_locale":"fr_FR","og_type":"article","og_title":"Comm\u00e9moration de la Journ\u00e9e mondiale du diab\u00e8te 2025 : Un appel \u00e0 la mobilisation pour le bien \u00eatre des populations - La Tribune du Faso","og_description":"Le minist\u00e8re de la Sant\u00e9, \u00e0 travers la Direction de la pr\u00e9vention et du contr\u00f4le des maladies non transmissibles, a c\u00e9l\u00e9br\u00e9 ce vendredi, 14 novembre 2025, \u00e0 Ouagadougou la Journ\u00e9e mondiale du diab\u00e8te, plac\u00e9e sous le th\u00e8me \u00ab Diab\u00e8te et bien-\u00eatre \u00bb.\u00a0","og_url":"https:\/\/www.latribunedufaso.net\/?p=24905","og_site_name":"La Tribune du Faso","article_publisher":"https:\/\/www.facebook.com\/LatribuneduFaso\/","article_published_time":"2025-11-14T16:37:46+00:00","og_image":[{"width":996,"height":664,"url":"https:\/\/www.latribunedufaso.net\/wp-content\/uploads\/2025\/11\/FB_IMG_1763137235510.jpg","type":"image\/jpeg"}],"author":"Issouf Tapsoba","twitter_misc":{"\u00c9crit par":"Issouf Tapsoba","Dur\u00e9e de lecture estim\u00e9e":"3 minutes"},"schema":{"@context":"https:\/\/schema.org","@graph":[{"@type":"Article","@id":"https:\/\/www.latribunedufaso.net\/?p=24905#article","isPartOf":{"@id":"https:\/\/www.latribunedufaso.net\/?p=24905"},"author":{"name":"Issouf Tapsoba","@id":"https:\/\/www.latribunedufaso.net\/#\/schema\/person\/e54e64c5778a7e72cf80a318b7a622b0"},"headline":"Comm\u00e9moration de la Journ\u00e9e mondiale du diab\u00e8te 2025 : Un appel \u00e0 la mobilisation pour le bien \u00eatre des populations","datePublished":"2025-11-14T16:37:46+00:00","mainEntityOfPage":{"@id":"https:\/\/www.latribunedufaso.net\/?p=24905"},"wordCount":533,"commentCount":0,"publisher":{"@id":"https:\/\/www.latribunedufaso.net\/#organization"},"image":{"@id":"https:\/\/www.latribunedufaso.net\/?p=24905#primaryimage"},"thumbnailUrl":"https:\/\/www.latribunedufaso.net\/wp-content\/uploads\/2025\/11\/FB_IMG_1763137235510.jpg","keywords":["Journ\u00e9e mondiale du diab\u00e8te","latribunedufaso.net","Lutte contre le diab\u00e8te"],"articleSection":["A la une","Actualit\u00e9","Sant\u00e9"],"inLanguage":"fr-FR","potentialAction":[{"@type":"CommentAction","name":"Comment","target":["https:\/\/www.latribunedufaso.net\/?p=24905#respond"]}]},{"@type":"WebPage","@id":"https:\/\/www.latribunedufaso.net\/?p=24905","url":"https:\/\/www.latribunedufaso.net\/?p=24905","name":"Comm\u00e9moration de la Journ\u00e9e mondiale du diab\u00e8te 2025 : Un appel \u00e0 la mobilisation pour le bien \u00eatre des populations - La Tribune du Faso","isPartOf":{"@id":"https:\/\/www.latribunedufaso.net\/#website"},"primaryImageOfPage":{"@id":"https:\/\/www.latribunedufaso.net\/?p=24905#primaryimage"},"image":{"@id":"https:\/\/www.latribunedufaso.net\/?p=24905#primaryimage"},"thumbnailUrl":"https:\/\/www.latribunedufaso.net\/wp-content\/uploads\/2025\/11\/FB_IMG_1763137235510.jpg","datePublished":"2025-11-14T16:37:46+00:00","breadcrumb":{"@id":"https:\/\/www.latribunedufaso.net\/?p=24905#breadcrumb"},"inLanguage":"fr-FR","potentialAction":[{"@type":"ReadAction","target":["https:\/\/www.latribunedufaso.net\/?p=24905"]}]},{"@type":"ImageObject","inLanguage":"fr-FR","@id":"https:\/\/www.latribunedufaso.net\/?p=24905#primaryimage","url":"https:\/\/www.latribunedufaso.net\/wp-content\/uploads\/2025\/11\/FB_IMG_1763137235510.jpg","contentUrl":"https:\/\/www.latribunedufaso.net\/wp-content\/uploads\/2025\/11\/FB_IMG_1763137235510.jpg","width":996,"height":664,"caption":"C\u00e9l\u00e9bration de la Journ\u00e9e mondiale du diab\u00e8te, 14 novembre 2025"},{"@type":"BreadcrumbList","@id":"https:\/\/www.latribunedufaso.net\/?p=24905#breadcrumb","itemListElement":[{"@type":"ListItem","position":1,"name":"Accueil","item":"https:\/\/www.latribunedufaso.net\/"},{"@type":"ListItem","position":2,"name":"Comm\u00e9moration de la Journ\u00e9e mondiale du diab\u00e8te 2025 : Un appel \u00e0 la mobilisation pour le bien \u00eatre des populations"}]},{"@type":"WebSite","@id":"https:\/\/www.latribunedufaso.net\/#website","url":"https:\/\/www.latribunedufaso.net\/","name":"La Tribune du Faso","description":"L&#039;information du monde rural en un clic","publisher":{"@id":"https:\/\/www.latribunedufaso.net\/#organization"},"potentialAction":[{"@type":"SearchAction","target":{"@type":"EntryPoint","urlTemplate":"https:\/\/www.latribunedufaso.net\/?s={search_term_string}"},"query-input":{"@type":"PropertyValueSpecification","valueRequired":true,"valueName":"search_term_string"}}],"inLanguage":"fr-FR"},{"@type":"Organization","@id":"https:\/\/www.latribunedufaso.net\/#organization","name":"La Tribune du Faso","url":"https:\/\/www.latribunedufaso.net\/","logo":{"@type":"ImageObject","inLanguage":"fr-FR","@id":"https:\/\/www.latribunedufaso.net\/#\/schema\/logo\/image\/","url":"https:\/\/www.latribunedufaso.net\/wp-content\/uploads\/2020\/08\/Logo-Tribune-du-Faso-final-scaled.jpg","contentUrl":"https:\/\/www.latribunedufaso.net\/wp-content\/uploads\/2020\/08\/Logo-Tribune-du-Faso-final-scaled.jpg","width":2560,"height":1856,"caption":"La Tribune du Faso"},"image":{"@id":"https:\/\/www.latribunedufaso.net\/#\/schema\/logo\/image\/"},"sameAs":["https:\/\/www.facebook.com\/LatribuneduFaso\/"]},{"@type":"Person","@id":"https:\/\/www.latribunedufaso.net\/#\/schema\/person\/e54e64c5778a7e72cf80a318b7a622b0","name":"Issouf Tapsoba","image":{"@type":"ImageObject","inLanguage":"fr-FR","@id":"https:\/\/secure.gravatar.com\/avatar\/5e6c05150ce3230247d167f5b94d678eb05936197436d69b7921e3a95c9107ac?s=96&d=mm&r=g","url":"https:\/\/secure.gravatar.com\/avatar\/5e6c05150ce3230247d167f5b94d678eb05936197436d69b7921e3a95c9107ac?s=96&d=mm&r=g","contentUrl":"https:\/\/secure.gravatar.com\/avatar\/5e6c05150ce3230247d167f5b94d678eb05936197436d69b7921e3a95c9107ac?s=96&d=mm&r=g","caption":"Issouf Tapsoba"},"url":"https:\/\/www.latribunedufaso.net\/?author=5"}]}},"_links":{"self":[{"href":"https:\/\/www.latribunedufaso.net\/index.php?rest_route=\/wp\/v2\/posts\/24905","targetHints":{"allow":["GET"]}}],"collection":[{"href":"https:\/\/www.latribunedufaso.net\/index.php?rest_route=\/wp\/v2\/posts"}],"about":[{"href":"https:\/\/www.latribunedufaso.net\/index.php?rest_route=\/wp\/v2\/types\/post"}],"author":[{"embeddable":true,"href":"https:\/\/www.latribunedufaso.net\/index.php?rest_route=\/wp\/v2\/users\/5"}],"replies":[{"embeddable":true,"href":"https:\/\/www.latribunedufaso.net\/index.php?rest_route=%2Fwp%2Fv2%2Fcomments&post=24905"}],"version-history":[{"count":2,"href":"https:\/\/www.latribunedufaso.net\/index.php?rest_route=\/wp\/v2\/posts\/24905\/revisions"}],"predecessor-version":[{"id":24911,"href":"https:\/\/www.latribunedufaso.net\/index.php?rest_route=\/wp\/v2\/posts\/24905\/revisions\/24911"}],"wp:featuredmedia":[{"embeddable":true,"href":"https:\/\/www.latribunedufaso.net\/index.php?rest_route=\/wp\/v2\/media\/24908"}],"wp:attachment":[{"href":"https:\/\/www.latribunedufaso.net\/index.php?rest_route=%2Fwp%2Fv2%2Fmedia&parent=24905"}],"wp:term":[{"taxonomy":"category","embeddable":true,"href":"https:\/\/www.latribunedufaso.net\/index.php?rest_route=%2Fwp%2Fv2%2Fcategories&post=24905"},{"taxonomy":"post_tag","embeddable":true,"href":"https:\/\/www.latribunedufaso.net\/index.php?rest_route=%2Fwp%2Fv2%2Ftags&post=24905"}],"curies":[{"name":"wp","href":"https:\/\/api.w.org\/{rel}","templated":true}]}}