{"id":24887,"date":"2025-11-14T10:31:30","date_gmt":"2025-11-14T10:31:30","guid":{"rendered":"https:\/\/www.latribunedufaso.net\/?p=24887"},"modified":"2025-12-17T20:13:38","modified_gmt":"2025-12-17T20:13:38","slug":"exploitation-miniere-au-burkina-le-ministre-en-charge-des-mines-en-visite-terrain-a-hounde","status":"publish","type":"post","link":"https:\/\/www.latribunedufaso.net\/?p=24887","title":{"rendered":"Exploitation mini\u00e8re au Burkina : Le ministre en charge des mines en visite \u00e0 Hound\u00e9\u00a0"},"content":{"rendered":"<p><strong>Le ministre en charge des Mines, Yacouba Zabr\u00e9 Gouba, a effectu\u00e9 une visite de terrain ce 13 novembre 2025 sur le site d\u2019exploitation de la soci\u00e9t\u00e9 mini\u00e8re Endeavour Mining, situ\u00e9e \u00e0 Hound\u00e9. L\u2019objectif de cette visite est de s\u2019impr\u00e9gner des r\u00e9alit\u00e9s du terrain, \u00e9changer avec les responsables de la mine et renforcer la concertation avec les acteurs du secteur.<\/strong><!--more--><\/p>\n<p><em><strong>\u00ab Cette visite s\u2019inscrit dans une dynamique d\u2019\u00e9changes continus avec les diff\u00e9rents acteurs du secteur minier. Il nous a sembl\u00e9 important de venir constater de visu les op\u00e9rations, mais aussi de discuter des difficult\u00e9s et perspectives de d\u00e9veloppement de cette soci\u00e9t\u00e9 \u00bb<\/strong><\/em>, a expliqu\u00e9 le ministre en charge des Mines, Yacouba Zabr\u00e9 Gouba.<\/p>\n<figure id=\"attachment_24889\" aria-describedby=\"caption-attachment-24889\" style=\"width: 974px\" class=\"wp-caption aligncenter\"><a href=\"https:\/\/www.latribunedufaso.net\/wp-content\/uploads\/2025\/11\/IMG-20251114-WA0052.jpg\"><img loading=\"lazy\" decoding=\"async\" class=\"size-full wp-image-24889\" src=\"https:\/\/www.latribunedufaso.net\/wp-content\/uploads\/2025\/11\/IMG-20251114-WA0052.jpg\" alt=\"Visite du ministre charg\u00e9 des Mines, Yacouba Zabr\u00e9 Gouba \u00e0 la mine de Hound\u00e9, 13 novembre 2025\" width=\"974\" height=\"643\" srcset=\"https:\/\/www.latribunedufaso.net\/wp-content\/uploads\/2025\/11\/IMG-20251114-WA0052.jpg 974w, https:\/\/www.latribunedufaso.net\/wp-content\/uploads\/2025\/11\/IMG-20251114-WA0052-300x198.jpg 300w, https:\/\/www.latribunedufaso.net\/wp-content\/uploads\/2025\/11\/IMG-20251114-WA0052-768x507.jpg 768w, https:\/\/www.latribunedufaso.net\/wp-content\/uploads\/2025\/11\/IMG-20251114-WA0052-120x80.jpg 120w\" sizes=\"auto, (max-width: 974px) 100vw, 974px\" \/><\/a><figcaption id=\"caption-attachment-24889\" class=\"wp-caption-text\">Le ministre charg\u00e9 des Mines, Yacouba Zabr\u00e9 Gouba &#8211; Ph. I. Tougma<\/figcaption><\/figure>\n<p>Endeavour Mining a re\u00e7u les encouragements du ministre pour ses performances. <em><strong>\u00ab Nous ressortons avec un bilan globalement satisfaisant. Ce que nous avons vu ici nous conforte dans l\u2019id\u00e9e que la mine de Hound\u00e9 a de belles perspectives, notamment \u00e0 travers ses projets d\u2019extension \u00bb,<\/strong><\/em> a-t-il ajout\u00e9.<\/p>\n<figure id=\"attachment_24894\" aria-describedby=\"caption-attachment-24894\" style=\"width: 1000px\" class=\"wp-caption aligncenter\"><a href=\"https:\/\/www.latribunedufaso.net\/wp-content\/uploads\/2025\/11\/IMG-20251114-WA0063.jpg\"><img loading=\"lazy\" decoding=\"async\" class=\"size-full wp-image-24894\" src=\"https:\/\/www.latribunedufaso.net\/wp-content\/uploads\/2025\/11\/IMG-20251114-WA0063.jpg\" alt=\"Visite du ministre charg\u00e9 des Mines, Yacouba Zabr\u00e9 Gouba \u00e0 la mine de Hound\u00e9, 13 novembre 2025\" width=\"1000\" height=\"750\" srcset=\"https:\/\/www.latribunedufaso.net\/wp-content\/uploads\/2025\/11\/IMG-20251114-WA0063.jpg 1000w, https:\/\/www.latribunedufaso.net\/wp-content\/uploads\/2025\/11\/IMG-20251114-WA0063-300x225.jpg 300w, https:\/\/www.latribunedufaso.net\/wp-content\/uploads\/2025\/11\/IMG-20251114-WA0063-768x576.jpg 768w\" sizes=\"auto, (max-width: 1000px) 100vw, 1000px\" \/><\/a><figcaption id=\"caption-attachment-24894\" class=\"wp-caption-text\">Une vue de la mine de Hound\u00e9 en exploitation &#8211; Ph. I. Tougma<\/figcaption><\/figure>\n<p>La visite a aussi permis d\u2019aborder la question de la responsabilit\u00e9 soci\u00e9tale des entreprises (RSE). Le ministre a salu\u00e9 l\u2019engagement de la soci\u00e9t\u00e9 dans l\u2019accompagnement des communaut\u00e9s locales, notamment en mati\u00e8re d\u2019encadrement et de formalisation des artisans miniers. <em><strong>\u00ab C\u2019est un axe fort de la vision gouvernementale qui s\u2019agit de favoriser une cohabitation harmonieuse entre mines industrielles et communaut\u00e9s locales. Nous avons re\u00e7u l\u2019assurance que Hound\u00e9 contribuera activement \u00e0 la m\u00e9canisation et \u00e0 l\u2019encadrement des artisans miniers \u00bb<\/strong><\/em>, a-t-il soulign\u00e9.<\/p>\n<p>Au terme de la visite minist\u00e9rielle sur le site de Hound\u00e9, la direction de Endeavour Mining s\u2019est r\u00e9jouie de cette marque d\u2019attention de la part des autorit\u00e9s. Pour le Directeur pays du groupe au Burkina Faso, Souleymane Boly, cette visite est le reflet d\u2019une collaboration \u00e9troite et constructive entre la soci\u00e9t\u00e9 mini\u00e8re et le minist\u00e8re en charge des Mines.<\/p>\n<figure id=\"attachment_24890\" aria-describedby=\"caption-attachment-24890\" style=\"width: 1080px\" class=\"wp-caption aligncenter\"><a href=\"https:\/\/www.latribunedufaso.net\/wp-content\/uploads\/2025\/11\/IMG-20251114-WA0051.jpg\"><img loading=\"lazy\" decoding=\"async\" class=\"size-full wp-image-24890\" src=\"https:\/\/www.latribunedufaso.net\/wp-content\/uploads\/2025\/11\/IMG-20251114-WA0051.jpg\" alt=\"Visite du ministre charg\u00e9 des Mines, Yacouba Zabr\u00e9 Gouba \u00e0 la mine de Hound\u00e9, 13 novembre 2025\" width=\"1080\" height=\"622\" srcset=\"https:\/\/www.latribunedufaso.net\/wp-content\/uploads\/2025\/11\/IMG-20251114-WA0051.jpg 1080w, https:\/\/www.latribunedufaso.net\/wp-content\/uploads\/2025\/11\/IMG-20251114-WA0051-300x173.jpg 300w, https:\/\/www.latribunedufaso.net\/wp-content\/uploads\/2025\/11\/IMG-20251114-WA0051-1024x590.jpg 1024w, https:\/\/www.latribunedufaso.net\/wp-content\/uploads\/2025\/11\/IMG-20251114-WA0051-768x442.jpg 768w\" sizes=\"auto, (max-width: 1080px) 100vw, 1080px\" \/><\/a><figcaption id=\"caption-attachment-24890\" class=\"wp-caption-text\">Le Directeur pays de Hound\u00e9 Gold Operation, Souleymane Boly &#8211; Ph. I. Tougma<\/figcaption><\/figure>\n<p><em><strong>\u00ab Nous avons tous \u00e9t\u00e9 honor\u00e9s par cette visite. C\u2019est une preuve de l\u2019excellente collaboration que nous entretenons avec notre minist\u00e8re de tutelle. Cela t\u00e9moigne \u00e9galement de l\u2019accompagnement constant dont nous b\u00e9n\u00e9ficions, et pour lequel nous exprimons notre profonde gratitude aux autorit\u00e9s nationales et r\u00e9gionales \u00bb,<\/strong> <\/em>a-t-il d\u00e9clar\u00e9.<\/p>\n<p>La rencontre a permis \u00e0 la soci\u00e9t\u00e9 de pr\u00e9senter l&rsquo;\u00e9tat des lieux global de ses op\u00e9rations \u00e0 Hound\u00e9. <em><strong>\u00ab Nous avons pr\u00e9sent\u00e9 au ministre un aper\u00e7u des activit\u00e9s mini\u00e8res notamment au niveau de la production, de la dur\u00e9e de vie de la mine, de la performance op\u00e9rationnelle, mais aussi nos standards en mati\u00e8re de sant\u00e9, s\u00e9curit\u00e9 et environnement \u00bb<\/strong><\/em>, a pr\u00e9cis\u00e9 Souleymane Boly.<\/p>\n<figure id=\"attachment_24892\" aria-describedby=\"caption-attachment-24892\" style=\"width: 1000px\" class=\"wp-caption aligncenter\"><a href=\"https:\/\/www.latribunedufaso.net\/wp-content\/uploads\/2025\/11\/IMG-20251114-WA0062.jpg\"><img loading=\"lazy\" decoding=\"async\" class=\"size-full wp-image-24892\" src=\"https:\/\/www.latribunedufaso.net\/wp-content\/uploads\/2025\/11\/IMG-20251114-WA0062.jpg\" alt=\"Visite du ministre charg\u00e9 des Mines, Yacouba Zabr\u00e9 Gouba \u00e0 la mine de Hound\u00e9, 13 novembre 2025\" width=\"1000\" height=\"750\" srcset=\"https:\/\/www.latribunedufaso.net\/wp-content\/uploads\/2025\/11\/IMG-20251114-WA0062.jpg 1000w, https:\/\/www.latribunedufaso.net\/wp-content\/uploads\/2025\/11\/IMG-20251114-WA0062-300x225.jpg 300w, https:\/\/www.latribunedufaso.net\/wp-content\/uploads\/2025\/11\/IMG-20251114-WA0062-768x576.jpg 768w\" sizes=\"auto, (max-width: 1000px) 100vw, 1000px\" \/><\/a><figcaption id=\"caption-attachment-24892\" class=\"wp-caption-text\">Au cours de la visite, le ministre a rencontr\u00e9 les exploitants artisanaux de la r\u00e9gion &#8211; Ph. I. Tougma<\/figcaption><\/figure>\n<p>Les \u00e9changes ont \u00e9galement port\u00e9 sur les d\u00e9fis actuels auxquels la mine fait face, ainsi que sur les projets d\u2019extension envisag\u00e9s pour prolonger la dur\u00e9e de vie du site. Une visite guid\u00e9e du parc \u00e0 r\u00e9sidus et des fosses de Vindaloo a \u00e9galement eu lieu.<\/p>\n<blockquote>\n<p>Lire aussi &gt;&gt; <a href=\"https:\/\/www.latribunedufaso.net\/?p=6791\">Rapport 2021 d\u2019 Endeavour mining : Environ 894 milliards FCFA de contribution \u00e9conomique pour le Burkina Faso<\/a><\/p>\n<\/blockquote>\n<p><iframe loading=\"lazy\" width=\"560\" height=\"315\" src=\"https:\/\/www.youtube.com\/embed\/KYc81U59lus?si=iekxNkKR3KMNMzs7\" title=\"YouTube video player\" frameborder=\"0\" allow=\"accelerometer; autoplay; clipboard-write; encrypted-media; gyroscope; picture-in-picture; web-share\" referrerpolicy=\"strict-origin-when-cross-origin\" allowfullscreen><\/iframe><\/p>\n<p>La journ\u00e9e s\u2019est achev\u00e9e par une rencontre entre le ministre et les exploitants miniers artisanaux de la r\u00e9gion.<\/p>\n<p><strong>In\u00e8s TOUGMA\u00a0<\/strong><\/p>\n<p><strong>Latribunedufaso.net<\/strong><\/p>\n<p><a href=\"https:\/\/www.latribunedufaso.net\/wp-content\/uploads\/2025\/11\/IMG-20251114-WA0054.jpg\"><img loading=\"lazy\" decoding=\"async\" class=\"aligncenter size-full wp-image-24895\" src=\"https:\/\/www.latribunedufaso.net\/wp-content\/uploads\/2025\/11\/IMG-20251114-WA0054.jpg\" alt=\"Visite du ministre charg\u00e9 des Mines, Yacouba Zabr\u00e9 Gouba \u00e0 la mine de Hound\u00e9, 13 novembre 2025\" width=\"1000\" height=\"750\" srcset=\"https:\/\/www.latribunedufaso.net\/wp-content\/uploads\/2025\/11\/IMG-20251114-WA0054.jpg 1000w, https:\/\/www.latribunedufaso.net\/wp-content\/uploads\/2025\/11\/IMG-20251114-WA0054-300x225.jpg 300w, https:\/\/www.latribunedufaso.net\/wp-content\/uploads\/2025\/11\/IMG-20251114-WA0054-768x576.jpg 768w\" sizes=\"auto, (max-width: 1000px) 100vw, 1000px\" \/><\/a><\/p>\n","protected":false},"excerpt":{"rendered":"<p>Le ministre en charge des Mines, Yacouba Zabr\u00e9 Gouba, a effectu\u00e9 une visite de terrain ce 13 novembre 2025 sur le site d\u2019exploitation de la soci\u00e9t\u00e9 mini\u00e8re Endeavour Mining, situ\u00e9e \u00e0 Hound\u00e9. L\u2019objectif de cette visite est de s\u2019impr\u00e9gner des r\u00e9alit\u00e9s du terrain, \u00e9changer avec les responsables de la mine et renforcer la concertation avec les acteurs du secteur.<\/p>\n","protected":false},"author":5,"featured_media":24891,"comment_status":"open","ping_status":"open","sticky":false,"template":"","format":"standard","meta":{"footnotes":""},"categories":[13,1,19],"tags":[886,1774,39,52],"class_list":["post-24887","post","type-post","status-publish","format-standard","has-post-thumbnail","hentry","category-une","category-actu","category-mines-et-carrieres","tag-endeavour-mining","tag-hounde-gold-operation","tag-latribunedufaso-net","tag-mines-et-carrieres"],"yoast_head":"<!-- This site is optimized with the Yoast SEO plugin v27.4 - https:\/\/yoast.com\/product\/yoast-seo-wordpress\/ -->\n<title>Exploitation mini\u00e8re au Burkina : Le ministre en charge des mines en visite \u00e0 Hound\u00e9\u00a0 - La Tribune du Faso<\/title>\n<meta name=\"robots\" content=\"index, follow, max-snippet:-1, max-image-preview:large, max-video-preview:-1\" \/>\n<link rel=\"canonical\" href=\"https:\/\/www.latribunedufaso.net\/?p=24887\" \/>\n<meta property=\"og:locale\" content=\"fr_FR\" \/>\n<meta property=\"og:type\" content=\"article\" \/>\n<meta property=\"og:title\" content=\"Exploitation mini\u00e8re au Burkina : Le ministre en charge des mines en visite \u00e0 Hound\u00e9\u00a0 - La Tribune du Faso\" \/>\n<meta property=\"og:description\" content=\"Le ministre en charge des Mines, Yacouba Zabr\u00e9 Gouba, a effectu\u00e9 une visite de terrain ce 13 novembre 2025 sur le site d\u2019exploitation de la soci\u00e9t\u00e9 mini\u00e8re Endeavour Mining, situ\u00e9e \u00e0 Hound\u00e9. L\u2019objectif de cette visite est de s\u2019impr\u00e9gner des r\u00e9alit\u00e9s du terrain, \u00e9changer avec les responsables de la mine et renforcer la concertation avec les acteurs du secteur.\" \/>\n<meta property=\"og:url\" content=\"https:\/\/www.latribunedufaso.net\/?p=24887\" \/>\n<meta property=\"og:site_name\" content=\"La Tribune du Faso\" \/>\n<meta property=\"article:publisher\" content=\"https:\/\/www.facebook.com\/LatribuneduFaso\/\" \/>\n<meta property=\"article:published_time\" content=\"2025-11-14T10:31:30+00:00\" \/>\n<meta property=\"article:modified_time\" content=\"2025-12-17T20:13:38+00:00\" \/>\n<meta property=\"og:image\" content=\"https:\/\/www.latribunedufaso.net\/wp-content\/uploads\/2025\/11\/IMG-20251114-WA0061.jpg\" \/>\n\t<meta property=\"og:image:width\" content=\"1000\" \/>\n\t<meta property=\"og:image:height\" content=\"750\" \/>\n\t<meta property=\"og:image:type\" content=\"image\/jpeg\" \/>\n<meta name=\"author\" content=\"Issouf Tapsoba\" \/>\n<meta name=\"twitter:label1\" content=\"\u00c9crit par\" \/>\n\t<meta name=\"twitter:data1\" content=\"Issouf Tapsoba\" \/>\n\t<meta name=\"twitter:label2\" content=\"Dur\u00e9e de lecture estim\u00e9e\" \/>\n\t<meta name=\"twitter:data2\" content=\"4 minutes\" \/>\n<script type=\"application\/ld+json\" class=\"yoast-schema-graph\">{\"@context\":\"https:\\\/\\\/schema.org\",\"@graph\":[{\"@type\":\"Article\",\"@id\":\"https:\\\/\\\/www.latribunedufaso.net\\\/?p=24887#article\",\"isPartOf\":{\"@id\":\"https:\\\/\\\/www.latribunedufaso.net\\\/?p=24887\"},\"author\":{\"name\":\"Issouf Tapsoba\",\"@id\":\"https:\\\/\\\/www.latribunedufaso.net\\\/#\\\/schema\\\/person\\\/e54e64c5778a7e72cf80a318b7a622b0\"},\"headline\":\"Exploitation mini\u00e8re au Burkina : Le ministre en charge des mines en visite \u00e0 Hound\u00e9\u00a0\",\"datePublished\":\"2025-11-14T10:31:30+00:00\",\"dateModified\":\"2025-12-17T20:13:38+00:00\",\"mainEntityOfPage\":{\"@id\":\"https:\\\/\\\/www.latribunedufaso.net\\\/?p=24887\"},\"wordCount\":654,\"commentCount\":0,\"publisher\":{\"@id\":\"https:\\\/\\\/www.latribunedufaso.net\\\/#organization\"},\"image\":{\"@id\":\"https:\\\/\\\/www.latribunedufaso.net\\\/?p=24887#primaryimage\"},\"thumbnailUrl\":\"https:\\\/\\\/www.latribunedufaso.net\\\/wp-content\\\/uploads\\\/2025\\\/11\\\/IMG-20251114-WA0061.jpg\",\"keywords\":[\"Endeavour Mining\",\"Hound\u00e9 Gold Operation\",\"latribunedufaso.net\",\"mines et carri\u00e8res\"],\"articleSection\":[\"A la une\",\"Actualit\u00e9\",\"Mines et Carri\u00e8res\"],\"inLanguage\":\"fr-FR\",\"potentialAction\":[{\"@type\":\"CommentAction\",\"name\":\"Comment\",\"target\":[\"https:\\\/\\\/www.latribunedufaso.net\\\/?p=24887#respond\"]}]},{\"@type\":\"WebPage\",\"@id\":\"https:\\\/\\\/www.latribunedufaso.net\\\/?p=24887\",\"url\":\"https:\\\/\\\/www.latribunedufaso.net\\\/?p=24887\",\"name\":\"Exploitation mini\u00e8re au Burkina : Le ministre en charge des mines en visite \u00e0 Hound\u00e9\u00a0 - La Tribune du Faso\",\"isPartOf\":{\"@id\":\"https:\\\/\\\/www.latribunedufaso.net\\\/#website\"},\"primaryImageOfPage\":{\"@id\":\"https:\\\/\\\/www.latribunedufaso.net\\\/?p=24887#primaryimage\"},\"image\":{\"@id\":\"https:\\\/\\\/www.latribunedufaso.net\\\/?p=24887#primaryimage\"},\"thumbnailUrl\":\"https:\\\/\\\/www.latribunedufaso.net\\\/wp-content\\\/uploads\\\/2025\\\/11\\\/IMG-20251114-WA0061.jpg\",\"datePublished\":\"2025-11-14T10:31:30+00:00\",\"dateModified\":\"2025-12-17T20:13:38+00:00\",\"breadcrumb\":{\"@id\":\"https:\\\/\\\/www.latribunedufaso.net\\\/?p=24887#breadcrumb\"},\"inLanguage\":\"fr-FR\",\"potentialAction\":[{\"@type\":\"ReadAction\",\"target\":[\"https:\\\/\\\/www.latribunedufaso.net\\\/?p=24887\"]}]},{\"@type\":\"ImageObject\",\"inLanguage\":\"fr-FR\",\"@id\":\"https:\\\/\\\/www.latribunedufaso.net\\\/?p=24887#primaryimage\",\"url\":\"https:\\\/\\\/www.latribunedufaso.net\\\/wp-content\\\/uploads\\\/2025\\\/11\\\/IMG-20251114-WA0061.jpg\",\"contentUrl\":\"https:\\\/\\\/www.latribunedufaso.net\\\/wp-content\\\/uploads\\\/2025\\\/11\\\/IMG-20251114-WA0061.jpg\",\"width\":1000,\"height\":750,\"caption\":\"Visite du ministre charg\u00e9 des Mines, Yacouba Zabr\u00e9 Gouba \u00e0 la mine de Hound\u00e9, 13 novembre 2025\"},{\"@type\":\"BreadcrumbList\",\"@id\":\"https:\\\/\\\/www.latribunedufaso.net\\\/?p=24887#breadcrumb\",\"itemListElement\":[{\"@type\":\"ListItem\",\"position\":1,\"name\":\"Accueil\",\"item\":\"https:\\\/\\\/www.latribunedufaso.net\\\/\"},{\"@type\":\"ListItem\",\"position\":2,\"name\":\"Exploitation mini\u00e8re au Burkina : Le ministre en charge des mines en visite \u00e0 Hound\u00e9\u00a0\"}]},{\"@type\":\"WebSite\",\"@id\":\"https:\\\/\\\/www.latribunedufaso.net\\\/#website\",\"url\":\"https:\\\/\\\/www.latribunedufaso.net\\\/\",\"name\":\"La Tribune du Faso\",\"description\":\"L&#039;information du monde rural en un clic\",\"publisher\":{\"@id\":\"https:\\\/\\\/www.latribunedufaso.net\\\/#organization\"},\"potentialAction\":[{\"@type\":\"SearchAction\",\"target\":{\"@type\":\"EntryPoint\",\"urlTemplate\":\"https:\\\/\\\/www.latribunedufaso.net\\\/?s={search_term_string}\"},\"query-input\":{\"@type\":\"PropertyValueSpecification\",\"valueRequired\":true,\"valueName\":\"search_term_string\"}}],\"inLanguage\":\"fr-FR\"},{\"@type\":\"Organization\",\"@id\":\"https:\\\/\\\/www.latribunedufaso.net\\\/#organization\",\"name\":\"La Tribune du Faso\",\"url\":\"https:\\\/\\\/www.latribunedufaso.net\\\/\",\"logo\":{\"@type\":\"ImageObject\",\"inLanguage\":\"fr-FR\",\"@id\":\"https:\\\/\\\/www.latribunedufaso.net\\\/#\\\/schema\\\/logo\\\/image\\\/\",\"url\":\"https:\\\/\\\/www.latribunedufaso.net\\\/wp-content\\\/uploads\\\/2020\\\/08\\\/Logo-Tribune-du-Faso-final-scaled.jpg\",\"contentUrl\":\"https:\\\/\\\/www.latribunedufaso.net\\\/wp-content\\\/uploads\\\/2020\\\/08\\\/Logo-Tribune-du-Faso-final-scaled.jpg\",\"width\":2560,\"height\":1856,\"caption\":\"La Tribune du Faso\"},\"image\":{\"@id\":\"https:\\\/\\\/www.latribunedufaso.net\\\/#\\\/schema\\\/logo\\\/image\\\/\"},\"sameAs\":[\"https:\\\/\\\/www.facebook.com\\\/LatribuneduFaso\\\/\"]},{\"@type\":\"Person\",\"@id\":\"https:\\\/\\\/www.latribunedufaso.net\\\/#\\\/schema\\\/person\\\/e54e64c5778a7e72cf80a318b7a622b0\",\"name\":\"Issouf Tapsoba\",\"image\":{\"@type\":\"ImageObject\",\"inLanguage\":\"fr-FR\",\"@id\":\"https:\\\/\\\/secure.gravatar.com\\\/avatar\\\/5e6c05150ce3230247d167f5b94d678eb05936197436d69b7921e3a95c9107ac?s=96&d=mm&r=g\",\"url\":\"https:\\\/\\\/secure.gravatar.com\\\/avatar\\\/5e6c05150ce3230247d167f5b94d678eb05936197436d69b7921e3a95c9107ac?s=96&d=mm&r=g\",\"contentUrl\":\"https:\\\/\\\/secure.gravatar.com\\\/avatar\\\/5e6c05150ce3230247d167f5b94d678eb05936197436d69b7921e3a95c9107ac?s=96&d=mm&r=g\",\"caption\":\"Issouf Tapsoba\"},\"url\":\"https:\\\/\\\/www.latribunedufaso.net\\\/?author=5\"}]}<\/script>\n<!-- \/ Yoast SEO plugin. -->","yoast_head_json":{"title":"Exploitation mini\u00e8re au Burkina : Le ministre en charge des mines en visite \u00e0 Hound\u00e9\u00a0 - La Tribune du Faso","robots":{"index":"index","follow":"follow","max-snippet":"max-snippet:-1","max-image-preview":"max-image-preview:large","max-video-preview":"max-video-preview:-1"},"canonical":"https:\/\/www.latribunedufaso.net\/?p=24887","og_locale":"fr_FR","og_type":"article","og_title":"Exploitation mini\u00e8re au Burkina : Le ministre en charge des mines en visite \u00e0 Hound\u00e9\u00a0 - La Tribune du Faso","og_description":"Le ministre en charge des Mines, Yacouba Zabr\u00e9 Gouba, a effectu\u00e9 une visite de terrain ce 13 novembre 2025 sur le site d\u2019exploitation de la soci\u00e9t\u00e9 mini\u00e8re Endeavour Mining, situ\u00e9e \u00e0 Hound\u00e9. L\u2019objectif de cette visite est de s\u2019impr\u00e9gner des r\u00e9alit\u00e9s du terrain, \u00e9changer avec les responsables de la mine et renforcer la concertation avec les acteurs du secteur.","og_url":"https:\/\/www.latribunedufaso.net\/?p=24887","og_site_name":"La Tribune du Faso","article_publisher":"https:\/\/www.facebook.com\/LatribuneduFaso\/","article_published_time":"2025-11-14T10:31:30+00:00","article_modified_time":"2025-12-17T20:13:38+00:00","og_image":[{"width":1000,"height":750,"url":"https:\/\/www.latribunedufaso.net\/wp-content\/uploads\/2025\/11\/IMG-20251114-WA0061.jpg","type":"image\/jpeg"}],"author":"Issouf Tapsoba","twitter_misc":{"\u00c9crit par":"Issouf Tapsoba","Dur\u00e9e de lecture estim\u00e9e":"4 minutes"},"schema":{"@context":"https:\/\/schema.org","@graph":[{"@type":"Article","@id":"https:\/\/www.latribunedufaso.net\/?p=24887#article","isPartOf":{"@id":"https:\/\/www.latribunedufaso.net\/?p=24887"},"author":{"name":"Issouf Tapsoba","@id":"https:\/\/www.latribunedufaso.net\/#\/schema\/person\/e54e64c5778a7e72cf80a318b7a622b0"},"headline":"Exploitation mini\u00e8re au Burkina : Le ministre en charge des mines en visite \u00e0 Hound\u00e9\u00a0","datePublished":"2025-11-14T10:31:30+00:00","dateModified":"2025-12-17T20:13:38+00:00","mainEntityOfPage":{"@id":"https:\/\/www.latribunedufaso.net\/?p=24887"},"wordCount":654,"commentCount":0,"publisher":{"@id":"https:\/\/www.latribunedufaso.net\/#organization"},"image":{"@id":"https:\/\/www.latribunedufaso.net\/?p=24887#primaryimage"},"thumbnailUrl":"https:\/\/www.latribunedufaso.net\/wp-content\/uploads\/2025\/11\/IMG-20251114-WA0061.jpg","keywords":["Endeavour Mining","Hound\u00e9 Gold Operation","latribunedufaso.net","mines et carri\u00e8res"],"articleSection":["A la une","Actualit\u00e9","Mines et Carri\u00e8res"],"inLanguage":"fr-FR","potentialAction":[{"@type":"CommentAction","name":"Comment","target":["https:\/\/www.latribunedufaso.net\/?p=24887#respond"]}]},{"@type":"WebPage","@id":"https:\/\/www.latribunedufaso.net\/?p=24887","url":"https:\/\/www.latribunedufaso.net\/?p=24887","name":"Exploitation mini\u00e8re au Burkina : Le ministre en charge des mines en visite \u00e0 Hound\u00e9\u00a0 - La Tribune du Faso","isPartOf":{"@id":"https:\/\/www.latribunedufaso.net\/#website"},"primaryImageOfPage":{"@id":"https:\/\/www.latribunedufaso.net\/?p=24887#primaryimage"},"image":{"@id":"https:\/\/www.latribunedufaso.net\/?p=24887#primaryimage"},"thumbnailUrl":"https:\/\/www.latribunedufaso.net\/wp-content\/uploads\/2025\/11\/IMG-20251114-WA0061.jpg","datePublished":"2025-11-14T10:31:30+00:00","dateModified":"2025-12-17T20:13:38+00:00","breadcrumb":{"@id":"https:\/\/www.latribunedufaso.net\/?p=24887#breadcrumb"},"inLanguage":"fr-FR","potentialAction":[{"@type":"ReadAction","target":["https:\/\/www.latribunedufaso.net\/?p=24887"]}]},{"@type":"ImageObject","inLanguage":"fr-FR","@id":"https:\/\/www.latribunedufaso.net\/?p=24887#primaryimage","url":"https:\/\/www.latribunedufaso.net\/wp-content\/uploads\/2025\/11\/IMG-20251114-WA0061.jpg","contentUrl":"https:\/\/www.latribunedufaso.net\/wp-content\/uploads\/2025\/11\/IMG-20251114-WA0061.jpg","width":1000,"height":750,"caption":"Visite du ministre charg\u00e9 des Mines, Yacouba Zabr\u00e9 Gouba \u00e0 la mine de Hound\u00e9, 13 novembre 2025"},{"@type":"BreadcrumbList","@id":"https:\/\/www.latribunedufaso.net\/?p=24887#breadcrumb","itemListElement":[{"@type":"ListItem","position":1,"name":"Accueil","item":"https:\/\/www.latribunedufaso.net\/"},{"@type":"ListItem","position":2,"name":"Exploitation mini\u00e8re au Burkina : Le ministre en charge des mines en visite \u00e0 Hound\u00e9\u00a0"}]},{"@type":"WebSite","@id":"https:\/\/www.latribunedufaso.net\/#website","url":"https:\/\/www.latribunedufaso.net\/","name":"La Tribune du Faso","description":"L&#039;information du monde rural en un clic","publisher":{"@id":"https:\/\/www.latribunedufaso.net\/#organization"},"potentialAction":[{"@type":"SearchAction","target":{"@type":"EntryPoint","urlTemplate":"https:\/\/www.latribunedufaso.net\/?s={search_term_string}"},"query-input":{"@type":"PropertyValueSpecification","valueRequired":true,"valueName":"search_term_string"}}],"inLanguage":"fr-FR"},{"@type":"Organization","@id":"https:\/\/www.latribunedufaso.net\/#organization","name":"La Tribune du Faso","url":"https:\/\/www.latribunedufaso.net\/","logo":{"@type":"ImageObject","inLanguage":"fr-FR","@id":"https:\/\/www.latribunedufaso.net\/#\/schema\/logo\/image\/","url":"https:\/\/www.latribunedufaso.net\/wp-content\/uploads\/2020\/08\/Logo-Tribune-du-Faso-final-scaled.jpg","contentUrl":"https:\/\/www.latribunedufaso.net\/wp-content\/uploads\/2020\/08\/Logo-Tribune-du-Faso-final-scaled.jpg","width":2560,"height":1856,"caption":"La Tribune du Faso"},"image":{"@id":"https:\/\/www.latribunedufaso.net\/#\/schema\/logo\/image\/"},"sameAs":["https:\/\/www.facebook.com\/LatribuneduFaso\/"]},{"@type":"Person","@id":"https:\/\/www.latribunedufaso.net\/#\/schema\/person\/e54e64c5778a7e72cf80a318b7a622b0","name":"Issouf Tapsoba","image":{"@type":"ImageObject","inLanguage":"fr-FR","@id":"https:\/\/secure.gravatar.com\/avatar\/5e6c05150ce3230247d167f5b94d678eb05936197436d69b7921e3a95c9107ac?s=96&d=mm&r=g","url":"https:\/\/secure.gravatar.com\/avatar\/5e6c05150ce3230247d167f5b94d678eb05936197436d69b7921e3a95c9107ac?s=96&d=mm&r=g","contentUrl":"https:\/\/secure.gravatar.com\/avatar\/5e6c05150ce3230247d167f5b94d678eb05936197436d69b7921e3a95c9107ac?s=96&d=mm&r=g","caption":"Issouf Tapsoba"},"url":"https:\/\/www.latribunedufaso.net\/?author=5"}]}},"_links":{"self":[{"href":"https:\/\/www.latribunedufaso.net\/index.php?rest_route=\/wp\/v2\/posts\/24887","targetHints":{"allow":["GET"]}}],"collection":[{"href":"https:\/\/www.latribunedufaso.net\/index.php?rest_route=\/wp\/v2\/posts"}],"about":[{"href":"https:\/\/www.latribunedufaso.net\/index.php?rest_route=\/wp\/v2\/types\/post"}],"author":[{"embeddable":true,"href":"https:\/\/www.latribunedufaso.net\/index.php?rest_route=\/wp\/v2\/users\/5"}],"replies":[{"embeddable":true,"href":"https:\/\/www.latribunedufaso.net\/index.php?rest_route=%2Fwp%2Fv2%2Fcomments&post=24887"}],"version-history":[{"count":5,"href":"https:\/\/www.latribunedufaso.net\/index.php?rest_route=\/wp\/v2\/posts\/24887\/revisions"}],"predecessor-version":[{"id":25885,"href":"https:\/\/www.latribunedufaso.net\/index.php?rest_route=\/wp\/v2\/posts\/24887\/revisions\/25885"}],"wp:featuredmedia":[{"embeddable":true,"href":"https:\/\/www.latribunedufaso.net\/index.php?rest_route=\/wp\/v2\/media\/24891"}],"wp:attachment":[{"href":"https:\/\/www.latribunedufaso.net\/index.php?rest_route=%2Fwp%2Fv2%2Fmedia&parent=24887"}],"wp:term":[{"taxonomy":"category","embeddable":true,"href":"https:\/\/www.latribunedufaso.net\/index.php?rest_route=%2Fwp%2Fv2%2Fcategories&post=24887"},{"taxonomy":"post_tag","embeddable":true,"href":"https:\/\/www.latribunedufaso.net\/index.php?rest_route=%2Fwp%2Fv2%2Ftags&post=24887"}],"curies":[{"name":"wp","href":"https:\/\/api.w.org\/{rel}","templated":true}]}}