{"id":24884,"date":"2025-11-12T15:42:39","date_gmt":"2025-11-12T15:42:39","guid":{"rendered":"https:\/\/www.latribunedufaso.net\/?p=24884"},"modified":"2025-11-12T15:42:39","modified_gmt":"2025-11-12T15:42:39","slug":"journees-nationales-du-transport-ferroviaire-bobo-dioulasso-accueille-la-1ere-edition-du-14-au-15-novembre-2025","status":"publish","type":"post","link":"https:\/\/www.latribunedufaso.net\/?p=24884","title":{"rendered":"Journ\u00e9es nationales du transport ferroviaire : Bobo-Dioulasso accueille la 1\u00e8re \u00e9dition du 14 au 15 novembre 2025"},"content":{"rendered":"<p><strong>Le minist\u00e8re des Infrastructures et du D\u00e9senclavement, \u00e0 travers la Soci\u00e9t\u00e9 de gestion du patrimoine ferroviaire du Burkina (SOPAFR-B), a anim\u00e9 ce mercredi 12 novembre 2025 \u00e0 Ouagadougou une conf\u00e9rence de presse en pr\u00e9lude \u00e0 la premi\u00e8re \u00e9dition des Journ\u00e9es nationales du transport par rail. L\u2019\u00e9v\u00e9nement se tiendra du 14 au 15 novembre 2025 dans la ville de Sya, Bobo-Dioulasso. Ces journ\u00e9es se tiennent \u00e0 l\u2019occasion des 30 ans de la SOPAFER-B.\u00a0<\/strong><!--more--><\/p>\n<p>La rencontre avec les hommes de m\u00e9dias a \u00e9t\u00e9 pr\u00e9sid\u00e9e par Firmin Bagoro, Directeur g\u00e9n\u00e9ral de la SOPAFR-B, entour\u00e9 de Mohamed Dera, Directeur des \u00e9tudes et du d\u00e9veloppement, et de Mahamadi Pitroipa, charg\u00e9 des affaires juridiques et du contentieux.<\/p>\n<figure id=\"attachment_24881\" aria-describedby=\"caption-attachment-24881\" style=\"width: 2048px\" class=\"wp-caption aligncenter\"><a href=\"https:\/\/www.latribunedufaso.net\/wp-content\/uploads\/2025\/11\/FB_IMG_1762961130782.jpg\"><img loading=\"lazy\" decoding=\"async\" class=\"size-full wp-image-24881\" src=\"https:\/\/www.latribunedufaso.net\/wp-content\/uploads\/2025\/11\/FB_IMG_1762961130782.jpg\" alt=\"Conf\u00e9rence de presse du minist\u00e8re des Infrastructures sur la tenue de la 1ere \u00e9dition des Journ\u00e9es nationales du transport par rail, 12 novembre 2025\" width=\"2048\" height=\"1365\" srcset=\"https:\/\/www.latribunedufaso.net\/wp-content\/uploads\/2025\/11\/FB_IMG_1762961130782.jpg 2048w, https:\/\/www.latribunedufaso.net\/wp-content\/uploads\/2025\/11\/FB_IMG_1762961130782-300x200.jpg 300w, https:\/\/www.latribunedufaso.net\/wp-content\/uploads\/2025\/11\/FB_IMG_1762961130782-1024x683.jpg 1024w, https:\/\/www.latribunedufaso.net\/wp-content\/uploads\/2025\/11\/FB_IMG_1762961130782-768x512.jpg 768w, https:\/\/www.latribunedufaso.net\/wp-content\/uploads\/2025\/11\/FB_IMG_1762961130782-1536x1024.jpg 1536w, https:\/\/www.latribunedufaso.net\/wp-content\/uploads\/2025\/11\/FB_IMG_1762961130782-840x560.jpg 840w, https:\/\/www.latribunedufaso.net\/wp-content\/uploads\/2025\/11\/FB_IMG_1762961130782-120x80.jpg 120w, https:\/\/www.latribunedufaso.net\/wp-content\/uploads\/2025\/11\/FB_IMG_1762961130782-360x240.jpg 360w, https:\/\/www.latribunedufaso.net\/wp-content\/uploads\/2025\/11\/FB_IMG_1762961130782-600x400.jpg 600w\" sizes=\"auto, (max-width: 2048px) 100vw, 2048px\" \/><\/a><figcaption id=\"caption-attachment-24881\" class=\"wp-caption-text\">Le Directeur g\u00e9n\u00e9ral de la SOPAFR-B, Firmin Bagoro &#8211; Ph. DR<\/figcaption><\/figure>\n<p>Dans sa d\u00e9claration liminaire, le directeur g\u00e9n\u00e9ral a rappel\u00e9 les missions de la SOPAFR-B, avant de souligner l\u2019importance de cette premi\u00e8re \u00e9dition. <em><strong>\u00ab Ces journ\u00e9es seront un moment de m\u00e9moire, de r\u00e9flexion et de projection pour redynamiser le r\u00e9seau ferroviaire au service du d\u00e9veloppement national \u00bb<\/strong><\/em>, a-t-il indiqu\u00e9.<\/p>\n<p>Plac\u00e9e sous le signe du partage et de la red\u00e9couverte, cette \u00e9dition pr\u00e9voit la participation de plus de 500 acteurs et partenaires issus de divers horizons. Pour M. Bagoro, l\u2019enjeu est de replacer le rail au c\u0153ur des politiques de d\u00e9veloppement : <em><strong>\u00ab Tous les d\u00e9veloppements passent par les voies de communication. La vision du gouvernement est de relier les pays de l\u2019Alliance des \u00c9tats du Sahel (AES) \u00e0 travers un r\u00e9seau ferroviaire performant. \u00bb<\/strong><\/em><\/p>\n<figure id=\"attachment_24882\" aria-describedby=\"caption-attachment-24882\" style=\"width: 2048px\" class=\"wp-caption aligncenter\"><a href=\"https:\/\/www.latribunedufaso.net\/wp-content\/uploads\/2025\/11\/FB_IMG_1762961140772.jpg\"><img loading=\"lazy\" decoding=\"async\" class=\"size-full wp-image-24882\" src=\"https:\/\/www.latribunedufaso.net\/wp-content\/uploads\/2025\/11\/FB_IMG_1762961140772.jpg\" alt=\"Conf\u00e9rence de presse du minist\u00e8re des Infrastructures sur la tenue de la 1ere \u00e9dition des Journ\u00e9es nationales du transport par rail, 12 novembre 2025\" width=\"2048\" height=\"1282\" srcset=\"https:\/\/www.latribunedufaso.net\/wp-content\/uploads\/2025\/11\/FB_IMG_1762961140772.jpg 2048w, https:\/\/www.latribunedufaso.net\/wp-content\/uploads\/2025\/11\/FB_IMG_1762961140772-300x188.jpg 300w, https:\/\/www.latribunedufaso.net\/wp-content\/uploads\/2025\/11\/FB_IMG_1762961140772-1024x641.jpg 1024w, https:\/\/www.latribunedufaso.net\/wp-content\/uploads\/2025\/11\/FB_IMG_1762961140772-768x481.jpg 768w, https:\/\/www.latribunedufaso.net\/wp-content\/uploads\/2025\/11\/FB_IMG_1762961140772-1536x962.jpg 1536w\" sizes=\"auto, (max-width: 2048px) 100vw, 2048px\" \/><\/a><figcaption id=\"caption-attachment-24882\" class=\"wp-caption-text\">Une vue des journalistes \u00e0 la conf\u00e9rence de presse &#8211; Ph. DR<\/figcaption><\/figure>\n<p>Le r\u00e9seau ferroviaire du Burkina Faso, mis en place au d\u00e9but des ann\u00e9es 1900, a connu plusieurs \u00e9volutions, notamment la concession \u00e0 la Soci\u00e9t\u00e9 Internationale de Transport Africain par Rail (SITARAIL). Celle-ci a conduit \u00e0 la cr\u00e9ation de deux entit\u00e9s de gestion du patrimoine : la Soci\u00e9t\u00e9 Ivoirienne du Patrimoine Ferroviaire (SIPF) et la SOPAFR-B.<\/p>\n<blockquote>\n<p>Lire aussi &gt;&gt; <a href=\"https:\/\/www.latribunedufaso.net\/?p=2895\">Interconnexion Burkina-Ghana : 1 102 km pour environ 4,7 milliards d\u2019Euros<\/a><\/p>\n<\/blockquote>\n<p>\u00c0 l\u2019occasion plusieurs activit\u00e9s sont pr\u00e9vues. Ce sont entre autres, une conf\u00e9rence inaugurale et panels th\u00e9matiques, une excursion en train et l\u2019inauguration de la salle d\u2019exposition du mus\u00e9e .<\/p>\n<p><strong>Latribunedufaso.net<\/strong><\/p>\n<p><strong>Source : DCRP\/MID<\/strong><\/p>\n","protected":false},"excerpt":{"rendered":"<p>Le minist\u00e8re des Infrastructures et du D\u00e9senclavement, \u00e0 travers la Soci\u00e9t\u00e9 de gestion du patrimoine ferroviaire du Burkina (SOPAFR-B), a anim\u00e9 ce mercredi 12 novembre 2025 \u00e0 Ouagadougou une conf\u00e9rence de presse en pr\u00e9lude \u00e0 la premi\u00e8re \u00e9dition des Journ\u00e9es nationales du transport par rail. L\u2019\u00e9v\u00e9nement se tiendra du 14 au 15 novembre 2025 dans la ville de Sya, Bobo-Dioulasso. Ces journ\u00e9es se tiennent \u00e0 l\u2019occasion des 30 ans de la SOPAFER-B.\u00a0<\/p>\n","protected":false},"author":5,"featured_media":24880,"comment_status":"open","ping_status":"open","sticky":false,"template":"","format":"standard","meta":{"footnotes":""},"categories":[13,1,8],"tags":[1773,39,1771,1772],"class_list":["post-24884","post","type-post","status-publish","format-standard","has-post-thumbnail","hentry","category-une","category-actu","category-societe","tag-journees-nationales-du-transport-par-rail","tag-latribunedufaso-net","tag-sopafr-b","tag-transport-ferroviaire"],"yoast_head":"<!-- This site is optimized with the Yoast SEO plugin v27.5 - https:\/\/yoast.com\/product\/yoast-seo-wordpress\/ -->\n<title>Journ\u00e9es nationales du transport ferroviaire : Bobo-Dioulasso accueille la 1\u00e8re \u00e9dition du 14 au 15 novembre 2025 - La Tribune du Faso<\/title>\n<meta name=\"robots\" content=\"index, follow, max-snippet:-1, max-image-preview:large, max-video-preview:-1\" \/>\n<link rel=\"canonical\" href=\"https:\/\/www.latribunedufaso.net\/?p=24884\" \/>\n<meta property=\"og:locale\" content=\"fr_FR\" \/>\n<meta property=\"og:type\" content=\"article\" \/>\n<meta property=\"og:title\" content=\"Journ\u00e9es nationales du transport ferroviaire : Bobo-Dioulasso accueille la 1\u00e8re \u00e9dition du 14 au 15 novembre 2025 - La Tribune du Faso\" \/>\n<meta property=\"og:description\" content=\"Le minist\u00e8re des Infrastructures et du D\u00e9senclavement, \u00e0 travers la Soci\u00e9t\u00e9 de gestion du patrimoine ferroviaire du Burkina (SOPAFR-B), a anim\u00e9 ce mercredi 12 novembre 2025 \u00e0 Ouagadougou une conf\u00e9rence de presse en pr\u00e9lude \u00e0 la premi\u00e8re \u00e9dition des Journ\u00e9es nationales du transport par rail. L\u2019\u00e9v\u00e9nement se tiendra du 14 au 15 novembre 2025 dans la ville de Sya, Bobo-Dioulasso. Ces journ\u00e9es se tiennent \u00e0 l\u2019occasion des 30 ans de la SOPAFER-B.\u00a0\" \/>\n<meta property=\"og:url\" content=\"https:\/\/www.latribunedufaso.net\/?p=24884\" \/>\n<meta property=\"og:site_name\" content=\"La Tribune du Faso\" \/>\n<meta property=\"article:publisher\" content=\"https:\/\/www.facebook.com\/LatribuneduFaso\/\" \/>\n<meta property=\"article:published_time\" content=\"2025-11-12T15:42:39+00:00\" \/>\n<meta property=\"og:image\" content=\"https:\/\/www.latribunedufaso.net\/wp-content\/uploads\/2025\/11\/FB_IMG_1762961126971.jpg\" \/>\n\t<meta property=\"og:image:width\" content=\"2048\" \/>\n\t<meta property=\"og:image:height\" content=\"1365\" \/>\n\t<meta property=\"og:image:type\" content=\"image\/jpeg\" \/>\n<meta name=\"author\" content=\"Issouf Tapsoba\" \/>\n<meta name=\"twitter:label1\" content=\"\u00c9crit par\" \/>\n\t<meta name=\"twitter:data1\" content=\"Issouf Tapsoba\" \/>\n\t<meta name=\"twitter:label2\" content=\"Dur\u00e9e de lecture estim\u00e9e\" \/>\n\t<meta name=\"twitter:data2\" content=\"2 minutes\" \/>\n<script type=\"application\/ld+json\" class=\"yoast-schema-graph\">{\"@context\":\"https:\\\/\\\/schema.org\",\"@graph\":[{\"@type\":\"Article\",\"@id\":\"https:\\\/\\\/www.latribunedufaso.net\\\/?p=24884#article\",\"isPartOf\":{\"@id\":\"https:\\\/\\\/www.latribunedufaso.net\\\/?p=24884\"},\"author\":{\"name\":\"Issouf Tapsoba\",\"@id\":\"https:\\\/\\\/www.latribunedufaso.net\\\/#\\\/schema\\\/person\\\/e54e64c5778a7e72cf80a318b7a622b0\"},\"headline\":\"Journ\u00e9es nationales du transport ferroviaire : Bobo-Dioulasso accueille la 1\u00e8re \u00e9dition du 14 au 15 novembre 2025\",\"datePublished\":\"2025-11-12T15:42:39+00:00\",\"mainEntityOfPage\":{\"@id\":\"https:\\\/\\\/www.latribunedufaso.net\\\/?p=24884\"},\"wordCount\":416,\"commentCount\":0,\"publisher\":{\"@id\":\"https:\\\/\\\/www.latribunedufaso.net\\\/#organization\"},\"image\":{\"@id\":\"https:\\\/\\\/www.latribunedufaso.net\\\/?p=24884#primaryimage\"},\"thumbnailUrl\":\"https:\\\/\\\/www.latribunedufaso.net\\\/wp-content\\\/uploads\\\/2025\\\/11\\\/FB_IMG_1762961126971.jpg\",\"keywords\":[\"Journ\u00e9es nationales du transport par rail\",\"latribunedufaso.net\",\"SOPAFR-B\",\"Transport ferroviaire\"],\"articleSection\":[\"A la une\",\"Actualit\u00e9\",\"Soci\u00e9t\u00e9\"],\"inLanguage\":\"fr-FR\",\"potentialAction\":[{\"@type\":\"CommentAction\",\"name\":\"Comment\",\"target\":[\"https:\\\/\\\/www.latribunedufaso.net\\\/?p=24884#respond\"]}]},{\"@type\":\"WebPage\",\"@id\":\"https:\\\/\\\/www.latribunedufaso.net\\\/?p=24884\",\"url\":\"https:\\\/\\\/www.latribunedufaso.net\\\/?p=24884\",\"name\":\"Journ\u00e9es nationales du transport ferroviaire : Bobo-Dioulasso accueille la 1\u00e8re \u00e9dition du 14 au 15 novembre 2025 - La Tribune du Faso\",\"isPartOf\":{\"@id\":\"https:\\\/\\\/www.latribunedufaso.net\\\/#website\"},\"primaryImageOfPage\":{\"@id\":\"https:\\\/\\\/www.latribunedufaso.net\\\/?p=24884#primaryimage\"},\"image\":{\"@id\":\"https:\\\/\\\/www.latribunedufaso.net\\\/?p=24884#primaryimage\"},\"thumbnailUrl\":\"https:\\\/\\\/www.latribunedufaso.net\\\/wp-content\\\/uploads\\\/2025\\\/11\\\/FB_IMG_1762961126971.jpg\",\"datePublished\":\"2025-11-12T15:42:39+00:00\",\"breadcrumb\":{\"@id\":\"https:\\\/\\\/www.latribunedufaso.net\\\/?p=24884#breadcrumb\"},\"inLanguage\":\"fr-FR\",\"potentialAction\":[{\"@type\":\"ReadAction\",\"target\":[\"https:\\\/\\\/www.latribunedufaso.net\\\/?p=24884\"]}]},{\"@type\":\"ImageObject\",\"inLanguage\":\"fr-FR\",\"@id\":\"https:\\\/\\\/www.latribunedufaso.net\\\/?p=24884#primaryimage\",\"url\":\"https:\\\/\\\/www.latribunedufaso.net\\\/wp-content\\\/uploads\\\/2025\\\/11\\\/FB_IMG_1762961126971.jpg\",\"contentUrl\":\"https:\\\/\\\/www.latribunedufaso.net\\\/wp-content\\\/uploads\\\/2025\\\/11\\\/FB_IMG_1762961126971.jpg\",\"width\":2048,\"height\":1365,\"caption\":\"Conf\u00e9rence de presse du minist\u00e8re des Infrastructures sur la tenue de la 1ere \u00e9dition des Journ\u00e9es nationales du transport par rail, 12 novembre 2025\"},{\"@type\":\"BreadcrumbList\",\"@id\":\"https:\\\/\\\/www.latribunedufaso.net\\\/?p=24884#breadcrumb\",\"itemListElement\":[{\"@type\":\"ListItem\",\"position\":1,\"name\":\"Accueil\",\"item\":\"https:\\\/\\\/www.latribunedufaso.net\\\/\"},{\"@type\":\"ListItem\",\"position\":2,\"name\":\"Journ\u00e9es nationales du transport ferroviaire : Bobo-Dioulasso accueille la 1\u00e8re \u00e9dition du 14 au 15 novembre 2025\"}]},{\"@type\":\"WebSite\",\"@id\":\"https:\\\/\\\/www.latribunedufaso.net\\\/#website\",\"url\":\"https:\\\/\\\/www.latribunedufaso.net\\\/\",\"name\":\"La Tribune du Faso\",\"description\":\"L&#039;information du monde rural en un clic\",\"publisher\":{\"@id\":\"https:\\\/\\\/www.latribunedufaso.net\\\/#organization\"},\"potentialAction\":[{\"@type\":\"SearchAction\",\"target\":{\"@type\":\"EntryPoint\",\"urlTemplate\":\"https:\\\/\\\/www.latribunedufaso.net\\\/?s={search_term_string}\"},\"query-input\":{\"@type\":\"PropertyValueSpecification\",\"valueRequired\":true,\"valueName\":\"search_term_string\"}}],\"inLanguage\":\"fr-FR\"},{\"@type\":\"Organization\",\"@id\":\"https:\\\/\\\/www.latribunedufaso.net\\\/#organization\",\"name\":\"La Tribune du Faso\",\"url\":\"https:\\\/\\\/www.latribunedufaso.net\\\/\",\"logo\":{\"@type\":\"ImageObject\",\"inLanguage\":\"fr-FR\",\"@id\":\"https:\\\/\\\/www.latribunedufaso.net\\\/#\\\/schema\\\/logo\\\/image\\\/\",\"url\":\"https:\\\/\\\/www.latribunedufaso.net\\\/wp-content\\\/uploads\\\/2020\\\/08\\\/Logo-Tribune-du-Faso-final-scaled.jpg\",\"contentUrl\":\"https:\\\/\\\/www.latribunedufaso.net\\\/wp-content\\\/uploads\\\/2020\\\/08\\\/Logo-Tribune-du-Faso-final-scaled.jpg\",\"width\":2560,\"height\":1856,\"caption\":\"La Tribune du Faso\"},\"image\":{\"@id\":\"https:\\\/\\\/www.latribunedufaso.net\\\/#\\\/schema\\\/logo\\\/image\\\/\"},\"sameAs\":[\"https:\\\/\\\/www.facebook.com\\\/LatribuneduFaso\\\/\"]},{\"@type\":\"Person\",\"@id\":\"https:\\\/\\\/www.latribunedufaso.net\\\/#\\\/schema\\\/person\\\/e54e64c5778a7e72cf80a318b7a622b0\",\"name\":\"Issouf Tapsoba\",\"image\":{\"@type\":\"ImageObject\",\"inLanguage\":\"fr-FR\",\"@id\":\"https:\\\/\\\/secure.gravatar.com\\\/avatar\\\/5e6c05150ce3230247d167f5b94d678eb05936197436d69b7921e3a95c9107ac?s=96&d=mm&r=g\",\"url\":\"https:\\\/\\\/secure.gravatar.com\\\/avatar\\\/5e6c05150ce3230247d167f5b94d678eb05936197436d69b7921e3a95c9107ac?s=96&d=mm&r=g\",\"contentUrl\":\"https:\\\/\\\/secure.gravatar.com\\\/avatar\\\/5e6c05150ce3230247d167f5b94d678eb05936197436d69b7921e3a95c9107ac?s=96&d=mm&r=g\",\"caption\":\"Issouf Tapsoba\"},\"url\":\"https:\\\/\\\/www.latribunedufaso.net\\\/?author=5\"}]}<\/script>\n<!-- \/ Yoast SEO plugin. -->","yoast_head_json":{"title":"Journ\u00e9es nationales du transport ferroviaire : Bobo-Dioulasso accueille la 1\u00e8re \u00e9dition du 14 au 15 novembre 2025 - La Tribune du Faso","robots":{"index":"index","follow":"follow","max-snippet":"max-snippet:-1","max-image-preview":"max-image-preview:large","max-video-preview":"max-video-preview:-1"},"canonical":"https:\/\/www.latribunedufaso.net\/?p=24884","og_locale":"fr_FR","og_type":"article","og_title":"Journ\u00e9es nationales du transport ferroviaire : Bobo-Dioulasso accueille la 1\u00e8re \u00e9dition du 14 au 15 novembre 2025 - La Tribune du Faso","og_description":"Le minist\u00e8re des Infrastructures et du D\u00e9senclavement, \u00e0 travers la Soci\u00e9t\u00e9 de gestion du patrimoine ferroviaire du Burkina (SOPAFR-B), a anim\u00e9 ce mercredi 12 novembre 2025 \u00e0 Ouagadougou une conf\u00e9rence de presse en pr\u00e9lude \u00e0 la premi\u00e8re \u00e9dition des Journ\u00e9es nationales du transport par rail. L\u2019\u00e9v\u00e9nement se tiendra du 14 au 15 novembre 2025 dans la ville de Sya, Bobo-Dioulasso. Ces journ\u00e9es se tiennent \u00e0 l\u2019occasion des 30 ans de la SOPAFER-B.\u00a0","og_url":"https:\/\/www.latribunedufaso.net\/?p=24884","og_site_name":"La Tribune du Faso","article_publisher":"https:\/\/www.facebook.com\/LatribuneduFaso\/","article_published_time":"2025-11-12T15:42:39+00:00","og_image":[{"width":2048,"height":1365,"url":"https:\/\/www.latribunedufaso.net\/wp-content\/uploads\/2025\/11\/FB_IMG_1762961126971.jpg","type":"image\/jpeg"}],"author":"Issouf Tapsoba","twitter_misc":{"\u00c9crit par":"Issouf Tapsoba","Dur\u00e9e de lecture estim\u00e9e":"2 minutes"},"schema":{"@context":"https:\/\/schema.org","@graph":[{"@type":"Article","@id":"https:\/\/www.latribunedufaso.net\/?p=24884#article","isPartOf":{"@id":"https:\/\/www.latribunedufaso.net\/?p=24884"},"author":{"name":"Issouf Tapsoba","@id":"https:\/\/www.latribunedufaso.net\/#\/schema\/person\/e54e64c5778a7e72cf80a318b7a622b0"},"headline":"Journ\u00e9es nationales du transport ferroviaire : Bobo-Dioulasso accueille la 1\u00e8re \u00e9dition du 14 au 15 novembre 2025","datePublished":"2025-11-12T15:42:39+00:00","mainEntityOfPage":{"@id":"https:\/\/www.latribunedufaso.net\/?p=24884"},"wordCount":416,"commentCount":0,"publisher":{"@id":"https:\/\/www.latribunedufaso.net\/#organization"},"image":{"@id":"https:\/\/www.latribunedufaso.net\/?p=24884#primaryimage"},"thumbnailUrl":"https:\/\/www.latribunedufaso.net\/wp-content\/uploads\/2025\/11\/FB_IMG_1762961126971.jpg","keywords":["Journ\u00e9es nationales du transport par rail","latribunedufaso.net","SOPAFR-B","Transport ferroviaire"],"articleSection":["A la une","Actualit\u00e9","Soci\u00e9t\u00e9"],"inLanguage":"fr-FR","potentialAction":[{"@type":"CommentAction","name":"Comment","target":["https:\/\/www.latribunedufaso.net\/?p=24884#respond"]}]},{"@type":"WebPage","@id":"https:\/\/www.latribunedufaso.net\/?p=24884","url":"https:\/\/www.latribunedufaso.net\/?p=24884","name":"Journ\u00e9es nationales du transport ferroviaire : Bobo-Dioulasso accueille la 1\u00e8re \u00e9dition du 14 au 15 novembre 2025 - La Tribune du Faso","isPartOf":{"@id":"https:\/\/www.latribunedufaso.net\/#website"},"primaryImageOfPage":{"@id":"https:\/\/www.latribunedufaso.net\/?p=24884#primaryimage"},"image":{"@id":"https:\/\/www.latribunedufaso.net\/?p=24884#primaryimage"},"thumbnailUrl":"https:\/\/www.latribunedufaso.net\/wp-content\/uploads\/2025\/11\/FB_IMG_1762961126971.jpg","datePublished":"2025-11-12T15:42:39+00:00","breadcrumb":{"@id":"https:\/\/www.latribunedufaso.net\/?p=24884#breadcrumb"},"inLanguage":"fr-FR","potentialAction":[{"@type":"ReadAction","target":["https:\/\/www.latribunedufaso.net\/?p=24884"]}]},{"@type":"ImageObject","inLanguage":"fr-FR","@id":"https:\/\/www.latribunedufaso.net\/?p=24884#primaryimage","url":"https:\/\/www.latribunedufaso.net\/wp-content\/uploads\/2025\/11\/FB_IMG_1762961126971.jpg","contentUrl":"https:\/\/www.latribunedufaso.net\/wp-content\/uploads\/2025\/11\/FB_IMG_1762961126971.jpg","width":2048,"height":1365,"caption":"Conf\u00e9rence de presse du minist\u00e8re des Infrastructures sur la tenue de la 1ere \u00e9dition des Journ\u00e9es nationales du transport par rail, 12 novembre 2025"},{"@type":"BreadcrumbList","@id":"https:\/\/www.latribunedufaso.net\/?p=24884#breadcrumb","itemListElement":[{"@type":"ListItem","position":1,"name":"Accueil","item":"https:\/\/www.latribunedufaso.net\/"},{"@type":"ListItem","position":2,"name":"Journ\u00e9es nationales du transport ferroviaire : Bobo-Dioulasso accueille la 1\u00e8re \u00e9dition du 14 au 15 novembre 2025"}]},{"@type":"WebSite","@id":"https:\/\/www.latribunedufaso.net\/#website","url":"https:\/\/www.latribunedufaso.net\/","name":"La Tribune du Faso","description":"L&#039;information du monde rural en un clic","publisher":{"@id":"https:\/\/www.latribunedufaso.net\/#organization"},"potentialAction":[{"@type":"SearchAction","target":{"@type":"EntryPoint","urlTemplate":"https:\/\/www.latribunedufaso.net\/?s={search_term_string}"},"query-input":{"@type":"PropertyValueSpecification","valueRequired":true,"valueName":"search_term_string"}}],"inLanguage":"fr-FR"},{"@type":"Organization","@id":"https:\/\/www.latribunedufaso.net\/#organization","name":"La Tribune du Faso","url":"https:\/\/www.latribunedufaso.net\/","logo":{"@type":"ImageObject","inLanguage":"fr-FR","@id":"https:\/\/www.latribunedufaso.net\/#\/schema\/logo\/image\/","url":"https:\/\/www.latribunedufaso.net\/wp-content\/uploads\/2020\/08\/Logo-Tribune-du-Faso-final-scaled.jpg","contentUrl":"https:\/\/www.latribunedufaso.net\/wp-content\/uploads\/2020\/08\/Logo-Tribune-du-Faso-final-scaled.jpg","width":2560,"height":1856,"caption":"La Tribune du Faso"},"image":{"@id":"https:\/\/www.latribunedufaso.net\/#\/schema\/logo\/image\/"},"sameAs":["https:\/\/www.facebook.com\/LatribuneduFaso\/"]},{"@type":"Person","@id":"https:\/\/www.latribunedufaso.net\/#\/schema\/person\/e54e64c5778a7e72cf80a318b7a622b0","name":"Issouf Tapsoba","image":{"@type":"ImageObject","inLanguage":"fr-FR","@id":"https:\/\/secure.gravatar.com\/avatar\/5e6c05150ce3230247d167f5b94d678eb05936197436d69b7921e3a95c9107ac?s=96&d=mm&r=g","url":"https:\/\/secure.gravatar.com\/avatar\/5e6c05150ce3230247d167f5b94d678eb05936197436d69b7921e3a95c9107ac?s=96&d=mm&r=g","contentUrl":"https:\/\/secure.gravatar.com\/avatar\/5e6c05150ce3230247d167f5b94d678eb05936197436d69b7921e3a95c9107ac?s=96&d=mm&r=g","caption":"Issouf Tapsoba"},"url":"https:\/\/www.latribunedufaso.net\/?author=5"}]}},"_links":{"self":[{"href":"https:\/\/www.latribunedufaso.net\/index.php?rest_route=\/wp\/v2\/posts\/24884","targetHints":{"allow":["GET"]}}],"collection":[{"href":"https:\/\/www.latribunedufaso.net\/index.php?rest_route=\/wp\/v2\/posts"}],"about":[{"href":"https:\/\/www.latribunedufaso.net\/index.php?rest_route=\/wp\/v2\/types\/post"}],"author":[{"embeddable":true,"href":"https:\/\/www.latribunedufaso.net\/index.php?rest_route=\/wp\/v2\/users\/5"}],"replies":[{"embeddable":true,"href":"https:\/\/www.latribunedufaso.net\/index.php?rest_route=%2Fwp%2Fv2%2Fcomments&post=24884"}],"version-history":[{"count":2,"href":"https:\/\/www.latribunedufaso.net\/index.php?rest_route=\/wp\/v2\/posts\/24884\/revisions"}],"predecessor-version":[{"id":24886,"href":"https:\/\/www.latribunedufaso.net\/index.php?rest_route=\/wp\/v2\/posts\/24884\/revisions\/24886"}],"wp:featuredmedia":[{"embeddable":true,"href":"https:\/\/www.latribunedufaso.net\/index.php?rest_route=\/wp\/v2\/media\/24880"}],"wp:attachment":[{"href":"https:\/\/www.latribunedufaso.net\/index.php?rest_route=%2Fwp%2Fv2%2Fmedia&parent=24884"}],"wp:term":[{"taxonomy":"category","embeddable":true,"href":"https:\/\/www.latribunedufaso.net\/index.php?rest_route=%2Fwp%2Fv2%2Fcategories&post=24884"},{"taxonomy":"post_tag","embeddable":true,"href":"https:\/\/www.latribunedufaso.net\/index.php?rest_route=%2Fwp%2Fv2%2Ftags&post=24884"}],"curies":[{"name":"wp","href":"https:\/\/api.w.org\/{rel}","templated":true}]}}