{"id":24825,"date":"2025-11-09T17:34:37","date_gmt":"2025-11-09T17:34:37","guid":{"rendered":"https:\/\/www.latribunedufaso.net\/?p=24825"},"modified":"2025-11-09T17:34:37","modified_gmt":"2025-11-09T17:34:37","slug":"rencontre-gouvernement-secteur-prive-le-premier-ministre-recoit-une-delegation-de-la-cci-bf","status":"publish","type":"post","link":"https:\/\/www.latribunedufaso.net\/?p=24825","title":{"rendered":"\u200eRencontre Gouvernement-Secteur priv\u00e9 : Le Premier ministre re\u00e7oit une d\u00e9l\u00e9gation de la CCI-BF"},"content":{"rendered":"<p><strong>En pr\u00e9lude \u00e0 la 22\u1d49 \u00e9dition du Cadre de Concertation Public-Priv\u00e9 (CC-PP), le Premier ministre, Jean Emmanuel Ou\u00e9draogo, a accord\u00e9, ce dimanche 9 novembre 2025 \u00e0 Bobo-Dioulasso, une audience \u00e0 la D\u00e9l\u00e9gation sp\u00e9ciale de la Chambre de Commerce et d\u2019Industrie du Burkina Faso (CCI-BF), conduite par son pr\u00e9sident, Roland Achille Sow.<\/strong><!--more--><\/p>\n<p>\u200eCette rencontre intervient dans le cadre des pr\u00e9paratifs de la Rencontre Nationale Gouvernement\/Secteur Priv\u00e9 (RGSP), pr\u00e9vue les 10 et 11 novembre 2025 \u00e0 la Maison de la culture Monseigneur Anselme Titianma SANON de Bobo-Dioulasso.<\/p>\n<p>\u200eSelon Roland Achille Sow, cette audience a \u00e9t\u00e9 l\u2019occasion de souhaiter la bienvenue au Premier ministre et d\u2019\u00e9changer sur un certain nombre de pr\u00e9occupations majeures du monde \u00e9conomique. La d\u00e9l\u00e9gation a \u00e9galement r\u00e9affirm\u00e9 son engagement \u00e0 accompagner le Gouvernement dans la transformation structurelle de l\u2019\u00e9conomie nationale.<\/p>\n<figure id=\"attachment_24827\" aria-describedby=\"caption-attachment-24827\" style=\"width: 2048px\" class=\"wp-caption aligncenter\"><a href=\"https:\/\/www.latribunedufaso.net\/wp-content\/uploads\/2025\/11\/FB_IMG_1762709066279.jpg\"><img loading=\"lazy\" decoding=\"async\" class=\"size-full wp-image-24827\" src=\"https:\/\/www.latribunedufaso.net\/wp-content\/uploads\/2025\/11\/FB_IMG_1762709066279.jpg\" alt=\"En pr\u00e9lude \u00e0 la 22\u1d49 \u00e9dition du Cadre de Concertation Public-Priv\u00e9 (CC-PP), le Premier ministre a accord\u00e9 une audience \u00e0 une d\u00e9l\u00e9gation de la CCI-BF Bobo, 9 novembre 2025\" width=\"2048\" height=\"1336\" srcset=\"https:\/\/www.latribunedufaso.net\/wp-content\/uploads\/2025\/11\/FB_IMG_1762709066279.jpg 2048w, https:\/\/www.latribunedufaso.net\/wp-content\/uploads\/2025\/11\/FB_IMG_1762709066279-300x196.jpg 300w, https:\/\/www.latribunedufaso.net\/wp-content\/uploads\/2025\/11\/FB_IMG_1762709066279-1024x668.jpg 1024w, https:\/\/www.latribunedufaso.net\/wp-content\/uploads\/2025\/11\/FB_IMG_1762709066279-768x501.jpg 768w, https:\/\/www.latribunedufaso.net\/wp-content\/uploads\/2025\/11\/FB_IMG_1762709066279-1536x1002.jpg 1536w\" sizes=\"auto, (max-width: 2048px) 100vw, 2048px\" \/><\/a><figcaption id=\"caption-attachment-24827\" class=\"wp-caption-text\">Le Pr\u00e9sident de la d\u00e9l\u00e9gation sp\u00e9ciale de la CCI-BF, Roland Achille Sow &#8211; Ph. DR<\/figcaption><\/figure>\n<p><em><strong>\u200e\u00ab Ce matin, nous avons eu la chance d\u2019assister \u00e0 l\u2019inauguration du CNATAC, une unit\u00e9 d\u2019accompagnement \u00e0 la transformation du coton. Cet \u00e9v\u00e9nement nous rappelle que le d\u00e9veloppement du Burkina Faso passe n\u00e9cessairement par l\u2019industrie, par la transformation agricole et par un d\u00e9veloppement endog\u00e8ne \u00bb,<\/strong> <\/em>a-t-il soulign\u00e9.<\/p>\n<p>\u200eLe pr\u00e9sident de la CCI-BF a salu\u00e9 le fort engagement du Premier ministre \u00e0 soutenir les initiatives du secteur priv\u00e9, moteur essentiel de cr\u00e9ation d\u2019emplois et de valeur ajout\u00e9e.<\/p>\n<figure id=\"attachment_24828\" aria-describedby=\"caption-attachment-24828\" style=\"width: 2048px\" class=\"wp-caption aligncenter\"><a href=\"https:\/\/www.latribunedufaso.net\/wp-content\/uploads\/2025\/11\/FB_IMG_1762709060384.jpg\"><img loading=\"lazy\" decoding=\"async\" class=\"size-full wp-image-24828\" src=\"https:\/\/www.latribunedufaso.net\/wp-content\/uploads\/2025\/11\/FB_IMG_1762709060384.jpg\" alt=\"En pr\u00e9lude \u00e0 la 22\u1d49 \u00e9dition du Cadre de Concertation Public-Priv\u00e9 (CC-PP), le Premier ministre a accord\u00e9 une audience \u00e0 une d\u00e9l\u00e9gation de la CCI-BF Bobo, 9 novembre 2025\" width=\"2048\" height=\"1294\" srcset=\"https:\/\/www.latribunedufaso.net\/wp-content\/uploads\/2025\/11\/FB_IMG_1762709060384.jpg 2048w, https:\/\/www.latribunedufaso.net\/wp-content\/uploads\/2025\/11\/FB_IMG_1762709060384-300x190.jpg 300w, https:\/\/www.latribunedufaso.net\/wp-content\/uploads\/2025\/11\/FB_IMG_1762709060384-1024x647.jpg 1024w, https:\/\/www.latribunedufaso.net\/wp-content\/uploads\/2025\/11\/FB_IMG_1762709060384-768x485.jpg 768w, https:\/\/www.latribunedufaso.net\/wp-content\/uploads\/2025\/11\/FB_IMG_1762709060384-1536x971.jpg 1536w\" sizes=\"auto, (max-width: 2048px) 100vw, 2048px\" \/><\/a><figcaption id=\"caption-attachment-24828\" class=\"wp-caption-text\">Cette rencontre a \u00e9t\u00e9 l&rsquo;occasion d&rsquo;\u00e9changer sur des pr\u00e9occupations du monde \u00e9conomique &#8211; Ph. DR<\/figcaption><\/figure>\n<p><em><strong>\u200e\u00ab Il y a eu un fort engagement du Premier ministre et c\u2019est tout \u00e0 son honneur et aussi \u00e0 l\u2019honneur du secteur priv\u00e9. La rencontre de demain permettra d\u2019aborder les difficult\u00e9s que rencontrent les acteurs du secteur priv\u00e9 burkinab\u00e8 \u00bb,<\/strong> <\/em>a-t-il pr\u00e9cis\u00e9.<\/p>\n<p>\u200eRevenant sur la vision du Pr\u00e9sident du Faso, le Capitaine Ibrahim Traor\u00e9, M. Sow a rappel\u00e9 la n\u00e9cessit\u00e9 d\u2019une \u00e9conomie fond\u00e9e sur la production locale, avant d\u2019insister sur l\u2019importance du partenariat \u00c9tat\u2013secteur priv\u00e9 pour stimuler la croissance et renforcer la souverainet\u00e9 \u00e9conomique du pays.<\/p>\n<blockquote>\n<p>Lire aussi &gt;&gt; <a href=\"https:\/\/www.latribunedufaso.net\/?p=18640\">Cl\u00f4ture de la rencontre gouvernement\/syndicats 2025 : Les engagements majeurs issus des n\u00e9gociations\u00a0<\/a><\/p>\n<\/blockquote>\n<p>\u200eCe dialogue constant entre le Gouvernement et le secteur priv\u00e9 illustre une volont\u00e9 commune de consolider une \u00e9conomie r\u00e9siliente, innovante et inclusive, port\u00e9e par les entreprises nationales et les acteurs \u00e9conomiques de toutes les r\u00e9gions du pays.<\/p>\n<p><strong>\u200eLatribunedufaso.net<\/strong><\/p>\n<p><strong>Source : DCRP\/Primature\u00a0<\/strong><\/p>\n<figure id=\"attachment_24830\" aria-describedby=\"caption-attachment-24830\" style=\"width: 2048px\" class=\"wp-caption aligncenter\"><a href=\"https:\/\/www.latribunedufaso.net\/wp-content\/uploads\/2025\/11\/FB_IMG_1762709074673.jpg\"><img loading=\"lazy\" decoding=\"async\" class=\"size-full wp-image-24830\" src=\"https:\/\/www.latribunedufaso.net\/wp-content\/uploads\/2025\/11\/FB_IMG_1762709074673.jpg\" alt=\"En pr\u00e9lude \u00e0 la 22\u1d49 \u00e9dition du Cadre de Concertation Public-Priv\u00e9 (CC-PP), le Premier ministre a accord\u00e9 une audience \u00e0 une d\u00e9l\u00e9gation de la CCI-BF Bobo, 9 novembre 2025\" width=\"2048\" height=\"1303\" srcset=\"https:\/\/www.latribunedufaso.net\/wp-content\/uploads\/2025\/11\/FB_IMG_1762709074673.jpg 2048w, https:\/\/www.latribunedufaso.net\/wp-content\/uploads\/2025\/11\/FB_IMG_1762709074673-300x191.jpg 300w, https:\/\/www.latribunedufaso.net\/wp-content\/uploads\/2025\/11\/FB_IMG_1762709074673-1024x652.jpg 1024w, https:\/\/www.latribunedufaso.net\/wp-content\/uploads\/2025\/11\/FB_IMG_1762709074673-768x489.jpg 768w, https:\/\/www.latribunedufaso.net\/wp-content\/uploads\/2025\/11\/FB_IMG_1762709074673-1536x977.jpg 1536w\" sizes=\"auto, (max-width: 2048px) 100vw, 2048px\" \/><\/a><figcaption id=\"caption-attachment-24830\" class=\"wp-caption-text\">Photo de famille des participants \u00e0 l&rsquo;audience &#8211; Ph. DR<\/figcaption><\/figure>\n","protected":false},"excerpt":{"rendered":"<p>En pr\u00e9lude \u00e0 la 22\u1d49 \u00e9dition du Cadre de Concertation Public-Priv\u00e9 (CC-PP), le Premier ministre, Jean Emmanuel Ou\u00e9draogo, a accord\u00e9, ce dimanche 9 novembre 2025 \u00e0 Bobo-Dioulasso, une audience \u00e0 la D\u00e9l\u00e9gation sp\u00e9ciale de la Chambre de Commerce et d\u2019Industrie du Burkina Faso (CCI-BF), conduite par son pr\u00e9sident, Roland Achille Sow.<\/p>\n","protected":false},"author":5,"featured_media":24829,"comment_status":"open","ping_status":"open","sticky":false,"template":"","format":"standard","meta":{"footnotes":""},"categories":[13,1,8],"tags":[39,497],"class_list":["post-24825","post","type-post","status-publish","format-standard","has-post-thumbnail","hentry","category-une","category-actu","category-societe","tag-latribunedufaso-net","tag-rencontre-gouvernement-secteur-prive"],"yoast_head":"<!-- This site is optimized with the Yoast SEO plugin v27.4 - https:\/\/yoast.com\/product\/yoast-seo-wordpress\/ -->\n<title>\u200eRencontre Gouvernement-Secteur priv\u00e9 : Le Premier ministre re\u00e7oit une d\u00e9l\u00e9gation de la CCI-BF - La Tribune du Faso<\/title>\n<meta name=\"robots\" content=\"index, follow, max-snippet:-1, max-image-preview:large, max-video-preview:-1\" \/>\n<link rel=\"canonical\" href=\"https:\/\/www.latribunedufaso.net\/?p=24825\" \/>\n<meta property=\"og:locale\" content=\"fr_FR\" \/>\n<meta property=\"og:type\" content=\"article\" \/>\n<meta property=\"og:title\" content=\"\u200eRencontre Gouvernement-Secteur priv\u00e9 : Le Premier ministre re\u00e7oit une d\u00e9l\u00e9gation de la CCI-BF - La Tribune du Faso\" \/>\n<meta property=\"og:description\" content=\"En pr\u00e9lude \u00e0 la 22\u1d49 \u00e9dition du Cadre de Concertation Public-Priv\u00e9 (CC-PP), le Premier ministre, Jean Emmanuel Ou\u00e9draogo, a accord\u00e9, ce dimanche 9 novembre 2025 \u00e0 Bobo-Dioulasso, une audience \u00e0 la D\u00e9l\u00e9gation sp\u00e9ciale de la Chambre de Commerce et d\u2019Industrie du Burkina Faso (CCI-BF), conduite par son pr\u00e9sident, Roland Achille Sow.\" \/>\n<meta property=\"og:url\" content=\"https:\/\/www.latribunedufaso.net\/?p=24825\" \/>\n<meta property=\"og:site_name\" content=\"La Tribune du Faso\" \/>\n<meta property=\"article:publisher\" content=\"https:\/\/www.facebook.com\/LatribuneduFaso\/\" \/>\n<meta property=\"article:published_time\" content=\"2025-11-09T17:34:37+00:00\" \/>\n<meta property=\"og:image\" content=\"https:\/\/www.latribunedufaso.net\/wp-content\/uploads\/2025\/11\/FB_IMG_1762709057181.jpg\" \/>\n\t<meta property=\"og:image:width\" content=\"2048\" \/>\n\t<meta property=\"og:image:height\" content=\"1338\" \/>\n\t<meta property=\"og:image:type\" content=\"image\/jpeg\" \/>\n<meta name=\"author\" content=\"Issouf Tapsoba\" \/>\n<meta name=\"twitter:label1\" content=\"\u00c9crit par\" \/>\n\t<meta name=\"twitter:data1\" content=\"Issouf Tapsoba\" \/>\n\t<meta name=\"twitter:label2\" content=\"Dur\u00e9e de lecture estim\u00e9e\" \/>\n\t<meta name=\"twitter:data2\" content=\"2 minutes\" \/>\n<script type=\"application\/ld+json\" class=\"yoast-schema-graph\">{\"@context\":\"https:\\\/\\\/schema.org\",\"@graph\":[{\"@type\":\"Article\",\"@id\":\"https:\\\/\\\/www.latribunedufaso.net\\\/?p=24825#article\",\"isPartOf\":{\"@id\":\"https:\\\/\\\/www.latribunedufaso.net\\\/?p=24825\"},\"author\":{\"name\":\"Issouf Tapsoba\",\"@id\":\"https:\\\/\\\/www.latribunedufaso.net\\\/#\\\/schema\\\/person\\\/e54e64c5778a7e72cf80a318b7a622b0\"},\"headline\":\"\u200eRencontre Gouvernement-Secteur priv\u00e9 : Le Premier ministre re\u00e7oit une d\u00e9l\u00e9gation de la CCI-BF\",\"datePublished\":\"2025-11-09T17:34:37+00:00\",\"mainEntityOfPage\":{\"@id\":\"https:\\\/\\\/www.latribunedufaso.net\\\/?p=24825\"},\"wordCount\":462,\"commentCount\":0,\"publisher\":{\"@id\":\"https:\\\/\\\/www.latribunedufaso.net\\\/#organization\"},\"image\":{\"@id\":\"https:\\\/\\\/www.latribunedufaso.net\\\/?p=24825#primaryimage\"},\"thumbnailUrl\":\"https:\\\/\\\/www.latribunedufaso.net\\\/wp-content\\\/uploads\\\/2025\\\/11\\\/FB_IMG_1762709057181.jpg\",\"keywords\":[\"latribunedufaso.net\",\"Rencontre gouvernement secteur priv\u00e9\"],\"articleSection\":[\"A la une\",\"Actualit\u00e9\",\"Soci\u00e9t\u00e9\"],\"inLanguage\":\"fr-FR\",\"potentialAction\":[{\"@type\":\"CommentAction\",\"name\":\"Comment\",\"target\":[\"https:\\\/\\\/www.latribunedufaso.net\\\/?p=24825#respond\"]}]},{\"@type\":\"WebPage\",\"@id\":\"https:\\\/\\\/www.latribunedufaso.net\\\/?p=24825\",\"url\":\"https:\\\/\\\/www.latribunedufaso.net\\\/?p=24825\",\"name\":\"\u200eRencontre Gouvernement-Secteur priv\u00e9 : Le Premier ministre re\u00e7oit une d\u00e9l\u00e9gation de la CCI-BF - La Tribune du Faso\",\"isPartOf\":{\"@id\":\"https:\\\/\\\/www.latribunedufaso.net\\\/#website\"},\"primaryImageOfPage\":{\"@id\":\"https:\\\/\\\/www.latribunedufaso.net\\\/?p=24825#primaryimage\"},\"image\":{\"@id\":\"https:\\\/\\\/www.latribunedufaso.net\\\/?p=24825#primaryimage\"},\"thumbnailUrl\":\"https:\\\/\\\/www.latribunedufaso.net\\\/wp-content\\\/uploads\\\/2025\\\/11\\\/FB_IMG_1762709057181.jpg\",\"datePublished\":\"2025-11-09T17:34:37+00:00\",\"breadcrumb\":{\"@id\":\"https:\\\/\\\/www.latribunedufaso.net\\\/?p=24825#breadcrumb\"},\"inLanguage\":\"fr-FR\",\"potentialAction\":[{\"@type\":\"ReadAction\",\"target\":[\"https:\\\/\\\/www.latribunedufaso.net\\\/?p=24825\"]}]},{\"@type\":\"ImageObject\",\"inLanguage\":\"fr-FR\",\"@id\":\"https:\\\/\\\/www.latribunedufaso.net\\\/?p=24825#primaryimage\",\"url\":\"https:\\\/\\\/www.latribunedufaso.net\\\/wp-content\\\/uploads\\\/2025\\\/11\\\/FB_IMG_1762709057181.jpg\",\"contentUrl\":\"https:\\\/\\\/www.latribunedufaso.net\\\/wp-content\\\/uploads\\\/2025\\\/11\\\/FB_IMG_1762709057181.jpg\",\"width\":2048,\"height\":1338,\"caption\":\"En pr\u00e9lude \u00e0 la 22\u1d49 \u00e9dition du Cadre de Concertation Public-Priv\u00e9 (CC-PP), le Premier ministre a accord\u00e9 une audience \u00e0 une d\u00e9l\u00e9gation de la CCI-BF Bobo, 9 novembre 2025\"},{\"@type\":\"BreadcrumbList\",\"@id\":\"https:\\\/\\\/www.latribunedufaso.net\\\/?p=24825#breadcrumb\",\"itemListElement\":[{\"@type\":\"ListItem\",\"position\":1,\"name\":\"Accueil\",\"item\":\"https:\\\/\\\/www.latribunedufaso.net\\\/\"},{\"@type\":\"ListItem\",\"position\":2,\"name\":\"\u200eRencontre Gouvernement-Secteur priv\u00e9 : Le Premier ministre re\u00e7oit une d\u00e9l\u00e9gation de la CCI-BF\"}]},{\"@type\":\"WebSite\",\"@id\":\"https:\\\/\\\/www.latribunedufaso.net\\\/#website\",\"url\":\"https:\\\/\\\/www.latribunedufaso.net\\\/\",\"name\":\"La Tribune du Faso\",\"description\":\"L&#039;information du monde rural en un clic\",\"publisher\":{\"@id\":\"https:\\\/\\\/www.latribunedufaso.net\\\/#organization\"},\"potentialAction\":[{\"@type\":\"SearchAction\",\"target\":{\"@type\":\"EntryPoint\",\"urlTemplate\":\"https:\\\/\\\/www.latribunedufaso.net\\\/?s={search_term_string}\"},\"query-input\":{\"@type\":\"PropertyValueSpecification\",\"valueRequired\":true,\"valueName\":\"search_term_string\"}}],\"inLanguage\":\"fr-FR\"},{\"@type\":\"Organization\",\"@id\":\"https:\\\/\\\/www.latribunedufaso.net\\\/#organization\",\"name\":\"La Tribune du Faso\",\"url\":\"https:\\\/\\\/www.latribunedufaso.net\\\/\",\"logo\":{\"@type\":\"ImageObject\",\"inLanguage\":\"fr-FR\",\"@id\":\"https:\\\/\\\/www.latribunedufaso.net\\\/#\\\/schema\\\/logo\\\/image\\\/\",\"url\":\"https:\\\/\\\/www.latribunedufaso.net\\\/wp-content\\\/uploads\\\/2020\\\/08\\\/Logo-Tribune-du-Faso-final-scaled.jpg\",\"contentUrl\":\"https:\\\/\\\/www.latribunedufaso.net\\\/wp-content\\\/uploads\\\/2020\\\/08\\\/Logo-Tribune-du-Faso-final-scaled.jpg\",\"width\":2560,\"height\":1856,\"caption\":\"La Tribune du Faso\"},\"image\":{\"@id\":\"https:\\\/\\\/www.latribunedufaso.net\\\/#\\\/schema\\\/logo\\\/image\\\/\"},\"sameAs\":[\"https:\\\/\\\/www.facebook.com\\\/LatribuneduFaso\\\/\"]},{\"@type\":\"Person\",\"@id\":\"https:\\\/\\\/www.latribunedufaso.net\\\/#\\\/schema\\\/person\\\/e54e64c5778a7e72cf80a318b7a622b0\",\"name\":\"Issouf Tapsoba\",\"image\":{\"@type\":\"ImageObject\",\"inLanguage\":\"fr-FR\",\"@id\":\"https:\\\/\\\/secure.gravatar.com\\\/avatar\\\/5e6c05150ce3230247d167f5b94d678eb05936197436d69b7921e3a95c9107ac?s=96&d=mm&r=g\",\"url\":\"https:\\\/\\\/secure.gravatar.com\\\/avatar\\\/5e6c05150ce3230247d167f5b94d678eb05936197436d69b7921e3a95c9107ac?s=96&d=mm&r=g\",\"contentUrl\":\"https:\\\/\\\/secure.gravatar.com\\\/avatar\\\/5e6c05150ce3230247d167f5b94d678eb05936197436d69b7921e3a95c9107ac?s=96&d=mm&r=g\",\"caption\":\"Issouf Tapsoba\"},\"url\":\"https:\\\/\\\/www.latribunedufaso.net\\\/?author=5\"}]}<\/script>\n<!-- \/ Yoast SEO plugin. -->","yoast_head_json":{"title":"\u200eRencontre Gouvernement-Secteur priv\u00e9 : Le Premier ministre re\u00e7oit une d\u00e9l\u00e9gation de la CCI-BF - La Tribune du Faso","robots":{"index":"index","follow":"follow","max-snippet":"max-snippet:-1","max-image-preview":"max-image-preview:large","max-video-preview":"max-video-preview:-1"},"canonical":"https:\/\/www.latribunedufaso.net\/?p=24825","og_locale":"fr_FR","og_type":"article","og_title":"\u200eRencontre Gouvernement-Secteur priv\u00e9 : Le Premier ministre re\u00e7oit une d\u00e9l\u00e9gation de la CCI-BF - La Tribune du Faso","og_description":"En pr\u00e9lude \u00e0 la 22\u1d49 \u00e9dition du Cadre de Concertation Public-Priv\u00e9 (CC-PP), le Premier ministre, Jean Emmanuel Ou\u00e9draogo, a accord\u00e9, ce dimanche 9 novembre 2025 \u00e0 Bobo-Dioulasso, une audience \u00e0 la D\u00e9l\u00e9gation sp\u00e9ciale de la Chambre de Commerce et d\u2019Industrie du Burkina Faso (CCI-BF), conduite par son pr\u00e9sident, Roland Achille Sow.","og_url":"https:\/\/www.latribunedufaso.net\/?p=24825","og_site_name":"La Tribune du Faso","article_publisher":"https:\/\/www.facebook.com\/LatribuneduFaso\/","article_published_time":"2025-11-09T17:34:37+00:00","og_image":[{"width":2048,"height":1338,"url":"https:\/\/www.latribunedufaso.net\/wp-content\/uploads\/2025\/11\/FB_IMG_1762709057181.jpg","type":"image\/jpeg"}],"author":"Issouf Tapsoba","twitter_misc":{"\u00c9crit par":"Issouf Tapsoba","Dur\u00e9e de lecture estim\u00e9e":"2 minutes"},"schema":{"@context":"https:\/\/schema.org","@graph":[{"@type":"Article","@id":"https:\/\/www.latribunedufaso.net\/?p=24825#article","isPartOf":{"@id":"https:\/\/www.latribunedufaso.net\/?p=24825"},"author":{"name":"Issouf Tapsoba","@id":"https:\/\/www.latribunedufaso.net\/#\/schema\/person\/e54e64c5778a7e72cf80a318b7a622b0"},"headline":"\u200eRencontre Gouvernement-Secteur priv\u00e9 : Le Premier ministre re\u00e7oit une d\u00e9l\u00e9gation de la CCI-BF","datePublished":"2025-11-09T17:34:37+00:00","mainEntityOfPage":{"@id":"https:\/\/www.latribunedufaso.net\/?p=24825"},"wordCount":462,"commentCount":0,"publisher":{"@id":"https:\/\/www.latribunedufaso.net\/#organization"},"image":{"@id":"https:\/\/www.latribunedufaso.net\/?p=24825#primaryimage"},"thumbnailUrl":"https:\/\/www.latribunedufaso.net\/wp-content\/uploads\/2025\/11\/FB_IMG_1762709057181.jpg","keywords":["latribunedufaso.net","Rencontre gouvernement secteur priv\u00e9"],"articleSection":["A la une","Actualit\u00e9","Soci\u00e9t\u00e9"],"inLanguage":"fr-FR","potentialAction":[{"@type":"CommentAction","name":"Comment","target":["https:\/\/www.latribunedufaso.net\/?p=24825#respond"]}]},{"@type":"WebPage","@id":"https:\/\/www.latribunedufaso.net\/?p=24825","url":"https:\/\/www.latribunedufaso.net\/?p=24825","name":"\u200eRencontre Gouvernement-Secteur priv\u00e9 : Le Premier ministre re\u00e7oit une d\u00e9l\u00e9gation de la CCI-BF - La Tribune du Faso","isPartOf":{"@id":"https:\/\/www.latribunedufaso.net\/#website"},"primaryImageOfPage":{"@id":"https:\/\/www.latribunedufaso.net\/?p=24825#primaryimage"},"image":{"@id":"https:\/\/www.latribunedufaso.net\/?p=24825#primaryimage"},"thumbnailUrl":"https:\/\/www.latribunedufaso.net\/wp-content\/uploads\/2025\/11\/FB_IMG_1762709057181.jpg","datePublished":"2025-11-09T17:34:37+00:00","breadcrumb":{"@id":"https:\/\/www.latribunedufaso.net\/?p=24825#breadcrumb"},"inLanguage":"fr-FR","potentialAction":[{"@type":"ReadAction","target":["https:\/\/www.latribunedufaso.net\/?p=24825"]}]},{"@type":"ImageObject","inLanguage":"fr-FR","@id":"https:\/\/www.latribunedufaso.net\/?p=24825#primaryimage","url":"https:\/\/www.latribunedufaso.net\/wp-content\/uploads\/2025\/11\/FB_IMG_1762709057181.jpg","contentUrl":"https:\/\/www.latribunedufaso.net\/wp-content\/uploads\/2025\/11\/FB_IMG_1762709057181.jpg","width":2048,"height":1338,"caption":"En pr\u00e9lude \u00e0 la 22\u1d49 \u00e9dition du Cadre de Concertation Public-Priv\u00e9 (CC-PP), le Premier ministre a accord\u00e9 une audience \u00e0 une d\u00e9l\u00e9gation de la CCI-BF Bobo, 9 novembre 2025"},{"@type":"BreadcrumbList","@id":"https:\/\/www.latribunedufaso.net\/?p=24825#breadcrumb","itemListElement":[{"@type":"ListItem","position":1,"name":"Accueil","item":"https:\/\/www.latribunedufaso.net\/"},{"@type":"ListItem","position":2,"name":"\u200eRencontre Gouvernement-Secteur priv\u00e9 : Le Premier ministre re\u00e7oit une d\u00e9l\u00e9gation de la CCI-BF"}]},{"@type":"WebSite","@id":"https:\/\/www.latribunedufaso.net\/#website","url":"https:\/\/www.latribunedufaso.net\/","name":"La Tribune du Faso","description":"L&#039;information du monde rural en un clic","publisher":{"@id":"https:\/\/www.latribunedufaso.net\/#organization"},"potentialAction":[{"@type":"SearchAction","target":{"@type":"EntryPoint","urlTemplate":"https:\/\/www.latribunedufaso.net\/?s={search_term_string}"},"query-input":{"@type":"PropertyValueSpecification","valueRequired":true,"valueName":"search_term_string"}}],"inLanguage":"fr-FR"},{"@type":"Organization","@id":"https:\/\/www.latribunedufaso.net\/#organization","name":"La Tribune du Faso","url":"https:\/\/www.latribunedufaso.net\/","logo":{"@type":"ImageObject","inLanguage":"fr-FR","@id":"https:\/\/www.latribunedufaso.net\/#\/schema\/logo\/image\/","url":"https:\/\/www.latribunedufaso.net\/wp-content\/uploads\/2020\/08\/Logo-Tribune-du-Faso-final-scaled.jpg","contentUrl":"https:\/\/www.latribunedufaso.net\/wp-content\/uploads\/2020\/08\/Logo-Tribune-du-Faso-final-scaled.jpg","width":2560,"height":1856,"caption":"La Tribune du Faso"},"image":{"@id":"https:\/\/www.latribunedufaso.net\/#\/schema\/logo\/image\/"},"sameAs":["https:\/\/www.facebook.com\/LatribuneduFaso\/"]},{"@type":"Person","@id":"https:\/\/www.latribunedufaso.net\/#\/schema\/person\/e54e64c5778a7e72cf80a318b7a622b0","name":"Issouf Tapsoba","image":{"@type":"ImageObject","inLanguage":"fr-FR","@id":"https:\/\/secure.gravatar.com\/avatar\/5e6c05150ce3230247d167f5b94d678eb05936197436d69b7921e3a95c9107ac?s=96&d=mm&r=g","url":"https:\/\/secure.gravatar.com\/avatar\/5e6c05150ce3230247d167f5b94d678eb05936197436d69b7921e3a95c9107ac?s=96&d=mm&r=g","contentUrl":"https:\/\/secure.gravatar.com\/avatar\/5e6c05150ce3230247d167f5b94d678eb05936197436d69b7921e3a95c9107ac?s=96&d=mm&r=g","caption":"Issouf Tapsoba"},"url":"https:\/\/www.latribunedufaso.net\/?author=5"}]}},"_links":{"self":[{"href":"https:\/\/www.latribunedufaso.net\/index.php?rest_route=\/wp\/v2\/posts\/24825","targetHints":{"allow":["GET"]}}],"collection":[{"href":"https:\/\/www.latribunedufaso.net\/index.php?rest_route=\/wp\/v2\/posts"}],"about":[{"href":"https:\/\/www.latribunedufaso.net\/index.php?rest_route=\/wp\/v2\/types\/post"}],"author":[{"embeddable":true,"href":"https:\/\/www.latribunedufaso.net\/index.php?rest_route=\/wp\/v2\/users\/5"}],"replies":[{"embeddable":true,"href":"https:\/\/www.latribunedufaso.net\/index.php?rest_route=%2Fwp%2Fv2%2Fcomments&post=24825"}],"version-history":[{"count":2,"href":"https:\/\/www.latribunedufaso.net\/index.php?rest_route=\/wp\/v2\/posts\/24825\/revisions"}],"predecessor-version":[{"id":24831,"href":"https:\/\/www.latribunedufaso.net\/index.php?rest_route=\/wp\/v2\/posts\/24825\/revisions\/24831"}],"wp:featuredmedia":[{"embeddable":true,"href":"https:\/\/www.latribunedufaso.net\/index.php?rest_route=\/wp\/v2\/media\/24829"}],"wp:attachment":[{"href":"https:\/\/www.latribunedufaso.net\/index.php?rest_route=%2Fwp%2Fv2%2Fmedia&parent=24825"}],"wp:term":[{"taxonomy":"category","embeddable":true,"href":"https:\/\/www.latribunedufaso.net\/index.php?rest_route=%2Fwp%2Fv2%2Fcategories&post=24825"},{"taxonomy":"post_tag","embeddable":true,"href":"https:\/\/www.latribunedufaso.net\/index.php?rest_route=%2Fwp%2Fv2%2Ftags&post=24825"}],"curies":[{"name":"wp","href":"https:\/\/api.w.org\/{rel}","templated":true}]}}