{"id":24816,"date":"2025-11-09T09:43:38","date_gmt":"2025-11-09T09:43:38","guid":{"rendered":"https:\/\/www.latribunedufaso.net\/?p=24816"},"modified":"2025-11-09T09:43:38","modified_gmt":"2025-11-09T09:43:38","slug":"seera-2025-trois-projets-innovants-primes-lors-de-la-nuit-de-distinction","status":"publish","type":"post","link":"https:\/\/www.latribunedufaso.net\/?p=24816","title":{"rendered":"SEERA 2025 : Trois projets innovants prim\u00e9s lors de la Nuit de distinction"},"content":{"rendered":"<p><strong>La 6\u1d49 \u00e9dition de la Semaine des \u00e9nergies et \u00e9nergies renouvelables d\u2019Afrique (SEERA) a consacr\u00e9, ce 8 novembre 2025, une nuit de distinction aux acteurs et innovateurs du secteur \u00e9nerg\u00e9tique. La c\u00e9r\u00e9monie s\u2019est tenue \u00e0 la salle des f\u00eates de Ouaga 2000 \u00e0 Ouagadougou, sous la pr\u00e9sidence du Premier ministre, repr\u00e9sent\u00e9 par le ministre en charge de l&rsquo;Energie, Yacouba Gouba.<\/strong><!--more--><\/p>\n<p>Cette nuit de distinction vise \u00e0 c\u00e9l\u00e9brer le m\u00e9rite, la cr\u00e9ativit\u00e9, la rigueur et la coop\u00e9ration des acteurs du secteur, selon le pr\u00e9sident du comit\u00e9 d&rsquo;organisation, Doulaye Sanou.<\/p>\n<p><em><strong>\u00ab Ces distinctions traduisent une reconnaissance envers ceux qui, au sein des institutions, des entreprises, des laboratoires et des collectivit\u00e9s, travaillent chaque jour \u00e0 faire progresser l\u2019Afrique sur le chemin de la durabilit\u00e9 \u00bb<\/strong><\/em>, a t-il soulign\u00e9.\u00a0<\/p>\n<h3>Des projets prometteurs mis en lumi\u00e8re<\/h3>\n<p>Sur 71 candidatures re\u00e7ues, 10 projets ont \u00e9t\u00e9 nomin\u00e9s, et 3 ont \u00e9t\u00e9 prim\u00e9s apr\u00e8s \u00e9valuation par un jury. Les crit\u00e8res d\u2019\u00e9valuation portaient notamment sur la qualit\u00e9 du projet, sa pertinence avec la th\u00e9matique de l\u2019\u00e9dition, l\u2019innovation technologique et la faisabilit\u00e9 technique.<\/p>\n<figure id=\"attachment_24820\" aria-describedby=\"caption-attachment-24820\" style=\"width: 2560px\" class=\"wp-caption aligncenter\"><a href=\"https:\/\/www.latribunedufaso.net\/wp-content\/uploads\/2025\/11\/IMG-20251109-WA0008.jpg\"><img loading=\"lazy\" decoding=\"async\" class=\"size-full wp-image-24820\" src=\"https:\/\/www.latribunedufaso.net\/wp-content\/uploads\/2025\/11\/IMG-20251109-WA0008.jpg\" alt=\"La nuit des distinctions de la SEERA 2025, 8 novembre 2025\" width=\"2560\" height=\"1927\" srcset=\"https:\/\/www.latribunedufaso.net\/wp-content\/uploads\/2025\/11\/IMG-20251109-WA0008.jpg 2560w, https:\/\/www.latribunedufaso.net\/wp-content\/uploads\/2025\/11\/IMG-20251109-WA0008-300x226.jpg 300w, https:\/\/www.latribunedufaso.net\/wp-content\/uploads\/2025\/11\/IMG-20251109-WA0008-1024x771.jpg 1024w, https:\/\/www.latribunedufaso.net\/wp-content\/uploads\/2025\/11\/IMG-20251109-WA0008-768x578.jpg 768w, https:\/\/www.latribunedufaso.net\/wp-content\/uploads\/2025\/11\/IMG-20251109-WA0008-1536x1156.jpg 1536w, https:\/\/www.latribunedufaso.net\/wp-content\/uploads\/2025\/11\/IMG-20251109-WA0008-2048x1542.jpg 2048w\" sizes=\"auto, (max-width: 2560px) 100vw, 2560px\" \/><\/a><figcaption id=\"caption-attachment-24820\" class=\"wp-caption-text\">Abdoul Rachid Gansor\u00e9, laur\u00e9at du premier prix &#8211; Ph. A. Kiendrebeogo<\/figcaption><\/figure>\n<p>Le premier prix, avec une moyenne de 15,5\/20, a \u00e9t\u00e9 d\u00e9cern\u00e9 \u00e0 Gansor\u00e9 Abdoul Rachid pour son projet <em><strong>\u00ab Chaud eau solaire PV hybride \u00bb<\/strong><\/em>. Ce syst\u00e8me innovant combine l\u2019\u00e9nergie solaire thermique et photovolta\u00efque pour chauffer l\u2019eau et stocker de l\u2019\u00e9lectricit\u00e9.<\/p>\n<p><em><strong>\u00ab Nous avons d\u00e9j\u00e0 un prototype fonctionnel. Ce prix va nous permettre de lancer la production en s\u00e9rie \u00bb,<\/strong><\/em> a confi\u00e9 le laur\u00e9at.<\/p>\n<p>Le deuxi\u00e8me prix, not\u00e9 13,80\/20, est revenu \u00e0 Abdoul Ben Rachid Nassa pour son projet <em><strong>\u00ab Smart Agro Pound \u00bb<\/strong><\/em>, tandis que Mariam Corine Zongo a d\u00e9croch\u00e9 le troisi\u00e8me prix avec une moyenne de 11,13\/20 pour <em><strong>\u00ab Wattia \u00bb<\/strong><\/em>, une plateforme num\u00e9rique d\u00e9di\u00e9e \u00e0 la promotion de l\u2019efficacit\u00e9 \u00e9nerg\u00e9tique dans les projets de construction.<\/p>\n<figure id=\"attachment_24819\" aria-describedby=\"caption-attachment-24819\" style=\"width: 2560px\" class=\"wp-caption aligncenter\"><a href=\"https:\/\/www.latribunedufaso.net\/wp-content\/uploads\/2025\/11\/IMG-20251109-WA0011.jpg\"><img loading=\"lazy\" decoding=\"async\" class=\"size-full wp-image-24819\" src=\"https:\/\/www.latribunedufaso.net\/wp-content\/uploads\/2025\/11\/IMG-20251109-WA0011.jpg\" alt=\"La nuit des distinctions de la SEERA 2025, 8 novembre 2025\" width=\"2560\" height=\"1927\" srcset=\"https:\/\/www.latribunedufaso.net\/wp-content\/uploads\/2025\/11\/IMG-20251109-WA0011.jpg 2560w, https:\/\/www.latribunedufaso.net\/wp-content\/uploads\/2025\/11\/IMG-20251109-WA0011-300x226.jpg 300w, https:\/\/www.latribunedufaso.net\/wp-content\/uploads\/2025\/11\/IMG-20251109-WA0011-1024x771.jpg 1024w, https:\/\/www.latribunedufaso.net\/wp-content\/uploads\/2025\/11\/IMG-20251109-WA0011-768x578.jpg 768w, https:\/\/www.latribunedufaso.net\/wp-content\/uploads\/2025\/11\/IMG-20251109-WA0011-1536x1156.jpg 1536w, https:\/\/www.latribunedufaso.net\/wp-content\/uploads\/2025\/11\/IMG-20251109-WA0011-2048x1542.jpg 2048w\" sizes=\"auto, (max-width: 2560px) 100vw, 2560px\" \/><\/a><figcaption id=\"caption-attachment-24819\" class=\"wp-caption-text\">Mariam Corine Zongo a remport\u00e9 le troisi\u00e8me prix &#8211; Ph. A. Kiendrebeogo<\/figcaption><\/figure>\n<p><em><strong>\u00ab Avec Wattia, toute personne souhaitant construire pourra \u00e9valuer l\u2019impact \u00e9nerg\u00e9tique de son futur b\u00e2timent \u00bb,<\/strong><\/em> a-t-elle expliqu\u00e9, saluant ce prix comme un gage de confiance du public.<\/p>\n<p>Les trois laur\u00e9ats sont repartis respectivement avec des ch\u00e8ques de 1 500 000 FCFA, 1 000 000 FCFA et 500 000 FCFA, accompagn\u00e9s d\u2019attestations de reconnaissance.<\/p>\n<h3>Encourager et accompagner les innovateurs<\/h3>\n<p>Le pr\u00e9sident du jury, Pr Si\u00e9 Kam, a tenu \u00e0 f\u00e9liciter l\u2019ensemble des nomin\u00e9s, tout en recommandant un suivi financier et technique de leurs projets. Selon lui, leur mise en \u0153uvre r\u00e9ussie pourrait contribuer significativement au d\u00e9veloppement \u00e9nerg\u00e9tique du Burkina Faso. Il a toutefois d\u00e9plor\u00e9 l\u2019usage de l\u2019intelligence artificielle (IA) dans l&rsquo;\u00e9laboration de certains projets soumis.<\/p>\n<p><a href=\"https:\/\/www.latribunedufaso.net\/wp-content\/uploads\/2025\/11\/IMG-20251109-WA0012.jpg\"><img loading=\"lazy\" decoding=\"async\" class=\"aligncenter size-full wp-image-24818\" src=\"https:\/\/www.latribunedufaso.net\/wp-content\/uploads\/2025\/11\/IMG-20251109-WA0012.jpg\" alt=\"La nuit des distinctions de la SEERA 2025, 8 novembre 2025\" width=\"851\" height=\"624\" srcset=\"https:\/\/www.latribunedufaso.net\/wp-content\/uploads\/2025\/11\/IMG-20251109-WA0012.jpg 851w, https:\/\/www.latribunedufaso.net\/wp-content\/uploads\/2025\/11\/IMG-20251109-WA0012-300x220.jpg 300w, https:\/\/www.latribunedufaso.net\/wp-content\/uploads\/2025\/11\/IMG-20251109-WA0012-768x563.jpg 768w, https:\/\/www.latribunedufaso.net\/wp-content\/uploads\/2025\/11\/IMG-20251109-WA0012-90x65.jpg 90w\" sizes=\"auto, (max-width: 851px) 100vw, 851px\" \/><\/a><\/p>\n<h3>Partenaires et symboles de coop\u00e9ration r\u00e9gionale<\/h3>\n<p>Outre les innovateurs, la SEERA a \u00e9galement honor\u00e9 ses sponsors et partenaires pour leur soutien constant. Des structures comme le BUMIGEB, Essakane, SONABHY, Orange \u00c9nergie, Endeavour Mining, KIAKA Gold, ANEERE et Vista \u00c9nergie, entre autres, ont re\u00e7u des attestations de reconnaissance.<\/p>\n<p>Un cadeau compos\u00e9 d\u2019un chapeau de Sapon\u00e9, d\u2019un pagne Faso Dan Fani et d\u2019une attestation a aussi \u00e9t\u00e9 remis au ministre de l\u2019\u00c9nergie du Niger, repr\u00e9sent\u00e9 \u00e0 la c\u00e9r\u00e9monie.<\/p>\n<h3>Une \u00e9dition tourn\u00e9e vers l\u2019avenir<\/h3>\n<p>Il faut le rappeler, la 6e \u00e9dition de la SEERA est plac\u00e9e sous le th\u00e8me <em><strong>\u00ab Nexus agriculture-\u00e9nergie-eau : d\u00e9fis et opportunit\u00e9s \u00bb<\/strong><\/em>. A l&rsquo;ouverture de la soir\u00e9e, le pr\u00e9sident du comit\u00e9 d&rsquo;organisation a indiqu\u00e9 qu&rsquo;elle s&rsquo;ach\u00e8ve sur une note d&rsquo;unit\u00e9, d&rsquo;esp\u00e9rance, de d\u00e9termination. <em><strong>\u00ab Ensemble nous avons r\u00e9affirmer que la transition \u00e9nerg\u00e9tique africaine n&rsquo;est pas une utopie mais une r\u00e9alit\u00e9 en marche \u00bb,<\/strong><\/em> a-t-il appr\u00e9ci\u00e9.<\/p>\n<figure id=\"attachment_24821\" aria-describedby=\"caption-attachment-24821\" style=\"width: 2560px\" class=\"wp-caption aligncenter\"><a href=\"https:\/\/www.latribunedufaso.net\/wp-content\/uploads\/2025\/11\/IMG-20251109-WA0023.jpg\"><img loading=\"lazy\" decoding=\"async\" class=\"size-full wp-image-24821\" src=\"https:\/\/www.latribunedufaso.net\/wp-content\/uploads\/2025\/11\/IMG-20251109-WA0023.jpg\" alt=\"La nuit des distinctions de la SEERA 2025, 8 novembre 2025\" width=\"2560\" height=\"1927\" srcset=\"https:\/\/www.latribunedufaso.net\/wp-content\/uploads\/2025\/11\/IMG-20251109-WA0023.jpg 2560w, https:\/\/www.latribunedufaso.net\/wp-content\/uploads\/2025\/11\/IMG-20251109-WA0023-300x226.jpg 300w, https:\/\/www.latribunedufaso.net\/wp-content\/uploads\/2025\/11\/IMG-20251109-WA0023-1024x771.jpg 1024w, https:\/\/www.latribunedufaso.net\/wp-content\/uploads\/2025\/11\/IMG-20251109-WA0023-768x578.jpg 768w, https:\/\/www.latribunedufaso.net\/wp-content\/uploads\/2025\/11\/IMG-20251109-WA0023-1536x1156.jpg 1536w, https:\/\/www.latribunedufaso.net\/wp-content\/uploads\/2025\/11\/IMG-20251109-WA0023-2048x1542.jpg 2048w\" sizes=\"auto, (max-width: 2560px) 100vw, 2560px\" \/><\/a><figcaption id=\"caption-attachment-24821\" class=\"wp-caption-text\">Une vue des officiels \u00e0 la c\u00e9r\u00e9monie &#8211; Ph. A. Kiendrebeogo<\/figcaption><\/figure>\n<p><em><strong>\u00ab Continuons \u00e0 avancer, \u00e0 innover et \u00e0 coop\u00e9rer pour que l&rsquo;\u00e9nergie devienne le socle de d\u00e9veloppement durable, inclusif et Souveraine \u00bb<\/strong><\/em>, a t-il conclu.<\/p>\n<p><strong>Rosana Astride KIENDREBEOGO\u00a0<\/strong><\/p>\n<p><strong>Latribunedufaso.net<\/strong><\/p>\n","protected":false},"excerpt":{"rendered":"<p>La 6\u1d49 \u00e9dition de la Semaine des \u00e9nergies et \u00e9nergies renouvelables d\u2019Afrique (SEERA) a consacr\u00e9, ce 8 novembre 2025, une nuit de distinction aux acteurs et innovateurs du secteur \u00e9nerg\u00e9tique. La c\u00e9r\u00e9monie s\u2019est tenue \u00e0 la salle des f\u00eates de Ouaga 2000 \u00e0 Ouagadougou, sous la pr\u00e9sidence du Premier ministre, repr\u00e9sent\u00e9 par le ministre en charge de l&rsquo;Energie, Yacouba Gouba.<\/p>\n","protected":false},"author":5,"featured_media":24823,"comment_status":"open","ping_status":"open","sticky":false,"template":"","format":"standard","meta":{"footnotes":""},"categories":[13,1,20],"tags":[1551,421,39,1758,1730],"class_list":["post-24816","post","type-post","status-publish","format-standard","has-post-thumbnail","hentry","category-une","category-actu","category-energie","tag-energie-renouvelable","tag-energie-solaire","tag-latribunedufaso-net","tag-nuit-des-distinctions-seera","tag-semaine-des-energies-et-des-energies-renouvelables-dafrique-seera"],"yoast_head":"<!-- This site is optimized with the Yoast SEO plugin v27.4 - https:\/\/yoast.com\/product\/yoast-seo-wordpress\/ -->\n<title>SEERA 2025 : Trois projets innovants prim\u00e9s lors de la Nuit de distinction - La Tribune du Faso<\/title>\n<meta name=\"robots\" content=\"index, follow, max-snippet:-1, max-image-preview:large, max-video-preview:-1\" \/>\n<link rel=\"canonical\" href=\"https:\/\/www.latribunedufaso.net\/?p=24816\" \/>\n<meta property=\"og:locale\" content=\"fr_FR\" \/>\n<meta property=\"og:type\" content=\"article\" \/>\n<meta property=\"og:title\" content=\"SEERA 2025 : Trois projets innovants prim\u00e9s lors de la Nuit de distinction - La Tribune du Faso\" \/>\n<meta property=\"og:description\" content=\"La 6\u1d49 \u00e9dition de la Semaine des \u00e9nergies et \u00e9nergies renouvelables d\u2019Afrique (SEERA) a consacr\u00e9, ce 8 novembre 2025, une nuit de distinction aux acteurs et innovateurs du secteur \u00e9nerg\u00e9tique. La c\u00e9r\u00e9monie s\u2019est tenue \u00e0 la salle des f\u00eates de Ouaga 2000 \u00e0 Ouagadougou, sous la pr\u00e9sidence du Premier ministre, repr\u00e9sent\u00e9 par le ministre en charge de l&rsquo;Energie, Yacouba Gouba.\" \/>\n<meta property=\"og:url\" content=\"https:\/\/www.latribunedufaso.net\/?p=24816\" \/>\n<meta property=\"og:site_name\" content=\"La Tribune du Faso\" \/>\n<meta property=\"article:publisher\" content=\"https:\/\/www.facebook.com\/LatribuneduFaso\/\" \/>\n<meta property=\"article:published_time\" content=\"2025-11-09T09:43:38+00:00\" \/>\n<meta property=\"og:image\" content=\"https:\/\/www.latribunedufaso.net\/wp-content\/uploads\/2025\/11\/IMG-20251109-WA0019.jpg\" \/>\n\t<meta property=\"og:image:width\" content=\"2560\" \/>\n\t<meta property=\"og:image:height\" content=\"1927\" \/>\n\t<meta property=\"og:image:type\" content=\"image\/jpeg\" \/>\n<meta name=\"author\" content=\"Issouf Tapsoba\" \/>\n<meta name=\"twitter:label1\" content=\"\u00c9crit par\" \/>\n\t<meta name=\"twitter:data1\" content=\"Issouf Tapsoba\" \/>\n\t<meta name=\"twitter:label2\" content=\"Dur\u00e9e de lecture estim\u00e9e\" \/>\n\t<meta name=\"twitter:data2\" content=\"3 minutes\" \/>\n<script type=\"application\/ld+json\" class=\"yoast-schema-graph\">{\"@context\":\"https:\\\/\\\/schema.org\",\"@graph\":[{\"@type\":\"Article\",\"@id\":\"https:\\\/\\\/www.latribunedufaso.net\\\/?p=24816#article\",\"isPartOf\":{\"@id\":\"https:\\\/\\\/www.latribunedufaso.net\\\/?p=24816\"},\"author\":{\"name\":\"Issouf Tapsoba\",\"@id\":\"https:\\\/\\\/www.latribunedufaso.net\\\/#\\\/schema\\\/person\\\/e54e64c5778a7e72cf80a318b7a622b0\"},\"headline\":\"SEERA 2025 : Trois projets innovants prim\u00e9s lors de la Nuit de distinction\",\"datePublished\":\"2025-11-09T09:43:38+00:00\",\"mainEntityOfPage\":{\"@id\":\"https:\\\/\\\/www.latribunedufaso.net\\\/?p=24816\"},\"wordCount\":703,\"commentCount\":0,\"publisher\":{\"@id\":\"https:\\\/\\\/www.latribunedufaso.net\\\/#organization\"},\"image\":{\"@id\":\"https:\\\/\\\/www.latribunedufaso.net\\\/?p=24816#primaryimage\"},\"thumbnailUrl\":\"https:\\\/\\\/www.latribunedufaso.net\\\/wp-content\\\/uploads\\\/2025\\\/11\\\/IMG-20251109-WA0019.jpg\",\"keywords\":[\"\u00e9nergie renouvelable\",\"\u00c9nergie solaire\",\"latribunedufaso.net\",\"Nuit des distinctions SEERA\",\"Semaine des \u00c9nergies et des \u00c9nergies Renouvelables d\u2019Afrique (SEERA)\"],\"articleSection\":[\"A la une\",\"Actualit\u00e9\",\"Energie\"],\"inLanguage\":\"fr-FR\",\"potentialAction\":[{\"@type\":\"CommentAction\",\"name\":\"Comment\",\"target\":[\"https:\\\/\\\/www.latribunedufaso.net\\\/?p=24816#respond\"]}]},{\"@type\":\"WebPage\",\"@id\":\"https:\\\/\\\/www.latribunedufaso.net\\\/?p=24816\",\"url\":\"https:\\\/\\\/www.latribunedufaso.net\\\/?p=24816\",\"name\":\"SEERA 2025 : Trois projets innovants prim\u00e9s lors de la Nuit de distinction - La Tribune du Faso\",\"isPartOf\":{\"@id\":\"https:\\\/\\\/www.latribunedufaso.net\\\/#website\"},\"primaryImageOfPage\":{\"@id\":\"https:\\\/\\\/www.latribunedufaso.net\\\/?p=24816#primaryimage\"},\"image\":{\"@id\":\"https:\\\/\\\/www.latribunedufaso.net\\\/?p=24816#primaryimage\"},\"thumbnailUrl\":\"https:\\\/\\\/www.latribunedufaso.net\\\/wp-content\\\/uploads\\\/2025\\\/11\\\/IMG-20251109-WA0019.jpg\",\"datePublished\":\"2025-11-09T09:43:38+00:00\",\"breadcrumb\":{\"@id\":\"https:\\\/\\\/www.latribunedufaso.net\\\/?p=24816#breadcrumb\"},\"inLanguage\":\"fr-FR\",\"potentialAction\":[{\"@type\":\"ReadAction\",\"target\":[\"https:\\\/\\\/www.latribunedufaso.net\\\/?p=24816\"]}]},{\"@type\":\"ImageObject\",\"inLanguage\":\"fr-FR\",\"@id\":\"https:\\\/\\\/www.latribunedufaso.net\\\/?p=24816#primaryimage\",\"url\":\"https:\\\/\\\/www.latribunedufaso.net\\\/wp-content\\\/uploads\\\/2025\\\/11\\\/IMG-20251109-WA0019.jpg\",\"contentUrl\":\"https:\\\/\\\/www.latribunedufaso.net\\\/wp-content\\\/uploads\\\/2025\\\/11\\\/IMG-20251109-WA0019.jpg\",\"width\":2560,\"height\":1927,\"caption\":\"La nuit des distinctions de la SEERA 2025, 8 novembre 2025\"},{\"@type\":\"BreadcrumbList\",\"@id\":\"https:\\\/\\\/www.latribunedufaso.net\\\/?p=24816#breadcrumb\",\"itemListElement\":[{\"@type\":\"ListItem\",\"position\":1,\"name\":\"Accueil\",\"item\":\"https:\\\/\\\/www.latribunedufaso.net\\\/\"},{\"@type\":\"ListItem\",\"position\":2,\"name\":\"SEERA 2025 : Trois projets innovants prim\u00e9s lors de la Nuit de distinction\"}]},{\"@type\":\"WebSite\",\"@id\":\"https:\\\/\\\/www.latribunedufaso.net\\\/#website\",\"url\":\"https:\\\/\\\/www.latribunedufaso.net\\\/\",\"name\":\"La Tribune du Faso\",\"description\":\"L&#039;information du monde rural en un clic\",\"publisher\":{\"@id\":\"https:\\\/\\\/www.latribunedufaso.net\\\/#organization\"},\"potentialAction\":[{\"@type\":\"SearchAction\",\"target\":{\"@type\":\"EntryPoint\",\"urlTemplate\":\"https:\\\/\\\/www.latribunedufaso.net\\\/?s={search_term_string}\"},\"query-input\":{\"@type\":\"PropertyValueSpecification\",\"valueRequired\":true,\"valueName\":\"search_term_string\"}}],\"inLanguage\":\"fr-FR\"},{\"@type\":\"Organization\",\"@id\":\"https:\\\/\\\/www.latribunedufaso.net\\\/#organization\",\"name\":\"La Tribune du Faso\",\"url\":\"https:\\\/\\\/www.latribunedufaso.net\\\/\",\"logo\":{\"@type\":\"ImageObject\",\"inLanguage\":\"fr-FR\",\"@id\":\"https:\\\/\\\/www.latribunedufaso.net\\\/#\\\/schema\\\/logo\\\/image\\\/\",\"url\":\"https:\\\/\\\/www.latribunedufaso.net\\\/wp-content\\\/uploads\\\/2020\\\/08\\\/Logo-Tribune-du-Faso-final-scaled.jpg\",\"contentUrl\":\"https:\\\/\\\/www.latribunedufaso.net\\\/wp-content\\\/uploads\\\/2020\\\/08\\\/Logo-Tribune-du-Faso-final-scaled.jpg\",\"width\":2560,\"height\":1856,\"caption\":\"La Tribune du Faso\"},\"image\":{\"@id\":\"https:\\\/\\\/www.latribunedufaso.net\\\/#\\\/schema\\\/logo\\\/image\\\/\"},\"sameAs\":[\"https:\\\/\\\/www.facebook.com\\\/LatribuneduFaso\\\/\"]},{\"@type\":\"Person\",\"@id\":\"https:\\\/\\\/www.latribunedufaso.net\\\/#\\\/schema\\\/person\\\/e54e64c5778a7e72cf80a318b7a622b0\",\"name\":\"Issouf Tapsoba\",\"image\":{\"@type\":\"ImageObject\",\"inLanguage\":\"fr-FR\",\"@id\":\"https:\\\/\\\/secure.gravatar.com\\\/avatar\\\/5e6c05150ce3230247d167f5b94d678eb05936197436d69b7921e3a95c9107ac?s=96&d=mm&r=g\",\"url\":\"https:\\\/\\\/secure.gravatar.com\\\/avatar\\\/5e6c05150ce3230247d167f5b94d678eb05936197436d69b7921e3a95c9107ac?s=96&d=mm&r=g\",\"contentUrl\":\"https:\\\/\\\/secure.gravatar.com\\\/avatar\\\/5e6c05150ce3230247d167f5b94d678eb05936197436d69b7921e3a95c9107ac?s=96&d=mm&r=g\",\"caption\":\"Issouf Tapsoba\"},\"url\":\"https:\\\/\\\/www.latribunedufaso.net\\\/?author=5\"}]}<\/script>\n<!-- \/ Yoast SEO plugin. -->","yoast_head_json":{"title":"SEERA 2025 : Trois projets innovants prim\u00e9s lors de la Nuit de distinction - La Tribune du Faso","robots":{"index":"index","follow":"follow","max-snippet":"max-snippet:-1","max-image-preview":"max-image-preview:large","max-video-preview":"max-video-preview:-1"},"canonical":"https:\/\/www.latribunedufaso.net\/?p=24816","og_locale":"fr_FR","og_type":"article","og_title":"SEERA 2025 : Trois projets innovants prim\u00e9s lors de la Nuit de distinction - La Tribune du Faso","og_description":"La 6\u1d49 \u00e9dition de la Semaine des \u00e9nergies et \u00e9nergies renouvelables d\u2019Afrique (SEERA) a consacr\u00e9, ce 8 novembre 2025, une nuit de distinction aux acteurs et innovateurs du secteur \u00e9nerg\u00e9tique. La c\u00e9r\u00e9monie s\u2019est tenue \u00e0 la salle des f\u00eates de Ouaga 2000 \u00e0 Ouagadougou, sous la pr\u00e9sidence du Premier ministre, repr\u00e9sent\u00e9 par le ministre en charge de l&rsquo;Energie, Yacouba Gouba.","og_url":"https:\/\/www.latribunedufaso.net\/?p=24816","og_site_name":"La Tribune du Faso","article_publisher":"https:\/\/www.facebook.com\/LatribuneduFaso\/","article_published_time":"2025-11-09T09:43:38+00:00","og_image":[{"width":2560,"height":1927,"url":"https:\/\/www.latribunedufaso.net\/wp-content\/uploads\/2025\/11\/IMG-20251109-WA0019.jpg","type":"image\/jpeg"}],"author":"Issouf Tapsoba","twitter_misc":{"\u00c9crit par":"Issouf Tapsoba","Dur\u00e9e de lecture estim\u00e9e":"3 minutes"},"schema":{"@context":"https:\/\/schema.org","@graph":[{"@type":"Article","@id":"https:\/\/www.latribunedufaso.net\/?p=24816#article","isPartOf":{"@id":"https:\/\/www.latribunedufaso.net\/?p=24816"},"author":{"name":"Issouf Tapsoba","@id":"https:\/\/www.latribunedufaso.net\/#\/schema\/person\/e54e64c5778a7e72cf80a318b7a622b0"},"headline":"SEERA 2025 : Trois projets innovants prim\u00e9s lors de la Nuit de distinction","datePublished":"2025-11-09T09:43:38+00:00","mainEntityOfPage":{"@id":"https:\/\/www.latribunedufaso.net\/?p=24816"},"wordCount":703,"commentCount":0,"publisher":{"@id":"https:\/\/www.latribunedufaso.net\/#organization"},"image":{"@id":"https:\/\/www.latribunedufaso.net\/?p=24816#primaryimage"},"thumbnailUrl":"https:\/\/www.latribunedufaso.net\/wp-content\/uploads\/2025\/11\/IMG-20251109-WA0019.jpg","keywords":["\u00e9nergie renouvelable","\u00c9nergie solaire","latribunedufaso.net","Nuit des distinctions SEERA","Semaine des \u00c9nergies et des \u00c9nergies Renouvelables d\u2019Afrique (SEERA)"],"articleSection":["A la une","Actualit\u00e9","Energie"],"inLanguage":"fr-FR","potentialAction":[{"@type":"CommentAction","name":"Comment","target":["https:\/\/www.latribunedufaso.net\/?p=24816#respond"]}]},{"@type":"WebPage","@id":"https:\/\/www.latribunedufaso.net\/?p=24816","url":"https:\/\/www.latribunedufaso.net\/?p=24816","name":"SEERA 2025 : Trois projets innovants prim\u00e9s lors de la Nuit de distinction - La Tribune du Faso","isPartOf":{"@id":"https:\/\/www.latribunedufaso.net\/#website"},"primaryImageOfPage":{"@id":"https:\/\/www.latribunedufaso.net\/?p=24816#primaryimage"},"image":{"@id":"https:\/\/www.latribunedufaso.net\/?p=24816#primaryimage"},"thumbnailUrl":"https:\/\/www.latribunedufaso.net\/wp-content\/uploads\/2025\/11\/IMG-20251109-WA0019.jpg","datePublished":"2025-11-09T09:43:38+00:00","breadcrumb":{"@id":"https:\/\/www.latribunedufaso.net\/?p=24816#breadcrumb"},"inLanguage":"fr-FR","potentialAction":[{"@type":"ReadAction","target":["https:\/\/www.latribunedufaso.net\/?p=24816"]}]},{"@type":"ImageObject","inLanguage":"fr-FR","@id":"https:\/\/www.latribunedufaso.net\/?p=24816#primaryimage","url":"https:\/\/www.latribunedufaso.net\/wp-content\/uploads\/2025\/11\/IMG-20251109-WA0019.jpg","contentUrl":"https:\/\/www.latribunedufaso.net\/wp-content\/uploads\/2025\/11\/IMG-20251109-WA0019.jpg","width":2560,"height":1927,"caption":"La nuit des distinctions de la SEERA 2025, 8 novembre 2025"},{"@type":"BreadcrumbList","@id":"https:\/\/www.latribunedufaso.net\/?p=24816#breadcrumb","itemListElement":[{"@type":"ListItem","position":1,"name":"Accueil","item":"https:\/\/www.latribunedufaso.net\/"},{"@type":"ListItem","position":2,"name":"SEERA 2025 : Trois projets innovants prim\u00e9s lors de la Nuit de distinction"}]},{"@type":"WebSite","@id":"https:\/\/www.latribunedufaso.net\/#website","url":"https:\/\/www.latribunedufaso.net\/","name":"La Tribune du Faso","description":"L&#039;information du monde rural en un clic","publisher":{"@id":"https:\/\/www.latribunedufaso.net\/#organization"},"potentialAction":[{"@type":"SearchAction","target":{"@type":"EntryPoint","urlTemplate":"https:\/\/www.latribunedufaso.net\/?s={search_term_string}"},"query-input":{"@type":"PropertyValueSpecification","valueRequired":true,"valueName":"search_term_string"}}],"inLanguage":"fr-FR"},{"@type":"Organization","@id":"https:\/\/www.latribunedufaso.net\/#organization","name":"La Tribune du Faso","url":"https:\/\/www.latribunedufaso.net\/","logo":{"@type":"ImageObject","inLanguage":"fr-FR","@id":"https:\/\/www.latribunedufaso.net\/#\/schema\/logo\/image\/","url":"https:\/\/www.latribunedufaso.net\/wp-content\/uploads\/2020\/08\/Logo-Tribune-du-Faso-final-scaled.jpg","contentUrl":"https:\/\/www.latribunedufaso.net\/wp-content\/uploads\/2020\/08\/Logo-Tribune-du-Faso-final-scaled.jpg","width":2560,"height":1856,"caption":"La Tribune du Faso"},"image":{"@id":"https:\/\/www.latribunedufaso.net\/#\/schema\/logo\/image\/"},"sameAs":["https:\/\/www.facebook.com\/LatribuneduFaso\/"]},{"@type":"Person","@id":"https:\/\/www.latribunedufaso.net\/#\/schema\/person\/e54e64c5778a7e72cf80a318b7a622b0","name":"Issouf Tapsoba","image":{"@type":"ImageObject","inLanguage":"fr-FR","@id":"https:\/\/secure.gravatar.com\/avatar\/5e6c05150ce3230247d167f5b94d678eb05936197436d69b7921e3a95c9107ac?s=96&d=mm&r=g","url":"https:\/\/secure.gravatar.com\/avatar\/5e6c05150ce3230247d167f5b94d678eb05936197436d69b7921e3a95c9107ac?s=96&d=mm&r=g","contentUrl":"https:\/\/secure.gravatar.com\/avatar\/5e6c05150ce3230247d167f5b94d678eb05936197436d69b7921e3a95c9107ac?s=96&d=mm&r=g","caption":"Issouf Tapsoba"},"url":"https:\/\/www.latribunedufaso.net\/?author=5"}]}},"_links":{"self":[{"href":"https:\/\/www.latribunedufaso.net\/index.php?rest_route=\/wp\/v2\/posts\/24816","targetHints":{"allow":["GET"]}}],"collection":[{"href":"https:\/\/www.latribunedufaso.net\/index.php?rest_route=\/wp\/v2\/posts"}],"about":[{"href":"https:\/\/www.latribunedufaso.net\/index.php?rest_route=\/wp\/v2\/types\/post"}],"author":[{"embeddable":true,"href":"https:\/\/www.latribunedufaso.net\/index.php?rest_route=\/wp\/v2\/users\/5"}],"replies":[{"embeddable":true,"href":"https:\/\/www.latribunedufaso.net\/index.php?rest_route=%2Fwp%2Fv2%2Fcomments&post=24816"}],"version-history":[{"count":2,"href":"https:\/\/www.latribunedufaso.net\/index.php?rest_route=\/wp\/v2\/posts\/24816\/revisions"}],"predecessor-version":[{"id":24824,"href":"https:\/\/www.latribunedufaso.net\/index.php?rest_route=\/wp\/v2\/posts\/24816\/revisions\/24824"}],"wp:featuredmedia":[{"embeddable":true,"href":"https:\/\/www.latribunedufaso.net\/index.php?rest_route=\/wp\/v2\/media\/24823"}],"wp:attachment":[{"href":"https:\/\/www.latribunedufaso.net\/index.php?rest_route=%2Fwp%2Fv2%2Fmedia&parent=24816"}],"wp:term":[{"taxonomy":"category","embeddable":true,"href":"https:\/\/www.latribunedufaso.net\/index.php?rest_route=%2Fwp%2Fv2%2Fcategories&post=24816"},{"taxonomy":"post_tag","embeddable":true,"href":"https:\/\/www.latribunedufaso.net\/index.php?rest_route=%2Fwp%2Fv2%2Ftags&post=24816"}],"curies":[{"name":"wp","href":"https:\/\/api.w.org\/{rel}","templated":true}]}}