{"id":24810,"date":"2025-11-08T15:28:46","date_gmt":"2025-11-08T15:28:46","guid":{"rendered":"https:\/\/www.latribunedufaso.net\/?p=24810"},"modified":"2025-12-17T19:37:14","modified_gmt":"2025-12-17T19:37:14","slug":"seera-2025-lenergie-constitue-un-point-de-depart-et-le-point-final-pour-tout-processus-coherent-de-developpement-socio-economique-dixit-le-ministre-gouba","status":"publish","type":"post","link":"https:\/\/www.latribunedufaso.net\/?p=24810","title":{"rendered":"SEERA 2025 : \u00ab L\u2019\u00e9nergie constitue un point de d\u00e9part et le point final pour tout processus coh\u00e9rent de d\u00e9veloppement socio-\u00e9conomique \u00bb, dixit le Ministre Gouba"},"content":{"rendered":"<p><strong>Ce 7 novembre 2025 s&rsquo;est ouvert \u00e0 Ouagadougou, la 6\u00e8me Semaine des \u00c9nergies et \u00c9nergies Renouvelables d\u2019Afrique (SEERA). Elle est plac\u00e9e sous le th\u00e8me : <em>\u00ab Nexus Agriculture-\u00c9nergie-Eau : D\u00e9fis et Opportunit\u00e9s \u00bb. Organis\u00e9e par le minist\u00e8re charg\u00e9 de l&rsquo;Energie, <\/em>cette rencontre, pr\u00e9vu du 7 au 9 novembre 2025, met en lumi\u00e8re les interconnexions strat\u00e9giques entre les acteurs de l\u2019agriculture, de l\u2019\u00e9nergie et de l\u2019eau, et permettra d\u2019identifier les opportunit\u00e9s de collaboration et d\u2019investissement pour un d\u00e9veloppement durable et r\u00e9silient dans les pays du Sahel.<\/strong><!--more--><\/p>\n<p>A cette occasion, le ministre de l\u2019\u00c9nergie, des Mines et des Carri\u00e8res, Yacouba Zabr\u00e9 Gouba, a anim\u00e9 un panel de haut niveau. C\u2019\u00e9tait en pr\u00e9sence de son homologue du Niger, Pr Amadou Haoua et du ministre d\u00e9l\u00e9gu\u00e9 charg\u00e9 des Ressources animales Dr Amadou Dicko.\u00a0<\/p>\n<figure id=\"attachment_24814\" aria-describedby=\"caption-attachment-24814\" style=\"width: 1080px\" class=\"wp-caption aligncenter\"><a href=\"https:\/\/www.latribunedufaso.net\/wp-content\/uploads\/2025\/11\/IMG-20251108-WA0044.jpg\"><img loading=\"lazy\" decoding=\"async\" class=\"size-full wp-image-24814\" src=\"https:\/\/www.latribunedufaso.net\/wp-content\/uploads\/2025\/11\/IMG-20251108-WA0044.jpg\" alt=\"A l'occasion de la SEERA 2025, le ministre charg\u00e9 de l'Energie a anim\u00e9 un panel de haut niveau, 7 novembre 2025\" width=\"1080\" height=\"813\" srcset=\"https:\/\/www.latribunedufaso.net\/wp-content\/uploads\/2025\/11\/IMG-20251108-WA0044.jpg 1080w, https:\/\/www.latribunedufaso.net\/wp-content\/uploads\/2025\/11\/IMG-20251108-WA0044-300x226.jpg 300w, https:\/\/www.latribunedufaso.net\/wp-content\/uploads\/2025\/11\/IMG-20251108-WA0044-1024x771.jpg 1024w, https:\/\/www.latribunedufaso.net\/wp-content\/uploads\/2025\/11\/IMG-20251108-WA0044-768x578.jpg 768w\" sizes=\"auto, (max-width: 1080px) 100vw, 1080px\" \/><\/a><figcaption id=\"caption-attachment-24814\" class=\"wp-caption-text\">Le ministre charg\u00e9 de l&rsquo;Energie du Burkina, Yacouba Zabr\u00e9 Gouba a anim\u00e9 le panel de haut niveau &#8211; Ph. DR<\/figcaption><\/figure>\n<p>Dans son intervention, le ministre en charge de l\u2019Energie, Yacouba Zabr\u00e9 Gouba, a expliqu\u00e9 le r\u00f4le de l\u2019\u00e9nergie dans le d\u00e9veloppement socio-\u00e9conomique, la qualifiant de levier indispensable pour l\u2019agriculture, l\u2019industrialisation et l\u2019am\u00e9lioration du niveau de vie des populations. <em><strong>\u00ab\u202fL\u2019\u00e9nergie constitue un facteur de production essentiel, qui participe non seulement au rel\u00e8vement du niveau de vie, mais aussi \u00e0 la comp\u00e9titivit\u00e9 des entreprises. L\u2019\u00e9nergie est tr\u00e8s importante, elle constitue un point de d\u00e9part et le point final pour tout processus coh\u00e9rent de d\u00e9veloppement socio-\u00e9conomique \u00bb<\/strong><\/em>, a-t-il soulign\u00e9.<\/p>\n<figure id=\"attachment_24812\" aria-describedby=\"caption-attachment-24812\" style=\"width: 1080px\" class=\"wp-caption aligncenter\"><a href=\"https:\/\/www.latribunedufaso.net\/wp-content\/uploads\/2025\/11\/IMG-20251108-WA0043.jpg\"><img loading=\"lazy\" decoding=\"async\" class=\"size-full wp-image-24812\" src=\"https:\/\/www.latribunedufaso.net\/wp-content\/uploads\/2025\/11\/IMG-20251108-WA0043.jpg\" alt=\"A l'occasion de la SEERA 2025, le ministre charg\u00e9 de l'Energie a anim\u00e9 un panel de haut niveau, 7 novembre 2025\" width=\"1080\" height=\"813\" srcset=\"https:\/\/www.latribunedufaso.net\/wp-content\/uploads\/2025\/11\/IMG-20251108-WA0043.jpg 1080w, https:\/\/www.latribunedufaso.net\/wp-content\/uploads\/2025\/11\/IMG-20251108-WA0043-300x226.jpg 300w, https:\/\/www.latribunedufaso.net\/wp-content\/uploads\/2025\/11\/IMG-20251108-WA0043-1024x771.jpg 1024w, https:\/\/www.latribunedufaso.net\/wp-content\/uploads\/2025\/11\/IMG-20251108-WA0043-768x578.jpg 768w\" sizes=\"auto, (max-width: 1080px) 100vw, 1080px\" \/><\/a><figcaption id=\"caption-attachment-24812\" class=\"wp-caption-text\">Une vue des participants &#8211; Ph. N. Ouattara<\/figcaption><\/figure>\n<p>Aussi, le ministre Gouba a \u00e9galement rappel\u00e9 que la vision du gouvernement, port\u00e9e par le Pr\u00e9sident du Faso, le Capitaine Ibrahim Traor\u00e9, pr\u00f4ne un d\u00e9veloppement harmonieux <em><strong>\u00ab en phase avec les aspirations du peuple \u00bb<\/strong><\/em>. En effet, \u00e0 l\u2019 \u00e9couter, derri\u00e8re cette vision, certains secteurs comme l\u2019Agriculture, avec un accent particulier sur la s\u00e9curit\u00e9 alimentaire, l\u2019industrialisation et la souverainet\u00e9 sont prioritaires. <em><strong>\u00ab Il est important de renforcer notre souverainet\u00e9 \u00e9nerg\u00e9tique afin de disposer des infrastructures de production et de transport jusqu\u2019au dernier kilom\u00e8tre, en vue de connecter les m\u00e9nages et les industries et soutenir le d\u00e9veloppement \u00bb<\/strong><\/em>, a-t-il soulign\u00e9.\u00a0<\/p>\n<blockquote>\n<p>Lire aussi &gt;&gt; <a href=\"https:\/\/www.latribunedufaso.net\/?p=24782\">Transition \u00e9nerg\u00e9tique : Le minist\u00e8re de l\u2019\u00c9nergie mobilise les partenaires autour des opportunit\u00e9s d\u2019investissement (2025-2040)<\/a><\/p>\n<\/blockquote>\n<p>Le th\u00e8me de la 6\u00e8me Semaine nationale des \u00c9nergies et \u00c9nergies Renouvelables (SEERA) : <em><strong>\u00ab Nexus Agriculture-\u00c9nergie-Eau : D\u00e9fis et Opportunit\u00e9s \u00bb<\/strong><\/em> devra permettre des partages d\u2019exp\u00e9riences, de r\u00e9sultats de recherche et m\u00e9canismes pour renforcer l\u2019acc\u00e8s \u00e0 l\u2019\u00e9nergie et soutenir la comp\u00e9titivit\u00e9 des entreprises. Le ministre a appel\u00e9 \u00e0 une mobilisation des ressources, au transfert de technologies et \u00e0 l\u2019implication des chercheurs et partenaires pour acc\u00e9l\u00e9rer le d\u00e9veloppement \u00e9nerg\u00e9tique national.<\/p>\n<p><iframe loading=\"lazy\" width=\"560\" height=\"315\" src=\"https:\/\/www.youtube.com\/embed\/Q2dX06sgjRc?si=1lXQcKTpsmOQFKE5\" title=\"YouTube video player\" frameborder=\"0\" allow=\"accelerometer; autoplay; clipboard-write; encrypted-media; gyroscope; picture-in-picture; web-share\" referrerpolicy=\"strict-origin-when-cross-origin\" allowfullscreen><\/iframe><\/p>\n<p>Enfin, cl\u00f4turant son intervention, le ministre a pr\u00f4n\u00e9 une approche <em><strong>\u00ab holistique et interconnect\u00e9e<\/strong> <\/em>\u00bb entre agriculture, industrialisation et \u00e9nergie, afin de maximiser les retomb\u00e9es pour les populations.<\/p>\n<p><strong>Nabintou OUATTARA\u00a0<\/strong><\/p>\n<p><strong>Latribunedufaso.net\u00a0<\/strong><\/p>\n","protected":false},"excerpt":{"rendered":"<p>Ce 7 novembre 2025 s&rsquo;est ouvert \u00e0 Ouagadougou, la 6\u00e8me Semaine des \u00c9nergies et \u00c9nergies Renouvelables d\u2019Afrique (SEERA). Elle est plac\u00e9e sous le th\u00e8me : \u00ab Nexus Agriculture-\u00c9nergie-Eau : D\u00e9fis et Opportunit\u00e9s \u00bb. Organis\u00e9e par le minist\u00e8re charg\u00e9 de l&rsquo;Energie, cette rencontre, pr\u00e9vu du 7 au 9 novembre 2025, met en lumi\u00e8re les interconnexions strat\u00e9giques entre les acteurs de l\u2019agriculture, de l\u2019\u00e9nergie et de l\u2019eau, et permettra d\u2019identifier les opportunit\u00e9s de collaboration et d\u2019investissement pour un d\u00e9veloppement durable et r\u00e9silient dans les pays du Sahel.<\/p>\n","protected":false},"author":5,"featured_media":24813,"comment_status":"open","ping_status":"open","sticky":false,"template":"","format":"standard","meta":{"footnotes":""},"categories":[13,1,20],"tags":[1551,39,1730],"class_list":["post-24810","post","type-post","status-publish","format-standard","has-post-thumbnail","hentry","category-une","category-actu","category-energie","tag-energie-renouvelable","tag-latribunedufaso-net","tag-semaine-des-energies-et-des-energies-renouvelables-dafrique-seera"],"yoast_head":"<!-- This site is optimized with the Yoast SEO plugin v27.4 - https:\/\/yoast.com\/product\/yoast-seo-wordpress\/ -->\n<title>SEERA 2025 : \u00ab L\u2019\u00e9nergie constitue un point de d\u00e9part et le point final pour tout processus coh\u00e9rent de d\u00e9veloppement socio-\u00e9conomique \u00bb, dixit le Ministre Gouba - La Tribune du Faso<\/title>\n<meta name=\"robots\" content=\"index, follow, max-snippet:-1, max-image-preview:large, max-video-preview:-1\" \/>\n<link rel=\"canonical\" href=\"https:\/\/www.latribunedufaso.net\/?p=24810\" \/>\n<meta property=\"og:locale\" content=\"fr_FR\" \/>\n<meta property=\"og:type\" content=\"article\" \/>\n<meta property=\"og:title\" content=\"SEERA 2025 : \u00ab L\u2019\u00e9nergie constitue un point de d\u00e9part et le point final pour tout processus coh\u00e9rent de d\u00e9veloppement socio-\u00e9conomique \u00bb, dixit le Ministre Gouba - La Tribune du Faso\" \/>\n<meta property=\"og:description\" content=\"Ce 7 novembre 2025 s&rsquo;est ouvert \u00e0 Ouagadougou, la 6\u00e8me Semaine des \u00c9nergies et \u00c9nergies Renouvelables d\u2019Afrique (SEERA). Elle est plac\u00e9e sous le th\u00e8me : \u00ab Nexus Agriculture-\u00c9nergie-Eau : D\u00e9fis et Opportunit\u00e9s \u00bb. Organis\u00e9e par le minist\u00e8re charg\u00e9 de l&rsquo;Energie, cette rencontre, pr\u00e9vu du 7 au 9 novembre 2025, met en lumi\u00e8re les interconnexions strat\u00e9giques entre les acteurs de l\u2019agriculture, de l\u2019\u00e9nergie et de l\u2019eau, et permettra d\u2019identifier les opportunit\u00e9s de collaboration et d\u2019investissement pour un d\u00e9veloppement durable et r\u00e9silient dans les pays du Sahel.\" \/>\n<meta property=\"og:url\" content=\"https:\/\/www.latribunedufaso.net\/?p=24810\" \/>\n<meta property=\"og:site_name\" content=\"La Tribune du Faso\" \/>\n<meta property=\"article:publisher\" content=\"https:\/\/www.facebook.com\/LatribuneduFaso\/\" \/>\n<meta property=\"article:published_time\" content=\"2025-11-08T15:28:46+00:00\" \/>\n<meta property=\"article:modified_time\" content=\"2025-12-17T19:37:14+00:00\" \/>\n<meta property=\"og:image\" content=\"https:\/\/www.latribunedufaso.net\/wp-content\/uploads\/2025\/11\/IMG-20251108-WA0045.jpg\" \/>\n\t<meta property=\"og:image:width\" content=\"1080\" \/>\n\t<meta property=\"og:image:height\" content=\"813\" \/>\n\t<meta property=\"og:image:type\" content=\"image\/jpeg\" \/>\n<meta name=\"author\" content=\"Issouf Tapsoba\" \/>\n<meta name=\"twitter:label1\" content=\"\u00c9crit par\" \/>\n\t<meta name=\"twitter:data1\" content=\"Issouf Tapsoba\" \/>\n\t<meta name=\"twitter:label2\" content=\"Dur\u00e9e de lecture estim\u00e9e\" \/>\n\t<meta name=\"twitter:data2\" content=\"3 minutes\" \/>\n<script type=\"application\/ld+json\" class=\"yoast-schema-graph\">{\"@context\":\"https:\\\/\\\/schema.org\",\"@graph\":[{\"@type\":\"Article\",\"@id\":\"https:\\\/\\\/www.latribunedufaso.net\\\/?p=24810#article\",\"isPartOf\":{\"@id\":\"https:\\\/\\\/www.latribunedufaso.net\\\/?p=24810\"},\"author\":{\"name\":\"Issouf Tapsoba\",\"@id\":\"https:\\\/\\\/www.latribunedufaso.net\\\/#\\\/schema\\\/person\\\/e54e64c5778a7e72cf80a318b7a622b0\"},\"headline\":\"SEERA 2025 : \u00ab L\u2019\u00e9nergie constitue un point de d\u00e9part et le point final pour tout processus coh\u00e9rent de d\u00e9veloppement socio-\u00e9conomique \u00bb, dixit le Ministre Gouba\",\"datePublished\":\"2025-11-08T15:28:46+00:00\",\"dateModified\":\"2025-12-17T19:37:14+00:00\",\"mainEntityOfPage\":{\"@id\":\"https:\\\/\\\/www.latribunedufaso.net\\\/?p=24810\"},\"wordCount\":562,\"commentCount\":0,\"publisher\":{\"@id\":\"https:\\\/\\\/www.latribunedufaso.net\\\/#organization\"},\"image\":{\"@id\":\"https:\\\/\\\/www.latribunedufaso.net\\\/?p=24810#primaryimage\"},\"thumbnailUrl\":\"https:\\\/\\\/www.latribunedufaso.net\\\/wp-content\\\/uploads\\\/2025\\\/11\\\/IMG-20251108-WA0045.jpg\",\"keywords\":[\"\u00e9nergie renouvelable\",\"latribunedufaso.net\",\"Semaine des \u00c9nergies et des \u00c9nergies Renouvelables d\u2019Afrique (SEERA)\"],\"articleSection\":[\"A la une\",\"Actualit\u00e9\",\"Energie\"],\"inLanguage\":\"fr-FR\",\"potentialAction\":[{\"@type\":\"CommentAction\",\"name\":\"Comment\",\"target\":[\"https:\\\/\\\/www.latribunedufaso.net\\\/?p=24810#respond\"]}]},{\"@type\":\"WebPage\",\"@id\":\"https:\\\/\\\/www.latribunedufaso.net\\\/?p=24810\",\"url\":\"https:\\\/\\\/www.latribunedufaso.net\\\/?p=24810\",\"name\":\"SEERA 2025 : \u00ab L\u2019\u00e9nergie constitue un point de d\u00e9part et le point final pour tout processus coh\u00e9rent de d\u00e9veloppement socio-\u00e9conomique \u00bb, dixit le Ministre Gouba - La Tribune du Faso\",\"isPartOf\":{\"@id\":\"https:\\\/\\\/www.latribunedufaso.net\\\/#website\"},\"primaryImageOfPage\":{\"@id\":\"https:\\\/\\\/www.latribunedufaso.net\\\/?p=24810#primaryimage\"},\"image\":{\"@id\":\"https:\\\/\\\/www.latribunedufaso.net\\\/?p=24810#primaryimage\"},\"thumbnailUrl\":\"https:\\\/\\\/www.latribunedufaso.net\\\/wp-content\\\/uploads\\\/2025\\\/11\\\/IMG-20251108-WA0045.jpg\",\"datePublished\":\"2025-11-08T15:28:46+00:00\",\"dateModified\":\"2025-12-17T19:37:14+00:00\",\"breadcrumb\":{\"@id\":\"https:\\\/\\\/www.latribunedufaso.net\\\/?p=24810#breadcrumb\"},\"inLanguage\":\"fr-FR\",\"potentialAction\":[{\"@type\":\"ReadAction\",\"target\":[\"https:\\\/\\\/www.latribunedufaso.net\\\/?p=24810\"]}]},{\"@type\":\"ImageObject\",\"inLanguage\":\"fr-FR\",\"@id\":\"https:\\\/\\\/www.latribunedufaso.net\\\/?p=24810#primaryimage\",\"url\":\"https:\\\/\\\/www.latribunedufaso.net\\\/wp-content\\\/uploads\\\/2025\\\/11\\\/IMG-20251108-WA0045.jpg\",\"contentUrl\":\"https:\\\/\\\/www.latribunedufaso.net\\\/wp-content\\\/uploads\\\/2025\\\/11\\\/IMG-20251108-WA0045.jpg\",\"width\":1080,\"height\":813,\"caption\":\"A l'occasion de la SEERA 2025, le ministre charg\u00e9 de l'Energie a anim\u00e9 un panel de haut niveau, 7 novembre 2025\"},{\"@type\":\"BreadcrumbList\",\"@id\":\"https:\\\/\\\/www.latribunedufaso.net\\\/?p=24810#breadcrumb\",\"itemListElement\":[{\"@type\":\"ListItem\",\"position\":1,\"name\":\"Accueil\",\"item\":\"https:\\\/\\\/www.latribunedufaso.net\\\/\"},{\"@type\":\"ListItem\",\"position\":2,\"name\":\"SEERA 2025 : \u00ab L\u2019\u00e9nergie constitue un point de d\u00e9part et le point final pour tout processus coh\u00e9rent de d\u00e9veloppement socio-\u00e9conomique \u00bb, dixit le Ministre Gouba\"}]},{\"@type\":\"WebSite\",\"@id\":\"https:\\\/\\\/www.latribunedufaso.net\\\/#website\",\"url\":\"https:\\\/\\\/www.latribunedufaso.net\\\/\",\"name\":\"La Tribune du Faso\",\"description\":\"L&#039;information du monde rural en un clic\",\"publisher\":{\"@id\":\"https:\\\/\\\/www.latribunedufaso.net\\\/#organization\"},\"potentialAction\":[{\"@type\":\"SearchAction\",\"target\":{\"@type\":\"EntryPoint\",\"urlTemplate\":\"https:\\\/\\\/www.latribunedufaso.net\\\/?s={search_term_string}\"},\"query-input\":{\"@type\":\"PropertyValueSpecification\",\"valueRequired\":true,\"valueName\":\"search_term_string\"}}],\"inLanguage\":\"fr-FR\"},{\"@type\":\"Organization\",\"@id\":\"https:\\\/\\\/www.latribunedufaso.net\\\/#organization\",\"name\":\"La Tribune du Faso\",\"url\":\"https:\\\/\\\/www.latribunedufaso.net\\\/\",\"logo\":{\"@type\":\"ImageObject\",\"inLanguage\":\"fr-FR\",\"@id\":\"https:\\\/\\\/www.latribunedufaso.net\\\/#\\\/schema\\\/logo\\\/image\\\/\",\"url\":\"https:\\\/\\\/www.latribunedufaso.net\\\/wp-content\\\/uploads\\\/2020\\\/08\\\/Logo-Tribune-du-Faso-final-scaled.jpg\",\"contentUrl\":\"https:\\\/\\\/www.latribunedufaso.net\\\/wp-content\\\/uploads\\\/2020\\\/08\\\/Logo-Tribune-du-Faso-final-scaled.jpg\",\"width\":2560,\"height\":1856,\"caption\":\"La Tribune du Faso\"},\"image\":{\"@id\":\"https:\\\/\\\/www.latribunedufaso.net\\\/#\\\/schema\\\/logo\\\/image\\\/\"},\"sameAs\":[\"https:\\\/\\\/www.facebook.com\\\/LatribuneduFaso\\\/\"]},{\"@type\":\"Person\",\"@id\":\"https:\\\/\\\/www.latribunedufaso.net\\\/#\\\/schema\\\/person\\\/e54e64c5778a7e72cf80a318b7a622b0\",\"name\":\"Issouf Tapsoba\",\"image\":{\"@type\":\"ImageObject\",\"inLanguage\":\"fr-FR\",\"@id\":\"https:\\\/\\\/secure.gravatar.com\\\/avatar\\\/5e6c05150ce3230247d167f5b94d678eb05936197436d69b7921e3a95c9107ac?s=96&d=mm&r=g\",\"url\":\"https:\\\/\\\/secure.gravatar.com\\\/avatar\\\/5e6c05150ce3230247d167f5b94d678eb05936197436d69b7921e3a95c9107ac?s=96&d=mm&r=g\",\"contentUrl\":\"https:\\\/\\\/secure.gravatar.com\\\/avatar\\\/5e6c05150ce3230247d167f5b94d678eb05936197436d69b7921e3a95c9107ac?s=96&d=mm&r=g\",\"caption\":\"Issouf Tapsoba\"},\"url\":\"https:\\\/\\\/www.latribunedufaso.net\\\/?author=5\"}]}<\/script>\n<!-- \/ Yoast SEO plugin. -->","yoast_head_json":{"title":"SEERA 2025 : \u00ab L\u2019\u00e9nergie constitue un point de d\u00e9part et le point final pour tout processus coh\u00e9rent de d\u00e9veloppement socio-\u00e9conomique \u00bb, dixit le Ministre Gouba - La Tribune du Faso","robots":{"index":"index","follow":"follow","max-snippet":"max-snippet:-1","max-image-preview":"max-image-preview:large","max-video-preview":"max-video-preview:-1"},"canonical":"https:\/\/www.latribunedufaso.net\/?p=24810","og_locale":"fr_FR","og_type":"article","og_title":"SEERA 2025 : \u00ab L\u2019\u00e9nergie constitue un point de d\u00e9part et le point final pour tout processus coh\u00e9rent de d\u00e9veloppement socio-\u00e9conomique \u00bb, dixit le Ministre Gouba - La Tribune du Faso","og_description":"Ce 7 novembre 2025 s&rsquo;est ouvert \u00e0 Ouagadougou, la 6\u00e8me Semaine des \u00c9nergies et \u00c9nergies Renouvelables d\u2019Afrique (SEERA). Elle est plac\u00e9e sous le th\u00e8me : \u00ab Nexus Agriculture-\u00c9nergie-Eau : D\u00e9fis et Opportunit\u00e9s \u00bb. Organis\u00e9e par le minist\u00e8re charg\u00e9 de l&rsquo;Energie, cette rencontre, pr\u00e9vu du 7 au 9 novembre 2025, met en lumi\u00e8re les interconnexions strat\u00e9giques entre les acteurs de l\u2019agriculture, de l\u2019\u00e9nergie et de l\u2019eau, et permettra d\u2019identifier les opportunit\u00e9s de collaboration et d\u2019investissement pour un d\u00e9veloppement durable et r\u00e9silient dans les pays du Sahel.","og_url":"https:\/\/www.latribunedufaso.net\/?p=24810","og_site_name":"La Tribune du Faso","article_publisher":"https:\/\/www.facebook.com\/LatribuneduFaso\/","article_published_time":"2025-11-08T15:28:46+00:00","article_modified_time":"2025-12-17T19:37:14+00:00","og_image":[{"width":1080,"height":813,"url":"https:\/\/www.latribunedufaso.net\/wp-content\/uploads\/2025\/11\/IMG-20251108-WA0045.jpg","type":"image\/jpeg"}],"author":"Issouf Tapsoba","twitter_misc":{"\u00c9crit par":"Issouf Tapsoba","Dur\u00e9e de lecture estim\u00e9e":"3 minutes"},"schema":{"@context":"https:\/\/schema.org","@graph":[{"@type":"Article","@id":"https:\/\/www.latribunedufaso.net\/?p=24810#article","isPartOf":{"@id":"https:\/\/www.latribunedufaso.net\/?p=24810"},"author":{"name":"Issouf Tapsoba","@id":"https:\/\/www.latribunedufaso.net\/#\/schema\/person\/e54e64c5778a7e72cf80a318b7a622b0"},"headline":"SEERA 2025 : \u00ab L\u2019\u00e9nergie constitue un point de d\u00e9part et le point final pour tout processus coh\u00e9rent de d\u00e9veloppement socio-\u00e9conomique \u00bb, dixit le Ministre Gouba","datePublished":"2025-11-08T15:28:46+00:00","dateModified":"2025-12-17T19:37:14+00:00","mainEntityOfPage":{"@id":"https:\/\/www.latribunedufaso.net\/?p=24810"},"wordCount":562,"commentCount":0,"publisher":{"@id":"https:\/\/www.latribunedufaso.net\/#organization"},"image":{"@id":"https:\/\/www.latribunedufaso.net\/?p=24810#primaryimage"},"thumbnailUrl":"https:\/\/www.latribunedufaso.net\/wp-content\/uploads\/2025\/11\/IMG-20251108-WA0045.jpg","keywords":["\u00e9nergie renouvelable","latribunedufaso.net","Semaine des \u00c9nergies et des \u00c9nergies Renouvelables d\u2019Afrique (SEERA)"],"articleSection":["A la une","Actualit\u00e9","Energie"],"inLanguage":"fr-FR","potentialAction":[{"@type":"CommentAction","name":"Comment","target":["https:\/\/www.latribunedufaso.net\/?p=24810#respond"]}]},{"@type":"WebPage","@id":"https:\/\/www.latribunedufaso.net\/?p=24810","url":"https:\/\/www.latribunedufaso.net\/?p=24810","name":"SEERA 2025 : \u00ab L\u2019\u00e9nergie constitue un point de d\u00e9part et le point final pour tout processus coh\u00e9rent de d\u00e9veloppement socio-\u00e9conomique \u00bb, dixit le Ministre Gouba - La Tribune du Faso","isPartOf":{"@id":"https:\/\/www.latribunedufaso.net\/#website"},"primaryImageOfPage":{"@id":"https:\/\/www.latribunedufaso.net\/?p=24810#primaryimage"},"image":{"@id":"https:\/\/www.latribunedufaso.net\/?p=24810#primaryimage"},"thumbnailUrl":"https:\/\/www.latribunedufaso.net\/wp-content\/uploads\/2025\/11\/IMG-20251108-WA0045.jpg","datePublished":"2025-11-08T15:28:46+00:00","dateModified":"2025-12-17T19:37:14+00:00","breadcrumb":{"@id":"https:\/\/www.latribunedufaso.net\/?p=24810#breadcrumb"},"inLanguage":"fr-FR","potentialAction":[{"@type":"ReadAction","target":["https:\/\/www.latribunedufaso.net\/?p=24810"]}]},{"@type":"ImageObject","inLanguage":"fr-FR","@id":"https:\/\/www.latribunedufaso.net\/?p=24810#primaryimage","url":"https:\/\/www.latribunedufaso.net\/wp-content\/uploads\/2025\/11\/IMG-20251108-WA0045.jpg","contentUrl":"https:\/\/www.latribunedufaso.net\/wp-content\/uploads\/2025\/11\/IMG-20251108-WA0045.jpg","width":1080,"height":813,"caption":"A l'occasion de la SEERA 2025, le ministre charg\u00e9 de l'Energie a anim\u00e9 un panel de haut niveau, 7 novembre 2025"},{"@type":"BreadcrumbList","@id":"https:\/\/www.latribunedufaso.net\/?p=24810#breadcrumb","itemListElement":[{"@type":"ListItem","position":1,"name":"Accueil","item":"https:\/\/www.latribunedufaso.net\/"},{"@type":"ListItem","position":2,"name":"SEERA 2025 : \u00ab L\u2019\u00e9nergie constitue un point de d\u00e9part et le point final pour tout processus coh\u00e9rent de d\u00e9veloppement socio-\u00e9conomique \u00bb, dixit le Ministre Gouba"}]},{"@type":"WebSite","@id":"https:\/\/www.latribunedufaso.net\/#website","url":"https:\/\/www.latribunedufaso.net\/","name":"La Tribune du Faso","description":"L&#039;information du monde rural en un clic","publisher":{"@id":"https:\/\/www.latribunedufaso.net\/#organization"},"potentialAction":[{"@type":"SearchAction","target":{"@type":"EntryPoint","urlTemplate":"https:\/\/www.latribunedufaso.net\/?s={search_term_string}"},"query-input":{"@type":"PropertyValueSpecification","valueRequired":true,"valueName":"search_term_string"}}],"inLanguage":"fr-FR"},{"@type":"Organization","@id":"https:\/\/www.latribunedufaso.net\/#organization","name":"La Tribune du Faso","url":"https:\/\/www.latribunedufaso.net\/","logo":{"@type":"ImageObject","inLanguage":"fr-FR","@id":"https:\/\/www.latribunedufaso.net\/#\/schema\/logo\/image\/","url":"https:\/\/www.latribunedufaso.net\/wp-content\/uploads\/2020\/08\/Logo-Tribune-du-Faso-final-scaled.jpg","contentUrl":"https:\/\/www.latribunedufaso.net\/wp-content\/uploads\/2020\/08\/Logo-Tribune-du-Faso-final-scaled.jpg","width":2560,"height":1856,"caption":"La Tribune du Faso"},"image":{"@id":"https:\/\/www.latribunedufaso.net\/#\/schema\/logo\/image\/"},"sameAs":["https:\/\/www.facebook.com\/LatribuneduFaso\/"]},{"@type":"Person","@id":"https:\/\/www.latribunedufaso.net\/#\/schema\/person\/e54e64c5778a7e72cf80a318b7a622b0","name":"Issouf Tapsoba","image":{"@type":"ImageObject","inLanguage":"fr-FR","@id":"https:\/\/secure.gravatar.com\/avatar\/5e6c05150ce3230247d167f5b94d678eb05936197436d69b7921e3a95c9107ac?s=96&d=mm&r=g","url":"https:\/\/secure.gravatar.com\/avatar\/5e6c05150ce3230247d167f5b94d678eb05936197436d69b7921e3a95c9107ac?s=96&d=mm&r=g","contentUrl":"https:\/\/secure.gravatar.com\/avatar\/5e6c05150ce3230247d167f5b94d678eb05936197436d69b7921e3a95c9107ac?s=96&d=mm&r=g","caption":"Issouf Tapsoba"},"url":"https:\/\/www.latribunedufaso.net\/?author=5"}]}},"_links":{"self":[{"href":"https:\/\/www.latribunedufaso.net\/index.php?rest_route=\/wp\/v2\/posts\/24810","targetHints":{"allow":["GET"]}}],"collection":[{"href":"https:\/\/www.latribunedufaso.net\/index.php?rest_route=\/wp\/v2\/posts"}],"about":[{"href":"https:\/\/www.latribunedufaso.net\/index.php?rest_route=\/wp\/v2\/types\/post"}],"author":[{"embeddable":true,"href":"https:\/\/www.latribunedufaso.net\/index.php?rest_route=\/wp\/v2\/users\/5"}],"replies":[{"embeddable":true,"href":"https:\/\/www.latribunedufaso.net\/index.php?rest_route=%2Fwp%2Fv2%2Fcomments&post=24810"}],"version-history":[{"count":3,"href":"https:\/\/www.latribunedufaso.net\/index.php?rest_route=\/wp\/v2\/posts\/24810\/revisions"}],"predecessor-version":[{"id":25881,"href":"https:\/\/www.latribunedufaso.net\/index.php?rest_route=\/wp\/v2\/posts\/24810\/revisions\/25881"}],"wp:featuredmedia":[{"embeddable":true,"href":"https:\/\/www.latribunedufaso.net\/index.php?rest_route=\/wp\/v2\/media\/24813"}],"wp:attachment":[{"href":"https:\/\/www.latribunedufaso.net\/index.php?rest_route=%2Fwp%2Fv2%2Fmedia&parent=24810"}],"wp:term":[{"taxonomy":"category","embeddable":true,"href":"https:\/\/www.latribunedufaso.net\/index.php?rest_route=%2Fwp%2Fv2%2Fcategories&post=24810"},{"taxonomy":"post_tag","embeddable":true,"href":"https:\/\/www.latribunedufaso.net\/index.php?rest_route=%2Fwp%2Fv2%2Ftags&post=24810"}],"curies":[{"name":"wp","href":"https:\/\/api.w.org\/{rel}","templated":true}]}}