{"id":24744,"date":"2025-11-06T09:58:29","date_gmt":"2025-11-06T09:58:29","guid":{"rendered":"https:\/\/www.latribunedufaso.net\/?p=24744"},"modified":"2025-11-06T09:58:29","modified_gmt":"2025-11-06T09:58:29","slug":"accident-de-la-route-une-baisse-des-deces-enregistree-en-octobre-2025-passant-de-89-a-69","status":"publish","type":"post","link":"https:\/\/www.latribunedufaso.net\/?p=24744","title":{"rendered":"Accident de la route : Une baisse des d\u00e9c\u00e8s enregistr\u00e9e en octobre 2025 (passant de 89 \u00e0 69)"},"content":{"rendered":"<p><strong>L\u2019Office national de la s\u00e9curit\u00e9 routi\u00e8re (ONASER) a pr\u00e9sent\u00e9, le lundi 3 novembre 2025, au Ministre de la S\u00e9curit\u00e9, les statistiques des accidents de la circulation enregistr\u00e9s au mois d\u2019octobre 2025.<\/strong><!--more--><\/p>\n<p>\u200eIl ressort de ce rapport que 1 895 accidents ont \u00e9t\u00e9 enregistr\u00e9s en ce mois d\u2019octobre, contre 1 894 en septembre dernier.<\/p>\n<p>\u200eLe nombre de bless\u00e9s est pass\u00e9 de 1 395 \u00e0 1 386, tandis que le nombre de d\u00e9c\u00e8s a connu une baisse notable, passant de 82 \u00e0 69 sur la m\u00eame p\u00e9riode.<\/p>\n<p>\u200eCes chiffres traduisent une stabilisation du nombre d\u2019accidents et une r\u00e9duction du taux de mortalit\u00e9 routi\u00e8re, selon l&rsquo;office.<\/p>\n<p>\u200eToutefois, l\u2019ONASER invite l\u2019ensemble des usagers de la route \u00e0 faire preuve d\u2019une vigilance accrue, notamment en cette p\u00e9riode de fin d\u2019ann\u00e9e caract\u00e9ris\u00e9e par une forte mobilit\u00e9.<\/p>\n<p><strong>Latribunedufaso.net<\/strong><\/p>\n<p><strong>Source : DCRP-MSECU<\/strong><\/p>\n","protected":false},"excerpt":{"rendered":"<p>L\u2019Office national de la s\u00e9curit\u00e9 routi\u00e8re (ONASER) a pr\u00e9sent\u00e9, le lundi 3 novembre 2025, au Ministre de la S\u00e9curit\u00e9, les statistiques des accidents de la circulation enregistr\u00e9s au mois d\u2019octobre 2025.<\/p>\n","protected":false},"author":5,"featured_media":498,"comment_status":"open","ping_status":"open","sticky":false,"template":"","format":"standard","meta":{"footnotes":""},"categories":[13,1,22],"tags":[39,434,161],"class_list":["post-24744","post","type-post","status-publish","format-standard","has-post-thumbnail","hentry","category-une","category-actu","category-securite-routiere","tag-latribunedufaso-net","tag-onaser","tag-securite-routiere"],"yoast_head":"<!-- This site is optimized with the Yoast SEO plugin v27.5 - https:\/\/yoast.com\/product\/yoast-seo-wordpress\/ -->\n<title>Accident de la route : Une baisse des d\u00e9c\u00e8s enregistr\u00e9e en octobre 2025 (passant de 89 \u00e0 69) - La Tribune du Faso<\/title>\n<meta name=\"robots\" content=\"index, follow, max-snippet:-1, max-image-preview:large, max-video-preview:-1\" \/>\n<link rel=\"canonical\" href=\"https:\/\/www.latribunedufaso.net\/?p=24744\" \/>\n<meta property=\"og:locale\" content=\"fr_FR\" \/>\n<meta property=\"og:type\" content=\"article\" \/>\n<meta property=\"og:title\" content=\"Accident de la route : Une baisse des d\u00e9c\u00e8s enregistr\u00e9e en octobre 2025 (passant de 89 \u00e0 69) - La Tribune du Faso\" \/>\n<meta property=\"og:description\" content=\"L\u2019Office national de la s\u00e9curit\u00e9 routi\u00e8re (ONASER) a pr\u00e9sent\u00e9, le lundi 3 novembre 2025, au Ministre de la S\u00e9curit\u00e9, les statistiques des accidents de la circulation enregistr\u00e9s au mois d\u2019octobre 2025.\" \/>\n<meta property=\"og:url\" content=\"https:\/\/www.latribunedufaso.net\/?p=24744\" \/>\n<meta property=\"og:site_name\" content=\"La Tribune du Faso\" \/>\n<meta property=\"article:publisher\" content=\"https:\/\/www.facebook.com\/LatribuneduFaso\/\" \/>\n<meta property=\"article:published_time\" content=\"2025-11-06T09:58:29+00:00\" \/>\n<meta property=\"og:image\" content=\"https:\/\/www.latribunedufaso.net\/wp-content\/uploads\/2019\/10\/Apercu-dun-accident-de-la-route.-Photo-\u00a9DR.jpg\" \/>\n\t<meta property=\"og:image:width\" content=\"640\" \/>\n\t<meta property=\"og:image:height\" content=\"350\" \/>\n\t<meta property=\"og:image:type\" content=\"image\/jpeg\" \/>\n<meta name=\"author\" content=\"Issouf Tapsoba\" \/>\n<meta name=\"twitter:label1\" content=\"\u00c9crit par\" \/>\n\t<meta name=\"twitter:data1\" content=\"Issouf Tapsoba\" \/>\n\t<meta name=\"twitter:label2\" content=\"Dur\u00e9e de lecture estim\u00e9e\" \/>\n\t<meta name=\"twitter:data2\" content=\"1 minute\" \/>\n<script type=\"application\/ld+json\" class=\"yoast-schema-graph\">{\"@context\":\"https:\\\/\\\/schema.org\",\"@graph\":[{\"@type\":\"Article\",\"@id\":\"https:\\\/\\\/www.latribunedufaso.net\\\/?p=24744#article\",\"isPartOf\":{\"@id\":\"https:\\\/\\\/www.latribunedufaso.net\\\/?p=24744\"},\"author\":{\"name\":\"Issouf Tapsoba\",\"@id\":\"https:\\\/\\\/www.latribunedufaso.net\\\/#\\\/schema\\\/person\\\/e54e64c5778a7e72cf80a318b7a622b0\"},\"headline\":\"Accident de la route : Une baisse des d\u00e9c\u00e8s enregistr\u00e9e en octobre 2025 (passant de 89 \u00e0 69)\",\"datePublished\":\"2025-11-06T09:58:29+00:00\",\"mainEntityOfPage\":{\"@id\":\"https:\\\/\\\/www.latribunedufaso.net\\\/?p=24744\"},\"wordCount\":160,\"commentCount\":0,\"publisher\":{\"@id\":\"https:\\\/\\\/www.latribunedufaso.net\\\/#organization\"},\"image\":{\"@id\":\"https:\\\/\\\/www.latribunedufaso.net\\\/?p=24744#primaryimage\"},\"thumbnailUrl\":\"https:\\\/\\\/www.latribunedufaso.net\\\/wp-content\\\/uploads\\\/2019\\\/10\\\/Apercu-dun-accident-de-la-route.-Photo-\u00a9DR.jpg\",\"keywords\":[\"latribunedufaso.net\",\"ONASER\",\"S\u00e9curit\u00e9 routi\u00e8re\"],\"articleSection\":[\"A la une\",\"Actualit\u00e9\",\"S\u00e9curit\u00e9 routi\u00e8re\"],\"inLanguage\":\"fr-FR\",\"potentialAction\":[{\"@type\":\"CommentAction\",\"name\":\"Comment\",\"target\":[\"https:\\\/\\\/www.latribunedufaso.net\\\/?p=24744#respond\"]}]},{\"@type\":\"WebPage\",\"@id\":\"https:\\\/\\\/www.latribunedufaso.net\\\/?p=24744\",\"url\":\"https:\\\/\\\/www.latribunedufaso.net\\\/?p=24744\",\"name\":\"Accident de la route : Une baisse des d\u00e9c\u00e8s enregistr\u00e9e en octobre 2025 (passant de 89 \u00e0 69) - La Tribune du Faso\",\"isPartOf\":{\"@id\":\"https:\\\/\\\/www.latribunedufaso.net\\\/#website\"},\"primaryImageOfPage\":{\"@id\":\"https:\\\/\\\/www.latribunedufaso.net\\\/?p=24744#primaryimage\"},\"image\":{\"@id\":\"https:\\\/\\\/www.latribunedufaso.net\\\/?p=24744#primaryimage\"},\"thumbnailUrl\":\"https:\\\/\\\/www.latribunedufaso.net\\\/wp-content\\\/uploads\\\/2019\\\/10\\\/Apercu-dun-accident-de-la-route.-Photo-\u00a9DR.jpg\",\"datePublished\":\"2025-11-06T09:58:29+00:00\",\"breadcrumb\":{\"@id\":\"https:\\\/\\\/www.latribunedufaso.net\\\/?p=24744#breadcrumb\"},\"inLanguage\":\"fr-FR\",\"potentialAction\":[{\"@type\":\"ReadAction\",\"target\":[\"https:\\\/\\\/www.latribunedufaso.net\\\/?p=24744\"]}]},{\"@type\":\"ImageObject\",\"inLanguage\":\"fr-FR\",\"@id\":\"https:\\\/\\\/www.latribunedufaso.net\\\/?p=24744#primaryimage\",\"url\":\"https:\\\/\\\/www.latribunedufaso.net\\\/wp-content\\\/uploads\\\/2019\\\/10\\\/Apercu-dun-accident-de-la-route.-Photo-\u00a9DR.jpg\",\"contentUrl\":\"https:\\\/\\\/www.latribunedufaso.net\\\/wp-content\\\/uploads\\\/2019\\\/10\\\/Apercu-dun-accident-de-la-route.-Photo-\u00a9DR.jpg\",\"width\":640,\"height\":350},{\"@type\":\"BreadcrumbList\",\"@id\":\"https:\\\/\\\/www.latribunedufaso.net\\\/?p=24744#breadcrumb\",\"itemListElement\":[{\"@type\":\"ListItem\",\"position\":1,\"name\":\"Accueil\",\"item\":\"https:\\\/\\\/www.latribunedufaso.net\\\/\"},{\"@type\":\"ListItem\",\"position\":2,\"name\":\"Accident de la route : Une baisse des d\u00e9c\u00e8s enregistr\u00e9e en octobre 2025 (passant de 89 \u00e0 69)\"}]},{\"@type\":\"WebSite\",\"@id\":\"https:\\\/\\\/www.latribunedufaso.net\\\/#website\",\"url\":\"https:\\\/\\\/www.latribunedufaso.net\\\/\",\"name\":\"La Tribune du Faso\",\"description\":\"L&#039;information du monde rural en un clic\",\"publisher\":{\"@id\":\"https:\\\/\\\/www.latribunedufaso.net\\\/#organization\"},\"potentialAction\":[{\"@type\":\"SearchAction\",\"target\":{\"@type\":\"EntryPoint\",\"urlTemplate\":\"https:\\\/\\\/www.latribunedufaso.net\\\/?s={search_term_string}\"},\"query-input\":{\"@type\":\"PropertyValueSpecification\",\"valueRequired\":true,\"valueName\":\"search_term_string\"}}],\"inLanguage\":\"fr-FR\"},{\"@type\":\"Organization\",\"@id\":\"https:\\\/\\\/www.latribunedufaso.net\\\/#organization\",\"name\":\"La Tribune du Faso\",\"url\":\"https:\\\/\\\/www.latribunedufaso.net\\\/\",\"logo\":{\"@type\":\"ImageObject\",\"inLanguage\":\"fr-FR\",\"@id\":\"https:\\\/\\\/www.latribunedufaso.net\\\/#\\\/schema\\\/logo\\\/image\\\/\",\"url\":\"https:\\\/\\\/www.latribunedufaso.net\\\/wp-content\\\/uploads\\\/2020\\\/08\\\/Logo-Tribune-du-Faso-final-scaled.jpg\",\"contentUrl\":\"https:\\\/\\\/www.latribunedufaso.net\\\/wp-content\\\/uploads\\\/2020\\\/08\\\/Logo-Tribune-du-Faso-final-scaled.jpg\",\"width\":2560,\"height\":1856,\"caption\":\"La Tribune du Faso\"},\"image\":{\"@id\":\"https:\\\/\\\/www.latribunedufaso.net\\\/#\\\/schema\\\/logo\\\/image\\\/\"},\"sameAs\":[\"https:\\\/\\\/www.facebook.com\\\/LatribuneduFaso\\\/\"]},{\"@type\":\"Person\",\"@id\":\"https:\\\/\\\/www.latribunedufaso.net\\\/#\\\/schema\\\/person\\\/e54e64c5778a7e72cf80a318b7a622b0\",\"name\":\"Issouf Tapsoba\",\"image\":{\"@type\":\"ImageObject\",\"inLanguage\":\"fr-FR\",\"@id\":\"https:\\\/\\\/secure.gravatar.com\\\/avatar\\\/5e6c05150ce3230247d167f5b94d678eb05936197436d69b7921e3a95c9107ac?s=96&d=mm&r=g\",\"url\":\"https:\\\/\\\/secure.gravatar.com\\\/avatar\\\/5e6c05150ce3230247d167f5b94d678eb05936197436d69b7921e3a95c9107ac?s=96&d=mm&r=g\",\"contentUrl\":\"https:\\\/\\\/secure.gravatar.com\\\/avatar\\\/5e6c05150ce3230247d167f5b94d678eb05936197436d69b7921e3a95c9107ac?s=96&d=mm&r=g\",\"caption\":\"Issouf Tapsoba\"},\"url\":\"https:\\\/\\\/www.latribunedufaso.net\\\/?author=5\"}]}<\/script>\n<!-- \/ Yoast SEO plugin. -->","yoast_head_json":{"title":"Accident de la route : Une baisse des d\u00e9c\u00e8s enregistr\u00e9e en octobre 2025 (passant de 89 \u00e0 69) - La Tribune du Faso","robots":{"index":"index","follow":"follow","max-snippet":"max-snippet:-1","max-image-preview":"max-image-preview:large","max-video-preview":"max-video-preview:-1"},"canonical":"https:\/\/www.latribunedufaso.net\/?p=24744","og_locale":"fr_FR","og_type":"article","og_title":"Accident de la route : Une baisse des d\u00e9c\u00e8s enregistr\u00e9e en octobre 2025 (passant de 89 \u00e0 69) - La Tribune du Faso","og_description":"L\u2019Office national de la s\u00e9curit\u00e9 routi\u00e8re (ONASER) a pr\u00e9sent\u00e9, le lundi 3 novembre 2025, au Ministre de la S\u00e9curit\u00e9, les statistiques des accidents de la circulation enregistr\u00e9s au mois d\u2019octobre 2025.","og_url":"https:\/\/www.latribunedufaso.net\/?p=24744","og_site_name":"La Tribune du Faso","article_publisher":"https:\/\/www.facebook.com\/LatribuneduFaso\/","article_published_time":"2025-11-06T09:58:29+00:00","og_image":[{"width":640,"height":350,"url":"https:\/\/www.latribunedufaso.net\/wp-content\/uploads\/2019\/10\/Apercu-dun-accident-de-la-route.-Photo-\u00a9DR.jpg","type":"image\/jpeg"}],"author":"Issouf Tapsoba","twitter_misc":{"\u00c9crit par":"Issouf Tapsoba","Dur\u00e9e de lecture estim\u00e9e":"1 minute"},"schema":{"@context":"https:\/\/schema.org","@graph":[{"@type":"Article","@id":"https:\/\/www.latribunedufaso.net\/?p=24744#article","isPartOf":{"@id":"https:\/\/www.latribunedufaso.net\/?p=24744"},"author":{"name":"Issouf Tapsoba","@id":"https:\/\/www.latribunedufaso.net\/#\/schema\/person\/e54e64c5778a7e72cf80a318b7a622b0"},"headline":"Accident de la route : Une baisse des d\u00e9c\u00e8s enregistr\u00e9e en octobre 2025 (passant de 89 \u00e0 69)","datePublished":"2025-11-06T09:58:29+00:00","mainEntityOfPage":{"@id":"https:\/\/www.latribunedufaso.net\/?p=24744"},"wordCount":160,"commentCount":0,"publisher":{"@id":"https:\/\/www.latribunedufaso.net\/#organization"},"image":{"@id":"https:\/\/www.latribunedufaso.net\/?p=24744#primaryimage"},"thumbnailUrl":"https:\/\/www.latribunedufaso.net\/wp-content\/uploads\/2019\/10\/Apercu-dun-accident-de-la-route.-Photo-\u00a9DR.jpg","keywords":["latribunedufaso.net","ONASER","S\u00e9curit\u00e9 routi\u00e8re"],"articleSection":["A la une","Actualit\u00e9","S\u00e9curit\u00e9 routi\u00e8re"],"inLanguage":"fr-FR","potentialAction":[{"@type":"CommentAction","name":"Comment","target":["https:\/\/www.latribunedufaso.net\/?p=24744#respond"]}]},{"@type":"WebPage","@id":"https:\/\/www.latribunedufaso.net\/?p=24744","url":"https:\/\/www.latribunedufaso.net\/?p=24744","name":"Accident de la route : Une baisse des d\u00e9c\u00e8s enregistr\u00e9e en octobre 2025 (passant de 89 \u00e0 69) - La Tribune du Faso","isPartOf":{"@id":"https:\/\/www.latribunedufaso.net\/#website"},"primaryImageOfPage":{"@id":"https:\/\/www.latribunedufaso.net\/?p=24744#primaryimage"},"image":{"@id":"https:\/\/www.latribunedufaso.net\/?p=24744#primaryimage"},"thumbnailUrl":"https:\/\/www.latribunedufaso.net\/wp-content\/uploads\/2019\/10\/Apercu-dun-accident-de-la-route.-Photo-\u00a9DR.jpg","datePublished":"2025-11-06T09:58:29+00:00","breadcrumb":{"@id":"https:\/\/www.latribunedufaso.net\/?p=24744#breadcrumb"},"inLanguage":"fr-FR","potentialAction":[{"@type":"ReadAction","target":["https:\/\/www.latribunedufaso.net\/?p=24744"]}]},{"@type":"ImageObject","inLanguage":"fr-FR","@id":"https:\/\/www.latribunedufaso.net\/?p=24744#primaryimage","url":"https:\/\/www.latribunedufaso.net\/wp-content\/uploads\/2019\/10\/Apercu-dun-accident-de-la-route.-Photo-\u00a9DR.jpg","contentUrl":"https:\/\/www.latribunedufaso.net\/wp-content\/uploads\/2019\/10\/Apercu-dun-accident-de-la-route.-Photo-\u00a9DR.jpg","width":640,"height":350},{"@type":"BreadcrumbList","@id":"https:\/\/www.latribunedufaso.net\/?p=24744#breadcrumb","itemListElement":[{"@type":"ListItem","position":1,"name":"Accueil","item":"https:\/\/www.latribunedufaso.net\/"},{"@type":"ListItem","position":2,"name":"Accident de la route : Une baisse des d\u00e9c\u00e8s enregistr\u00e9e en octobre 2025 (passant de 89 \u00e0 69)"}]},{"@type":"WebSite","@id":"https:\/\/www.latribunedufaso.net\/#website","url":"https:\/\/www.latribunedufaso.net\/","name":"La Tribune du Faso","description":"L&#039;information du monde rural en un clic","publisher":{"@id":"https:\/\/www.latribunedufaso.net\/#organization"},"potentialAction":[{"@type":"SearchAction","target":{"@type":"EntryPoint","urlTemplate":"https:\/\/www.latribunedufaso.net\/?s={search_term_string}"},"query-input":{"@type":"PropertyValueSpecification","valueRequired":true,"valueName":"search_term_string"}}],"inLanguage":"fr-FR"},{"@type":"Organization","@id":"https:\/\/www.latribunedufaso.net\/#organization","name":"La Tribune du Faso","url":"https:\/\/www.latribunedufaso.net\/","logo":{"@type":"ImageObject","inLanguage":"fr-FR","@id":"https:\/\/www.latribunedufaso.net\/#\/schema\/logo\/image\/","url":"https:\/\/www.latribunedufaso.net\/wp-content\/uploads\/2020\/08\/Logo-Tribune-du-Faso-final-scaled.jpg","contentUrl":"https:\/\/www.latribunedufaso.net\/wp-content\/uploads\/2020\/08\/Logo-Tribune-du-Faso-final-scaled.jpg","width":2560,"height":1856,"caption":"La Tribune du Faso"},"image":{"@id":"https:\/\/www.latribunedufaso.net\/#\/schema\/logo\/image\/"},"sameAs":["https:\/\/www.facebook.com\/LatribuneduFaso\/"]},{"@type":"Person","@id":"https:\/\/www.latribunedufaso.net\/#\/schema\/person\/e54e64c5778a7e72cf80a318b7a622b0","name":"Issouf Tapsoba","image":{"@type":"ImageObject","inLanguage":"fr-FR","@id":"https:\/\/secure.gravatar.com\/avatar\/5e6c05150ce3230247d167f5b94d678eb05936197436d69b7921e3a95c9107ac?s=96&d=mm&r=g","url":"https:\/\/secure.gravatar.com\/avatar\/5e6c05150ce3230247d167f5b94d678eb05936197436d69b7921e3a95c9107ac?s=96&d=mm&r=g","contentUrl":"https:\/\/secure.gravatar.com\/avatar\/5e6c05150ce3230247d167f5b94d678eb05936197436d69b7921e3a95c9107ac?s=96&d=mm&r=g","caption":"Issouf Tapsoba"},"url":"https:\/\/www.latribunedufaso.net\/?author=5"}]}},"_links":{"self":[{"href":"https:\/\/www.latribunedufaso.net\/index.php?rest_route=\/wp\/v2\/posts\/24744","targetHints":{"allow":["GET"]}}],"collection":[{"href":"https:\/\/www.latribunedufaso.net\/index.php?rest_route=\/wp\/v2\/posts"}],"about":[{"href":"https:\/\/www.latribunedufaso.net\/index.php?rest_route=\/wp\/v2\/types\/post"}],"author":[{"embeddable":true,"href":"https:\/\/www.latribunedufaso.net\/index.php?rest_route=\/wp\/v2\/users\/5"}],"replies":[{"embeddable":true,"href":"https:\/\/www.latribunedufaso.net\/index.php?rest_route=%2Fwp%2Fv2%2Fcomments&post=24744"}],"version-history":[{"count":1,"href":"https:\/\/www.latribunedufaso.net\/index.php?rest_route=\/wp\/v2\/posts\/24744\/revisions"}],"predecessor-version":[{"id":24745,"href":"https:\/\/www.latribunedufaso.net\/index.php?rest_route=\/wp\/v2\/posts\/24744\/revisions\/24745"}],"wp:featuredmedia":[{"embeddable":true,"href":"https:\/\/www.latribunedufaso.net\/index.php?rest_route=\/wp\/v2\/media\/498"}],"wp:attachment":[{"href":"https:\/\/www.latribunedufaso.net\/index.php?rest_route=%2Fwp%2Fv2%2Fmedia&parent=24744"}],"wp:term":[{"taxonomy":"category","embeddable":true,"href":"https:\/\/www.latribunedufaso.net\/index.php?rest_route=%2Fwp%2Fv2%2Fcategories&post=24744"},{"taxonomy":"post_tag","embeddable":true,"href":"https:\/\/www.latribunedufaso.net\/index.php?rest_route=%2Fwp%2Fv2%2Ftags&post=24744"}],"curies":[{"name":"wp","href":"https:\/\/api.w.org\/{rel}","templated":true}]}}