{"id":24698,"date":"2025-11-03T18:20:08","date_gmt":"2025-11-03T18:20:08","guid":{"rendered":"https:\/\/www.latribunedufaso.net\/?p=24698"},"modified":"2025-12-17T19:31:35","modified_gmt":"2025-12-17T19:31:35","slug":"culture-vers-ladoption-dun-plan-sous-regional-de-gestion-du-patrimoine-en-temps-de-crise","status":"publish","type":"post","link":"https:\/\/www.latribunedufaso.net\/?p=24698","title":{"rendered":"Culture : Vers l&rsquo;adoption d&rsquo;un plan sous r\u00e9gional de gestion du patrimoine en temps de crise"},"content":{"rendered":"<p><strong>La protection du patrimoine culturel en p\u00e9riode de crise a \u00e9t\u00e9 au c\u0153ur d&rsquo;un atelier sous r\u00e9gional organis\u00e9 ce 03 novembre 2025 \u00e0 Ouagadougou par le Conseil international des Mus\u00e9es (ICOM) Burkina Faso. L\u2019\u00e9v\u00e9nement, pr\u00e9vu du 3 au 4 novembre, r\u00e9unit les comit\u00e9s nationaux du B\u00e9nin, du Mali, du Niger, du Togo, de la C\u00f4te d\u2019Ivoire et du Burkina Faso, dans l\u2019objectif de finaliser et d\u2019adopter un plan strat\u00e9gique de gestion du patrimoine culturel en temps de crise.<\/strong><!--more--><\/p>\n<p>Dans son discours d\u2019ouverture lu par Jean-Baptiste Ou\u00e9draogo, repr\u00e9sentant du ministre en charge de la Culture, le patron de la c\u00e9r\u00e9monie a soulign\u00e9 que <em><strong>\u00ab notre patrimoine, qu\u2019il soit tangible ou intangible, constitue le socle de notre m\u00e9moire collective et le lien entre les g\u00e9n\u00e9rations. Face aux menaces li\u00e9es aux crises s\u00e9curitaires, catastrophes naturelles et conflits arm\u00e9s, il est imp\u00e9ratif que nous unissions nos forces pour anticiper, pr\u00e9venir et r\u00e9pondre efficacement aux crises \u00bb<\/strong><\/em>.<\/p>\n<figure id=\"attachment_24705\" aria-describedby=\"caption-attachment-24705\" style=\"width: 731px\" class=\"wp-caption aligncenter\"><a href=\"https:\/\/www.latribunedufaso.net\/wp-content\/uploads\/2025\/11\/IMG-20251104-WA0050.jpg\"><img loading=\"lazy\" decoding=\"async\" class=\"size-full wp-image-24705\" src=\"https:\/\/www.latribunedufaso.net\/wp-content\/uploads\/2025\/11\/IMG-20251104-WA0050.jpg\" alt=\"Atelier sur la protection du patrimoine culturel en temps de crise, 3 novembre 2025 \u00e0 Ouagadougou \" width=\"731\" height=\"1057\" srcset=\"https:\/\/www.latribunedufaso.net\/wp-content\/uploads\/2025\/11\/IMG-20251104-WA0050.jpg 731w, https:\/\/www.latribunedufaso.net\/wp-content\/uploads\/2025\/11\/IMG-20251104-WA0050-207x300.jpg 207w, https:\/\/www.latribunedufaso.net\/wp-content\/uploads\/2025\/11\/IMG-20251104-WA0050-708x1024.jpg 708w\" sizes=\"auto, (max-width: 731px) 100vw, 731px\" \/><\/a><figcaption id=\"caption-attachment-24705\" class=\"wp-caption-text\">Jean-Baptiste Ou\u00e9draogo, repr\u00e9sentant du ministre en charge de la Culture, le patron de la c\u00e9r\u00e9monie &#8211; Ph. N. Ouattara<\/figcaption><\/figure>\n<p>Selon lui, le plan sous r\u00e9gional ne sera pas qu\u2019un simple document technique, mais <em><strong>\u00ab il incarnera notre vision partag\u00e9e, notre solidarit\u00e9 r\u00e9gionale et notre engagement \u00e0 prot\u00e9ger nos tr\u00e9sors culturels, m\u00eame dans les moments les plus difficiles \u00bb.<\/strong><\/em><\/p>\n<p>Le Directeur g\u00e9n\u00e9ral du Mus\u00e9e National, Sabari Christian Dao, a insist\u00e9 sur le r\u00f4le de la culture comme vecteur de coh\u00e9sion et de r\u00e9silience. Il a rappel\u00e9 que l\u2019atelier <em><strong>\u00ab constitue un acte de foi dans notre avenir commun et une r\u00e9ponse juste face \u00e0 la fragilisation de nos h\u00e9ritages \u00bb<\/strong><\/em>.<\/p>\n<figure id=\"attachment_24704\" aria-describedby=\"caption-attachment-24704\" style=\"width: 1080px\" class=\"wp-caption aligncenter\"><a href=\"https:\/\/www.latribunedufaso.net\/wp-content\/uploads\/2025\/11\/IMG-20251104-WA0051.jpg\"><img loading=\"lazy\" decoding=\"async\" class=\"size-full wp-image-24704\" src=\"https:\/\/www.latribunedufaso.net\/wp-content\/uploads\/2025\/11\/IMG-20251104-WA0051.jpg\" alt=\"Atelier sur la protection du patrimoine culturel en temps de crise, 3 novembre 2025 \u00e0 Ouagadougou \" width=\"1080\" height=\"1009\" srcset=\"https:\/\/www.latribunedufaso.net\/wp-content\/uploads\/2025\/11\/IMG-20251104-WA0051.jpg 1080w, https:\/\/www.latribunedufaso.net\/wp-content\/uploads\/2025\/11\/IMG-20251104-WA0051-300x280.jpg 300w, https:\/\/www.latribunedufaso.net\/wp-content\/uploads\/2025\/11\/IMG-20251104-WA0051-1024x957.jpg 1024w, https:\/\/www.latribunedufaso.net\/wp-content\/uploads\/2025\/11\/IMG-20251104-WA0051-768x718.jpg 768w\" sizes=\"auto, (max-width: 1080px) 100vw, 1080px\" \/><\/a><figcaption id=\"caption-attachment-24704\" class=\"wp-caption-text\">Le Directeur g\u00e9n\u00e9ral du Mus\u00e9e National, Sabari Christian Dao &#8211; Ph. N. Ouattara<\/figcaption><\/figure>\n<p>Aussi, il a soulign\u00e9 la mobilisation des professionnels des mus\u00e9es et du patrimoine culturel, ainsi que la coop\u00e9ration avec les forces de s\u00e9curit\u00e9 et les collectivit\u00e9s territoriales, comme les axes centraux de cette initiative.<\/p>\n<p>Pour AbdouRamane Gabidan, Directeur g\u00e9n\u00e9ral du Mus\u00e9e de Niamey, l\u2019atelier repr\u00e9sente <em><strong>\u00ab une opportunit\u00e9 unique de mutualiser nos efforts pour la conservation du patrimoine, menac\u00e9 notamment par le terrorisme et d\u2019autres crises \u00bb<\/strong><\/em>.<\/p>\n<figure id=\"attachment_24703\" aria-describedby=\"caption-attachment-24703\" style=\"width: 2560px\" class=\"wp-caption aligncenter\"><a href=\"https:\/\/www.latribunedufaso.net\/wp-content\/uploads\/2025\/11\/IMG-20251104-WA0054.jpg\"><img loading=\"lazy\" decoding=\"async\" class=\"size-full wp-image-24703\" src=\"https:\/\/www.latribunedufaso.net\/wp-content\/uploads\/2025\/11\/IMG-20251104-WA0054.jpg\" alt=\"Atelier sur la protection du patrimoine culturel en temps de crise, 3 novembre 2025 \u00e0 Ouagadougou \" width=\"2560\" height=\"1861\" srcset=\"https:\/\/www.latribunedufaso.net\/wp-content\/uploads\/2025\/11\/IMG-20251104-WA0054.jpg 2560w, https:\/\/www.latribunedufaso.net\/wp-content\/uploads\/2025\/11\/IMG-20251104-WA0054-300x218.jpg 300w, https:\/\/www.latribunedufaso.net\/wp-content\/uploads\/2025\/11\/IMG-20251104-WA0054-1024x744.jpg 1024w, https:\/\/www.latribunedufaso.net\/wp-content\/uploads\/2025\/11\/IMG-20251104-WA0054-768x558.jpg 768w, https:\/\/www.latribunedufaso.net\/wp-content\/uploads\/2025\/11\/IMG-20251104-WA0054-1536x1117.jpg 1536w, https:\/\/www.latribunedufaso.net\/wp-content\/uploads\/2025\/11\/IMG-20251104-WA0054-2048x1489.jpg 2048w, https:\/\/www.latribunedufaso.net\/wp-content\/uploads\/2025\/11\/IMG-20251104-WA0054-90x65.jpg 90w\" sizes=\"auto, (max-width: 2560px) 100vw, 2560px\" \/><\/a><figcaption id=\"caption-attachment-24703\" class=\"wp-caption-text\">Le Directeur g\u00e9n\u00e9ral du Mus\u00e9e de Niamey, AbdouRamane Gabidan &#8211; Ph. N. Ouattara<\/figcaption><\/figure>\n<p>Il ajoute que les mus\u00e9es sont des lieux de m\u00e9moire collective essentiels : <em><strong>\u00ab Si rien n\u2019est fait, que transmettons-nous aux g\u00e9n\u00e9rations futures ? C\u2019est pourquoi l\u2019ICOM et les mus\u00e9es doivent \u00eatre en premi\u00e8re ligne dans la protection de nos h\u00e9ritages \u00bb.<\/strong><\/em><\/p>\n<blockquote>\n<p>Lire aussi &gt;&gt; <a href=\"https:\/\/www.latribunedufaso.net\/?p=24451\">Sauvegarde du Patrimoine culturel : La r\u00e9gion du Kadiogo outille ses forces vives contre le trafic illicite et les menaces s\u00e9curitaires<\/a><\/p>\n<\/blockquote>\n<p><iframe loading=\"lazy\" width=\"560\" height=\"315\" src=\"https:\/\/www.youtube.com\/embed\/TABILMO2RBQ?si=IijU4eMdWB7tOUrk\" title=\"YouTube video player\" frameborder=\"0\" allow=\"accelerometer; autoplay; clipboard-write; encrypted-media; gyroscope; picture-in-picture; web-share\" referrerpolicy=\"strict-origin-when-cross-origin\" allowfullscreen><\/iframe><\/p>\n<p>L\u2019atelier permettra d\u2019aboutir \u00e0 un plan assorti de recommandations concr\u00e8tes, prenant en compte les sp\u00e9cificit\u00e9s nationales tout en favorisant la coop\u00e9ration r\u00e9gionale.<\/p>\n<p><strong>Nabintou OUATTARA\u00a0<\/strong><\/p>\n<p><strong>Latribunedufaso.net\u00a0<\/strong><\/p>\n<p><a href=\"https:\/\/www.latribunedufaso.net\/wp-content\/uploads\/2025\/11\/IMG-20251104-WA0041.jpg\"><img loading=\"lazy\" decoding=\"async\" class=\"aligncenter size-full wp-image-24701\" src=\"https:\/\/www.latribunedufaso.net\/wp-content\/uploads\/2025\/11\/IMG-20251104-WA0041.jpg\" alt=\"Atelier sur la protection du patrimoine culturel en temps de crise, 3 novembre 2025 \u00e0 Ouagadougou \" width=\"2560\" height=\"1440\" srcset=\"https:\/\/www.latribunedufaso.net\/wp-content\/uploads\/2025\/11\/IMG-20251104-WA0041.jpg 2560w, https:\/\/www.latribunedufaso.net\/wp-content\/uploads\/2025\/11\/IMG-20251104-WA0041-300x169.jpg 300w, https:\/\/www.latribunedufaso.net\/wp-content\/uploads\/2025\/11\/IMG-20251104-WA0041-1024x576.jpg 1024w, https:\/\/www.latribunedufaso.net\/wp-content\/uploads\/2025\/11\/IMG-20251104-WA0041-768x432.jpg 768w, https:\/\/www.latribunedufaso.net\/wp-content\/uploads\/2025\/11\/IMG-20251104-WA0041-1536x864.jpg 1536w, https:\/\/www.latribunedufaso.net\/wp-content\/uploads\/2025\/11\/IMG-20251104-WA0041-2048x1152.jpg 2048w\" sizes=\"auto, (max-width: 2560px) 100vw, 2560px\" \/><\/a><\/p>\n","protected":false},"excerpt":{"rendered":"<p>La protection du patrimoine culturel en p\u00e9riode de crise a \u00e9t\u00e9 au c\u0153ur d&rsquo;un atelier sous r\u00e9gional organis\u00e9 ce 03 novembre 2025 \u00e0 Ouagadougou par le Conseil international des Mus\u00e9es (ICOM) Burkina Faso. L\u2019\u00e9v\u00e9nement, pr\u00e9vu du 3 au 4 novembre, r\u00e9unit les comit\u00e9s nationaux du B\u00e9nin, du Mali, du Niger, du Togo, de la C\u00f4te d\u2019Ivoire et du Burkina Faso, dans l\u2019objectif de finaliser et d\u2019adopter un plan strat\u00e9gique de gestion du patrimoine culturel en temps de crise.<\/p>\n","protected":false},"author":5,"featured_media":24702,"comment_status":"open","ping_status":"open","sticky":false,"template":"","format":"standard","meta":{"footnotes":""},"categories":[13,1,30],"tags":[1743,1744,39,936,1707],"class_list":["post-24698","post","type-post","status-publish","format-standard","has-post-thumbnail","hentry","category-une","category-actu","category-art-et-culture","tag-conseil-international-des-musees-icom","tag-gestion-du-patrimoine-culturel-en-temps-de-crisew","tag-latribunedufaso-net","tag-patrimoine-culturel","tag-sauvegarde-du-patrimoine-culturel"],"yoast_head":"<!-- This site is optimized with the Yoast SEO plugin v27.4 - https:\/\/yoast.com\/product\/yoast-seo-wordpress\/ -->\n<title>Culture : Vers l&#039;adoption d&#039;un plan sous r\u00e9gional de gestion du patrimoine en temps de crise - La Tribune du Faso<\/title>\n<meta name=\"robots\" content=\"index, follow, max-snippet:-1, max-image-preview:large, max-video-preview:-1\" \/>\n<link rel=\"canonical\" href=\"https:\/\/www.latribunedufaso.net\/?p=24698\" \/>\n<meta property=\"og:locale\" content=\"fr_FR\" \/>\n<meta property=\"og:type\" content=\"article\" \/>\n<meta property=\"og:title\" content=\"Culture : Vers l&#039;adoption d&#039;un plan sous r\u00e9gional de gestion du patrimoine en temps de crise - La Tribune du Faso\" \/>\n<meta property=\"og:description\" content=\"La protection du patrimoine culturel en p\u00e9riode de crise a \u00e9t\u00e9 au c\u0153ur d&rsquo;un atelier sous r\u00e9gional organis\u00e9 ce 03 novembre 2025 \u00e0 Ouagadougou par le Conseil international des Mus\u00e9es (ICOM) Burkina Faso. L\u2019\u00e9v\u00e9nement, pr\u00e9vu du 3 au 4 novembre, r\u00e9unit les comit\u00e9s nationaux du B\u00e9nin, du Mali, du Niger, du Togo, de la C\u00f4te d\u2019Ivoire et du Burkina Faso, dans l\u2019objectif de finaliser et d\u2019adopter un plan strat\u00e9gique de gestion du patrimoine culturel en temps de crise.\" \/>\n<meta property=\"og:url\" content=\"https:\/\/www.latribunedufaso.net\/?p=24698\" \/>\n<meta property=\"og:site_name\" content=\"La Tribune du Faso\" \/>\n<meta property=\"article:publisher\" content=\"https:\/\/www.facebook.com\/LatribuneduFaso\/\" \/>\n<meta property=\"article:published_time\" content=\"2025-11-03T18:20:08+00:00\" \/>\n<meta property=\"article:modified_time\" content=\"2025-12-17T19:31:35+00:00\" \/>\n<meta property=\"og:image\" content=\"https:\/\/www.latribunedufaso.net\/wp-content\/uploads\/2025\/11\/IMG-20251104-WA0038.jpg\" \/>\n\t<meta property=\"og:image:width\" content=\"2560\" \/>\n\t<meta property=\"og:image:height\" content=\"1440\" \/>\n\t<meta property=\"og:image:type\" content=\"image\/jpeg\" \/>\n<meta name=\"author\" content=\"Issouf Tapsoba\" \/>\n<meta name=\"twitter:label1\" content=\"\u00c9crit par\" \/>\n\t<meta name=\"twitter:data1\" content=\"Issouf Tapsoba\" \/>\n\t<meta name=\"twitter:label2\" content=\"Dur\u00e9e de lecture estim\u00e9e\" \/>\n\t<meta name=\"twitter:data2\" content=\"4 minutes\" \/>\n<script type=\"application\/ld+json\" class=\"yoast-schema-graph\">{\"@context\":\"https:\\\/\\\/schema.org\",\"@graph\":[{\"@type\":\"Article\",\"@id\":\"https:\\\/\\\/www.latribunedufaso.net\\\/?p=24698#article\",\"isPartOf\":{\"@id\":\"https:\\\/\\\/www.latribunedufaso.net\\\/?p=24698\"},\"author\":{\"name\":\"Issouf Tapsoba\",\"@id\":\"https:\\\/\\\/www.latribunedufaso.net\\\/#\\\/schema\\\/person\\\/e54e64c5778a7e72cf80a318b7a622b0\"},\"headline\":\"Culture : Vers l&rsquo;adoption d&rsquo;un plan sous r\u00e9gional de gestion du patrimoine en temps de crise\",\"datePublished\":\"2025-11-03T18:20:08+00:00\",\"dateModified\":\"2025-12-17T19:31:35+00:00\",\"mainEntityOfPage\":{\"@id\":\"https:\\\/\\\/www.latribunedufaso.net\\\/?p=24698\"},\"wordCount\":551,\"commentCount\":0,\"publisher\":{\"@id\":\"https:\\\/\\\/www.latribunedufaso.net\\\/#organization\"},\"image\":{\"@id\":\"https:\\\/\\\/www.latribunedufaso.net\\\/?p=24698#primaryimage\"},\"thumbnailUrl\":\"https:\\\/\\\/www.latribunedufaso.net\\\/wp-content\\\/uploads\\\/2025\\\/11\\\/IMG-20251104-WA0038.jpg\",\"keywords\":[\"Conseil international des Mus\u00e9es (ICOM)\",\"gestion du patrimoine culturel en temps de crisew\",\"latribunedufaso.net\",\"patrimoine culturel\",\"Sauvegarde du patrimoine culturel\"],\"articleSection\":[\"A la une\",\"Actualit\u00e9\",\"Art et Culture\"],\"inLanguage\":\"fr-FR\",\"potentialAction\":[{\"@type\":\"CommentAction\",\"name\":\"Comment\",\"target\":[\"https:\\\/\\\/www.latribunedufaso.net\\\/?p=24698#respond\"]}]},{\"@type\":\"WebPage\",\"@id\":\"https:\\\/\\\/www.latribunedufaso.net\\\/?p=24698\",\"url\":\"https:\\\/\\\/www.latribunedufaso.net\\\/?p=24698\",\"name\":\"Culture : Vers l'adoption d'un plan sous r\u00e9gional de gestion du patrimoine en temps de crise - La Tribune du Faso\",\"isPartOf\":{\"@id\":\"https:\\\/\\\/www.latribunedufaso.net\\\/#website\"},\"primaryImageOfPage\":{\"@id\":\"https:\\\/\\\/www.latribunedufaso.net\\\/?p=24698#primaryimage\"},\"image\":{\"@id\":\"https:\\\/\\\/www.latribunedufaso.net\\\/?p=24698#primaryimage\"},\"thumbnailUrl\":\"https:\\\/\\\/www.latribunedufaso.net\\\/wp-content\\\/uploads\\\/2025\\\/11\\\/IMG-20251104-WA0038.jpg\",\"datePublished\":\"2025-11-03T18:20:08+00:00\",\"dateModified\":\"2025-12-17T19:31:35+00:00\",\"breadcrumb\":{\"@id\":\"https:\\\/\\\/www.latribunedufaso.net\\\/?p=24698#breadcrumb\"},\"inLanguage\":\"fr-FR\",\"potentialAction\":[{\"@type\":\"ReadAction\",\"target\":[\"https:\\\/\\\/www.latribunedufaso.net\\\/?p=24698\"]}]},{\"@type\":\"ImageObject\",\"inLanguage\":\"fr-FR\",\"@id\":\"https:\\\/\\\/www.latribunedufaso.net\\\/?p=24698#primaryimage\",\"url\":\"https:\\\/\\\/www.latribunedufaso.net\\\/wp-content\\\/uploads\\\/2025\\\/11\\\/IMG-20251104-WA0038.jpg\",\"contentUrl\":\"https:\\\/\\\/www.latribunedufaso.net\\\/wp-content\\\/uploads\\\/2025\\\/11\\\/IMG-20251104-WA0038.jpg\",\"width\":2560,\"height\":1440,\"caption\":\"Atelier sur la protection du patrimoine culturel en temps de crise, 3 novembre 2025 \u00e0 Ouagadougou\"},{\"@type\":\"BreadcrumbList\",\"@id\":\"https:\\\/\\\/www.latribunedufaso.net\\\/?p=24698#breadcrumb\",\"itemListElement\":[{\"@type\":\"ListItem\",\"position\":1,\"name\":\"Accueil\",\"item\":\"https:\\\/\\\/www.latribunedufaso.net\\\/\"},{\"@type\":\"ListItem\",\"position\":2,\"name\":\"Culture : Vers l&rsquo;adoption d&rsquo;un plan sous r\u00e9gional de gestion du patrimoine en temps de crise\"}]},{\"@type\":\"WebSite\",\"@id\":\"https:\\\/\\\/www.latribunedufaso.net\\\/#website\",\"url\":\"https:\\\/\\\/www.latribunedufaso.net\\\/\",\"name\":\"La Tribune du Faso\",\"description\":\"L&#039;information du monde rural en un clic\",\"publisher\":{\"@id\":\"https:\\\/\\\/www.latribunedufaso.net\\\/#organization\"},\"potentialAction\":[{\"@type\":\"SearchAction\",\"target\":{\"@type\":\"EntryPoint\",\"urlTemplate\":\"https:\\\/\\\/www.latribunedufaso.net\\\/?s={search_term_string}\"},\"query-input\":{\"@type\":\"PropertyValueSpecification\",\"valueRequired\":true,\"valueName\":\"search_term_string\"}}],\"inLanguage\":\"fr-FR\"},{\"@type\":\"Organization\",\"@id\":\"https:\\\/\\\/www.latribunedufaso.net\\\/#organization\",\"name\":\"La Tribune du Faso\",\"url\":\"https:\\\/\\\/www.latribunedufaso.net\\\/\",\"logo\":{\"@type\":\"ImageObject\",\"inLanguage\":\"fr-FR\",\"@id\":\"https:\\\/\\\/www.latribunedufaso.net\\\/#\\\/schema\\\/logo\\\/image\\\/\",\"url\":\"https:\\\/\\\/www.latribunedufaso.net\\\/wp-content\\\/uploads\\\/2020\\\/08\\\/Logo-Tribune-du-Faso-final-scaled.jpg\",\"contentUrl\":\"https:\\\/\\\/www.latribunedufaso.net\\\/wp-content\\\/uploads\\\/2020\\\/08\\\/Logo-Tribune-du-Faso-final-scaled.jpg\",\"width\":2560,\"height\":1856,\"caption\":\"La Tribune du Faso\"},\"image\":{\"@id\":\"https:\\\/\\\/www.latribunedufaso.net\\\/#\\\/schema\\\/logo\\\/image\\\/\"},\"sameAs\":[\"https:\\\/\\\/www.facebook.com\\\/LatribuneduFaso\\\/\"]},{\"@type\":\"Person\",\"@id\":\"https:\\\/\\\/www.latribunedufaso.net\\\/#\\\/schema\\\/person\\\/e54e64c5778a7e72cf80a318b7a622b0\",\"name\":\"Issouf Tapsoba\",\"image\":{\"@type\":\"ImageObject\",\"inLanguage\":\"fr-FR\",\"@id\":\"https:\\\/\\\/secure.gravatar.com\\\/avatar\\\/5e6c05150ce3230247d167f5b94d678eb05936197436d69b7921e3a95c9107ac?s=96&d=mm&r=g\",\"url\":\"https:\\\/\\\/secure.gravatar.com\\\/avatar\\\/5e6c05150ce3230247d167f5b94d678eb05936197436d69b7921e3a95c9107ac?s=96&d=mm&r=g\",\"contentUrl\":\"https:\\\/\\\/secure.gravatar.com\\\/avatar\\\/5e6c05150ce3230247d167f5b94d678eb05936197436d69b7921e3a95c9107ac?s=96&d=mm&r=g\",\"caption\":\"Issouf Tapsoba\"},\"url\":\"https:\\\/\\\/www.latribunedufaso.net\\\/?author=5\"}]}<\/script>\n<!-- \/ Yoast SEO plugin. -->","yoast_head_json":{"title":"Culture : Vers l'adoption d'un plan sous r\u00e9gional de gestion du patrimoine en temps de crise - La Tribune du Faso","robots":{"index":"index","follow":"follow","max-snippet":"max-snippet:-1","max-image-preview":"max-image-preview:large","max-video-preview":"max-video-preview:-1"},"canonical":"https:\/\/www.latribunedufaso.net\/?p=24698","og_locale":"fr_FR","og_type":"article","og_title":"Culture : Vers l'adoption d'un plan sous r\u00e9gional de gestion du patrimoine en temps de crise - La Tribune du Faso","og_description":"La protection du patrimoine culturel en p\u00e9riode de crise a \u00e9t\u00e9 au c\u0153ur d&rsquo;un atelier sous r\u00e9gional organis\u00e9 ce 03 novembre 2025 \u00e0 Ouagadougou par le Conseil international des Mus\u00e9es (ICOM) Burkina Faso. L\u2019\u00e9v\u00e9nement, pr\u00e9vu du 3 au 4 novembre, r\u00e9unit les comit\u00e9s nationaux du B\u00e9nin, du Mali, du Niger, du Togo, de la C\u00f4te d\u2019Ivoire et du Burkina Faso, dans l\u2019objectif de finaliser et d\u2019adopter un plan strat\u00e9gique de gestion du patrimoine culturel en temps de crise.","og_url":"https:\/\/www.latribunedufaso.net\/?p=24698","og_site_name":"La Tribune du Faso","article_publisher":"https:\/\/www.facebook.com\/LatribuneduFaso\/","article_published_time":"2025-11-03T18:20:08+00:00","article_modified_time":"2025-12-17T19:31:35+00:00","og_image":[{"width":2560,"height":1440,"url":"https:\/\/www.latribunedufaso.net\/wp-content\/uploads\/2025\/11\/IMG-20251104-WA0038.jpg","type":"image\/jpeg"}],"author":"Issouf Tapsoba","twitter_misc":{"\u00c9crit par":"Issouf Tapsoba","Dur\u00e9e de lecture estim\u00e9e":"4 minutes"},"schema":{"@context":"https:\/\/schema.org","@graph":[{"@type":"Article","@id":"https:\/\/www.latribunedufaso.net\/?p=24698#article","isPartOf":{"@id":"https:\/\/www.latribunedufaso.net\/?p=24698"},"author":{"name":"Issouf Tapsoba","@id":"https:\/\/www.latribunedufaso.net\/#\/schema\/person\/e54e64c5778a7e72cf80a318b7a622b0"},"headline":"Culture : Vers l&rsquo;adoption d&rsquo;un plan sous r\u00e9gional de gestion du patrimoine en temps de crise","datePublished":"2025-11-03T18:20:08+00:00","dateModified":"2025-12-17T19:31:35+00:00","mainEntityOfPage":{"@id":"https:\/\/www.latribunedufaso.net\/?p=24698"},"wordCount":551,"commentCount":0,"publisher":{"@id":"https:\/\/www.latribunedufaso.net\/#organization"},"image":{"@id":"https:\/\/www.latribunedufaso.net\/?p=24698#primaryimage"},"thumbnailUrl":"https:\/\/www.latribunedufaso.net\/wp-content\/uploads\/2025\/11\/IMG-20251104-WA0038.jpg","keywords":["Conseil international des Mus\u00e9es (ICOM)","gestion du patrimoine culturel en temps de crisew","latribunedufaso.net","patrimoine culturel","Sauvegarde du patrimoine culturel"],"articleSection":["A la une","Actualit\u00e9","Art et Culture"],"inLanguage":"fr-FR","potentialAction":[{"@type":"CommentAction","name":"Comment","target":["https:\/\/www.latribunedufaso.net\/?p=24698#respond"]}]},{"@type":"WebPage","@id":"https:\/\/www.latribunedufaso.net\/?p=24698","url":"https:\/\/www.latribunedufaso.net\/?p=24698","name":"Culture : Vers l'adoption d'un plan sous r\u00e9gional de gestion du patrimoine en temps de crise - La Tribune du Faso","isPartOf":{"@id":"https:\/\/www.latribunedufaso.net\/#website"},"primaryImageOfPage":{"@id":"https:\/\/www.latribunedufaso.net\/?p=24698#primaryimage"},"image":{"@id":"https:\/\/www.latribunedufaso.net\/?p=24698#primaryimage"},"thumbnailUrl":"https:\/\/www.latribunedufaso.net\/wp-content\/uploads\/2025\/11\/IMG-20251104-WA0038.jpg","datePublished":"2025-11-03T18:20:08+00:00","dateModified":"2025-12-17T19:31:35+00:00","breadcrumb":{"@id":"https:\/\/www.latribunedufaso.net\/?p=24698#breadcrumb"},"inLanguage":"fr-FR","potentialAction":[{"@type":"ReadAction","target":["https:\/\/www.latribunedufaso.net\/?p=24698"]}]},{"@type":"ImageObject","inLanguage":"fr-FR","@id":"https:\/\/www.latribunedufaso.net\/?p=24698#primaryimage","url":"https:\/\/www.latribunedufaso.net\/wp-content\/uploads\/2025\/11\/IMG-20251104-WA0038.jpg","contentUrl":"https:\/\/www.latribunedufaso.net\/wp-content\/uploads\/2025\/11\/IMG-20251104-WA0038.jpg","width":2560,"height":1440,"caption":"Atelier sur la protection du patrimoine culturel en temps de crise, 3 novembre 2025 \u00e0 Ouagadougou"},{"@type":"BreadcrumbList","@id":"https:\/\/www.latribunedufaso.net\/?p=24698#breadcrumb","itemListElement":[{"@type":"ListItem","position":1,"name":"Accueil","item":"https:\/\/www.latribunedufaso.net\/"},{"@type":"ListItem","position":2,"name":"Culture : Vers l&rsquo;adoption d&rsquo;un plan sous r\u00e9gional de gestion du patrimoine en temps de crise"}]},{"@type":"WebSite","@id":"https:\/\/www.latribunedufaso.net\/#website","url":"https:\/\/www.latribunedufaso.net\/","name":"La Tribune du Faso","description":"L&#039;information du monde rural en un clic","publisher":{"@id":"https:\/\/www.latribunedufaso.net\/#organization"},"potentialAction":[{"@type":"SearchAction","target":{"@type":"EntryPoint","urlTemplate":"https:\/\/www.latribunedufaso.net\/?s={search_term_string}"},"query-input":{"@type":"PropertyValueSpecification","valueRequired":true,"valueName":"search_term_string"}}],"inLanguage":"fr-FR"},{"@type":"Organization","@id":"https:\/\/www.latribunedufaso.net\/#organization","name":"La Tribune du Faso","url":"https:\/\/www.latribunedufaso.net\/","logo":{"@type":"ImageObject","inLanguage":"fr-FR","@id":"https:\/\/www.latribunedufaso.net\/#\/schema\/logo\/image\/","url":"https:\/\/www.latribunedufaso.net\/wp-content\/uploads\/2020\/08\/Logo-Tribune-du-Faso-final-scaled.jpg","contentUrl":"https:\/\/www.latribunedufaso.net\/wp-content\/uploads\/2020\/08\/Logo-Tribune-du-Faso-final-scaled.jpg","width":2560,"height":1856,"caption":"La Tribune du Faso"},"image":{"@id":"https:\/\/www.latribunedufaso.net\/#\/schema\/logo\/image\/"},"sameAs":["https:\/\/www.facebook.com\/LatribuneduFaso\/"]},{"@type":"Person","@id":"https:\/\/www.latribunedufaso.net\/#\/schema\/person\/e54e64c5778a7e72cf80a318b7a622b0","name":"Issouf Tapsoba","image":{"@type":"ImageObject","inLanguage":"fr-FR","@id":"https:\/\/secure.gravatar.com\/avatar\/5e6c05150ce3230247d167f5b94d678eb05936197436d69b7921e3a95c9107ac?s=96&d=mm&r=g","url":"https:\/\/secure.gravatar.com\/avatar\/5e6c05150ce3230247d167f5b94d678eb05936197436d69b7921e3a95c9107ac?s=96&d=mm&r=g","contentUrl":"https:\/\/secure.gravatar.com\/avatar\/5e6c05150ce3230247d167f5b94d678eb05936197436d69b7921e3a95c9107ac?s=96&d=mm&r=g","caption":"Issouf Tapsoba"},"url":"https:\/\/www.latribunedufaso.net\/?author=5"}]}},"_links":{"self":[{"href":"https:\/\/www.latribunedufaso.net\/index.php?rest_route=\/wp\/v2\/posts\/24698","targetHints":{"allow":["GET"]}}],"collection":[{"href":"https:\/\/www.latribunedufaso.net\/index.php?rest_route=\/wp\/v2\/posts"}],"about":[{"href":"https:\/\/www.latribunedufaso.net\/index.php?rest_route=\/wp\/v2\/types\/post"}],"author":[{"embeddable":true,"href":"https:\/\/www.latribunedufaso.net\/index.php?rest_route=\/wp\/v2\/users\/5"}],"replies":[{"embeddable":true,"href":"https:\/\/www.latribunedufaso.net\/index.php?rest_route=%2Fwp%2Fv2%2Fcomments&post=24698"}],"version-history":[{"count":3,"href":"https:\/\/www.latribunedufaso.net\/index.php?rest_route=\/wp\/v2\/posts\/24698\/revisions"}],"predecessor-version":[{"id":25877,"href":"https:\/\/www.latribunedufaso.net\/index.php?rest_route=\/wp\/v2\/posts\/24698\/revisions\/25877"}],"wp:featuredmedia":[{"embeddable":true,"href":"https:\/\/www.latribunedufaso.net\/index.php?rest_route=\/wp\/v2\/media\/24702"}],"wp:attachment":[{"href":"https:\/\/www.latribunedufaso.net\/index.php?rest_route=%2Fwp%2Fv2%2Fmedia&parent=24698"}],"wp:term":[{"taxonomy":"category","embeddable":true,"href":"https:\/\/www.latribunedufaso.net\/index.php?rest_route=%2Fwp%2Fv2%2Fcategories&post=24698"},{"taxonomy":"post_tag","embeddable":true,"href":"https:\/\/www.latribunedufaso.net\/index.php?rest_route=%2Fwp%2Fv2%2Ftags&post=24698"}],"curies":[{"name":"wp","href":"https:\/\/api.w.org\/{rel}","templated":true}]}}