{"id":24674,"date":"2025-11-02T20:06:11","date_gmt":"2025-11-02T20:06:11","guid":{"rendered":"https:\/\/www.latribunedufaso.net\/?p=24674"},"modified":"2025-11-02T20:06:11","modified_gmt":"2025-11-02T20:06:11","slug":"36e-tour-du-faso-paul-daumont-triomphe-a-ouagadougou-et-remporte-le-maillot-jaune-2025","status":"publish","type":"post","link":"https:\/\/www.latribunedufaso.net\/?p=24674","title":{"rendered":"36e Tour du Faso : Paul Daumont triomphe \u00e0 Ouagadougou et remporte le maillot jaune 2025"},"content":{"rendered":"<p><strong>Le Burkinab\u00e8 Paul Daumont a sign\u00e9, ce 2 novembre 2025, sa quatri\u00e8me victoire d\u2019\u00e9tape du 36e Tour du Faso, en s\u2019imposant \u00e0 Ouagadougou sur la derni\u00e8re \u00e9tape longue de 113,250 Km, courue entre Sapon\u00e9 et Ouagadougou pour 42Km, avant un crit\u00e9rium final.<\/strong><!--more--><\/p>\n<p>Une victoire c\u00e9l\u00e9br\u00e9e devant le Capitaine Ibrahim Traor\u00e9, Pr\u00e9sident du Faso, Chef de l\u2019\u00c9tat, et sous les acclamations de plus de 50 000 spectateurs r\u00e9unis dans la capitale. Paul Daumont endosse ainsi le maillot jaune de leader et le maillot vert par points, couronnant une performance exceptionnelle. Il a ainsi re\u00e7u le maillot du leader des mains du Pr\u00e9sident du Faso.<\/p>\n<p>Ce triomphe t\u00e9moigne de la r\u00e9silience du Burkina Faso et de la d\u00e9termination de ses fils, fi\u00e8rement repr\u00e9sent\u00e9s par les \u00c9talons cyclistes \u00e0 la 36e \u00e9dition du Tour. En remportant ce maillot jaune, Paul Daumont porte \u00e0 17 le nombre de victoires burkinab\u00e8 au classement g\u00e9n\u00e9ral depuis la cr\u00e9ation du Tour.<\/p>\n<figure id=\"attachment_24675\" aria-describedby=\"caption-attachment-24675\" style=\"width: 1280px\" class=\"wp-caption aligncenter\"><a href=\"https:\/\/www.latribunedufaso.net\/wp-content\/uploads\/2025\/11\/FB_IMG_1762111365327.jpg\"><img loading=\"lazy\" decoding=\"async\" class=\"size-full wp-image-24675\" src=\"https:\/\/www.latribunedufaso.net\/wp-content\/uploads\/2025\/11\/FB_IMG_1762111365327.jpg\" alt=\"Le Burkinab\u00e8 Paul Daumont a sign\u00e9, ce 2 novembre 2025, sa quatri\u00e8me victoire d\u2019\u00e9tape du 36e Tour du Faso (derni\u00e8re \u00e9tape Sapon\u00e9-Ouaga)\" width=\"1280\" height=\"763\" srcset=\"https:\/\/www.latribunedufaso.net\/wp-content\/uploads\/2025\/11\/FB_IMG_1762111365327.jpg 1280w, https:\/\/www.latribunedufaso.net\/wp-content\/uploads\/2025\/11\/FB_IMG_1762111365327-300x179.jpg 300w, https:\/\/www.latribunedufaso.net\/wp-content\/uploads\/2025\/11\/FB_IMG_1762111365327-1024x610.jpg 1024w, https:\/\/www.latribunedufaso.net\/wp-content\/uploads\/2025\/11\/FB_IMG_1762111365327-768x458.jpg 768w\" sizes=\"auto, (max-width: 1280px) 100vw, 1280px\" \/><\/a><figcaption id=\"caption-attachment-24675\" class=\"wp-caption-text\">Le Pr\u00e9sident du Faso, le Capitaine Ibrahim Traor\u00e9 a assist\u00e9 \u00e0 la derni\u00e8re \u00e9tape du Tour &#8211; Ph. DR<\/figcaption><\/figure>\n<p>Ce succ\u00e8s est le fruit d\u2019un travail collectif, conduit par l\u2019encadrement technique des \u00c9talons, avec le soutien constant du minist\u00e8re des Sports, de la Jeunesse et de l\u2019Emploi et de la F\u00e9d\u00e9ration Burkinab\u00e8 de Cyclisme (FBC).<\/p>\n<blockquote>\n<p>Lire aussi &gt;&gt; <a href=\"https:\/\/www.latribunedufaso.net\/?p=24500\">36e Tour du Faso : Paul Daumont triomphe \u00e0 Bobo-Dioulasso et endosse le maillot jaune<\/a><\/p>\n<\/blockquote>\n<p>Ainsi s\u2019ach\u00e8ve le Tour du Faso 2025, marqu\u00e9 par la victoire du Burkina Faso, qui repart avec les maillots jaune et vert. Rendez-vous est pris pour 2026, pour la 37e \u00e9dition du Tour du Faso, le plus grand \u00e9v\u00e9nement sportif africain apr\u00e8s la CAN.<\/p>\n<p><strong>Latribunedufaso.net<\/strong><\/p>\n<p><strong>Source : DCRP\/MSJE<\/strong><\/p>\n<p><a href=\"https:\/\/www.latribunedufaso.net\/wp-content\/uploads\/2025\/11\/FB_IMG_1762112059005.jpg\"><img loading=\"lazy\" decoding=\"async\" class=\"aligncenter size-full wp-image-24678\" src=\"https:\/\/www.latribunedufaso.net\/wp-content\/uploads\/2025\/11\/FB_IMG_1762112059005.jpg\" alt=\"Le Burkinab\u00e8 Paul Daumont a sign\u00e9, ce 2 novembre 2025, sa quatri\u00e8me victoire d\u2019\u00e9tape du 36e Tour du Faso (derni\u00e8re \u00e9tape Sapon\u00e9-Ouaga)\" width=\"1280\" height=\"900\" srcset=\"https:\/\/www.latribunedufaso.net\/wp-content\/uploads\/2025\/11\/FB_IMG_1762112059005.jpg 1280w, https:\/\/www.latribunedufaso.net\/wp-content\/uploads\/2025\/11\/FB_IMG_1762112059005-300x211.jpg 300w, https:\/\/www.latribunedufaso.net\/wp-content\/uploads\/2025\/11\/FB_IMG_1762112059005-1024x720.jpg 1024w, https:\/\/www.latribunedufaso.net\/wp-content\/uploads\/2025\/11\/FB_IMG_1762112059005-768x540.jpg 768w\" sizes=\"auto, (max-width: 1280px) 100vw, 1280px\" \/><\/a><a href=\"https:\/\/www.latribunedufaso.net\/wp-content\/uploads\/2025\/11\/FB_IMG_1762111252411.jpg\"><img loading=\"lazy\" decoding=\"async\" class=\"aligncenter size-full wp-image-24676\" src=\"https:\/\/www.latribunedufaso.net\/wp-content\/uploads\/2025\/11\/FB_IMG_1762111252411.jpg\" alt=\"Le Burkinab\u00e8 Paul Daumont a sign\u00e9, ce 2 novembre 2025, sa quatri\u00e8me victoire d\u2019\u00e9tape du 36e Tour du Faso (derni\u00e8re \u00e9tape Sapon\u00e9-Ouaga)\" width=\"2048\" height=\"1422\" srcset=\"https:\/\/www.latribunedufaso.net\/wp-content\/uploads\/2025\/11\/FB_IMG_1762111252411.jpg 2048w, https:\/\/www.latribunedufaso.net\/wp-content\/uploads\/2025\/11\/FB_IMG_1762111252411-300x208.jpg 300w, https:\/\/www.latribunedufaso.net\/wp-content\/uploads\/2025\/11\/FB_IMG_1762111252411-1024x711.jpg 1024w, https:\/\/www.latribunedufaso.net\/wp-content\/uploads\/2025\/11\/FB_IMG_1762111252411-768x533.jpg 768w, https:\/\/www.latribunedufaso.net\/wp-content\/uploads\/2025\/11\/FB_IMG_1762111252411-1536x1067.jpg 1536w\" sizes=\"auto, (max-width: 2048px) 100vw, 2048px\" \/><\/a><\/p>\n","protected":false},"excerpt":{"rendered":"<p>Le Burkinab\u00e8 Paul Daumont a sign\u00e9, ce 2 novembre 2025, sa quatri\u00e8me victoire d\u2019\u00e9tape du 36e Tour du Faso, en s\u2019imposant \u00e0 Ouagadougou sur la derni\u00e8re \u00e9tape longue de 113,250 Km, courue entre Sapon\u00e9 et Ouagadougou pour 42Km, avant un crit\u00e9rium final.<\/p>\n","protected":false},"author":5,"featured_media":24677,"comment_status":"open","ping_status":"open","sticky":false,"template":"","format":"standard","meta":{"footnotes":""},"categories":[13,1,17],"tags":[403,39,402],"class_list":["post-24674","post","type-post","status-publish","format-standard","has-post-thumbnail","hentry","category-une","category-actu","category-sport","tag-cyclisme","tag-latribunedufaso-net","tag-tour-du-faso"],"yoast_head":"<!-- This site is optimized with the Yoast SEO plugin v27.5 - https:\/\/yoast.com\/product\/yoast-seo-wordpress\/ -->\n<title>36e Tour du Faso : Paul Daumont triomphe \u00e0 Ouagadougou et remporte le maillot jaune 2025 - La Tribune du Faso<\/title>\n<meta name=\"robots\" content=\"index, follow, max-snippet:-1, max-image-preview:large, max-video-preview:-1\" \/>\n<link rel=\"canonical\" href=\"https:\/\/www.latribunedufaso.net\/?p=24674\" \/>\n<meta property=\"og:locale\" content=\"fr_FR\" \/>\n<meta property=\"og:type\" content=\"article\" \/>\n<meta property=\"og:title\" content=\"36e Tour du Faso : Paul Daumont triomphe \u00e0 Ouagadougou et remporte le maillot jaune 2025 - La Tribune du Faso\" \/>\n<meta property=\"og:description\" content=\"Le Burkinab\u00e8 Paul Daumont a sign\u00e9, ce 2 novembre 2025, sa quatri\u00e8me victoire d\u2019\u00e9tape du 36e Tour du Faso, en s\u2019imposant \u00e0 Ouagadougou sur la derni\u00e8re \u00e9tape longue de 113,250 Km, courue entre Sapon\u00e9 et Ouagadougou pour 42Km, avant un crit\u00e9rium final.\" \/>\n<meta property=\"og:url\" content=\"https:\/\/www.latribunedufaso.net\/?p=24674\" \/>\n<meta property=\"og:site_name\" content=\"La Tribune du Faso\" \/>\n<meta property=\"article:publisher\" content=\"https:\/\/www.facebook.com\/LatribuneduFaso\/\" \/>\n<meta property=\"article:published_time\" content=\"2025-11-02T20:06:11+00:00\" \/>\n<meta property=\"og:image\" content=\"https:\/\/www.latribunedufaso.net\/wp-content\/uploads\/2025\/11\/FB_IMG_1762111241665_1.jpg\" \/>\n\t<meta property=\"og:image:width\" content=\"1049\" \/>\n\t<meta property=\"og:image:height\" content=\"787\" \/>\n\t<meta property=\"og:image:type\" content=\"image\/jpeg\" \/>\n<meta name=\"author\" content=\"Issouf Tapsoba\" \/>\n<meta name=\"twitter:label1\" content=\"\u00c9crit par\" \/>\n\t<meta name=\"twitter:data1\" content=\"Issouf Tapsoba\" \/>\n\t<meta name=\"twitter:label2\" content=\"Dur\u00e9e de lecture estim\u00e9e\" \/>\n\t<meta name=\"twitter:data2\" content=\"2 minutes\" \/>\n<script type=\"application\/ld+json\" class=\"yoast-schema-graph\">{\"@context\":\"https:\\\/\\\/schema.org\",\"@graph\":[{\"@type\":\"Article\",\"@id\":\"https:\\\/\\\/www.latribunedufaso.net\\\/?p=24674#article\",\"isPartOf\":{\"@id\":\"https:\\\/\\\/www.latribunedufaso.net\\\/?p=24674\"},\"author\":{\"name\":\"Issouf Tapsoba\",\"@id\":\"https:\\\/\\\/www.latribunedufaso.net\\\/#\\\/schema\\\/person\\\/e54e64c5778a7e72cf80a318b7a622b0\"},\"headline\":\"36e Tour du Faso : Paul Daumont triomphe \u00e0 Ouagadougou et remporte le maillot jaune 2025\",\"datePublished\":\"2025-11-02T20:06:11+00:00\",\"mainEntityOfPage\":{\"@id\":\"https:\\\/\\\/www.latribunedufaso.net\\\/?p=24674\"},\"wordCount\":318,\"commentCount\":0,\"publisher\":{\"@id\":\"https:\\\/\\\/www.latribunedufaso.net\\\/#organization\"},\"image\":{\"@id\":\"https:\\\/\\\/www.latribunedufaso.net\\\/?p=24674#primaryimage\"},\"thumbnailUrl\":\"https:\\\/\\\/www.latribunedufaso.net\\\/wp-content\\\/uploads\\\/2025\\\/11\\\/FB_IMG_1762111241665_1.jpg\",\"keywords\":[\"cyclisme\",\"latribunedufaso.net\",\"Tour du Faso\"],\"articleSection\":[\"A la une\",\"Actualit\u00e9\",\"Sport\"],\"inLanguage\":\"fr-FR\",\"potentialAction\":[{\"@type\":\"CommentAction\",\"name\":\"Comment\",\"target\":[\"https:\\\/\\\/www.latribunedufaso.net\\\/?p=24674#respond\"]}]},{\"@type\":\"WebPage\",\"@id\":\"https:\\\/\\\/www.latribunedufaso.net\\\/?p=24674\",\"url\":\"https:\\\/\\\/www.latribunedufaso.net\\\/?p=24674\",\"name\":\"36e Tour du Faso : Paul Daumont triomphe \u00e0 Ouagadougou et remporte le maillot jaune 2025 - La Tribune du Faso\",\"isPartOf\":{\"@id\":\"https:\\\/\\\/www.latribunedufaso.net\\\/#website\"},\"primaryImageOfPage\":{\"@id\":\"https:\\\/\\\/www.latribunedufaso.net\\\/?p=24674#primaryimage\"},\"image\":{\"@id\":\"https:\\\/\\\/www.latribunedufaso.net\\\/?p=24674#primaryimage\"},\"thumbnailUrl\":\"https:\\\/\\\/www.latribunedufaso.net\\\/wp-content\\\/uploads\\\/2025\\\/11\\\/FB_IMG_1762111241665_1.jpg\",\"datePublished\":\"2025-11-02T20:06:11+00:00\",\"breadcrumb\":{\"@id\":\"https:\\\/\\\/www.latribunedufaso.net\\\/?p=24674#breadcrumb\"},\"inLanguage\":\"fr-FR\",\"potentialAction\":[{\"@type\":\"ReadAction\",\"target\":[\"https:\\\/\\\/www.latribunedufaso.net\\\/?p=24674\"]}]},{\"@type\":\"ImageObject\",\"inLanguage\":\"fr-FR\",\"@id\":\"https:\\\/\\\/www.latribunedufaso.net\\\/?p=24674#primaryimage\",\"url\":\"https:\\\/\\\/www.latribunedufaso.net\\\/wp-content\\\/uploads\\\/2025\\\/11\\\/FB_IMG_1762111241665_1.jpg\",\"contentUrl\":\"https:\\\/\\\/www.latribunedufaso.net\\\/wp-content\\\/uploads\\\/2025\\\/11\\\/FB_IMG_1762111241665_1.jpg\",\"width\":1049,\"height\":787,\"caption\":\"Le Burkinab\u00e8 Paul Daumont a sign\u00e9, ce 2 novembre 2025, sa quatri\u00e8me victoire d\u2019\u00e9tape du 36e Tour du Faso (derni\u00e8re \u00e9tape Sapon\u00e9-Ouaga)\"},{\"@type\":\"BreadcrumbList\",\"@id\":\"https:\\\/\\\/www.latribunedufaso.net\\\/?p=24674#breadcrumb\",\"itemListElement\":[{\"@type\":\"ListItem\",\"position\":1,\"name\":\"Accueil\",\"item\":\"https:\\\/\\\/www.latribunedufaso.net\\\/\"},{\"@type\":\"ListItem\",\"position\":2,\"name\":\"36e Tour du Faso : Paul Daumont triomphe \u00e0 Ouagadougou et remporte le maillot jaune 2025\"}]},{\"@type\":\"WebSite\",\"@id\":\"https:\\\/\\\/www.latribunedufaso.net\\\/#website\",\"url\":\"https:\\\/\\\/www.latribunedufaso.net\\\/\",\"name\":\"La Tribune du Faso\",\"description\":\"L&#039;information du monde rural en un clic\",\"publisher\":{\"@id\":\"https:\\\/\\\/www.latribunedufaso.net\\\/#organization\"},\"potentialAction\":[{\"@type\":\"SearchAction\",\"target\":{\"@type\":\"EntryPoint\",\"urlTemplate\":\"https:\\\/\\\/www.latribunedufaso.net\\\/?s={search_term_string}\"},\"query-input\":{\"@type\":\"PropertyValueSpecification\",\"valueRequired\":true,\"valueName\":\"search_term_string\"}}],\"inLanguage\":\"fr-FR\"},{\"@type\":\"Organization\",\"@id\":\"https:\\\/\\\/www.latribunedufaso.net\\\/#organization\",\"name\":\"La Tribune du Faso\",\"url\":\"https:\\\/\\\/www.latribunedufaso.net\\\/\",\"logo\":{\"@type\":\"ImageObject\",\"inLanguage\":\"fr-FR\",\"@id\":\"https:\\\/\\\/www.latribunedufaso.net\\\/#\\\/schema\\\/logo\\\/image\\\/\",\"url\":\"https:\\\/\\\/www.latribunedufaso.net\\\/wp-content\\\/uploads\\\/2020\\\/08\\\/Logo-Tribune-du-Faso-final-scaled.jpg\",\"contentUrl\":\"https:\\\/\\\/www.latribunedufaso.net\\\/wp-content\\\/uploads\\\/2020\\\/08\\\/Logo-Tribune-du-Faso-final-scaled.jpg\",\"width\":2560,\"height\":1856,\"caption\":\"La Tribune du Faso\"},\"image\":{\"@id\":\"https:\\\/\\\/www.latribunedufaso.net\\\/#\\\/schema\\\/logo\\\/image\\\/\"},\"sameAs\":[\"https:\\\/\\\/www.facebook.com\\\/LatribuneduFaso\\\/\"]},{\"@type\":\"Person\",\"@id\":\"https:\\\/\\\/www.latribunedufaso.net\\\/#\\\/schema\\\/person\\\/e54e64c5778a7e72cf80a318b7a622b0\",\"name\":\"Issouf Tapsoba\",\"image\":{\"@type\":\"ImageObject\",\"inLanguage\":\"fr-FR\",\"@id\":\"https:\\\/\\\/secure.gravatar.com\\\/avatar\\\/5e6c05150ce3230247d167f5b94d678eb05936197436d69b7921e3a95c9107ac?s=96&d=mm&r=g\",\"url\":\"https:\\\/\\\/secure.gravatar.com\\\/avatar\\\/5e6c05150ce3230247d167f5b94d678eb05936197436d69b7921e3a95c9107ac?s=96&d=mm&r=g\",\"contentUrl\":\"https:\\\/\\\/secure.gravatar.com\\\/avatar\\\/5e6c05150ce3230247d167f5b94d678eb05936197436d69b7921e3a95c9107ac?s=96&d=mm&r=g\",\"caption\":\"Issouf Tapsoba\"},\"url\":\"https:\\\/\\\/www.latribunedufaso.net\\\/?author=5\"}]}<\/script>\n<!-- \/ Yoast SEO plugin. -->","yoast_head_json":{"title":"36e Tour du Faso : Paul Daumont triomphe \u00e0 Ouagadougou et remporte le maillot jaune 2025 - La Tribune du Faso","robots":{"index":"index","follow":"follow","max-snippet":"max-snippet:-1","max-image-preview":"max-image-preview:large","max-video-preview":"max-video-preview:-1"},"canonical":"https:\/\/www.latribunedufaso.net\/?p=24674","og_locale":"fr_FR","og_type":"article","og_title":"36e Tour du Faso : Paul Daumont triomphe \u00e0 Ouagadougou et remporte le maillot jaune 2025 - La Tribune du Faso","og_description":"Le Burkinab\u00e8 Paul Daumont a sign\u00e9, ce 2 novembre 2025, sa quatri\u00e8me victoire d\u2019\u00e9tape du 36e Tour du Faso, en s\u2019imposant \u00e0 Ouagadougou sur la derni\u00e8re \u00e9tape longue de 113,250 Km, courue entre Sapon\u00e9 et Ouagadougou pour 42Km, avant un crit\u00e9rium final.","og_url":"https:\/\/www.latribunedufaso.net\/?p=24674","og_site_name":"La Tribune du Faso","article_publisher":"https:\/\/www.facebook.com\/LatribuneduFaso\/","article_published_time":"2025-11-02T20:06:11+00:00","og_image":[{"width":1049,"height":787,"url":"https:\/\/www.latribunedufaso.net\/wp-content\/uploads\/2025\/11\/FB_IMG_1762111241665_1.jpg","type":"image\/jpeg"}],"author":"Issouf Tapsoba","twitter_misc":{"\u00c9crit par":"Issouf Tapsoba","Dur\u00e9e de lecture estim\u00e9e":"2 minutes"},"schema":{"@context":"https:\/\/schema.org","@graph":[{"@type":"Article","@id":"https:\/\/www.latribunedufaso.net\/?p=24674#article","isPartOf":{"@id":"https:\/\/www.latribunedufaso.net\/?p=24674"},"author":{"name":"Issouf Tapsoba","@id":"https:\/\/www.latribunedufaso.net\/#\/schema\/person\/e54e64c5778a7e72cf80a318b7a622b0"},"headline":"36e Tour du Faso : Paul Daumont triomphe \u00e0 Ouagadougou et remporte le maillot jaune 2025","datePublished":"2025-11-02T20:06:11+00:00","mainEntityOfPage":{"@id":"https:\/\/www.latribunedufaso.net\/?p=24674"},"wordCount":318,"commentCount":0,"publisher":{"@id":"https:\/\/www.latribunedufaso.net\/#organization"},"image":{"@id":"https:\/\/www.latribunedufaso.net\/?p=24674#primaryimage"},"thumbnailUrl":"https:\/\/www.latribunedufaso.net\/wp-content\/uploads\/2025\/11\/FB_IMG_1762111241665_1.jpg","keywords":["cyclisme","latribunedufaso.net","Tour du Faso"],"articleSection":["A la une","Actualit\u00e9","Sport"],"inLanguage":"fr-FR","potentialAction":[{"@type":"CommentAction","name":"Comment","target":["https:\/\/www.latribunedufaso.net\/?p=24674#respond"]}]},{"@type":"WebPage","@id":"https:\/\/www.latribunedufaso.net\/?p=24674","url":"https:\/\/www.latribunedufaso.net\/?p=24674","name":"36e Tour du Faso : Paul Daumont triomphe \u00e0 Ouagadougou et remporte le maillot jaune 2025 - La Tribune du Faso","isPartOf":{"@id":"https:\/\/www.latribunedufaso.net\/#website"},"primaryImageOfPage":{"@id":"https:\/\/www.latribunedufaso.net\/?p=24674#primaryimage"},"image":{"@id":"https:\/\/www.latribunedufaso.net\/?p=24674#primaryimage"},"thumbnailUrl":"https:\/\/www.latribunedufaso.net\/wp-content\/uploads\/2025\/11\/FB_IMG_1762111241665_1.jpg","datePublished":"2025-11-02T20:06:11+00:00","breadcrumb":{"@id":"https:\/\/www.latribunedufaso.net\/?p=24674#breadcrumb"},"inLanguage":"fr-FR","potentialAction":[{"@type":"ReadAction","target":["https:\/\/www.latribunedufaso.net\/?p=24674"]}]},{"@type":"ImageObject","inLanguage":"fr-FR","@id":"https:\/\/www.latribunedufaso.net\/?p=24674#primaryimage","url":"https:\/\/www.latribunedufaso.net\/wp-content\/uploads\/2025\/11\/FB_IMG_1762111241665_1.jpg","contentUrl":"https:\/\/www.latribunedufaso.net\/wp-content\/uploads\/2025\/11\/FB_IMG_1762111241665_1.jpg","width":1049,"height":787,"caption":"Le Burkinab\u00e8 Paul Daumont a sign\u00e9, ce 2 novembre 2025, sa quatri\u00e8me victoire d\u2019\u00e9tape du 36e Tour du Faso (derni\u00e8re \u00e9tape Sapon\u00e9-Ouaga)"},{"@type":"BreadcrumbList","@id":"https:\/\/www.latribunedufaso.net\/?p=24674#breadcrumb","itemListElement":[{"@type":"ListItem","position":1,"name":"Accueil","item":"https:\/\/www.latribunedufaso.net\/"},{"@type":"ListItem","position":2,"name":"36e Tour du Faso : Paul Daumont triomphe \u00e0 Ouagadougou et remporte le maillot jaune 2025"}]},{"@type":"WebSite","@id":"https:\/\/www.latribunedufaso.net\/#website","url":"https:\/\/www.latribunedufaso.net\/","name":"La Tribune du Faso","description":"L&#039;information du monde rural en un clic","publisher":{"@id":"https:\/\/www.latribunedufaso.net\/#organization"},"potentialAction":[{"@type":"SearchAction","target":{"@type":"EntryPoint","urlTemplate":"https:\/\/www.latribunedufaso.net\/?s={search_term_string}"},"query-input":{"@type":"PropertyValueSpecification","valueRequired":true,"valueName":"search_term_string"}}],"inLanguage":"fr-FR"},{"@type":"Organization","@id":"https:\/\/www.latribunedufaso.net\/#organization","name":"La Tribune du Faso","url":"https:\/\/www.latribunedufaso.net\/","logo":{"@type":"ImageObject","inLanguage":"fr-FR","@id":"https:\/\/www.latribunedufaso.net\/#\/schema\/logo\/image\/","url":"https:\/\/www.latribunedufaso.net\/wp-content\/uploads\/2020\/08\/Logo-Tribune-du-Faso-final-scaled.jpg","contentUrl":"https:\/\/www.latribunedufaso.net\/wp-content\/uploads\/2020\/08\/Logo-Tribune-du-Faso-final-scaled.jpg","width":2560,"height":1856,"caption":"La Tribune du Faso"},"image":{"@id":"https:\/\/www.latribunedufaso.net\/#\/schema\/logo\/image\/"},"sameAs":["https:\/\/www.facebook.com\/LatribuneduFaso\/"]},{"@type":"Person","@id":"https:\/\/www.latribunedufaso.net\/#\/schema\/person\/e54e64c5778a7e72cf80a318b7a622b0","name":"Issouf Tapsoba","image":{"@type":"ImageObject","inLanguage":"fr-FR","@id":"https:\/\/secure.gravatar.com\/avatar\/5e6c05150ce3230247d167f5b94d678eb05936197436d69b7921e3a95c9107ac?s=96&d=mm&r=g","url":"https:\/\/secure.gravatar.com\/avatar\/5e6c05150ce3230247d167f5b94d678eb05936197436d69b7921e3a95c9107ac?s=96&d=mm&r=g","contentUrl":"https:\/\/secure.gravatar.com\/avatar\/5e6c05150ce3230247d167f5b94d678eb05936197436d69b7921e3a95c9107ac?s=96&d=mm&r=g","caption":"Issouf Tapsoba"},"url":"https:\/\/www.latribunedufaso.net\/?author=5"}]}},"_links":{"self":[{"href":"https:\/\/www.latribunedufaso.net\/index.php?rest_route=\/wp\/v2\/posts\/24674","targetHints":{"allow":["GET"]}}],"collection":[{"href":"https:\/\/www.latribunedufaso.net\/index.php?rest_route=\/wp\/v2\/posts"}],"about":[{"href":"https:\/\/www.latribunedufaso.net\/index.php?rest_route=\/wp\/v2\/types\/post"}],"author":[{"embeddable":true,"href":"https:\/\/www.latribunedufaso.net\/index.php?rest_route=\/wp\/v2\/users\/5"}],"replies":[{"embeddable":true,"href":"https:\/\/www.latribunedufaso.net\/index.php?rest_route=%2Fwp%2Fv2%2Fcomments&post=24674"}],"version-history":[{"count":1,"href":"https:\/\/www.latribunedufaso.net\/index.php?rest_route=\/wp\/v2\/posts\/24674\/revisions"}],"predecessor-version":[{"id":24679,"href":"https:\/\/www.latribunedufaso.net\/index.php?rest_route=\/wp\/v2\/posts\/24674\/revisions\/24679"}],"wp:featuredmedia":[{"embeddable":true,"href":"https:\/\/www.latribunedufaso.net\/index.php?rest_route=\/wp\/v2\/media\/24677"}],"wp:attachment":[{"href":"https:\/\/www.latribunedufaso.net\/index.php?rest_route=%2Fwp%2Fv2%2Fmedia&parent=24674"}],"wp:term":[{"taxonomy":"category","embeddable":true,"href":"https:\/\/www.latribunedufaso.net\/index.php?rest_route=%2Fwp%2Fv2%2Fcategories&post=24674"},{"taxonomy":"post_tag","embeddable":true,"href":"https:\/\/www.latribunedufaso.net\/index.php?rest_route=%2Fwp%2Fv2%2Ftags&post=24674"}],"curies":[{"name":"wp","href":"https:\/\/api.w.org\/{rel}","templated":true}]}}