{"id":24603,"date":"2025-10-29T22:35:39","date_gmt":"2025-10-29T22:35:39","guid":{"rendered":"https:\/\/www.latribunedufaso.net\/?p=24603"},"modified":"2025-12-17T19:21:48","modified_gmt":"2025-12-17T19:21:48","slug":"sante-vers-la-production-de-medicaments-made-in-burkina-faso","status":"publish","type":"post","link":"https:\/\/www.latribunedufaso.net\/?p=24603","title":{"rendered":"Sant\u00e9 : Vers la production de m\u00e9dicaments \u00ab Made in Burkina Faso \u00bb"},"content":{"rendered":"<p><strong>Le ministre de la Sant\u00e9 et de l\u2019Hygi\u00e8ne publique, Dr Robert Lucien Kargougou, a pr\u00e9sid\u00e9 ce 29 octobre \u00e0 Ouagadougou, la c\u00e9r\u00e9monie d\u2019ouverture de la 6\u1d49 Journ\u00e9e Pharmaceutique et du 10\u1d49 Congr\u00e8s de l\u2019Ordre National des Pharmaciens (ONP). L\u2019\u00e9v\u00e9nement, plac\u00e9 sous le th\u00e8me <em>\u00ab Souverainet\u00e9 pharmaceutique du Burkina Faso : d\u00e9fis et opportunit\u00e9s \u00bb<\/em>, s\u2019est tenu en pr\u00e9sence du Ministre de l\u2019Industrie, du Commerce et de l\u2019Artisanat, Serge Gnaniodem Poda, co-parrain de la c\u00e9r\u00e9monie, et du Ministre de la Justice, Edasso Rodrigue Bayala.<\/strong><!--more--><\/p>\n<p>Dans son discours, le Ministre Kargougou a f\u00e9licit\u00e9 l\u2019ordre national des pharmaciens, initiateur de cette activit\u00e9. Il a par ailleurs rappel\u00e9 que l\u2019acc\u00e8s \u00e0 des produits de sant\u00e9 de qualit\u00e9 est une condition indispensable pour assurer un \u00e9tat de sant\u00e9 \u00e9lev\u00e9 des populations.<\/p>\n<figure id=\"attachment_24616\" aria-describedby=\"caption-attachment-24616\" style=\"width: 2560px\" class=\"wp-caption aligncenter\"><a href=\"https:\/\/www.latribunedufaso.net\/wp-content\/uploads\/2025\/10\/IMG-20251031-WA0093.jpg\"><img loading=\"lazy\" decoding=\"async\" class=\"size-full wp-image-24616\" src=\"https:\/\/www.latribunedufaso.net\/wp-content\/uploads\/2025\/10\/IMG-20251031-WA0093.jpg\" alt=\"C\u00e9r\u00e9monie d'ouverture de la 6\u1d49 Journ\u00e9e Pharmaceutique et du 10\u1d49 Congr\u00e8s de l\u2019Ordre National des Pharmaciens (ONP), 29 octobre 2025\" width=\"2560\" height=\"1440\" srcset=\"https:\/\/www.latribunedufaso.net\/wp-content\/uploads\/2025\/10\/IMG-20251031-WA0093.jpg 2560w, https:\/\/www.latribunedufaso.net\/wp-content\/uploads\/2025\/10\/IMG-20251031-WA0093-300x169.jpg 300w, https:\/\/www.latribunedufaso.net\/wp-content\/uploads\/2025\/10\/IMG-20251031-WA0093-1024x576.jpg 1024w, https:\/\/www.latribunedufaso.net\/wp-content\/uploads\/2025\/10\/IMG-20251031-WA0093-768x432.jpg 768w, https:\/\/www.latribunedufaso.net\/wp-content\/uploads\/2025\/10\/IMG-20251031-WA0093-1536x864.jpg 1536w, https:\/\/www.latribunedufaso.net\/wp-content\/uploads\/2025\/10\/IMG-20251031-WA0093-2048x1152.jpg 2048w\" sizes=\"auto, (max-width: 2560px) 100vw, 2560px\" \/><\/a><figcaption id=\"caption-attachment-24616\" class=\"wp-caption-text\">Le ministre de la Sant\u00e9, Dr Robert Lucien Kargougou &#8211; Ph. N. Ouattara<\/figcaption><\/figure>\n<p><em><strong>\u00ab Face au contexte s\u00e9curitaire et aux vuln\u00e9rabilit\u00e9s r\u00e9v\u00e9l\u00e9es par les crises sanitaires, la souverainet\u00e9 pharmaceutique constitue d\u00e9sormais une priorit\u00e9 nationale, inscrite dans la vision des plus hautes autorit\u00e9s \u00bb,<\/strong><\/em> a-t-il soulign\u00e9.<\/p>\n<p>Au cours de la c\u00e9r\u00e9monie , sept figures du secteur pharmaceutique ont \u00e9t\u00e9 distingu\u00e9es pour leur contribution au d\u00e9veloppement de la profession. Parmi elles, le parrain de l\u2019\u00e9v\u00e9nement, le Pr Pierre Innocent Guissou, pharmacien et enseignant-chercheur, reconnu comme l\u2019un des p\u00e8res fondateurs de la facult\u00e9 de pharmacie du Burkina Faso.<\/p>\n<figure id=\"attachment_24615\" aria-describedby=\"caption-attachment-24615\" style=\"width: 2560px\" class=\"wp-caption aligncenter\"><a href=\"https:\/\/www.latribunedufaso.net\/wp-content\/uploads\/2025\/10\/IMG-20251031-WA0096.jpg\"><img loading=\"lazy\" decoding=\"async\" class=\"size-full wp-image-24615\" src=\"https:\/\/www.latribunedufaso.net\/wp-content\/uploads\/2025\/10\/IMG-20251031-WA0096.jpg\" alt=\"C\u00e9r\u00e9monie d'ouverture de la 6\u1d49 Journ\u00e9e Pharmaceutique et du 10\u1d49 Congr\u00e8s de l\u2019Ordre National des Pharmaciens (ONP), 29 octobre 2025\" width=\"2560\" height=\"1440\" srcset=\"https:\/\/www.latribunedufaso.net\/wp-content\/uploads\/2025\/10\/IMG-20251031-WA0096.jpg 2560w, https:\/\/www.latribunedufaso.net\/wp-content\/uploads\/2025\/10\/IMG-20251031-WA0096-300x169.jpg 300w, https:\/\/www.latribunedufaso.net\/wp-content\/uploads\/2025\/10\/IMG-20251031-WA0096-1024x576.jpg 1024w, https:\/\/www.latribunedufaso.net\/wp-content\/uploads\/2025\/10\/IMG-20251031-WA0096-768x432.jpg 768w, https:\/\/www.latribunedufaso.net\/wp-content\/uploads\/2025\/10\/IMG-20251031-WA0096-1536x864.jpg 1536w, https:\/\/www.latribunedufaso.net\/wp-content\/uploads\/2025\/10\/IMG-20251031-WA0096-2048x1152.jpg 2048w\" sizes=\"auto, (max-width: 2560px) 100vw, 2560px\" \/><\/a><figcaption id=\"caption-attachment-24615\" class=\"wp-caption-text\">Le Pr Pierre Innocent Guissou, parrain de l\u2019\u00e9v\u00e9nement &#8211; Ph. N. Ouattara<\/figcaption><\/figure>\n<p>Selon le Pr Guissou, <em><strong>\u00ab la souverainet\u00e9 pharmaceutique est la capacit\u00e9 d\u2019un pays \u00e0 ma\u00eetriser sa propre politique pharmaceutique et sa production de m\u00e9dicaments pour r\u00e9pondre aux besoins de sa population \u00bb<\/strong><\/em>. Il a encourag\u00e9 les pharmaciens \u00e0 faire preuve d\u2019inventivit\u00e9, rappelant que <em><strong>\u00ab la pharmacie est l\u2019art de ma\u00eetriser la science du m\u00e9dicament pour garantir la sant\u00e9 des malades, des patients et de la population en g\u00e9n\u00e9ral \u00bb.<\/strong><\/em><\/p>\n<figure id=\"attachment_24613\" aria-describedby=\"caption-attachment-24613\" style=\"width: 2560px\" class=\"wp-caption aligncenter\"><a href=\"https:\/\/www.latribunedufaso.net\/wp-content\/uploads\/2025\/10\/IMG-20251031-WA0099.jpg\"><img loading=\"lazy\" decoding=\"async\" class=\"size-full wp-image-24613\" src=\"https:\/\/www.latribunedufaso.net\/wp-content\/uploads\/2025\/10\/IMG-20251031-WA0099.jpg\" alt=\"C\u00e9r\u00e9monie d'ouverture de la 6\u1d49 Journ\u00e9e Pharmaceutique et du 10\u1d49 Congr\u00e8s de l\u2019Ordre National des Pharmaciens (ONP), 29 octobre 2025\" width=\"2560\" height=\"1440\" srcset=\"https:\/\/www.latribunedufaso.net\/wp-content\/uploads\/2025\/10\/IMG-20251031-WA0099.jpg 2560w, https:\/\/www.latribunedufaso.net\/wp-content\/uploads\/2025\/10\/IMG-20251031-WA0099-300x169.jpg 300w, https:\/\/www.latribunedufaso.net\/wp-content\/uploads\/2025\/10\/IMG-20251031-WA0099-1024x576.jpg 1024w, https:\/\/www.latribunedufaso.net\/wp-content\/uploads\/2025\/10\/IMG-20251031-WA0099-768x432.jpg 768w, https:\/\/www.latribunedufaso.net\/wp-content\/uploads\/2025\/10\/IMG-20251031-WA0099-1536x864.jpg 1536w, https:\/\/www.latribunedufaso.net\/wp-content\/uploads\/2025\/10\/IMG-20251031-WA0099-2048x1152.jpg 2048w\" sizes=\"auto, (max-width: 2560px) 100vw, 2560px\" \/><\/a><figcaption id=\"caption-attachment-24613\" class=\"wp-caption-text\">Une vue des participants internationaux et nationaux lors des panels et ateliers du congr\u00e8s &#8211; Ph. N. Ouattara<\/figcaption><\/figure>\n<p>Pendant deux jours, les professionnels de la sant\u00e9 venus de Belgique, B\u00e9nin, Cameroun, C\u00f4te d\u2019Ivoire, Guadeloupe, Guin\u00e9e-Conakry, Mali, Niger et Togo, participeront \u00e0 des panels, conf\u00e9rences et ateliers th\u00e9matiques, renfor\u00e7ant le partage d\u2019exp\u00e9riences et le d\u00e9veloppement du secteur pharmaceutique burkinab\u00e8.<\/p>\n<figure id=\"attachment_24614\" aria-describedby=\"caption-attachment-24614\" style=\"width: 2560px\" class=\"wp-caption aligncenter\"><a href=\"https:\/\/www.latribunedufaso.net\/wp-content\/uploads\/2025\/10\/IMG-20251031-WA0102.jpg\"><img loading=\"lazy\" decoding=\"async\" class=\"size-full wp-image-24614\" src=\"https:\/\/www.latribunedufaso.net\/wp-content\/uploads\/2025\/10\/IMG-20251031-WA0102.jpg\" alt=\"C\u00e9r\u00e9monie d'ouverture de la 6\u1d49 Journ\u00e9e Pharmaceutique et du 10\u1d49 Congr\u00e8s de l\u2019Ordre National des Pharmaciens (ONP), 29 octobre 2025\" width=\"2560\" height=\"1641\" srcset=\"https:\/\/www.latribunedufaso.net\/wp-content\/uploads\/2025\/10\/IMG-20251031-WA0102.jpg 2560w, https:\/\/www.latribunedufaso.net\/wp-content\/uploads\/2025\/10\/IMG-20251031-WA0102-300x192.jpg 300w, https:\/\/www.latribunedufaso.net\/wp-content\/uploads\/2025\/10\/IMG-20251031-WA0102-1024x656.jpg 1024w, https:\/\/www.latribunedufaso.net\/wp-content\/uploads\/2025\/10\/IMG-20251031-WA0102-768x492.jpg 768w, https:\/\/www.latribunedufaso.net\/wp-content\/uploads\/2025\/10\/IMG-20251031-WA0102-1536x985.jpg 1536w, https:\/\/www.latribunedufaso.net\/wp-content\/uploads\/2025\/10\/IMG-20251031-WA0102-2048x1313.jpg 2048w\" sizes=\"auto, (max-width: 2560px) 100vw, 2560px\" \/><\/a><figcaption id=\"caption-attachment-24614\" class=\"wp-caption-text\">Le Pr\u00e9sident de l\u2019Ordre National des Pharmaciens, Dr N\u00e9di\u00e9 Nao &#8211; Ph. N. Ouattara<\/figcaption><\/figure>\n<p>A \u00e9couter, Dr N\u00e9di\u00e9 Nao, Pr\u00e9sident de l\u2019ONP, ils auront aussi \u00e0 <em><strong>\u00ab statuer sur le bilan \u00e0 mi-mandat du conseil national de l\u2019ordre des pharmaciens exercice 2023-2025 d\u2019une part; et d\u2019autre part \u00e0 formuler des recommandations et \u00e0 adopter des r\u00e9solutions qui contribueront \u00e0 am\u00e9liorer nos pratiques professionnelles \u00bb.<\/strong><\/em><\/p>\n<p><strong>Nabintou OUATTARA\u00a0<\/strong><\/p>\n<p><strong>Latribunedufaso.net\u00a0<\/strong><\/p>\n<p><iframe loading=\"lazy\" width=\"560\" height=\"315\" src=\"https:\/\/www.youtube.com\/embed\/Uq-PRKNjIjQ?si=j2hUXWY3JP55F_i4\" title=\"YouTube video player\" frameborder=\"0\" allow=\"accelerometer; autoplay; clipboard-write; encrypted-media; gyroscope; picture-in-picture; web-share\" referrerpolicy=\"strict-origin-when-cross-origin\" allowfullscreen><\/iframe><\/p>\n<p>Lire aussi &gt;&gt; <a href=\"https:\/\/www.latribunedufaso.net\/?p=13703\">Pharma expo BF 2024 : Un panel sur la digitalisation dans le secteur de la pharmacie\u00a0<\/a><\/p>\n","protected":false},"excerpt":{"rendered":"<p>Le ministre de la Sant\u00e9 et de l\u2019Hygi\u00e8ne publique, Dr Robert Lucien Kargougou, a pr\u00e9sid\u00e9 ce 29 octobre \u00e0 Ouagadougou, la c\u00e9r\u00e9monie d\u2019ouverture de la 6\u1d49 Journ\u00e9e Pharmaceutique et du 10\u1d49 Congr\u00e8s de l\u2019Ordre National des Pharmaciens (ONP). L\u2019\u00e9v\u00e9nement, plac\u00e9 sous le th\u00e8me \u00ab Souverainet\u00e9 pharmaceutique du Burkina Faso : d\u00e9fis et opportunit\u00e9s \u00bb, s\u2019est tenu en pr\u00e9sence du Ministre de l\u2019Industrie, du Commerce et de l\u2019Artisanat, Serge Gnaniodem Poda, co-parrain de la c\u00e9r\u00e9monie, et du Ministre de la Justice, Edasso Rodrigue Bayala.<\/p>\n","protected":false},"author":5,"featured_media":24618,"comment_status":"open","ping_status":"open","sticky":false,"template":"","format":"standard","meta":{"footnotes":""},"categories":[13,1,7],"tags":[1727,1729,1728,191],"class_list":["post-24603","post","type-post","status-publish","format-standard","has-post-thumbnail","hentry","category-une","category-actu","category-sante","tag-congres-des-pharmaciens","tag-journee-des-pharmaciens","tag-ordre-des-pharmaciens","tag-sante"],"yoast_head":"<!-- This site is optimized with the Yoast SEO plugin v27.5 - https:\/\/yoast.com\/product\/yoast-seo-wordpress\/ -->\n<title>Sant\u00e9 : Vers la production de m\u00e9dicaments \u00ab Made in Burkina Faso \u00bb - La Tribune du Faso<\/title>\n<meta name=\"robots\" content=\"index, follow, max-snippet:-1, max-image-preview:large, max-video-preview:-1\" \/>\n<link rel=\"canonical\" href=\"https:\/\/www.latribunedufaso.net\/?p=24603\" \/>\n<meta property=\"og:locale\" content=\"fr_FR\" \/>\n<meta property=\"og:type\" content=\"article\" \/>\n<meta property=\"og:title\" content=\"Sant\u00e9 : Vers la production de m\u00e9dicaments \u00ab Made in Burkina Faso \u00bb - La Tribune du Faso\" \/>\n<meta property=\"og:description\" content=\"Le ministre de la Sant\u00e9 et de l\u2019Hygi\u00e8ne publique, Dr Robert Lucien Kargougou, a pr\u00e9sid\u00e9 ce 29 octobre \u00e0 Ouagadougou, la c\u00e9r\u00e9monie d\u2019ouverture de la 6\u1d49 Journ\u00e9e Pharmaceutique et du 10\u1d49 Congr\u00e8s de l\u2019Ordre National des Pharmaciens (ONP). L\u2019\u00e9v\u00e9nement, plac\u00e9 sous le th\u00e8me \u00ab Souverainet\u00e9 pharmaceutique du Burkina Faso : d\u00e9fis et opportunit\u00e9s \u00bb, s\u2019est tenu en pr\u00e9sence du Ministre de l\u2019Industrie, du Commerce et de l\u2019Artisanat, Serge Gnaniodem Poda, co-parrain de la c\u00e9r\u00e9monie, et du Ministre de la Justice, Edasso Rodrigue Bayala.\" \/>\n<meta property=\"og:url\" content=\"https:\/\/www.latribunedufaso.net\/?p=24603\" \/>\n<meta property=\"og:site_name\" content=\"La Tribune du Faso\" \/>\n<meta property=\"article:publisher\" content=\"https:\/\/www.facebook.com\/LatribuneduFaso\/\" \/>\n<meta property=\"article:published_time\" content=\"2025-10-29T22:35:39+00:00\" \/>\n<meta property=\"article:modified_time\" content=\"2025-12-17T19:21:48+00:00\" \/>\n<meta property=\"og:image\" content=\"https:\/\/www.latribunedufaso.net\/wp-content\/uploads\/2025\/10\/FB_IMG_1761954062403.jpg\" \/>\n\t<meta property=\"og:image:width\" content=\"1025\" \/>\n\t<meta property=\"og:image:height\" content=\"649\" \/>\n\t<meta property=\"og:image:type\" content=\"image\/jpeg\" \/>\n<meta name=\"author\" content=\"Issouf Tapsoba\" \/>\n<meta name=\"twitter:label1\" content=\"\u00c9crit par\" \/>\n\t<meta name=\"twitter:data1\" content=\"Issouf Tapsoba\" \/>\n\t<meta name=\"twitter:label2\" content=\"Dur\u00e9e de lecture estim\u00e9e\" \/>\n\t<meta name=\"twitter:data2\" content=\"4 minutes\" \/>\n<script type=\"application\/ld+json\" class=\"yoast-schema-graph\">{\"@context\":\"https:\\\/\\\/schema.org\",\"@graph\":[{\"@type\":\"Article\",\"@id\":\"https:\\\/\\\/www.latribunedufaso.net\\\/?p=24603#article\",\"isPartOf\":{\"@id\":\"https:\\\/\\\/www.latribunedufaso.net\\\/?p=24603\"},\"author\":{\"name\":\"Issouf Tapsoba\",\"@id\":\"https:\\\/\\\/www.latribunedufaso.net\\\/#\\\/schema\\\/person\\\/e54e64c5778a7e72cf80a318b7a622b0\"},\"headline\":\"Sant\u00e9 : Vers la production de m\u00e9dicaments \u00ab Made in Burkina Faso \u00bb\",\"datePublished\":\"2025-10-29T22:35:39+00:00\",\"dateModified\":\"2025-12-17T19:21:48+00:00\",\"mainEntityOfPage\":{\"@id\":\"https:\\\/\\\/www.latribunedufaso.net\\\/?p=24603\"},\"wordCount\":534,\"commentCount\":0,\"publisher\":{\"@id\":\"https:\\\/\\\/www.latribunedufaso.net\\\/#organization\"},\"image\":{\"@id\":\"https:\\\/\\\/www.latribunedufaso.net\\\/?p=24603#primaryimage\"},\"thumbnailUrl\":\"https:\\\/\\\/www.latribunedufaso.net\\\/wp-content\\\/uploads\\\/2025\\\/10\\\/FB_IMG_1761954062403.jpg\",\"keywords\":[\"Congr\u00e8s des pharmaciens\",\"Journ\u00e9e des pharmaciens\",\"Ordre des pharmaciens\",\"Sant\u00e9\"],\"articleSection\":[\"A la une\",\"Actualit\u00e9\",\"Sant\u00e9\"],\"inLanguage\":\"fr-FR\",\"potentialAction\":[{\"@type\":\"CommentAction\",\"name\":\"Comment\",\"target\":[\"https:\\\/\\\/www.latribunedufaso.net\\\/?p=24603#respond\"]}]},{\"@type\":\"WebPage\",\"@id\":\"https:\\\/\\\/www.latribunedufaso.net\\\/?p=24603\",\"url\":\"https:\\\/\\\/www.latribunedufaso.net\\\/?p=24603\",\"name\":\"Sant\u00e9 : Vers la production de m\u00e9dicaments \u00ab Made in Burkina Faso \u00bb - La Tribune du Faso\",\"isPartOf\":{\"@id\":\"https:\\\/\\\/www.latribunedufaso.net\\\/#website\"},\"primaryImageOfPage\":{\"@id\":\"https:\\\/\\\/www.latribunedufaso.net\\\/?p=24603#primaryimage\"},\"image\":{\"@id\":\"https:\\\/\\\/www.latribunedufaso.net\\\/?p=24603#primaryimage\"},\"thumbnailUrl\":\"https:\\\/\\\/www.latribunedufaso.net\\\/wp-content\\\/uploads\\\/2025\\\/10\\\/FB_IMG_1761954062403.jpg\",\"datePublished\":\"2025-10-29T22:35:39+00:00\",\"dateModified\":\"2025-12-17T19:21:48+00:00\",\"breadcrumb\":{\"@id\":\"https:\\\/\\\/www.latribunedufaso.net\\\/?p=24603#breadcrumb\"},\"inLanguage\":\"fr-FR\",\"potentialAction\":[{\"@type\":\"ReadAction\",\"target\":[\"https:\\\/\\\/www.latribunedufaso.net\\\/?p=24603\"]}]},{\"@type\":\"ImageObject\",\"inLanguage\":\"fr-FR\",\"@id\":\"https:\\\/\\\/www.latribunedufaso.net\\\/?p=24603#primaryimage\",\"url\":\"https:\\\/\\\/www.latribunedufaso.net\\\/wp-content\\\/uploads\\\/2025\\\/10\\\/FB_IMG_1761954062403.jpg\",\"contentUrl\":\"https:\\\/\\\/www.latribunedufaso.net\\\/wp-content\\\/uploads\\\/2025\\\/10\\\/FB_IMG_1761954062403.jpg\",\"width\":1025,\"height\":649,\"caption\":\"C\u00e9r\u00e9monie d'ouverture de la 6\u1d49 Journ\u00e9e Pharmaceutique et du 10\u1d49 Congr\u00e8s de l\u2019Ordre National des Pharmaciens (ONP), 29 octobre 2025\"},{\"@type\":\"BreadcrumbList\",\"@id\":\"https:\\\/\\\/www.latribunedufaso.net\\\/?p=24603#breadcrumb\",\"itemListElement\":[{\"@type\":\"ListItem\",\"position\":1,\"name\":\"Accueil\",\"item\":\"https:\\\/\\\/www.latribunedufaso.net\\\/\"},{\"@type\":\"ListItem\",\"position\":2,\"name\":\"Sant\u00e9 : Vers la production de m\u00e9dicaments \u00ab Made in Burkina Faso \u00bb\"}]},{\"@type\":\"WebSite\",\"@id\":\"https:\\\/\\\/www.latribunedufaso.net\\\/#website\",\"url\":\"https:\\\/\\\/www.latribunedufaso.net\\\/\",\"name\":\"La Tribune du Faso\",\"description\":\"L&#039;information du monde rural en un clic\",\"publisher\":{\"@id\":\"https:\\\/\\\/www.latribunedufaso.net\\\/#organization\"},\"potentialAction\":[{\"@type\":\"SearchAction\",\"target\":{\"@type\":\"EntryPoint\",\"urlTemplate\":\"https:\\\/\\\/www.latribunedufaso.net\\\/?s={search_term_string}\"},\"query-input\":{\"@type\":\"PropertyValueSpecification\",\"valueRequired\":true,\"valueName\":\"search_term_string\"}}],\"inLanguage\":\"fr-FR\"},{\"@type\":\"Organization\",\"@id\":\"https:\\\/\\\/www.latribunedufaso.net\\\/#organization\",\"name\":\"La Tribune du Faso\",\"url\":\"https:\\\/\\\/www.latribunedufaso.net\\\/\",\"logo\":{\"@type\":\"ImageObject\",\"inLanguage\":\"fr-FR\",\"@id\":\"https:\\\/\\\/www.latribunedufaso.net\\\/#\\\/schema\\\/logo\\\/image\\\/\",\"url\":\"https:\\\/\\\/www.latribunedufaso.net\\\/wp-content\\\/uploads\\\/2020\\\/08\\\/Logo-Tribune-du-Faso-final-scaled.jpg\",\"contentUrl\":\"https:\\\/\\\/www.latribunedufaso.net\\\/wp-content\\\/uploads\\\/2020\\\/08\\\/Logo-Tribune-du-Faso-final-scaled.jpg\",\"width\":2560,\"height\":1856,\"caption\":\"La Tribune du Faso\"},\"image\":{\"@id\":\"https:\\\/\\\/www.latribunedufaso.net\\\/#\\\/schema\\\/logo\\\/image\\\/\"},\"sameAs\":[\"https:\\\/\\\/www.facebook.com\\\/LatribuneduFaso\\\/\"]},{\"@type\":\"Person\",\"@id\":\"https:\\\/\\\/www.latribunedufaso.net\\\/#\\\/schema\\\/person\\\/e54e64c5778a7e72cf80a318b7a622b0\",\"name\":\"Issouf Tapsoba\",\"image\":{\"@type\":\"ImageObject\",\"inLanguage\":\"fr-FR\",\"@id\":\"https:\\\/\\\/secure.gravatar.com\\\/avatar\\\/5e6c05150ce3230247d167f5b94d678eb05936197436d69b7921e3a95c9107ac?s=96&d=mm&r=g\",\"url\":\"https:\\\/\\\/secure.gravatar.com\\\/avatar\\\/5e6c05150ce3230247d167f5b94d678eb05936197436d69b7921e3a95c9107ac?s=96&d=mm&r=g\",\"contentUrl\":\"https:\\\/\\\/secure.gravatar.com\\\/avatar\\\/5e6c05150ce3230247d167f5b94d678eb05936197436d69b7921e3a95c9107ac?s=96&d=mm&r=g\",\"caption\":\"Issouf Tapsoba\"},\"url\":\"https:\\\/\\\/www.latribunedufaso.net\\\/?author=5\"}]}<\/script>\n<!-- \/ Yoast SEO plugin. -->","yoast_head_json":{"title":"Sant\u00e9 : Vers la production de m\u00e9dicaments \u00ab Made in Burkina Faso \u00bb - La Tribune du Faso","robots":{"index":"index","follow":"follow","max-snippet":"max-snippet:-1","max-image-preview":"max-image-preview:large","max-video-preview":"max-video-preview:-1"},"canonical":"https:\/\/www.latribunedufaso.net\/?p=24603","og_locale":"fr_FR","og_type":"article","og_title":"Sant\u00e9 : Vers la production de m\u00e9dicaments \u00ab Made in Burkina Faso \u00bb - La Tribune du Faso","og_description":"Le ministre de la Sant\u00e9 et de l\u2019Hygi\u00e8ne publique, Dr Robert Lucien Kargougou, a pr\u00e9sid\u00e9 ce 29 octobre \u00e0 Ouagadougou, la c\u00e9r\u00e9monie d\u2019ouverture de la 6\u1d49 Journ\u00e9e Pharmaceutique et du 10\u1d49 Congr\u00e8s de l\u2019Ordre National des Pharmaciens (ONP). L\u2019\u00e9v\u00e9nement, plac\u00e9 sous le th\u00e8me \u00ab Souverainet\u00e9 pharmaceutique du Burkina Faso : d\u00e9fis et opportunit\u00e9s \u00bb, s\u2019est tenu en pr\u00e9sence du Ministre de l\u2019Industrie, du Commerce et de l\u2019Artisanat, Serge Gnaniodem Poda, co-parrain de la c\u00e9r\u00e9monie, et du Ministre de la Justice, Edasso Rodrigue Bayala.","og_url":"https:\/\/www.latribunedufaso.net\/?p=24603","og_site_name":"La Tribune du Faso","article_publisher":"https:\/\/www.facebook.com\/LatribuneduFaso\/","article_published_time":"2025-10-29T22:35:39+00:00","article_modified_time":"2025-12-17T19:21:48+00:00","og_image":[{"width":1025,"height":649,"url":"https:\/\/www.latribunedufaso.net\/wp-content\/uploads\/2025\/10\/FB_IMG_1761954062403.jpg","type":"image\/jpeg"}],"author":"Issouf Tapsoba","twitter_misc":{"\u00c9crit par":"Issouf Tapsoba","Dur\u00e9e de lecture estim\u00e9e":"4 minutes"},"schema":{"@context":"https:\/\/schema.org","@graph":[{"@type":"Article","@id":"https:\/\/www.latribunedufaso.net\/?p=24603#article","isPartOf":{"@id":"https:\/\/www.latribunedufaso.net\/?p=24603"},"author":{"name":"Issouf Tapsoba","@id":"https:\/\/www.latribunedufaso.net\/#\/schema\/person\/e54e64c5778a7e72cf80a318b7a622b0"},"headline":"Sant\u00e9 : Vers la production de m\u00e9dicaments \u00ab Made in Burkina Faso \u00bb","datePublished":"2025-10-29T22:35:39+00:00","dateModified":"2025-12-17T19:21:48+00:00","mainEntityOfPage":{"@id":"https:\/\/www.latribunedufaso.net\/?p=24603"},"wordCount":534,"commentCount":0,"publisher":{"@id":"https:\/\/www.latribunedufaso.net\/#organization"},"image":{"@id":"https:\/\/www.latribunedufaso.net\/?p=24603#primaryimage"},"thumbnailUrl":"https:\/\/www.latribunedufaso.net\/wp-content\/uploads\/2025\/10\/FB_IMG_1761954062403.jpg","keywords":["Congr\u00e8s des pharmaciens","Journ\u00e9e des pharmaciens","Ordre des pharmaciens","Sant\u00e9"],"articleSection":["A la une","Actualit\u00e9","Sant\u00e9"],"inLanguage":"fr-FR","potentialAction":[{"@type":"CommentAction","name":"Comment","target":["https:\/\/www.latribunedufaso.net\/?p=24603#respond"]}]},{"@type":"WebPage","@id":"https:\/\/www.latribunedufaso.net\/?p=24603","url":"https:\/\/www.latribunedufaso.net\/?p=24603","name":"Sant\u00e9 : Vers la production de m\u00e9dicaments \u00ab Made in Burkina Faso \u00bb - La Tribune du Faso","isPartOf":{"@id":"https:\/\/www.latribunedufaso.net\/#website"},"primaryImageOfPage":{"@id":"https:\/\/www.latribunedufaso.net\/?p=24603#primaryimage"},"image":{"@id":"https:\/\/www.latribunedufaso.net\/?p=24603#primaryimage"},"thumbnailUrl":"https:\/\/www.latribunedufaso.net\/wp-content\/uploads\/2025\/10\/FB_IMG_1761954062403.jpg","datePublished":"2025-10-29T22:35:39+00:00","dateModified":"2025-12-17T19:21:48+00:00","breadcrumb":{"@id":"https:\/\/www.latribunedufaso.net\/?p=24603#breadcrumb"},"inLanguage":"fr-FR","potentialAction":[{"@type":"ReadAction","target":["https:\/\/www.latribunedufaso.net\/?p=24603"]}]},{"@type":"ImageObject","inLanguage":"fr-FR","@id":"https:\/\/www.latribunedufaso.net\/?p=24603#primaryimage","url":"https:\/\/www.latribunedufaso.net\/wp-content\/uploads\/2025\/10\/FB_IMG_1761954062403.jpg","contentUrl":"https:\/\/www.latribunedufaso.net\/wp-content\/uploads\/2025\/10\/FB_IMG_1761954062403.jpg","width":1025,"height":649,"caption":"C\u00e9r\u00e9monie d'ouverture de la 6\u1d49 Journ\u00e9e Pharmaceutique et du 10\u1d49 Congr\u00e8s de l\u2019Ordre National des Pharmaciens (ONP), 29 octobre 2025"},{"@type":"BreadcrumbList","@id":"https:\/\/www.latribunedufaso.net\/?p=24603#breadcrumb","itemListElement":[{"@type":"ListItem","position":1,"name":"Accueil","item":"https:\/\/www.latribunedufaso.net\/"},{"@type":"ListItem","position":2,"name":"Sant\u00e9 : Vers la production de m\u00e9dicaments \u00ab Made in Burkina Faso \u00bb"}]},{"@type":"WebSite","@id":"https:\/\/www.latribunedufaso.net\/#website","url":"https:\/\/www.latribunedufaso.net\/","name":"La Tribune du Faso","description":"L&#039;information du monde rural en un clic","publisher":{"@id":"https:\/\/www.latribunedufaso.net\/#organization"},"potentialAction":[{"@type":"SearchAction","target":{"@type":"EntryPoint","urlTemplate":"https:\/\/www.latribunedufaso.net\/?s={search_term_string}"},"query-input":{"@type":"PropertyValueSpecification","valueRequired":true,"valueName":"search_term_string"}}],"inLanguage":"fr-FR"},{"@type":"Organization","@id":"https:\/\/www.latribunedufaso.net\/#organization","name":"La Tribune du Faso","url":"https:\/\/www.latribunedufaso.net\/","logo":{"@type":"ImageObject","inLanguage":"fr-FR","@id":"https:\/\/www.latribunedufaso.net\/#\/schema\/logo\/image\/","url":"https:\/\/www.latribunedufaso.net\/wp-content\/uploads\/2020\/08\/Logo-Tribune-du-Faso-final-scaled.jpg","contentUrl":"https:\/\/www.latribunedufaso.net\/wp-content\/uploads\/2020\/08\/Logo-Tribune-du-Faso-final-scaled.jpg","width":2560,"height":1856,"caption":"La Tribune du Faso"},"image":{"@id":"https:\/\/www.latribunedufaso.net\/#\/schema\/logo\/image\/"},"sameAs":["https:\/\/www.facebook.com\/LatribuneduFaso\/"]},{"@type":"Person","@id":"https:\/\/www.latribunedufaso.net\/#\/schema\/person\/e54e64c5778a7e72cf80a318b7a622b0","name":"Issouf Tapsoba","image":{"@type":"ImageObject","inLanguage":"fr-FR","@id":"https:\/\/secure.gravatar.com\/avatar\/5e6c05150ce3230247d167f5b94d678eb05936197436d69b7921e3a95c9107ac?s=96&d=mm&r=g","url":"https:\/\/secure.gravatar.com\/avatar\/5e6c05150ce3230247d167f5b94d678eb05936197436d69b7921e3a95c9107ac?s=96&d=mm&r=g","contentUrl":"https:\/\/secure.gravatar.com\/avatar\/5e6c05150ce3230247d167f5b94d678eb05936197436d69b7921e3a95c9107ac?s=96&d=mm&r=g","caption":"Issouf Tapsoba"},"url":"https:\/\/www.latribunedufaso.net\/?author=5"}]}},"_links":{"self":[{"href":"https:\/\/www.latribunedufaso.net\/index.php?rest_route=\/wp\/v2\/posts\/24603","targetHints":{"allow":["GET"]}}],"collection":[{"href":"https:\/\/www.latribunedufaso.net\/index.php?rest_route=\/wp\/v2\/posts"}],"about":[{"href":"https:\/\/www.latribunedufaso.net\/index.php?rest_route=\/wp\/v2\/types\/post"}],"author":[{"embeddable":true,"href":"https:\/\/www.latribunedufaso.net\/index.php?rest_route=\/wp\/v2\/users\/5"}],"replies":[{"embeddable":true,"href":"https:\/\/www.latribunedufaso.net\/index.php?rest_route=%2Fwp%2Fv2%2Fcomments&post=24603"}],"version-history":[{"count":4,"href":"https:\/\/www.latribunedufaso.net\/index.php?rest_route=\/wp\/v2\/posts\/24603\/revisions"}],"predecessor-version":[{"id":25871,"href":"https:\/\/www.latribunedufaso.net\/index.php?rest_route=\/wp\/v2\/posts\/24603\/revisions\/25871"}],"wp:featuredmedia":[{"embeddable":true,"href":"https:\/\/www.latribunedufaso.net\/index.php?rest_route=\/wp\/v2\/media\/24618"}],"wp:attachment":[{"href":"https:\/\/www.latribunedufaso.net\/index.php?rest_route=%2Fwp%2Fv2%2Fmedia&parent=24603"}],"wp:term":[{"taxonomy":"category","embeddable":true,"href":"https:\/\/www.latribunedufaso.net\/index.php?rest_route=%2Fwp%2Fv2%2Fcategories&post=24603"},{"taxonomy":"post_tag","embeddable":true,"href":"https:\/\/www.latribunedufaso.net\/index.php?rest_route=%2Fwp%2Fv2%2Ftags&post=24603"}],"curies":[{"name":"wp","href":"https:\/\/api.w.org\/{rel}","templated":true}]}}