{"id":24594,"date":"2025-10-30T17:02:39","date_gmt":"2025-10-30T17:02:39","guid":{"rendered":"https:\/\/www.latribunedufaso.net\/?p=24594"},"modified":"2025-10-30T17:03:51","modified_gmt":"2025-10-30T17:03:51","slug":"conseil-des-ministres-du-30-octobre-2025-adoption-dun-avant-projet-de-loi-sur-les-collectivites-territoriales","status":"publish","type":"post","link":"https:\/\/www.latribunedufaso.net\/?p=24594","title":{"rendered":"Conseil des ministres du 30 octobre 2025 : Adoption d\u2019un avant-projet de loi sur les collectivit\u00e9s territoriales\u00a0"},"content":{"rendered":"<p><strong>Le Pr\u00e9sident du Faso, Chef de l\u2019\u00c9tat, le Capitaine Ibrahim TRAOR\u00c9, a pr\u00e9sid\u00e9 le 29 octobre 2025 \u00e0 Ouagadougou, le Conseil des ministres. Lors du point fait \u00e0 la presse \u00e0 la fin des travaux, le ministre Porte-parole du Gouvernement, Gilbert OUEDRAOGO a indiqu\u00e9 que plusieurs rapports ont \u00e9t\u00e9 adopt\u00e9s et des d\u00e9cisions importantes prises pour le bien-\u00eatre des populations conform\u00e9ment \u00e0 la R\u00e9volution Progressiste Populaire.<\/strong><!--more--><\/p>\n<p>Au titre du minist\u00e8re de l\u2019Administration territoriale et de la Mobilit\u00e9, le Conseil a adopt\u00e9 un avant-projet de loi portant relecture de la loi 055, relatif au code g\u00e9n\u00e9ral des collectivit\u00e9s territoriales. Selon le ministre d\u2019\u00c9tat charg\u00e9 de l\u2019Administration territoriale, \u00c9mile ZERBO, apr\u00e8s plus de 20 ans de mise en \u0153uvre, ce code malgr\u00e9 les acquis, pr\u00e9sente des insuffisances, comme la faible implication des populations, la faible cr\u00e9ation de richesses et d\u2019emplois.\u00a0<\/p>\n<figure id=\"attachment_24598\" aria-describedby=\"caption-attachment-24598\" style=\"width: 917px\" class=\"wp-caption aligncenter\"><a href=\"https:\/\/www.latribunedufaso.net\/wp-content\/uploads\/2025\/10\/IMG-20251030-WA0046.jpg\"><img loading=\"lazy\" decoding=\"async\" class=\"size-full wp-image-24598\" src=\"https:\/\/www.latribunedufaso.net\/wp-content\/uploads\/2025\/10\/IMG-20251030-WA0046.jpg\" alt=\"Point du conseil des ministres du 30 octobre 2025\" width=\"917\" height=\"1280\" srcset=\"https:\/\/www.latribunedufaso.net\/wp-content\/uploads\/2025\/10\/IMG-20251030-WA0046.jpg 917w, https:\/\/www.latribunedufaso.net\/wp-content\/uploads\/2025\/10\/IMG-20251030-WA0046-215x300.jpg 215w, https:\/\/www.latribunedufaso.net\/wp-content\/uploads\/2025\/10\/IMG-20251030-WA0046-734x1024.jpg 734w, https:\/\/www.latribunedufaso.net\/wp-content\/uploads\/2025\/10\/IMG-20251030-WA0046-768x1072.jpg 768w\" sizes=\"auto, (max-width: 917px) 100vw, 917px\" \/><\/a><figcaption id=\"caption-attachment-24598\" class=\"wp-caption-text\">Le ministre d&rsquo;Etat, ministre de l\u2019Administration territoriale et de la Mobilit\u00e9, \u00c9mile ZERBO &#8211; Ph. DR<\/figcaption><\/figure>\n<p>Le nouveau code pr\u00e9voit ainsi trois types de communes, \u00e0 savoir la commune de moyen exercice avec des ressources budg\u00e9taires propres annuelles inf\u00e9rieures \u00e0 50 millions FCFA, la commune de plein exercice avec un budget propre annuel sup\u00e9rieur \u00e0 50 millions FCFA mais inf\u00e9rieur \u00e0 5 milliards FCFA et la commune \u00e0 statut particulier avec un budget annuel \u00e9gal ou sup\u00e9rieur \u00e0 5 milliards FCFA.\u00a0<\/p>\n<p>Le ministre d\u2019\u00c9tat, \u00c9mile ZERBO pr\u00e9cise que ce nouveau code des collectivit\u00e9s introduit l\u2019\u00e9lection des pr\u00e9sidents des collectivit\u00e9s au suffrage direct, consacre la r\u00e9duction du nombre des conseillers municipaux et r\u00e9gionaux. Ce r\u00e9f\u00e9rentiel place les communes de moyen exercice sous d\u00e9l\u00e9gation sp\u00e9ciale avec des pr\u00e9sidents nomm\u00e9s.<\/p>\n<h3>Adoption d&rsquo;un d\u00e9cret portant Contrat-Plan entre l&rsquo;\u00c9tat et la Poste-BF<\/h3>\n<p>Pour le compte du minist\u00e8re de la Transition digitale, des Postes et des Communications \u00e9lectroniques, le Conseil a adopt\u00e9 un d\u00e9cret portant Contrat-plan entre l&rsquo;\u00c9tat et la Poste Burkina Faso. La ministre Aminata ZERBO\/SABAN\u00c9 explique que le Contrat-plan autoris\u00e9 par le Conseil, va permettre de construire 20 nouvelles agences de la Poste Burkina Faso. Le co\u00fbt de construction est \u00e9valu\u00e9 \u00e0 plus de 5 milliards et demi FCFA dont 50% sur les ressources propres de la Poste.<\/p>\n<p><a href=\"https:\/\/www.latribunedufaso.net\/wp-content\/uploads\/2025\/10\/IMG-20251030-WA0047.jpg\"><img loading=\"lazy\" decoding=\"async\" class=\"aligncenter size-full wp-image-24597\" src=\"https:\/\/www.latribunedufaso.net\/wp-content\/uploads\/2025\/10\/IMG-20251030-WA0047.jpg\" alt=\"Point du conseil des ministres du 30 octobre 2025\" width=\"1280\" height=\"891\" srcset=\"https:\/\/www.latribunedufaso.net\/wp-content\/uploads\/2025\/10\/IMG-20251030-WA0047.jpg 1280w, https:\/\/www.latribunedufaso.net\/wp-content\/uploads\/2025\/10\/IMG-20251030-WA0047-300x209.jpg 300w, https:\/\/www.latribunedufaso.net\/wp-content\/uploads\/2025\/10\/IMG-20251030-WA0047-1024x713.jpg 1024w, https:\/\/www.latribunedufaso.net\/wp-content\/uploads\/2025\/10\/IMG-20251030-WA0047-768x535.jpg 768w\" sizes=\"auto, (max-width: 1280px) 100vw, 1280px\" \/><\/a><\/p>\n<p><em><strong>\u00ab En plus d&rsquo;offrir les services postaux de base et les services financiers de base, les nouvelles agences vont int\u00e9grer des guichets de la Banque Postale pour offrir plusieurs services financiers aux populations. Elles vont \u00e9galement disposer d&rsquo;espaces d&rsquo;assistance aux populations pour l&rsquo;acc\u00e8s aux services d\u00e9mat\u00e9rialis\u00e9s de l&rsquo;administration \u00bb<\/strong><\/em>, explique la ministre Aminata ZERBO\/SABAN\u00c9. Ainsi dans ces agences, les populations pourront, par exemple, acc\u00e9der \u00e0 Faso Arz\u00e8ka et \u00e9galement y \u00e9tablir leur certificat de nationalit\u00e9 et leur <a href=\"https:\/\/www.latribunedufaso.net\/?p=9217\">casier judiciaire.<\/a><\/p>\n<p><strong>Latribunedufaso.net<\/strong><\/p>\n<p><strong>Source : Direction de la communication de la Pr\u00e9sidence du Faso<\/strong><\/p>\n","protected":false},"excerpt":{"rendered":"<p>Le Pr\u00e9sident du Faso, Chef de l\u2019\u00c9tat, le Capitaine Ibrahim TRAOR\u00c9, a pr\u00e9sid\u00e9 le 29 octobre 2025 \u00e0 Ouagadougou, le Conseil des ministres. Lors du point fait \u00e0 la presse \u00e0 la fin des travaux, le ministre Porte-parole du Gouvernement, Gilbert OUEDRAOGO a indiqu\u00e9 que plusieurs rapports ont \u00e9t\u00e9 adopt\u00e9s et des d\u00e9cisions importantes prises pour le bien-\u00eatre des populations conform\u00e9ment \u00e0 la R\u00e9volution Progressiste Populaire.<\/p>\n","protected":false},"author":5,"featured_media":24596,"comment_status":"open","ping_status":"open","sticky":false,"template":"","format":"standard","meta":{"footnotes":""},"categories":[13,1,8],"tags":[79,662,39,1726],"class_list":["post-24594","post","type-post","status-publish","format-standard","has-post-thumbnail","hentry","category-une","category-actu","category-societe","tag-conseil-des-ministres","tag-lancement-de-la-plateforme-faso-arzeka","tag-latribunedufaso-net","tag-reforme-collectivites-territoriales-burkina"],"yoast_head":"<!-- This site is optimized with the Yoast SEO plugin v27.5 - https:\/\/yoast.com\/product\/yoast-seo-wordpress\/ -->\n<title>Conseil des ministres du 30 octobre 2025 : Adoption d\u2019un avant-projet de loi sur les collectivit\u00e9s territoriales\u00a0 - La Tribune du Faso<\/title>\n<meta name=\"robots\" content=\"index, follow, max-snippet:-1, max-image-preview:large, max-video-preview:-1\" \/>\n<link rel=\"canonical\" href=\"https:\/\/www.latribunedufaso.net\/?p=24594\" \/>\n<meta property=\"og:locale\" content=\"fr_FR\" \/>\n<meta property=\"og:type\" content=\"article\" \/>\n<meta property=\"og:title\" content=\"Conseil des ministres du 30 octobre 2025 : Adoption d\u2019un avant-projet de loi sur les collectivit\u00e9s territoriales\u00a0 - La Tribune du Faso\" \/>\n<meta property=\"og:description\" content=\"Le Pr\u00e9sident du Faso, Chef de l\u2019\u00c9tat, le Capitaine Ibrahim TRAOR\u00c9, a pr\u00e9sid\u00e9 le 29 octobre 2025 \u00e0 Ouagadougou, le Conseil des ministres. Lors du point fait \u00e0 la presse \u00e0 la fin des travaux, le ministre Porte-parole du Gouvernement, Gilbert OUEDRAOGO a indiqu\u00e9 que plusieurs rapports ont \u00e9t\u00e9 adopt\u00e9s et des d\u00e9cisions importantes prises pour le bien-\u00eatre des populations conform\u00e9ment \u00e0 la R\u00e9volution Progressiste Populaire.\" \/>\n<meta property=\"og:url\" content=\"https:\/\/www.latribunedufaso.net\/?p=24594\" \/>\n<meta property=\"og:site_name\" content=\"La Tribune du Faso\" \/>\n<meta property=\"article:publisher\" content=\"https:\/\/www.facebook.com\/LatribuneduFaso\/\" \/>\n<meta property=\"article:published_time\" content=\"2025-10-30T17:02:39+00:00\" \/>\n<meta property=\"article:modified_time\" content=\"2025-10-30T17:03:51+00:00\" \/>\n<meta property=\"og:image\" content=\"https:\/\/www.latribunedufaso.net\/wp-content\/uploads\/2025\/10\/IMG-20251030-WA0048.jpg\" \/>\n\t<meta property=\"og:image:width\" content=\"1280\" \/>\n\t<meta property=\"og:image:height\" content=\"853\" \/>\n\t<meta property=\"og:image:type\" content=\"image\/jpeg\" \/>\n<meta name=\"author\" content=\"Issouf Tapsoba\" \/>\n<meta name=\"twitter:label1\" content=\"\u00c9crit par\" \/>\n\t<meta name=\"twitter:data1\" content=\"Issouf Tapsoba\" \/>\n\t<meta name=\"twitter:label2\" content=\"Dur\u00e9e de lecture estim\u00e9e\" \/>\n\t<meta name=\"twitter:data2\" content=\"2 minutes\" \/>\n<script type=\"application\/ld+json\" class=\"yoast-schema-graph\">{\"@context\":\"https:\\\/\\\/schema.org\",\"@graph\":[{\"@type\":\"Article\",\"@id\":\"https:\\\/\\\/www.latribunedufaso.net\\\/?p=24594#article\",\"isPartOf\":{\"@id\":\"https:\\\/\\\/www.latribunedufaso.net\\\/?p=24594\"},\"author\":{\"name\":\"Issouf Tapsoba\",\"@id\":\"https:\\\/\\\/www.latribunedufaso.net\\\/#\\\/schema\\\/person\\\/e54e64c5778a7e72cf80a318b7a622b0\"},\"headline\":\"Conseil des ministres du 30 octobre 2025 : Adoption d\u2019un avant-projet de loi sur les collectivit\u00e9s territoriales\u00a0\",\"datePublished\":\"2025-10-30T17:02:39+00:00\",\"dateModified\":\"2025-10-30T17:03:51+00:00\",\"mainEntityOfPage\":{\"@id\":\"https:\\\/\\\/www.latribunedufaso.net\\\/?p=24594\"},\"wordCount\":505,\"commentCount\":0,\"publisher\":{\"@id\":\"https:\\\/\\\/www.latribunedufaso.net\\\/#organization\"},\"image\":{\"@id\":\"https:\\\/\\\/www.latribunedufaso.net\\\/?p=24594#primaryimage\"},\"thumbnailUrl\":\"https:\\\/\\\/www.latribunedufaso.net\\\/wp-content\\\/uploads\\\/2025\\\/10\\\/IMG-20251030-WA0048.jpg\",\"keywords\":[\"conseil des ministres\",\"lancement de la plateforme FASO ARZEKA\",\"latribunedufaso.net\",\"R\u00e9forme collectivit\u00e9s territoriales Burkina\"],\"articleSection\":[\"A la une\",\"Actualit\u00e9\",\"Soci\u00e9t\u00e9\"],\"inLanguage\":\"fr-FR\",\"potentialAction\":[{\"@type\":\"CommentAction\",\"name\":\"Comment\",\"target\":[\"https:\\\/\\\/www.latribunedufaso.net\\\/?p=24594#respond\"]}]},{\"@type\":\"WebPage\",\"@id\":\"https:\\\/\\\/www.latribunedufaso.net\\\/?p=24594\",\"url\":\"https:\\\/\\\/www.latribunedufaso.net\\\/?p=24594\",\"name\":\"Conseil des ministres du 30 octobre 2025 : Adoption d\u2019un avant-projet de loi sur les collectivit\u00e9s territoriales\u00a0 - La Tribune du Faso\",\"isPartOf\":{\"@id\":\"https:\\\/\\\/www.latribunedufaso.net\\\/#website\"},\"primaryImageOfPage\":{\"@id\":\"https:\\\/\\\/www.latribunedufaso.net\\\/?p=24594#primaryimage\"},\"image\":{\"@id\":\"https:\\\/\\\/www.latribunedufaso.net\\\/?p=24594#primaryimage\"},\"thumbnailUrl\":\"https:\\\/\\\/www.latribunedufaso.net\\\/wp-content\\\/uploads\\\/2025\\\/10\\\/IMG-20251030-WA0048.jpg\",\"datePublished\":\"2025-10-30T17:02:39+00:00\",\"dateModified\":\"2025-10-30T17:03:51+00:00\",\"breadcrumb\":{\"@id\":\"https:\\\/\\\/www.latribunedufaso.net\\\/?p=24594#breadcrumb\"},\"inLanguage\":\"fr-FR\",\"potentialAction\":[{\"@type\":\"ReadAction\",\"target\":[\"https:\\\/\\\/www.latribunedufaso.net\\\/?p=24594\"]}]},{\"@type\":\"ImageObject\",\"inLanguage\":\"fr-FR\",\"@id\":\"https:\\\/\\\/www.latribunedufaso.net\\\/?p=24594#primaryimage\",\"url\":\"https:\\\/\\\/www.latribunedufaso.net\\\/wp-content\\\/uploads\\\/2025\\\/10\\\/IMG-20251030-WA0048.jpg\",\"contentUrl\":\"https:\\\/\\\/www.latribunedufaso.net\\\/wp-content\\\/uploads\\\/2025\\\/10\\\/IMG-20251030-WA0048.jpg\",\"width\":1280,\"height\":853,\"caption\":\"Point du conseil des ministres du 30 octobre 2025\"},{\"@type\":\"BreadcrumbList\",\"@id\":\"https:\\\/\\\/www.latribunedufaso.net\\\/?p=24594#breadcrumb\",\"itemListElement\":[{\"@type\":\"ListItem\",\"position\":1,\"name\":\"Accueil\",\"item\":\"https:\\\/\\\/www.latribunedufaso.net\\\/\"},{\"@type\":\"ListItem\",\"position\":2,\"name\":\"Conseil des ministres du 30 octobre 2025 : Adoption d\u2019un avant-projet de loi sur les collectivit\u00e9s territoriales\u00a0\"}]},{\"@type\":\"WebSite\",\"@id\":\"https:\\\/\\\/www.latribunedufaso.net\\\/#website\",\"url\":\"https:\\\/\\\/www.latribunedufaso.net\\\/\",\"name\":\"La Tribune du Faso\",\"description\":\"L&#039;information du monde rural en un clic\",\"publisher\":{\"@id\":\"https:\\\/\\\/www.latribunedufaso.net\\\/#organization\"},\"potentialAction\":[{\"@type\":\"SearchAction\",\"target\":{\"@type\":\"EntryPoint\",\"urlTemplate\":\"https:\\\/\\\/www.latribunedufaso.net\\\/?s={search_term_string}\"},\"query-input\":{\"@type\":\"PropertyValueSpecification\",\"valueRequired\":true,\"valueName\":\"search_term_string\"}}],\"inLanguage\":\"fr-FR\"},{\"@type\":\"Organization\",\"@id\":\"https:\\\/\\\/www.latribunedufaso.net\\\/#organization\",\"name\":\"La Tribune du Faso\",\"url\":\"https:\\\/\\\/www.latribunedufaso.net\\\/\",\"logo\":{\"@type\":\"ImageObject\",\"inLanguage\":\"fr-FR\",\"@id\":\"https:\\\/\\\/www.latribunedufaso.net\\\/#\\\/schema\\\/logo\\\/image\\\/\",\"url\":\"https:\\\/\\\/www.latribunedufaso.net\\\/wp-content\\\/uploads\\\/2020\\\/08\\\/Logo-Tribune-du-Faso-final-scaled.jpg\",\"contentUrl\":\"https:\\\/\\\/www.latribunedufaso.net\\\/wp-content\\\/uploads\\\/2020\\\/08\\\/Logo-Tribune-du-Faso-final-scaled.jpg\",\"width\":2560,\"height\":1856,\"caption\":\"La Tribune du Faso\"},\"image\":{\"@id\":\"https:\\\/\\\/www.latribunedufaso.net\\\/#\\\/schema\\\/logo\\\/image\\\/\"},\"sameAs\":[\"https:\\\/\\\/www.facebook.com\\\/LatribuneduFaso\\\/\"]},{\"@type\":\"Person\",\"@id\":\"https:\\\/\\\/www.latribunedufaso.net\\\/#\\\/schema\\\/person\\\/e54e64c5778a7e72cf80a318b7a622b0\",\"name\":\"Issouf Tapsoba\",\"image\":{\"@type\":\"ImageObject\",\"inLanguage\":\"fr-FR\",\"@id\":\"https:\\\/\\\/secure.gravatar.com\\\/avatar\\\/5e6c05150ce3230247d167f5b94d678eb05936197436d69b7921e3a95c9107ac?s=96&d=mm&r=g\",\"url\":\"https:\\\/\\\/secure.gravatar.com\\\/avatar\\\/5e6c05150ce3230247d167f5b94d678eb05936197436d69b7921e3a95c9107ac?s=96&d=mm&r=g\",\"contentUrl\":\"https:\\\/\\\/secure.gravatar.com\\\/avatar\\\/5e6c05150ce3230247d167f5b94d678eb05936197436d69b7921e3a95c9107ac?s=96&d=mm&r=g\",\"caption\":\"Issouf Tapsoba\"},\"url\":\"https:\\\/\\\/www.latribunedufaso.net\\\/?author=5\"}]}<\/script>\n<!-- \/ Yoast SEO plugin. -->","yoast_head_json":{"title":"Conseil des ministres du 30 octobre 2025 : Adoption d\u2019un avant-projet de loi sur les collectivit\u00e9s territoriales\u00a0 - La Tribune du Faso","robots":{"index":"index","follow":"follow","max-snippet":"max-snippet:-1","max-image-preview":"max-image-preview:large","max-video-preview":"max-video-preview:-1"},"canonical":"https:\/\/www.latribunedufaso.net\/?p=24594","og_locale":"fr_FR","og_type":"article","og_title":"Conseil des ministres du 30 octobre 2025 : Adoption d\u2019un avant-projet de loi sur les collectivit\u00e9s territoriales\u00a0 - La Tribune du Faso","og_description":"Le Pr\u00e9sident du Faso, Chef de l\u2019\u00c9tat, le Capitaine Ibrahim TRAOR\u00c9, a pr\u00e9sid\u00e9 le 29 octobre 2025 \u00e0 Ouagadougou, le Conseil des ministres. Lors du point fait \u00e0 la presse \u00e0 la fin des travaux, le ministre Porte-parole du Gouvernement, Gilbert OUEDRAOGO a indiqu\u00e9 que plusieurs rapports ont \u00e9t\u00e9 adopt\u00e9s et des d\u00e9cisions importantes prises pour le bien-\u00eatre des populations conform\u00e9ment \u00e0 la R\u00e9volution Progressiste Populaire.","og_url":"https:\/\/www.latribunedufaso.net\/?p=24594","og_site_name":"La Tribune du Faso","article_publisher":"https:\/\/www.facebook.com\/LatribuneduFaso\/","article_published_time":"2025-10-30T17:02:39+00:00","article_modified_time":"2025-10-30T17:03:51+00:00","og_image":[{"width":1280,"height":853,"url":"https:\/\/www.latribunedufaso.net\/wp-content\/uploads\/2025\/10\/IMG-20251030-WA0048.jpg","type":"image\/jpeg"}],"author":"Issouf Tapsoba","twitter_misc":{"\u00c9crit par":"Issouf Tapsoba","Dur\u00e9e de lecture estim\u00e9e":"2 minutes"},"schema":{"@context":"https:\/\/schema.org","@graph":[{"@type":"Article","@id":"https:\/\/www.latribunedufaso.net\/?p=24594#article","isPartOf":{"@id":"https:\/\/www.latribunedufaso.net\/?p=24594"},"author":{"name":"Issouf Tapsoba","@id":"https:\/\/www.latribunedufaso.net\/#\/schema\/person\/e54e64c5778a7e72cf80a318b7a622b0"},"headline":"Conseil des ministres du 30 octobre 2025 : Adoption d\u2019un avant-projet de loi sur les collectivit\u00e9s territoriales\u00a0","datePublished":"2025-10-30T17:02:39+00:00","dateModified":"2025-10-30T17:03:51+00:00","mainEntityOfPage":{"@id":"https:\/\/www.latribunedufaso.net\/?p=24594"},"wordCount":505,"commentCount":0,"publisher":{"@id":"https:\/\/www.latribunedufaso.net\/#organization"},"image":{"@id":"https:\/\/www.latribunedufaso.net\/?p=24594#primaryimage"},"thumbnailUrl":"https:\/\/www.latribunedufaso.net\/wp-content\/uploads\/2025\/10\/IMG-20251030-WA0048.jpg","keywords":["conseil des ministres","lancement de la plateforme FASO ARZEKA","latribunedufaso.net","R\u00e9forme collectivit\u00e9s territoriales Burkina"],"articleSection":["A la une","Actualit\u00e9","Soci\u00e9t\u00e9"],"inLanguage":"fr-FR","potentialAction":[{"@type":"CommentAction","name":"Comment","target":["https:\/\/www.latribunedufaso.net\/?p=24594#respond"]}]},{"@type":"WebPage","@id":"https:\/\/www.latribunedufaso.net\/?p=24594","url":"https:\/\/www.latribunedufaso.net\/?p=24594","name":"Conseil des ministres du 30 octobre 2025 : Adoption d\u2019un avant-projet de loi sur les collectivit\u00e9s territoriales\u00a0 - La Tribune du Faso","isPartOf":{"@id":"https:\/\/www.latribunedufaso.net\/#website"},"primaryImageOfPage":{"@id":"https:\/\/www.latribunedufaso.net\/?p=24594#primaryimage"},"image":{"@id":"https:\/\/www.latribunedufaso.net\/?p=24594#primaryimage"},"thumbnailUrl":"https:\/\/www.latribunedufaso.net\/wp-content\/uploads\/2025\/10\/IMG-20251030-WA0048.jpg","datePublished":"2025-10-30T17:02:39+00:00","dateModified":"2025-10-30T17:03:51+00:00","breadcrumb":{"@id":"https:\/\/www.latribunedufaso.net\/?p=24594#breadcrumb"},"inLanguage":"fr-FR","potentialAction":[{"@type":"ReadAction","target":["https:\/\/www.latribunedufaso.net\/?p=24594"]}]},{"@type":"ImageObject","inLanguage":"fr-FR","@id":"https:\/\/www.latribunedufaso.net\/?p=24594#primaryimage","url":"https:\/\/www.latribunedufaso.net\/wp-content\/uploads\/2025\/10\/IMG-20251030-WA0048.jpg","contentUrl":"https:\/\/www.latribunedufaso.net\/wp-content\/uploads\/2025\/10\/IMG-20251030-WA0048.jpg","width":1280,"height":853,"caption":"Point du conseil des ministres du 30 octobre 2025"},{"@type":"BreadcrumbList","@id":"https:\/\/www.latribunedufaso.net\/?p=24594#breadcrumb","itemListElement":[{"@type":"ListItem","position":1,"name":"Accueil","item":"https:\/\/www.latribunedufaso.net\/"},{"@type":"ListItem","position":2,"name":"Conseil des ministres du 30 octobre 2025 : Adoption d\u2019un avant-projet de loi sur les collectivit\u00e9s territoriales\u00a0"}]},{"@type":"WebSite","@id":"https:\/\/www.latribunedufaso.net\/#website","url":"https:\/\/www.latribunedufaso.net\/","name":"La Tribune du Faso","description":"L&#039;information du monde rural en un clic","publisher":{"@id":"https:\/\/www.latribunedufaso.net\/#organization"},"potentialAction":[{"@type":"SearchAction","target":{"@type":"EntryPoint","urlTemplate":"https:\/\/www.latribunedufaso.net\/?s={search_term_string}"},"query-input":{"@type":"PropertyValueSpecification","valueRequired":true,"valueName":"search_term_string"}}],"inLanguage":"fr-FR"},{"@type":"Organization","@id":"https:\/\/www.latribunedufaso.net\/#organization","name":"La Tribune du Faso","url":"https:\/\/www.latribunedufaso.net\/","logo":{"@type":"ImageObject","inLanguage":"fr-FR","@id":"https:\/\/www.latribunedufaso.net\/#\/schema\/logo\/image\/","url":"https:\/\/www.latribunedufaso.net\/wp-content\/uploads\/2020\/08\/Logo-Tribune-du-Faso-final-scaled.jpg","contentUrl":"https:\/\/www.latribunedufaso.net\/wp-content\/uploads\/2020\/08\/Logo-Tribune-du-Faso-final-scaled.jpg","width":2560,"height":1856,"caption":"La Tribune du Faso"},"image":{"@id":"https:\/\/www.latribunedufaso.net\/#\/schema\/logo\/image\/"},"sameAs":["https:\/\/www.facebook.com\/LatribuneduFaso\/"]},{"@type":"Person","@id":"https:\/\/www.latribunedufaso.net\/#\/schema\/person\/e54e64c5778a7e72cf80a318b7a622b0","name":"Issouf Tapsoba","image":{"@type":"ImageObject","inLanguage":"fr-FR","@id":"https:\/\/secure.gravatar.com\/avatar\/5e6c05150ce3230247d167f5b94d678eb05936197436d69b7921e3a95c9107ac?s=96&d=mm&r=g","url":"https:\/\/secure.gravatar.com\/avatar\/5e6c05150ce3230247d167f5b94d678eb05936197436d69b7921e3a95c9107ac?s=96&d=mm&r=g","contentUrl":"https:\/\/secure.gravatar.com\/avatar\/5e6c05150ce3230247d167f5b94d678eb05936197436d69b7921e3a95c9107ac?s=96&d=mm&r=g","caption":"Issouf Tapsoba"},"url":"https:\/\/www.latribunedufaso.net\/?author=5"}]}},"_links":{"self":[{"href":"https:\/\/www.latribunedufaso.net\/index.php?rest_route=\/wp\/v2\/posts\/24594","targetHints":{"allow":["GET"]}}],"collection":[{"href":"https:\/\/www.latribunedufaso.net\/index.php?rest_route=\/wp\/v2\/posts"}],"about":[{"href":"https:\/\/www.latribunedufaso.net\/index.php?rest_route=\/wp\/v2\/types\/post"}],"author":[{"embeddable":true,"href":"https:\/\/www.latribunedufaso.net\/index.php?rest_route=\/wp\/v2\/users\/5"}],"replies":[{"embeddable":true,"href":"https:\/\/www.latribunedufaso.net\/index.php?rest_route=%2Fwp%2Fv2%2Fcomments&post=24594"}],"version-history":[{"count":2,"href":"https:\/\/www.latribunedufaso.net\/index.php?rest_route=\/wp\/v2\/posts\/24594\/revisions"}],"predecessor-version":[{"id":24599,"href":"https:\/\/www.latribunedufaso.net\/index.php?rest_route=\/wp\/v2\/posts\/24594\/revisions\/24599"}],"wp:featuredmedia":[{"embeddable":true,"href":"https:\/\/www.latribunedufaso.net\/index.php?rest_route=\/wp\/v2\/media\/24596"}],"wp:attachment":[{"href":"https:\/\/www.latribunedufaso.net\/index.php?rest_route=%2Fwp%2Fv2%2Fmedia&parent=24594"}],"wp:term":[{"taxonomy":"category","embeddable":true,"href":"https:\/\/www.latribunedufaso.net\/index.php?rest_route=%2Fwp%2Fv2%2Fcategories&post=24594"},{"taxonomy":"post_tag","embeddable":true,"href":"https:\/\/www.latribunedufaso.net\/index.php?rest_route=%2Fwp%2Fv2%2Ftags&post=24594"}],"curies":[{"name":"wp","href":"https:\/\/api.w.org\/{rel}","templated":true}]}}