{"id":24560,"date":"2025-10-29T14:01:00","date_gmt":"2025-10-29T14:01:00","guid":{"rendered":"https:\/\/www.latribunedufaso.net\/?p=24560"},"modified":"2025-10-29T18:51:39","modified_gmt":"2025-10-29T18:51:39","slug":"promotion-du-data-journalisme-kader-patrick-karantao-dans-les-locaux-de-la-tribune-du-faso","status":"publish","type":"post","link":"https:\/\/www.latribunedufaso.net\/?p=24560","title":{"rendered":"Promotion du data journalisme : Kader Patrick Karantao dans les locaux de la Tribune du Faso\u00a0"},"content":{"rendered":"<p><strong>En visite ce 29 octobre 2025 dans les locaux de la Tribune du Faso, le journaliste Kader Patrick Karantao a plaid\u00e9 pour une meilleure int\u00e9gration du data journalisme dans les r\u00e9dactions. L\u2019initiateur d\u2019un atelier pr\u00e9vu le 12 novembre prochain veut encourager les m\u00e9dias \u00e0 exploiter les donn\u00e9es pour raconter autrement l\u2019information.<\/strong><!--more--><\/p>\n<p>Le journaliste \u00e0 Sidwaya, Kader Patrick Karantao, \u00e9galement Champion pour l\u2019ouverture des donn\u00e9es de la cohorte 2025 de la Communaut\u00e9 d\u2019Afrique francophone sur les donn\u00e9es ouvertes, a effectu\u00e9 une visite de courtoisie ce 29 octobre 2025 dans les locaux de la Tribune du Faso \u00e0 Ouagadougou.\u00a0<\/p>\n<p>Cette visite s\u2019inscrit dans le cadre de la promotion du data journalisme et de la sensibilisation des responsables de m\u00e9dias \u00e0 cette approche innovante du traitement de l\u2019information.<\/p>\n<figure id=\"attachment_24564\" aria-describedby=\"caption-attachment-24564\" style=\"width: 2560px\" class=\"wp-caption aligncenter\"><a href=\"https:\/\/www.latribunedufaso.net\/wp-content\/uploads\/2025\/10\/IMG_20251029_113914_840-scaled.jpg\"><img loading=\"lazy\" decoding=\"async\" class=\"size-full wp-image-24564\" src=\"https:\/\/www.latribunedufaso.net\/wp-content\/uploads\/2025\/10\/IMG_20251029_113914_840-scaled.jpg\" alt=\"Dans le cadre de l'atelier sur le data journalisme qu'il organise au profit des responsables de m\u00e9dias, le journaliste Kader Patrick Karantao a effectu\u00e9 une visite \u00e0 La Tribune du Faso, 29 octobre 2025\" width=\"2560\" height=\"1920\" srcset=\"https:\/\/www.latribunedufaso.net\/wp-content\/uploads\/2025\/10\/IMG_20251029_113914_840-scaled.jpg 2560w, https:\/\/www.latribunedufaso.net\/wp-content\/uploads\/2025\/10\/IMG_20251029_113914_840-300x225.jpg 300w, https:\/\/www.latribunedufaso.net\/wp-content\/uploads\/2025\/10\/IMG_20251029_113914_840-1024x768.jpg 1024w, https:\/\/www.latribunedufaso.net\/wp-content\/uploads\/2025\/10\/IMG_20251029_113914_840-768x576.jpg 768w, https:\/\/www.latribunedufaso.net\/wp-content\/uploads\/2025\/10\/IMG_20251029_113914_840-1536x1152.jpg 1536w, https:\/\/www.latribunedufaso.net\/wp-content\/uploads\/2025\/10\/IMG_20251029_113914_840-2048x1536.jpg 2048w\" sizes=\"auto, (max-width: 2560px) 100vw, 2560px\" \/><\/a><figcaption id=\"caption-attachment-24564\" class=\"wp-caption-text\">Le journaliste Kader Patrick Karantao encourage La Tribune du Faso \u00e0 continuer \u00e0 pratiquer le data journalisme &#8211; Ph. DR<\/figcaption><\/figure>\n<p><em><strong>\u00ab Laissez-moi vous dire que je suis tr\u00e8s honor\u00e9 de visiter la Tribune du Faso, m\u00e9dia en ligne qui compte beaucoup dans le paysage m\u00e9diatique burkinab\u00e8 et qui existe depuis 6 ans \u00bb<\/strong><\/em>, a d\u00e9clar\u00e9 Kader Patrick Karantao.<\/p>\n<p>Au cours de cette rencontre, le journaliste a pr\u00e9sent\u00e9 une initiative, l\u2019organisation d\u2019un atelier de sensibilisation \u00e0 l\u2019introduction du data journalisme dans les r\u00e9dactions, pr\u00e9vu pour le mercredi 12 novembre 2025 \u00e0 partir de 9h, dans la salle de conf\u00e9rence de la DGCOOP \u00e0 Ouagadougou.<\/p>\n<figure id=\"attachment_24562\" aria-describedby=\"caption-attachment-24562\" style=\"width: 1016px\" class=\"wp-caption aligncenter\"><a href=\"https:\/\/www.latribunedufaso.net\/wp-content\/uploads\/2025\/10\/IMG-20251029-WA0017.jpg\"><img loading=\"lazy\" decoding=\"async\" class=\"size-full wp-image-24562\" src=\"https:\/\/www.latribunedufaso.net\/wp-content\/uploads\/2025\/10\/IMG-20251029-WA0017.jpg\" alt=\"Dans le cadre de l'atelier sur le data journalisme qu'il organise au profit des responsables de m\u00e9dias, le journaliste Kader Patrick Karantao a effectu\u00e9 une visite \u00e0 La Tribune du Faso, 29 octobre 2025\" width=\"1016\" height=\"596\" srcset=\"https:\/\/www.latribunedufaso.net\/wp-content\/uploads\/2025\/10\/IMG-20251029-WA0017.jpg 1016w, https:\/\/www.latribunedufaso.net\/wp-content\/uploads\/2025\/10\/IMG-20251029-WA0017-300x176.jpg 300w, https:\/\/www.latribunedufaso.net\/wp-content\/uploads\/2025\/10\/IMG-20251029-WA0017-768x451.jpg 768w\" sizes=\"auto, (max-width: 1016px) 100vw, 1016px\" \/><\/a><figcaption id=\"caption-attachment-24562\" class=\"wp-caption-text\">Une vue des \u00e9changes du visiteur avec la r\u00e9daction sur le data journalisme &#8211; Ph. DR<\/figcaption><\/figure>\n<p>L\u2019activit\u00e9 s\u2019adresse principalement aux responsables de m\u00e9dias du Burkina Faso et vise \u00e0 renforcer leurs capacit\u00e9s sur les opportunit\u00e9s qu\u2019offre le data journalisme.<\/p>\n<p>Selon M. Karantao, le data journalisme s\u2019impose aujourd\u2019hui comme une nouvelle forme de journalisme d\u2019investigation, permettant d\u2019<em><strong>\u00ab exploiter les donn\u00e9es pour r\u00e9v\u00e9ler les tendances cach\u00e9es et produire des r\u00e9cits engageants accompagn\u00e9s de visualisations attractives \u00bb.<\/strong><\/em><\/p>\n<p>Il estime que cette pratique constitue <em><strong>\u00ab une v\u00e9ritable opportunit\u00e9 pour pr\u00e9senter l\u2019information autrement, \u00e0 l\u2019\u00e8re du num\u00e9rique \u00bb.<\/strong><\/em><\/p>\n<blockquote>\n<p>Lire aussi &gt;&gt; <a href=\"https:\/\/www.latribunedufaso.net\/?p=24274\">M\u00e9dia : La Tribune du Faso lance son desk Fact-checking pour renforcer l\u2019int\u00e9grit\u00e9 de l\u2019information au Burkina Faso et au Sahel<\/a><\/p>\n<\/blockquote>\n<p>Durant son \u00e9change avec la r\u00e9daction, Kader Patrick Karantao a salu\u00e9 les efforts d\u00e9j\u00e0 entrepris par le m\u00e9dia h\u00f4te dans le domaine, notamment la formation du Directeur de publication et de la majorit\u00e9 de l\u2019\u00e9quipe r\u00e9dactionnelle au data journalisme, ainsi que la production de contenus bas\u00e9s sur les donn\u00e9es.<\/p>\n<figure id=\"attachment_24563\" aria-describedby=\"caption-attachment-24563\" style=\"width: 1016px\" class=\"wp-caption aligncenter\"><a href=\"https:\/\/www.latribunedufaso.net\/wp-content\/uploads\/2025\/10\/IMG-20251029-WA0020.jpg\"><img loading=\"lazy\" decoding=\"async\" class=\"size-full wp-image-24563\" src=\"https:\/\/www.latribunedufaso.net\/wp-content\/uploads\/2025\/10\/IMG-20251029-WA0020.jpg\" alt=\"Dans le cadre de l'atelier sur le data journalisme qu'il organise au profit des responsables de m\u00e9dias, le journaliste Kader Patrick Karantao a effectu\u00e9 une visite \u00e0 La Tribune du Faso, 29 octobre 2025\" width=\"1016\" height=\"762\" srcset=\"https:\/\/www.latribunedufaso.net\/wp-content\/uploads\/2025\/10\/IMG-20251029-WA0020.jpg 1016w, https:\/\/www.latribunedufaso.net\/wp-content\/uploads\/2025\/10\/IMG-20251029-WA0020-300x225.jpg 300w, https:\/\/www.latribunedufaso.net\/wp-content\/uploads\/2025\/10\/IMG-20251029-WA0020-768x576.jpg 768w\" sizes=\"auto, (max-width: 1016px) 100vw, 1016px\" \/><\/a><figcaption id=\"caption-attachment-24563\" class=\"wp-caption-text\">Photo de famille du visiteur du jour (veste noire) avec la r\u00e9daction de La Tribune du Faso &#8211; Ph. DR<\/figcaption><\/figure>\n<p><em><strong>\u00ab J\u2019ai accueilli cela avec beaucoup de joie. J\u2019ai encourag\u00e9 l\u2019\u00e9quipe \u00e0 poursuivre dans ce sens parce que le data journalisme, c\u2019est vraiment une opportunit\u00e9 pour le journalisme de demain \u00bb<\/strong><\/em>, a t-il appr\u00e9ci\u00e9 avant de reprendre la route.<\/p>\n<p><strong>Latribunedufaso.net<\/strong><\/p>\n","protected":false},"excerpt":{"rendered":"<p>En visite ce 29 octobre 2025 dans les locaux de la Tribune du Faso, le journaliste Kader Patrick Karantao a plaid\u00e9 pour une meilleure int\u00e9gration du data journalisme dans les r\u00e9dactions. L\u2019initiateur d\u2019un atelier pr\u00e9vu le 12 novembre prochain veut encourager les m\u00e9dias \u00e0 exploiter les donn\u00e9es pour raconter autrement l\u2019information.<\/p>\n","protected":false},"author":5,"featured_media":24563,"comment_status":"open","ping_status":"open","sticky":false,"template":"","format":"standard","meta":{"footnotes":""},"categories":[13,1,8],"tags":[1721,39],"class_list":["post-24560","post","type-post","status-publish","format-standard","has-post-thumbnail","hentry","category-une","category-actu","category-societe","tag-data-journalisme","tag-latribunedufaso-net"],"yoast_head":"<!-- This site is optimized with the Yoast SEO plugin v27.5 - https:\/\/yoast.com\/product\/yoast-seo-wordpress\/ -->\n<title>Promotion du data journalisme : Kader Patrick Karantao dans les locaux de la Tribune du Faso\u00a0 - La Tribune du Faso<\/title>\n<meta name=\"robots\" content=\"index, follow, max-snippet:-1, max-image-preview:large, max-video-preview:-1\" \/>\n<link rel=\"canonical\" href=\"https:\/\/www.latribunedufaso.net\/?p=24560\" \/>\n<meta property=\"og:locale\" content=\"fr_FR\" \/>\n<meta property=\"og:type\" content=\"article\" \/>\n<meta property=\"og:title\" content=\"Promotion du data journalisme : Kader Patrick Karantao dans les locaux de la Tribune du Faso\u00a0 - La Tribune du Faso\" \/>\n<meta property=\"og:description\" content=\"En visite ce 29 octobre 2025 dans les locaux de la Tribune du Faso, le journaliste Kader Patrick Karantao a plaid\u00e9 pour une meilleure int\u00e9gration du data journalisme dans les r\u00e9dactions. L\u2019initiateur d\u2019un atelier pr\u00e9vu le 12 novembre prochain veut encourager les m\u00e9dias \u00e0 exploiter les donn\u00e9es pour raconter autrement l\u2019information.\" \/>\n<meta property=\"og:url\" content=\"https:\/\/www.latribunedufaso.net\/?p=24560\" \/>\n<meta property=\"og:site_name\" content=\"La Tribune du Faso\" \/>\n<meta property=\"article:publisher\" content=\"https:\/\/www.facebook.com\/LatribuneduFaso\/\" \/>\n<meta property=\"article:published_time\" content=\"2025-10-29T14:01:00+00:00\" \/>\n<meta property=\"article:modified_time\" content=\"2025-10-29T18:51:39+00:00\" \/>\n<meta property=\"og:image\" content=\"https:\/\/www.latribunedufaso.net\/wp-content\/uploads\/2025\/10\/IMG-20251029-WA0020.jpg\" \/>\n\t<meta property=\"og:image:width\" content=\"1016\" \/>\n\t<meta property=\"og:image:height\" content=\"762\" \/>\n\t<meta property=\"og:image:type\" content=\"image\/jpeg\" \/>\n<meta name=\"author\" content=\"Issouf Tapsoba\" \/>\n<meta name=\"twitter:label1\" content=\"\u00c9crit par\" \/>\n\t<meta name=\"twitter:data1\" content=\"Issouf Tapsoba\" \/>\n\t<meta name=\"twitter:label2\" content=\"Dur\u00e9e de lecture estim\u00e9e\" \/>\n\t<meta name=\"twitter:data2\" content=\"3 minutes\" \/>\n<script type=\"application\/ld+json\" class=\"yoast-schema-graph\">{\"@context\":\"https:\\\/\\\/schema.org\",\"@graph\":[{\"@type\":\"Article\",\"@id\":\"https:\\\/\\\/www.latribunedufaso.net\\\/?p=24560#article\",\"isPartOf\":{\"@id\":\"https:\\\/\\\/www.latribunedufaso.net\\\/?p=24560\"},\"author\":{\"name\":\"Issouf Tapsoba\",\"@id\":\"https:\\\/\\\/www.latribunedufaso.net\\\/#\\\/schema\\\/person\\\/e54e64c5778a7e72cf80a318b7a622b0\"},\"headline\":\"Promotion du data journalisme : Kader Patrick Karantao dans les locaux de la Tribune du Faso\u00a0\",\"datePublished\":\"2025-10-29T14:01:00+00:00\",\"dateModified\":\"2025-10-29T18:51:39+00:00\",\"mainEntityOfPage\":{\"@id\":\"https:\\\/\\\/www.latribunedufaso.net\\\/?p=24560\"},\"wordCount\":528,\"commentCount\":0,\"publisher\":{\"@id\":\"https:\\\/\\\/www.latribunedufaso.net\\\/#organization\"},\"image\":{\"@id\":\"https:\\\/\\\/www.latribunedufaso.net\\\/?p=24560#primaryimage\"},\"thumbnailUrl\":\"https:\\\/\\\/www.latribunedufaso.net\\\/wp-content\\\/uploads\\\/2025\\\/10\\\/IMG-20251029-WA0020.jpg\",\"keywords\":[\"Data journalisme\",\"latribunedufaso.net\"],\"articleSection\":[\"A la une\",\"Actualit\u00e9\",\"Soci\u00e9t\u00e9\"],\"inLanguage\":\"fr-FR\",\"potentialAction\":[{\"@type\":\"CommentAction\",\"name\":\"Comment\",\"target\":[\"https:\\\/\\\/www.latribunedufaso.net\\\/?p=24560#respond\"]}]},{\"@type\":\"WebPage\",\"@id\":\"https:\\\/\\\/www.latribunedufaso.net\\\/?p=24560\",\"url\":\"https:\\\/\\\/www.latribunedufaso.net\\\/?p=24560\",\"name\":\"Promotion du data journalisme : Kader Patrick Karantao dans les locaux de la Tribune du Faso\u00a0 - La Tribune du Faso\",\"isPartOf\":{\"@id\":\"https:\\\/\\\/www.latribunedufaso.net\\\/#website\"},\"primaryImageOfPage\":{\"@id\":\"https:\\\/\\\/www.latribunedufaso.net\\\/?p=24560#primaryimage\"},\"image\":{\"@id\":\"https:\\\/\\\/www.latribunedufaso.net\\\/?p=24560#primaryimage\"},\"thumbnailUrl\":\"https:\\\/\\\/www.latribunedufaso.net\\\/wp-content\\\/uploads\\\/2025\\\/10\\\/IMG-20251029-WA0020.jpg\",\"datePublished\":\"2025-10-29T14:01:00+00:00\",\"dateModified\":\"2025-10-29T18:51:39+00:00\",\"breadcrumb\":{\"@id\":\"https:\\\/\\\/www.latribunedufaso.net\\\/?p=24560#breadcrumb\"},\"inLanguage\":\"fr-FR\",\"potentialAction\":[{\"@type\":\"ReadAction\",\"target\":[\"https:\\\/\\\/www.latribunedufaso.net\\\/?p=24560\"]}]},{\"@type\":\"ImageObject\",\"inLanguage\":\"fr-FR\",\"@id\":\"https:\\\/\\\/www.latribunedufaso.net\\\/?p=24560#primaryimage\",\"url\":\"https:\\\/\\\/www.latribunedufaso.net\\\/wp-content\\\/uploads\\\/2025\\\/10\\\/IMG-20251029-WA0020.jpg\",\"contentUrl\":\"https:\\\/\\\/www.latribunedufaso.net\\\/wp-content\\\/uploads\\\/2025\\\/10\\\/IMG-20251029-WA0020.jpg\",\"width\":1016,\"height\":762,\"caption\":\"Photo de famille du visiteur du jour (veste noire) avec la r\u00e9daction de La Tribune du Faso - Ph. DR\"},{\"@type\":\"BreadcrumbList\",\"@id\":\"https:\\\/\\\/www.latribunedufaso.net\\\/?p=24560#breadcrumb\",\"itemListElement\":[{\"@type\":\"ListItem\",\"position\":1,\"name\":\"Accueil\",\"item\":\"https:\\\/\\\/www.latribunedufaso.net\\\/\"},{\"@type\":\"ListItem\",\"position\":2,\"name\":\"Promotion du data journalisme : Kader Patrick Karantao dans les locaux de la Tribune du Faso\u00a0\"}]},{\"@type\":\"WebSite\",\"@id\":\"https:\\\/\\\/www.latribunedufaso.net\\\/#website\",\"url\":\"https:\\\/\\\/www.latribunedufaso.net\\\/\",\"name\":\"La Tribune du Faso\",\"description\":\"L&#039;information du monde rural en un clic\",\"publisher\":{\"@id\":\"https:\\\/\\\/www.latribunedufaso.net\\\/#organization\"},\"potentialAction\":[{\"@type\":\"SearchAction\",\"target\":{\"@type\":\"EntryPoint\",\"urlTemplate\":\"https:\\\/\\\/www.latribunedufaso.net\\\/?s={search_term_string}\"},\"query-input\":{\"@type\":\"PropertyValueSpecification\",\"valueRequired\":true,\"valueName\":\"search_term_string\"}}],\"inLanguage\":\"fr-FR\"},{\"@type\":\"Organization\",\"@id\":\"https:\\\/\\\/www.latribunedufaso.net\\\/#organization\",\"name\":\"La Tribune du Faso\",\"url\":\"https:\\\/\\\/www.latribunedufaso.net\\\/\",\"logo\":{\"@type\":\"ImageObject\",\"inLanguage\":\"fr-FR\",\"@id\":\"https:\\\/\\\/www.latribunedufaso.net\\\/#\\\/schema\\\/logo\\\/image\\\/\",\"url\":\"https:\\\/\\\/www.latribunedufaso.net\\\/wp-content\\\/uploads\\\/2020\\\/08\\\/Logo-Tribune-du-Faso-final-scaled.jpg\",\"contentUrl\":\"https:\\\/\\\/www.latribunedufaso.net\\\/wp-content\\\/uploads\\\/2020\\\/08\\\/Logo-Tribune-du-Faso-final-scaled.jpg\",\"width\":2560,\"height\":1856,\"caption\":\"La Tribune du Faso\"},\"image\":{\"@id\":\"https:\\\/\\\/www.latribunedufaso.net\\\/#\\\/schema\\\/logo\\\/image\\\/\"},\"sameAs\":[\"https:\\\/\\\/www.facebook.com\\\/LatribuneduFaso\\\/\"]},{\"@type\":\"Person\",\"@id\":\"https:\\\/\\\/www.latribunedufaso.net\\\/#\\\/schema\\\/person\\\/e54e64c5778a7e72cf80a318b7a622b0\",\"name\":\"Issouf Tapsoba\",\"image\":{\"@type\":\"ImageObject\",\"inLanguage\":\"fr-FR\",\"@id\":\"https:\\\/\\\/secure.gravatar.com\\\/avatar\\\/5e6c05150ce3230247d167f5b94d678eb05936197436d69b7921e3a95c9107ac?s=96&d=mm&r=g\",\"url\":\"https:\\\/\\\/secure.gravatar.com\\\/avatar\\\/5e6c05150ce3230247d167f5b94d678eb05936197436d69b7921e3a95c9107ac?s=96&d=mm&r=g\",\"contentUrl\":\"https:\\\/\\\/secure.gravatar.com\\\/avatar\\\/5e6c05150ce3230247d167f5b94d678eb05936197436d69b7921e3a95c9107ac?s=96&d=mm&r=g\",\"caption\":\"Issouf Tapsoba\"},\"url\":\"https:\\\/\\\/www.latribunedufaso.net\\\/?author=5\"}]}<\/script>\n<!-- \/ Yoast SEO plugin. -->","yoast_head_json":{"title":"Promotion du data journalisme : Kader Patrick Karantao dans les locaux de la Tribune du Faso\u00a0 - La Tribune du Faso","robots":{"index":"index","follow":"follow","max-snippet":"max-snippet:-1","max-image-preview":"max-image-preview:large","max-video-preview":"max-video-preview:-1"},"canonical":"https:\/\/www.latribunedufaso.net\/?p=24560","og_locale":"fr_FR","og_type":"article","og_title":"Promotion du data journalisme : Kader Patrick Karantao dans les locaux de la Tribune du Faso\u00a0 - La Tribune du Faso","og_description":"En visite ce 29 octobre 2025 dans les locaux de la Tribune du Faso, le journaliste Kader Patrick Karantao a plaid\u00e9 pour une meilleure int\u00e9gration du data journalisme dans les r\u00e9dactions. L\u2019initiateur d\u2019un atelier pr\u00e9vu le 12 novembre prochain veut encourager les m\u00e9dias \u00e0 exploiter les donn\u00e9es pour raconter autrement l\u2019information.","og_url":"https:\/\/www.latribunedufaso.net\/?p=24560","og_site_name":"La Tribune du Faso","article_publisher":"https:\/\/www.facebook.com\/LatribuneduFaso\/","article_published_time":"2025-10-29T14:01:00+00:00","article_modified_time":"2025-10-29T18:51:39+00:00","og_image":[{"width":1016,"height":762,"url":"https:\/\/www.latribunedufaso.net\/wp-content\/uploads\/2025\/10\/IMG-20251029-WA0020.jpg","type":"image\/jpeg"}],"author":"Issouf Tapsoba","twitter_misc":{"\u00c9crit par":"Issouf Tapsoba","Dur\u00e9e de lecture estim\u00e9e":"3 minutes"},"schema":{"@context":"https:\/\/schema.org","@graph":[{"@type":"Article","@id":"https:\/\/www.latribunedufaso.net\/?p=24560#article","isPartOf":{"@id":"https:\/\/www.latribunedufaso.net\/?p=24560"},"author":{"name":"Issouf Tapsoba","@id":"https:\/\/www.latribunedufaso.net\/#\/schema\/person\/e54e64c5778a7e72cf80a318b7a622b0"},"headline":"Promotion du data journalisme : Kader Patrick Karantao dans les locaux de la Tribune du Faso\u00a0","datePublished":"2025-10-29T14:01:00+00:00","dateModified":"2025-10-29T18:51:39+00:00","mainEntityOfPage":{"@id":"https:\/\/www.latribunedufaso.net\/?p=24560"},"wordCount":528,"commentCount":0,"publisher":{"@id":"https:\/\/www.latribunedufaso.net\/#organization"},"image":{"@id":"https:\/\/www.latribunedufaso.net\/?p=24560#primaryimage"},"thumbnailUrl":"https:\/\/www.latribunedufaso.net\/wp-content\/uploads\/2025\/10\/IMG-20251029-WA0020.jpg","keywords":["Data journalisme","latribunedufaso.net"],"articleSection":["A la une","Actualit\u00e9","Soci\u00e9t\u00e9"],"inLanguage":"fr-FR","potentialAction":[{"@type":"CommentAction","name":"Comment","target":["https:\/\/www.latribunedufaso.net\/?p=24560#respond"]}]},{"@type":"WebPage","@id":"https:\/\/www.latribunedufaso.net\/?p=24560","url":"https:\/\/www.latribunedufaso.net\/?p=24560","name":"Promotion du data journalisme : Kader Patrick Karantao dans les locaux de la Tribune du Faso\u00a0 - La Tribune du Faso","isPartOf":{"@id":"https:\/\/www.latribunedufaso.net\/#website"},"primaryImageOfPage":{"@id":"https:\/\/www.latribunedufaso.net\/?p=24560#primaryimage"},"image":{"@id":"https:\/\/www.latribunedufaso.net\/?p=24560#primaryimage"},"thumbnailUrl":"https:\/\/www.latribunedufaso.net\/wp-content\/uploads\/2025\/10\/IMG-20251029-WA0020.jpg","datePublished":"2025-10-29T14:01:00+00:00","dateModified":"2025-10-29T18:51:39+00:00","breadcrumb":{"@id":"https:\/\/www.latribunedufaso.net\/?p=24560#breadcrumb"},"inLanguage":"fr-FR","potentialAction":[{"@type":"ReadAction","target":["https:\/\/www.latribunedufaso.net\/?p=24560"]}]},{"@type":"ImageObject","inLanguage":"fr-FR","@id":"https:\/\/www.latribunedufaso.net\/?p=24560#primaryimage","url":"https:\/\/www.latribunedufaso.net\/wp-content\/uploads\/2025\/10\/IMG-20251029-WA0020.jpg","contentUrl":"https:\/\/www.latribunedufaso.net\/wp-content\/uploads\/2025\/10\/IMG-20251029-WA0020.jpg","width":1016,"height":762,"caption":"Photo de famille du visiteur du jour (veste noire) avec la r\u00e9daction de La Tribune du Faso - Ph. DR"},{"@type":"BreadcrumbList","@id":"https:\/\/www.latribunedufaso.net\/?p=24560#breadcrumb","itemListElement":[{"@type":"ListItem","position":1,"name":"Accueil","item":"https:\/\/www.latribunedufaso.net\/"},{"@type":"ListItem","position":2,"name":"Promotion du data journalisme : Kader Patrick Karantao dans les locaux de la Tribune du Faso\u00a0"}]},{"@type":"WebSite","@id":"https:\/\/www.latribunedufaso.net\/#website","url":"https:\/\/www.latribunedufaso.net\/","name":"La Tribune du Faso","description":"L&#039;information du monde rural en un clic","publisher":{"@id":"https:\/\/www.latribunedufaso.net\/#organization"},"potentialAction":[{"@type":"SearchAction","target":{"@type":"EntryPoint","urlTemplate":"https:\/\/www.latribunedufaso.net\/?s={search_term_string}"},"query-input":{"@type":"PropertyValueSpecification","valueRequired":true,"valueName":"search_term_string"}}],"inLanguage":"fr-FR"},{"@type":"Organization","@id":"https:\/\/www.latribunedufaso.net\/#organization","name":"La Tribune du Faso","url":"https:\/\/www.latribunedufaso.net\/","logo":{"@type":"ImageObject","inLanguage":"fr-FR","@id":"https:\/\/www.latribunedufaso.net\/#\/schema\/logo\/image\/","url":"https:\/\/www.latribunedufaso.net\/wp-content\/uploads\/2020\/08\/Logo-Tribune-du-Faso-final-scaled.jpg","contentUrl":"https:\/\/www.latribunedufaso.net\/wp-content\/uploads\/2020\/08\/Logo-Tribune-du-Faso-final-scaled.jpg","width":2560,"height":1856,"caption":"La Tribune du Faso"},"image":{"@id":"https:\/\/www.latribunedufaso.net\/#\/schema\/logo\/image\/"},"sameAs":["https:\/\/www.facebook.com\/LatribuneduFaso\/"]},{"@type":"Person","@id":"https:\/\/www.latribunedufaso.net\/#\/schema\/person\/e54e64c5778a7e72cf80a318b7a622b0","name":"Issouf Tapsoba","image":{"@type":"ImageObject","inLanguage":"fr-FR","@id":"https:\/\/secure.gravatar.com\/avatar\/5e6c05150ce3230247d167f5b94d678eb05936197436d69b7921e3a95c9107ac?s=96&d=mm&r=g","url":"https:\/\/secure.gravatar.com\/avatar\/5e6c05150ce3230247d167f5b94d678eb05936197436d69b7921e3a95c9107ac?s=96&d=mm&r=g","contentUrl":"https:\/\/secure.gravatar.com\/avatar\/5e6c05150ce3230247d167f5b94d678eb05936197436d69b7921e3a95c9107ac?s=96&d=mm&r=g","caption":"Issouf Tapsoba"},"url":"https:\/\/www.latribunedufaso.net\/?author=5"}]}},"_links":{"self":[{"href":"https:\/\/www.latribunedufaso.net\/index.php?rest_route=\/wp\/v2\/posts\/24560","targetHints":{"allow":["GET"]}}],"collection":[{"href":"https:\/\/www.latribunedufaso.net\/index.php?rest_route=\/wp\/v2\/posts"}],"about":[{"href":"https:\/\/www.latribunedufaso.net\/index.php?rest_route=\/wp\/v2\/types\/post"}],"author":[{"embeddable":true,"href":"https:\/\/www.latribunedufaso.net\/index.php?rest_route=\/wp\/v2\/users\/5"}],"replies":[{"embeddable":true,"href":"https:\/\/www.latribunedufaso.net\/index.php?rest_route=%2Fwp%2Fv2%2Fcomments&post=24560"}],"version-history":[{"count":3,"href":"https:\/\/www.latribunedufaso.net\/index.php?rest_route=\/wp\/v2\/posts\/24560\/revisions"}],"predecessor-version":[{"id":24570,"href":"https:\/\/www.latribunedufaso.net\/index.php?rest_route=\/wp\/v2\/posts\/24560\/revisions\/24570"}],"wp:featuredmedia":[{"embeddable":true,"href":"https:\/\/www.latribunedufaso.net\/index.php?rest_route=\/wp\/v2\/media\/24563"}],"wp:attachment":[{"href":"https:\/\/www.latribunedufaso.net\/index.php?rest_route=%2Fwp%2Fv2%2Fmedia&parent=24560"}],"wp:term":[{"taxonomy":"category","embeddable":true,"href":"https:\/\/www.latribunedufaso.net\/index.php?rest_route=%2Fwp%2Fv2%2Fcategories&post=24560"},{"taxonomy":"post_tag","embeddable":true,"href":"https:\/\/www.latribunedufaso.net\/index.php?rest_route=%2Fwp%2Fv2%2Ftags&post=24560"}],"curies":[{"name":"wp","href":"https:\/\/api.w.org\/{rel}","templated":true}]}}