{"id":24553,"date":"2025-10-28T23:41:57","date_gmt":"2025-10-28T23:41:57","guid":{"rendered":"https:\/\/www.latribunedufaso.net\/?p=24553"},"modified":"2025-12-17T19:11:07","modified_gmt":"2025-12-17T19:11:07","slug":"burkina-valorisation-des-musees-et-sites-touristiques-lajv-annonce-la-premiere-edition-du-samusitb","status":"publish","type":"post","link":"https:\/\/www.latribunedufaso.net\/?p=24553","title":{"rendered":"Burkina \/ Valorisation des mus\u00e9es et sites touristiques : l\u2019AJV annonce la premi\u00e8re \u00e9dition du SAMUSITB"},"content":{"rendered":"<p><strong>L\u2019Association des jeunes visionnaires (AJV) a annonc\u00e9, ce 28 octobre 2025 \u00e0 Ouagadougou, la premi\u00e8re \u00e9dition du Salon des mus\u00e9es et des sites touristiques du Burkina (SAMUSITB). Pr\u00e9vue du 4 au 8 d\u00e9cembre 2025 au Mus\u00e9e national, cette initiative entend promouvoir le patrimoine culturel burkinab\u00e8 et renforcer le r\u00f4le des mus\u00e9es et sites touristiques dans la construction de l\u2019identit\u00e9 nationale.<\/strong><!--more--><\/p>\n<p>En conf\u00e9rence de presse ce 28 octobre 2025 \u00e0 Ouagadougou, l\u2019Association des jeunes visionnaires (AJV) a d\u00e9voil\u00e9 les grandes lignes de la premi\u00e8re \u00e9dition du Salon des mus\u00e9es et des sites touristiques du Burkina (SAMUSITB).<\/p>\n<p>L\u2019\u00e9v\u00e9nement, plac\u00e9 sous la pr\u00e9sidence du ministre en charge de la Communication, Gilbert Ou\u00e9draogo, se tiendra du 4 au 8 d\u00e9cembre 2025 au Mus\u00e9e national de Ouagadougou sous le th\u00e8me, <em><strong>\u00ab Histoire et culture de notre nation, symbole de notre souverainet\u00e9. \u00bb<\/strong><\/em><\/p>\n<h3>Un cadre de valorisation du patrimoine culturel<\/h3>\n<p>Le SAMUSITB se veut une initiative citoyenne et culturelle rassemblant les acteurs du monde mus\u00e9al et touristique autour d\u2019un m\u00eame objectif : la valorisation du patrimoine national.<\/p>\n<figure id=\"attachment_24557\" aria-describedby=\"caption-attachment-24557\" style=\"width: 2560px\" class=\"wp-caption aligncenter\"><a href=\"https:\/\/www.latribunedufaso.net\/wp-content\/uploads\/2025\/10\/IMG-20251028-WA0132.jpg\"><img loading=\"lazy\" decoding=\"async\" class=\"size-full wp-image-24557\" src=\"https:\/\/www.latribunedufaso.net\/wp-content\/uploads\/2025\/10\/IMG-20251028-WA0132.jpg\" alt=\"Conf\u00e9rence de presse d'annonce de la premi\u00e8re \u00e9dition du Salon des mus\u00e9es et des sites touristiques du Burkina (SAMUSITB), 28 octobre 2025\" width=\"2560\" height=\"2329\" srcset=\"https:\/\/www.latribunedufaso.net\/wp-content\/uploads\/2025\/10\/IMG-20251028-WA0132.jpg 2560w, https:\/\/www.latribunedufaso.net\/wp-content\/uploads\/2025\/10\/IMG-20251028-WA0132-300x273.jpg 300w, https:\/\/www.latribunedufaso.net\/wp-content\/uploads\/2025\/10\/IMG-20251028-WA0132-1024x932.jpg 1024w, https:\/\/www.latribunedufaso.net\/wp-content\/uploads\/2025\/10\/IMG-20251028-WA0132-768x699.jpg 768w, https:\/\/www.latribunedufaso.net\/wp-content\/uploads\/2025\/10\/IMG-20251028-WA0132-1536x1397.jpg 1536w, https:\/\/www.latribunedufaso.net\/wp-content\/uploads\/2025\/10\/IMG-20251028-WA0132-2048x1863.jpg 2048w\" sizes=\"auto, (max-width: 2560px) 100vw, 2560px\" \/><\/a><figcaption id=\"caption-attachment-24557\" class=\"wp-caption-text\">Le pr\u00e9sident de l\u2019AJV, Ferdinand Ou\u00e9draogo &#8211; Ph. A. Kiendrebeogo<\/figcaption><\/figure>\n<p>Selon le pr\u00e9sident de l\u2019AJV, Ferdinand Ou\u00e9draogo, le salon vise \u00e0 <em><strong>\u00ab faire d\u00e9couvrir \u00e0 la jeunesse les mus\u00e9es et sites touristiques du pays, sensibiliser les citoyens \u00e0 leur importance, raviver le patriotisme par la culture et encourager la r\u00e9habilitation des sites en d\u00e9gradation \u00bb.<\/strong><\/em><\/p>\n<figure id=\"attachment_24556\" aria-describedby=\"caption-attachment-24556\" style=\"width: 2560px\" class=\"wp-caption aligncenter\"><a href=\"https:\/\/www.latribunedufaso.net\/wp-content\/uploads\/2025\/10\/IMG-20251028-WA0135.jpg\"><img loading=\"lazy\" decoding=\"async\" class=\"size-full wp-image-24556\" src=\"https:\/\/www.latribunedufaso.net\/wp-content\/uploads\/2025\/10\/IMG-20251028-WA0135.jpg\" alt=\"Conf\u00e9rence de presse d'annonce de la premi\u00e8re \u00e9dition du Salon des mus\u00e9es et des sites touristiques du Burkina (SAMUSITB), 28 octobre 2025\" width=\"2560\" height=\"1927\" srcset=\"https:\/\/www.latribunedufaso.net\/wp-content\/uploads\/2025\/10\/IMG-20251028-WA0135.jpg 2560w, https:\/\/www.latribunedufaso.net\/wp-content\/uploads\/2025\/10\/IMG-20251028-WA0135-300x226.jpg 300w, https:\/\/www.latribunedufaso.net\/wp-content\/uploads\/2025\/10\/IMG-20251028-WA0135-1024x771.jpg 1024w, https:\/\/www.latribunedufaso.net\/wp-content\/uploads\/2025\/10\/IMG-20251028-WA0135-768x578.jpg 768w, https:\/\/www.latribunedufaso.net\/wp-content\/uploads\/2025\/10\/IMG-20251028-WA0135-1536x1156.jpg 1536w, https:\/\/www.latribunedufaso.net\/wp-content\/uploads\/2025\/10\/IMG-20251028-WA0135-2048x1542.jpg 2048w\" sizes=\"auto, (max-width: 2560px) 100vw, 2560px\" \/><\/a><figcaption id=\"caption-attachment-24556\" class=\"wp-caption-text\">Une vue des journalistes \u00e0 la conf\u00e9rence de presse &#8211; Ph. A. Kiendrebeogo<\/figcaption><\/figure>\n<p><em><strong>\u00ab \u00c0 travers ce projet, nous voulons contribuer \u00e0 la red\u00e9couverte de notre identit\u00e9, \u00e0 la pr\u00e9servation de nos valeurs et \u00e0 la promotion de nos richesses culturelles aupr\u00e8s de la jeunesse et de la diaspora \u00bb,<\/strong><\/em> a-t-il d\u00e9clar\u00e9.<\/p>\n<h3>Un appel \u00e0 la mobilisation nationale<\/h3>\n<p>M. Ou\u00e9draogo a \u00e9galement lanc\u00e9 un appel aux collectivit\u00e9s locales, aux partenaires techniques et financiers, ainsi qu\u2019\u00e0 l\u2019ensemble des citoyens burkinab\u00e8, pour soutenir la mise en \u0153uvre du projet.<\/p>\n<blockquote>\n<p>Lire aussi &gt;&gt; <a href=\"https:\/\/www.latribunedufaso.net\/?p=22832\">Burkina Faso : Le Mus\u00e9e National ouvre l\u2019exposition \u00ab Art pour la vie au Sahel \u00bb<\/a><\/p>\n<\/blockquote>\n<p><em><strong>\u00ab Ensemble, nous pouvons redonner \u00e0 nos mus\u00e9es et \u00e0 nos sites touristiques leur \u00e9clat d\u2019antan, et faire du Burkina Faso une destination culturelle incontournable en Afrique de l\u2019Ouest \u00bb<\/strong><\/em>, a-t-il soulign\u00e9.<\/p>\n<p><iframe loading=\"lazy\" width=\"560\" height=\"315\" src=\"https:\/\/www.youtube.com\/embed\/6iVOkWTw3OI?si=eUYgJjQUBKxb9TpS\" title=\"YouTube video player\" frameborder=\"0\" allow=\"accelerometer; autoplay; clipboard-write; encrypted-media; gyroscope; picture-in-picture; web-share\" referrerpolicy=\"strict-origin-when-cross-origin\" allowfullscreen><\/iframe><\/p>\n<h3>Un programme riche et vari\u00e9<\/h3>\n<p>Durant les cinq jours du salon, les visiteurs pourront assister \u00e0 des conf\u00e9rences-d\u00e9bats, des rencontres B to B, des expositions d\u2019art, ainsi qu\u2019\u00e0 l\u2019installation d\u2019ambassadeurs culturels.<\/p>\n<p><strong>Rosana Astride KIENDREBEOGO\u00a0<\/strong><\/p>\n<p><strong>Latribunedufaso.net<\/strong><\/p>\n","protected":false},"excerpt":{"rendered":"<p>L\u2019Association des jeunes visionnaires (AJV) a annonc\u00e9, ce 28 octobre 2025 \u00e0 Ouagadougou, la premi\u00e8re \u00e9dition du Salon des mus\u00e9es et des sites touristiques du Burkina (SAMUSITB). Pr\u00e9vue du 4 au 8 d\u00e9cembre 2025 au Mus\u00e9e national, cette initiative entend promouvoir le patrimoine culturel burkinab\u00e8 et renforcer le r\u00f4le des mus\u00e9es et sites touristiques dans la construction de l\u2019identit\u00e9 nationale.<\/p>\n","protected":false},"author":5,"featured_media":24555,"comment_status":"open","ping_status":"open","sticky":false,"template":"","format":"standard","meta":{"footnotes":""},"categories":[13,1,30],"tags":[39,304,1720,129],"class_list":["post-24553","post","type-post","status-publish","format-standard","has-post-thumbnail","hentry","category-une","category-actu","category-art-et-culture","tag-latribunedufaso-net","tag-musee-national-du-burkina","tag-salon-des-musees-et-des-sites-touristiques-du-burkina-samusitb","tag-tourisme"],"yoast_head":"<!-- This site is optimized with the Yoast SEO plugin v27.4 - https:\/\/yoast.com\/product\/yoast-seo-wordpress\/ -->\n<title>Burkina \/ Valorisation des mus\u00e9es et sites touristiques : l\u2019AJV annonce la premi\u00e8re \u00e9dition du SAMUSITB - La Tribune du Faso<\/title>\n<meta name=\"robots\" content=\"index, follow, max-snippet:-1, max-image-preview:large, max-video-preview:-1\" \/>\n<link rel=\"canonical\" href=\"https:\/\/www.latribunedufaso.net\/?p=24553\" \/>\n<meta property=\"og:locale\" content=\"fr_FR\" \/>\n<meta property=\"og:type\" content=\"article\" \/>\n<meta property=\"og:title\" content=\"Burkina \/ Valorisation des mus\u00e9es et sites touristiques : l\u2019AJV annonce la premi\u00e8re \u00e9dition du SAMUSITB - La Tribune du Faso\" \/>\n<meta property=\"og:description\" content=\"L\u2019Association des jeunes visionnaires (AJV) a annonc\u00e9, ce 28 octobre 2025 \u00e0 Ouagadougou, la premi\u00e8re \u00e9dition du Salon des mus\u00e9es et des sites touristiques du Burkina (SAMUSITB). Pr\u00e9vue du 4 au 8 d\u00e9cembre 2025 au Mus\u00e9e national, cette initiative entend promouvoir le patrimoine culturel burkinab\u00e8 et renforcer le r\u00f4le des mus\u00e9es et sites touristiques dans la construction de l\u2019identit\u00e9 nationale.\" \/>\n<meta property=\"og:url\" content=\"https:\/\/www.latribunedufaso.net\/?p=24553\" \/>\n<meta property=\"og:site_name\" content=\"La Tribune du Faso\" \/>\n<meta property=\"article:publisher\" content=\"https:\/\/www.facebook.com\/LatribuneduFaso\/\" \/>\n<meta property=\"article:published_time\" content=\"2025-10-28T23:41:57+00:00\" \/>\n<meta property=\"article:modified_time\" content=\"2025-12-17T19:11:07+00:00\" \/>\n<meta property=\"og:image\" content=\"https:\/\/www.latribunedufaso.net\/wp-content\/uploads\/2025\/10\/IMG-20251028-WA0138.jpg\" \/>\n\t<meta property=\"og:image:width\" content=\"2560\" \/>\n\t<meta property=\"og:image:height\" content=\"1090\" \/>\n\t<meta property=\"og:image:type\" content=\"image\/jpeg\" \/>\n<meta name=\"author\" content=\"Issouf Tapsoba\" \/>\n<meta name=\"twitter:label1\" content=\"\u00c9crit par\" \/>\n\t<meta name=\"twitter:data1\" content=\"Issouf Tapsoba\" \/>\n\t<meta name=\"twitter:label2\" content=\"Dur\u00e9e de lecture estim\u00e9e\" \/>\n\t<meta name=\"twitter:data2\" content=\"3 minutes\" \/>\n<script type=\"application\/ld+json\" class=\"yoast-schema-graph\">{\"@context\":\"https:\\\/\\\/schema.org\",\"@graph\":[{\"@type\":\"Article\",\"@id\":\"https:\\\/\\\/www.latribunedufaso.net\\\/?p=24553#article\",\"isPartOf\":{\"@id\":\"https:\\\/\\\/www.latribunedufaso.net\\\/?p=24553\"},\"author\":{\"name\":\"Issouf Tapsoba\",\"@id\":\"https:\\\/\\\/www.latribunedufaso.net\\\/#\\\/schema\\\/person\\\/e54e64c5778a7e72cf80a318b7a622b0\"},\"headline\":\"Burkina \\\/ Valorisation des mus\u00e9es et sites touristiques : l\u2019AJV annonce la premi\u00e8re \u00e9dition du SAMUSITB\",\"datePublished\":\"2025-10-28T23:41:57+00:00\",\"dateModified\":\"2025-12-17T19:11:07+00:00\",\"mainEntityOfPage\":{\"@id\":\"https:\\\/\\\/www.latribunedufaso.net\\\/?p=24553\"},\"wordCount\":448,\"commentCount\":0,\"publisher\":{\"@id\":\"https:\\\/\\\/www.latribunedufaso.net\\\/#organization\"},\"image\":{\"@id\":\"https:\\\/\\\/www.latribunedufaso.net\\\/?p=24553#primaryimage\"},\"thumbnailUrl\":\"https:\\\/\\\/www.latribunedufaso.net\\\/wp-content\\\/uploads\\\/2025\\\/10\\\/IMG-20251028-WA0138.jpg\",\"keywords\":[\"latribunedufaso.net\",\"Mus\u00e9e national du Burkina\",\"Salon des mus\u00e9es et des sites touristiques du Burkina (SAMUSITB)\",\"tourisme\"],\"articleSection\":[\"A la une\",\"Actualit\u00e9\",\"Art et Culture\"],\"inLanguage\":\"fr-FR\",\"potentialAction\":[{\"@type\":\"CommentAction\",\"name\":\"Comment\",\"target\":[\"https:\\\/\\\/www.latribunedufaso.net\\\/?p=24553#respond\"]}]},{\"@type\":\"WebPage\",\"@id\":\"https:\\\/\\\/www.latribunedufaso.net\\\/?p=24553\",\"url\":\"https:\\\/\\\/www.latribunedufaso.net\\\/?p=24553\",\"name\":\"Burkina \\\/ Valorisation des mus\u00e9es et sites touristiques : l\u2019AJV annonce la premi\u00e8re \u00e9dition du SAMUSITB - La Tribune du Faso\",\"isPartOf\":{\"@id\":\"https:\\\/\\\/www.latribunedufaso.net\\\/#website\"},\"primaryImageOfPage\":{\"@id\":\"https:\\\/\\\/www.latribunedufaso.net\\\/?p=24553#primaryimage\"},\"image\":{\"@id\":\"https:\\\/\\\/www.latribunedufaso.net\\\/?p=24553#primaryimage\"},\"thumbnailUrl\":\"https:\\\/\\\/www.latribunedufaso.net\\\/wp-content\\\/uploads\\\/2025\\\/10\\\/IMG-20251028-WA0138.jpg\",\"datePublished\":\"2025-10-28T23:41:57+00:00\",\"dateModified\":\"2025-12-17T19:11:07+00:00\",\"breadcrumb\":{\"@id\":\"https:\\\/\\\/www.latribunedufaso.net\\\/?p=24553#breadcrumb\"},\"inLanguage\":\"fr-FR\",\"potentialAction\":[{\"@type\":\"ReadAction\",\"target\":[\"https:\\\/\\\/www.latribunedufaso.net\\\/?p=24553\"]}]},{\"@type\":\"ImageObject\",\"inLanguage\":\"fr-FR\",\"@id\":\"https:\\\/\\\/www.latribunedufaso.net\\\/?p=24553#primaryimage\",\"url\":\"https:\\\/\\\/www.latribunedufaso.net\\\/wp-content\\\/uploads\\\/2025\\\/10\\\/IMG-20251028-WA0138.jpg\",\"contentUrl\":\"https:\\\/\\\/www.latribunedufaso.net\\\/wp-content\\\/uploads\\\/2025\\\/10\\\/IMG-20251028-WA0138.jpg\",\"width\":2560,\"height\":1090,\"caption\":\"Conf\u00e9rence de presse d'annonce de la premi\u00e8re \u00e9dition du Salon des mus\u00e9es et des sites touristiques du Burkina (SAMUSITB), 28 octobre 2025\"},{\"@type\":\"BreadcrumbList\",\"@id\":\"https:\\\/\\\/www.latribunedufaso.net\\\/?p=24553#breadcrumb\",\"itemListElement\":[{\"@type\":\"ListItem\",\"position\":1,\"name\":\"Accueil\",\"item\":\"https:\\\/\\\/www.latribunedufaso.net\\\/\"},{\"@type\":\"ListItem\",\"position\":2,\"name\":\"Burkina \\\/ Valorisation des mus\u00e9es et sites touristiques : l\u2019AJV annonce la premi\u00e8re \u00e9dition du SAMUSITB\"}]},{\"@type\":\"WebSite\",\"@id\":\"https:\\\/\\\/www.latribunedufaso.net\\\/#website\",\"url\":\"https:\\\/\\\/www.latribunedufaso.net\\\/\",\"name\":\"La Tribune du Faso\",\"description\":\"L&#039;information du monde rural en un clic\",\"publisher\":{\"@id\":\"https:\\\/\\\/www.latribunedufaso.net\\\/#organization\"},\"potentialAction\":[{\"@type\":\"SearchAction\",\"target\":{\"@type\":\"EntryPoint\",\"urlTemplate\":\"https:\\\/\\\/www.latribunedufaso.net\\\/?s={search_term_string}\"},\"query-input\":{\"@type\":\"PropertyValueSpecification\",\"valueRequired\":true,\"valueName\":\"search_term_string\"}}],\"inLanguage\":\"fr-FR\"},{\"@type\":\"Organization\",\"@id\":\"https:\\\/\\\/www.latribunedufaso.net\\\/#organization\",\"name\":\"La Tribune du Faso\",\"url\":\"https:\\\/\\\/www.latribunedufaso.net\\\/\",\"logo\":{\"@type\":\"ImageObject\",\"inLanguage\":\"fr-FR\",\"@id\":\"https:\\\/\\\/www.latribunedufaso.net\\\/#\\\/schema\\\/logo\\\/image\\\/\",\"url\":\"https:\\\/\\\/www.latribunedufaso.net\\\/wp-content\\\/uploads\\\/2020\\\/08\\\/Logo-Tribune-du-Faso-final-scaled.jpg\",\"contentUrl\":\"https:\\\/\\\/www.latribunedufaso.net\\\/wp-content\\\/uploads\\\/2020\\\/08\\\/Logo-Tribune-du-Faso-final-scaled.jpg\",\"width\":2560,\"height\":1856,\"caption\":\"La Tribune du Faso\"},\"image\":{\"@id\":\"https:\\\/\\\/www.latribunedufaso.net\\\/#\\\/schema\\\/logo\\\/image\\\/\"},\"sameAs\":[\"https:\\\/\\\/www.facebook.com\\\/LatribuneduFaso\\\/\"]},{\"@type\":\"Person\",\"@id\":\"https:\\\/\\\/www.latribunedufaso.net\\\/#\\\/schema\\\/person\\\/e54e64c5778a7e72cf80a318b7a622b0\",\"name\":\"Issouf Tapsoba\",\"image\":{\"@type\":\"ImageObject\",\"inLanguage\":\"fr-FR\",\"@id\":\"https:\\\/\\\/secure.gravatar.com\\\/avatar\\\/5e6c05150ce3230247d167f5b94d678eb05936197436d69b7921e3a95c9107ac?s=96&d=mm&r=g\",\"url\":\"https:\\\/\\\/secure.gravatar.com\\\/avatar\\\/5e6c05150ce3230247d167f5b94d678eb05936197436d69b7921e3a95c9107ac?s=96&d=mm&r=g\",\"contentUrl\":\"https:\\\/\\\/secure.gravatar.com\\\/avatar\\\/5e6c05150ce3230247d167f5b94d678eb05936197436d69b7921e3a95c9107ac?s=96&d=mm&r=g\",\"caption\":\"Issouf Tapsoba\"},\"url\":\"https:\\\/\\\/www.latribunedufaso.net\\\/?author=5\"}]}<\/script>\n<!-- \/ Yoast SEO plugin. -->","yoast_head_json":{"title":"Burkina \/ Valorisation des mus\u00e9es et sites touristiques : l\u2019AJV annonce la premi\u00e8re \u00e9dition du SAMUSITB - La Tribune du Faso","robots":{"index":"index","follow":"follow","max-snippet":"max-snippet:-1","max-image-preview":"max-image-preview:large","max-video-preview":"max-video-preview:-1"},"canonical":"https:\/\/www.latribunedufaso.net\/?p=24553","og_locale":"fr_FR","og_type":"article","og_title":"Burkina \/ Valorisation des mus\u00e9es et sites touristiques : l\u2019AJV annonce la premi\u00e8re \u00e9dition du SAMUSITB - La Tribune du Faso","og_description":"L\u2019Association des jeunes visionnaires (AJV) a annonc\u00e9, ce 28 octobre 2025 \u00e0 Ouagadougou, la premi\u00e8re \u00e9dition du Salon des mus\u00e9es et des sites touristiques du Burkina (SAMUSITB). Pr\u00e9vue du 4 au 8 d\u00e9cembre 2025 au Mus\u00e9e national, cette initiative entend promouvoir le patrimoine culturel burkinab\u00e8 et renforcer le r\u00f4le des mus\u00e9es et sites touristiques dans la construction de l\u2019identit\u00e9 nationale.","og_url":"https:\/\/www.latribunedufaso.net\/?p=24553","og_site_name":"La Tribune du Faso","article_publisher":"https:\/\/www.facebook.com\/LatribuneduFaso\/","article_published_time":"2025-10-28T23:41:57+00:00","article_modified_time":"2025-12-17T19:11:07+00:00","og_image":[{"width":2560,"height":1090,"url":"https:\/\/www.latribunedufaso.net\/wp-content\/uploads\/2025\/10\/IMG-20251028-WA0138.jpg","type":"image\/jpeg"}],"author":"Issouf Tapsoba","twitter_misc":{"\u00c9crit par":"Issouf Tapsoba","Dur\u00e9e de lecture estim\u00e9e":"3 minutes"},"schema":{"@context":"https:\/\/schema.org","@graph":[{"@type":"Article","@id":"https:\/\/www.latribunedufaso.net\/?p=24553#article","isPartOf":{"@id":"https:\/\/www.latribunedufaso.net\/?p=24553"},"author":{"name":"Issouf Tapsoba","@id":"https:\/\/www.latribunedufaso.net\/#\/schema\/person\/e54e64c5778a7e72cf80a318b7a622b0"},"headline":"Burkina \/ Valorisation des mus\u00e9es et sites touristiques : l\u2019AJV annonce la premi\u00e8re \u00e9dition du SAMUSITB","datePublished":"2025-10-28T23:41:57+00:00","dateModified":"2025-12-17T19:11:07+00:00","mainEntityOfPage":{"@id":"https:\/\/www.latribunedufaso.net\/?p=24553"},"wordCount":448,"commentCount":0,"publisher":{"@id":"https:\/\/www.latribunedufaso.net\/#organization"},"image":{"@id":"https:\/\/www.latribunedufaso.net\/?p=24553#primaryimage"},"thumbnailUrl":"https:\/\/www.latribunedufaso.net\/wp-content\/uploads\/2025\/10\/IMG-20251028-WA0138.jpg","keywords":["latribunedufaso.net","Mus\u00e9e national du Burkina","Salon des mus\u00e9es et des sites touristiques du Burkina (SAMUSITB)","tourisme"],"articleSection":["A la une","Actualit\u00e9","Art et Culture"],"inLanguage":"fr-FR","potentialAction":[{"@type":"CommentAction","name":"Comment","target":["https:\/\/www.latribunedufaso.net\/?p=24553#respond"]}]},{"@type":"WebPage","@id":"https:\/\/www.latribunedufaso.net\/?p=24553","url":"https:\/\/www.latribunedufaso.net\/?p=24553","name":"Burkina \/ Valorisation des mus\u00e9es et sites touristiques : l\u2019AJV annonce la premi\u00e8re \u00e9dition du SAMUSITB - La Tribune du Faso","isPartOf":{"@id":"https:\/\/www.latribunedufaso.net\/#website"},"primaryImageOfPage":{"@id":"https:\/\/www.latribunedufaso.net\/?p=24553#primaryimage"},"image":{"@id":"https:\/\/www.latribunedufaso.net\/?p=24553#primaryimage"},"thumbnailUrl":"https:\/\/www.latribunedufaso.net\/wp-content\/uploads\/2025\/10\/IMG-20251028-WA0138.jpg","datePublished":"2025-10-28T23:41:57+00:00","dateModified":"2025-12-17T19:11:07+00:00","breadcrumb":{"@id":"https:\/\/www.latribunedufaso.net\/?p=24553#breadcrumb"},"inLanguage":"fr-FR","potentialAction":[{"@type":"ReadAction","target":["https:\/\/www.latribunedufaso.net\/?p=24553"]}]},{"@type":"ImageObject","inLanguage":"fr-FR","@id":"https:\/\/www.latribunedufaso.net\/?p=24553#primaryimage","url":"https:\/\/www.latribunedufaso.net\/wp-content\/uploads\/2025\/10\/IMG-20251028-WA0138.jpg","contentUrl":"https:\/\/www.latribunedufaso.net\/wp-content\/uploads\/2025\/10\/IMG-20251028-WA0138.jpg","width":2560,"height":1090,"caption":"Conf\u00e9rence de presse d'annonce de la premi\u00e8re \u00e9dition du Salon des mus\u00e9es et des sites touristiques du Burkina (SAMUSITB), 28 octobre 2025"},{"@type":"BreadcrumbList","@id":"https:\/\/www.latribunedufaso.net\/?p=24553#breadcrumb","itemListElement":[{"@type":"ListItem","position":1,"name":"Accueil","item":"https:\/\/www.latribunedufaso.net\/"},{"@type":"ListItem","position":2,"name":"Burkina \/ Valorisation des mus\u00e9es et sites touristiques : l\u2019AJV annonce la premi\u00e8re \u00e9dition du SAMUSITB"}]},{"@type":"WebSite","@id":"https:\/\/www.latribunedufaso.net\/#website","url":"https:\/\/www.latribunedufaso.net\/","name":"La Tribune du Faso","description":"L&#039;information du monde rural en un clic","publisher":{"@id":"https:\/\/www.latribunedufaso.net\/#organization"},"potentialAction":[{"@type":"SearchAction","target":{"@type":"EntryPoint","urlTemplate":"https:\/\/www.latribunedufaso.net\/?s={search_term_string}"},"query-input":{"@type":"PropertyValueSpecification","valueRequired":true,"valueName":"search_term_string"}}],"inLanguage":"fr-FR"},{"@type":"Organization","@id":"https:\/\/www.latribunedufaso.net\/#organization","name":"La Tribune du Faso","url":"https:\/\/www.latribunedufaso.net\/","logo":{"@type":"ImageObject","inLanguage":"fr-FR","@id":"https:\/\/www.latribunedufaso.net\/#\/schema\/logo\/image\/","url":"https:\/\/www.latribunedufaso.net\/wp-content\/uploads\/2020\/08\/Logo-Tribune-du-Faso-final-scaled.jpg","contentUrl":"https:\/\/www.latribunedufaso.net\/wp-content\/uploads\/2020\/08\/Logo-Tribune-du-Faso-final-scaled.jpg","width":2560,"height":1856,"caption":"La Tribune du Faso"},"image":{"@id":"https:\/\/www.latribunedufaso.net\/#\/schema\/logo\/image\/"},"sameAs":["https:\/\/www.facebook.com\/LatribuneduFaso\/"]},{"@type":"Person","@id":"https:\/\/www.latribunedufaso.net\/#\/schema\/person\/e54e64c5778a7e72cf80a318b7a622b0","name":"Issouf Tapsoba","image":{"@type":"ImageObject","inLanguage":"fr-FR","@id":"https:\/\/secure.gravatar.com\/avatar\/5e6c05150ce3230247d167f5b94d678eb05936197436d69b7921e3a95c9107ac?s=96&d=mm&r=g","url":"https:\/\/secure.gravatar.com\/avatar\/5e6c05150ce3230247d167f5b94d678eb05936197436d69b7921e3a95c9107ac?s=96&d=mm&r=g","contentUrl":"https:\/\/secure.gravatar.com\/avatar\/5e6c05150ce3230247d167f5b94d678eb05936197436d69b7921e3a95c9107ac?s=96&d=mm&r=g","caption":"Issouf Tapsoba"},"url":"https:\/\/www.latribunedufaso.net\/?author=5"}]}},"_links":{"self":[{"href":"https:\/\/www.latribunedufaso.net\/index.php?rest_route=\/wp\/v2\/posts\/24553","targetHints":{"allow":["GET"]}}],"collection":[{"href":"https:\/\/www.latribunedufaso.net\/index.php?rest_route=\/wp\/v2\/posts"}],"about":[{"href":"https:\/\/www.latribunedufaso.net\/index.php?rest_route=\/wp\/v2\/types\/post"}],"author":[{"embeddable":true,"href":"https:\/\/www.latribunedufaso.net\/index.php?rest_route=\/wp\/v2\/users\/5"}],"replies":[{"embeddable":true,"href":"https:\/\/www.latribunedufaso.net\/index.php?rest_route=%2Fwp%2Fv2%2Fcomments&post=24553"}],"version-history":[{"count":3,"href":"https:\/\/www.latribunedufaso.net\/index.php?rest_route=\/wp\/v2\/posts\/24553\/revisions"}],"predecessor-version":[{"id":25865,"href":"https:\/\/www.latribunedufaso.net\/index.php?rest_route=\/wp\/v2\/posts\/24553\/revisions\/25865"}],"wp:featuredmedia":[{"embeddable":true,"href":"https:\/\/www.latribunedufaso.net\/index.php?rest_route=\/wp\/v2\/media\/24555"}],"wp:attachment":[{"href":"https:\/\/www.latribunedufaso.net\/index.php?rest_route=%2Fwp%2Fv2%2Fmedia&parent=24553"}],"wp:term":[{"taxonomy":"category","embeddable":true,"href":"https:\/\/www.latribunedufaso.net\/index.php?rest_route=%2Fwp%2Fv2%2Fcategories&post=24553"},{"taxonomy":"post_tag","embeddable":true,"href":"https:\/\/www.latribunedufaso.net\/index.php?rest_route=%2Fwp%2Fv2%2Ftags&post=24553"}],"curies":[{"name":"wp","href":"https:\/\/api.w.org\/{rel}","templated":true}]}}