{"id":24515,"date":"2025-10-27T14:53:54","date_gmt":"2025-10-27T14:53:54","guid":{"rendered":"https:\/\/www.latribunedufaso.net\/?p=24515"},"modified":"2025-12-17T19:09:53","modified_gmt":"2025-12-17T19:09:53","slug":"protection-sociale-un-atelier-pour-reflechir-sur-les-mecanismes-dadhesion-automatique-des-travailleurs-informels-a-lassurance-maladie","status":"publish","type":"post","link":"https:\/\/www.latribunedufaso.net\/?p=24515","title":{"rendered":"Protection Sociale : Un atelier pour r\u00e9fl\u00e9chir sur les m\u00e9canismes d&rsquo;adh\u00e9sion automatique des travailleurs informels \u00e0 l&rsquo;assurance maladie"},"content":{"rendered":"<p><strong>La Caisse nationale d&rsquo;assurance maladie universelle (CNAMU), en collaboration avec l&rsquo;Organisation internationale du travail (OIT), tient du 27 au 30 octobre 2025 \u00e0 Ouagadougou, un atelier de r\u00e9flexion sur les m\u00e9canismes d&rsquo;adh\u00e9sion automatique des travailleurs de l&rsquo;\u00e9conomie informelle \u00e0 l&rsquo;assurance maladie. La c\u00e9r\u00e9monie d&rsquo;ouverture des travaux est intervenue ce 27 octobre, sous la pr\u00e9sidence du Secr\u00e9taire g\u00e9n\u00e9ral du minist\u00e8re charg\u00e9 de la Protection sociale, repr\u00e9sent\u00e9 par le Conseiller technique, Eric Som\u00e9.<\/strong><!--more--><\/p>\n<p>Bien que la protection sociale soit un droit humain, la majorit\u00e9 de la population burkinab\u00e8 n&rsquo;en b\u00e9n\u00e9ficie pas. Cela s&rsquo;explique par le fait que le secteur informel concentre 90 % de l\u2019emploi, et que plus de 70 % de ces emplois se trouvent dans des entreprises du secteur (selon l&rsquo;INSD). Ce secteur demeure ainsi exclu des dispositifs classiques du syst\u00e8me contributif de protection sociale, laissant ses travailleurs expos\u00e9s \u00e0 des risques sanitaires, \u00e9conomiques et sociaux.<\/p>\n<p>L&rsquo;objectif principal de cet atelier est de d\u00e9terminer les m\u00e9canismes d\u2019adh\u00e9sion syst\u00e9matique des travailleurs de l\u2019\u00e9conomie informelle au R\u00e9gime d&rsquo;assurance maladie universelle (RAMU). Plus pr\u00e9cis\u00e9ment, il s\u2019agira de :<\/p>\n<ul>\n<li>mettre \u00e0 niveau l\u2019ensemble des acteurs sur les strat\u00e9gies d\u2019extension de la protection sociale ;<\/li>\n<li>\u200eidentifier les relations entre les travailleurs informels, leurs organisations et les institutions publiques d\u00e9finir les m\u00e9canismes d\u2019affiliation et de recouvrement automatique des cotisations ;<\/li>\n<li>\u200e\u00e9laborer une feuille de route op\u00e9rationnelle et valid\u00e9e par toutes les parties prenantes.<\/li>\n<\/ul>\n<figure id=\"attachment_24519\" aria-describedby=\"caption-attachment-24519\" style=\"width: 2560px\" class=\"wp-caption aligncenter\"><a href=\"https:\/\/www.latribunedufaso.net\/wp-content\/uploads\/2025\/10\/IMG_20251027_092748_927-scaled.jpg\"><img loading=\"lazy\" decoding=\"async\" class=\"size-full wp-image-24519\" src=\"https:\/\/www.latribunedufaso.net\/wp-content\/uploads\/2025\/10\/IMG_20251027_092748_927-scaled.jpg\" alt=\"Le CNAMU organise un atelier de r\u00e9flexion sur les m\u00e9canismes d'adh\u00e9sion automatique des travailleurs de l'\u00e9conomie informelle \u00e0 l'assurance maladie, 27 au 30 octobre 2025\" width=\"2560\" height=\"1920\" srcset=\"https:\/\/www.latribunedufaso.net\/wp-content\/uploads\/2025\/10\/IMG_20251027_092748_927-scaled.jpg 2560w, https:\/\/www.latribunedufaso.net\/wp-content\/uploads\/2025\/10\/IMG_20251027_092748_927-300x225.jpg 300w, https:\/\/www.latribunedufaso.net\/wp-content\/uploads\/2025\/10\/IMG_20251027_092748_927-1024x768.jpg 1024w, https:\/\/www.latribunedufaso.net\/wp-content\/uploads\/2025\/10\/IMG_20251027_092748_927-768x576.jpg 768w, https:\/\/www.latribunedufaso.net\/wp-content\/uploads\/2025\/10\/IMG_20251027_092748_927-1536x1152.jpg 1536w, https:\/\/www.latribunedufaso.net\/wp-content\/uploads\/2025\/10\/IMG_20251027_092748_927-2048x1536.jpg 2048w\" sizes=\"auto, (max-width: 2560px) 100vw, 2560px\" \/><\/a><figcaption id=\"caption-attachment-24519\" class=\"wp-caption-text\">Le Conseiller technique du minist\u00e8re charg\u00e9 de la Protection sociale, \u00c9ric Som\u00e9, repr\u00e9sentant le Secr\u00e9taire g\u00e9n\u00e9rale &#8211; Ph. I. Tapsoba<\/figcaption><\/figure>\n<p>Pour le Conseiller technique du minist\u00e8re charg\u00e9 de la Protection sociale, Eric Som\u00e9, l&rsquo;approche du gouvernement est inclusive :<em><strong> \u00ab Il ne s\u2019agit pas d\u2019imposer, mais d\u2019inclure. Il ne s\u2019agit pas de contraindre, mais de construire ensemble des m\u00e9canismes adapt\u00e9s, efficaces et accept\u00e9s \u00bb.<\/strong><\/em><\/p>\n<figure id=\"attachment_24518\" aria-describedby=\"caption-attachment-24518\" style=\"width: 2560px\" class=\"wp-caption aligncenter\"><a href=\"https:\/\/www.latribunedufaso.net\/wp-content\/uploads\/2025\/10\/IMG_20251027_092048_923-scaled.jpg\"><img loading=\"lazy\" decoding=\"async\" class=\"size-full wp-image-24518\" src=\"https:\/\/www.latribunedufaso.net\/wp-content\/uploads\/2025\/10\/IMG_20251027_092048_923-scaled.jpg\" alt=\"Le CNAMU organise un atelier de r\u00e9flexion sur les m\u00e9canismes d'adh\u00e9sion automatique des travailleurs de l'\u00e9conomie informelle \u00e0 l'assurance maladie, 27 au 30 octobre 2025\" width=\"2560\" height=\"1920\" srcset=\"https:\/\/www.latribunedufaso.net\/wp-content\/uploads\/2025\/10\/IMG_20251027_092048_923-scaled.jpg 2560w, https:\/\/www.latribunedufaso.net\/wp-content\/uploads\/2025\/10\/IMG_20251027_092048_923-300x225.jpg 300w, https:\/\/www.latribunedufaso.net\/wp-content\/uploads\/2025\/10\/IMG_20251027_092048_923-1024x768.jpg 1024w, https:\/\/www.latribunedufaso.net\/wp-content\/uploads\/2025\/10\/IMG_20251027_092048_923-768x576.jpg 768w, https:\/\/www.latribunedufaso.net\/wp-content\/uploads\/2025\/10\/IMG_20251027_092048_923-1536x1152.jpg 1536w, https:\/\/www.latribunedufaso.net\/wp-content\/uploads\/2025\/10\/IMG_20251027_092048_923-2048x1536.jpg 2048w\" sizes=\"auto, (max-width: 2560px) 100vw, 2560px\" \/><\/a><figcaption id=\"caption-attachment-24518\" class=\"wp-caption-text\">Une vue des participants \u00e0 l&rsquo;atelier &#8211; Ph. I. Tapsoba<\/figcaption><\/figure>\n<p>Le Gouvernement burkinab\u00e8 a fait de la mise en \u0153uvre de cette politique publique une priorit\u00e9, adoptant \u00e0 cet effet 11 d\u00e9crets d\u2019application de la loi sur le RAMU. Selon le Directeur g\u00e9n\u00e9ral de la CNAMU, Souma\u00efla Gamsor\u00e9, l&rsquo;institution a enregistr\u00e9 \u00e0 la date du 23 octobre 2025 344 entreprises immatricul\u00e9es et 277 043 personnes couvertes, dont seulement 3 666 au titre de l\u2019\u00e9conomie informelle.<\/p>\n<blockquote>\n<p>Lire aussi &gt;&gt; <a href=\"https:\/\/www.latribunedufaso.net\/?p=21827\">Bon \u00e0 savoir : Panier de soins du R\u00e9gime d\u2019assurance maladie universelle<\/a><\/p>\n<\/blockquote>\n<p><iframe loading=\"lazy\" width=\"560\" height=\"315\" src=\"https:\/\/www.youtube.com\/embed\/-D0HotfBwWo?si=QK7KfvZzIlSqhJ3P\" title=\"YouTube video player\" frameborder=\"0\" allow=\"accelerometer; autoplay; clipboard-write; encrypted-media; gyroscope; picture-in-picture; web-share\" referrerpolicy=\"strict-origin-when-cross-origin\" allowfullscreen><\/iframe><\/p>\n<p>Ces chiffres montrent que l&rsquo;ambition est de franchir une \u00e9tape d\u00e9cisive : celle de l\u2019adh\u00e9sion syst\u00e9matique des travailleurs de l\u2019\u00e9conomie informelle au RAMU pour universaliser la couverture.<\/p>\n<figure id=\"attachment_24521\" aria-describedby=\"caption-attachment-24521\" style=\"width: 1080px\" class=\"wp-caption aligncenter\"><a href=\"https:\/\/www.latribunedufaso.net\/wp-content\/uploads\/2025\/10\/20251027144159.jpg\"><img loading=\"lazy\" decoding=\"async\" class=\"size-full wp-image-24521\" src=\"https:\/\/www.latribunedufaso.net\/wp-content\/uploads\/2025\/10\/20251027144159.jpg\" alt=\"Le CNAMU organise un atelier de r\u00e9flexion sur les m\u00e9canismes d'adh\u00e9sion automatique des travailleurs de l'\u00e9conomie informelle \u00e0 l'assurance maladie, 27 au 30 octobre 2025\" width=\"1080\" height=\"607\" srcset=\"https:\/\/www.latribunedufaso.net\/wp-content\/uploads\/2025\/10\/20251027144159.jpg 1080w, https:\/\/www.latribunedufaso.net\/wp-content\/uploads\/2025\/10\/20251027144159-300x169.jpg 300w, https:\/\/www.latribunedufaso.net\/wp-content\/uploads\/2025\/10\/20251027144159-1024x576.jpg 1024w, https:\/\/www.latribunedufaso.net\/wp-content\/uploads\/2025\/10\/20251027144159-768x432.jpg 768w\" sizes=\"auto, (max-width: 1080px) 100vw, 1080px\" \/><\/a><figcaption id=\"caption-attachment-24521\" class=\"wp-caption-text\">Le Premier vice-pr\u00e9sident du Conseil national de l&rsquo;\u00e9conomie informelle (CNEI), Boureima Tond\u00e9 &#8211; Ph. I. Tapsoba<\/figcaption><\/figure>\n<p>Le Premier vice-pr\u00e9sident du Conseil national de l&rsquo;\u00e9conomie informelle (CNEI), Boureima Tond\u00e9, a salu\u00e9 la tenue de l&rsquo;atelier, le voyant comme une opportunit\u00e9 de trouver des solutions idoines. Il a assur\u00e9 l&rsquo;accompagnement de son organisation : <em><strong>\u00ab Nous allons accompagner cette initiative \u00e0 travers l&rsquo;adh\u00e9sion massive de nos acteurs \u00e0 l&rsquo;enr\u00f4lement syst\u00e9matique \u00e0 l&rsquo;assurance maladie universelle. \u00bb<\/strong><\/em><\/p>\n<p><strong>Issouf TAPSOBA\u00a0<\/strong><\/p>\n<p><strong>Latribunedufaso.net<\/strong><\/p>\n","protected":false},"excerpt":{"rendered":"<p>La Caisse nationale d&rsquo;assurance maladie universelle (CNAMU), en collaboration avec l&rsquo;Organisation internationale du travail (OIT), tient du 27 au 30 octobre 2025 \u00e0 Ouagadougou, un atelier de r\u00e9flexion sur les m\u00e9canismes d&rsquo;adh\u00e9sion automatique des travailleurs de l&rsquo;\u00e9conomie informelle \u00e0 l&rsquo;assurance maladie. La c\u00e9r\u00e9monie d&rsquo;ouverture des travaux est intervenue ce 27 octobre, sous la pr\u00e9sidence du Secr\u00e9taire g\u00e9n\u00e9ral du minist\u00e8re charg\u00e9 de la Protection sociale, repr\u00e9sent\u00e9 par le Conseiller technique, Eric Som\u00e9.<\/p>\n","protected":false},"author":5,"featured_media":24517,"comment_status":"open","ping_status":"open","sticky":false,"template":"","format":"standard","meta":{"footnotes":""},"categories":[13,1,8],"tags":[370,475,473,39,385],"class_list":["post-24515","post","type-post","status-publish","format-standard","has-post-thumbnail","hentry","category-une","category-actu","category-societe","tag-assurance-maladie-universelle","tag-cnamu","tag-conseil-national-de-leconomie-informelle","tag-latribunedufaso-net","tag-regime-dassurance-maladie-universelle-ramu"],"yoast_head":"<!-- This site is optimized with the Yoast SEO plugin v27.5 - https:\/\/yoast.com\/product\/yoast-seo-wordpress\/ -->\n<title>Protection Sociale : Un atelier pour r\u00e9fl\u00e9chir sur les m\u00e9canismes d&#039;adh\u00e9sion automatique des travailleurs informels \u00e0 l&#039;assurance maladie - La Tribune du Faso<\/title>\n<meta name=\"robots\" content=\"index, follow, max-snippet:-1, max-image-preview:large, max-video-preview:-1\" \/>\n<link rel=\"canonical\" href=\"https:\/\/www.latribunedufaso.net\/?p=24515\" \/>\n<meta property=\"og:locale\" content=\"fr_FR\" \/>\n<meta property=\"og:type\" content=\"article\" \/>\n<meta property=\"og:title\" content=\"Protection Sociale : Un atelier pour r\u00e9fl\u00e9chir sur les m\u00e9canismes d&#039;adh\u00e9sion automatique des travailleurs informels \u00e0 l&#039;assurance maladie - La Tribune du Faso\" \/>\n<meta property=\"og:description\" content=\"La Caisse nationale d&rsquo;assurance maladie universelle (CNAMU), en collaboration avec l&rsquo;Organisation internationale du travail (OIT), tient du 27 au 30 octobre 2025 \u00e0 Ouagadougou, un atelier de r\u00e9flexion sur les m\u00e9canismes d&rsquo;adh\u00e9sion automatique des travailleurs de l&rsquo;\u00e9conomie informelle \u00e0 l&rsquo;assurance maladie. La c\u00e9r\u00e9monie d&rsquo;ouverture des travaux est intervenue ce 27 octobre, sous la pr\u00e9sidence du Secr\u00e9taire g\u00e9n\u00e9ral du minist\u00e8re charg\u00e9 de la Protection sociale, repr\u00e9sent\u00e9 par le Conseiller technique, Eric Som\u00e9.\" \/>\n<meta property=\"og:url\" content=\"https:\/\/www.latribunedufaso.net\/?p=24515\" \/>\n<meta property=\"og:site_name\" content=\"La Tribune du Faso\" \/>\n<meta property=\"article:publisher\" content=\"https:\/\/www.facebook.com\/LatribuneduFaso\/\" \/>\n<meta property=\"article:published_time\" content=\"2025-10-27T14:53:54+00:00\" \/>\n<meta property=\"article:modified_time\" content=\"2025-12-17T19:09:53+00:00\" \/>\n<meta property=\"og:image\" content=\"https:\/\/www.latribunedufaso.net\/wp-content\/uploads\/2025\/10\/IMG_20251027_092020_162-scaled.jpg\" \/>\n\t<meta property=\"og:image:width\" content=\"2560\" \/>\n\t<meta property=\"og:image:height\" content=\"1920\" \/>\n\t<meta property=\"og:image:type\" content=\"image\/jpeg\" \/>\n<meta name=\"author\" content=\"Issouf Tapsoba\" \/>\n<meta name=\"twitter:label1\" content=\"\u00c9crit par\" \/>\n\t<meta name=\"twitter:data1\" content=\"Issouf Tapsoba\" \/>\n\t<meta name=\"twitter:label2\" content=\"Dur\u00e9e de lecture estim\u00e9e\" \/>\n\t<meta name=\"twitter:data2\" content=\"4 minutes\" \/>\n<script type=\"application\/ld+json\" class=\"yoast-schema-graph\">{\"@context\":\"https:\\\/\\\/schema.org\",\"@graph\":[{\"@type\":\"Article\",\"@id\":\"https:\\\/\\\/www.latribunedufaso.net\\\/?p=24515#article\",\"isPartOf\":{\"@id\":\"https:\\\/\\\/www.latribunedufaso.net\\\/?p=24515\"},\"author\":{\"name\":\"Issouf Tapsoba\",\"@id\":\"https:\\\/\\\/www.latribunedufaso.net\\\/#\\\/schema\\\/person\\\/e54e64c5778a7e72cf80a318b7a622b0\"},\"headline\":\"Protection Sociale : Un atelier pour r\u00e9fl\u00e9chir sur les m\u00e9canismes d&rsquo;adh\u00e9sion automatique des travailleurs informels \u00e0 l&rsquo;assurance maladie\",\"datePublished\":\"2025-10-27T14:53:54+00:00\",\"dateModified\":\"2025-12-17T19:09:53+00:00\",\"mainEntityOfPage\":{\"@id\":\"https:\\\/\\\/www.latribunedufaso.net\\\/?p=24515\"},\"wordCount\":579,\"commentCount\":0,\"publisher\":{\"@id\":\"https:\\\/\\\/www.latribunedufaso.net\\\/#organization\"},\"image\":{\"@id\":\"https:\\\/\\\/www.latribunedufaso.net\\\/?p=24515#primaryimage\"},\"thumbnailUrl\":\"https:\\\/\\\/www.latribunedufaso.net\\\/wp-content\\\/uploads\\\/2025\\\/10\\\/IMG_20251027_092020_162-scaled.jpg\",\"keywords\":[\"Assurance maladie universelle\",\"CNAMU\",\"Conseil national de l'\u00e9conomie informelle\",\"latribunedufaso.net\",\"R\u00e9gime d\u2019assurance maladie universelle (RAMU)\"],\"articleSection\":[\"A la une\",\"Actualit\u00e9\",\"Soci\u00e9t\u00e9\"],\"inLanguage\":\"fr-FR\",\"potentialAction\":[{\"@type\":\"CommentAction\",\"name\":\"Comment\",\"target\":[\"https:\\\/\\\/www.latribunedufaso.net\\\/?p=24515#respond\"]}]},{\"@type\":\"WebPage\",\"@id\":\"https:\\\/\\\/www.latribunedufaso.net\\\/?p=24515\",\"url\":\"https:\\\/\\\/www.latribunedufaso.net\\\/?p=24515\",\"name\":\"Protection Sociale : Un atelier pour r\u00e9fl\u00e9chir sur les m\u00e9canismes d'adh\u00e9sion automatique des travailleurs informels \u00e0 l'assurance maladie - La Tribune du Faso\",\"isPartOf\":{\"@id\":\"https:\\\/\\\/www.latribunedufaso.net\\\/#website\"},\"primaryImageOfPage\":{\"@id\":\"https:\\\/\\\/www.latribunedufaso.net\\\/?p=24515#primaryimage\"},\"image\":{\"@id\":\"https:\\\/\\\/www.latribunedufaso.net\\\/?p=24515#primaryimage\"},\"thumbnailUrl\":\"https:\\\/\\\/www.latribunedufaso.net\\\/wp-content\\\/uploads\\\/2025\\\/10\\\/IMG_20251027_092020_162-scaled.jpg\",\"datePublished\":\"2025-10-27T14:53:54+00:00\",\"dateModified\":\"2025-12-17T19:09:53+00:00\",\"breadcrumb\":{\"@id\":\"https:\\\/\\\/www.latribunedufaso.net\\\/?p=24515#breadcrumb\"},\"inLanguage\":\"fr-FR\",\"potentialAction\":[{\"@type\":\"ReadAction\",\"target\":[\"https:\\\/\\\/www.latribunedufaso.net\\\/?p=24515\"]}]},{\"@type\":\"ImageObject\",\"inLanguage\":\"fr-FR\",\"@id\":\"https:\\\/\\\/www.latribunedufaso.net\\\/?p=24515#primaryimage\",\"url\":\"https:\\\/\\\/www.latribunedufaso.net\\\/wp-content\\\/uploads\\\/2025\\\/10\\\/IMG_20251027_092020_162-scaled.jpg\",\"contentUrl\":\"https:\\\/\\\/www.latribunedufaso.net\\\/wp-content\\\/uploads\\\/2025\\\/10\\\/IMG_20251027_092020_162-scaled.jpg\",\"width\":2560,\"height\":1920,\"caption\":\"Le CNAMU organise un atelier de r\u00e9flexion sur les m\u00e9canismes d'adh\u00e9sion automatique des travailleurs de l'\u00e9conomie informelle \u00e0 l'assurance maladie, 27 au 30 octobre 2025\"},{\"@type\":\"BreadcrumbList\",\"@id\":\"https:\\\/\\\/www.latribunedufaso.net\\\/?p=24515#breadcrumb\",\"itemListElement\":[{\"@type\":\"ListItem\",\"position\":1,\"name\":\"Accueil\",\"item\":\"https:\\\/\\\/www.latribunedufaso.net\\\/\"},{\"@type\":\"ListItem\",\"position\":2,\"name\":\"Protection Sociale : Un atelier pour r\u00e9fl\u00e9chir sur les m\u00e9canismes d&rsquo;adh\u00e9sion automatique des travailleurs informels \u00e0 l&rsquo;assurance maladie\"}]},{\"@type\":\"WebSite\",\"@id\":\"https:\\\/\\\/www.latribunedufaso.net\\\/#website\",\"url\":\"https:\\\/\\\/www.latribunedufaso.net\\\/\",\"name\":\"La Tribune du Faso\",\"description\":\"L&#039;information du monde rural en un clic\",\"publisher\":{\"@id\":\"https:\\\/\\\/www.latribunedufaso.net\\\/#organization\"},\"potentialAction\":[{\"@type\":\"SearchAction\",\"target\":{\"@type\":\"EntryPoint\",\"urlTemplate\":\"https:\\\/\\\/www.latribunedufaso.net\\\/?s={search_term_string}\"},\"query-input\":{\"@type\":\"PropertyValueSpecification\",\"valueRequired\":true,\"valueName\":\"search_term_string\"}}],\"inLanguage\":\"fr-FR\"},{\"@type\":\"Organization\",\"@id\":\"https:\\\/\\\/www.latribunedufaso.net\\\/#organization\",\"name\":\"La Tribune du Faso\",\"url\":\"https:\\\/\\\/www.latribunedufaso.net\\\/\",\"logo\":{\"@type\":\"ImageObject\",\"inLanguage\":\"fr-FR\",\"@id\":\"https:\\\/\\\/www.latribunedufaso.net\\\/#\\\/schema\\\/logo\\\/image\\\/\",\"url\":\"https:\\\/\\\/www.latribunedufaso.net\\\/wp-content\\\/uploads\\\/2020\\\/08\\\/Logo-Tribune-du-Faso-final-scaled.jpg\",\"contentUrl\":\"https:\\\/\\\/www.latribunedufaso.net\\\/wp-content\\\/uploads\\\/2020\\\/08\\\/Logo-Tribune-du-Faso-final-scaled.jpg\",\"width\":2560,\"height\":1856,\"caption\":\"La Tribune du Faso\"},\"image\":{\"@id\":\"https:\\\/\\\/www.latribunedufaso.net\\\/#\\\/schema\\\/logo\\\/image\\\/\"},\"sameAs\":[\"https:\\\/\\\/www.facebook.com\\\/LatribuneduFaso\\\/\"]},{\"@type\":\"Person\",\"@id\":\"https:\\\/\\\/www.latribunedufaso.net\\\/#\\\/schema\\\/person\\\/e54e64c5778a7e72cf80a318b7a622b0\",\"name\":\"Issouf Tapsoba\",\"image\":{\"@type\":\"ImageObject\",\"inLanguage\":\"fr-FR\",\"@id\":\"https:\\\/\\\/secure.gravatar.com\\\/avatar\\\/5e6c05150ce3230247d167f5b94d678eb05936197436d69b7921e3a95c9107ac?s=96&d=mm&r=g\",\"url\":\"https:\\\/\\\/secure.gravatar.com\\\/avatar\\\/5e6c05150ce3230247d167f5b94d678eb05936197436d69b7921e3a95c9107ac?s=96&d=mm&r=g\",\"contentUrl\":\"https:\\\/\\\/secure.gravatar.com\\\/avatar\\\/5e6c05150ce3230247d167f5b94d678eb05936197436d69b7921e3a95c9107ac?s=96&d=mm&r=g\",\"caption\":\"Issouf Tapsoba\"},\"url\":\"https:\\\/\\\/www.latribunedufaso.net\\\/?author=5\"}]}<\/script>\n<!-- \/ Yoast SEO plugin. -->","yoast_head_json":{"title":"Protection Sociale : Un atelier pour r\u00e9fl\u00e9chir sur les m\u00e9canismes d'adh\u00e9sion automatique des travailleurs informels \u00e0 l'assurance maladie - La Tribune du Faso","robots":{"index":"index","follow":"follow","max-snippet":"max-snippet:-1","max-image-preview":"max-image-preview:large","max-video-preview":"max-video-preview:-1"},"canonical":"https:\/\/www.latribunedufaso.net\/?p=24515","og_locale":"fr_FR","og_type":"article","og_title":"Protection Sociale : Un atelier pour r\u00e9fl\u00e9chir sur les m\u00e9canismes d'adh\u00e9sion automatique des travailleurs informels \u00e0 l'assurance maladie - La Tribune du Faso","og_description":"La Caisse nationale d&rsquo;assurance maladie universelle (CNAMU), en collaboration avec l&rsquo;Organisation internationale du travail (OIT), tient du 27 au 30 octobre 2025 \u00e0 Ouagadougou, un atelier de r\u00e9flexion sur les m\u00e9canismes d&rsquo;adh\u00e9sion automatique des travailleurs de l&rsquo;\u00e9conomie informelle \u00e0 l&rsquo;assurance maladie. La c\u00e9r\u00e9monie d&rsquo;ouverture des travaux est intervenue ce 27 octobre, sous la pr\u00e9sidence du Secr\u00e9taire g\u00e9n\u00e9ral du minist\u00e8re charg\u00e9 de la Protection sociale, repr\u00e9sent\u00e9 par le Conseiller technique, Eric Som\u00e9.","og_url":"https:\/\/www.latribunedufaso.net\/?p=24515","og_site_name":"La Tribune du Faso","article_publisher":"https:\/\/www.facebook.com\/LatribuneduFaso\/","article_published_time":"2025-10-27T14:53:54+00:00","article_modified_time":"2025-12-17T19:09:53+00:00","og_image":[{"width":2560,"height":1920,"url":"https:\/\/www.latribunedufaso.net\/wp-content\/uploads\/2025\/10\/IMG_20251027_092020_162-scaled.jpg","type":"image\/jpeg"}],"author":"Issouf Tapsoba","twitter_misc":{"\u00c9crit par":"Issouf Tapsoba","Dur\u00e9e de lecture estim\u00e9e":"4 minutes"},"schema":{"@context":"https:\/\/schema.org","@graph":[{"@type":"Article","@id":"https:\/\/www.latribunedufaso.net\/?p=24515#article","isPartOf":{"@id":"https:\/\/www.latribunedufaso.net\/?p=24515"},"author":{"name":"Issouf Tapsoba","@id":"https:\/\/www.latribunedufaso.net\/#\/schema\/person\/e54e64c5778a7e72cf80a318b7a622b0"},"headline":"Protection Sociale : Un atelier pour r\u00e9fl\u00e9chir sur les m\u00e9canismes d&rsquo;adh\u00e9sion automatique des travailleurs informels \u00e0 l&rsquo;assurance maladie","datePublished":"2025-10-27T14:53:54+00:00","dateModified":"2025-12-17T19:09:53+00:00","mainEntityOfPage":{"@id":"https:\/\/www.latribunedufaso.net\/?p=24515"},"wordCount":579,"commentCount":0,"publisher":{"@id":"https:\/\/www.latribunedufaso.net\/#organization"},"image":{"@id":"https:\/\/www.latribunedufaso.net\/?p=24515#primaryimage"},"thumbnailUrl":"https:\/\/www.latribunedufaso.net\/wp-content\/uploads\/2025\/10\/IMG_20251027_092020_162-scaled.jpg","keywords":["Assurance maladie universelle","CNAMU","Conseil national de l'\u00e9conomie informelle","latribunedufaso.net","R\u00e9gime d\u2019assurance maladie universelle (RAMU)"],"articleSection":["A la une","Actualit\u00e9","Soci\u00e9t\u00e9"],"inLanguage":"fr-FR","potentialAction":[{"@type":"CommentAction","name":"Comment","target":["https:\/\/www.latribunedufaso.net\/?p=24515#respond"]}]},{"@type":"WebPage","@id":"https:\/\/www.latribunedufaso.net\/?p=24515","url":"https:\/\/www.latribunedufaso.net\/?p=24515","name":"Protection Sociale : Un atelier pour r\u00e9fl\u00e9chir sur les m\u00e9canismes d'adh\u00e9sion automatique des travailleurs informels \u00e0 l'assurance maladie - La Tribune du Faso","isPartOf":{"@id":"https:\/\/www.latribunedufaso.net\/#website"},"primaryImageOfPage":{"@id":"https:\/\/www.latribunedufaso.net\/?p=24515#primaryimage"},"image":{"@id":"https:\/\/www.latribunedufaso.net\/?p=24515#primaryimage"},"thumbnailUrl":"https:\/\/www.latribunedufaso.net\/wp-content\/uploads\/2025\/10\/IMG_20251027_092020_162-scaled.jpg","datePublished":"2025-10-27T14:53:54+00:00","dateModified":"2025-12-17T19:09:53+00:00","breadcrumb":{"@id":"https:\/\/www.latribunedufaso.net\/?p=24515#breadcrumb"},"inLanguage":"fr-FR","potentialAction":[{"@type":"ReadAction","target":["https:\/\/www.latribunedufaso.net\/?p=24515"]}]},{"@type":"ImageObject","inLanguage":"fr-FR","@id":"https:\/\/www.latribunedufaso.net\/?p=24515#primaryimage","url":"https:\/\/www.latribunedufaso.net\/wp-content\/uploads\/2025\/10\/IMG_20251027_092020_162-scaled.jpg","contentUrl":"https:\/\/www.latribunedufaso.net\/wp-content\/uploads\/2025\/10\/IMG_20251027_092020_162-scaled.jpg","width":2560,"height":1920,"caption":"Le CNAMU organise un atelier de r\u00e9flexion sur les m\u00e9canismes d'adh\u00e9sion automatique des travailleurs de l'\u00e9conomie informelle \u00e0 l'assurance maladie, 27 au 30 octobre 2025"},{"@type":"BreadcrumbList","@id":"https:\/\/www.latribunedufaso.net\/?p=24515#breadcrumb","itemListElement":[{"@type":"ListItem","position":1,"name":"Accueil","item":"https:\/\/www.latribunedufaso.net\/"},{"@type":"ListItem","position":2,"name":"Protection Sociale : Un atelier pour r\u00e9fl\u00e9chir sur les m\u00e9canismes d&rsquo;adh\u00e9sion automatique des travailleurs informels \u00e0 l&rsquo;assurance maladie"}]},{"@type":"WebSite","@id":"https:\/\/www.latribunedufaso.net\/#website","url":"https:\/\/www.latribunedufaso.net\/","name":"La Tribune du Faso","description":"L&#039;information du monde rural en un clic","publisher":{"@id":"https:\/\/www.latribunedufaso.net\/#organization"},"potentialAction":[{"@type":"SearchAction","target":{"@type":"EntryPoint","urlTemplate":"https:\/\/www.latribunedufaso.net\/?s={search_term_string}"},"query-input":{"@type":"PropertyValueSpecification","valueRequired":true,"valueName":"search_term_string"}}],"inLanguage":"fr-FR"},{"@type":"Organization","@id":"https:\/\/www.latribunedufaso.net\/#organization","name":"La Tribune du Faso","url":"https:\/\/www.latribunedufaso.net\/","logo":{"@type":"ImageObject","inLanguage":"fr-FR","@id":"https:\/\/www.latribunedufaso.net\/#\/schema\/logo\/image\/","url":"https:\/\/www.latribunedufaso.net\/wp-content\/uploads\/2020\/08\/Logo-Tribune-du-Faso-final-scaled.jpg","contentUrl":"https:\/\/www.latribunedufaso.net\/wp-content\/uploads\/2020\/08\/Logo-Tribune-du-Faso-final-scaled.jpg","width":2560,"height":1856,"caption":"La Tribune du Faso"},"image":{"@id":"https:\/\/www.latribunedufaso.net\/#\/schema\/logo\/image\/"},"sameAs":["https:\/\/www.facebook.com\/LatribuneduFaso\/"]},{"@type":"Person","@id":"https:\/\/www.latribunedufaso.net\/#\/schema\/person\/e54e64c5778a7e72cf80a318b7a622b0","name":"Issouf Tapsoba","image":{"@type":"ImageObject","inLanguage":"fr-FR","@id":"https:\/\/secure.gravatar.com\/avatar\/5e6c05150ce3230247d167f5b94d678eb05936197436d69b7921e3a95c9107ac?s=96&d=mm&r=g","url":"https:\/\/secure.gravatar.com\/avatar\/5e6c05150ce3230247d167f5b94d678eb05936197436d69b7921e3a95c9107ac?s=96&d=mm&r=g","contentUrl":"https:\/\/secure.gravatar.com\/avatar\/5e6c05150ce3230247d167f5b94d678eb05936197436d69b7921e3a95c9107ac?s=96&d=mm&r=g","caption":"Issouf Tapsoba"},"url":"https:\/\/www.latribunedufaso.net\/?author=5"}]}},"_links":{"self":[{"href":"https:\/\/www.latribunedufaso.net\/index.php?rest_route=\/wp\/v2\/posts\/24515","targetHints":{"allow":["GET"]}}],"collection":[{"href":"https:\/\/www.latribunedufaso.net\/index.php?rest_route=\/wp\/v2\/posts"}],"about":[{"href":"https:\/\/www.latribunedufaso.net\/index.php?rest_route=\/wp\/v2\/types\/post"}],"author":[{"embeddable":true,"href":"https:\/\/www.latribunedufaso.net\/index.php?rest_route=\/wp\/v2\/users\/5"}],"replies":[{"embeddable":true,"href":"https:\/\/www.latribunedufaso.net\/index.php?rest_route=%2Fwp%2Fv2%2Fcomments&post=24515"}],"version-history":[{"count":4,"href":"https:\/\/www.latribunedufaso.net\/index.php?rest_route=\/wp\/v2\/posts\/24515\/revisions"}],"predecessor-version":[{"id":25864,"href":"https:\/\/www.latribunedufaso.net\/index.php?rest_route=\/wp\/v2\/posts\/24515\/revisions\/25864"}],"wp:featuredmedia":[{"embeddable":true,"href":"https:\/\/www.latribunedufaso.net\/index.php?rest_route=\/wp\/v2\/media\/24517"}],"wp:attachment":[{"href":"https:\/\/www.latribunedufaso.net\/index.php?rest_route=%2Fwp%2Fv2%2Fmedia&parent=24515"}],"wp:term":[{"taxonomy":"category","embeddable":true,"href":"https:\/\/www.latribunedufaso.net\/index.php?rest_route=%2Fwp%2Fv2%2Fcategories&post=24515"},{"taxonomy":"post_tag","embeddable":true,"href":"https:\/\/www.latribunedufaso.net\/index.php?rest_route=%2Fwp%2Fv2%2Ftags&post=24515"}],"curies":[{"name":"wp","href":"https:\/\/api.w.org\/{rel}","templated":true}]}}