{"id":24490,"date":"2025-10-26T17:51:51","date_gmt":"2025-10-26T17:51:51","guid":{"rendered":"https:\/\/www.latribunedufaso.net\/?p=24490"},"modified":"2025-10-26T17:51:51","modified_gmt":"2025-10-26T17:51:51","slug":"qualification-can-feminine-maroc-2026-un-probleme-de-coordination-technique-entre-la-fbf-et-la-caf-a-cause-linterruption-de-la-retransmission-du-match","status":"publish","type":"post","link":"https:\/\/www.latribunedufaso.net\/?p=24490","title":{"rendered":"Qualification CAN F\u00e9minine Maroc 2026 : Un \u00ab probl\u00e8me de coordination technique \u00bb entre la FBF et la CAF a caus\u00e9 l&rsquo;interruption de la retransmission du match"},"content":{"rendered":"<p><strong>La F\u00e9d\u00e9ration burkinab\u00e8 de Football (FBF) a publi\u00e9 un communiqu\u00e9 ce 25 octobre 2025 pour donner des exploitations suite \u00e0 l&rsquo;interruption de la retransmission t\u00e9l\u00e9vis\u00e9e du match du Burkina Faso contre le Togo, comptant pour le 2e tour qualificatif de la CAN F\u00e9minine Maroc 2026.<\/strong><!--more--><\/p>\n<p>\u200eLa FBF explique que la coupure \u00e0 la mi-temps est due \u00e0 un <em><strong>\u00ab probl\u00e8me de coordination technique \u00bb<\/strong><\/em> concernant les droits de diffusion d\u00e9tenus par la CAF.\u00a0<\/p>\n<p><strong>\u200eLisez l&rsquo;int\u00e9gralit\u00e9 du communiqu\u00e9<\/strong> \u2935\ufe0f<\/p>\n<p>Communiqu\u00e9 de la F\u00e9d\u00e9ration burkinab\u00e8 de Football<\/p>\n<p>\u200eLors de la rencontre comptant pour les \u00e9liminatoires de la Coupe d\u2019Afrique des Nations f\u00e9minine, disput\u00e9e le 24 octobre au Stade du 4-Ao\u00fbt de Ouagadougou entre les Etalons Dames et la s\u00e9lection du Togo, la retransmission du match sur la T\u00e9l\u00e9vision nationale a malheureusement connu une interruption \u00e0 la mi-temps.<\/p>\n<p>\u200eCette situation est due \u00e0 un probl\u00e8me de coordination technique entre les services de la F\u00e9d\u00e9ration burkinab\u00e8 de Football et ceux de la Conf\u00e9d\u00e9ration africaine de Football. En effet, la CAF, d\u00e9tentrice des droits \u00e0 l\u2019image, devait \u00eatre notifi\u00e9e en amont afin d\u2019autoriser officiellement la diffusion sur la cha\u00eene nationale par le biais du commissaire du match.<\/p>\n<p>\u200eIl convient de pr\u00e9ciser que l\u2019autorisation de streaming n\u2019\u00e9quivaut pas \u00e0 une autorisation de diffusion en clair.<\/p>\n<p>\u200eD\u00e8s la survenue de l\u2019incident, le Pr\u00e9sident de la FBF a entrepris des d\u00e9marches aupr\u00e8s de la CAF pour r\u00e9soudre le probl\u00e8me. Bien que ces \u00e9changes aient abouti, le signal t\u00e9l\u00e9vis\u00e9 avait d\u00e9j\u00e0 \u00e9t\u00e9 interrompu.<\/p>\n<p>\u200eLa F\u00e9d\u00e9ration burkinab\u00e8 de Football pr\u00e9sente ses sinc\u00e8res excuses \u00e0 l\u2019ensemble des supporters, t\u00e9l\u00e9spectateurs et partenaires m\u00e9diatiques, et r\u00e9affirme son engagement \u00e0 am\u00e9liorer la coordination technique lors des prochaines rencontres pour garantir une retransmission fluide et de qualit\u00e9.<\/p>\n<p>\u200eOuagadougou, le 25 octobre 2025<\/p>\n<p>\u200eLa F\u00e9d\u00e9ration burkinab\u00e8 de Football<\/p>\n<p><strong>Latribunedufaso.net<\/strong><\/p>\n","protected":false},"excerpt":{"rendered":"<p>La F\u00e9d\u00e9ration burkinab\u00e8 de Football (FBF) a publi\u00e9 un communiqu\u00e9 ce 25 octobre 2025 pour donner des exploitations suite \u00e0 l&rsquo;interruption de la retransmission t\u00e9l\u00e9vis\u00e9e du match du Burkina Faso contre le Togo, comptant pour le 2e tour qualificatif de la CAN F\u00e9minine Maroc 2026.<\/p>\n","protected":false},"author":5,"featured_media":24491,"comment_status":"open","ping_status":"open","sticky":false,"template":"","format":"standard","meta":{"footnotes":""},"categories":[13,1,17],"tags":[1712,39],"class_list":["post-24490","post","type-post","status-publish","format-standard","has-post-thumbnail","hentry","category-une","category-actu","category-sport","tag-can-feminine-marco-2026","tag-latribunedufaso-net"],"yoast_head":"<!-- This site is optimized with the Yoast SEO plugin v27.4 - https:\/\/yoast.com\/product\/yoast-seo-wordpress\/ -->\n<title>Qualification CAN F\u00e9minine Maroc 2026 : Un \u00ab probl\u00e8me de coordination technique \u00bb entre la FBF et la CAF a caus\u00e9 l&#039;interruption de la retransmission du match - La Tribune du Faso<\/title>\n<meta name=\"robots\" content=\"index, follow, max-snippet:-1, max-image-preview:large, max-video-preview:-1\" \/>\n<link rel=\"canonical\" href=\"https:\/\/www.latribunedufaso.net\/?p=24490\" \/>\n<meta property=\"og:locale\" content=\"fr_FR\" \/>\n<meta property=\"og:type\" content=\"article\" \/>\n<meta property=\"og:title\" content=\"Qualification CAN F\u00e9minine Maroc 2026 : Un \u00ab probl\u00e8me de coordination technique \u00bb entre la FBF et la CAF a caus\u00e9 l&#039;interruption de la retransmission du match - La Tribune du Faso\" \/>\n<meta property=\"og:description\" content=\"La F\u00e9d\u00e9ration burkinab\u00e8 de Football (FBF) a publi\u00e9 un communiqu\u00e9 ce 25 octobre 2025 pour donner des exploitations suite \u00e0 l&rsquo;interruption de la retransmission t\u00e9l\u00e9vis\u00e9e du match du Burkina Faso contre le Togo, comptant pour le 2e tour qualificatif de la CAN F\u00e9minine Maroc 2026.\" \/>\n<meta property=\"og:url\" content=\"https:\/\/www.latribunedufaso.net\/?p=24490\" \/>\n<meta property=\"og:site_name\" content=\"La Tribune du Faso\" \/>\n<meta property=\"article:publisher\" content=\"https:\/\/www.facebook.com\/LatribuneduFaso\/\" \/>\n<meta property=\"article:published_time\" content=\"2025-10-26T17:51:51+00:00\" \/>\n<meta property=\"og:image\" content=\"https:\/\/www.latribunedufaso.net\/wp-content\/uploads\/2025\/10\/FB_IMG_1761499788534.jpg\" \/>\n\t<meta property=\"og:image:width\" content=\"662\" \/>\n\t<meta property=\"og:image:height\" content=\"453\" \/>\n\t<meta property=\"og:image:type\" content=\"image\/jpeg\" \/>\n<meta name=\"author\" content=\"Issouf Tapsoba\" \/>\n<meta name=\"twitter:label1\" content=\"\u00c9crit par\" \/>\n\t<meta name=\"twitter:data1\" content=\"Issouf Tapsoba\" \/>\n\t<meta name=\"twitter:label2\" content=\"Dur\u00e9e de lecture estim\u00e9e\" \/>\n\t<meta name=\"twitter:data2\" content=\"2 minutes\" \/>\n<script type=\"application\/ld+json\" class=\"yoast-schema-graph\">{\"@context\":\"https:\\\/\\\/schema.org\",\"@graph\":[{\"@type\":\"Article\",\"@id\":\"https:\\\/\\\/www.latribunedufaso.net\\\/?p=24490#article\",\"isPartOf\":{\"@id\":\"https:\\\/\\\/www.latribunedufaso.net\\\/?p=24490\"},\"author\":{\"name\":\"Issouf Tapsoba\",\"@id\":\"https:\\\/\\\/www.latribunedufaso.net\\\/#\\\/schema\\\/person\\\/e54e64c5778a7e72cf80a318b7a622b0\"},\"headline\":\"Qualification CAN F\u00e9minine Maroc 2026 : Un \u00ab probl\u00e8me de coordination technique \u00bb entre la FBF et la CAF a caus\u00e9 l&rsquo;interruption de la retransmission du match\",\"datePublished\":\"2025-10-26T17:51:51+00:00\",\"mainEntityOfPage\":{\"@id\":\"https:\\\/\\\/www.latribunedufaso.net\\\/?p=24490\"},\"wordCount\":357,\"commentCount\":0,\"publisher\":{\"@id\":\"https:\\\/\\\/www.latribunedufaso.net\\\/#organization\"},\"image\":{\"@id\":\"https:\\\/\\\/www.latribunedufaso.net\\\/?p=24490#primaryimage\"},\"thumbnailUrl\":\"https:\\\/\\\/www.latribunedufaso.net\\\/wp-content\\\/uploads\\\/2025\\\/10\\\/FB_IMG_1761499788534.jpg\",\"keywords\":[\"CAN feminine Marco 2026\",\"latribunedufaso.net\"],\"articleSection\":[\"A la une\",\"Actualit\u00e9\",\"Sport\"],\"inLanguage\":\"fr-FR\",\"potentialAction\":[{\"@type\":\"CommentAction\",\"name\":\"Comment\",\"target\":[\"https:\\\/\\\/www.latribunedufaso.net\\\/?p=24490#respond\"]}]},{\"@type\":\"WebPage\",\"@id\":\"https:\\\/\\\/www.latribunedufaso.net\\\/?p=24490\",\"url\":\"https:\\\/\\\/www.latribunedufaso.net\\\/?p=24490\",\"name\":\"Qualification CAN F\u00e9minine Maroc 2026 : Un \u00ab probl\u00e8me de coordination technique \u00bb entre la FBF et la CAF a caus\u00e9 l'interruption de la retransmission du match - La Tribune du Faso\",\"isPartOf\":{\"@id\":\"https:\\\/\\\/www.latribunedufaso.net\\\/#website\"},\"primaryImageOfPage\":{\"@id\":\"https:\\\/\\\/www.latribunedufaso.net\\\/?p=24490#primaryimage\"},\"image\":{\"@id\":\"https:\\\/\\\/www.latribunedufaso.net\\\/?p=24490#primaryimage\"},\"thumbnailUrl\":\"https:\\\/\\\/www.latribunedufaso.net\\\/wp-content\\\/uploads\\\/2025\\\/10\\\/FB_IMG_1761499788534.jpg\",\"datePublished\":\"2025-10-26T17:51:51+00:00\",\"breadcrumb\":{\"@id\":\"https:\\\/\\\/www.latribunedufaso.net\\\/?p=24490#breadcrumb\"},\"inLanguage\":\"fr-FR\",\"potentialAction\":[{\"@type\":\"ReadAction\",\"target\":[\"https:\\\/\\\/www.latribunedufaso.net\\\/?p=24490\"]}]},{\"@type\":\"ImageObject\",\"inLanguage\":\"fr-FR\",\"@id\":\"https:\\\/\\\/www.latribunedufaso.net\\\/?p=24490#primaryimage\",\"url\":\"https:\\\/\\\/www.latribunedufaso.net\\\/wp-content\\\/uploads\\\/2025\\\/10\\\/FB_IMG_1761499788534.jpg\",\"contentUrl\":\"https:\\\/\\\/www.latribunedufaso.net\\\/wp-content\\\/uploads\\\/2025\\\/10\\\/FB_IMG_1761499788534.jpg\",\"width\":662,\"height\":453,\"caption\":\"Logo f\u00e9d\u00e9ration Burkinab\u00e8 de football\"},{\"@type\":\"BreadcrumbList\",\"@id\":\"https:\\\/\\\/www.latribunedufaso.net\\\/?p=24490#breadcrumb\",\"itemListElement\":[{\"@type\":\"ListItem\",\"position\":1,\"name\":\"Accueil\",\"item\":\"https:\\\/\\\/www.latribunedufaso.net\\\/\"},{\"@type\":\"ListItem\",\"position\":2,\"name\":\"Qualification CAN F\u00e9minine Maroc 2026 : Un \u00ab probl\u00e8me de coordination technique \u00bb entre la FBF et la CAF a caus\u00e9 l&rsquo;interruption de la retransmission du match\"}]},{\"@type\":\"WebSite\",\"@id\":\"https:\\\/\\\/www.latribunedufaso.net\\\/#website\",\"url\":\"https:\\\/\\\/www.latribunedufaso.net\\\/\",\"name\":\"La Tribune du Faso\",\"description\":\"L&#039;information du monde rural en un clic\",\"publisher\":{\"@id\":\"https:\\\/\\\/www.latribunedufaso.net\\\/#organization\"},\"potentialAction\":[{\"@type\":\"SearchAction\",\"target\":{\"@type\":\"EntryPoint\",\"urlTemplate\":\"https:\\\/\\\/www.latribunedufaso.net\\\/?s={search_term_string}\"},\"query-input\":{\"@type\":\"PropertyValueSpecification\",\"valueRequired\":true,\"valueName\":\"search_term_string\"}}],\"inLanguage\":\"fr-FR\"},{\"@type\":\"Organization\",\"@id\":\"https:\\\/\\\/www.latribunedufaso.net\\\/#organization\",\"name\":\"La Tribune du Faso\",\"url\":\"https:\\\/\\\/www.latribunedufaso.net\\\/\",\"logo\":{\"@type\":\"ImageObject\",\"inLanguage\":\"fr-FR\",\"@id\":\"https:\\\/\\\/www.latribunedufaso.net\\\/#\\\/schema\\\/logo\\\/image\\\/\",\"url\":\"https:\\\/\\\/www.latribunedufaso.net\\\/wp-content\\\/uploads\\\/2020\\\/08\\\/Logo-Tribune-du-Faso-final-scaled.jpg\",\"contentUrl\":\"https:\\\/\\\/www.latribunedufaso.net\\\/wp-content\\\/uploads\\\/2020\\\/08\\\/Logo-Tribune-du-Faso-final-scaled.jpg\",\"width\":2560,\"height\":1856,\"caption\":\"La Tribune du Faso\"},\"image\":{\"@id\":\"https:\\\/\\\/www.latribunedufaso.net\\\/#\\\/schema\\\/logo\\\/image\\\/\"},\"sameAs\":[\"https:\\\/\\\/www.facebook.com\\\/LatribuneduFaso\\\/\"]},{\"@type\":\"Person\",\"@id\":\"https:\\\/\\\/www.latribunedufaso.net\\\/#\\\/schema\\\/person\\\/e54e64c5778a7e72cf80a318b7a622b0\",\"name\":\"Issouf Tapsoba\",\"image\":{\"@type\":\"ImageObject\",\"inLanguage\":\"fr-FR\",\"@id\":\"https:\\\/\\\/secure.gravatar.com\\\/avatar\\\/5e6c05150ce3230247d167f5b94d678eb05936197436d69b7921e3a95c9107ac?s=96&d=mm&r=g\",\"url\":\"https:\\\/\\\/secure.gravatar.com\\\/avatar\\\/5e6c05150ce3230247d167f5b94d678eb05936197436d69b7921e3a95c9107ac?s=96&d=mm&r=g\",\"contentUrl\":\"https:\\\/\\\/secure.gravatar.com\\\/avatar\\\/5e6c05150ce3230247d167f5b94d678eb05936197436d69b7921e3a95c9107ac?s=96&d=mm&r=g\",\"caption\":\"Issouf Tapsoba\"},\"url\":\"https:\\\/\\\/www.latribunedufaso.net\\\/?author=5\"}]}<\/script>\n<!-- \/ Yoast SEO plugin. -->","yoast_head_json":{"title":"Qualification CAN F\u00e9minine Maroc 2026 : Un \u00ab probl\u00e8me de coordination technique \u00bb entre la FBF et la CAF a caus\u00e9 l'interruption de la retransmission du match - La Tribune du Faso","robots":{"index":"index","follow":"follow","max-snippet":"max-snippet:-1","max-image-preview":"max-image-preview:large","max-video-preview":"max-video-preview:-1"},"canonical":"https:\/\/www.latribunedufaso.net\/?p=24490","og_locale":"fr_FR","og_type":"article","og_title":"Qualification CAN F\u00e9minine Maroc 2026 : Un \u00ab probl\u00e8me de coordination technique \u00bb entre la FBF et la CAF a caus\u00e9 l'interruption de la retransmission du match - La Tribune du Faso","og_description":"La F\u00e9d\u00e9ration burkinab\u00e8 de Football (FBF) a publi\u00e9 un communiqu\u00e9 ce 25 octobre 2025 pour donner des exploitations suite \u00e0 l&rsquo;interruption de la retransmission t\u00e9l\u00e9vis\u00e9e du match du Burkina Faso contre le Togo, comptant pour le 2e tour qualificatif de la CAN F\u00e9minine Maroc 2026.","og_url":"https:\/\/www.latribunedufaso.net\/?p=24490","og_site_name":"La Tribune du Faso","article_publisher":"https:\/\/www.facebook.com\/LatribuneduFaso\/","article_published_time":"2025-10-26T17:51:51+00:00","og_image":[{"width":662,"height":453,"url":"https:\/\/www.latribunedufaso.net\/wp-content\/uploads\/2025\/10\/FB_IMG_1761499788534.jpg","type":"image\/jpeg"}],"author":"Issouf Tapsoba","twitter_misc":{"\u00c9crit par":"Issouf Tapsoba","Dur\u00e9e de lecture estim\u00e9e":"2 minutes"},"schema":{"@context":"https:\/\/schema.org","@graph":[{"@type":"Article","@id":"https:\/\/www.latribunedufaso.net\/?p=24490#article","isPartOf":{"@id":"https:\/\/www.latribunedufaso.net\/?p=24490"},"author":{"name":"Issouf Tapsoba","@id":"https:\/\/www.latribunedufaso.net\/#\/schema\/person\/e54e64c5778a7e72cf80a318b7a622b0"},"headline":"Qualification CAN F\u00e9minine Maroc 2026 : Un \u00ab probl\u00e8me de coordination technique \u00bb entre la FBF et la CAF a caus\u00e9 l&rsquo;interruption de la retransmission du match","datePublished":"2025-10-26T17:51:51+00:00","mainEntityOfPage":{"@id":"https:\/\/www.latribunedufaso.net\/?p=24490"},"wordCount":357,"commentCount":0,"publisher":{"@id":"https:\/\/www.latribunedufaso.net\/#organization"},"image":{"@id":"https:\/\/www.latribunedufaso.net\/?p=24490#primaryimage"},"thumbnailUrl":"https:\/\/www.latribunedufaso.net\/wp-content\/uploads\/2025\/10\/FB_IMG_1761499788534.jpg","keywords":["CAN feminine Marco 2026","latribunedufaso.net"],"articleSection":["A la une","Actualit\u00e9","Sport"],"inLanguage":"fr-FR","potentialAction":[{"@type":"CommentAction","name":"Comment","target":["https:\/\/www.latribunedufaso.net\/?p=24490#respond"]}]},{"@type":"WebPage","@id":"https:\/\/www.latribunedufaso.net\/?p=24490","url":"https:\/\/www.latribunedufaso.net\/?p=24490","name":"Qualification CAN F\u00e9minine Maroc 2026 : Un \u00ab probl\u00e8me de coordination technique \u00bb entre la FBF et la CAF a caus\u00e9 l'interruption de la retransmission du match - La Tribune du Faso","isPartOf":{"@id":"https:\/\/www.latribunedufaso.net\/#website"},"primaryImageOfPage":{"@id":"https:\/\/www.latribunedufaso.net\/?p=24490#primaryimage"},"image":{"@id":"https:\/\/www.latribunedufaso.net\/?p=24490#primaryimage"},"thumbnailUrl":"https:\/\/www.latribunedufaso.net\/wp-content\/uploads\/2025\/10\/FB_IMG_1761499788534.jpg","datePublished":"2025-10-26T17:51:51+00:00","breadcrumb":{"@id":"https:\/\/www.latribunedufaso.net\/?p=24490#breadcrumb"},"inLanguage":"fr-FR","potentialAction":[{"@type":"ReadAction","target":["https:\/\/www.latribunedufaso.net\/?p=24490"]}]},{"@type":"ImageObject","inLanguage":"fr-FR","@id":"https:\/\/www.latribunedufaso.net\/?p=24490#primaryimage","url":"https:\/\/www.latribunedufaso.net\/wp-content\/uploads\/2025\/10\/FB_IMG_1761499788534.jpg","contentUrl":"https:\/\/www.latribunedufaso.net\/wp-content\/uploads\/2025\/10\/FB_IMG_1761499788534.jpg","width":662,"height":453,"caption":"Logo f\u00e9d\u00e9ration Burkinab\u00e8 de football"},{"@type":"BreadcrumbList","@id":"https:\/\/www.latribunedufaso.net\/?p=24490#breadcrumb","itemListElement":[{"@type":"ListItem","position":1,"name":"Accueil","item":"https:\/\/www.latribunedufaso.net\/"},{"@type":"ListItem","position":2,"name":"Qualification CAN F\u00e9minine Maroc 2026 : Un \u00ab probl\u00e8me de coordination technique \u00bb entre la FBF et la CAF a caus\u00e9 l&rsquo;interruption de la retransmission du match"}]},{"@type":"WebSite","@id":"https:\/\/www.latribunedufaso.net\/#website","url":"https:\/\/www.latribunedufaso.net\/","name":"La Tribune du Faso","description":"L&#039;information du monde rural en un clic","publisher":{"@id":"https:\/\/www.latribunedufaso.net\/#organization"},"potentialAction":[{"@type":"SearchAction","target":{"@type":"EntryPoint","urlTemplate":"https:\/\/www.latribunedufaso.net\/?s={search_term_string}"},"query-input":{"@type":"PropertyValueSpecification","valueRequired":true,"valueName":"search_term_string"}}],"inLanguage":"fr-FR"},{"@type":"Organization","@id":"https:\/\/www.latribunedufaso.net\/#organization","name":"La Tribune du Faso","url":"https:\/\/www.latribunedufaso.net\/","logo":{"@type":"ImageObject","inLanguage":"fr-FR","@id":"https:\/\/www.latribunedufaso.net\/#\/schema\/logo\/image\/","url":"https:\/\/www.latribunedufaso.net\/wp-content\/uploads\/2020\/08\/Logo-Tribune-du-Faso-final-scaled.jpg","contentUrl":"https:\/\/www.latribunedufaso.net\/wp-content\/uploads\/2020\/08\/Logo-Tribune-du-Faso-final-scaled.jpg","width":2560,"height":1856,"caption":"La Tribune du Faso"},"image":{"@id":"https:\/\/www.latribunedufaso.net\/#\/schema\/logo\/image\/"},"sameAs":["https:\/\/www.facebook.com\/LatribuneduFaso\/"]},{"@type":"Person","@id":"https:\/\/www.latribunedufaso.net\/#\/schema\/person\/e54e64c5778a7e72cf80a318b7a622b0","name":"Issouf Tapsoba","image":{"@type":"ImageObject","inLanguage":"fr-FR","@id":"https:\/\/secure.gravatar.com\/avatar\/5e6c05150ce3230247d167f5b94d678eb05936197436d69b7921e3a95c9107ac?s=96&d=mm&r=g","url":"https:\/\/secure.gravatar.com\/avatar\/5e6c05150ce3230247d167f5b94d678eb05936197436d69b7921e3a95c9107ac?s=96&d=mm&r=g","contentUrl":"https:\/\/secure.gravatar.com\/avatar\/5e6c05150ce3230247d167f5b94d678eb05936197436d69b7921e3a95c9107ac?s=96&d=mm&r=g","caption":"Issouf Tapsoba"},"url":"https:\/\/www.latribunedufaso.net\/?author=5"}]}},"_links":{"self":[{"href":"https:\/\/www.latribunedufaso.net\/index.php?rest_route=\/wp\/v2\/posts\/24490","targetHints":{"allow":["GET"]}}],"collection":[{"href":"https:\/\/www.latribunedufaso.net\/index.php?rest_route=\/wp\/v2\/posts"}],"about":[{"href":"https:\/\/www.latribunedufaso.net\/index.php?rest_route=\/wp\/v2\/types\/post"}],"author":[{"embeddable":true,"href":"https:\/\/www.latribunedufaso.net\/index.php?rest_route=\/wp\/v2\/users\/5"}],"replies":[{"embeddable":true,"href":"https:\/\/www.latribunedufaso.net\/index.php?rest_route=%2Fwp%2Fv2%2Fcomments&post=24490"}],"version-history":[{"count":1,"href":"https:\/\/www.latribunedufaso.net\/index.php?rest_route=\/wp\/v2\/posts\/24490\/revisions"}],"predecessor-version":[{"id":24492,"href":"https:\/\/www.latribunedufaso.net\/index.php?rest_route=\/wp\/v2\/posts\/24490\/revisions\/24492"}],"wp:featuredmedia":[{"embeddable":true,"href":"https:\/\/www.latribunedufaso.net\/index.php?rest_route=\/wp\/v2\/media\/24491"}],"wp:attachment":[{"href":"https:\/\/www.latribunedufaso.net\/index.php?rest_route=%2Fwp%2Fv2%2Fmedia&parent=24490"}],"wp:term":[{"taxonomy":"category","embeddable":true,"href":"https:\/\/www.latribunedufaso.net\/index.php?rest_route=%2Fwp%2Fv2%2Fcategories&post=24490"},{"taxonomy":"post_tag","embeddable":true,"href":"https:\/\/www.latribunedufaso.net\/index.php?rest_route=%2Fwp%2Fv2%2Ftags&post=24490"}],"curies":[{"name":"wp","href":"https:\/\/api.w.org\/{rel}","templated":true}]}}