{"id":24483,"date":"2025-10-25T20:19:20","date_gmt":"2025-10-25T20:19:20","guid":{"rendered":"https:\/\/www.latribunedufaso.net\/?p=24483"},"modified":"2025-10-25T20:19:20","modified_gmt":"2025-10-25T20:19:20","slug":"36e-tour-du-faso-paul-daumont-propulse-le-burkina-sur-le-podium-a-boromo","status":"publish","type":"post","link":"https:\/\/www.latribunedufaso.net\/?p=24483","title":{"rendered":"36e Tour du Faso : Paul Daumont propulse le Burkina sur le podium \u00e0 Boromo"},"content":{"rendered":"<p><strong>La deuxi\u00e8me \u00e9tape du 36e Tour du Faso, courue ce samedi 25 octobre 2025 entre Koudougou et Boromo sur une distance de 156,200 km, par ailleurs la plus longue du circuit a livr\u00e9 ses r\u00e9sultats. Cette \u00e9tape \u00e2prement disput\u00e9 avec une vitesse moyenne de 41,839 Km\/h a vu la victoire du Belge Lance De Cabooter. Au classement, le Belge Lance De Cabooster, vainqueur de l\u2019\u00e9tape est porteur du maillot jaune, et le Marocain Achraf Ed-doghmy est class\u00e9 deuxi\u00e8me. Le Burkinab\u00e8 Paul Daumont s\u2019est distingu\u00e9 par une 3e place.\u00a0<\/strong><!--more--><\/p>\n<p>Cette performance de l&rsquo;ambassadeur du Burkina Paul Daumont laisse entrevoir de belles perspectives pour le Pays des Hommes int\u00e8gres engag\u00e9 dans cette prestigieuse comp\u00e9tition internationale.\u00a0<\/p>\n<p>\u00c0 cette 2e \u00e9tape, le maillot blanc du meilleur jeune parrain\u00e9 par minist\u00e8re des Sports, de la Jeunesse et de l\u2019Emploi (MSJE), a \u00e9chu au burkinab\u00e8 Saturnin Yameogo. Le maillot lui a \u00e9t\u00e9 port\u00e9 par le Conseiller Technique du ministre Roland Somda, Adelphe Sanou.<\/p>\n<figure id=\"attachment_24486\" aria-describedby=\"caption-attachment-24486\" style=\"width: 2048px\" class=\"wp-caption aligncenter\"><a href=\"https:\/\/www.latribunedufaso.net\/wp-content\/uploads\/2025\/10\/FB_IMG_1761423126142.jpg\"><img loading=\"lazy\" decoding=\"async\" class=\"size-full wp-image-24486\" src=\"https:\/\/www.latribunedufaso.net\/wp-content\/uploads\/2025\/10\/FB_IMG_1761423126142.jpg\" alt=\"Les r\u00e9sultats de la 2e \u00e9tape du Tour du Faso, 25 octobre 2025 (Koudougou -Boromo)\" width=\"2048\" height=\"1219\" srcset=\"https:\/\/www.latribunedufaso.net\/wp-content\/uploads\/2025\/10\/FB_IMG_1761423126142.jpg 2048w, https:\/\/www.latribunedufaso.net\/wp-content\/uploads\/2025\/10\/FB_IMG_1761423126142-300x179.jpg 300w, https:\/\/www.latribunedufaso.net\/wp-content\/uploads\/2025\/10\/FB_IMG_1761423126142-1024x610.jpg 1024w, https:\/\/www.latribunedufaso.net\/wp-content\/uploads\/2025\/10\/FB_IMG_1761423126142-768x457.jpg 768w, https:\/\/www.latribunedufaso.net\/wp-content\/uploads\/2025\/10\/FB_IMG_1761423126142-1536x914.jpg 1536w\" sizes=\"auto, (max-width: 2048px) 100vw, 2048px\" \/><\/a><figcaption id=\"caption-attachment-24486\" class=\"wp-caption-text\">Les coureurs ont parcouru une distance de 156,200 km entre Koudougou et Boromo &#8211; Ph. DR<\/figcaption><\/figure>\n<p>La course a enregistr\u00e9 la pr\u00e9sence d\u2019une importante d\u00e9l\u00e9gation gouvernementale dont le ministre des Affaires \u00c9trang\u00e8res, de la Coop\u00e9ration R\u00e9gionale et des Burkinab\u00e8 de l\u2019ext\u00e9rieur, Karamoko Jean Marie Traor\u00e9 et du ministre de l\u2019Urbanisme et de l\u2019Habitat, Mika\u00eflou Sidib\u00e9. Au nom du gouvernement, le ministre Traor\u00e9 a f\u00e9licit\u00e9 les coureurs burkinab\u00e8 pour leur brillante prestation et salu\u00e9 l\u2019engagement des \u00e9quipes participantes \u00e0 cette \u00e9dition.<\/p>\n<blockquote>\n<p>Lire aussi &gt;&gt; <a href=\"https:\/\/www.latribunedufaso.net\/?p=24436\">36e Tour du Faso : Le Burkinab\u00e8 Souleymane Kon\u00e9 termine 2e \u00e0 la premi\u00e8re \u00e9tape\u00a0\u00a0<\/a><\/p>\n<\/blockquote>\n<p>La prochaine \u00e9tape, c\u2019est pour ce 26 octobre \u00e0 Bobo-Dioulasso, longue de 116,100 Km sur un circuit ferm\u00e9. Rendez-vous \u00e0 Bobo-Dioulasso pour vivre le spectacle du Tour cycliste international du Faso.<\/p>\n<p><strong>Latribunedufaso.net<\/strong><\/p>\n<p><strong>Source : DCRP\/MSJE<\/strong><\/p>\n<p><a href=\"https:\/\/www.latribunedufaso.net\/wp-content\/uploads\/2025\/10\/FB_IMG_1761423139820.jpg\"><img loading=\"lazy\" decoding=\"async\" class=\"aligncenter size-full wp-image-24488\" src=\"https:\/\/www.latribunedufaso.net\/wp-content\/uploads\/2025\/10\/FB_IMG_1761423139820.jpg\" alt=\"Les r\u00e9sultats de la 2e \u00e9tape du Tour du Faso, 25 octobre 2025 (Koudougou -Boromo)\" width=\"1280\" height=\"853\" srcset=\"https:\/\/www.latribunedufaso.net\/wp-content\/uploads\/2025\/10\/FB_IMG_1761423139820.jpg 1280w, https:\/\/www.latribunedufaso.net\/wp-content\/uploads\/2025\/10\/FB_IMG_1761423139820-300x200.jpg 300w, https:\/\/www.latribunedufaso.net\/wp-content\/uploads\/2025\/10\/FB_IMG_1761423139820-1024x682.jpg 1024w, https:\/\/www.latribunedufaso.net\/wp-content\/uploads\/2025\/10\/FB_IMG_1761423139820-768x512.jpg 768w, https:\/\/www.latribunedufaso.net\/wp-content\/uploads\/2025\/10\/FB_IMG_1761423139820-840x560.jpg 840w, https:\/\/www.latribunedufaso.net\/wp-content\/uploads\/2025\/10\/FB_IMG_1761423139820-120x80.jpg 120w, https:\/\/www.latribunedufaso.net\/wp-content\/uploads\/2025\/10\/FB_IMG_1761423139820-360x240.jpg 360w, https:\/\/www.latribunedufaso.net\/wp-content\/uploads\/2025\/10\/FB_IMG_1761423139820-600x400.jpg 600w\" sizes=\"auto, (max-width: 1280px) 100vw, 1280px\" \/><\/a><a href=\"https:\/\/www.latribunedufaso.net\/wp-content\/uploads\/2025\/10\/FB_IMG_1761423135643.jpg\"><img loading=\"lazy\" decoding=\"async\" class=\"aligncenter size-full wp-image-24487\" src=\"https:\/\/www.latribunedufaso.net\/wp-content\/uploads\/2025\/10\/FB_IMG_1761423135643.jpg\" alt=\"Les r\u00e9sultats de la 2e \u00e9tape du Tour du Faso, 25 octobre 2025 (Koudougou -Boromo)\" width=\"2048\" height=\"1365\" srcset=\"https:\/\/www.latribunedufaso.net\/wp-content\/uploads\/2025\/10\/FB_IMG_1761423135643.jpg 2048w, https:\/\/www.latribunedufaso.net\/wp-content\/uploads\/2025\/10\/FB_IMG_1761423135643-300x200.jpg 300w, https:\/\/www.latribunedufaso.net\/wp-content\/uploads\/2025\/10\/FB_IMG_1761423135643-1024x683.jpg 1024w, https:\/\/www.latribunedufaso.net\/wp-content\/uploads\/2025\/10\/FB_IMG_1761423135643-768x512.jpg 768w, https:\/\/www.latribunedufaso.net\/wp-content\/uploads\/2025\/10\/FB_IMG_1761423135643-1536x1024.jpg 1536w, https:\/\/www.latribunedufaso.net\/wp-content\/uploads\/2025\/10\/FB_IMG_1761423135643-840x560.jpg 840w, https:\/\/www.latribunedufaso.net\/wp-content\/uploads\/2025\/10\/FB_IMG_1761423135643-120x80.jpg 120w, https:\/\/www.latribunedufaso.net\/wp-content\/uploads\/2025\/10\/FB_IMG_1761423135643-360x240.jpg 360w, https:\/\/www.latribunedufaso.net\/wp-content\/uploads\/2025\/10\/FB_IMG_1761423135643-600x400.jpg 600w\" sizes=\"auto, (max-width: 2048px) 100vw, 2048px\" \/><\/a><\/p>\n","protected":false},"excerpt":{"rendered":"<p>La deuxi\u00e8me \u00e9tape du 36e Tour du Faso, courue ce samedi 25 octobre 2025 entre Koudougou et Boromo sur une distance de 156,200 km, par ailleurs la plus longue du circuit a livr\u00e9 ses r\u00e9sultats. Cette \u00e9tape \u00e2prement disput\u00e9 avec une vitesse moyenne de 41,839 Km\/h a vu la victoire du Belge Lance De Cabooter. Au classement, le Belge Lance De Cabooster, vainqueur de l\u2019\u00e9tape est porteur du maillot jaune, et le Marocain Achraf Ed-doghmy est class\u00e9 deuxi\u00e8me. Le Burkinab\u00e8 Paul Daumont s\u2019est distingu\u00e9 par une 3e place.\u00a0<\/p>\n","protected":false},"author":5,"featured_media":24485,"comment_status":"open","ping_status":"open","sticky":false,"template":"","format":"standard","meta":{"footnotes":""},"categories":[13,1,17],"tags":[403,39,1711,402],"class_list":["post-24483","post","type-post","status-publish","format-standard","has-post-thumbnail","hentry","category-une","category-actu","category-sport","tag-cyclisme","tag-latribunedufaso-net","tag-paul-daumont","tag-tour-du-faso"],"yoast_head":"<!-- This site is optimized with the Yoast SEO plugin v27.4 - https:\/\/yoast.com\/product\/yoast-seo-wordpress\/ -->\n<title>36e Tour du Faso : Paul Daumont propulse le Burkina sur le podium \u00e0 Boromo - La Tribune du Faso<\/title>\n<meta name=\"robots\" content=\"index, follow, max-snippet:-1, max-image-preview:large, max-video-preview:-1\" \/>\n<link rel=\"canonical\" href=\"https:\/\/www.latribunedufaso.net\/?p=24483\" \/>\n<meta property=\"og:locale\" content=\"fr_FR\" \/>\n<meta property=\"og:type\" content=\"article\" \/>\n<meta property=\"og:title\" content=\"36e Tour du Faso : Paul Daumont propulse le Burkina sur le podium \u00e0 Boromo - La Tribune du Faso\" \/>\n<meta property=\"og:description\" content=\"La deuxi\u00e8me \u00e9tape du 36e Tour du Faso, courue ce samedi 25 octobre 2025 entre Koudougou et Boromo sur une distance de 156,200 km, par ailleurs la plus longue du circuit a livr\u00e9 ses r\u00e9sultats. Cette \u00e9tape \u00e2prement disput\u00e9 avec une vitesse moyenne de 41,839 Km\/h a vu la victoire du Belge Lance De Cabooter. Au classement, le Belge Lance De Cabooster, vainqueur de l\u2019\u00e9tape est porteur du maillot jaune, et le Marocain Achraf Ed-doghmy est class\u00e9 deuxi\u00e8me. Le Burkinab\u00e8 Paul Daumont s\u2019est distingu\u00e9 par une 3e place.\u00a0\" \/>\n<meta property=\"og:url\" content=\"https:\/\/www.latribunedufaso.net\/?p=24483\" \/>\n<meta property=\"og:site_name\" content=\"La Tribune du Faso\" \/>\n<meta property=\"article:publisher\" content=\"https:\/\/www.facebook.com\/LatribuneduFaso\/\" \/>\n<meta property=\"article:published_time\" content=\"2025-10-25T20:19:20+00:00\" \/>\n<meta property=\"og:image\" content=\"https:\/\/www.latribunedufaso.net\/wp-content\/uploads\/2025\/10\/FB_IMG_1761423118217.jpg\" \/>\n\t<meta property=\"og:image:width\" content=\"2048\" \/>\n\t<meta property=\"og:image:height\" content=\"1389\" \/>\n\t<meta property=\"og:image:type\" content=\"image\/jpeg\" \/>\n<meta name=\"author\" content=\"Issouf Tapsoba\" \/>\n<meta name=\"twitter:label1\" content=\"\u00c9crit par\" \/>\n\t<meta name=\"twitter:data1\" content=\"Issouf Tapsoba\" \/>\n\t<meta name=\"twitter:label2\" content=\"Dur\u00e9e de lecture estim\u00e9e\" \/>\n\t<meta name=\"twitter:data2\" content=\"2 minutes\" \/>\n<script type=\"application\/ld+json\" class=\"yoast-schema-graph\">{\"@context\":\"https:\\\/\\\/schema.org\",\"@graph\":[{\"@type\":\"Article\",\"@id\":\"https:\\\/\\\/www.latribunedufaso.net\\\/?p=24483#article\",\"isPartOf\":{\"@id\":\"https:\\\/\\\/www.latribunedufaso.net\\\/?p=24483\"},\"author\":{\"name\":\"Issouf Tapsoba\",\"@id\":\"https:\\\/\\\/www.latribunedufaso.net\\\/#\\\/schema\\\/person\\\/e54e64c5778a7e72cf80a318b7a622b0\"},\"headline\":\"36e Tour du Faso : Paul Daumont propulse le Burkina sur le podium \u00e0 Boromo\",\"datePublished\":\"2025-10-25T20:19:20+00:00\",\"mainEntityOfPage\":{\"@id\":\"https:\\\/\\\/www.latribunedufaso.net\\\/?p=24483\"},\"wordCount\":326,\"commentCount\":0,\"publisher\":{\"@id\":\"https:\\\/\\\/www.latribunedufaso.net\\\/#organization\"},\"image\":{\"@id\":\"https:\\\/\\\/www.latribunedufaso.net\\\/?p=24483#primaryimage\"},\"thumbnailUrl\":\"https:\\\/\\\/www.latribunedufaso.net\\\/wp-content\\\/uploads\\\/2025\\\/10\\\/FB_IMG_1761423118217.jpg\",\"keywords\":[\"cyclisme\",\"latribunedufaso.net\",\"Paul Daumont\",\"Tour du Faso\"],\"articleSection\":[\"A la une\",\"Actualit\u00e9\",\"Sport\"],\"inLanguage\":\"fr-FR\",\"potentialAction\":[{\"@type\":\"CommentAction\",\"name\":\"Comment\",\"target\":[\"https:\\\/\\\/www.latribunedufaso.net\\\/?p=24483#respond\"]}]},{\"@type\":\"WebPage\",\"@id\":\"https:\\\/\\\/www.latribunedufaso.net\\\/?p=24483\",\"url\":\"https:\\\/\\\/www.latribunedufaso.net\\\/?p=24483\",\"name\":\"36e Tour du Faso : Paul Daumont propulse le Burkina sur le podium \u00e0 Boromo - La Tribune du Faso\",\"isPartOf\":{\"@id\":\"https:\\\/\\\/www.latribunedufaso.net\\\/#website\"},\"primaryImageOfPage\":{\"@id\":\"https:\\\/\\\/www.latribunedufaso.net\\\/?p=24483#primaryimage\"},\"image\":{\"@id\":\"https:\\\/\\\/www.latribunedufaso.net\\\/?p=24483#primaryimage\"},\"thumbnailUrl\":\"https:\\\/\\\/www.latribunedufaso.net\\\/wp-content\\\/uploads\\\/2025\\\/10\\\/FB_IMG_1761423118217.jpg\",\"datePublished\":\"2025-10-25T20:19:20+00:00\",\"breadcrumb\":{\"@id\":\"https:\\\/\\\/www.latribunedufaso.net\\\/?p=24483#breadcrumb\"},\"inLanguage\":\"fr-FR\",\"potentialAction\":[{\"@type\":\"ReadAction\",\"target\":[\"https:\\\/\\\/www.latribunedufaso.net\\\/?p=24483\"]}]},{\"@type\":\"ImageObject\",\"inLanguage\":\"fr-FR\",\"@id\":\"https:\\\/\\\/www.latribunedufaso.net\\\/?p=24483#primaryimage\",\"url\":\"https:\\\/\\\/www.latribunedufaso.net\\\/wp-content\\\/uploads\\\/2025\\\/10\\\/FB_IMG_1761423118217.jpg\",\"contentUrl\":\"https:\\\/\\\/www.latribunedufaso.net\\\/wp-content\\\/uploads\\\/2025\\\/10\\\/FB_IMG_1761423118217.jpg\",\"width\":2048,\"height\":1389,\"caption\":\"Les r\u00e9sultats de la 2e \u00e9tape du Tour du Faso, 25 octobre 2025 (Koudougou -Boromo)\"},{\"@type\":\"BreadcrumbList\",\"@id\":\"https:\\\/\\\/www.latribunedufaso.net\\\/?p=24483#breadcrumb\",\"itemListElement\":[{\"@type\":\"ListItem\",\"position\":1,\"name\":\"Accueil\",\"item\":\"https:\\\/\\\/www.latribunedufaso.net\\\/\"},{\"@type\":\"ListItem\",\"position\":2,\"name\":\"36e Tour du Faso : Paul Daumont propulse le Burkina sur le podium \u00e0 Boromo\"}]},{\"@type\":\"WebSite\",\"@id\":\"https:\\\/\\\/www.latribunedufaso.net\\\/#website\",\"url\":\"https:\\\/\\\/www.latribunedufaso.net\\\/\",\"name\":\"La Tribune du Faso\",\"description\":\"L&#039;information du monde rural en un clic\",\"publisher\":{\"@id\":\"https:\\\/\\\/www.latribunedufaso.net\\\/#organization\"},\"potentialAction\":[{\"@type\":\"SearchAction\",\"target\":{\"@type\":\"EntryPoint\",\"urlTemplate\":\"https:\\\/\\\/www.latribunedufaso.net\\\/?s={search_term_string}\"},\"query-input\":{\"@type\":\"PropertyValueSpecification\",\"valueRequired\":true,\"valueName\":\"search_term_string\"}}],\"inLanguage\":\"fr-FR\"},{\"@type\":\"Organization\",\"@id\":\"https:\\\/\\\/www.latribunedufaso.net\\\/#organization\",\"name\":\"La Tribune du Faso\",\"url\":\"https:\\\/\\\/www.latribunedufaso.net\\\/\",\"logo\":{\"@type\":\"ImageObject\",\"inLanguage\":\"fr-FR\",\"@id\":\"https:\\\/\\\/www.latribunedufaso.net\\\/#\\\/schema\\\/logo\\\/image\\\/\",\"url\":\"https:\\\/\\\/www.latribunedufaso.net\\\/wp-content\\\/uploads\\\/2020\\\/08\\\/Logo-Tribune-du-Faso-final-scaled.jpg\",\"contentUrl\":\"https:\\\/\\\/www.latribunedufaso.net\\\/wp-content\\\/uploads\\\/2020\\\/08\\\/Logo-Tribune-du-Faso-final-scaled.jpg\",\"width\":2560,\"height\":1856,\"caption\":\"La Tribune du Faso\"},\"image\":{\"@id\":\"https:\\\/\\\/www.latribunedufaso.net\\\/#\\\/schema\\\/logo\\\/image\\\/\"},\"sameAs\":[\"https:\\\/\\\/www.facebook.com\\\/LatribuneduFaso\\\/\"]},{\"@type\":\"Person\",\"@id\":\"https:\\\/\\\/www.latribunedufaso.net\\\/#\\\/schema\\\/person\\\/e54e64c5778a7e72cf80a318b7a622b0\",\"name\":\"Issouf Tapsoba\",\"image\":{\"@type\":\"ImageObject\",\"inLanguage\":\"fr-FR\",\"@id\":\"https:\\\/\\\/secure.gravatar.com\\\/avatar\\\/5e6c05150ce3230247d167f5b94d678eb05936197436d69b7921e3a95c9107ac?s=96&d=mm&r=g\",\"url\":\"https:\\\/\\\/secure.gravatar.com\\\/avatar\\\/5e6c05150ce3230247d167f5b94d678eb05936197436d69b7921e3a95c9107ac?s=96&d=mm&r=g\",\"contentUrl\":\"https:\\\/\\\/secure.gravatar.com\\\/avatar\\\/5e6c05150ce3230247d167f5b94d678eb05936197436d69b7921e3a95c9107ac?s=96&d=mm&r=g\",\"caption\":\"Issouf Tapsoba\"},\"url\":\"https:\\\/\\\/www.latribunedufaso.net\\\/?author=5\"}]}<\/script>\n<!-- \/ Yoast SEO plugin. -->","yoast_head_json":{"title":"36e Tour du Faso : Paul Daumont propulse le Burkina sur le podium \u00e0 Boromo - La Tribune du Faso","robots":{"index":"index","follow":"follow","max-snippet":"max-snippet:-1","max-image-preview":"max-image-preview:large","max-video-preview":"max-video-preview:-1"},"canonical":"https:\/\/www.latribunedufaso.net\/?p=24483","og_locale":"fr_FR","og_type":"article","og_title":"36e Tour du Faso : Paul Daumont propulse le Burkina sur le podium \u00e0 Boromo - La Tribune du Faso","og_description":"La deuxi\u00e8me \u00e9tape du 36e Tour du Faso, courue ce samedi 25 octobre 2025 entre Koudougou et Boromo sur une distance de 156,200 km, par ailleurs la plus longue du circuit a livr\u00e9 ses r\u00e9sultats. Cette \u00e9tape \u00e2prement disput\u00e9 avec une vitesse moyenne de 41,839 Km\/h a vu la victoire du Belge Lance De Cabooter. Au classement, le Belge Lance De Cabooster, vainqueur de l\u2019\u00e9tape est porteur du maillot jaune, et le Marocain Achraf Ed-doghmy est class\u00e9 deuxi\u00e8me. Le Burkinab\u00e8 Paul Daumont s\u2019est distingu\u00e9 par une 3e place.\u00a0","og_url":"https:\/\/www.latribunedufaso.net\/?p=24483","og_site_name":"La Tribune du Faso","article_publisher":"https:\/\/www.facebook.com\/LatribuneduFaso\/","article_published_time":"2025-10-25T20:19:20+00:00","og_image":[{"width":2048,"height":1389,"url":"https:\/\/www.latribunedufaso.net\/wp-content\/uploads\/2025\/10\/FB_IMG_1761423118217.jpg","type":"image\/jpeg"}],"author":"Issouf Tapsoba","twitter_misc":{"\u00c9crit par":"Issouf Tapsoba","Dur\u00e9e de lecture estim\u00e9e":"2 minutes"},"schema":{"@context":"https:\/\/schema.org","@graph":[{"@type":"Article","@id":"https:\/\/www.latribunedufaso.net\/?p=24483#article","isPartOf":{"@id":"https:\/\/www.latribunedufaso.net\/?p=24483"},"author":{"name":"Issouf Tapsoba","@id":"https:\/\/www.latribunedufaso.net\/#\/schema\/person\/e54e64c5778a7e72cf80a318b7a622b0"},"headline":"36e Tour du Faso : Paul Daumont propulse le Burkina sur le podium \u00e0 Boromo","datePublished":"2025-10-25T20:19:20+00:00","mainEntityOfPage":{"@id":"https:\/\/www.latribunedufaso.net\/?p=24483"},"wordCount":326,"commentCount":0,"publisher":{"@id":"https:\/\/www.latribunedufaso.net\/#organization"},"image":{"@id":"https:\/\/www.latribunedufaso.net\/?p=24483#primaryimage"},"thumbnailUrl":"https:\/\/www.latribunedufaso.net\/wp-content\/uploads\/2025\/10\/FB_IMG_1761423118217.jpg","keywords":["cyclisme","latribunedufaso.net","Paul Daumont","Tour du Faso"],"articleSection":["A la une","Actualit\u00e9","Sport"],"inLanguage":"fr-FR","potentialAction":[{"@type":"CommentAction","name":"Comment","target":["https:\/\/www.latribunedufaso.net\/?p=24483#respond"]}]},{"@type":"WebPage","@id":"https:\/\/www.latribunedufaso.net\/?p=24483","url":"https:\/\/www.latribunedufaso.net\/?p=24483","name":"36e Tour du Faso : Paul Daumont propulse le Burkina sur le podium \u00e0 Boromo - La Tribune du Faso","isPartOf":{"@id":"https:\/\/www.latribunedufaso.net\/#website"},"primaryImageOfPage":{"@id":"https:\/\/www.latribunedufaso.net\/?p=24483#primaryimage"},"image":{"@id":"https:\/\/www.latribunedufaso.net\/?p=24483#primaryimage"},"thumbnailUrl":"https:\/\/www.latribunedufaso.net\/wp-content\/uploads\/2025\/10\/FB_IMG_1761423118217.jpg","datePublished":"2025-10-25T20:19:20+00:00","breadcrumb":{"@id":"https:\/\/www.latribunedufaso.net\/?p=24483#breadcrumb"},"inLanguage":"fr-FR","potentialAction":[{"@type":"ReadAction","target":["https:\/\/www.latribunedufaso.net\/?p=24483"]}]},{"@type":"ImageObject","inLanguage":"fr-FR","@id":"https:\/\/www.latribunedufaso.net\/?p=24483#primaryimage","url":"https:\/\/www.latribunedufaso.net\/wp-content\/uploads\/2025\/10\/FB_IMG_1761423118217.jpg","contentUrl":"https:\/\/www.latribunedufaso.net\/wp-content\/uploads\/2025\/10\/FB_IMG_1761423118217.jpg","width":2048,"height":1389,"caption":"Les r\u00e9sultats de la 2e \u00e9tape du Tour du Faso, 25 octobre 2025 (Koudougou -Boromo)"},{"@type":"BreadcrumbList","@id":"https:\/\/www.latribunedufaso.net\/?p=24483#breadcrumb","itemListElement":[{"@type":"ListItem","position":1,"name":"Accueil","item":"https:\/\/www.latribunedufaso.net\/"},{"@type":"ListItem","position":2,"name":"36e Tour du Faso : Paul Daumont propulse le Burkina sur le podium \u00e0 Boromo"}]},{"@type":"WebSite","@id":"https:\/\/www.latribunedufaso.net\/#website","url":"https:\/\/www.latribunedufaso.net\/","name":"La Tribune du Faso","description":"L&#039;information du monde rural en un clic","publisher":{"@id":"https:\/\/www.latribunedufaso.net\/#organization"},"potentialAction":[{"@type":"SearchAction","target":{"@type":"EntryPoint","urlTemplate":"https:\/\/www.latribunedufaso.net\/?s={search_term_string}"},"query-input":{"@type":"PropertyValueSpecification","valueRequired":true,"valueName":"search_term_string"}}],"inLanguage":"fr-FR"},{"@type":"Organization","@id":"https:\/\/www.latribunedufaso.net\/#organization","name":"La Tribune du Faso","url":"https:\/\/www.latribunedufaso.net\/","logo":{"@type":"ImageObject","inLanguage":"fr-FR","@id":"https:\/\/www.latribunedufaso.net\/#\/schema\/logo\/image\/","url":"https:\/\/www.latribunedufaso.net\/wp-content\/uploads\/2020\/08\/Logo-Tribune-du-Faso-final-scaled.jpg","contentUrl":"https:\/\/www.latribunedufaso.net\/wp-content\/uploads\/2020\/08\/Logo-Tribune-du-Faso-final-scaled.jpg","width":2560,"height":1856,"caption":"La Tribune du Faso"},"image":{"@id":"https:\/\/www.latribunedufaso.net\/#\/schema\/logo\/image\/"},"sameAs":["https:\/\/www.facebook.com\/LatribuneduFaso\/"]},{"@type":"Person","@id":"https:\/\/www.latribunedufaso.net\/#\/schema\/person\/e54e64c5778a7e72cf80a318b7a622b0","name":"Issouf Tapsoba","image":{"@type":"ImageObject","inLanguage":"fr-FR","@id":"https:\/\/secure.gravatar.com\/avatar\/5e6c05150ce3230247d167f5b94d678eb05936197436d69b7921e3a95c9107ac?s=96&d=mm&r=g","url":"https:\/\/secure.gravatar.com\/avatar\/5e6c05150ce3230247d167f5b94d678eb05936197436d69b7921e3a95c9107ac?s=96&d=mm&r=g","contentUrl":"https:\/\/secure.gravatar.com\/avatar\/5e6c05150ce3230247d167f5b94d678eb05936197436d69b7921e3a95c9107ac?s=96&d=mm&r=g","caption":"Issouf Tapsoba"},"url":"https:\/\/www.latribunedufaso.net\/?author=5"}]}},"_links":{"self":[{"href":"https:\/\/www.latribunedufaso.net\/index.php?rest_route=\/wp\/v2\/posts\/24483","targetHints":{"allow":["GET"]}}],"collection":[{"href":"https:\/\/www.latribunedufaso.net\/index.php?rest_route=\/wp\/v2\/posts"}],"about":[{"href":"https:\/\/www.latribunedufaso.net\/index.php?rest_route=\/wp\/v2\/types\/post"}],"author":[{"embeddable":true,"href":"https:\/\/www.latribunedufaso.net\/index.php?rest_route=\/wp\/v2\/users\/5"}],"replies":[{"embeddable":true,"href":"https:\/\/www.latribunedufaso.net\/index.php?rest_route=%2Fwp%2Fv2%2Fcomments&post=24483"}],"version-history":[{"count":2,"href":"https:\/\/www.latribunedufaso.net\/index.php?rest_route=\/wp\/v2\/posts\/24483\/revisions"}],"predecessor-version":[{"id":24489,"href":"https:\/\/www.latribunedufaso.net\/index.php?rest_route=\/wp\/v2\/posts\/24483\/revisions\/24489"}],"wp:featuredmedia":[{"embeddable":true,"href":"https:\/\/www.latribunedufaso.net\/index.php?rest_route=\/wp\/v2\/media\/24485"}],"wp:attachment":[{"href":"https:\/\/www.latribunedufaso.net\/index.php?rest_route=%2Fwp%2Fv2%2Fmedia&parent=24483"}],"wp:term":[{"taxonomy":"category","embeddable":true,"href":"https:\/\/www.latribunedufaso.net\/index.php?rest_route=%2Fwp%2Fv2%2Fcategories&post=24483"},{"taxonomy":"post_tag","embeddable":true,"href":"https:\/\/www.latribunedufaso.net\/index.php?rest_route=%2Fwp%2Fv2%2Ftags&post=24483"}],"curies":[{"name":"wp","href":"https:\/\/api.w.org\/{rel}","templated":true}]}}