{"id":24468,"date":"2025-10-22T16:26:11","date_gmt":"2025-10-22T16:26:11","guid":{"rendered":"https:\/\/www.latribunedufaso.net\/?p=24468"},"modified":"2025-10-25T02:19:18","modified_gmt":"2025-10-25T02:19:18","slug":"15e-edition-du-frsit-le-president-ibrahim-traore-appelle-les-chercheurs-a-sengager-pour-la-relance-industrielle","status":"publish","type":"post","link":"https:\/\/www.latribunedufaso.net\/?p=24468","title":{"rendered":"15e \u00e9dition du FRSIT : Le Pr\u00e9sident Ibrahim Traor\u00e9 appelle les chercheurs \u00e0 s\u2019engager pour la relance industrielle"},"content":{"rendered":"<p><strong>Le Pr\u00e9sident du Faso, le Capitaine Ibrahim Traor\u00e9, a pr\u00e9sid\u00e9 ce mercredi 22 octobre 2025 \u00e0 Ouagadougou, la c\u00e9r\u00e9monie d\u2019ouverture officielle de la 15\u1d49 \u00e9dition du Forum national de la recherche scientifique et des innovations technologiques (FRSIT). Plac\u00e9e sous le th\u00e8me <em>\u00ab Quelles contributions des technologies, inventions et innovations, dans un contexte de relance d\u2019industrialisation \u00bb<\/em>, cette \u00e9dition met le Mali \u00e0 l\u2019honneur en tant que pays invit\u00e9.<\/strong><!--more--><\/p>\n<p>S\u2019adressant aux chercheurs africains, et plus particuli\u00e8rement \u00e0 ceux du Burkina Faso, le Pr\u00e9sident Ibrahim Traor\u00e9 a salu\u00e9 les efforts du monde scientifique et innovateur. <em><strong>\u00ab Je tenais \u00e0 f\u00e9liciter tous les chercheurs, les enseignants-chercheurs, les inventeurs et les innovateurs pour tout le travail d\u00e9j\u00e0 abattu malgr\u00e9 les difficult\u00e9s \u00bb<\/strong><\/em>, a-t-il d\u00e9clar\u00e9.<\/p>\n<figure id=\"attachment_24472\" aria-describedby=\"caption-attachment-24472\" style=\"width: 1200px\" class=\"wp-caption aligncenter\"><a href=\"https:\/\/www.latribunedufaso.net\/wp-content\/uploads\/2025\/10\/FB_IMG_1761356309798.jpg\"><img loading=\"lazy\" decoding=\"async\" class=\"size-full wp-image-24472\" src=\"https:\/\/www.latribunedufaso.net\/wp-content\/uploads\/2025\/10\/FB_IMG_1761356309798.jpg\" alt=\"C\u00e9r\u00e9monie de lancement de la 15e \u00e9dition du FRSIT, 22 octobre 2025\" width=\"1200\" height=\"1023\" srcset=\"https:\/\/www.latribunedufaso.net\/wp-content\/uploads\/2025\/10\/FB_IMG_1761356309798.jpg 1200w, https:\/\/www.latribunedufaso.net\/wp-content\/uploads\/2025\/10\/FB_IMG_1761356309798-300x256.jpg 300w, https:\/\/www.latribunedufaso.net\/wp-content\/uploads\/2025\/10\/FB_IMG_1761356309798-1024x873.jpg 1024w, https:\/\/www.latribunedufaso.net\/wp-content\/uploads\/2025\/10\/FB_IMG_1761356309798-768x655.jpg 768w\" sizes=\"auto, (max-width: 1200px) 100vw, 1200px\" \/><\/a><figcaption id=\"caption-attachment-24472\" class=\"wp-caption-text\">Le Pr\u00e9sident du Faso, le Capitaine Ibrahim Traor\u00e9 &#8211; Ph. DR<\/figcaption><\/figure>\n<p>Dans son allocution, le Chef de l\u2019\u00c9tat a rappel\u00e9 que la R\u00e9volution Progressiste Populaire (RPP) touche tous les domaines, y compris la recherche et l\u2019innovation. Il a invit\u00e9 les Burkinab\u00e8 \u00e0 red\u00e9couvrir la valeur du travail, d\u00e9non\u00e7ant la paresse et la d\u00e9pendance vis-\u00e0-vis de mod\u00e8les ext\u00e9rieurs. <em><strong>\u00ab Certes, on nous a amen\u00e9 des concepts disant qu\u2019un homme ne doit pas travailler plus de huit heures par jour. Nous avons adopt\u00e9 cela, mais il faut s\u2019en d\u00e9partir. C\u2019est \u00e7a aussi la r\u00e9volution \u00bb<\/strong><\/em>, a-t-il soulign\u00e9, citant en exemple des entreprises nationales capables aujourd\u2019hui de r\u00e9aliser en un mois ce qui prenait auparavant pr\u00e8s d\u2019un an.<\/p>\n<figure id=\"attachment_24469\" aria-describedby=\"caption-attachment-24469\" style=\"width: 1200px\" class=\"wp-caption aligncenter\"><a href=\"https:\/\/www.latribunedufaso.net\/wp-content\/uploads\/2025\/10\/FB_IMG_1761356330326.jpg\"><img loading=\"lazy\" decoding=\"async\" class=\"size-full wp-image-24469\" src=\"https:\/\/www.latribunedufaso.net\/wp-content\/uploads\/2025\/10\/FB_IMG_1761356330326.jpg\" alt=\"C\u00e9r\u00e9monie de lancement de la 15e \u00e9dition du FRSIT, 22 octobre 2025\" width=\"1200\" height=\"866\" srcset=\"https:\/\/www.latribunedufaso.net\/wp-content\/uploads\/2025\/10\/FB_IMG_1761356330326.jpg 1200w, https:\/\/www.latribunedufaso.net\/wp-content\/uploads\/2025\/10\/FB_IMG_1761356330326-300x217.jpg 300w, https:\/\/www.latribunedufaso.net\/wp-content\/uploads\/2025\/10\/FB_IMG_1761356330326-1024x739.jpg 1024w, https:\/\/www.latribunedufaso.net\/wp-content\/uploads\/2025\/10\/FB_IMG_1761356330326-768x554.jpg 768w, https:\/\/www.latribunedufaso.net\/wp-content\/uploads\/2025\/10\/FB_IMG_1761356330326-90x65.jpg 90w\" sizes=\"auto, (max-width: 1200px) 100vw, 1200px\" \/><\/a><figcaption id=\"caption-attachment-24469\" class=\"wp-caption-text\">Une vue des participants \u00e0 la c\u00e9r\u00e9monie &#8211; Ph. DR<\/figcaption><\/figure>\n<p>Enfin, le Capitaine Ibrahim Traor\u00e9 a par ailleurs exhort\u00e9 les chercheurs burkinab\u00e8 install\u00e9s \u00e0 l\u2019\u00e9tranger \u00e0 revenir participer \u00e0 la construction nationale. <em><strong>\u00ab Dieu nous a cr\u00e9\u00e9s tous avec des cerveaux autant qu\u2019eux. Ceux qui se distinguent par leur intelligence sont souvent p\u00each\u00e9s par les imp\u00e9rialistes pour aller travailler pour eux. Nous exhortons ceux qui veulent revenir \u00e0 revenir travailler ici. \u00bb,<\/strong><\/em> a exhort\u00e9 le Capitaine Ibrahim Traor\u00e9.\u00a0<\/p>\n<figure id=\"attachment_24471\" aria-describedby=\"caption-attachment-24471\" style=\"width: 1200px\" class=\"wp-caption aligncenter\"><a href=\"https:\/\/www.latribunedufaso.net\/wp-content\/uploads\/2025\/10\/FB_IMG_1761356314020.jpg\"><img loading=\"lazy\" decoding=\"async\" class=\"size-full wp-image-24471\" src=\"https:\/\/www.latribunedufaso.net\/wp-content\/uploads\/2025\/10\/FB_IMG_1761356314020.jpg\" alt=\"C\u00e9r\u00e9monie de lancement de la 15e \u00e9dition du FRSIT, 22 octobre 2025\" width=\"1200\" height=\"1194\" srcset=\"https:\/\/www.latribunedufaso.net\/wp-content\/uploads\/2025\/10\/FB_IMG_1761356314020.jpg 1200w, https:\/\/www.latribunedufaso.net\/wp-content\/uploads\/2025\/10\/FB_IMG_1761356314020-300x300.jpg 300w, https:\/\/www.latribunedufaso.net\/wp-content\/uploads\/2025\/10\/FB_IMG_1761356314020-1024x1019.jpg 1024w, https:\/\/www.latribunedufaso.net\/wp-content\/uploads\/2025\/10\/FB_IMG_1761356314020-150x150.jpg 150w, https:\/\/www.latribunedufaso.net\/wp-content\/uploads\/2025\/10\/FB_IMG_1761356314020-768x764.jpg 768w\" sizes=\"auto, (max-width: 1200px) 100vw, 1200px\" \/><\/a><figcaption id=\"caption-attachment-24471\" class=\"wp-caption-text\">Le ministre de l\u2019Enseignement sup\u00e9rieur, de la Recherche et de l\u2019Innovation, Pr Adjima Thiombiano &#8211; Ph. DR<\/figcaption><\/figure>\n<p>Le ministre de l\u2019Enseignement sup\u00e9rieur, de la Recherche et de l\u2019Innovation, Pr Adjima Thiombiano, a pour sa part insist\u00e9 sur la pertinence du th\u00e8me de cette \u00e9dition. Selon lui, la recherche doit d\u00e9sormais occuper une place centrale dans le processus d\u2019industrialisation. <em><strong>\u00ab Nous avons des chercheurs talentueux, des r\u00e9sultats originaux et porteurs d\u2019espoir. Mais la question demeure : quel est le niveau de valorisation de ces r\u00e9sultats ? \u00bb<\/strong><\/em>, s\u2019est interrog\u00e9 le ministre.<\/p>\n<blockquote>\n<p>Lire aussi &gt;&gt; <a href=\"https:\/\/www.latribunedufaso.net\/?p=9932\">14e \u00e9dition du FRSIT : Quelle est la contribution de la recherche et de l\u2019innovation pour des solutions durables ?<\/a><\/p>\n<\/blockquote>\n<p>Pour le Pr Thiombiano, il est temps de connecter les chercheurs et les industriels, <em><strong>\u00ab deux maillons essentiels du d\u00e9veloppement \u00e9conomique \u00bb<\/strong><\/em>. Le FRSIT constitue \u00e0 cet effet une vitrine pour d\u00e9montrer que le secteur priv\u00e9 peut s\u2019\u00e9panouir gr\u00e2ce aux r\u00e9sultats de la recherche nationale. Il a \u00e9galement \u00e9voqu\u00e9 la volont\u00e9 de cr\u00e9er un cadre r\u00e9gional AES-Togo pour f\u00e9d\u00e9rer les efforts scientifiques et r\u00e9pondre aux d\u00e9fis communs des pays africains.<\/p>\n<figure id=\"attachment_24477\" aria-describedby=\"caption-attachment-24477\" style=\"width: 2560px\" class=\"wp-caption aligncenter\"><a href=\"https:\/\/www.latribunedufaso.net\/wp-content\/uploads\/2025\/10\/IMG-20251025-WA0007.jpg\"><img loading=\"lazy\" decoding=\"async\" class=\"size-full wp-image-24477\" src=\"https:\/\/www.latribunedufaso.net\/wp-content\/uploads\/2025\/10\/IMG-20251025-WA0007.jpg\" alt=\"C\u00e9r\u00e9monie de lancement de la 15e \u00e9dition du FRSIT, 22 octobre 2025\" width=\"2560\" height=\"1729\" srcset=\"https:\/\/www.latribunedufaso.net\/wp-content\/uploads\/2025\/10\/IMG-20251025-WA0007.jpg 2560w, https:\/\/www.latribunedufaso.net\/wp-content\/uploads\/2025\/10\/IMG-20251025-WA0007-300x203.jpg 300w, https:\/\/www.latribunedufaso.net\/wp-content\/uploads\/2025\/10\/IMG-20251025-WA0007-1024x692.jpg 1024w, https:\/\/www.latribunedufaso.net\/wp-content\/uploads\/2025\/10\/IMG-20251025-WA0007-768x519.jpg 768w, https:\/\/www.latribunedufaso.net\/wp-content\/uploads\/2025\/10\/IMG-20251025-WA0007-1536x1037.jpg 1536w, https:\/\/www.latribunedufaso.net\/wp-content\/uploads\/2025\/10\/IMG-20251025-WA0007-2048x1383.jpg 2048w, https:\/\/www.latribunedufaso.net\/wp-content\/uploads\/2025\/10\/IMG-20251025-WA0007-120x80.jpg 120w\" sizes=\"auto, (max-width: 2560px) 100vw, 2560px\" \/><\/a><figcaption id=\"caption-attachment-24477\" class=\"wp-caption-text\">Le ministre togolais de l\u2019Enseignement primaire, secondaire et technique, Pr Gado Tchangbedji &#8211; Ph. N. Ouattara<\/figcaption><\/figure>\n<p>Le ministre togolais de l\u2019Enseignement primaire, secondaire et technique, Pr Gado Tchangbedji, a salu\u00e9 pour sa part l\u2019importance du FRSIT, qu\u2019il a qualifi\u00e9 de plateforme de visibilit\u00e9 et de coop\u00e9ration scientifique africaine.<\/p>\n<p><em><strong>\u00ab De tels forums nous permettent de nous r\u00e9unir, de mutualiser nos exp\u00e9riences et de consolider la vision de nos chefs d\u2019\u00c9tat en faveur d\u2019une transformation structurelle de nos \u00e9conomies fond\u00e9e sur nos potentialit\u00e9s naturelles \u00bb<\/strong><\/em>, a-t-il d\u00e9clar\u00e9.<\/p>\n<p><strong>Nabintou OUATTARA\u00a0<\/strong><\/p>\n<p><strong>Latribunedufaso.net\u00a0<\/strong><\/p>\n","protected":false},"excerpt":{"rendered":"<p>Le Pr\u00e9sident du Faso, le Capitaine Ibrahim Traor\u00e9, a pr\u00e9sid\u00e9 ce mercredi 22 octobre 2025 \u00e0 Ouagadougou, la c\u00e9r\u00e9monie d\u2019ouverture officielle de la 15\u1d49 \u00e9dition du Forum national de la recherche scientifique et des innovations technologiques (FRSIT). Plac\u00e9e sous le th\u00e8me \u00ab Quelles contributions des technologies, inventions et innovations, dans un contexte de relance d\u2019industrialisation \u00bb, cette \u00e9dition met le Mali \u00e0 l\u2019honneur en tant que pays invit\u00e9.<\/p>\n","protected":false},"author":5,"featured_media":24473,"comment_status":"open","ping_status":"open","sticky":false,"template":"","format":"standard","meta":{"footnotes":""},"categories":[13,1,8],"tags":[1570,39,1571,175,1710],"class_list":["post-24468","post","type-post","status-publish","format-standard","has-post-thumbnail","hentry","category-une","category-actu","category-societe","tag-frsit","tag-latribunedufaso-net","tag-recherche-et-innovation","tag-recherche-scientifique","tag-valorisation-des-resultats-de-recherche"],"yoast_head":"<!-- This site is optimized with the Yoast SEO plugin v27.4 - https:\/\/yoast.com\/product\/yoast-seo-wordpress\/ -->\n<title>15e \u00e9dition du FRSIT : Le Pr\u00e9sident Ibrahim Traor\u00e9 appelle les chercheurs \u00e0 s\u2019engager pour la relance industrielle - La Tribune du Faso<\/title>\n<meta name=\"robots\" content=\"index, follow, max-snippet:-1, max-image-preview:large, max-video-preview:-1\" \/>\n<link rel=\"canonical\" href=\"https:\/\/www.latribunedufaso.net\/?p=24468\" \/>\n<meta property=\"og:locale\" content=\"fr_FR\" \/>\n<meta property=\"og:type\" content=\"article\" \/>\n<meta property=\"og:title\" content=\"15e \u00e9dition du FRSIT : Le Pr\u00e9sident Ibrahim Traor\u00e9 appelle les chercheurs \u00e0 s\u2019engager pour la relance industrielle - La Tribune du Faso\" \/>\n<meta property=\"og:description\" content=\"Le Pr\u00e9sident du Faso, le Capitaine Ibrahim Traor\u00e9, a pr\u00e9sid\u00e9 ce mercredi 22 octobre 2025 \u00e0 Ouagadougou, la c\u00e9r\u00e9monie d\u2019ouverture officielle de la 15\u1d49 \u00e9dition du Forum national de la recherche scientifique et des innovations technologiques (FRSIT). Plac\u00e9e sous le th\u00e8me \u00ab Quelles contributions des technologies, inventions et innovations, dans un contexte de relance d\u2019industrialisation \u00bb, cette \u00e9dition met le Mali \u00e0 l\u2019honneur en tant que pays invit\u00e9.\" \/>\n<meta property=\"og:url\" content=\"https:\/\/www.latribunedufaso.net\/?p=24468\" \/>\n<meta property=\"og:site_name\" content=\"La Tribune du Faso\" \/>\n<meta property=\"article:publisher\" content=\"https:\/\/www.facebook.com\/LatribuneduFaso\/\" \/>\n<meta property=\"article:published_time\" content=\"2025-10-22T16:26:11+00:00\" \/>\n<meta property=\"article:modified_time\" content=\"2025-10-25T02:19:18+00:00\" \/>\n<meta property=\"og:image\" content=\"https:\/\/www.latribunedufaso.net\/wp-content\/uploads\/2025\/10\/FB_IMG_1761356338279.jpg\" \/>\n\t<meta property=\"og:image:width\" content=\"2048\" \/>\n\t<meta property=\"og:image:height\" content=\"1260\" \/>\n\t<meta property=\"og:image:type\" content=\"image\/jpeg\" \/>\n<meta name=\"author\" content=\"Issouf Tapsoba\" \/>\n<meta name=\"twitter:label1\" content=\"\u00c9crit par\" \/>\n\t<meta name=\"twitter:data1\" content=\"Issouf Tapsoba\" \/>\n\t<meta name=\"twitter:label2\" content=\"Dur\u00e9e de lecture estim\u00e9e\" \/>\n\t<meta name=\"twitter:data2\" content=\"3 minutes\" \/>\n<script type=\"application\/ld+json\" class=\"yoast-schema-graph\">{\"@context\":\"https:\\\/\\\/schema.org\",\"@graph\":[{\"@type\":\"Article\",\"@id\":\"https:\\\/\\\/www.latribunedufaso.net\\\/?p=24468#article\",\"isPartOf\":{\"@id\":\"https:\\\/\\\/www.latribunedufaso.net\\\/?p=24468\"},\"author\":{\"name\":\"Issouf Tapsoba\",\"@id\":\"https:\\\/\\\/www.latribunedufaso.net\\\/#\\\/schema\\\/person\\\/e54e64c5778a7e72cf80a318b7a622b0\"},\"headline\":\"15e \u00e9dition du FRSIT : Le Pr\u00e9sident Ibrahim Traor\u00e9 appelle les chercheurs \u00e0 s\u2019engager pour la relance industrielle\",\"datePublished\":\"2025-10-22T16:26:11+00:00\",\"dateModified\":\"2025-10-25T02:19:18+00:00\",\"mainEntityOfPage\":{\"@id\":\"https:\\\/\\\/www.latribunedufaso.net\\\/?p=24468\"},\"wordCount\":683,\"commentCount\":0,\"publisher\":{\"@id\":\"https:\\\/\\\/www.latribunedufaso.net\\\/#organization\"},\"image\":{\"@id\":\"https:\\\/\\\/www.latribunedufaso.net\\\/?p=24468#primaryimage\"},\"thumbnailUrl\":\"https:\\\/\\\/www.latribunedufaso.net\\\/wp-content\\\/uploads\\\/2025\\\/10\\\/FB_IMG_1761356338279.jpg\",\"keywords\":[\"FRSIT\",\"latribunedufaso.net\",\"Recherche et innovation\",\"recherche scientifique\",\"Valorisation des r\u00e9sultats de recherche\"],\"articleSection\":[\"A la une\",\"Actualit\u00e9\",\"Soci\u00e9t\u00e9\"],\"inLanguage\":\"fr-FR\",\"potentialAction\":[{\"@type\":\"CommentAction\",\"name\":\"Comment\",\"target\":[\"https:\\\/\\\/www.latribunedufaso.net\\\/?p=24468#respond\"]}]},{\"@type\":\"WebPage\",\"@id\":\"https:\\\/\\\/www.latribunedufaso.net\\\/?p=24468\",\"url\":\"https:\\\/\\\/www.latribunedufaso.net\\\/?p=24468\",\"name\":\"15e \u00e9dition du FRSIT : Le Pr\u00e9sident Ibrahim Traor\u00e9 appelle les chercheurs \u00e0 s\u2019engager pour la relance industrielle - La Tribune du Faso\",\"isPartOf\":{\"@id\":\"https:\\\/\\\/www.latribunedufaso.net\\\/#website\"},\"primaryImageOfPage\":{\"@id\":\"https:\\\/\\\/www.latribunedufaso.net\\\/?p=24468#primaryimage\"},\"image\":{\"@id\":\"https:\\\/\\\/www.latribunedufaso.net\\\/?p=24468#primaryimage\"},\"thumbnailUrl\":\"https:\\\/\\\/www.latribunedufaso.net\\\/wp-content\\\/uploads\\\/2025\\\/10\\\/FB_IMG_1761356338279.jpg\",\"datePublished\":\"2025-10-22T16:26:11+00:00\",\"dateModified\":\"2025-10-25T02:19:18+00:00\",\"breadcrumb\":{\"@id\":\"https:\\\/\\\/www.latribunedufaso.net\\\/?p=24468#breadcrumb\"},\"inLanguage\":\"fr-FR\",\"potentialAction\":[{\"@type\":\"ReadAction\",\"target\":[\"https:\\\/\\\/www.latribunedufaso.net\\\/?p=24468\"]}]},{\"@type\":\"ImageObject\",\"inLanguage\":\"fr-FR\",\"@id\":\"https:\\\/\\\/www.latribunedufaso.net\\\/?p=24468#primaryimage\",\"url\":\"https:\\\/\\\/www.latribunedufaso.net\\\/wp-content\\\/uploads\\\/2025\\\/10\\\/FB_IMG_1761356338279.jpg\",\"contentUrl\":\"https:\\\/\\\/www.latribunedufaso.net\\\/wp-content\\\/uploads\\\/2025\\\/10\\\/FB_IMG_1761356338279.jpg\",\"width\":2048,\"height\":1260,\"caption\":\"C\u00e9r\u00e9monie de lancement de la 15e \u00e9dition du FRSIT, 22 octobre 2025\"},{\"@type\":\"BreadcrumbList\",\"@id\":\"https:\\\/\\\/www.latribunedufaso.net\\\/?p=24468#breadcrumb\",\"itemListElement\":[{\"@type\":\"ListItem\",\"position\":1,\"name\":\"Accueil\",\"item\":\"https:\\\/\\\/www.latribunedufaso.net\\\/\"},{\"@type\":\"ListItem\",\"position\":2,\"name\":\"15e \u00e9dition du FRSIT : Le Pr\u00e9sident Ibrahim Traor\u00e9 appelle les chercheurs \u00e0 s\u2019engager pour la relance industrielle\"}]},{\"@type\":\"WebSite\",\"@id\":\"https:\\\/\\\/www.latribunedufaso.net\\\/#website\",\"url\":\"https:\\\/\\\/www.latribunedufaso.net\\\/\",\"name\":\"La Tribune du Faso\",\"description\":\"L&#039;information du monde rural en un clic\",\"publisher\":{\"@id\":\"https:\\\/\\\/www.latribunedufaso.net\\\/#organization\"},\"potentialAction\":[{\"@type\":\"SearchAction\",\"target\":{\"@type\":\"EntryPoint\",\"urlTemplate\":\"https:\\\/\\\/www.latribunedufaso.net\\\/?s={search_term_string}\"},\"query-input\":{\"@type\":\"PropertyValueSpecification\",\"valueRequired\":true,\"valueName\":\"search_term_string\"}}],\"inLanguage\":\"fr-FR\"},{\"@type\":\"Organization\",\"@id\":\"https:\\\/\\\/www.latribunedufaso.net\\\/#organization\",\"name\":\"La Tribune du Faso\",\"url\":\"https:\\\/\\\/www.latribunedufaso.net\\\/\",\"logo\":{\"@type\":\"ImageObject\",\"inLanguage\":\"fr-FR\",\"@id\":\"https:\\\/\\\/www.latribunedufaso.net\\\/#\\\/schema\\\/logo\\\/image\\\/\",\"url\":\"https:\\\/\\\/www.latribunedufaso.net\\\/wp-content\\\/uploads\\\/2020\\\/08\\\/Logo-Tribune-du-Faso-final-scaled.jpg\",\"contentUrl\":\"https:\\\/\\\/www.latribunedufaso.net\\\/wp-content\\\/uploads\\\/2020\\\/08\\\/Logo-Tribune-du-Faso-final-scaled.jpg\",\"width\":2560,\"height\":1856,\"caption\":\"La Tribune du Faso\"},\"image\":{\"@id\":\"https:\\\/\\\/www.latribunedufaso.net\\\/#\\\/schema\\\/logo\\\/image\\\/\"},\"sameAs\":[\"https:\\\/\\\/www.facebook.com\\\/LatribuneduFaso\\\/\"]},{\"@type\":\"Person\",\"@id\":\"https:\\\/\\\/www.latribunedufaso.net\\\/#\\\/schema\\\/person\\\/e54e64c5778a7e72cf80a318b7a622b0\",\"name\":\"Issouf Tapsoba\",\"image\":{\"@type\":\"ImageObject\",\"inLanguage\":\"fr-FR\",\"@id\":\"https:\\\/\\\/secure.gravatar.com\\\/avatar\\\/5e6c05150ce3230247d167f5b94d678eb05936197436d69b7921e3a95c9107ac?s=96&d=mm&r=g\",\"url\":\"https:\\\/\\\/secure.gravatar.com\\\/avatar\\\/5e6c05150ce3230247d167f5b94d678eb05936197436d69b7921e3a95c9107ac?s=96&d=mm&r=g\",\"contentUrl\":\"https:\\\/\\\/secure.gravatar.com\\\/avatar\\\/5e6c05150ce3230247d167f5b94d678eb05936197436d69b7921e3a95c9107ac?s=96&d=mm&r=g\",\"caption\":\"Issouf Tapsoba\"},\"url\":\"https:\\\/\\\/www.latribunedufaso.net\\\/?author=5\"}]}<\/script>\n<!-- \/ Yoast SEO plugin. -->","yoast_head_json":{"title":"15e \u00e9dition du FRSIT : Le Pr\u00e9sident Ibrahim Traor\u00e9 appelle les chercheurs \u00e0 s\u2019engager pour la relance industrielle - La Tribune du Faso","robots":{"index":"index","follow":"follow","max-snippet":"max-snippet:-1","max-image-preview":"max-image-preview:large","max-video-preview":"max-video-preview:-1"},"canonical":"https:\/\/www.latribunedufaso.net\/?p=24468","og_locale":"fr_FR","og_type":"article","og_title":"15e \u00e9dition du FRSIT : Le Pr\u00e9sident Ibrahim Traor\u00e9 appelle les chercheurs \u00e0 s\u2019engager pour la relance industrielle - La Tribune du Faso","og_description":"Le Pr\u00e9sident du Faso, le Capitaine Ibrahim Traor\u00e9, a pr\u00e9sid\u00e9 ce mercredi 22 octobre 2025 \u00e0 Ouagadougou, la c\u00e9r\u00e9monie d\u2019ouverture officielle de la 15\u1d49 \u00e9dition du Forum national de la recherche scientifique et des innovations technologiques (FRSIT). Plac\u00e9e sous le th\u00e8me \u00ab Quelles contributions des technologies, inventions et innovations, dans un contexte de relance d\u2019industrialisation \u00bb, cette \u00e9dition met le Mali \u00e0 l\u2019honneur en tant que pays invit\u00e9.","og_url":"https:\/\/www.latribunedufaso.net\/?p=24468","og_site_name":"La Tribune du Faso","article_publisher":"https:\/\/www.facebook.com\/LatribuneduFaso\/","article_published_time":"2025-10-22T16:26:11+00:00","article_modified_time":"2025-10-25T02:19:18+00:00","og_image":[{"width":2048,"height":1260,"url":"https:\/\/www.latribunedufaso.net\/wp-content\/uploads\/2025\/10\/FB_IMG_1761356338279.jpg","type":"image\/jpeg"}],"author":"Issouf Tapsoba","twitter_misc":{"\u00c9crit par":"Issouf Tapsoba","Dur\u00e9e de lecture estim\u00e9e":"3 minutes"},"schema":{"@context":"https:\/\/schema.org","@graph":[{"@type":"Article","@id":"https:\/\/www.latribunedufaso.net\/?p=24468#article","isPartOf":{"@id":"https:\/\/www.latribunedufaso.net\/?p=24468"},"author":{"name":"Issouf Tapsoba","@id":"https:\/\/www.latribunedufaso.net\/#\/schema\/person\/e54e64c5778a7e72cf80a318b7a622b0"},"headline":"15e \u00e9dition du FRSIT : Le Pr\u00e9sident Ibrahim Traor\u00e9 appelle les chercheurs \u00e0 s\u2019engager pour la relance industrielle","datePublished":"2025-10-22T16:26:11+00:00","dateModified":"2025-10-25T02:19:18+00:00","mainEntityOfPage":{"@id":"https:\/\/www.latribunedufaso.net\/?p=24468"},"wordCount":683,"commentCount":0,"publisher":{"@id":"https:\/\/www.latribunedufaso.net\/#organization"},"image":{"@id":"https:\/\/www.latribunedufaso.net\/?p=24468#primaryimage"},"thumbnailUrl":"https:\/\/www.latribunedufaso.net\/wp-content\/uploads\/2025\/10\/FB_IMG_1761356338279.jpg","keywords":["FRSIT","latribunedufaso.net","Recherche et innovation","recherche scientifique","Valorisation des r\u00e9sultats de recherche"],"articleSection":["A la une","Actualit\u00e9","Soci\u00e9t\u00e9"],"inLanguage":"fr-FR","potentialAction":[{"@type":"CommentAction","name":"Comment","target":["https:\/\/www.latribunedufaso.net\/?p=24468#respond"]}]},{"@type":"WebPage","@id":"https:\/\/www.latribunedufaso.net\/?p=24468","url":"https:\/\/www.latribunedufaso.net\/?p=24468","name":"15e \u00e9dition du FRSIT : Le Pr\u00e9sident Ibrahim Traor\u00e9 appelle les chercheurs \u00e0 s\u2019engager pour la relance industrielle - La Tribune du Faso","isPartOf":{"@id":"https:\/\/www.latribunedufaso.net\/#website"},"primaryImageOfPage":{"@id":"https:\/\/www.latribunedufaso.net\/?p=24468#primaryimage"},"image":{"@id":"https:\/\/www.latribunedufaso.net\/?p=24468#primaryimage"},"thumbnailUrl":"https:\/\/www.latribunedufaso.net\/wp-content\/uploads\/2025\/10\/FB_IMG_1761356338279.jpg","datePublished":"2025-10-22T16:26:11+00:00","dateModified":"2025-10-25T02:19:18+00:00","breadcrumb":{"@id":"https:\/\/www.latribunedufaso.net\/?p=24468#breadcrumb"},"inLanguage":"fr-FR","potentialAction":[{"@type":"ReadAction","target":["https:\/\/www.latribunedufaso.net\/?p=24468"]}]},{"@type":"ImageObject","inLanguage":"fr-FR","@id":"https:\/\/www.latribunedufaso.net\/?p=24468#primaryimage","url":"https:\/\/www.latribunedufaso.net\/wp-content\/uploads\/2025\/10\/FB_IMG_1761356338279.jpg","contentUrl":"https:\/\/www.latribunedufaso.net\/wp-content\/uploads\/2025\/10\/FB_IMG_1761356338279.jpg","width":2048,"height":1260,"caption":"C\u00e9r\u00e9monie de lancement de la 15e \u00e9dition du FRSIT, 22 octobre 2025"},{"@type":"BreadcrumbList","@id":"https:\/\/www.latribunedufaso.net\/?p=24468#breadcrumb","itemListElement":[{"@type":"ListItem","position":1,"name":"Accueil","item":"https:\/\/www.latribunedufaso.net\/"},{"@type":"ListItem","position":2,"name":"15e \u00e9dition du FRSIT : Le Pr\u00e9sident Ibrahim Traor\u00e9 appelle les chercheurs \u00e0 s\u2019engager pour la relance industrielle"}]},{"@type":"WebSite","@id":"https:\/\/www.latribunedufaso.net\/#website","url":"https:\/\/www.latribunedufaso.net\/","name":"La Tribune du Faso","description":"L&#039;information du monde rural en un clic","publisher":{"@id":"https:\/\/www.latribunedufaso.net\/#organization"},"potentialAction":[{"@type":"SearchAction","target":{"@type":"EntryPoint","urlTemplate":"https:\/\/www.latribunedufaso.net\/?s={search_term_string}"},"query-input":{"@type":"PropertyValueSpecification","valueRequired":true,"valueName":"search_term_string"}}],"inLanguage":"fr-FR"},{"@type":"Organization","@id":"https:\/\/www.latribunedufaso.net\/#organization","name":"La Tribune du Faso","url":"https:\/\/www.latribunedufaso.net\/","logo":{"@type":"ImageObject","inLanguage":"fr-FR","@id":"https:\/\/www.latribunedufaso.net\/#\/schema\/logo\/image\/","url":"https:\/\/www.latribunedufaso.net\/wp-content\/uploads\/2020\/08\/Logo-Tribune-du-Faso-final-scaled.jpg","contentUrl":"https:\/\/www.latribunedufaso.net\/wp-content\/uploads\/2020\/08\/Logo-Tribune-du-Faso-final-scaled.jpg","width":2560,"height":1856,"caption":"La Tribune du Faso"},"image":{"@id":"https:\/\/www.latribunedufaso.net\/#\/schema\/logo\/image\/"},"sameAs":["https:\/\/www.facebook.com\/LatribuneduFaso\/"]},{"@type":"Person","@id":"https:\/\/www.latribunedufaso.net\/#\/schema\/person\/e54e64c5778a7e72cf80a318b7a622b0","name":"Issouf Tapsoba","image":{"@type":"ImageObject","inLanguage":"fr-FR","@id":"https:\/\/secure.gravatar.com\/avatar\/5e6c05150ce3230247d167f5b94d678eb05936197436d69b7921e3a95c9107ac?s=96&d=mm&r=g","url":"https:\/\/secure.gravatar.com\/avatar\/5e6c05150ce3230247d167f5b94d678eb05936197436d69b7921e3a95c9107ac?s=96&d=mm&r=g","contentUrl":"https:\/\/secure.gravatar.com\/avatar\/5e6c05150ce3230247d167f5b94d678eb05936197436d69b7921e3a95c9107ac?s=96&d=mm&r=g","caption":"Issouf Tapsoba"},"url":"https:\/\/www.latribunedufaso.net\/?author=5"}]}},"_links":{"self":[{"href":"https:\/\/www.latribunedufaso.net\/index.php?rest_route=\/wp\/v2\/posts\/24468","targetHints":{"allow":["GET"]}}],"collection":[{"href":"https:\/\/www.latribunedufaso.net\/index.php?rest_route=\/wp\/v2\/posts"}],"about":[{"href":"https:\/\/www.latribunedufaso.net\/index.php?rest_route=\/wp\/v2\/types\/post"}],"author":[{"embeddable":true,"href":"https:\/\/www.latribunedufaso.net\/index.php?rest_route=\/wp\/v2\/users\/5"}],"replies":[{"embeddable":true,"href":"https:\/\/www.latribunedufaso.net\/index.php?rest_route=%2Fwp%2Fv2%2Fcomments&post=24468"}],"version-history":[{"count":3,"href":"https:\/\/www.latribunedufaso.net\/index.php?rest_route=\/wp\/v2\/posts\/24468\/revisions"}],"predecessor-version":[{"id":24478,"href":"https:\/\/www.latribunedufaso.net\/index.php?rest_route=\/wp\/v2\/posts\/24468\/revisions\/24478"}],"wp:featuredmedia":[{"embeddable":true,"href":"https:\/\/www.latribunedufaso.net\/index.php?rest_route=\/wp\/v2\/media\/24473"}],"wp:attachment":[{"href":"https:\/\/www.latribunedufaso.net\/index.php?rest_route=%2Fwp%2Fv2%2Fmedia&parent=24468"}],"wp:term":[{"taxonomy":"category","embeddable":true,"href":"https:\/\/www.latribunedufaso.net\/index.php?rest_route=%2Fwp%2Fv2%2Fcategories&post=24468"},{"taxonomy":"post_tag","embeddable":true,"href":"https:\/\/www.latribunedufaso.net\/index.php?rest_route=%2Fwp%2Fv2%2Ftags&post=24468"}],"curies":[{"name":"wp","href":"https:\/\/api.w.org\/{rel}","templated":true}]}}