{"id":24444,"date":"2025-10-24T23:46:55","date_gmt":"2025-10-24T23:46:55","guid":{"rendered":"https:\/\/www.latribunedufaso.net\/?p=24444"},"modified":"2025-10-24T23:46:55","modified_gmt":"2025-10-24T23:46:55","slug":"souverainete-africaine-ouagadougou-accueille-la-1ere-edition-du-forum-afrique-afrique-les-17-et-18-decembre-2025","status":"publish","type":"post","link":"https:\/\/www.latribunedufaso.net\/?p=24444","title":{"rendered":"Souverainet\u00e9 Africaine : Ouagadougou accueille la 1ere \u00e9dition du Forum Afrique-Afrique les 17 et 18 d\u00e9cembre 2025"},"content":{"rendered":"<p><strong>La premi\u00e8re \u00e9dition du Forum Afrique-Afrique se tiendra les 17 et 18 d\u00e9cembre 2025 \u00e0 Ouagadougou sous le th\u00e8me : <em>\u00ab Souverainet\u00e9 strat\u00e9gique et \u00e9mergence des champions africains \u00bb.<\/em> C\u2019est ce qu\u2019a annonc\u00e9 le comit\u00e9 d\u2019organisation de l\u2019\u00e9v\u00e9nement lors d\u2019un point de presse organis\u00e9 le 22 octobre 2025.<\/strong><!--more--><\/p>\n<p>Initi\u00e9e par AFRIQUE INTELLIGENCE PLUS et le magazine AFRIQUE NARRATIF, la premi\u00e8re \u00e9dition du Forum Afrique-Afrique se tiendra du 17 au 18 d\u00e9cembre 2025 \u00e0 Ouagadougou. Elle\u00a0vise \u00e0 favoriser la coop\u00e9ration \u00e9conomique, le leadership et le d\u00e9veloppement durable sur le continent africain, en mettant en lumi\u00e8re les initiatives et les talents locaux.<\/p>\n<h3>La souverainet\u00e9 se construit par le leadership<\/h3>\n<p>Pour la Pr\u00e9sidente du comit\u00e9 d\u2019organisation, Norah Kafando, le forum est port\u00e9 par une conviction unique : la souverainet\u00e9 africaine ne se d\u00e9cr\u00e8te pas, <em><strong>\u00ab elle se construit \u00e0 travers le leadership, la cr\u00e9ation de nos propres champions \u00e9conomiques, politiques et culturels pour l\u2019atteinte de la souverainet\u00e9 \u00e0 laquelle nous aspirons \u00bb<\/strong><\/em>, a-t-elle affirm\u00e9.<\/p>\n<figure id=\"attachment_24447\" aria-describedby=\"caption-attachment-24447\" style=\"width: 2048px\" class=\"wp-caption aligncenter\"><a href=\"https:\/\/www.latribunedufaso.net\/wp-content\/uploads\/2025\/10\/FB_IMG_1761348304257.jpg\"><img loading=\"lazy\" decoding=\"async\" class=\"size-full wp-image-24447\" src=\"https:\/\/www.latribunedufaso.net\/wp-content\/uploads\/2025\/10\/FB_IMG_1761348304257.jpg\" alt=\"Conf\u00e9rence de presse de lancement de la premi\u00e8re \u00e9dition du Forum Afrique-Afrique, 22 octobre 2025\" width=\"2048\" height=\"1365\" srcset=\"https:\/\/www.latribunedufaso.net\/wp-content\/uploads\/2025\/10\/FB_IMG_1761348304257.jpg 2048w, https:\/\/www.latribunedufaso.net\/wp-content\/uploads\/2025\/10\/FB_IMG_1761348304257-300x200.jpg 300w, https:\/\/www.latribunedufaso.net\/wp-content\/uploads\/2025\/10\/FB_IMG_1761348304257-1024x683.jpg 1024w, https:\/\/www.latribunedufaso.net\/wp-content\/uploads\/2025\/10\/FB_IMG_1761348304257-768x512.jpg 768w, https:\/\/www.latribunedufaso.net\/wp-content\/uploads\/2025\/10\/FB_IMG_1761348304257-1536x1024.jpg 1536w, https:\/\/www.latribunedufaso.net\/wp-content\/uploads\/2025\/10\/FB_IMG_1761348304257-840x560.jpg 840w, https:\/\/www.latribunedufaso.net\/wp-content\/uploads\/2025\/10\/FB_IMG_1761348304257-120x80.jpg 120w, https:\/\/www.latribunedufaso.net\/wp-content\/uploads\/2025\/10\/FB_IMG_1761348304257-360x240.jpg 360w, https:\/\/www.latribunedufaso.net\/wp-content\/uploads\/2025\/10\/FB_IMG_1761348304257-600x400.jpg 600w\" sizes=\"auto, (max-width: 2048px) 100vw, 2048px\" \/><\/a><figcaption id=\"caption-attachment-24447\" class=\"wp-caption-text\">La pr\u00e9sidente du comit\u00e9 d&rsquo;organisation, Norah Kafando &#8211; Ph. DR<\/figcaption><\/figure>\n<p>Durant ces deux jours, des dirigeants, des d\u00e9cideurs, des entrepreneurs, des acteurs de la soci\u00e9t\u00e9 civile et des jeunes, venus d\u2019une quinzaine de pays africains, se r\u00e9uniront pour r\u00e9fl\u00e9chir sur la question de la souverainet\u00e9. Ce forum se veut donc op\u00e9rationnel et f\u00e9d\u00e9rateur, avec des panels th\u00e9matiques, des espaces d\u2019exposition, des rencontres professionnelles (B2B) et des pavillons destin\u00e9s aux nations africaines.<\/p>\n<p>Le choix du Burkina Faso pour accueillir cette premi\u00e8re \u00e9dition n\u2019est pas un hasard, selon le promoteur de l\u2019\u00e9v\u00e9nement, Arnauld Mambou. Pour lui, le Burkina est un phare. Il a des hommes comme le Capitaine Ibrahim Traor\u00e9 qui tracent un nouveau sillon dans la gouvernance mondiale.<\/p>\n<h3>Vers un Institut de la Souverainet\u00e9 Africaine<\/h3>\n<p>La fin de ce forum n\u2019est que le d\u00e9but d\u2019un grand projet. L&rsquo;\u00e9v\u00e9nement devrait permettre de jeter les bases de la cr\u00e9ation d\u2019un institut sur la souverainet\u00e9, a confi\u00e9 Arnauld Mambou.<\/p>\n<figure id=\"attachment_24448\" aria-describedby=\"caption-attachment-24448\" style=\"width: 2048px\" class=\"wp-caption aligncenter\"><a href=\"https:\/\/www.latribunedufaso.net\/wp-content\/uploads\/2025\/10\/FB_IMG_1761348299746.jpg\"><img loading=\"lazy\" decoding=\"async\" class=\"size-full wp-image-24448\" src=\"https:\/\/www.latribunedufaso.net\/wp-content\/uploads\/2025\/10\/FB_IMG_1761348299746.jpg\" alt=\"Conf\u00e9rence de presse de lancement de la premi\u00e8re \u00e9dition du Forum Afrique-Afrique, 22 octobre 2025\" width=\"2048\" height=\"1365\" srcset=\"https:\/\/www.latribunedufaso.net\/wp-content\/uploads\/2025\/10\/FB_IMG_1761348299746.jpg 2048w, https:\/\/www.latribunedufaso.net\/wp-content\/uploads\/2025\/10\/FB_IMG_1761348299746-300x200.jpg 300w, https:\/\/www.latribunedufaso.net\/wp-content\/uploads\/2025\/10\/FB_IMG_1761348299746-1024x683.jpg 1024w, https:\/\/www.latribunedufaso.net\/wp-content\/uploads\/2025\/10\/FB_IMG_1761348299746-768x512.jpg 768w, https:\/\/www.latribunedufaso.net\/wp-content\/uploads\/2025\/10\/FB_IMG_1761348299746-1536x1024.jpg 1536w, https:\/\/www.latribunedufaso.net\/wp-content\/uploads\/2025\/10\/FB_IMG_1761348299746-840x560.jpg 840w, https:\/\/www.latribunedufaso.net\/wp-content\/uploads\/2025\/10\/FB_IMG_1761348299746-120x80.jpg 120w, https:\/\/www.latribunedufaso.net\/wp-content\/uploads\/2025\/10\/FB_IMG_1761348299746-360x240.jpg 360w, https:\/\/www.latribunedufaso.net\/wp-content\/uploads\/2025\/10\/FB_IMG_1761348299746-600x400.jpg 600w\" sizes=\"auto, (max-width: 2048px) 100vw, 2048px\" \/><\/a><figcaption id=\"caption-attachment-24448\" class=\"wp-caption-text\">Le promoteur du forum, Arnauld Mambou &#8211; Ph. DR<\/figcaption><\/figure>\n<p>Selon lui, cette structure aura pour mission de traiter de mani\u00e8re scientifique la question et d\u2019apporter des outils techniques afin que les jeunes puissent disposer des ressources n\u00e9cessaires \u00e0 l&rsquo;exercice de leur souverainet\u00e9.<\/p>\n<p>Dans la m\u00eame veine, la Pr\u00e9sidente du comit\u00e9 scientifique, Alimatou Ramd\u00e9\/Belem, a indiqu\u00e9 que les activit\u00e9s post-forum s\u2019articuleront autour de trois grands axes :<\/p>\n<p>&#8211; <strong>La r\u00e9daction du rapport d\u2019impact du forum :<\/strong> Un document analytique et strat\u00e9gique, v\u00e9ritable livre blanc de la souverainet\u00e9 africaine, qui compilera les recommandations, les bonnes pratiques et les engagements issus des panels. Il servira de feuille de route pour les institutions, les entreprises et les acteurs du changement du continent.<\/p>\n<p>&#8211; <strong>Le catalogue des 10 champions du Forum Afrique-Afrique :<\/strong>\u00a0Un recueil valorisant dix initiatives, projets ou leaders africains remarquables, s\u00e9lectionn\u00e9s pour leur contribution concr\u00e8te \u00e0 la souverainet\u00e9 \u00e9conomique, environnementale, technologique ou sociale du continent.<\/p>\n<p>&#8211; <strong>La cr\u00e9ation du r\u00e9seau des participants du forum :<\/strong> Une communaut\u00e9 d\u2019action et d\u2019influence qui prolongera la dynamique du forum \u00e0 travers des missions \u00e9conomiques, des programmes de coaching et de mentorat, des avantages exclusifs et des r\u00e9ductions sur les prochaines \u00e9ditions et activit\u00e9s partenaires.<\/p>\n<blockquote>\n<p>Lire aussi &gt;&gt; <a href=\"https:\/\/www.latribunedufaso.net\/?p=24060\">C\u00e9r\u00e9monie d\u2019ouverture du Forum Invest in Senegal : Dakar accueille les investisseurs du monde entier\u00a0<\/a><\/p>\n<\/blockquote>\n<p>La pr\u00e9sente \u00e9dition du forum est plac\u00e9e sous le patronage de plusieurs membres du gouvernement burkinab\u00e8. Il s&rsquo;agit du ministre charg\u00e9 des Affaires \u00e9trang\u00e8res, Karamoko Jean Marie Traor\u00e9, du ministre charg\u00e9 de la D\u00e9fense, le G\u00e9n\u00e9ral de Brigade C\u00e9lestin Simpor\u00e9 et celui charg\u00e9 de l&rsquo;Environnement, Roger Baro.<\/p>\n<p><strong>Issouf TAPSOBA\u00a0<\/strong><\/p>\n<p><strong>Latribunedufaso.net<\/strong><\/p>\n<figure id=\"attachment_24446\" aria-describedby=\"caption-attachment-24446\" style=\"width: 2048px\" class=\"wp-caption aligncenter\"><a href=\"https:\/\/www.latribunedufaso.net\/wp-content\/uploads\/2025\/10\/FB_IMG_1761348320413.jpg\"><img loading=\"lazy\" decoding=\"async\" class=\"size-full wp-image-24446\" src=\"https:\/\/www.latribunedufaso.net\/wp-content\/uploads\/2025\/10\/FB_IMG_1761348320413.jpg\" alt=\"Conf\u00e9rence de presse de lancement de la premi\u00e8re \u00e9dition du Forum Afrique-Afrique, 22 octobre 2025\" width=\"2048\" height=\"1365\" srcset=\"https:\/\/www.latribunedufaso.net\/wp-content\/uploads\/2025\/10\/FB_IMG_1761348320413.jpg 2048w, https:\/\/www.latribunedufaso.net\/wp-content\/uploads\/2025\/10\/FB_IMG_1761348320413-300x200.jpg 300w, https:\/\/www.latribunedufaso.net\/wp-content\/uploads\/2025\/10\/FB_IMG_1761348320413-1024x683.jpg 1024w, https:\/\/www.latribunedufaso.net\/wp-content\/uploads\/2025\/10\/FB_IMG_1761348320413-768x512.jpg 768w, https:\/\/www.latribunedufaso.net\/wp-content\/uploads\/2025\/10\/FB_IMG_1761348320413-1536x1024.jpg 1536w, https:\/\/www.latribunedufaso.net\/wp-content\/uploads\/2025\/10\/FB_IMG_1761348320413-840x560.jpg 840w, https:\/\/www.latribunedufaso.net\/wp-content\/uploads\/2025\/10\/FB_IMG_1761348320413-120x80.jpg 120w, https:\/\/www.latribunedufaso.net\/wp-content\/uploads\/2025\/10\/FB_IMG_1761348320413-360x240.jpg 360w, https:\/\/www.latribunedufaso.net\/wp-content\/uploads\/2025\/10\/FB_IMG_1761348320413-600x400.jpg 600w\" sizes=\"auto, (max-width: 2048px) 100vw, 2048px\" \/><\/a><figcaption id=\"caption-attachment-24446\" class=\"wp-caption-text\">Une vue des journalistes \u00e0 la conf\u00e9rence de presse &#8211; Ph. DR<\/figcaption><\/figure>\n","protected":false},"excerpt":{"rendered":"<p>La premi\u00e8re \u00e9dition du Forum Afrique-Afrique se tiendra les 17 et 18 d\u00e9cembre 2025 \u00e0 Ouagadougou sous le th\u00e8me : \u00ab Souverainet\u00e9 strat\u00e9gique et \u00e9mergence des champions africains \u00bb. C\u2019est ce qu\u2019a annonc\u00e9 le comit\u00e9 d\u2019organisation de l\u2019\u00e9v\u00e9nement lors d\u2019un point de presse organis\u00e9 le 22 octobre 2025.<\/p>\n","protected":false},"author":5,"featured_media":24449,"comment_status":"open","ping_status":"open","sticky":false,"template":"","format":"standard","meta":{"footnotes":""},"categories":[13,1,8],"tags":[1706,39,1652,1031],"class_list":["post-24444","post","type-post","status-publish","format-standard","has-post-thumbnail","hentry","category-une","category-actu","category-societe","tag-forum-afrique-afrique","tag-latribunedufaso-net","tag-souverainete-burkina","tag-souverainete-economique"],"yoast_head":"<!-- This site is optimized with the Yoast SEO plugin v27.5 - https:\/\/yoast.com\/product\/yoast-seo-wordpress\/ -->\n<title>Souverainet\u00e9 Africaine : Ouagadougou accueille la 1ere \u00e9dition du Forum Afrique-Afrique les 17 et 18 d\u00e9cembre 2025 - La Tribune du Faso<\/title>\n<meta name=\"robots\" content=\"index, follow, max-snippet:-1, max-image-preview:large, max-video-preview:-1\" \/>\n<link rel=\"canonical\" href=\"https:\/\/www.latribunedufaso.net\/?p=24444\" \/>\n<meta property=\"og:locale\" content=\"fr_FR\" \/>\n<meta property=\"og:type\" content=\"article\" \/>\n<meta property=\"og:title\" content=\"Souverainet\u00e9 Africaine : Ouagadougou accueille la 1ere \u00e9dition du Forum Afrique-Afrique les 17 et 18 d\u00e9cembre 2025 - La Tribune du Faso\" \/>\n<meta property=\"og:description\" content=\"La premi\u00e8re \u00e9dition du Forum Afrique-Afrique se tiendra les 17 et 18 d\u00e9cembre 2025 \u00e0 Ouagadougou sous le th\u00e8me : \u00ab Souverainet\u00e9 strat\u00e9gique et \u00e9mergence des champions africains \u00bb. C\u2019est ce qu\u2019a annonc\u00e9 le comit\u00e9 d\u2019organisation de l\u2019\u00e9v\u00e9nement lors d\u2019un point de presse organis\u00e9 le 22 octobre 2025.\" \/>\n<meta property=\"og:url\" content=\"https:\/\/www.latribunedufaso.net\/?p=24444\" \/>\n<meta property=\"og:site_name\" content=\"La Tribune du Faso\" \/>\n<meta property=\"article:publisher\" content=\"https:\/\/www.facebook.com\/LatribuneduFaso\/\" \/>\n<meta property=\"article:published_time\" content=\"2025-10-24T23:46:55+00:00\" \/>\n<meta property=\"og:image\" content=\"https:\/\/www.latribunedufaso.net\/wp-content\/uploads\/2025\/10\/IMG_20251022_142153_367-scaled.jpg\" \/>\n\t<meta property=\"og:image:width\" content=\"2560\" \/>\n\t<meta property=\"og:image:height\" content=\"1920\" \/>\n\t<meta property=\"og:image:type\" content=\"image\/jpeg\" \/>\n<meta name=\"author\" content=\"Issouf Tapsoba\" \/>\n<meta name=\"twitter:label1\" content=\"\u00c9crit par\" \/>\n\t<meta name=\"twitter:data1\" content=\"Issouf Tapsoba\" \/>\n\t<meta name=\"twitter:label2\" content=\"Dur\u00e9e de lecture estim\u00e9e\" \/>\n\t<meta name=\"twitter:data2\" content=\"3 minutes\" \/>\n<script type=\"application\/ld+json\" class=\"yoast-schema-graph\">{\"@context\":\"https:\\\/\\\/schema.org\",\"@graph\":[{\"@type\":\"Article\",\"@id\":\"https:\\\/\\\/www.latribunedufaso.net\\\/?p=24444#article\",\"isPartOf\":{\"@id\":\"https:\\\/\\\/www.latribunedufaso.net\\\/?p=24444\"},\"author\":{\"name\":\"Issouf Tapsoba\",\"@id\":\"https:\\\/\\\/www.latribunedufaso.net\\\/#\\\/schema\\\/person\\\/e54e64c5778a7e72cf80a318b7a622b0\"},\"headline\":\"Souverainet\u00e9 Africaine : Ouagadougou accueille la 1ere \u00e9dition du Forum Afrique-Afrique les 17 et 18 d\u00e9cembre 2025\",\"datePublished\":\"2025-10-24T23:46:55+00:00\",\"mainEntityOfPage\":{\"@id\":\"https:\\\/\\\/www.latribunedufaso.net\\\/?p=24444\"},\"wordCount\":687,\"commentCount\":0,\"publisher\":{\"@id\":\"https:\\\/\\\/www.latribunedufaso.net\\\/#organization\"},\"image\":{\"@id\":\"https:\\\/\\\/www.latribunedufaso.net\\\/?p=24444#primaryimage\"},\"thumbnailUrl\":\"https:\\\/\\\/www.latribunedufaso.net\\\/wp-content\\\/uploads\\\/2025\\\/10\\\/IMG_20251022_142153_367-scaled.jpg\",\"keywords\":[\"Forum Afrique-Afrique\",\"latribunedufaso.net\",\"Souverainet\u00e9 Burkina\",\"Souverainet\u00e9 \u00e9conomique\"],\"articleSection\":[\"A la une\",\"Actualit\u00e9\",\"Soci\u00e9t\u00e9\"],\"inLanguage\":\"fr-FR\",\"potentialAction\":[{\"@type\":\"CommentAction\",\"name\":\"Comment\",\"target\":[\"https:\\\/\\\/www.latribunedufaso.net\\\/?p=24444#respond\"]}]},{\"@type\":\"WebPage\",\"@id\":\"https:\\\/\\\/www.latribunedufaso.net\\\/?p=24444\",\"url\":\"https:\\\/\\\/www.latribunedufaso.net\\\/?p=24444\",\"name\":\"Souverainet\u00e9 Africaine : Ouagadougou accueille la 1ere \u00e9dition du Forum Afrique-Afrique les 17 et 18 d\u00e9cembre 2025 - La Tribune du Faso\",\"isPartOf\":{\"@id\":\"https:\\\/\\\/www.latribunedufaso.net\\\/#website\"},\"primaryImageOfPage\":{\"@id\":\"https:\\\/\\\/www.latribunedufaso.net\\\/?p=24444#primaryimage\"},\"image\":{\"@id\":\"https:\\\/\\\/www.latribunedufaso.net\\\/?p=24444#primaryimage\"},\"thumbnailUrl\":\"https:\\\/\\\/www.latribunedufaso.net\\\/wp-content\\\/uploads\\\/2025\\\/10\\\/IMG_20251022_142153_367-scaled.jpg\",\"datePublished\":\"2025-10-24T23:46:55+00:00\",\"breadcrumb\":{\"@id\":\"https:\\\/\\\/www.latribunedufaso.net\\\/?p=24444#breadcrumb\"},\"inLanguage\":\"fr-FR\",\"potentialAction\":[{\"@type\":\"ReadAction\",\"target\":[\"https:\\\/\\\/www.latribunedufaso.net\\\/?p=24444\"]}]},{\"@type\":\"ImageObject\",\"inLanguage\":\"fr-FR\",\"@id\":\"https:\\\/\\\/www.latribunedufaso.net\\\/?p=24444#primaryimage\",\"url\":\"https:\\\/\\\/www.latribunedufaso.net\\\/wp-content\\\/uploads\\\/2025\\\/10\\\/IMG_20251022_142153_367-scaled.jpg\",\"contentUrl\":\"https:\\\/\\\/www.latribunedufaso.net\\\/wp-content\\\/uploads\\\/2025\\\/10\\\/IMG_20251022_142153_367-scaled.jpg\",\"width\":2560,\"height\":1920,\"caption\":\"Conf\u00e9rence de presse de lancement de la premi\u00e8re \u00e9dition du Forum Afrique-Afrique, 22 octobre 2025\"},{\"@type\":\"BreadcrumbList\",\"@id\":\"https:\\\/\\\/www.latribunedufaso.net\\\/?p=24444#breadcrumb\",\"itemListElement\":[{\"@type\":\"ListItem\",\"position\":1,\"name\":\"Accueil\",\"item\":\"https:\\\/\\\/www.latribunedufaso.net\\\/\"},{\"@type\":\"ListItem\",\"position\":2,\"name\":\"Souverainet\u00e9 Africaine : Ouagadougou accueille la 1ere \u00e9dition du Forum Afrique-Afrique les 17 et 18 d\u00e9cembre 2025\"}]},{\"@type\":\"WebSite\",\"@id\":\"https:\\\/\\\/www.latribunedufaso.net\\\/#website\",\"url\":\"https:\\\/\\\/www.latribunedufaso.net\\\/\",\"name\":\"La Tribune du Faso\",\"description\":\"L&#039;information du monde rural en un clic\",\"publisher\":{\"@id\":\"https:\\\/\\\/www.latribunedufaso.net\\\/#organization\"},\"potentialAction\":[{\"@type\":\"SearchAction\",\"target\":{\"@type\":\"EntryPoint\",\"urlTemplate\":\"https:\\\/\\\/www.latribunedufaso.net\\\/?s={search_term_string}\"},\"query-input\":{\"@type\":\"PropertyValueSpecification\",\"valueRequired\":true,\"valueName\":\"search_term_string\"}}],\"inLanguage\":\"fr-FR\"},{\"@type\":\"Organization\",\"@id\":\"https:\\\/\\\/www.latribunedufaso.net\\\/#organization\",\"name\":\"La Tribune du Faso\",\"url\":\"https:\\\/\\\/www.latribunedufaso.net\\\/\",\"logo\":{\"@type\":\"ImageObject\",\"inLanguage\":\"fr-FR\",\"@id\":\"https:\\\/\\\/www.latribunedufaso.net\\\/#\\\/schema\\\/logo\\\/image\\\/\",\"url\":\"https:\\\/\\\/www.latribunedufaso.net\\\/wp-content\\\/uploads\\\/2020\\\/08\\\/Logo-Tribune-du-Faso-final-scaled.jpg\",\"contentUrl\":\"https:\\\/\\\/www.latribunedufaso.net\\\/wp-content\\\/uploads\\\/2020\\\/08\\\/Logo-Tribune-du-Faso-final-scaled.jpg\",\"width\":2560,\"height\":1856,\"caption\":\"La Tribune du Faso\"},\"image\":{\"@id\":\"https:\\\/\\\/www.latribunedufaso.net\\\/#\\\/schema\\\/logo\\\/image\\\/\"},\"sameAs\":[\"https:\\\/\\\/www.facebook.com\\\/LatribuneduFaso\\\/\"]},{\"@type\":\"Person\",\"@id\":\"https:\\\/\\\/www.latribunedufaso.net\\\/#\\\/schema\\\/person\\\/e54e64c5778a7e72cf80a318b7a622b0\",\"name\":\"Issouf Tapsoba\",\"image\":{\"@type\":\"ImageObject\",\"inLanguage\":\"fr-FR\",\"@id\":\"https:\\\/\\\/secure.gravatar.com\\\/avatar\\\/5e6c05150ce3230247d167f5b94d678eb05936197436d69b7921e3a95c9107ac?s=96&d=mm&r=g\",\"url\":\"https:\\\/\\\/secure.gravatar.com\\\/avatar\\\/5e6c05150ce3230247d167f5b94d678eb05936197436d69b7921e3a95c9107ac?s=96&d=mm&r=g\",\"contentUrl\":\"https:\\\/\\\/secure.gravatar.com\\\/avatar\\\/5e6c05150ce3230247d167f5b94d678eb05936197436d69b7921e3a95c9107ac?s=96&d=mm&r=g\",\"caption\":\"Issouf Tapsoba\"},\"url\":\"https:\\\/\\\/www.latribunedufaso.net\\\/?author=5\"}]}<\/script>\n<!-- \/ Yoast SEO plugin. -->","yoast_head_json":{"title":"Souverainet\u00e9 Africaine : Ouagadougou accueille la 1ere \u00e9dition du Forum Afrique-Afrique les 17 et 18 d\u00e9cembre 2025 - La Tribune du Faso","robots":{"index":"index","follow":"follow","max-snippet":"max-snippet:-1","max-image-preview":"max-image-preview:large","max-video-preview":"max-video-preview:-1"},"canonical":"https:\/\/www.latribunedufaso.net\/?p=24444","og_locale":"fr_FR","og_type":"article","og_title":"Souverainet\u00e9 Africaine : Ouagadougou accueille la 1ere \u00e9dition du Forum Afrique-Afrique les 17 et 18 d\u00e9cembre 2025 - La Tribune du Faso","og_description":"La premi\u00e8re \u00e9dition du Forum Afrique-Afrique se tiendra les 17 et 18 d\u00e9cembre 2025 \u00e0 Ouagadougou sous le th\u00e8me : \u00ab Souverainet\u00e9 strat\u00e9gique et \u00e9mergence des champions africains \u00bb. C\u2019est ce qu\u2019a annonc\u00e9 le comit\u00e9 d\u2019organisation de l\u2019\u00e9v\u00e9nement lors d\u2019un point de presse organis\u00e9 le 22 octobre 2025.","og_url":"https:\/\/www.latribunedufaso.net\/?p=24444","og_site_name":"La Tribune du Faso","article_publisher":"https:\/\/www.facebook.com\/LatribuneduFaso\/","article_published_time":"2025-10-24T23:46:55+00:00","og_image":[{"width":2560,"height":1920,"url":"https:\/\/www.latribunedufaso.net\/wp-content\/uploads\/2025\/10\/IMG_20251022_142153_367-scaled.jpg","type":"image\/jpeg"}],"author":"Issouf Tapsoba","twitter_misc":{"\u00c9crit par":"Issouf Tapsoba","Dur\u00e9e de lecture estim\u00e9e":"3 minutes"},"schema":{"@context":"https:\/\/schema.org","@graph":[{"@type":"Article","@id":"https:\/\/www.latribunedufaso.net\/?p=24444#article","isPartOf":{"@id":"https:\/\/www.latribunedufaso.net\/?p=24444"},"author":{"name":"Issouf Tapsoba","@id":"https:\/\/www.latribunedufaso.net\/#\/schema\/person\/e54e64c5778a7e72cf80a318b7a622b0"},"headline":"Souverainet\u00e9 Africaine : Ouagadougou accueille la 1ere \u00e9dition du Forum Afrique-Afrique les 17 et 18 d\u00e9cembre 2025","datePublished":"2025-10-24T23:46:55+00:00","mainEntityOfPage":{"@id":"https:\/\/www.latribunedufaso.net\/?p=24444"},"wordCount":687,"commentCount":0,"publisher":{"@id":"https:\/\/www.latribunedufaso.net\/#organization"},"image":{"@id":"https:\/\/www.latribunedufaso.net\/?p=24444#primaryimage"},"thumbnailUrl":"https:\/\/www.latribunedufaso.net\/wp-content\/uploads\/2025\/10\/IMG_20251022_142153_367-scaled.jpg","keywords":["Forum Afrique-Afrique","latribunedufaso.net","Souverainet\u00e9 Burkina","Souverainet\u00e9 \u00e9conomique"],"articleSection":["A la une","Actualit\u00e9","Soci\u00e9t\u00e9"],"inLanguage":"fr-FR","potentialAction":[{"@type":"CommentAction","name":"Comment","target":["https:\/\/www.latribunedufaso.net\/?p=24444#respond"]}]},{"@type":"WebPage","@id":"https:\/\/www.latribunedufaso.net\/?p=24444","url":"https:\/\/www.latribunedufaso.net\/?p=24444","name":"Souverainet\u00e9 Africaine : Ouagadougou accueille la 1ere \u00e9dition du Forum Afrique-Afrique les 17 et 18 d\u00e9cembre 2025 - La Tribune du Faso","isPartOf":{"@id":"https:\/\/www.latribunedufaso.net\/#website"},"primaryImageOfPage":{"@id":"https:\/\/www.latribunedufaso.net\/?p=24444#primaryimage"},"image":{"@id":"https:\/\/www.latribunedufaso.net\/?p=24444#primaryimage"},"thumbnailUrl":"https:\/\/www.latribunedufaso.net\/wp-content\/uploads\/2025\/10\/IMG_20251022_142153_367-scaled.jpg","datePublished":"2025-10-24T23:46:55+00:00","breadcrumb":{"@id":"https:\/\/www.latribunedufaso.net\/?p=24444#breadcrumb"},"inLanguage":"fr-FR","potentialAction":[{"@type":"ReadAction","target":["https:\/\/www.latribunedufaso.net\/?p=24444"]}]},{"@type":"ImageObject","inLanguage":"fr-FR","@id":"https:\/\/www.latribunedufaso.net\/?p=24444#primaryimage","url":"https:\/\/www.latribunedufaso.net\/wp-content\/uploads\/2025\/10\/IMG_20251022_142153_367-scaled.jpg","contentUrl":"https:\/\/www.latribunedufaso.net\/wp-content\/uploads\/2025\/10\/IMG_20251022_142153_367-scaled.jpg","width":2560,"height":1920,"caption":"Conf\u00e9rence de presse de lancement de la premi\u00e8re \u00e9dition du Forum Afrique-Afrique, 22 octobre 2025"},{"@type":"BreadcrumbList","@id":"https:\/\/www.latribunedufaso.net\/?p=24444#breadcrumb","itemListElement":[{"@type":"ListItem","position":1,"name":"Accueil","item":"https:\/\/www.latribunedufaso.net\/"},{"@type":"ListItem","position":2,"name":"Souverainet\u00e9 Africaine : Ouagadougou accueille la 1ere \u00e9dition du Forum Afrique-Afrique les 17 et 18 d\u00e9cembre 2025"}]},{"@type":"WebSite","@id":"https:\/\/www.latribunedufaso.net\/#website","url":"https:\/\/www.latribunedufaso.net\/","name":"La Tribune du Faso","description":"L&#039;information du monde rural en un clic","publisher":{"@id":"https:\/\/www.latribunedufaso.net\/#organization"},"potentialAction":[{"@type":"SearchAction","target":{"@type":"EntryPoint","urlTemplate":"https:\/\/www.latribunedufaso.net\/?s={search_term_string}"},"query-input":{"@type":"PropertyValueSpecification","valueRequired":true,"valueName":"search_term_string"}}],"inLanguage":"fr-FR"},{"@type":"Organization","@id":"https:\/\/www.latribunedufaso.net\/#organization","name":"La Tribune du Faso","url":"https:\/\/www.latribunedufaso.net\/","logo":{"@type":"ImageObject","inLanguage":"fr-FR","@id":"https:\/\/www.latribunedufaso.net\/#\/schema\/logo\/image\/","url":"https:\/\/www.latribunedufaso.net\/wp-content\/uploads\/2020\/08\/Logo-Tribune-du-Faso-final-scaled.jpg","contentUrl":"https:\/\/www.latribunedufaso.net\/wp-content\/uploads\/2020\/08\/Logo-Tribune-du-Faso-final-scaled.jpg","width":2560,"height":1856,"caption":"La Tribune du Faso"},"image":{"@id":"https:\/\/www.latribunedufaso.net\/#\/schema\/logo\/image\/"},"sameAs":["https:\/\/www.facebook.com\/LatribuneduFaso\/"]},{"@type":"Person","@id":"https:\/\/www.latribunedufaso.net\/#\/schema\/person\/e54e64c5778a7e72cf80a318b7a622b0","name":"Issouf Tapsoba","image":{"@type":"ImageObject","inLanguage":"fr-FR","@id":"https:\/\/secure.gravatar.com\/avatar\/5e6c05150ce3230247d167f5b94d678eb05936197436d69b7921e3a95c9107ac?s=96&d=mm&r=g","url":"https:\/\/secure.gravatar.com\/avatar\/5e6c05150ce3230247d167f5b94d678eb05936197436d69b7921e3a95c9107ac?s=96&d=mm&r=g","contentUrl":"https:\/\/secure.gravatar.com\/avatar\/5e6c05150ce3230247d167f5b94d678eb05936197436d69b7921e3a95c9107ac?s=96&d=mm&r=g","caption":"Issouf Tapsoba"},"url":"https:\/\/www.latribunedufaso.net\/?author=5"}]}},"_links":{"self":[{"href":"https:\/\/www.latribunedufaso.net\/index.php?rest_route=\/wp\/v2\/posts\/24444","targetHints":{"allow":["GET"]}}],"collection":[{"href":"https:\/\/www.latribunedufaso.net\/index.php?rest_route=\/wp\/v2\/posts"}],"about":[{"href":"https:\/\/www.latribunedufaso.net\/index.php?rest_route=\/wp\/v2\/types\/post"}],"author":[{"embeddable":true,"href":"https:\/\/www.latribunedufaso.net\/index.php?rest_route=\/wp\/v2\/users\/5"}],"replies":[{"embeddable":true,"href":"https:\/\/www.latribunedufaso.net\/index.php?rest_route=%2Fwp%2Fv2%2Fcomments&post=24444"}],"version-history":[{"count":1,"href":"https:\/\/www.latribunedufaso.net\/index.php?rest_route=\/wp\/v2\/posts\/24444\/revisions"}],"predecessor-version":[{"id":24450,"href":"https:\/\/www.latribunedufaso.net\/index.php?rest_route=\/wp\/v2\/posts\/24444\/revisions\/24450"}],"wp:featuredmedia":[{"embeddable":true,"href":"https:\/\/www.latribunedufaso.net\/index.php?rest_route=\/wp\/v2\/media\/24449"}],"wp:attachment":[{"href":"https:\/\/www.latribunedufaso.net\/index.php?rest_route=%2Fwp%2Fv2%2Fmedia&parent=24444"}],"wp:term":[{"taxonomy":"category","embeddable":true,"href":"https:\/\/www.latribunedufaso.net\/index.php?rest_route=%2Fwp%2Fv2%2Fcategories&post=24444"},{"taxonomy":"post_tag","embeddable":true,"href":"https:\/\/www.latribunedufaso.net\/index.php?rest_route=%2Fwp%2Fv2%2Ftags&post=24444"}],"curies":[{"name":"wp","href":"https:\/\/api.w.org\/{rel}","templated":true}]}}