{"id":24436,"date":"2025-10-24T19:50:43","date_gmt":"2025-10-24T19:50:43","guid":{"rendered":"https:\/\/www.latribunedufaso.net\/?p=24436"},"modified":"2025-10-24T19:50:43","modified_gmt":"2025-10-24T19:50:43","slug":"36e-tour-du-faso-le-burkinabe-souleymane-kone-termine-2e-a-la-premiere-etape","status":"publish","type":"post","link":"https:\/\/www.latribunedufaso.net\/?p=24436","title":{"rendered":"36e Tour du Faso : Le Burkinab\u00e8 Souleymane Kon\u00e9 termine 2e \u00e0 la premi\u00e8re \u00e9tape\u00a0\u00a0"},"content":{"rendered":"<p><strong>A l&rsquo;issue de la premi\u00e8re \u00e9tape de la 36e \u00e9dition du Tour du Faso, le Burkinab\u00e8 Souleymane KON\u00c9 a franchi la ligne d&rsquo;arriv\u00e9e \u00e0 la 2e place derri\u00e8re le Marocain El ALOUANI Driss. Au terme d\u2019une \u00e9tape tr\u00e8s anim\u00e9e de 120,28 km entre Ouagadougou et Koudougou, ALOUANI a remport\u00e9 la 1re \u00e9tape en 2h50\u201953\u2019\u2019, soit une vitesse moyenne de 42,232 km\/h ce vendredi 24 octobre 2025. Pr\u00e9sent dans un lot d&rsquo;\u00e9chapp\u00e9 en compagnie d\u2019une dizaine de coureurs, il a su sprinter au bon moment pour remporter la victoire, endossant \u00e0 la fois le maillot jaune et le maillot vert d\u00e9di\u00e9 \u00e0 la combativit\u00e9.<\/strong><!--more--><\/p>\n<p>Le Burkinab\u00e8 Souleymane KONE prend une belle 2e place, tandis que le Belge Smet Yaxano compl\u00e8te le podium \u00e0 la 3e place. Plusieurs distinctions ont \u00e9t\u00e9 d\u00e9cern\u00e9es lors de cette premi\u00e8re \u00e9tape, saluant la performance et la sportivit\u00e9 des coureurs.<\/p>\n<figure id=\"attachment_24438\" aria-describedby=\"caption-attachment-24438\" style=\"width: 2048px\" class=\"wp-caption aligncenter\"><a href=\"https:\/\/www.latribunedufaso.net\/wp-content\/uploads\/2025\/10\/FB_IMG_1761334815784.jpg\"><img loading=\"lazy\" decoding=\"async\" class=\"size-full wp-image-24438\" src=\"https:\/\/www.latribunedufaso.net\/wp-content\/uploads\/2025\/10\/FB_IMG_1761334815784.jpg\" alt=\"A l'issue de la premi\u00e8re \u00e9tape du Tour du Faso, Ouaga-KDG, le Marocain El ALOUANI Driss est maillot jaune, 24 octobre 2025\" width=\"2048\" height=\"1573\" srcset=\"https:\/\/www.latribunedufaso.net\/wp-content\/uploads\/2025\/10\/FB_IMG_1761334815784.jpg 2048w, https:\/\/www.latribunedufaso.net\/wp-content\/uploads\/2025\/10\/FB_IMG_1761334815784-300x230.jpg 300w, https:\/\/www.latribunedufaso.net\/wp-content\/uploads\/2025\/10\/FB_IMG_1761334815784-1024x787.jpg 1024w, https:\/\/www.latribunedufaso.net\/wp-content\/uploads\/2025\/10\/FB_IMG_1761334815784-768x590.jpg 768w, https:\/\/www.latribunedufaso.net\/wp-content\/uploads\/2025\/10\/FB_IMG_1761334815784-1536x1180.jpg 1536w\" sizes=\"auto, (max-width: 2048px) 100vw, 2048px\" \/><\/a><figcaption id=\"caption-attachment-24438\" class=\"wp-caption-text\">Le Marocain El ALOUANI Driss remporte la premi\u00e8re \u00e9tape du tour &#8211; Ph. DR<\/figcaption><\/figure>\n<p>A la fin de cette \u00e9tape, la ministre charg\u00e9e de l\u2019Action humanitaire, le Commandant Passodwend\u00e9 P\u00e9lagie KABRE\/KABORE, a f\u00e9licit\u00e9 le ministre des Sports, de la Jeunesse et de l\u2019Emploi, Roland SOMDA, et son \u00e9quipe pour la reussite de l&rsquo;organisation de cette premi\u00e8re \u00e9tape, ainsi que l&rsquo;ensemble des \u00e9quipes participantes.<\/p>\n<figure id=\"attachment_24439\" aria-describedby=\"caption-attachment-24439\" style=\"width: 2048px\" class=\"wp-caption aligncenter\"><a href=\"https:\/\/www.latribunedufaso.net\/wp-content\/uploads\/2025\/10\/FB_IMG_1761334819587.jpg\"><img loading=\"lazy\" decoding=\"async\" class=\"size-full wp-image-24439\" src=\"https:\/\/www.latribunedufaso.net\/wp-content\/uploads\/2025\/10\/FB_IMG_1761334819587.jpg\" alt=\"A l'issue de la premi\u00e8re \u00e9tape du Tour du Faso, Ouaga-KDG, le Marocain El ALOUANI Driss est maillot jaune, 24 octobre 2025\" width=\"2048\" height=\"1363\" srcset=\"https:\/\/www.latribunedufaso.net\/wp-content\/uploads\/2025\/10\/FB_IMG_1761334819587.jpg 2048w, https:\/\/www.latribunedufaso.net\/wp-content\/uploads\/2025\/10\/FB_IMG_1761334819587-300x200.jpg 300w, https:\/\/www.latribunedufaso.net\/wp-content\/uploads\/2025\/10\/FB_IMG_1761334819587-1024x682.jpg 1024w, https:\/\/www.latribunedufaso.net\/wp-content\/uploads\/2025\/10\/FB_IMG_1761334819587-768x511.jpg 768w, https:\/\/www.latribunedufaso.net\/wp-content\/uploads\/2025\/10\/FB_IMG_1761334819587-1536x1022.jpg 1536w, https:\/\/www.latribunedufaso.net\/wp-content\/uploads\/2025\/10\/FB_IMG_1761334819587-840x560.jpg 840w, https:\/\/www.latribunedufaso.net\/wp-content\/uploads\/2025\/10\/FB_IMG_1761334819587-120x80.jpg 120w, https:\/\/www.latribunedufaso.net\/wp-content\/uploads\/2025\/10\/FB_IMG_1761334819587-360x240.jpg 360w, https:\/\/www.latribunedufaso.net\/wp-content\/uploads\/2025\/10\/FB_IMG_1761334819587-600x400.jpg 600w\" sizes=\"auto, (max-width: 2048px) 100vw, 2048px\" \/><\/a><figcaption id=\"caption-attachment-24439\" class=\"wp-caption-text\">Une vue des coureurs en sur le trajet &#8211; Ph. DR<\/figcaption><\/figure>\n<p>Place d\u00e9sormais \u00e0 la 2e \u00e9tape, pr\u00e9vue le 25 octobre 2025, entre Koudougou et Boromo, longue de 156,20km pour la suite de cette grande f\u00eate du cyclisme africain.<\/p>\n<p><strong>Latribunedufaso.net<\/strong><\/p>\n<p><strong>Source : DCRP\/MSJE\u00a0<\/strong><\/p>\n<p><a href=\"https:\/\/www.latribunedufaso.net\/wp-content\/uploads\/2025\/10\/FB_IMG_1761334865936.jpg\"><img loading=\"lazy\" decoding=\"async\" class=\"aligncenter size-full wp-image-24442\" src=\"https:\/\/www.latribunedufaso.net\/wp-content\/uploads\/2025\/10\/FB_IMG_1761334865936.jpg\" alt=\"A l'issue de la premi\u00e8re \u00e9tape du Tour du Faso, Ouaga-KDG, le Marocain El ALOUANI Driss est maillot jaune, 24 octobre 2025\" width=\"2048\" height=\"1579\" srcset=\"https:\/\/www.latribunedufaso.net\/wp-content\/uploads\/2025\/10\/FB_IMG_1761334865936.jpg 2048w, https:\/\/www.latribunedufaso.net\/wp-content\/uploads\/2025\/10\/FB_IMG_1761334865936-300x231.jpg 300w, https:\/\/www.latribunedufaso.net\/wp-content\/uploads\/2025\/10\/FB_IMG_1761334865936-1024x790.jpg 1024w, https:\/\/www.latribunedufaso.net\/wp-content\/uploads\/2025\/10\/FB_IMG_1761334865936-768x592.jpg 768w, https:\/\/www.latribunedufaso.net\/wp-content\/uploads\/2025\/10\/FB_IMG_1761334865936-1536x1184.jpg 1536w\" sizes=\"auto, (max-width: 2048px) 100vw, 2048px\" \/><\/a><a href=\"https:\/\/www.latribunedufaso.net\/wp-content\/uploads\/2025\/10\/FB_IMG_1761334838508.jpg\"><img loading=\"lazy\" decoding=\"async\" class=\"aligncenter size-full wp-image-24440\" src=\"https:\/\/www.latribunedufaso.net\/wp-content\/uploads\/2025\/10\/FB_IMG_1761334838508.jpg\" alt=\"A l'issue de la premi\u00e8re \u00e9tape du Tour du Faso, Ouaga-KDG, le Marocain El ALOUANI Driss est maillot jaune, 24 octobre 2025\" width=\"1080\" height=\"760\" srcset=\"https:\/\/www.latribunedufaso.net\/wp-content\/uploads\/2025\/10\/FB_IMG_1761334838508.jpg 1080w, https:\/\/www.latribunedufaso.net\/wp-content\/uploads\/2025\/10\/FB_IMG_1761334838508-300x211.jpg 300w, https:\/\/www.latribunedufaso.net\/wp-content\/uploads\/2025\/10\/FB_IMG_1761334838508-1024x721.jpg 1024w, https:\/\/www.latribunedufaso.net\/wp-content\/uploads\/2025\/10\/FB_IMG_1761334838508-768x540.jpg 768w\" sizes=\"auto, (max-width: 1080px) 100vw, 1080px\" \/><\/a><a href=\"https:\/\/www.latribunedufaso.net\/wp-content\/uploads\/2025\/10\/FB_IMG_1761334847592.jpg\"><img loading=\"lazy\" decoding=\"async\" class=\"aligncenter size-full wp-image-24441\" src=\"https:\/\/www.latribunedufaso.net\/wp-content\/uploads\/2025\/10\/FB_IMG_1761334847592.jpg\" alt=\"A l'issue de la premi\u00e8re \u00e9tape du Tour du Faso, Ouaga-KDG, le Marocain El ALOUANI Driss est maillot jaune, 24 octobre 2025\" width=\"1080\" height=\"806\" srcset=\"https:\/\/www.latribunedufaso.net\/wp-content\/uploads\/2025\/10\/FB_IMG_1761334847592.jpg 1080w, https:\/\/www.latribunedufaso.net\/wp-content\/uploads\/2025\/10\/FB_IMG_1761334847592-300x224.jpg 300w, https:\/\/www.latribunedufaso.net\/wp-content\/uploads\/2025\/10\/FB_IMG_1761334847592-1024x764.jpg 1024w, https:\/\/www.latribunedufaso.net\/wp-content\/uploads\/2025\/10\/FB_IMG_1761334847592-768x573.jpg 768w\" sizes=\"auto, (max-width: 1080px) 100vw, 1080px\" \/><\/a><\/p>\n","protected":false},"excerpt":{"rendered":"<p>A l&rsquo;issue de la premi\u00e8re \u00e9tape de la 36e \u00e9dition du Tour du Faso, le Burkinab\u00e8 Souleymane KON\u00c9 a franchi la ligne d&rsquo;arriv\u00e9e \u00e0 la 2e place derri\u00e8re le Marocain El ALOUANI Driss. Au terme d\u2019une \u00e9tape tr\u00e8s anim\u00e9e de 120,28 km entre Ouagadougou et Koudougou, ALOUANI a remport\u00e9 la 1re \u00e9tape en 2h50\u201953\u2019\u2019, soit une vitesse moyenne de 42,232 km\/h ce vendredi 24 octobre 2025. Pr\u00e9sent dans un lot d&rsquo;\u00e9chapp\u00e9 en compagnie d\u2019une dizaine de coureurs, il a su sprinter au bon moment pour remporter la victoire, endossant \u00e0 la fois le maillot jaune et le maillot vert d\u00e9di\u00e9 \u00e0 la combativit\u00e9.<\/p>\n","protected":false},"author":5,"featured_media":24437,"comment_status":"open","ping_status":"open","sticky":false,"template":"","format":"standard","meta":{"footnotes":""},"categories":[13,1,17],"tags":[403,39,402],"class_list":["post-24436","post","type-post","status-publish","format-standard","has-post-thumbnail","hentry","category-une","category-actu","category-sport","tag-cyclisme","tag-latribunedufaso-net","tag-tour-du-faso"],"yoast_head":"<!-- This site is optimized with the Yoast SEO plugin v27.5 - https:\/\/yoast.com\/product\/yoast-seo-wordpress\/ -->\n<title>36e Tour du Faso : Le Burkinab\u00e8 Souleymane Kon\u00e9 termine 2e \u00e0 la premi\u00e8re \u00e9tape\u00a0\u00a0 - La Tribune du Faso<\/title>\n<meta name=\"robots\" content=\"index, follow, max-snippet:-1, max-image-preview:large, max-video-preview:-1\" \/>\n<link rel=\"canonical\" href=\"https:\/\/www.latribunedufaso.net\/?p=24436\" \/>\n<meta property=\"og:locale\" content=\"fr_FR\" \/>\n<meta property=\"og:type\" content=\"article\" \/>\n<meta property=\"og:title\" content=\"36e Tour du Faso : Le Burkinab\u00e8 Souleymane Kon\u00e9 termine 2e \u00e0 la premi\u00e8re \u00e9tape\u00a0\u00a0 - La Tribune du Faso\" \/>\n<meta property=\"og:description\" content=\"A l&rsquo;issue de la premi\u00e8re \u00e9tape de la 36e \u00e9dition du Tour du Faso, le Burkinab\u00e8 Souleymane KON\u00c9 a franchi la ligne d&rsquo;arriv\u00e9e \u00e0 la 2e place derri\u00e8re le Marocain El ALOUANI Driss. Au terme d\u2019une \u00e9tape tr\u00e8s anim\u00e9e de 120,28 km entre Ouagadougou et Koudougou, ALOUANI a remport\u00e9 la 1re \u00e9tape en 2h50\u201953\u2019\u2019, soit une vitesse moyenne de 42,232 km\/h ce vendredi 24 octobre 2025. Pr\u00e9sent dans un lot d&rsquo;\u00e9chapp\u00e9 en compagnie d\u2019une dizaine de coureurs, il a su sprinter au bon moment pour remporter la victoire, endossant \u00e0 la fois le maillot jaune et le maillot vert d\u00e9di\u00e9 \u00e0 la combativit\u00e9.\" \/>\n<meta property=\"og:url\" content=\"https:\/\/www.latribunedufaso.net\/?p=24436\" \/>\n<meta property=\"og:site_name\" content=\"La Tribune du Faso\" \/>\n<meta property=\"article:publisher\" content=\"https:\/\/www.facebook.com\/LatribuneduFaso\/\" \/>\n<meta property=\"article:published_time\" content=\"2025-10-24T19:50:43+00:00\" \/>\n<meta property=\"og:image\" content=\"https:\/\/www.latribunedufaso.net\/wp-content\/uploads\/2025\/10\/FB_IMG_1761334877626.jpg\" \/>\n\t<meta property=\"og:image:width\" content=\"1280\" \/>\n\t<meta property=\"og:image:height\" content=\"779\" \/>\n\t<meta property=\"og:image:type\" content=\"image\/jpeg\" \/>\n<meta name=\"author\" content=\"Issouf Tapsoba\" \/>\n<meta name=\"twitter:label1\" content=\"\u00c9crit par\" \/>\n\t<meta name=\"twitter:data1\" content=\"Issouf Tapsoba\" \/>\n\t<meta name=\"twitter:label2\" content=\"Dur\u00e9e de lecture estim\u00e9e\" \/>\n\t<meta name=\"twitter:data2\" content=\"1 minute\" \/>\n<script type=\"application\/ld+json\" class=\"yoast-schema-graph\">{\"@context\":\"https:\\\/\\\/schema.org\",\"@graph\":[{\"@type\":\"Article\",\"@id\":\"https:\\\/\\\/www.latribunedufaso.net\\\/?p=24436#article\",\"isPartOf\":{\"@id\":\"https:\\\/\\\/www.latribunedufaso.net\\\/?p=24436\"},\"author\":{\"name\":\"Issouf Tapsoba\",\"@id\":\"https:\\\/\\\/www.latribunedufaso.net\\\/#\\\/schema\\\/person\\\/e54e64c5778a7e72cf80a318b7a622b0\"},\"headline\":\"36e Tour du Faso : Le Burkinab\u00e8 Souleymane Kon\u00e9 termine 2e \u00e0 la premi\u00e8re \u00e9tape\u00a0\u00a0\",\"datePublished\":\"2025-10-24T19:50:43+00:00\",\"mainEntityOfPage\":{\"@id\":\"https:\\\/\\\/www.latribunedufaso.net\\\/?p=24436\"},\"wordCount\":297,\"commentCount\":0,\"publisher\":{\"@id\":\"https:\\\/\\\/www.latribunedufaso.net\\\/#organization\"},\"image\":{\"@id\":\"https:\\\/\\\/www.latribunedufaso.net\\\/?p=24436#primaryimage\"},\"thumbnailUrl\":\"https:\\\/\\\/www.latribunedufaso.net\\\/wp-content\\\/uploads\\\/2025\\\/10\\\/FB_IMG_1761334877626.jpg\",\"keywords\":[\"cyclisme\",\"latribunedufaso.net\",\"Tour du Faso\"],\"articleSection\":[\"A la une\",\"Actualit\u00e9\",\"Sport\"],\"inLanguage\":\"fr-FR\",\"potentialAction\":[{\"@type\":\"CommentAction\",\"name\":\"Comment\",\"target\":[\"https:\\\/\\\/www.latribunedufaso.net\\\/?p=24436#respond\"]}]},{\"@type\":\"WebPage\",\"@id\":\"https:\\\/\\\/www.latribunedufaso.net\\\/?p=24436\",\"url\":\"https:\\\/\\\/www.latribunedufaso.net\\\/?p=24436\",\"name\":\"36e Tour du Faso : Le Burkinab\u00e8 Souleymane Kon\u00e9 termine 2e \u00e0 la premi\u00e8re \u00e9tape\u00a0\u00a0 - La Tribune du Faso\",\"isPartOf\":{\"@id\":\"https:\\\/\\\/www.latribunedufaso.net\\\/#website\"},\"primaryImageOfPage\":{\"@id\":\"https:\\\/\\\/www.latribunedufaso.net\\\/?p=24436#primaryimage\"},\"image\":{\"@id\":\"https:\\\/\\\/www.latribunedufaso.net\\\/?p=24436#primaryimage\"},\"thumbnailUrl\":\"https:\\\/\\\/www.latribunedufaso.net\\\/wp-content\\\/uploads\\\/2025\\\/10\\\/FB_IMG_1761334877626.jpg\",\"datePublished\":\"2025-10-24T19:50:43+00:00\",\"breadcrumb\":{\"@id\":\"https:\\\/\\\/www.latribunedufaso.net\\\/?p=24436#breadcrumb\"},\"inLanguage\":\"fr-FR\",\"potentialAction\":[{\"@type\":\"ReadAction\",\"target\":[\"https:\\\/\\\/www.latribunedufaso.net\\\/?p=24436\"]}]},{\"@type\":\"ImageObject\",\"inLanguage\":\"fr-FR\",\"@id\":\"https:\\\/\\\/www.latribunedufaso.net\\\/?p=24436#primaryimage\",\"url\":\"https:\\\/\\\/www.latribunedufaso.net\\\/wp-content\\\/uploads\\\/2025\\\/10\\\/FB_IMG_1761334877626.jpg\",\"contentUrl\":\"https:\\\/\\\/www.latribunedufaso.net\\\/wp-content\\\/uploads\\\/2025\\\/10\\\/FB_IMG_1761334877626.jpg\",\"width\":1280,\"height\":779,\"caption\":\"A l'issue de la premi\u00e8re \u00e9tape du Tour du Faso, Ouaga-KDG, le Marocain El ALOUANI Driss est maillot jaune, 24 octobre 2025\"},{\"@type\":\"BreadcrumbList\",\"@id\":\"https:\\\/\\\/www.latribunedufaso.net\\\/?p=24436#breadcrumb\",\"itemListElement\":[{\"@type\":\"ListItem\",\"position\":1,\"name\":\"Accueil\",\"item\":\"https:\\\/\\\/www.latribunedufaso.net\\\/\"},{\"@type\":\"ListItem\",\"position\":2,\"name\":\"36e Tour du Faso : Le Burkinab\u00e8 Souleymane Kon\u00e9 termine 2e \u00e0 la premi\u00e8re \u00e9tape\u00a0\u00a0\"}]},{\"@type\":\"WebSite\",\"@id\":\"https:\\\/\\\/www.latribunedufaso.net\\\/#website\",\"url\":\"https:\\\/\\\/www.latribunedufaso.net\\\/\",\"name\":\"La Tribune du Faso\",\"description\":\"L&#039;information du monde rural en un clic\",\"publisher\":{\"@id\":\"https:\\\/\\\/www.latribunedufaso.net\\\/#organization\"},\"potentialAction\":[{\"@type\":\"SearchAction\",\"target\":{\"@type\":\"EntryPoint\",\"urlTemplate\":\"https:\\\/\\\/www.latribunedufaso.net\\\/?s={search_term_string}\"},\"query-input\":{\"@type\":\"PropertyValueSpecification\",\"valueRequired\":true,\"valueName\":\"search_term_string\"}}],\"inLanguage\":\"fr-FR\"},{\"@type\":\"Organization\",\"@id\":\"https:\\\/\\\/www.latribunedufaso.net\\\/#organization\",\"name\":\"La Tribune du Faso\",\"url\":\"https:\\\/\\\/www.latribunedufaso.net\\\/\",\"logo\":{\"@type\":\"ImageObject\",\"inLanguage\":\"fr-FR\",\"@id\":\"https:\\\/\\\/www.latribunedufaso.net\\\/#\\\/schema\\\/logo\\\/image\\\/\",\"url\":\"https:\\\/\\\/www.latribunedufaso.net\\\/wp-content\\\/uploads\\\/2020\\\/08\\\/Logo-Tribune-du-Faso-final-scaled.jpg\",\"contentUrl\":\"https:\\\/\\\/www.latribunedufaso.net\\\/wp-content\\\/uploads\\\/2020\\\/08\\\/Logo-Tribune-du-Faso-final-scaled.jpg\",\"width\":2560,\"height\":1856,\"caption\":\"La Tribune du Faso\"},\"image\":{\"@id\":\"https:\\\/\\\/www.latribunedufaso.net\\\/#\\\/schema\\\/logo\\\/image\\\/\"},\"sameAs\":[\"https:\\\/\\\/www.facebook.com\\\/LatribuneduFaso\\\/\"]},{\"@type\":\"Person\",\"@id\":\"https:\\\/\\\/www.latribunedufaso.net\\\/#\\\/schema\\\/person\\\/e54e64c5778a7e72cf80a318b7a622b0\",\"name\":\"Issouf Tapsoba\",\"image\":{\"@type\":\"ImageObject\",\"inLanguage\":\"fr-FR\",\"@id\":\"https:\\\/\\\/secure.gravatar.com\\\/avatar\\\/5e6c05150ce3230247d167f5b94d678eb05936197436d69b7921e3a95c9107ac?s=96&d=mm&r=g\",\"url\":\"https:\\\/\\\/secure.gravatar.com\\\/avatar\\\/5e6c05150ce3230247d167f5b94d678eb05936197436d69b7921e3a95c9107ac?s=96&d=mm&r=g\",\"contentUrl\":\"https:\\\/\\\/secure.gravatar.com\\\/avatar\\\/5e6c05150ce3230247d167f5b94d678eb05936197436d69b7921e3a95c9107ac?s=96&d=mm&r=g\",\"caption\":\"Issouf Tapsoba\"},\"url\":\"https:\\\/\\\/www.latribunedufaso.net\\\/?author=5\"}]}<\/script>\n<!-- \/ Yoast SEO plugin. -->","yoast_head_json":{"title":"36e Tour du Faso : Le Burkinab\u00e8 Souleymane Kon\u00e9 termine 2e \u00e0 la premi\u00e8re \u00e9tape\u00a0\u00a0 - La Tribune du Faso","robots":{"index":"index","follow":"follow","max-snippet":"max-snippet:-1","max-image-preview":"max-image-preview:large","max-video-preview":"max-video-preview:-1"},"canonical":"https:\/\/www.latribunedufaso.net\/?p=24436","og_locale":"fr_FR","og_type":"article","og_title":"36e Tour du Faso : Le Burkinab\u00e8 Souleymane Kon\u00e9 termine 2e \u00e0 la premi\u00e8re \u00e9tape\u00a0\u00a0 - La Tribune du Faso","og_description":"A l&rsquo;issue de la premi\u00e8re \u00e9tape de la 36e \u00e9dition du Tour du Faso, le Burkinab\u00e8 Souleymane KON\u00c9 a franchi la ligne d&rsquo;arriv\u00e9e \u00e0 la 2e place derri\u00e8re le Marocain El ALOUANI Driss. Au terme d\u2019une \u00e9tape tr\u00e8s anim\u00e9e de 120,28 km entre Ouagadougou et Koudougou, ALOUANI a remport\u00e9 la 1re \u00e9tape en 2h50\u201953\u2019\u2019, soit une vitesse moyenne de 42,232 km\/h ce vendredi 24 octobre 2025. Pr\u00e9sent dans un lot d&rsquo;\u00e9chapp\u00e9 en compagnie d\u2019une dizaine de coureurs, il a su sprinter au bon moment pour remporter la victoire, endossant \u00e0 la fois le maillot jaune et le maillot vert d\u00e9di\u00e9 \u00e0 la combativit\u00e9.","og_url":"https:\/\/www.latribunedufaso.net\/?p=24436","og_site_name":"La Tribune du Faso","article_publisher":"https:\/\/www.facebook.com\/LatribuneduFaso\/","article_published_time":"2025-10-24T19:50:43+00:00","og_image":[{"width":1280,"height":779,"url":"https:\/\/www.latribunedufaso.net\/wp-content\/uploads\/2025\/10\/FB_IMG_1761334877626.jpg","type":"image\/jpeg"}],"author":"Issouf Tapsoba","twitter_misc":{"\u00c9crit par":"Issouf Tapsoba","Dur\u00e9e de lecture estim\u00e9e":"1 minute"},"schema":{"@context":"https:\/\/schema.org","@graph":[{"@type":"Article","@id":"https:\/\/www.latribunedufaso.net\/?p=24436#article","isPartOf":{"@id":"https:\/\/www.latribunedufaso.net\/?p=24436"},"author":{"name":"Issouf Tapsoba","@id":"https:\/\/www.latribunedufaso.net\/#\/schema\/person\/e54e64c5778a7e72cf80a318b7a622b0"},"headline":"36e Tour du Faso : Le Burkinab\u00e8 Souleymane Kon\u00e9 termine 2e \u00e0 la premi\u00e8re \u00e9tape\u00a0\u00a0","datePublished":"2025-10-24T19:50:43+00:00","mainEntityOfPage":{"@id":"https:\/\/www.latribunedufaso.net\/?p=24436"},"wordCount":297,"commentCount":0,"publisher":{"@id":"https:\/\/www.latribunedufaso.net\/#organization"},"image":{"@id":"https:\/\/www.latribunedufaso.net\/?p=24436#primaryimage"},"thumbnailUrl":"https:\/\/www.latribunedufaso.net\/wp-content\/uploads\/2025\/10\/FB_IMG_1761334877626.jpg","keywords":["cyclisme","latribunedufaso.net","Tour du Faso"],"articleSection":["A la une","Actualit\u00e9","Sport"],"inLanguage":"fr-FR","potentialAction":[{"@type":"CommentAction","name":"Comment","target":["https:\/\/www.latribunedufaso.net\/?p=24436#respond"]}]},{"@type":"WebPage","@id":"https:\/\/www.latribunedufaso.net\/?p=24436","url":"https:\/\/www.latribunedufaso.net\/?p=24436","name":"36e Tour du Faso : Le Burkinab\u00e8 Souleymane Kon\u00e9 termine 2e \u00e0 la premi\u00e8re \u00e9tape\u00a0\u00a0 - La Tribune du Faso","isPartOf":{"@id":"https:\/\/www.latribunedufaso.net\/#website"},"primaryImageOfPage":{"@id":"https:\/\/www.latribunedufaso.net\/?p=24436#primaryimage"},"image":{"@id":"https:\/\/www.latribunedufaso.net\/?p=24436#primaryimage"},"thumbnailUrl":"https:\/\/www.latribunedufaso.net\/wp-content\/uploads\/2025\/10\/FB_IMG_1761334877626.jpg","datePublished":"2025-10-24T19:50:43+00:00","breadcrumb":{"@id":"https:\/\/www.latribunedufaso.net\/?p=24436#breadcrumb"},"inLanguage":"fr-FR","potentialAction":[{"@type":"ReadAction","target":["https:\/\/www.latribunedufaso.net\/?p=24436"]}]},{"@type":"ImageObject","inLanguage":"fr-FR","@id":"https:\/\/www.latribunedufaso.net\/?p=24436#primaryimage","url":"https:\/\/www.latribunedufaso.net\/wp-content\/uploads\/2025\/10\/FB_IMG_1761334877626.jpg","contentUrl":"https:\/\/www.latribunedufaso.net\/wp-content\/uploads\/2025\/10\/FB_IMG_1761334877626.jpg","width":1280,"height":779,"caption":"A l'issue de la premi\u00e8re \u00e9tape du Tour du Faso, Ouaga-KDG, le Marocain El ALOUANI Driss est maillot jaune, 24 octobre 2025"},{"@type":"BreadcrumbList","@id":"https:\/\/www.latribunedufaso.net\/?p=24436#breadcrumb","itemListElement":[{"@type":"ListItem","position":1,"name":"Accueil","item":"https:\/\/www.latribunedufaso.net\/"},{"@type":"ListItem","position":2,"name":"36e Tour du Faso : Le Burkinab\u00e8 Souleymane Kon\u00e9 termine 2e \u00e0 la premi\u00e8re \u00e9tape\u00a0\u00a0"}]},{"@type":"WebSite","@id":"https:\/\/www.latribunedufaso.net\/#website","url":"https:\/\/www.latribunedufaso.net\/","name":"La Tribune du Faso","description":"L&#039;information du monde rural en un clic","publisher":{"@id":"https:\/\/www.latribunedufaso.net\/#organization"},"potentialAction":[{"@type":"SearchAction","target":{"@type":"EntryPoint","urlTemplate":"https:\/\/www.latribunedufaso.net\/?s={search_term_string}"},"query-input":{"@type":"PropertyValueSpecification","valueRequired":true,"valueName":"search_term_string"}}],"inLanguage":"fr-FR"},{"@type":"Organization","@id":"https:\/\/www.latribunedufaso.net\/#organization","name":"La Tribune du Faso","url":"https:\/\/www.latribunedufaso.net\/","logo":{"@type":"ImageObject","inLanguage":"fr-FR","@id":"https:\/\/www.latribunedufaso.net\/#\/schema\/logo\/image\/","url":"https:\/\/www.latribunedufaso.net\/wp-content\/uploads\/2020\/08\/Logo-Tribune-du-Faso-final-scaled.jpg","contentUrl":"https:\/\/www.latribunedufaso.net\/wp-content\/uploads\/2020\/08\/Logo-Tribune-du-Faso-final-scaled.jpg","width":2560,"height":1856,"caption":"La Tribune du Faso"},"image":{"@id":"https:\/\/www.latribunedufaso.net\/#\/schema\/logo\/image\/"},"sameAs":["https:\/\/www.facebook.com\/LatribuneduFaso\/"]},{"@type":"Person","@id":"https:\/\/www.latribunedufaso.net\/#\/schema\/person\/e54e64c5778a7e72cf80a318b7a622b0","name":"Issouf Tapsoba","image":{"@type":"ImageObject","inLanguage":"fr-FR","@id":"https:\/\/secure.gravatar.com\/avatar\/5e6c05150ce3230247d167f5b94d678eb05936197436d69b7921e3a95c9107ac?s=96&d=mm&r=g","url":"https:\/\/secure.gravatar.com\/avatar\/5e6c05150ce3230247d167f5b94d678eb05936197436d69b7921e3a95c9107ac?s=96&d=mm&r=g","contentUrl":"https:\/\/secure.gravatar.com\/avatar\/5e6c05150ce3230247d167f5b94d678eb05936197436d69b7921e3a95c9107ac?s=96&d=mm&r=g","caption":"Issouf Tapsoba"},"url":"https:\/\/www.latribunedufaso.net\/?author=5"}]}},"_links":{"self":[{"href":"https:\/\/www.latribunedufaso.net\/index.php?rest_route=\/wp\/v2\/posts\/24436","targetHints":{"allow":["GET"]}}],"collection":[{"href":"https:\/\/www.latribunedufaso.net\/index.php?rest_route=\/wp\/v2\/posts"}],"about":[{"href":"https:\/\/www.latribunedufaso.net\/index.php?rest_route=\/wp\/v2\/types\/post"}],"author":[{"embeddable":true,"href":"https:\/\/www.latribunedufaso.net\/index.php?rest_route=\/wp\/v2\/users\/5"}],"replies":[{"embeddable":true,"href":"https:\/\/www.latribunedufaso.net\/index.php?rest_route=%2Fwp%2Fv2%2Fcomments&post=24436"}],"version-history":[{"count":1,"href":"https:\/\/www.latribunedufaso.net\/index.php?rest_route=\/wp\/v2\/posts\/24436\/revisions"}],"predecessor-version":[{"id":24443,"href":"https:\/\/www.latribunedufaso.net\/index.php?rest_route=\/wp\/v2\/posts\/24436\/revisions\/24443"}],"wp:featuredmedia":[{"embeddable":true,"href":"https:\/\/www.latribunedufaso.net\/index.php?rest_route=\/wp\/v2\/media\/24437"}],"wp:attachment":[{"href":"https:\/\/www.latribunedufaso.net\/index.php?rest_route=%2Fwp%2Fv2%2Fmedia&parent=24436"}],"wp:term":[{"taxonomy":"category","embeddable":true,"href":"https:\/\/www.latribunedufaso.net\/index.php?rest_route=%2Fwp%2Fv2%2Fcategories&post=24436"},{"taxonomy":"post_tag","embeddable":true,"href":"https:\/\/www.latribunedufaso.net\/index.php?rest_route=%2Fwp%2Fv2%2Ftags&post=24436"}],"curies":[{"name":"wp","href":"https:\/\/api.w.org\/{rel}","templated":true}]}}