{"id":24409,"date":"2025-10-23T17:14:58","date_gmt":"2025-10-23T17:14:58","guid":{"rendered":"https:\/\/www.latribunedufaso.net\/?p=24409"},"modified":"2025-10-23T17:14:58","modified_gmt":"2025-10-23T17:14:58","slug":"conseil-des-ministres-du-23-octobre-2025-un-avant-projet-de-loi-portant-code-de-lurbanisme-et-de-la-construction-adopte","status":"publish","type":"post","link":"https:\/\/www.latribunedufaso.net\/?p=24409","title":{"rendered":"Conseil des ministres du 23 octobre 2025 :\u00a0Un avant-projet de loi portant Code de l\u2019urbanisme et de la construction adopt\u00e9"},"content":{"rendered":"<p><strong>Le Pr\u00e9sident du Faso, Chef de l\u2019\u00c9tat, le Capitaine Ibrahim TRAOR\u00c9, a pr\u00e9sid\u00e9, ce jeudi 23 octobre 2025 \u00e0 Ouagadougou, l\u2019hebdomadaire Conseil des ministres. Cette session ordinaire a examin\u00e9 et adopt\u00e9 plusieurs dossiers et pris d\u2019importantes d\u00e9cisions pour la bonne marche de la Nation, selon le Porte-parole du Gouvernement, Pingdwend\u00e9 Gilbert OUEDRAOGO.<\/strong><!--more--><\/p>\n<p>Au titre du minist\u00e8re de l\u2019Urbanisme et de l\u2019Habitat, le Conseil a adopt\u00e9 un avant-projet de loi portant Code de l\u2019urbanisme et de la construction au Burkina Faso. Selon le Ministre Mika\u00eflou SIDIB\u00c9, il s\u2019agit d\u2019une r\u00e9vision du code actuel qui date de 2006, avec pour objectif de prendre en compte l&rsquo;\u00e9volution institutionnelle et l\u00e9gislative, et de pouvoir traiter et pr\u00e9ciser certaines mati\u00e8res qui \u00e9taient insuffisamment prises en compte dans l&rsquo;ancien code.<\/p>\n<figure id=\"attachment_24411\" aria-describedby=\"caption-attachment-24411\" style=\"width: 998px\" class=\"wp-caption aligncenter\"><a href=\"https:\/\/www.latribunedufaso.net\/wp-content\/uploads\/2025\/10\/IMG-20251023-WA0130.jpg\"><img loading=\"lazy\" decoding=\"async\" class=\"size-full wp-image-24411\" src=\"https:\/\/www.latribunedufaso.net\/wp-content\/uploads\/2025\/10\/IMG-20251023-WA0130.jpg\" alt=\"Conseil des ministres du 23 octobre 2025\" width=\"998\" height=\"1280\" srcset=\"https:\/\/www.latribunedufaso.net\/wp-content\/uploads\/2025\/10\/IMG-20251023-WA0130.jpg 998w, https:\/\/www.latribunedufaso.net\/wp-content\/uploads\/2025\/10\/IMG-20251023-WA0130-234x300.jpg 234w, https:\/\/www.latribunedufaso.net\/wp-content\/uploads\/2025\/10\/IMG-20251023-WA0130-798x1024.jpg 798w, https:\/\/www.latribunedufaso.net\/wp-content\/uploads\/2025\/10\/IMG-20251023-WA0130-768x985.jpg 768w\" sizes=\"auto, (max-width: 998px) 100vw, 998px\" \/><\/a><figcaption id=\"caption-attachment-24411\" class=\"wp-caption-text\">Le ministre de l&rsquo;Urbanisme et de l&rsquo;Habitat, Mika\u00eflou SIDIB\u00c9 &#8211; Ph. DR<\/figcaption><\/figure>\n<p>Plusieurs innovations ont \u00e9t\u00e9 introduites dans ce nouveau code pour simplifier les proc\u00e9dures. La premi\u00e8re innovation porte sur l\u2019all\u00e8gement de la proc\u00e9dure d\u2019obtention des autorisations de construire, et la rationalisation des structures en charge de ces questions.<\/p>\n<p>La deuxi\u00e8me innovation consiste \u00e0 la cat\u00e9gorisation des autorisations, avec d&rsquo;un c\u00f4t\u00e9 les autorisations de construire, comme le permis de construire, le permis de d\u00e9molir, et de l\u2019autre c\u00f4t\u00e9, l\u2019instauration du permis d\u2019occuper, une pi\u00e8ce alternative au certificat de conformit\u00e9 pour permettre aux b\u00e2timents qui n\u2019en disposent pas d\u2019\u00eatre mis en exploitation.<\/p>\n<p>La troisi\u00e8me innovation concerne le plan d&rsquo;urbanisme. <em><strong>\u00ab Ce document permet aux collectivit\u00e9s territoriales de pouvoir organiser leur territoire, et surtout de disposer d&rsquo;un document strat\u00e9gique qui permet de planifier l&rsquo;occupation de l&rsquo;espace \u00bb<\/strong><\/em>, pr\u00e9cise le Ministre Mika\u00eflou SIDIB\u00c9.\u00a0<\/p>\n<blockquote>\n<p>Lire aussi &gt;&gt; <a href=\"https:\/\/www.latribunedufaso.net\/?p=22748\">\u00c9valuation des contrats d\u2019objectifs 2025 : 60,23% pour le minist\u00e8re de l\u2019Urbanisme et de l\u2019Habitat<\/a><\/p>\n<\/blockquote>\n<p>Ce nouveau code aborde \u00e9galement la probl\u00e9matique du stationnement dans l&rsquo;espace urbain. Il contraint ceux qui construisent les \u00e9tablissements qui re\u00e7oivent du public \u00e0 pr\u00e9voir des parkings pour le stationnement.<\/p>\n<p><strong>Latribunedufaso.net<\/strong><\/p>\n<p><strong>Source : Direction de la communication de la Pr\u00e9sidence du Faso<\/strong><\/p>\n","protected":false},"excerpt":{"rendered":"<p>Le Pr\u00e9sident du Faso, Chef de l\u2019\u00c9tat, le Capitaine Ibrahim TRAOR\u00c9, a pr\u00e9sid\u00e9, ce jeudi 23 octobre 2025 \u00e0 Ouagadougou, l\u2019hebdomadaire Conseil des ministres. Cette session ordinaire a examin\u00e9 et adopt\u00e9 plusieurs dossiers et pris d\u2019importantes d\u00e9cisions pour la bonne marche de la Nation, selon le Porte-parole du Gouvernement, Pingdwend\u00e9 Gilbert OUEDRAOGO.<\/p>\n","protected":false},"author":5,"featured_media":24410,"comment_status":"open","ping_status":"open","sticky":false,"template":"","format":"standard","meta":{"footnotes":""},"categories":[13,1,21],"tags":[39,1699,1698],"class_list":["post-24409","post","type-post","status-publish","format-standard","has-post-thumbnail","hentry","category-une","category-actu","category-conseil-des-ministres","tag-latribunedufaso-net","tag-nouveau-code-de-lurbanisme-burkina","tag-urbanisme"],"yoast_head":"<!-- This site is optimized with the Yoast SEO plugin v27.4 - https:\/\/yoast.com\/product\/yoast-seo-wordpress\/ -->\n<title>Conseil des ministres du 23 octobre 2025 :\u00a0Un avant-projet de loi portant Code de l\u2019urbanisme et de la construction adopt\u00e9 - La Tribune du Faso<\/title>\n<meta name=\"robots\" content=\"index, follow, max-snippet:-1, max-image-preview:large, max-video-preview:-1\" \/>\n<link rel=\"canonical\" href=\"https:\/\/www.latribunedufaso.net\/?p=24409\" \/>\n<meta property=\"og:locale\" content=\"fr_FR\" \/>\n<meta property=\"og:type\" content=\"article\" \/>\n<meta property=\"og:title\" content=\"Conseil des ministres du 23 octobre 2025 :\u00a0Un avant-projet de loi portant Code de l\u2019urbanisme et de la construction adopt\u00e9 - La Tribune du Faso\" \/>\n<meta property=\"og:description\" content=\"Le Pr\u00e9sident du Faso, Chef de l\u2019\u00c9tat, le Capitaine Ibrahim TRAOR\u00c9, a pr\u00e9sid\u00e9, ce jeudi 23 octobre 2025 \u00e0 Ouagadougou, l\u2019hebdomadaire Conseil des ministres. Cette session ordinaire a examin\u00e9 et adopt\u00e9 plusieurs dossiers et pris d\u2019importantes d\u00e9cisions pour la bonne marche de la Nation, selon le Porte-parole du Gouvernement, Pingdwend\u00e9 Gilbert OUEDRAOGO.\" \/>\n<meta property=\"og:url\" content=\"https:\/\/www.latribunedufaso.net\/?p=24409\" \/>\n<meta property=\"og:site_name\" content=\"La Tribune du Faso\" \/>\n<meta property=\"article:publisher\" content=\"https:\/\/www.facebook.com\/LatribuneduFaso\/\" \/>\n<meta property=\"article:published_time\" content=\"2025-10-23T17:14:58+00:00\" \/>\n<meta property=\"og:image\" content=\"https:\/\/www.latribunedufaso.net\/wp-content\/uploads\/2025\/10\/IMG-20251023-WA0133-scaled.jpg\" \/>\n\t<meta property=\"og:image:width\" content=\"2560\" \/>\n\t<meta property=\"og:image:height\" content=\"1703\" \/>\n\t<meta property=\"og:image:type\" content=\"image\/jpeg\" \/>\n<meta name=\"author\" content=\"Issouf Tapsoba\" \/>\n<meta name=\"twitter:label1\" content=\"\u00c9crit par\" \/>\n\t<meta name=\"twitter:data1\" content=\"Issouf Tapsoba\" \/>\n\t<meta name=\"twitter:label2\" content=\"Dur\u00e9e de lecture estim\u00e9e\" \/>\n\t<meta name=\"twitter:data2\" content=\"2 minutes\" \/>\n<script type=\"application\/ld+json\" class=\"yoast-schema-graph\">{\"@context\":\"https:\\\/\\\/schema.org\",\"@graph\":[{\"@type\":\"Article\",\"@id\":\"https:\\\/\\\/www.latribunedufaso.net\\\/?p=24409#article\",\"isPartOf\":{\"@id\":\"https:\\\/\\\/www.latribunedufaso.net\\\/?p=24409\"},\"author\":{\"name\":\"Issouf Tapsoba\",\"@id\":\"https:\\\/\\\/www.latribunedufaso.net\\\/#\\\/schema\\\/person\\\/e54e64c5778a7e72cf80a318b7a622b0\"},\"headline\":\"Conseil des ministres du 23 octobre 2025 :\u00a0Un avant-projet de loi portant Code de l\u2019urbanisme et de la construction adopt\u00e9\",\"datePublished\":\"2025-10-23T17:14:58+00:00\",\"mainEntityOfPage\":{\"@id\":\"https:\\\/\\\/www.latribunedufaso.net\\\/?p=24409\"},\"wordCount\":399,\"commentCount\":0,\"publisher\":{\"@id\":\"https:\\\/\\\/www.latribunedufaso.net\\\/#organization\"},\"image\":{\"@id\":\"https:\\\/\\\/www.latribunedufaso.net\\\/?p=24409#primaryimage\"},\"thumbnailUrl\":\"https:\\\/\\\/www.latribunedufaso.net\\\/wp-content\\\/uploads\\\/2025\\\/10\\\/IMG-20251023-WA0133-scaled.jpg\",\"keywords\":[\"latribunedufaso.net\",\"Nouveau code de l'urbanisme Burkina\",\"Urbanisme\"],\"articleSection\":[\"A la une\",\"Actualit\u00e9\",\"Conseil des ministres\"],\"inLanguage\":\"fr-FR\",\"potentialAction\":[{\"@type\":\"CommentAction\",\"name\":\"Comment\",\"target\":[\"https:\\\/\\\/www.latribunedufaso.net\\\/?p=24409#respond\"]}]},{\"@type\":\"WebPage\",\"@id\":\"https:\\\/\\\/www.latribunedufaso.net\\\/?p=24409\",\"url\":\"https:\\\/\\\/www.latribunedufaso.net\\\/?p=24409\",\"name\":\"Conseil des ministres du 23 octobre 2025 :\u00a0Un avant-projet de loi portant Code de l\u2019urbanisme et de la construction adopt\u00e9 - La Tribune du Faso\",\"isPartOf\":{\"@id\":\"https:\\\/\\\/www.latribunedufaso.net\\\/#website\"},\"primaryImageOfPage\":{\"@id\":\"https:\\\/\\\/www.latribunedufaso.net\\\/?p=24409#primaryimage\"},\"image\":{\"@id\":\"https:\\\/\\\/www.latribunedufaso.net\\\/?p=24409#primaryimage\"},\"thumbnailUrl\":\"https:\\\/\\\/www.latribunedufaso.net\\\/wp-content\\\/uploads\\\/2025\\\/10\\\/IMG-20251023-WA0133-scaled.jpg\",\"datePublished\":\"2025-10-23T17:14:58+00:00\",\"breadcrumb\":{\"@id\":\"https:\\\/\\\/www.latribunedufaso.net\\\/?p=24409#breadcrumb\"},\"inLanguage\":\"fr-FR\",\"potentialAction\":[{\"@type\":\"ReadAction\",\"target\":[\"https:\\\/\\\/www.latribunedufaso.net\\\/?p=24409\"]}]},{\"@type\":\"ImageObject\",\"inLanguage\":\"fr-FR\",\"@id\":\"https:\\\/\\\/www.latribunedufaso.net\\\/?p=24409#primaryimage\",\"url\":\"https:\\\/\\\/www.latribunedufaso.net\\\/wp-content\\\/uploads\\\/2025\\\/10\\\/IMG-20251023-WA0133-scaled.jpg\",\"contentUrl\":\"https:\\\/\\\/www.latribunedufaso.net\\\/wp-content\\\/uploads\\\/2025\\\/10\\\/IMG-20251023-WA0133-scaled.jpg\",\"width\":2560,\"height\":1703,\"caption\":\"Conseil des ministres du 23 octobre 2025\"},{\"@type\":\"BreadcrumbList\",\"@id\":\"https:\\\/\\\/www.latribunedufaso.net\\\/?p=24409#breadcrumb\",\"itemListElement\":[{\"@type\":\"ListItem\",\"position\":1,\"name\":\"Accueil\",\"item\":\"https:\\\/\\\/www.latribunedufaso.net\\\/\"},{\"@type\":\"ListItem\",\"position\":2,\"name\":\"Conseil des ministres du 23 octobre 2025 :\u00a0Un avant-projet de loi portant Code de l\u2019urbanisme et de la construction adopt\u00e9\"}]},{\"@type\":\"WebSite\",\"@id\":\"https:\\\/\\\/www.latribunedufaso.net\\\/#website\",\"url\":\"https:\\\/\\\/www.latribunedufaso.net\\\/\",\"name\":\"La Tribune du Faso\",\"description\":\"L&#039;information du monde rural en un clic\",\"publisher\":{\"@id\":\"https:\\\/\\\/www.latribunedufaso.net\\\/#organization\"},\"potentialAction\":[{\"@type\":\"SearchAction\",\"target\":{\"@type\":\"EntryPoint\",\"urlTemplate\":\"https:\\\/\\\/www.latribunedufaso.net\\\/?s={search_term_string}\"},\"query-input\":{\"@type\":\"PropertyValueSpecification\",\"valueRequired\":true,\"valueName\":\"search_term_string\"}}],\"inLanguage\":\"fr-FR\"},{\"@type\":\"Organization\",\"@id\":\"https:\\\/\\\/www.latribunedufaso.net\\\/#organization\",\"name\":\"La Tribune du Faso\",\"url\":\"https:\\\/\\\/www.latribunedufaso.net\\\/\",\"logo\":{\"@type\":\"ImageObject\",\"inLanguage\":\"fr-FR\",\"@id\":\"https:\\\/\\\/www.latribunedufaso.net\\\/#\\\/schema\\\/logo\\\/image\\\/\",\"url\":\"https:\\\/\\\/www.latribunedufaso.net\\\/wp-content\\\/uploads\\\/2020\\\/08\\\/Logo-Tribune-du-Faso-final-scaled.jpg\",\"contentUrl\":\"https:\\\/\\\/www.latribunedufaso.net\\\/wp-content\\\/uploads\\\/2020\\\/08\\\/Logo-Tribune-du-Faso-final-scaled.jpg\",\"width\":2560,\"height\":1856,\"caption\":\"La Tribune du Faso\"},\"image\":{\"@id\":\"https:\\\/\\\/www.latribunedufaso.net\\\/#\\\/schema\\\/logo\\\/image\\\/\"},\"sameAs\":[\"https:\\\/\\\/www.facebook.com\\\/LatribuneduFaso\\\/\"]},{\"@type\":\"Person\",\"@id\":\"https:\\\/\\\/www.latribunedufaso.net\\\/#\\\/schema\\\/person\\\/e54e64c5778a7e72cf80a318b7a622b0\",\"name\":\"Issouf Tapsoba\",\"image\":{\"@type\":\"ImageObject\",\"inLanguage\":\"fr-FR\",\"@id\":\"https:\\\/\\\/secure.gravatar.com\\\/avatar\\\/5e6c05150ce3230247d167f5b94d678eb05936197436d69b7921e3a95c9107ac?s=96&d=mm&r=g\",\"url\":\"https:\\\/\\\/secure.gravatar.com\\\/avatar\\\/5e6c05150ce3230247d167f5b94d678eb05936197436d69b7921e3a95c9107ac?s=96&d=mm&r=g\",\"contentUrl\":\"https:\\\/\\\/secure.gravatar.com\\\/avatar\\\/5e6c05150ce3230247d167f5b94d678eb05936197436d69b7921e3a95c9107ac?s=96&d=mm&r=g\",\"caption\":\"Issouf Tapsoba\"},\"url\":\"https:\\\/\\\/www.latribunedufaso.net\\\/?author=5\"}]}<\/script>\n<!-- \/ Yoast SEO plugin. -->","yoast_head_json":{"title":"Conseil des ministres du 23 octobre 2025 :\u00a0Un avant-projet de loi portant Code de l\u2019urbanisme et de la construction adopt\u00e9 - La Tribune du Faso","robots":{"index":"index","follow":"follow","max-snippet":"max-snippet:-1","max-image-preview":"max-image-preview:large","max-video-preview":"max-video-preview:-1"},"canonical":"https:\/\/www.latribunedufaso.net\/?p=24409","og_locale":"fr_FR","og_type":"article","og_title":"Conseil des ministres du 23 octobre 2025 :\u00a0Un avant-projet de loi portant Code de l\u2019urbanisme et de la construction adopt\u00e9 - La Tribune du Faso","og_description":"Le Pr\u00e9sident du Faso, Chef de l\u2019\u00c9tat, le Capitaine Ibrahim TRAOR\u00c9, a pr\u00e9sid\u00e9, ce jeudi 23 octobre 2025 \u00e0 Ouagadougou, l\u2019hebdomadaire Conseil des ministres. Cette session ordinaire a examin\u00e9 et adopt\u00e9 plusieurs dossiers et pris d\u2019importantes d\u00e9cisions pour la bonne marche de la Nation, selon le Porte-parole du Gouvernement, Pingdwend\u00e9 Gilbert OUEDRAOGO.","og_url":"https:\/\/www.latribunedufaso.net\/?p=24409","og_site_name":"La Tribune du Faso","article_publisher":"https:\/\/www.facebook.com\/LatribuneduFaso\/","article_published_time":"2025-10-23T17:14:58+00:00","og_image":[{"width":2560,"height":1703,"url":"https:\/\/www.latribunedufaso.net\/wp-content\/uploads\/2025\/10\/IMG-20251023-WA0133-scaled.jpg","type":"image\/jpeg"}],"author":"Issouf Tapsoba","twitter_misc":{"\u00c9crit par":"Issouf Tapsoba","Dur\u00e9e de lecture estim\u00e9e":"2 minutes"},"schema":{"@context":"https:\/\/schema.org","@graph":[{"@type":"Article","@id":"https:\/\/www.latribunedufaso.net\/?p=24409#article","isPartOf":{"@id":"https:\/\/www.latribunedufaso.net\/?p=24409"},"author":{"name":"Issouf Tapsoba","@id":"https:\/\/www.latribunedufaso.net\/#\/schema\/person\/e54e64c5778a7e72cf80a318b7a622b0"},"headline":"Conseil des ministres du 23 octobre 2025 :\u00a0Un avant-projet de loi portant Code de l\u2019urbanisme et de la construction adopt\u00e9","datePublished":"2025-10-23T17:14:58+00:00","mainEntityOfPage":{"@id":"https:\/\/www.latribunedufaso.net\/?p=24409"},"wordCount":399,"commentCount":0,"publisher":{"@id":"https:\/\/www.latribunedufaso.net\/#organization"},"image":{"@id":"https:\/\/www.latribunedufaso.net\/?p=24409#primaryimage"},"thumbnailUrl":"https:\/\/www.latribunedufaso.net\/wp-content\/uploads\/2025\/10\/IMG-20251023-WA0133-scaled.jpg","keywords":["latribunedufaso.net","Nouveau code de l'urbanisme Burkina","Urbanisme"],"articleSection":["A la une","Actualit\u00e9","Conseil des ministres"],"inLanguage":"fr-FR","potentialAction":[{"@type":"CommentAction","name":"Comment","target":["https:\/\/www.latribunedufaso.net\/?p=24409#respond"]}]},{"@type":"WebPage","@id":"https:\/\/www.latribunedufaso.net\/?p=24409","url":"https:\/\/www.latribunedufaso.net\/?p=24409","name":"Conseil des ministres du 23 octobre 2025 :\u00a0Un avant-projet de loi portant Code de l\u2019urbanisme et de la construction adopt\u00e9 - La Tribune du Faso","isPartOf":{"@id":"https:\/\/www.latribunedufaso.net\/#website"},"primaryImageOfPage":{"@id":"https:\/\/www.latribunedufaso.net\/?p=24409#primaryimage"},"image":{"@id":"https:\/\/www.latribunedufaso.net\/?p=24409#primaryimage"},"thumbnailUrl":"https:\/\/www.latribunedufaso.net\/wp-content\/uploads\/2025\/10\/IMG-20251023-WA0133-scaled.jpg","datePublished":"2025-10-23T17:14:58+00:00","breadcrumb":{"@id":"https:\/\/www.latribunedufaso.net\/?p=24409#breadcrumb"},"inLanguage":"fr-FR","potentialAction":[{"@type":"ReadAction","target":["https:\/\/www.latribunedufaso.net\/?p=24409"]}]},{"@type":"ImageObject","inLanguage":"fr-FR","@id":"https:\/\/www.latribunedufaso.net\/?p=24409#primaryimage","url":"https:\/\/www.latribunedufaso.net\/wp-content\/uploads\/2025\/10\/IMG-20251023-WA0133-scaled.jpg","contentUrl":"https:\/\/www.latribunedufaso.net\/wp-content\/uploads\/2025\/10\/IMG-20251023-WA0133-scaled.jpg","width":2560,"height":1703,"caption":"Conseil des ministres du 23 octobre 2025"},{"@type":"BreadcrumbList","@id":"https:\/\/www.latribunedufaso.net\/?p=24409#breadcrumb","itemListElement":[{"@type":"ListItem","position":1,"name":"Accueil","item":"https:\/\/www.latribunedufaso.net\/"},{"@type":"ListItem","position":2,"name":"Conseil des ministres du 23 octobre 2025 :\u00a0Un avant-projet de loi portant Code de l\u2019urbanisme et de la construction adopt\u00e9"}]},{"@type":"WebSite","@id":"https:\/\/www.latribunedufaso.net\/#website","url":"https:\/\/www.latribunedufaso.net\/","name":"La Tribune du Faso","description":"L&#039;information du monde rural en un clic","publisher":{"@id":"https:\/\/www.latribunedufaso.net\/#organization"},"potentialAction":[{"@type":"SearchAction","target":{"@type":"EntryPoint","urlTemplate":"https:\/\/www.latribunedufaso.net\/?s={search_term_string}"},"query-input":{"@type":"PropertyValueSpecification","valueRequired":true,"valueName":"search_term_string"}}],"inLanguage":"fr-FR"},{"@type":"Organization","@id":"https:\/\/www.latribunedufaso.net\/#organization","name":"La Tribune du Faso","url":"https:\/\/www.latribunedufaso.net\/","logo":{"@type":"ImageObject","inLanguage":"fr-FR","@id":"https:\/\/www.latribunedufaso.net\/#\/schema\/logo\/image\/","url":"https:\/\/www.latribunedufaso.net\/wp-content\/uploads\/2020\/08\/Logo-Tribune-du-Faso-final-scaled.jpg","contentUrl":"https:\/\/www.latribunedufaso.net\/wp-content\/uploads\/2020\/08\/Logo-Tribune-du-Faso-final-scaled.jpg","width":2560,"height":1856,"caption":"La Tribune du Faso"},"image":{"@id":"https:\/\/www.latribunedufaso.net\/#\/schema\/logo\/image\/"},"sameAs":["https:\/\/www.facebook.com\/LatribuneduFaso\/"]},{"@type":"Person","@id":"https:\/\/www.latribunedufaso.net\/#\/schema\/person\/e54e64c5778a7e72cf80a318b7a622b0","name":"Issouf Tapsoba","image":{"@type":"ImageObject","inLanguage":"fr-FR","@id":"https:\/\/secure.gravatar.com\/avatar\/5e6c05150ce3230247d167f5b94d678eb05936197436d69b7921e3a95c9107ac?s=96&d=mm&r=g","url":"https:\/\/secure.gravatar.com\/avatar\/5e6c05150ce3230247d167f5b94d678eb05936197436d69b7921e3a95c9107ac?s=96&d=mm&r=g","contentUrl":"https:\/\/secure.gravatar.com\/avatar\/5e6c05150ce3230247d167f5b94d678eb05936197436d69b7921e3a95c9107ac?s=96&d=mm&r=g","caption":"Issouf Tapsoba"},"url":"https:\/\/www.latribunedufaso.net\/?author=5"}]}},"_links":{"self":[{"href":"https:\/\/www.latribunedufaso.net\/index.php?rest_route=\/wp\/v2\/posts\/24409","targetHints":{"allow":["GET"]}}],"collection":[{"href":"https:\/\/www.latribunedufaso.net\/index.php?rest_route=\/wp\/v2\/posts"}],"about":[{"href":"https:\/\/www.latribunedufaso.net\/index.php?rest_route=\/wp\/v2\/types\/post"}],"author":[{"embeddable":true,"href":"https:\/\/www.latribunedufaso.net\/index.php?rest_route=\/wp\/v2\/users\/5"}],"replies":[{"embeddable":true,"href":"https:\/\/www.latribunedufaso.net\/index.php?rest_route=%2Fwp%2Fv2%2Fcomments&post=24409"}],"version-history":[{"count":1,"href":"https:\/\/www.latribunedufaso.net\/index.php?rest_route=\/wp\/v2\/posts\/24409\/revisions"}],"predecessor-version":[{"id":24413,"href":"https:\/\/www.latribunedufaso.net\/index.php?rest_route=\/wp\/v2\/posts\/24409\/revisions\/24413"}],"wp:featuredmedia":[{"embeddable":true,"href":"https:\/\/www.latribunedufaso.net\/index.php?rest_route=\/wp\/v2\/media\/24410"}],"wp:attachment":[{"href":"https:\/\/www.latribunedufaso.net\/index.php?rest_route=%2Fwp%2Fv2%2Fmedia&parent=24409"}],"wp:term":[{"taxonomy":"category","embeddable":true,"href":"https:\/\/www.latribunedufaso.net\/index.php?rest_route=%2Fwp%2Fv2%2Fcategories&post=24409"},{"taxonomy":"post_tag","embeddable":true,"href":"https:\/\/www.latribunedufaso.net\/index.php?rest_route=%2Fwp%2Fv2%2Ftags&post=24409"}],"curies":[{"name":"wp","href":"https:\/\/api.w.org\/{rel}","templated":true}]}}