{"id":24383,"date":"2025-10-20T16:32:22","date_gmt":"2025-10-20T16:32:22","guid":{"rendered":"https:\/\/www.latribunedufaso.net\/?p=24383"},"modified":"2025-12-17T18:59:56","modified_gmt":"2025-12-17T18:59:56","slug":"medecins-specialistes-le-ministere-de-la-sante-autorise-les-vacations-dans-le-prive","status":"publish","type":"post","link":"https:\/\/www.latribunedufaso.net\/?p=24383","title":{"rendered":"M\u00e9decins sp\u00e9cialistes : Le minist\u00e8re de la Sant\u00e9 autorise les vacations dans le priv\u00e9"},"content":{"rendered":"<p><strong>Les m\u00e9decins, pharmaciens et chirurgiens-dentistes sp\u00e9cialistes sont d\u00e9sormais autoris\u00e9s \u00e0 poursuivre leurs vacations dans les \u00e9tablissements de sant\u00e9 priv\u00e9s. Le minist\u00e8re de la Sant\u00e9 a annonc\u00e9 cette <em>\u00ab autorisation exceptionnelle \u00bb<\/em> lors d\u2019un point de presse tenu ce 20 octobre 2025 \u00e0 Ouagadougou.<\/strong><!--more--><\/p>\n<p>Le minist\u00e8re de la Sant\u00e9 a annonc\u00e9 une autorisation exceptionnelle permettant aux m\u00e9decins, pharmaciens et chirurgiens-dentistes sp\u00e9cialistes du secteur public de reprendre leurs vacations dans les \u00e9tablissements de sant\u00e9 priv\u00e9s. Cette mesure, vise \u00e0 r\u00e9pondre \u00e0 une situation jug\u00e9e pr\u00e9occupante depuis la fin de la p\u00e9riode de vacations en septembre dernier.<\/p>\n<h3>Une mesure transitoire face \u00e0 une crise dans les soins sp\u00e9cialis\u00e9s<\/h3>\n<p>Lors d\u2019un point de presse tenu ce lundi \u00e0 Ouagadougou, le ministre de la Sant\u00e9, Dr Robert Kargougou, a justifi\u00e9 cette d\u00e9cision par la quasi-inexistence de sp\u00e9cialistes dans de nombreuses structures de sant\u00e9 priv\u00e9es. Une situation qui a fortement perturb\u00e9 l\u2019acc\u00e8s aux soins pour les pathologies chroniques et mis en p\u00e9ril le mod\u00e8le \u00e9conomique de certains \u00e9tablissements priv\u00e9s.<\/p>\n<figure id=\"attachment_24386\" aria-describedby=\"caption-attachment-24386\" style=\"width: 887px\" class=\"wp-caption aligncenter\"><a href=\"https:\/\/www.latribunedufaso.net\/wp-content\/uploads\/2025\/10\/FB_IMG_1761172638343.jpg\"><img loading=\"lazy\" decoding=\"async\" class=\"size-full wp-image-24386\" src=\"https:\/\/www.latribunedufaso.net\/wp-content\/uploads\/2025\/10\/FB_IMG_1761172638343.jpg\" alt=\"Conf\u00e9rence de presse du minist\u00e8re de la sant\u00e9 sur l'autorisation sp\u00e9ciale accord\u00e9e au personnel de sant\u00e9 du public de faire des vacations dans le priv\u00e9, 20 octobre 2025\" width=\"887\" height=\"720\" srcset=\"https:\/\/www.latribunedufaso.net\/wp-content\/uploads\/2025\/10\/FB_IMG_1761172638343.jpg 887w, https:\/\/www.latribunedufaso.net\/wp-content\/uploads\/2025\/10\/FB_IMG_1761172638343-300x244.jpg 300w, https:\/\/www.latribunedufaso.net\/wp-content\/uploads\/2025\/10\/FB_IMG_1761172638343-768x623.jpg 768w\" sizes=\"auto, (max-width: 887px) 100vw, 887px\" \/><\/a><figcaption id=\"caption-attachment-24386\" class=\"wp-caption-text\">Le ministre de la Sant\u00e9, Dr Robert Kargougou &#8211; Ph. DR<\/figcaption><\/figure>\n<p><em><strong>\u00ab L\u2019arr\u00eat des vacations des sp\u00e9cialistes a eu un impact direct sur la prise en charge des patients sp\u00e9cifiques, dont les cas sont souvent urgents ou complexes \u00bb,<\/strong><\/em> a d\u00e9clar\u00e9 le ministre.<\/p>\n<h3>Une autorisation encadr\u00e9e pour \u00e9viter les d\u00e9rives<\/h3>\n<p>Le minist\u00e8re entend toutefois encadrer strictement cette reprise des vacations \u00e0 travers une circulaire dat\u00e9e du 14 octobre 2025. Cette circulaire vise \u00e0 garantir l\u2019\u00e9quit\u00e9 dans l\u2019acc\u00e8s aux soins, \u00e0 pr\u00e9venir les conflits d\u2019int\u00e9r\u00eats et \u00e0 assurer la disponibilit\u00e9 effective des sp\u00e9cialistes dans les h\u00f4pitaux publics.<\/p>\n<p><em><strong>\u00ab Cette mesure n\u2019est que transitoire, en attendant que les \u00e9tablissements priv\u00e9s recrutent leurs propres sp\u00e9cialistes \u00bb,<\/strong><\/em> a pr\u00e9cis\u00e9 Robert Kargougou.<\/p>\n<figure id=\"attachment_24387\" aria-describedby=\"caption-attachment-24387\" style=\"width: 2560px\" class=\"wp-caption aligncenter\"><a href=\"https:\/\/www.latribunedufaso.net\/wp-content\/uploads\/2025\/10\/IMG-20251022-WA0008.jpg\"><img loading=\"lazy\" decoding=\"async\" class=\"size-full wp-image-24387\" src=\"https:\/\/www.latribunedufaso.net\/wp-content\/uploads\/2025\/10\/IMG-20251022-WA0008.jpg\" alt=\"Conf\u00e9rence de presse du minist\u00e8re de la sant\u00e9 sur l'autorisation sp\u00e9ciale accord\u00e9e au personnel de sant\u00e9 du public de faire des vacations dans le priv\u00e9, 20 octobre 2025\" width=\"2560\" height=\"1927\" srcset=\"https:\/\/www.latribunedufaso.net\/wp-content\/uploads\/2025\/10\/IMG-20251022-WA0008.jpg 2560w, https:\/\/www.latribunedufaso.net\/wp-content\/uploads\/2025\/10\/IMG-20251022-WA0008-300x226.jpg 300w, https:\/\/www.latribunedufaso.net\/wp-content\/uploads\/2025\/10\/IMG-20251022-WA0008-1024x771.jpg 1024w, https:\/\/www.latribunedufaso.net\/wp-content\/uploads\/2025\/10\/IMG-20251022-WA0008-768x578.jpg 768w, https:\/\/www.latribunedufaso.net\/wp-content\/uploads\/2025\/10\/IMG-20251022-WA0008-1536x1156.jpg 1536w, https:\/\/www.latribunedufaso.net\/wp-content\/uploads\/2025\/10\/IMG-20251022-WA0008-2048x1542.jpg 2048w\" sizes=\"auto, (max-width: 2560px) 100vw, 2560px\" \/><\/a><figcaption id=\"caption-attachment-24387\" class=\"wp-caption-text\">Une vue des journalistes \u00e0 la conf\u00e9rence de presse &#8211; Ph. A. Kiendrebeogo<\/figcaption><\/figure>\n<h3>R\u00e9formes dans les h\u00f4pitaux publics<\/h3>\n<p>En parall\u00e8le, plusieurs mesures ont \u00e9t\u00e9 prises pour am\u00e9liorer l\u2019offre de soins dans les structures publiques, notamment l\u2019instauration de consultations en soir\u00e9e, le renforcement de l\u2019organisation des services hospitaliers selon les horaires de la fonction publique hospitali\u00e8re, l&rsquo;exigence d\u2019un programme de travail d\u00e9taill\u00e9 pour chaque praticien hospitalo-universitaire, la mise en place d\u2019un m\u00e9canisme de traitement des rendez-vous m\u00e9dicaux d\u00e9passant deux semaines.<\/p>\n<p>Le ministre a \u00e9galement appel\u00e9 \u00e0 un renforcement de la premi\u00e8re ligne de soins pour un meilleur respect de la pyramide sanitaire.<\/p>\n<h3>Un signal fort au secteur priv\u00e9<\/h3>\n<p>Au-del\u00e0 de la r\u00e9ponse \u00e0 l\u2019urgence sanitaire, cette d\u00e9cision envoie un signal fort au secteur priv\u00e9 de la sant\u00e9, que le gouvernement consid\u00e8re comme un acteur compl\u00e9mentaire essentiel dans l\u2019offre de soins au Burkina Faso.<\/p>\n<blockquote><p>\n<iframe loading=\"lazy\" width=\"560\" height=\"315\" src=\"https:\/\/www.youtube.com\/embed\/tng34jYlzoA?si=2ky23n9UTTFkREAv\" title=\"YouTube video player\" frameborder=\"0\" allow=\"accelerometer; autoplay; clipboard-write; encrypted-media; gyroscope; picture-in-picture; web-share\" referrerpolicy=\"strict-origin-when-cross-origin\" allowfullscreen><\/iframe><\/p>\n<p>Lire aussi &gt;&gt; <a href=\"https:\/\/www.latribunedufaso.net\/?p=24088\">Sant\u00e9: Message du ministre Kargougou \u00e0 l\u2019occasion de la journ\u00e9e de la vue\u00a0<\/a><\/p>\n<\/blockquote>\n<p><em><strong>\u00ab Le gouvernement r\u00e9affirme son soutien au secteur priv\u00e9 de la sant\u00e9, dans une dynamique de collaboration pour le bien-\u00eatre des populations \u00bb,<\/strong><\/em> a conclu le ministre.<\/p>\n<p><strong>Rosana Astride KIENDREBEOGO\u00a0<\/strong><\/p>\n<p><strong>Latribunedufaso.net<\/strong><\/p>\n","protected":false},"excerpt":{"rendered":"<p>Les m\u00e9decins, pharmaciens et chirurgiens-dentistes sp\u00e9cialistes sont d\u00e9sormais autoris\u00e9s \u00e0 poursuivre leurs vacations dans les \u00e9tablissements de sant\u00e9 priv\u00e9s. Le minist\u00e8re de la Sant\u00e9 a annonc\u00e9 cette \u00ab autorisation exceptionnelle \u00bb lors d\u2019un point de presse tenu ce 20 octobre 2025 \u00e0 Ouagadougou.<\/p>\n","protected":false},"author":5,"featured_media":24385,"comment_status":"open","ping_status":"open","sticky":false,"template":"","format":"standard","meta":{"footnotes":""},"categories":[13,1,7],"tags":[1694,39,191],"class_list":["post-24383","post","type-post","status-publish","format-standard","has-post-thumbnail","hentry","category-une","category-actu","category-sante","tag-autorisation-vacations-dans-les-etablissements-de-sante-prives","tag-latribunedufaso-net","tag-sante"],"yoast_head":"<!-- This site is optimized with the Yoast SEO plugin v27.4 - https:\/\/yoast.com\/product\/yoast-seo-wordpress\/ -->\n<title>M\u00e9decins sp\u00e9cialistes : Le minist\u00e8re de la Sant\u00e9 autorise les vacations dans le priv\u00e9 - La Tribune du Faso<\/title>\n<meta name=\"robots\" content=\"index, follow, max-snippet:-1, max-image-preview:large, max-video-preview:-1\" \/>\n<link rel=\"canonical\" href=\"https:\/\/www.latribunedufaso.net\/?p=24383\" \/>\n<meta property=\"og:locale\" content=\"fr_FR\" \/>\n<meta property=\"og:type\" content=\"article\" \/>\n<meta property=\"og:title\" content=\"M\u00e9decins sp\u00e9cialistes : Le minist\u00e8re de la Sant\u00e9 autorise les vacations dans le priv\u00e9 - La Tribune du Faso\" \/>\n<meta property=\"og:description\" content=\"Les m\u00e9decins, pharmaciens et chirurgiens-dentistes sp\u00e9cialistes sont d\u00e9sormais autoris\u00e9s \u00e0 poursuivre leurs vacations dans les \u00e9tablissements de sant\u00e9 priv\u00e9s. Le minist\u00e8re de la Sant\u00e9 a annonc\u00e9 cette \u00ab autorisation exceptionnelle \u00bb lors d\u2019un point de presse tenu ce 20 octobre 2025 \u00e0 Ouagadougou.\" \/>\n<meta property=\"og:url\" content=\"https:\/\/www.latribunedufaso.net\/?p=24383\" \/>\n<meta property=\"og:site_name\" content=\"La Tribune du Faso\" \/>\n<meta property=\"article:publisher\" content=\"https:\/\/www.facebook.com\/LatribuneduFaso\/\" \/>\n<meta property=\"article:published_time\" content=\"2025-10-20T16:32:22+00:00\" \/>\n<meta property=\"article:modified_time\" content=\"2025-12-17T18:59:56+00:00\" \/>\n<meta property=\"og:image\" content=\"https:\/\/www.latribunedufaso.net\/wp-content\/uploads\/2025\/10\/FB_IMG_1761172670040.jpg\" \/>\n\t<meta property=\"og:image:width\" content=\"1080\" \/>\n\t<meta property=\"og:image:height\" content=\"720\" \/>\n\t<meta property=\"og:image:type\" content=\"image\/jpeg\" \/>\n<meta name=\"author\" content=\"Issouf Tapsoba\" \/>\n<meta name=\"twitter:label1\" content=\"\u00c9crit par\" \/>\n\t<meta name=\"twitter:data1\" content=\"Issouf Tapsoba\" \/>\n\t<meta name=\"twitter:label2\" content=\"Dur\u00e9e de lecture estim\u00e9e\" \/>\n\t<meta name=\"twitter:data2\" content=\"3 minutes\" \/>\n<script type=\"application\/ld+json\" class=\"yoast-schema-graph\">{\"@context\":\"https:\\\/\\\/schema.org\",\"@graph\":[{\"@type\":\"Article\",\"@id\":\"https:\\\/\\\/www.latribunedufaso.net\\\/?p=24383#article\",\"isPartOf\":{\"@id\":\"https:\\\/\\\/www.latribunedufaso.net\\\/?p=24383\"},\"author\":{\"name\":\"Issouf Tapsoba\",\"@id\":\"https:\\\/\\\/www.latribunedufaso.net\\\/#\\\/schema\\\/person\\\/e54e64c5778a7e72cf80a318b7a622b0\"},\"headline\":\"M\u00e9decins sp\u00e9cialistes : Le minist\u00e8re de la Sant\u00e9 autorise les vacations dans le priv\u00e9\",\"datePublished\":\"2025-10-20T16:32:22+00:00\",\"dateModified\":\"2025-12-17T18:59:56+00:00\",\"mainEntityOfPage\":{\"@id\":\"https:\\\/\\\/www.latribunedufaso.net\\\/?p=24383\"},\"wordCount\":551,\"commentCount\":0,\"publisher\":{\"@id\":\"https:\\\/\\\/www.latribunedufaso.net\\\/#organization\"},\"image\":{\"@id\":\"https:\\\/\\\/www.latribunedufaso.net\\\/?p=24383#primaryimage\"},\"thumbnailUrl\":\"https:\\\/\\\/www.latribunedufaso.net\\\/wp-content\\\/uploads\\\/2025\\\/10\\\/FB_IMG_1761172670040.jpg\",\"keywords\":[\"Autorisation vacations dans les \u00e9tablissements de sant\u00e9 priv\u00e9s\",\"latribunedufaso.net\",\"Sant\u00e9\"],\"articleSection\":[\"A la une\",\"Actualit\u00e9\",\"Sant\u00e9\"],\"inLanguage\":\"fr-FR\",\"potentialAction\":[{\"@type\":\"CommentAction\",\"name\":\"Comment\",\"target\":[\"https:\\\/\\\/www.latribunedufaso.net\\\/?p=24383#respond\"]}]},{\"@type\":\"WebPage\",\"@id\":\"https:\\\/\\\/www.latribunedufaso.net\\\/?p=24383\",\"url\":\"https:\\\/\\\/www.latribunedufaso.net\\\/?p=24383\",\"name\":\"M\u00e9decins sp\u00e9cialistes : Le minist\u00e8re de la Sant\u00e9 autorise les vacations dans le priv\u00e9 - La Tribune du Faso\",\"isPartOf\":{\"@id\":\"https:\\\/\\\/www.latribunedufaso.net\\\/#website\"},\"primaryImageOfPage\":{\"@id\":\"https:\\\/\\\/www.latribunedufaso.net\\\/?p=24383#primaryimage\"},\"image\":{\"@id\":\"https:\\\/\\\/www.latribunedufaso.net\\\/?p=24383#primaryimage\"},\"thumbnailUrl\":\"https:\\\/\\\/www.latribunedufaso.net\\\/wp-content\\\/uploads\\\/2025\\\/10\\\/FB_IMG_1761172670040.jpg\",\"datePublished\":\"2025-10-20T16:32:22+00:00\",\"dateModified\":\"2025-12-17T18:59:56+00:00\",\"breadcrumb\":{\"@id\":\"https:\\\/\\\/www.latribunedufaso.net\\\/?p=24383#breadcrumb\"},\"inLanguage\":\"fr-FR\",\"potentialAction\":[{\"@type\":\"ReadAction\",\"target\":[\"https:\\\/\\\/www.latribunedufaso.net\\\/?p=24383\"]}]},{\"@type\":\"ImageObject\",\"inLanguage\":\"fr-FR\",\"@id\":\"https:\\\/\\\/www.latribunedufaso.net\\\/?p=24383#primaryimage\",\"url\":\"https:\\\/\\\/www.latribunedufaso.net\\\/wp-content\\\/uploads\\\/2025\\\/10\\\/FB_IMG_1761172670040.jpg\",\"contentUrl\":\"https:\\\/\\\/www.latribunedufaso.net\\\/wp-content\\\/uploads\\\/2025\\\/10\\\/FB_IMG_1761172670040.jpg\",\"width\":1080,\"height\":720,\"caption\":\"Conf\u00e9rence de presse du minist\u00e8re de la sant\u00e9 sur l'autorisation sp\u00e9ciale accord\u00e9e au personnel de sant\u00e9 du public de faire des vacations dans le priv\u00e9, 20 octobre 2025\"},{\"@type\":\"BreadcrumbList\",\"@id\":\"https:\\\/\\\/www.latribunedufaso.net\\\/?p=24383#breadcrumb\",\"itemListElement\":[{\"@type\":\"ListItem\",\"position\":1,\"name\":\"Accueil\",\"item\":\"https:\\\/\\\/www.latribunedufaso.net\\\/\"},{\"@type\":\"ListItem\",\"position\":2,\"name\":\"M\u00e9decins sp\u00e9cialistes : Le minist\u00e8re de la Sant\u00e9 autorise les vacations dans le priv\u00e9\"}]},{\"@type\":\"WebSite\",\"@id\":\"https:\\\/\\\/www.latribunedufaso.net\\\/#website\",\"url\":\"https:\\\/\\\/www.latribunedufaso.net\\\/\",\"name\":\"La Tribune du Faso\",\"description\":\"L&#039;information du monde rural en un clic\",\"publisher\":{\"@id\":\"https:\\\/\\\/www.latribunedufaso.net\\\/#organization\"},\"potentialAction\":[{\"@type\":\"SearchAction\",\"target\":{\"@type\":\"EntryPoint\",\"urlTemplate\":\"https:\\\/\\\/www.latribunedufaso.net\\\/?s={search_term_string}\"},\"query-input\":{\"@type\":\"PropertyValueSpecification\",\"valueRequired\":true,\"valueName\":\"search_term_string\"}}],\"inLanguage\":\"fr-FR\"},{\"@type\":\"Organization\",\"@id\":\"https:\\\/\\\/www.latribunedufaso.net\\\/#organization\",\"name\":\"La Tribune du Faso\",\"url\":\"https:\\\/\\\/www.latribunedufaso.net\\\/\",\"logo\":{\"@type\":\"ImageObject\",\"inLanguage\":\"fr-FR\",\"@id\":\"https:\\\/\\\/www.latribunedufaso.net\\\/#\\\/schema\\\/logo\\\/image\\\/\",\"url\":\"https:\\\/\\\/www.latribunedufaso.net\\\/wp-content\\\/uploads\\\/2020\\\/08\\\/Logo-Tribune-du-Faso-final-scaled.jpg\",\"contentUrl\":\"https:\\\/\\\/www.latribunedufaso.net\\\/wp-content\\\/uploads\\\/2020\\\/08\\\/Logo-Tribune-du-Faso-final-scaled.jpg\",\"width\":2560,\"height\":1856,\"caption\":\"La Tribune du Faso\"},\"image\":{\"@id\":\"https:\\\/\\\/www.latribunedufaso.net\\\/#\\\/schema\\\/logo\\\/image\\\/\"},\"sameAs\":[\"https:\\\/\\\/www.facebook.com\\\/LatribuneduFaso\\\/\"]},{\"@type\":\"Person\",\"@id\":\"https:\\\/\\\/www.latribunedufaso.net\\\/#\\\/schema\\\/person\\\/e54e64c5778a7e72cf80a318b7a622b0\",\"name\":\"Issouf Tapsoba\",\"image\":{\"@type\":\"ImageObject\",\"inLanguage\":\"fr-FR\",\"@id\":\"https:\\\/\\\/secure.gravatar.com\\\/avatar\\\/5e6c05150ce3230247d167f5b94d678eb05936197436d69b7921e3a95c9107ac?s=96&d=mm&r=g\",\"url\":\"https:\\\/\\\/secure.gravatar.com\\\/avatar\\\/5e6c05150ce3230247d167f5b94d678eb05936197436d69b7921e3a95c9107ac?s=96&d=mm&r=g\",\"contentUrl\":\"https:\\\/\\\/secure.gravatar.com\\\/avatar\\\/5e6c05150ce3230247d167f5b94d678eb05936197436d69b7921e3a95c9107ac?s=96&d=mm&r=g\",\"caption\":\"Issouf Tapsoba\"},\"url\":\"https:\\\/\\\/www.latribunedufaso.net\\\/?author=5\"}]}<\/script>\n<!-- \/ Yoast SEO plugin. -->","yoast_head_json":{"title":"M\u00e9decins sp\u00e9cialistes : Le minist\u00e8re de la Sant\u00e9 autorise les vacations dans le priv\u00e9 - La Tribune du Faso","robots":{"index":"index","follow":"follow","max-snippet":"max-snippet:-1","max-image-preview":"max-image-preview:large","max-video-preview":"max-video-preview:-1"},"canonical":"https:\/\/www.latribunedufaso.net\/?p=24383","og_locale":"fr_FR","og_type":"article","og_title":"M\u00e9decins sp\u00e9cialistes : Le minist\u00e8re de la Sant\u00e9 autorise les vacations dans le priv\u00e9 - La Tribune du Faso","og_description":"Les m\u00e9decins, pharmaciens et chirurgiens-dentistes sp\u00e9cialistes sont d\u00e9sormais autoris\u00e9s \u00e0 poursuivre leurs vacations dans les \u00e9tablissements de sant\u00e9 priv\u00e9s. Le minist\u00e8re de la Sant\u00e9 a annonc\u00e9 cette \u00ab autorisation exceptionnelle \u00bb lors d\u2019un point de presse tenu ce 20 octobre 2025 \u00e0 Ouagadougou.","og_url":"https:\/\/www.latribunedufaso.net\/?p=24383","og_site_name":"La Tribune du Faso","article_publisher":"https:\/\/www.facebook.com\/LatribuneduFaso\/","article_published_time":"2025-10-20T16:32:22+00:00","article_modified_time":"2025-12-17T18:59:56+00:00","og_image":[{"width":1080,"height":720,"url":"https:\/\/www.latribunedufaso.net\/wp-content\/uploads\/2025\/10\/FB_IMG_1761172670040.jpg","type":"image\/jpeg"}],"author":"Issouf Tapsoba","twitter_misc":{"\u00c9crit par":"Issouf Tapsoba","Dur\u00e9e de lecture estim\u00e9e":"3 minutes"},"schema":{"@context":"https:\/\/schema.org","@graph":[{"@type":"Article","@id":"https:\/\/www.latribunedufaso.net\/?p=24383#article","isPartOf":{"@id":"https:\/\/www.latribunedufaso.net\/?p=24383"},"author":{"name":"Issouf Tapsoba","@id":"https:\/\/www.latribunedufaso.net\/#\/schema\/person\/e54e64c5778a7e72cf80a318b7a622b0"},"headline":"M\u00e9decins sp\u00e9cialistes : Le minist\u00e8re de la Sant\u00e9 autorise les vacations dans le priv\u00e9","datePublished":"2025-10-20T16:32:22+00:00","dateModified":"2025-12-17T18:59:56+00:00","mainEntityOfPage":{"@id":"https:\/\/www.latribunedufaso.net\/?p=24383"},"wordCount":551,"commentCount":0,"publisher":{"@id":"https:\/\/www.latribunedufaso.net\/#organization"},"image":{"@id":"https:\/\/www.latribunedufaso.net\/?p=24383#primaryimage"},"thumbnailUrl":"https:\/\/www.latribunedufaso.net\/wp-content\/uploads\/2025\/10\/FB_IMG_1761172670040.jpg","keywords":["Autorisation vacations dans les \u00e9tablissements de sant\u00e9 priv\u00e9s","latribunedufaso.net","Sant\u00e9"],"articleSection":["A la une","Actualit\u00e9","Sant\u00e9"],"inLanguage":"fr-FR","potentialAction":[{"@type":"CommentAction","name":"Comment","target":["https:\/\/www.latribunedufaso.net\/?p=24383#respond"]}]},{"@type":"WebPage","@id":"https:\/\/www.latribunedufaso.net\/?p=24383","url":"https:\/\/www.latribunedufaso.net\/?p=24383","name":"M\u00e9decins sp\u00e9cialistes : Le minist\u00e8re de la Sant\u00e9 autorise les vacations dans le priv\u00e9 - La Tribune du Faso","isPartOf":{"@id":"https:\/\/www.latribunedufaso.net\/#website"},"primaryImageOfPage":{"@id":"https:\/\/www.latribunedufaso.net\/?p=24383#primaryimage"},"image":{"@id":"https:\/\/www.latribunedufaso.net\/?p=24383#primaryimage"},"thumbnailUrl":"https:\/\/www.latribunedufaso.net\/wp-content\/uploads\/2025\/10\/FB_IMG_1761172670040.jpg","datePublished":"2025-10-20T16:32:22+00:00","dateModified":"2025-12-17T18:59:56+00:00","breadcrumb":{"@id":"https:\/\/www.latribunedufaso.net\/?p=24383#breadcrumb"},"inLanguage":"fr-FR","potentialAction":[{"@type":"ReadAction","target":["https:\/\/www.latribunedufaso.net\/?p=24383"]}]},{"@type":"ImageObject","inLanguage":"fr-FR","@id":"https:\/\/www.latribunedufaso.net\/?p=24383#primaryimage","url":"https:\/\/www.latribunedufaso.net\/wp-content\/uploads\/2025\/10\/FB_IMG_1761172670040.jpg","contentUrl":"https:\/\/www.latribunedufaso.net\/wp-content\/uploads\/2025\/10\/FB_IMG_1761172670040.jpg","width":1080,"height":720,"caption":"Conf\u00e9rence de presse du minist\u00e8re de la sant\u00e9 sur l'autorisation sp\u00e9ciale accord\u00e9e au personnel de sant\u00e9 du public de faire des vacations dans le priv\u00e9, 20 octobre 2025"},{"@type":"BreadcrumbList","@id":"https:\/\/www.latribunedufaso.net\/?p=24383#breadcrumb","itemListElement":[{"@type":"ListItem","position":1,"name":"Accueil","item":"https:\/\/www.latribunedufaso.net\/"},{"@type":"ListItem","position":2,"name":"M\u00e9decins sp\u00e9cialistes : Le minist\u00e8re de la Sant\u00e9 autorise les vacations dans le priv\u00e9"}]},{"@type":"WebSite","@id":"https:\/\/www.latribunedufaso.net\/#website","url":"https:\/\/www.latribunedufaso.net\/","name":"La Tribune du Faso","description":"L&#039;information du monde rural en un clic","publisher":{"@id":"https:\/\/www.latribunedufaso.net\/#organization"},"potentialAction":[{"@type":"SearchAction","target":{"@type":"EntryPoint","urlTemplate":"https:\/\/www.latribunedufaso.net\/?s={search_term_string}"},"query-input":{"@type":"PropertyValueSpecification","valueRequired":true,"valueName":"search_term_string"}}],"inLanguage":"fr-FR"},{"@type":"Organization","@id":"https:\/\/www.latribunedufaso.net\/#organization","name":"La Tribune du Faso","url":"https:\/\/www.latribunedufaso.net\/","logo":{"@type":"ImageObject","inLanguage":"fr-FR","@id":"https:\/\/www.latribunedufaso.net\/#\/schema\/logo\/image\/","url":"https:\/\/www.latribunedufaso.net\/wp-content\/uploads\/2020\/08\/Logo-Tribune-du-Faso-final-scaled.jpg","contentUrl":"https:\/\/www.latribunedufaso.net\/wp-content\/uploads\/2020\/08\/Logo-Tribune-du-Faso-final-scaled.jpg","width":2560,"height":1856,"caption":"La Tribune du Faso"},"image":{"@id":"https:\/\/www.latribunedufaso.net\/#\/schema\/logo\/image\/"},"sameAs":["https:\/\/www.facebook.com\/LatribuneduFaso\/"]},{"@type":"Person","@id":"https:\/\/www.latribunedufaso.net\/#\/schema\/person\/e54e64c5778a7e72cf80a318b7a622b0","name":"Issouf Tapsoba","image":{"@type":"ImageObject","inLanguage":"fr-FR","@id":"https:\/\/secure.gravatar.com\/avatar\/5e6c05150ce3230247d167f5b94d678eb05936197436d69b7921e3a95c9107ac?s=96&d=mm&r=g","url":"https:\/\/secure.gravatar.com\/avatar\/5e6c05150ce3230247d167f5b94d678eb05936197436d69b7921e3a95c9107ac?s=96&d=mm&r=g","contentUrl":"https:\/\/secure.gravatar.com\/avatar\/5e6c05150ce3230247d167f5b94d678eb05936197436d69b7921e3a95c9107ac?s=96&d=mm&r=g","caption":"Issouf Tapsoba"},"url":"https:\/\/www.latribunedufaso.net\/?author=5"}]}},"_links":{"self":[{"href":"https:\/\/www.latribunedufaso.net\/index.php?rest_route=\/wp\/v2\/posts\/24383","targetHints":{"allow":["GET"]}}],"collection":[{"href":"https:\/\/www.latribunedufaso.net\/index.php?rest_route=\/wp\/v2\/posts"}],"about":[{"href":"https:\/\/www.latribunedufaso.net\/index.php?rest_route=\/wp\/v2\/types\/post"}],"author":[{"embeddable":true,"href":"https:\/\/www.latribunedufaso.net\/index.php?rest_route=\/wp\/v2\/users\/5"}],"replies":[{"embeddable":true,"href":"https:\/\/www.latribunedufaso.net\/index.php?rest_route=%2Fwp%2Fv2%2Fcomments&post=24383"}],"version-history":[{"count":3,"href":"https:\/\/www.latribunedufaso.net\/index.php?rest_route=\/wp\/v2\/posts\/24383\/revisions"}],"predecessor-version":[{"id":25860,"href":"https:\/\/www.latribunedufaso.net\/index.php?rest_route=\/wp\/v2\/posts\/24383\/revisions\/25860"}],"wp:featuredmedia":[{"embeddable":true,"href":"https:\/\/www.latribunedufaso.net\/index.php?rest_route=\/wp\/v2\/media\/24385"}],"wp:attachment":[{"href":"https:\/\/www.latribunedufaso.net\/index.php?rest_route=%2Fwp%2Fv2%2Fmedia&parent=24383"}],"wp:term":[{"taxonomy":"category","embeddable":true,"href":"https:\/\/www.latribunedufaso.net\/index.php?rest_route=%2Fwp%2Fv2%2Fcategories&post=24383"},{"taxonomy":"post_tag","embeddable":true,"href":"https:\/\/www.latribunedufaso.net\/index.php?rest_route=%2Fwp%2Fv2%2Ftags&post=24383"}],"curies":[{"name":"wp","href":"https:\/\/api.w.org\/{rel}","templated":true}]}}