{"id":24348,"date":"2025-10-19T11:45:28","date_gmt":"2025-10-19T11:45:28","guid":{"rendered":"https:\/\/www.latribunedufaso.net\/?p=24348"},"modified":"2025-10-20T12:06:52","modified_gmt":"2025-10-20T12:06:52","slug":"innovation-numerique-lefaso-net-celebre-ses-22-ans-avec-faso-digital","status":"publish","type":"post","link":"https:\/\/www.latribunedufaso.net\/?p=24348","title":{"rendered":"Innovation num\u00e9rique : Lefaso.net c\u00e9l\u00e8bre ses 22 ans avec \u00ab Faso Digital \u00bb"},"content":{"rendered":"<p style=\"text-align: left;\"><strong>\u00c0 l&rsquo;occasion de son 22e anniversaire, le m\u00e9dia en ligne Lefaso.net organise, du 18 au 25 octobre 2025, la premi\u00e8re \u00e9dition de la foire virtuelle des solutions digitales, baptis\u00e9e Faso Digital. La c\u00e9r\u00e9monie d\u2019ouverture s\u2019est tenue le 18 octobre \u00e0 Ouagadougou, sous le patronage du Pr\u00e9sident de l\u2019Assembl\u00e9e l\u00e9gislative de Transition, Ousmane Bougouma, repr\u00e9sent\u00e9 par la 2e vice-pr\u00e9sidente de l&rsquo;institution, Awa Fofana et la pr\u00e9sidence du ministre en charge de la Transition digitale, Aminata Zerbo\/ Saban\u00e9.<\/strong><!--more--><\/p>\n<p style=\"text-align: left;\">Cette foire a pour ambition de promouvoir l\u2019innovation num\u00e9rique comme levier de transformation du Burkina Faso. Elle se veut une vitrine pour les startups, chercheurs, d\u00e9veloppeurs et institutions qui con\u00e7oivent des solutions digitales utiles \u00e0 la soci\u00e9t\u00e9, mais encore peu connues. L\u2019\u00e9v\u00e9nement vise \u00e9galement \u00e0 stimuler les synergies entre les acteurs du num\u00e9rique, les partenaires techniques et financiers, les d\u00e9cideurs et les citoyens.<\/p>\n<figure id=\"attachment_24355\" aria-describedby=\"caption-attachment-24355\" style=\"width: 1080px\" class=\"wp-caption aligncenter\"><a href=\"https:\/\/www.latribunedufaso.net\/wp-content\/uploads\/2025\/10\/FB_IMG_1760960778322.jpg\"><img loading=\"lazy\" decoding=\"async\" class=\"size-full wp-image-24355\" src=\"https:\/\/www.latribunedufaso.net\/wp-content\/uploads\/2025\/10\/FB_IMG_1760960778322.jpg\" alt=\"\u00c0 l'occasion de son 22e anniversaire, le m\u00e9dia en ligne Lefaso.net organise, du 18 au 25 octobre 2025, la premi\u00e8re \u00e9dition de la foire virtuelle des solutions digitales, baptis\u00e9e Faso Digital\" width=\"1080\" height=\"720\" srcset=\"https:\/\/www.latribunedufaso.net\/wp-content\/uploads\/2025\/10\/FB_IMG_1760960778322.jpg 1080w, https:\/\/www.latribunedufaso.net\/wp-content\/uploads\/2025\/10\/FB_IMG_1760960778322-300x200.jpg 300w, https:\/\/www.latribunedufaso.net\/wp-content\/uploads\/2025\/10\/FB_IMG_1760960778322-1024x683.jpg 1024w, https:\/\/www.latribunedufaso.net\/wp-content\/uploads\/2025\/10\/FB_IMG_1760960778322-768x512.jpg 768w, https:\/\/www.latribunedufaso.net\/wp-content\/uploads\/2025\/10\/FB_IMG_1760960778322-840x560.jpg 840w, https:\/\/www.latribunedufaso.net\/wp-content\/uploads\/2025\/10\/FB_IMG_1760960778322-120x80.jpg 120w, https:\/\/www.latribunedufaso.net\/wp-content\/uploads\/2025\/10\/FB_IMG_1760960778322-360x240.jpg 360w, https:\/\/www.latribunedufaso.net\/wp-content\/uploads\/2025\/10\/FB_IMG_1760960778322-600x400.jpg 600w\" sizes=\"auto, (max-width: 1080px) 100vw, 1080px\" \/><\/a><figcaption id=\"caption-attachment-24355\" class=\"wp-caption-text\">Une vue des participants \u00e0 la c\u00e9r\u00e9monie de lancement &#8211; Ph. DR<\/figcaption><\/figure>\n<p style=\"text-align: left;\">Enti\u00e8rement en ligne, la foire se d\u00e9roule via une plateforme immersive et interactive. Chaque exposant y dispose d\u2019un stand virtuel personnalis\u00e9, int\u00e9grant vid\u00e9os, brochures, pr\u00e9sentations, espace de messagerie et liens externes.<\/p>\n<p style=\"text-align: left;\">Au programme, figurent des conf\u00e9rences, des panels, des masterclasses et des rencontres B2B, diffus\u00e9s en direct ou en replay, accessibles depuis n\u2019importe quel endroit. Un syst\u00e8me de mise en relation permet aux visiteurs d\u2019entrer en contact avec les exposants ou partenaires, selon leurs centres d\u2019int\u00e9r\u00eat. Une \u00e9quipe d\u00e9di\u00e9e est charg\u00e9e de l\u2019animation et du bon d\u00e9roulement de l\u2019\u00e9v\u00e9nement.<\/p>\n<figure id=\"attachment_24352\" aria-describedby=\"caption-attachment-24352\" style=\"width: 1080px\" class=\"wp-caption aligncenter\"><a href=\"https:\/\/www.latribunedufaso.net\/wp-content\/uploads\/2025\/10\/FB_IMG_1760960775287.jpg\"><img loading=\"lazy\" decoding=\"async\" class=\"size-full wp-image-24352\" src=\"https:\/\/www.latribunedufaso.net\/wp-content\/uploads\/2025\/10\/FB_IMG_1760960775287.jpg\" alt=\"\u00c0 l'occasion de son 22e anniversaire, le m\u00e9dia en ligne Lefaso.net organise, du 18 au 25 octobre 2025, la premi\u00e8re \u00e9dition de la foire virtuelle des solutions digitales, baptis\u00e9e Faso Digital\" width=\"1080\" height=\"802\" srcset=\"https:\/\/www.latribunedufaso.net\/wp-content\/uploads\/2025\/10\/FB_IMG_1760960775287.jpg 1080w, https:\/\/www.latribunedufaso.net\/wp-content\/uploads\/2025\/10\/FB_IMG_1760960775287-300x223.jpg 300w, https:\/\/www.latribunedufaso.net\/wp-content\/uploads\/2025\/10\/FB_IMG_1760960775287-1024x760.jpg 1024w, https:\/\/www.latribunedufaso.net\/wp-content\/uploads\/2025\/10\/FB_IMG_1760960775287-768x570.jpg 768w\" sizes=\"auto, (max-width: 1080px) 100vw, 1080px\" \/><\/a><figcaption id=\"caption-attachment-24352\" class=\"wp-caption-text\">Le Fondateur de Lefaso.net, Dr Cyriaque Par\u00e9 &#8211; Ph. DR<\/figcaption><\/figure>\n<p style=\"text-align: left;\">Selon le fondateur de Lefaso.net, Dr Cyriaque Par\u00e9, les attentes sont nombreuses, notamment l\u2019int\u00e9r\u00eat du public. <em><strong>\u00ab L\u2019int\u00e9r\u00eat du public burkinab\u00e8 \u00e0 venir d\u00e9couvrir les solutions d\u00e9j\u00e0 existantes, mais aussi celui des investisseurs. Le num\u00e9rique, c\u2019est un secteur d\u2019avenir dans lequel il y a de l\u2019argent \u00e0 gagner \u00bb<\/strong><\/em>, a t-il indiqu\u00e9.<\/p>\n<figure id=\"attachment_24350\" aria-describedby=\"caption-attachment-24350\" style=\"width: 1280px\" class=\"wp-caption aligncenter\"><a href=\"https:\/\/www.latribunedufaso.net\/wp-content\/uploads\/2025\/10\/FB_IMG_1760960789753.jpg\"><img loading=\"lazy\" decoding=\"async\" class=\"size-full wp-image-24350\" src=\"https:\/\/www.latribunedufaso.net\/wp-content\/uploads\/2025\/10\/FB_IMG_1760960789753.jpg\" alt=\"\u00c0 l'occasion de son 22e anniversaire, le m\u00e9dia en ligne Lefaso.net organise, du 18 au 25 octobre 2025, la premi\u00e8re \u00e9dition de la foire virtuelle des solutions digitales, baptis\u00e9e Faso Digital\" width=\"1280\" height=\"718\" srcset=\"https:\/\/www.latribunedufaso.net\/wp-content\/uploads\/2025\/10\/FB_IMG_1760960789753.jpg 1280w, https:\/\/www.latribunedufaso.net\/wp-content\/uploads\/2025\/10\/FB_IMG_1760960789753-300x168.jpg 300w, https:\/\/www.latribunedufaso.net\/wp-content\/uploads\/2025\/10\/FB_IMG_1760960789753-1024x574.jpg 1024w, https:\/\/www.latribunedufaso.net\/wp-content\/uploads\/2025\/10\/FB_IMG_1760960789753-768x431.jpg 768w\" sizes=\"auto, (max-width: 1280px) 100vw, 1280px\" \/><\/a><figcaption id=\"caption-attachment-24350\" class=\"wp-caption-text\">La 2e vice-pr\u00e9sidente de l&rsquo;ALT, Awa Fofana, repr\u00e9sentant le patron &#8211; Ph. DR<\/figcaption><\/figure>\n<p style=\"text-align: left;\">Pour le patron de la c\u00e9r\u00e9monie, le num\u00e9rique n\u2019est plus un luxe ni une option, mais un imp\u00e9ratif strat\u00e9gique, un outil transversal capable de transformer tous les secteurs. Il a invit\u00e9 l\u2019ensemble des parties prenantes \u00e0 se mobiliser autour de cette initiative. <em><strong>\u00ab Ensemble, faisons de Faso Digital 2025 un moment de communion, d\u2019apprentissage, de valorisation et de projection vers un Burkina debout, fort de son intelligence collective \u00bb,<\/strong><\/em> a lu sa repr\u00e9sentante, Awa Fofana.<\/p>\n<figure id=\"attachment_24351\" aria-describedby=\"caption-attachment-24351\" style=\"width: 1280px\" class=\"wp-caption aligncenter\"><a href=\"https:\/\/www.latribunedufaso.net\/wp-content\/uploads\/2025\/10\/FB_IMG_1760960782424.jpg\"><img loading=\"lazy\" decoding=\"async\" class=\"size-full wp-image-24351\" src=\"https:\/\/www.latribunedufaso.net\/wp-content\/uploads\/2025\/10\/FB_IMG_1760960782424.jpg\" alt=\"\u00c0 l'occasion de son 22e anniversaire, le m\u00e9dia en ligne Lefaso.net organise, du 18 au 25 octobre 2025, la premi\u00e8re \u00e9dition de la foire virtuelle des solutions digitales, baptis\u00e9e Faso Digital\" width=\"1280\" height=\"718\" srcset=\"https:\/\/www.latribunedufaso.net\/wp-content\/uploads\/2025\/10\/FB_IMG_1760960782424.jpg 1280w, https:\/\/www.latribunedufaso.net\/wp-content\/uploads\/2025\/10\/FB_IMG_1760960782424-300x168.jpg 300w, https:\/\/www.latribunedufaso.net\/wp-content\/uploads\/2025\/10\/FB_IMG_1760960782424-1024x574.jpg 1024w, https:\/\/www.latribunedufaso.net\/wp-content\/uploads\/2025\/10\/FB_IMG_1760960782424-768x431.jpg 768w\" sizes=\"auto, (max-width: 1280px) 100vw, 1280px\" \/><\/a><figcaption id=\"caption-attachment-24351\" class=\"wp-caption-text\">La ministre en charge de la Transition digitale, Aminata Zerbo\/ Saban\u00e9 &#8211; Ph. DR<\/figcaption><\/figure>\n<p style=\"text-align: left;\">Prenant la parole, Aminata Zerbo\/Saban\u00e9 a \u00e9galement salu\u00e9 l\u2019initiative. Pour elle, Faso digital vient enrichir les manifestations pr\u00e9vues pour ce dernier trimestre, notamment la Start-Up Day, la AI Competition, le Hackathon des universit\u00e9s et la campagne d\u2019information, de sensibilisation et de formation sur l\u2019intelligence artificielle.<\/p>\n<blockquote>\n<p>Lire aussi &gt;&gt; <a href=\"https:\/\/www.latribunedufaso.net\/?p=19790\">Forum des nouveaux m\u00e9dias : La premi\u00e8re \u00e9dition officiellement lanc\u00e9e<\/a><\/p>\n<\/blockquote>\n<p style=\"text-align: left;\">Les inscriptions pour la foire restent ouvertes sur la plateforme de l\u2019\u00e9v\u00e9nement, www.lefasodigital.net .<\/p>\n<p style=\"text-align: left;\"><strong>Rosana Astride KIENDREBEOGO\u00a0<\/strong><\/p>\n<p style=\"text-align: left;\"><strong>Latribunedufaso.net<\/strong><\/p>\n","protected":false},"excerpt":{"rendered":"<p>\u00c0 l&rsquo;occasion de son 22e anniversaire, le m\u00e9dia en ligne Lefaso.net organise, du 18 au 25 octobre 2025, la premi\u00e8re \u00e9dition de la foire virtuelle des solutions digitales, baptis\u00e9e Faso Digital. La c\u00e9r\u00e9monie d\u2019ouverture s\u2019est tenue le 18 octobre \u00e0 Ouagadougou, sous le patronage du Pr\u00e9sident de l\u2019Assembl\u00e9e l\u00e9gislative de Transition, Ousmane Bougouma, repr\u00e9sent\u00e9 par la 2e vice-pr\u00e9sidente de l&rsquo;institution, Awa Fofana et la pr\u00e9sidence du ministre en charge de la Transition digitale, Aminata Zerbo\/ Saban\u00e9.<\/p>\n","protected":false},"author":5,"featured_media":24354,"comment_status":"open","ping_status":"open","sticky":false,"template":"","format":"standard","meta":{"footnotes":""},"categories":[13,1,8],"tags":[1684,967,39],"class_list":["post-24348","post","type-post","status-publish","format-standard","has-post-thumbnail","hentry","category-une","category-actu","category-societe","tag-foire-virtuelle-des-solutions-digitales-faso-digital","tag-intelligence-artificielle-et-journalisme","tag-latribunedufaso-net"],"yoast_head":"<!-- This site is optimized with the Yoast SEO plugin v27.5 - https:\/\/yoast.com\/product\/yoast-seo-wordpress\/ -->\n<title>Innovation num\u00e9rique : Lefaso.net c\u00e9l\u00e8bre ses 22 ans avec \u00ab Faso Digital \u00bb - La Tribune du Faso<\/title>\n<meta name=\"robots\" content=\"index, follow, max-snippet:-1, max-image-preview:large, max-video-preview:-1\" \/>\n<link rel=\"canonical\" href=\"https:\/\/www.latribunedufaso.net\/?p=24348\" \/>\n<meta property=\"og:locale\" content=\"fr_FR\" \/>\n<meta property=\"og:type\" content=\"article\" \/>\n<meta property=\"og:title\" content=\"Innovation num\u00e9rique : Lefaso.net c\u00e9l\u00e8bre ses 22 ans avec \u00ab Faso Digital \u00bb - La Tribune du Faso\" \/>\n<meta property=\"og:description\" content=\"\u00c0 l&rsquo;occasion de son 22e anniversaire, le m\u00e9dia en ligne Lefaso.net organise, du 18 au 25 octobre 2025, la premi\u00e8re \u00e9dition de la foire virtuelle des solutions digitales, baptis\u00e9e Faso Digital. La c\u00e9r\u00e9monie d\u2019ouverture s\u2019est tenue le 18 octobre \u00e0 Ouagadougou, sous le patronage du Pr\u00e9sident de l\u2019Assembl\u00e9e l\u00e9gislative de Transition, Ousmane Bougouma, repr\u00e9sent\u00e9 par la 2e vice-pr\u00e9sidente de l&rsquo;institution, Awa Fofana et la pr\u00e9sidence du ministre en charge de la Transition digitale, Aminata Zerbo\/ Saban\u00e9.\" \/>\n<meta property=\"og:url\" content=\"https:\/\/www.latribunedufaso.net\/?p=24348\" \/>\n<meta property=\"og:site_name\" content=\"La Tribune du Faso\" \/>\n<meta property=\"article:publisher\" content=\"https:\/\/www.facebook.com\/LatribuneduFaso\/\" \/>\n<meta property=\"article:published_time\" content=\"2025-10-19T11:45:28+00:00\" \/>\n<meta property=\"article:modified_time\" content=\"2025-10-20T12:06:52+00:00\" \/>\n<meta property=\"og:image\" content=\"https:\/\/www.latribunedufaso.net\/wp-content\/uploads\/2025\/10\/FB_IMG_1760960763058.jpg\" \/>\n\t<meta property=\"og:image:width\" content=\"1080\" \/>\n\t<meta property=\"og:image:height\" content=\"720\" \/>\n\t<meta property=\"og:image:type\" content=\"image\/jpeg\" \/>\n<meta name=\"author\" content=\"Issouf Tapsoba\" \/>\n<meta name=\"twitter:label1\" content=\"\u00c9crit par\" \/>\n\t<meta name=\"twitter:data1\" content=\"Issouf Tapsoba\" \/>\n\t<meta name=\"twitter:label2\" content=\"Dur\u00e9e de lecture estim\u00e9e\" \/>\n\t<meta name=\"twitter:data2\" content=\"3 minutes\" \/>\n<script type=\"application\/ld+json\" class=\"yoast-schema-graph\">{\"@context\":\"https:\\\/\\\/schema.org\",\"@graph\":[{\"@type\":\"Article\",\"@id\":\"https:\\\/\\\/www.latribunedufaso.net\\\/?p=24348#article\",\"isPartOf\":{\"@id\":\"https:\\\/\\\/www.latribunedufaso.net\\\/?p=24348\"},\"author\":{\"name\":\"Issouf Tapsoba\",\"@id\":\"https:\\\/\\\/www.latribunedufaso.net\\\/#\\\/schema\\\/person\\\/e54e64c5778a7e72cf80a318b7a622b0\"},\"headline\":\"Innovation num\u00e9rique : Lefaso.net c\u00e9l\u00e8bre ses 22 ans avec \u00ab Faso Digital \u00bb\",\"datePublished\":\"2025-10-19T11:45:28+00:00\",\"dateModified\":\"2025-10-20T12:06:52+00:00\",\"mainEntityOfPage\":{\"@id\":\"https:\\\/\\\/www.latribunedufaso.net\\\/?p=24348\"},\"wordCount\":593,\"commentCount\":0,\"publisher\":{\"@id\":\"https:\\\/\\\/www.latribunedufaso.net\\\/#organization\"},\"image\":{\"@id\":\"https:\\\/\\\/www.latribunedufaso.net\\\/?p=24348#primaryimage\"},\"thumbnailUrl\":\"https:\\\/\\\/www.latribunedufaso.net\\\/wp-content\\\/uploads\\\/2025\\\/10\\\/FB_IMG_1760960763058.jpg\",\"keywords\":[\"foire virtuelle des solutions digitales \u00ab Faso digital \u00bb\",\"Intelligence artificielle et journalisme\",\"latribunedufaso.net\"],\"articleSection\":[\"A la une\",\"Actualit\u00e9\",\"Soci\u00e9t\u00e9\"],\"inLanguage\":\"fr-FR\",\"potentialAction\":[{\"@type\":\"CommentAction\",\"name\":\"Comment\",\"target\":[\"https:\\\/\\\/www.latribunedufaso.net\\\/?p=24348#respond\"]}]},{\"@type\":\"WebPage\",\"@id\":\"https:\\\/\\\/www.latribunedufaso.net\\\/?p=24348\",\"url\":\"https:\\\/\\\/www.latribunedufaso.net\\\/?p=24348\",\"name\":\"Innovation num\u00e9rique : Lefaso.net c\u00e9l\u00e8bre ses 22 ans avec \u00ab Faso Digital \u00bb - La Tribune du Faso\",\"isPartOf\":{\"@id\":\"https:\\\/\\\/www.latribunedufaso.net\\\/#website\"},\"primaryImageOfPage\":{\"@id\":\"https:\\\/\\\/www.latribunedufaso.net\\\/?p=24348#primaryimage\"},\"image\":{\"@id\":\"https:\\\/\\\/www.latribunedufaso.net\\\/?p=24348#primaryimage\"},\"thumbnailUrl\":\"https:\\\/\\\/www.latribunedufaso.net\\\/wp-content\\\/uploads\\\/2025\\\/10\\\/FB_IMG_1760960763058.jpg\",\"datePublished\":\"2025-10-19T11:45:28+00:00\",\"dateModified\":\"2025-10-20T12:06:52+00:00\",\"breadcrumb\":{\"@id\":\"https:\\\/\\\/www.latribunedufaso.net\\\/?p=24348#breadcrumb\"},\"inLanguage\":\"fr-FR\",\"potentialAction\":[{\"@type\":\"ReadAction\",\"target\":[\"https:\\\/\\\/www.latribunedufaso.net\\\/?p=24348\"]}]},{\"@type\":\"ImageObject\",\"inLanguage\":\"fr-FR\",\"@id\":\"https:\\\/\\\/www.latribunedufaso.net\\\/?p=24348#primaryimage\",\"url\":\"https:\\\/\\\/www.latribunedufaso.net\\\/wp-content\\\/uploads\\\/2025\\\/10\\\/FB_IMG_1760960763058.jpg\",\"contentUrl\":\"https:\\\/\\\/www.latribunedufaso.net\\\/wp-content\\\/uploads\\\/2025\\\/10\\\/FB_IMG_1760960763058.jpg\",\"width\":1080,\"height\":720,\"caption\":\"\u00c0 l'occasion de son 22e anniversaire, le m\u00e9dia en ligne Lefaso.net organise, du 18 au 25 octobre 2025, la premi\u00e8re \u00e9dition de la foire virtuelle des solutions digitales, baptis\u00e9e Faso Digital\"},{\"@type\":\"BreadcrumbList\",\"@id\":\"https:\\\/\\\/www.latribunedufaso.net\\\/?p=24348#breadcrumb\",\"itemListElement\":[{\"@type\":\"ListItem\",\"position\":1,\"name\":\"Accueil\",\"item\":\"https:\\\/\\\/www.latribunedufaso.net\\\/\"},{\"@type\":\"ListItem\",\"position\":2,\"name\":\"Innovation num\u00e9rique : Lefaso.net c\u00e9l\u00e8bre ses 22 ans avec \u00ab Faso Digital \u00bb\"}]},{\"@type\":\"WebSite\",\"@id\":\"https:\\\/\\\/www.latribunedufaso.net\\\/#website\",\"url\":\"https:\\\/\\\/www.latribunedufaso.net\\\/\",\"name\":\"La Tribune du Faso\",\"description\":\"L&#039;information du monde rural en un clic\",\"publisher\":{\"@id\":\"https:\\\/\\\/www.latribunedufaso.net\\\/#organization\"},\"potentialAction\":[{\"@type\":\"SearchAction\",\"target\":{\"@type\":\"EntryPoint\",\"urlTemplate\":\"https:\\\/\\\/www.latribunedufaso.net\\\/?s={search_term_string}\"},\"query-input\":{\"@type\":\"PropertyValueSpecification\",\"valueRequired\":true,\"valueName\":\"search_term_string\"}}],\"inLanguage\":\"fr-FR\"},{\"@type\":\"Organization\",\"@id\":\"https:\\\/\\\/www.latribunedufaso.net\\\/#organization\",\"name\":\"La Tribune du Faso\",\"url\":\"https:\\\/\\\/www.latribunedufaso.net\\\/\",\"logo\":{\"@type\":\"ImageObject\",\"inLanguage\":\"fr-FR\",\"@id\":\"https:\\\/\\\/www.latribunedufaso.net\\\/#\\\/schema\\\/logo\\\/image\\\/\",\"url\":\"https:\\\/\\\/www.latribunedufaso.net\\\/wp-content\\\/uploads\\\/2020\\\/08\\\/Logo-Tribune-du-Faso-final-scaled.jpg\",\"contentUrl\":\"https:\\\/\\\/www.latribunedufaso.net\\\/wp-content\\\/uploads\\\/2020\\\/08\\\/Logo-Tribune-du-Faso-final-scaled.jpg\",\"width\":2560,\"height\":1856,\"caption\":\"La Tribune du Faso\"},\"image\":{\"@id\":\"https:\\\/\\\/www.latribunedufaso.net\\\/#\\\/schema\\\/logo\\\/image\\\/\"},\"sameAs\":[\"https:\\\/\\\/www.facebook.com\\\/LatribuneduFaso\\\/\"]},{\"@type\":\"Person\",\"@id\":\"https:\\\/\\\/www.latribunedufaso.net\\\/#\\\/schema\\\/person\\\/e54e64c5778a7e72cf80a318b7a622b0\",\"name\":\"Issouf Tapsoba\",\"image\":{\"@type\":\"ImageObject\",\"inLanguage\":\"fr-FR\",\"@id\":\"https:\\\/\\\/secure.gravatar.com\\\/avatar\\\/5e6c05150ce3230247d167f5b94d678eb05936197436d69b7921e3a95c9107ac?s=96&d=mm&r=g\",\"url\":\"https:\\\/\\\/secure.gravatar.com\\\/avatar\\\/5e6c05150ce3230247d167f5b94d678eb05936197436d69b7921e3a95c9107ac?s=96&d=mm&r=g\",\"contentUrl\":\"https:\\\/\\\/secure.gravatar.com\\\/avatar\\\/5e6c05150ce3230247d167f5b94d678eb05936197436d69b7921e3a95c9107ac?s=96&d=mm&r=g\",\"caption\":\"Issouf Tapsoba\"},\"url\":\"https:\\\/\\\/www.latribunedufaso.net\\\/?author=5\"}]}<\/script>\n<!-- \/ Yoast SEO plugin. -->","yoast_head_json":{"title":"Innovation num\u00e9rique : Lefaso.net c\u00e9l\u00e8bre ses 22 ans avec \u00ab Faso Digital \u00bb - La Tribune du Faso","robots":{"index":"index","follow":"follow","max-snippet":"max-snippet:-1","max-image-preview":"max-image-preview:large","max-video-preview":"max-video-preview:-1"},"canonical":"https:\/\/www.latribunedufaso.net\/?p=24348","og_locale":"fr_FR","og_type":"article","og_title":"Innovation num\u00e9rique : Lefaso.net c\u00e9l\u00e8bre ses 22 ans avec \u00ab Faso Digital \u00bb - La Tribune du Faso","og_description":"\u00c0 l&rsquo;occasion de son 22e anniversaire, le m\u00e9dia en ligne Lefaso.net organise, du 18 au 25 octobre 2025, la premi\u00e8re \u00e9dition de la foire virtuelle des solutions digitales, baptis\u00e9e Faso Digital. La c\u00e9r\u00e9monie d\u2019ouverture s\u2019est tenue le 18 octobre \u00e0 Ouagadougou, sous le patronage du Pr\u00e9sident de l\u2019Assembl\u00e9e l\u00e9gislative de Transition, Ousmane Bougouma, repr\u00e9sent\u00e9 par la 2e vice-pr\u00e9sidente de l&rsquo;institution, Awa Fofana et la pr\u00e9sidence du ministre en charge de la Transition digitale, Aminata Zerbo\/ Saban\u00e9.","og_url":"https:\/\/www.latribunedufaso.net\/?p=24348","og_site_name":"La Tribune du Faso","article_publisher":"https:\/\/www.facebook.com\/LatribuneduFaso\/","article_published_time":"2025-10-19T11:45:28+00:00","article_modified_time":"2025-10-20T12:06:52+00:00","og_image":[{"width":1080,"height":720,"url":"https:\/\/www.latribunedufaso.net\/wp-content\/uploads\/2025\/10\/FB_IMG_1760960763058.jpg","type":"image\/jpeg"}],"author":"Issouf Tapsoba","twitter_misc":{"\u00c9crit par":"Issouf Tapsoba","Dur\u00e9e de lecture estim\u00e9e":"3 minutes"},"schema":{"@context":"https:\/\/schema.org","@graph":[{"@type":"Article","@id":"https:\/\/www.latribunedufaso.net\/?p=24348#article","isPartOf":{"@id":"https:\/\/www.latribunedufaso.net\/?p=24348"},"author":{"name":"Issouf Tapsoba","@id":"https:\/\/www.latribunedufaso.net\/#\/schema\/person\/e54e64c5778a7e72cf80a318b7a622b0"},"headline":"Innovation num\u00e9rique : Lefaso.net c\u00e9l\u00e8bre ses 22 ans avec \u00ab Faso Digital \u00bb","datePublished":"2025-10-19T11:45:28+00:00","dateModified":"2025-10-20T12:06:52+00:00","mainEntityOfPage":{"@id":"https:\/\/www.latribunedufaso.net\/?p=24348"},"wordCount":593,"commentCount":0,"publisher":{"@id":"https:\/\/www.latribunedufaso.net\/#organization"},"image":{"@id":"https:\/\/www.latribunedufaso.net\/?p=24348#primaryimage"},"thumbnailUrl":"https:\/\/www.latribunedufaso.net\/wp-content\/uploads\/2025\/10\/FB_IMG_1760960763058.jpg","keywords":["foire virtuelle des solutions digitales \u00ab Faso digital \u00bb","Intelligence artificielle et journalisme","latribunedufaso.net"],"articleSection":["A la une","Actualit\u00e9","Soci\u00e9t\u00e9"],"inLanguage":"fr-FR","potentialAction":[{"@type":"CommentAction","name":"Comment","target":["https:\/\/www.latribunedufaso.net\/?p=24348#respond"]}]},{"@type":"WebPage","@id":"https:\/\/www.latribunedufaso.net\/?p=24348","url":"https:\/\/www.latribunedufaso.net\/?p=24348","name":"Innovation num\u00e9rique : Lefaso.net c\u00e9l\u00e8bre ses 22 ans avec \u00ab Faso Digital \u00bb - La Tribune du Faso","isPartOf":{"@id":"https:\/\/www.latribunedufaso.net\/#website"},"primaryImageOfPage":{"@id":"https:\/\/www.latribunedufaso.net\/?p=24348#primaryimage"},"image":{"@id":"https:\/\/www.latribunedufaso.net\/?p=24348#primaryimage"},"thumbnailUrl":"https:\/\/www.latribunedufaso.net\/wp-content\/uploads\/2025\/10\/FB_IMG_1760960763058.jpg","datePublished":"2025-10-19T11:45:28+00:00","dateModified":"2025-10-20T12:06:52+00:00","breadcrumb":{"@id":"https:\/\/www.latribunedufaso.net\/?p=24348#breadcrumb"},"inLanguage":"fr-FR","potentialAction":[{"@type":"ReadAction","target":["https:\/\/www.latribunedufaso.net\/?p=24348"]}]},{"@type":"ImageObject","inLanguage":"fr-FR","@id":"https:\/\/www.latribunedufaso.net\/?p=24348#primaryimage","url":"https:\/\/www.latribunedufaso.net\/wp-content\/uploads\/2025\/10\/FB_IMG_1760960763058.jpg","contentUrl":"https:\/\/www.latribunedufaso.net\/wp-content\/uploads\/2025\/10\/FB_IMG_1760960763058.jpg","width":1080,"height":720,"caption":"\u00c0 l'occasion de son 22e anniversaire, le m\u00e9dia en ligne Lefaso.net organise, du 18 au 25 octobre 2025, la premi\u00e8re \u00e9dition de la foire virtuelle des solutions digitales, baptis\u00e9e Faso Digital"},{"@type":"BreadcrumbList","@id":"https:\/\/www.latribunedufaso.net\/?p=24348#breadcrumb","itemListElement":[{"@type":"ListItem","position":1,"name":"Accueil","item":"https:\/\/www.latribunedufaso.net\/"},{"@type":"ListItem","position":2,"name":"Innovation num\u00e9rique : Lefaso.net c\u00e9l\u00e8bre ses 22 ans avec \u00ab Faso Digital \u00bb"}]},{"@type":"WebSite","@id":"https:\/\/www.latribunedufaso.net\/#website","url":"https:\/\/www.latribunedufaso.net\/","name":"La Tribune du Faso","description":"L&#039;information du monde rural en un clic","publisher":{"@id":"https:\/\/www.latribunedufaso.net\/#organization"},"potentialAction":[{"@type":"SearchAction","target":{"@type":"EntryPoint","urlTemplate":"https:\/\/www.latribunedufaso.net\/?s={search_term_string}"},"query-input":{"@type":"PropertyValueSpecification","valueRequired":true,"valueName":"search_term_string"}}],"inLanguage":"fr-FR"},{"@type":"Organization","@id":"https:\/\/www.latribunedufaso.net\/#organization","name":"La Tribune du Faso","url":"https:\/\/www.latribunedufaso.net\/","logo":{"@type":"ImageObject","inLanguage":"fr-FR","@id":"https:\/\/www.latribunedufaso.net\/#\/schema\/logo\/image\/","url":"https:\/\/www.latribunedufaso.net\/wp-content\/uploads\/2020\/08\/Logo-Tribune-du-Faso-final-scaled.jpg","contentUrl":"https:\/\/www.latribunedufaso.net\/wp-content\/uploads\/2020\/08\/Logo-Tribune-du-Faso-final-scaled.jpg","width":2560,"height":1856,"caption":"La Tribune du Faso"},"image":{"@id":"https:\/\/www.latribunedufaso.net\/#\/schema\/logo\/image\/"},"sameAs":["https:\/\/www.facebook.com\/LatribuneduFaso\/"]},{"@type":"Person","@id":"https:\/\/www.latribunedufaso.net\/#\/schema\/person\/e54e64c5778a7e72cf80a318b7a622b0","name":"Issouf Tapsoba","image":{"@type":"ImageObject","inLanguage":"fr-FR","@id":"https:\/\/secure.gravatar.com\/avatar\/5e6c05150ce3230247d167f5b94d678eb05936197436d69b7921e3a95c9107ac?s=96&d=mm&r=g","url":"https:\/\/secure.gravatar.com\/avatar\/5e6c05150ce3230247d167f5b94d678eb05936197436d69b7921e3a95c9107ac?s=96&d=mm&r=g","contentUrl":"https:\/\/secure.gravatar.com\/avatar\/5e6c05150ce3230247d167f5b94d678eb05936197436d69b7921e3a95c9107ac?s=96&d=mm&r=g","caption":"Issouf Tapsoba"},"url":"https:\/\/www.latribunedufaso.net\/?author=5"}]}},"_links":{"self":[{"href":"https:\/\/www.latribunedufaso.net\/index.php?rest_route=\/wp\/v2\/posts\/24348","targetHints":{"allow":["GET"]}}],"collection":[{"href":"https:\/\/www.latribunedufaso.net\/index.php?rest_route=\/wp\/v2\/posts"}],"about":[{"href":"https:\/\/www.latribunedufaso.net\/index.php?rest_route=\/wp\/v2\/types\/post"}],"author":[{"embeddable":true,"href":"https:\/\/www.latribunedufaso.net\/index.php?rest_route=\/wp\/v2\/users\/5"}],"replies":[{"embeddable":true,"href":"https:\/\/www.latribunedufaso.net\/index.php?rest_route=%2Fwp%2Fv2%2Fcomments&post=24348"}],"version-history":[{"count":2,"href":"https:\/\/www.latribunedufaso.net\/index.php?rest_route=\/wp\/v2\/posts\/24348\/revisions"}],"predecessor-version":[{"id":24356,"href":"https:\/\/www.latribunedufaso.net\/index.php?rest_route=\/wp\/v2\/posts\/24348\/revisions\/24356"}],"wp:featuredmedia":[{"embeddable":true,"href":"https:\/\/www.latribunedufaso.net\/index.php?rest_route=\/wp\/v2\/media\/24354"}],"wp:attachment":[{"href":"https:\/\/www.latribunedufaso.net\/index.php?rest_route=%2Fwp%2Fv2%2Fmedia&parent=24348"}],"wp:term":[{"taxonomy":"category","embeddable":true,"href":"https:\/\/www.latribunedufaso.net\/index.php?rest_route=%2Fwp%2Fv2%2Fcategories&post=24348"},{"taxonomy":"post_tag","embeddable":true,"href":"https:\/\/www.latribunedufaso.net\/index.php?rest_route=%2Fwp%2Fv2%2Ftags&post=24348"}],"curies":[{"name":"wp","href":"https:\/\/api.w.org\/{rel}","templated":true}]}}