{"id":24337,"date":"2025-10-19T16:28:26","date_gmt":"2025-10-19T16:28:26","guid":{"rendered":"https:\/\/www.latribunedufaso.net\/?p=24337"},"modified":"2025-10-19T16:28:26","modified_gmt":"2025-10-19T16:28:26","slug":"ligue-des-champions-de-la-caf-la-fbf-denonce-lallumage-de-fumigenes-par-les-supporters-de-es-tunis","status":"publish","type":"post","link":"https:\/\/www.latribunedufaso.net\/?p=24337","title":{"rendered":"Ligue des champions de la CAF : La FBF d\u00e9nonce l&rsquo;allumage de fumig\u00e8nes par les supporters de ES Tunis"},"content":{"rendered":"<p><strong>Dans un communiqu\u00e9 en date de ce 19 octobre 2025, la F\u00e9d\u00e9ration Burkinab\u00e8 de Football (FBF) condamne l&rsquo;incident caus\u00e9 par les supporters de l&rsquo;Esp\u00e9rance de Tunis hier, 18 octobre au stade du 4-ao\u00fbt, lors du match de Ligue des Champions de la CAF contre Rahimo FC.<\/strong><!--more--><\/p>\n<p>\u200eAu-del\u00e0 de l&rsquo;allumage de fumig\u00e8nes, pourtant interdit au stade, le communiqu\u00e9 d\u00e9nonce la complicit\u00e9 pr\u00e9sum\u00e9e de membres du staff tunisien pour introduire des objets prohib\u00e9s. La FBF appelle \u00e0 une vigilance accrue et a transmis un rapport d\u00e9taill\u00e9 \u00e0 la CAF.<\/p>\n<p>Lisez l&rsquo;int\u00e9gralit\u00e9 du communiqu\u00e9 \u2935\ufe0f\u00a0<\/p>\n<p>COMMUNIQU\u00c9<\/p>\n<p>&nbsp;<\/p>\n<p>La F\u00e9d\u00e9ration burkinab\u00e8 de Football condamne avec fermet\u00e9 les comportements antisportifs observ\u00e9s de la part des supporters de l\u2019Esp\u00e9rance sportive de Tunis lors du match de la Ligue des Champions de la CAF les opposant \u00e0 Rahimo FC, au Stade du 4 ao\u00fbt du Burkina Faso.<\/p>\n<p>&nbsp;<\/p>\n<p>Malgr\u00e9 les dispositifs de s\u00e9curit\u00e9 mis en place, qui ont permis de fouiller tous les spectateurs et de saisir certains objets interdits avant l\u2019entr\u00e9e dans le stade, des \u00e9l\u00e9ments perturbateurs sont tout de m\u00eame parvenus \u00e0 introduire des fumig\u00e8nes et autres objets prohib\u00e9s avec la complicit\u00e9 de certains membres du staff de l&rsquo;\u00e9quipe. Il a \u00e9t\u00e9 constat\u00e9 que ces objets ont \u00e9t\u00e9 dissimul\u00e9s dans les \u00e9quipements officiels de l\u2019\u00e9quipe tunisienne.<\/p>\n<p>&nbsp;<\/p>\n<p>Cette situation malheureuse met en lumi\u00e8re les limites des dispositions CAF qui n\u2019exigent pas les fouilles syst\u00e9matiques des mat\u00e9riels et \u00e9quipements des joueurs et staff au stade.<\/p>\n<p>\u00a0Ceci rappelle la n\u00e9cessit\u00e9 d\u2019une vigilance accrue en mati\u00e8re de s\u00e9curit\u00e9 dans nos enceintes sportives.<\/p>\n<p>&nbsp;<\/p>\n<p>La FBF appelle donc une fois de plus la population \u00e0 collaborer \u00e9troitement avec les forces de s\u00e9curit\u00e9 afin d\u2019assurer un environnement sain, s\u00e9curis\u00e9 et digne du sport que nous aimons tous.<\/p>\n<p>&nbsp;<\/p>\n<p>Un rapport d\u00e9taill\u00e9 de l\u2019incident a \u00e9t\u00e9 r\u00e9dig\u00e9 et transmis aux instances comp\u00e9tentes de la Conf\u00e9d\u00e9ration africaine de Football. Ce rapport met en \u00e9vidence non seulement le comportement inacceptable des supporters tunisiens, mais aussi la complicit\u00e9 pr\u00e9sum\u00e9e de certains membres du staff de l\u2019Esp\u00e9rance de Tunis dans l\u2019acheminement frauduleux de ces objets.<\/p>\n<p>&nbsp;<\/p>\n<p>La FBF tient \u00e0 remercier chaleureusement les supporters burkinab\u00e8 et tous les invit\u00e9s qui, dans le respect et la discipline, continuent de r\u00e9pondre pr\u00e9sents pour soutenir nos \u00e9quipes nationales et nos clubs engag\u00e9s dans les comp\u00e9titions internationales.<\/p>\n<p>Communication FBF<\/p>\n<p><strong>Latribunedufaso.net<\/strong><\/p>\n","protected":false},"excerpt":{"rendered":"<p>Dans un communiqu\u00e9 en date de ce 19 octobre 2025, la F\u00e9d\u00e9ration Burkinab\u00e8 de Football (FBF) condamne l&rsquo;incident caus\u00e9 par les supporters de l&rsquo;Esp\u00e9rance de Tunis hier, 18 octobre au stade du 4-ao\u00fbt, lors du match de Ligue des Champions de la CAF contre Rahimo FC.<\/p>\n","protected":false},"author":5,"featured_media":24338,"comment_status":"open","ping_status":"open","sticky":false,"template":"","format":"standard","meta":{"footnotes":""},"categories":[13,1,17],"tags":[1681,1680,1676,1677,1679],"class_list":["post-24337","post","type-post","status-publish","format-standard","has-post-thumbnail","hentry","category-une","category-actu","category-sport","tag-esperance-sportive-de-tunis","tag-incident-fumigene-supporters-tunisiens","tag-ligue-des-champions-caf","tag-rahimo-fc","tag-stade-du-4-aout"],"yoast_head":"<!-- This site is optimized with the Yoast SEO plugin v27.5 - https:\/\/yoast.com\/product\/yoast-seo-wordpress\/ -->\n<title>Ligue des champions de la CAF : La FBF d\u00e9nonce l&#039;allumage de fumig\u00e8nes par les supporters de ES Tunis - La Tribune du Faso<\/title>\n<meta name=\"robots\" content=\"index, follow, max-snippet:-1, max-image-preview:large, max-video-preview:-1\" \/>\n<link rel=\"canonical\" href=\"https:\/\/www.latribunedufaso.net\/?p=24337\" \/>\n<meta property=\"og:locale\" content=\"fr_FR\" \/>\n<meta property=\"og:type\" content=\"article\" \/>\n<meta property=\"og:title\" content=\"Ligue des champions de la CAF : La FBF d\u00e9nonce l&#039;allumage de fumig\u00e8nes par les supporters de ES Tunis - La Tribune du Faso\" \/>\n<meta property=\"og:description\" content=\"Dans un communiqu\u00e9 en date de ce 19 octobre 2025, la F\u00e9d\u00e9ration Burkinab\u00e8 de Football (FBF) condamne l&rsquo;incident caus\u00e9 par les supporters de l&rsquo;Esp\u00e9rance de Tunis hier, 18 octobre au stade du 4-ao\u00fbt, lors du match de Ligue des Champions de la CAF contre Rahimo FC.\" \/>\n<meta property=\"og:url\" content=\"https:\/\/www.latribunedufaso.net\/?p=24337\" \/>\n<meta property=\"og:site_name\" content=\"La Tribune du Faso\" \/>\n<meta property=\"article:publisher\" content=\"https:\/\/www.facebook.com\/LatribuneduFaso\/\" \/>\n<meta property=\"article:published_time\" content=\"2025-10-19T16:28:26+00:00\" \/>\n<meta property=\"og:image\" content=\"https:\/\/www.latribunedufaso.net\/wp-content\/uploads\/2025\/10\/FB_IMG_1760891096772.jpg\" \/>\n\t<meta property=\"og:image:width\" content=\"2048\" \/>\n\t<meta property=\"og:image:height\" content=\"1366\" \/>\n\t<meta property=\"og:image:type\" content=\"image\/jpeg\" \/>\n<meta name=\"author\" content=\"Issouf Tapsoba\" \/>\n<meta name=\"twitter:label1\" content=\"\u00c9crit par\" \/>\n\t<meta name=\"twitter:data1\" content=\"Issouf Tapsoba\" \/>\n\t<meta name=\"twitter:label2\" content=\"Dur\u00e9e de lecture estim\u00e9e\" \/>\n\t<meta name=\"twitter:data2\" content=\"2 minutes\" \/>\n<script type=\"application\/ld+json\" class=\"yoast-schema-graph\">{\"@context\":\"https:\\\/\\\/schema.org\",\"@graph\":[{\"@type\":\"Article\",\"@id\":\"https:\\\/\\\/www.latribunedufaso.net\\\/?p=24337#article\",\"isPartOf\":{\"@id\":\"https:\\\/\\\/www.latribunedufaso.net\\\/?p=24337\"},\"author\":{\"name\":\"Issouf Tapsoba\",\"@id\":\"https:\\\/\\\/www.latribunedufaso.net\\\/#\\\/schema\\\/person\\\/e54e64c5778a7e72cf80a318b7a622b0\"},\"headline\":\"Ligue des champions de la CAF : La FBF d\u00e9nonce l&rsquo;allumage de fumig\u00e8nes par les supporters de ES Tunis\",\"datePublished\":\"2025-10-19T16:28:26+00:00\",\"mainEntityOfPage\":{\"@id\":\"https:\\\/\\\/www.latribunedufaso.net\\\/?p=24337\"},\"wordCount\":450,\"commentCount\":0,\"publisher\":{\"@id\":\"https:\\\/\\\/www.latribunedufaso.net\\\/#organization\"},\"image\":{\"@id\":\"https:\\\/\\\/www.latribunedufaso.net\\\/?p=24337#primaryimage\"},\"thumbnailUrl\":\"https:\\\/\\\/www.latribunedufaso.net\\\/wp-content\\\/uploads\\\/2025\\\/10\\\/FB_IMG_1760891096772.jpg\",\"keywords\":[\"Esp\u00e9rance sportive de Tunis\",\"Incident fumig\u00e8ne supporters tunisiens\",\"Ligue des Champions CAF\",\"Rahimo FC\",\"Stade du 4-ao\u00fbt\"],\"articleSection\":[\"A la une\",\"Actualit\u00e9\",\"Sport\"],\"inLanguage\":\"fr-FR\",\"potentialAction\":[{\"@type\":\"CommentAction\",\"name\":\"Comment\",\"target\":[\"https:\\\/\\\/www.latribunedufaso.net\\\/?p=24337#respond\"]}]},{\"@type\":\"WebPage\",\"@id\":\"https:\\\/\\\/www.latribunedufaso.net\\\/?p=24337\",\"url\":\"https:\\\/\\\/www.latribunedufaso.net\\\/?p=24337\",\"name\":\"Ligue des champions de la CAF : La FBF d\u00e9nonce l'allumage de fumig\u00e8nes par les supporters de ES Tunis - La Tribune du Faso\",\"isPartOf\":{\"@id\":\"https:\\\/\\\/www.latribunedufaso.net\\\/#website\"},\"primaryImageOfPage\":{\"@id\":\"https:\\\/\\\/www.latribunedufaso.net\\\/?p=24337#primaryimage\"},\"image\":{\"@id\":\"https:\\\/\\\/www.latribunedufaso.net\\\/?p=24337#primaryimage\"},\"thumbnailUrl\":\"https:\\\/\\\/www.latribunedufaso.net\\\/wp-content\\\/uploads\\\/2025\\\/10\\\/FB_IMG_1760891096772.jpg\",\"datePublished\":\"2025-10-19T16:28:26+00:00\",\"breadcrumb\":{\"@id\":\"https:\\\/\\\/www.latribunedufaso.net\\\/?p=24337#breadcrumb\"},\"inLanguage\":\"fr-FR\",\"potentialAction\":[{\"@type\":\"ReadAction\",\"target\":[\"https:\\\/\\\/www.latribunedufaso.net\\\/?p=24337\"]}]},{\"@type\":\"ImageObject\",\"inLanguage\":\"fr-FR\",\"@id\":\"https:\\\/\\\/www.latribunedufaso.net\\\/?p=24337#primaryimage\",\"url\":\"https:\\\/\\\/www.latribunedufaso.net\\\/wp-content\\\/uploads\\\/2025\\\/10\\\/FB_IMG_1760891096772.jpg\",\"contentUrl\":\"https:\\\/\\\/www.latribunedufaso.net\\\/wp-content\\\/uploads\\\/2025\\\/10\\\/FB_IMG_1760891096772.jpg\",\"width\":2048,\"height\":1366,\"caption\":\"La FBF d\u00e9nonce l'incident de fumig\u00e8nes allum\u00e9s par les supporters tunisiens lors du match Rahimo FC contre Esp\u00e9rance sportive de Tunis\"},{\"@type\":\"BreadcrumbList\",\"@id\":\"https:\\\/\\\/www.latribunedufaso.net\\\/?p=24337#breadcrumb\",\"itemListElement\":[{\"@type\":\"ListItem\",\"position\":1,\"name\":\"Accueil\",\"item\":\"https:\\\/\\\/www.latribunedufaso.net\\\/\"},{\"@type\":\"ListItem\",\"position\":2,\"name\":\"Ligue des champions de la CAF : La FBF d\u00e9nonce l&rsquo;allumage de fumig\u00e8nes par les supporters de ES Tunis\"}]},{\"@type\":\"WebSite\",\"@id\":\"https:\\\/\\\/www.latribunedufaso.net\\\/#website\",\"url\":\"https:\\\/\\\/www.latribunedufaso.net\\\/\",\"name\":\"La Tribune du Faso\",\"description\":\"L&#039;information du monde rural en un clic\",\"publisher\":{\"@id\":\"https:\\\/\\\/www.latribunedufaso.net\\\/#organization\"},\"potentialAction\":[{\"@type\":\"SearchAction\",\"target\":{\"@type\":\"EntryPoint\",\"urlTemplate\":\"https:\\\/\\\/www.latribunedufaso.net\\\/?s={search_term_string}\"},\"query-input\":{\"@type\":\"PropertyValueSpecification\",\"valueRequired\":true,\"valueName\":\"search_term_string\"}}],\"inLanguage\":\"fr-FR\"},{\"@type\":\"Organization\",\"@id\":\"https:\\\/\\\/www.latribunedufaso.net\\\/#organization\",\"name\":\"La Tribune du Faso\",\"url\":\"https:\\\/\\\/www.latribunedufaso.net\\\/\",\"logo\":{\"@type\":\"ImageObject\",\"inLanguage\":\"fr-FR\",\"@id\":\"https:\\\/\\\/www.latribunedufaso.net\\\/#\\\/schema\\\/logo\\\/image\\\/\",\"url\":\"https:\\\/\\\/www.latribunedufaso.net\\\/wp-content\\\/uploads\\\/2020\\\/08\\\/Logo-Tribune-du-Faso-final-scaled.jpg\",\"contentUrl\":\"https:\\\/\\\/www.latribunedufaso.net\\\/wp-content\\\/uploads\\\/2020\\\/08\\\/Logo-Tribune-du-Faso-final-scaled.jpg\",\"width\":2560,\"height\":1856,\"caption\":\"La Tribune du Faso\"},\"image\":{\"@id\":\"https:\\\/\\\/www.latribunedufaso.net\\\/#\\\/schema\\\/logo\\\/image\\\/\"},\"sameAs\":[\"https:\\\/\\\/www.facebook.com\\\/LatribuneduFaso\\\/\"]},{\"@type\":\"Person\",\"@id\":\"https:\\\/\\\/www.latribunedufaso.net\\\/#\\\/schema\\\/person\\\/e54e64c5778a7e72cf80a318b7a622b0\",\"name\":\"Issouf Tapsoba\",\"image\":{\"@type\":\"ImageObject\",\"inLanguage\":\"fr-FR\",\"@id\":\"https:\\\/\\\/secure.gravatar.com\\\/avatar\\\/5e6c05150ce3230247d167f5b94d678eb05936197436d69b7921e3a95c9107ac?s=96&d=mm&r=g\",\"url\":\"https:\\\/\\\/secure.gravatar.com\\\/avatar\\\/5e6c05150ce3230247d167f5b94d678eb05936197436d69b7921e3a95c9107ac?s=96&d=mm&r=g\",\"contentUrl\":\"https:\\\/\\\/secure.gravatar.com\\\/avatar\\\/5e6c05150ce3230247d167f5b94d678eb05936197436d69b7921e3a95c9107ac?s=96&d=mm&r=g\",\"caption\":\"Issouf Tapsoba\"},\"url\":\"https:\\\/\\\/www.latribunedufaso.net\\\/?author=5\"}]}<\/script>\n<!-- \/ Yoast SEO plugin. -->","yoast_head_json":{"title":"Ligue des champions de la CAF : La FBF d\u00e9nonce l'allumage de fumig\u00e8nes par les supporters de ES Tunis - La Tribune du Faso","robots":{"index":"index","follow":"follow","max-snippet":"max-snippet:-1","max-image-preview":"max-image-preview:large","max-video-preview":"max-video-preview:-1"},"canonical":"https:\/\/www.latribunedufaso.net\/?p=24337","og_locale":"fr_FR","og_type":"article","og_title":"Ligue des champions de la CAF : La FBF d\u00e9nonce l'allumage de fumig\u00e8nes par les supporters de ES Tunis - La Tribune du Faso","og_description":"Dans un communiqu\u00e9 en date de ce 19 octobre 2025, la F\u00e9d\u00e9ration Burkinab\u00e8 de Football (FBF) condamne l&rsquo;incident caus\u00e9 par les supporters de l&rsquo;Esp\u00e9rance de Tunis hier, 18 octobre au stade du 4-ao\u00fbt, lors du match de Ligue des Champions de la CAF contre Rahimo FC.","og_url":"https:\/\/www.latribunedufaso.net\/?p=24337","og_site_name":"La Tribune du Faso","article_publisher":"https:\/\/www.facebook.com\/LatribuneduFaso\/","article_published_time":"2025-10-19T16:28:26+00:00","og_image":[{"width":2048,"height":1366,"url":"https:\/\/www.latribunedufaso.net\/wp-content\/uploads\/2025\/10\/FB_IMG_1760891096772.jpg","type":"image\/jpeg"}],"author":"Issouf Tapsoba","twitter_misc":{"\u00c9crit par":"Issouf Tapsoba","Dur\u00e9e de lecture estim\u00e9e":"2 minutes"},"schema":{"@context":"https:\/\/schema.org","@graph":[{"@type":"Article","@id":"https:\/\/www.latribunedufaso.net\/?p=24337#article","isPartOf":{"@id":"https:\/\/www.latribunedufaso.net\/?p=24337"},"author":{"name":"Issouf Tapsoba","@id":"https:\/\/www.latribunedufaso.net\/#\/schema\/person\/e54e64c5778a7e72cf80a318b7a622b0"},"headline":"Ligue des champions de la CAF : La FBF d\u00e9nonce l&rsquo;allumage de fumig\u00e8nes par les supporters de ES Tunis","datePublished":"2025-10-19T16:28:26+00:00","mainEntityOfPage":{"@id":"https:\/\/www.latribunedufaso.net\/?p=24337"},"wordCount":450,"commentCount":0,"publisher":{"@id":"https:\/\/www.latribunedufaso.net\/#organization"},"image":{"@id":"https:\/\/www.latribunedufaso.net\/?p=24337#primaryimage"},"thumbnailUrl":"https:\/\/www.latribunedufaso.net\/wp-content\/uploads\/2025\/10\/FB_IMG_1760891096772.jpg","keywords":["Esp\u00e9rance sportive de Tunis","Incident fumig\u00e8ne supporters tunisiens","Ligue des Champions CAF","Rahimo FC","Stade du 4-ao\u00fbt"],"articleSection":["A la une","Actualit\u00e9","Sport"],"inLanguage":"fr-FR","potentialAction":[{"@type":"CommentAction","name":"Comment","target":["https:\/\/www.latribunedufaso.net\/?p=24337#respond"]}]},{"@type":"WebPage","@id":"https:\/\/www.latribunedufaso.net\/?p=24337","url":"https:\/\/www.latribunedufaso.net\/?p=24337","name":"Ligue des champions de la CAF : La FBF d\u00e9nonce l'allumage de fumig\u00e8nes par les supporters de ES Tunis - La Tribune du Faso","isPartOf":{"@id":"https:\/\/www.latribunedufaso.net\/#website"},"primaryImageOfPage":{"@id":"https:\/\/www.latribunedufaso.net\/?p=24337#primaryimage"},"image":{"@id":"https:\/\/www.latribunedufaso.net\/?p=24337#primaryimage"},"thumbnailUrl":"https:\/\/www.latribunedufaso.net\/wp-content\/uploads\/2025\/10\/FB_IMG_1760891096772.jpg","datePublished":"2025-10-19T16:28:26+00:00","breadcrumb":{"@id":"https:\/\/www.latribunedufaso.net\/?p=24337#breadcrumb"},"inLanguage":"fr-FR","potentialAction":[{"@type":"ReadAction","target":["https:\/\/www.latribunedufaso.net\/?p=24337"]}]},{"@type":"ImageObject","inLanguage":"fr-FR","@id":"https:\/\/www.latribunedufaso.net\/?p=24337#primaryimage","url":"https:\/\/www.latribunedufaso.net\/wp-content\/uploads\/2025\/10\/FB_IMG_1760891096772.jpg","contentUrl":"https:\/\/www.latribunedufaso.net\/wp-content\/uploads\/2025\/10\/FB_IMG_1760891096772.jpg","width":2048,"height":1366,"caption":"La FBF d\u00e9nonce l'incident de fumig\u00e8nes allum\u00e9s par les supporters tunisiens lors du match Rahimo FC contre Esp\u00e9rance sportive de Tunis"},{"@type":"BreadcrumbList","@id":"https:\/\/www.latribunedufaso.net\/?p=24337#breadcrumb","itemListElement":[{"@type":"ListItem","position":1,"name":"Accueil","item":"https:\/\/www.latribunedufaso.net\/"},{"@type":"ListItem","position":2,"name":"Ligue des champions de la CAF : La FBF d\u00e9nonce l&rsquo;allumage de fumig\u00e8nes par les supporters de ES Tunis"}]},{"@type":"WebSite","@id":"https:\/\/www.latribunedufaso.net\/#website","url":"https:\/\/www.latribunedufaso.net\/","name":"La Tribune du Faso","description":"L&#039;information du monde rural en un clic","publisher":{"@id":"https:\/\/www.latribunedufaso.net\/#organization"},"potentialAction":[{"@type":"SearchAction","target":{"@type":"EntryPoint","urlTemplate":"https:\/\/www.latribunedufaso.net\/?s={search_term_string}"},"query-input":{"@type":"PropertyValueSpecification","valueRequired":true,"valueName":"search_term_string"}}],"inLanguage":"fr-FR"},{"@type":"Organization","@id":"https:\/\/www.latribunedufaso.net\/#organization","name":"La Tribune du Faso","url":"https:\/\/www.latribunedufaso.net\/","logo":{"@type":"ImageObject","inLanguage":"fr-FR","@id":"https:\/\/www.latribunedufaso.net\/#\/schema\/logo\/image\/","url":"https:\/\/www.latribunedufaso.net\/wp-content\/uploads\/2020\/08\/Logo-Tribune-du-Faso-final-scaled.jpg","contentUrl":"https:\/\/www.latribunedufaso.net\/wp-content\/uploads\/2020\/08\/Logo-Tribune-du-Faso-final-scaled.jpg","width":2560,"height":1856,"caption":"La Tribune du Faso"},"image":{"@id":"https:\/\/www.latribunedufaso.net\/#\/schema\/logo\/image\/"},"sameAs":["https:\/\/www.facebook.com\/LatribuneduFaso\/"]},{"@type":"Person","@id":"https:\/\/www.latribunedufaso.net\/#\/schema\/person\/e54e64c5778a7e72cf80a318b7a622b0","name":"Issouf Tapsoba","image":{"@type":"ImageObject","inLanguage":"fr-FR","@id":"https:\/\/secure.gravatar.com\/avatar\/5e6c05150ce3230247d167f5b94d678eb05936197436d69b7921e3a95c9107ac?s=96&d=mm&r=g","url":"https:\/\/secure.gravatar.com\/avatar\/5e6c05150ce3230247d167f5b94d678eb05936197436d69b7921e3a95c9107ac?s=96&d=mm&r=g","contentUrl":"https:\/\/secure.gravatar.com\/avatar\/5e6c05150ce3230247d167f5b94d678eb05936197436d69b7921e3a95c9107ac?s=96&d=mm&r=g","caption":"Issouf Tapsoba"},"url":"https:\/\/www.latribunedufaso.net\/?author=5"}]}},"_links":{"self":[{"href":"https:\/\/www.latribunedufaso.net\/index.php?rest_route=\/wp\/v2\/posts\/24337","targetHints":{"allow":["GET"]}}],"collection":[{"href":"https:\/\/www.latribunedufaso.net\/index.php?rest_route=\/wp\/v2\/posts"}],"about":[{"href":"https:\/\/www.latribunedufaso.net\/index.php?rest_route=\/wp\/v2\/types\/post"}],"author":[{"embeddable":true,"href":"https:\/\/www.latribunedufaso.net\/index.php?rest_route=\/wp\/v2\/users\/5"}],"replies":[{"embeddable":true,"href":"https:\/\/www.latribunedufaso.net\/index.php?rest_route=%2Fwp%2Fv2%2Fcomments&post=24337"}],"version-history":[{"count":2,"href":"https:\/\/www.latribunedufaso.net\/index.php?rest_route=\/wp\/v2\/posts\/24337\/revisions"}],"predecessor-version":[{"id":24340,"href":"https:\/\/www.latribunedufaso.net\/index.php?rest_route=\/wp\/v2\/posts\/24337\/revisions\/24340"}],"wp:featuredmedia":[{"embeddable":true,"href":"https:\/\/www.latribunedufaso.net\/index.php?rest_route=\/wp\/v2\/media\/24338"}],"wp:attachment":[{"href":"https:\/\/www.latribunedufaso.net\/index.php?rest_route=%2Fwp%2Fv2%2Fmedia&parent=24337"}],"wp:term":[{"taxonomy":"category","embeddable":true,"href":"https:\/\/www.latribunedufaso.net\/index.php?rest_route=%2Fwp%2Fv2%2Fcategories&post=24337"},{"taxonomy":"post_tag","embeddable":true,"href":"https:\/\/www.latribunedufaso.net\/index.php?rest_route=%2Fwp%2Fv2%2Ftags&post=24337"}],"curies":[{"name":"wp","href":"https:\/\/api.w.org\/{rel}","templated":true}]}}