{"id":24327,"date":"2025-10-18T22:17:27","date_gmt":"2025-10-18T22:17:27","guid":{"rendered":"https:\/\/www.latribunedufaso.net\/?p=24327"},"modified":"2025-10-18T23:23:04","modified_gmt":"2025-10-18T23:23:04","slug":"ligue-des-champions-de-la-caf-rahimo-fc-chute-a-domicile-face-a-lesperance-de-tunis","status":"publish","type":"post","link":"https:\/\/www.latribunedufaso.net\/?p=24327","title":{"rendered":"Ligue des Champions de la CAF : Rahimo FC chute \u00e0 domicile face \u00e0 l&rsquo;Esp\u00e9rance de Tunis (0-1)"},"content":{"rendered":"<p><strong>Mauvaise op\u00e9ration pour le Rahimo FC qui s&rsquo;est inclin\u00e9 sur le score de 1 but \u00e0 z\u00e9ro, ce 18 octobre 2025, \u00e0 Ouagadougou, face \u00e0 l&rsquo;exp\u00e9riment\u00e9e Esp\u00e9rance Sportive de Tunis. Ce revers \u00e0 domicile complique s\u00e9rieusement la t\u00e2che des acad\u00e9miciens lors de ce deuxi\u00e8me tour pr\u00e9liminaire de la Ligue des Champions de la CAF, avant le match retour.<\/strong><!--more--><\/p>\n<p>C&rsquo;est avec une profonde frustration que les joueurs du Rahimo FC ont quitt\u00e9 la pelouse du Stade du 4-Ao\u00fbt, ce 18 octobre 2025. Bien qu&rsquo;ils aient par moment inqui\u00e9t\u00e9 leur adversaire, les acad\u00e9miciens n&rsquo;ont pas su concr\u00e9tiser leurs occasions devant le but. Face \u00e0 une \u00e9quipe du calibre de l&rsquo;Esp\u00e9rance sportive de Tunis, ce manque de r\u00e9alisme est souvent fatal.<\/p>\n<figure id=\"attachment_24330\" aria-describedby=\"caption-attachment-24330\" style=\"width: 2048px\" class=\"wp-caption aligncenter\"><a href=\"https:\/\/www.latribunedufaso.net\/wp-content\/uploads\/2025\/10\/FB_IMG_1760824822274.jpg\"><img loading=\"lazy\" decoding=\"async\" class=\"size-full wp-image-24330\" src=\"https:\/\/www.latribunedufaso.net\/wp-content\/uploads\/2025\/10\/FB_IMG_1760824822274.jpg\" alt=\"Match 2e tour pr\u00e9liminaire de la Ligue des Champions CAF, Rahimo FC contre Esp\u00e9rance sportive de Tunis, 18 octobre 2025\" width=\"2048\" height=\"1874\" srcset=\"https:\/\/www.latribunedufaso.net\/wp-content\/uploads\/2025\/10\/FB_IMG_1760824822274.jpg 2048w, https:\/\/www.latribunedufaso.net\/wp-content\/uploads\/2025\/10\/FB_IMG_1760824822274-300x275.jpg 300w, https:\/\/www.latribunedufaso.net\/wp-content\/uploads\/2025\/10\/FB_IMG_1760824822274-1024x937.jpg 1024w, https:\/\/www.latribunedufaso.net\/wp-content\/uploads\/2025\/10\/FB_IMG_1760824822274-768x703.jpg 768w, https:\/\/www.latribunedufaso.net\/wp-content\/uploads\/2025\/10\/FB_IMG_1760824822274-1536x1406.jpg 1536w\" sizes=\"auto, (max-width: 2048px) 100vw, 2048px\" \/><\/a><figcaption id=\"caption-attachment-24330\" class=\"wp-caption-text\">Une vue de l&rsquo;entra\u00eeneur de Rahimo FC, Jamil Benouahi, lors du match &#8211; Ph. DR<\/figcaption><\/figure>\n<p>Les Burkinab\u00e8 ont conc\u00e9d\u00e9 l&rsquo;unique but de la rencontre juste avant la mi-temps. C&rsquo;est sur un corner mal d\u00e9fendu que Florian Danho a r\u00e9ussi \u00e0 ouvrir le score pour les Tunisiens.<\/p>\n<p>En conf\u00e9rence de presse d&rsquo;apr\u00e8s-match, l&rsquo;entra\u00eeneur du Rahimo FC, Jamil Benouahi n&rsquo;a pas cach\u00e9 son agacement face \u00e0 cette erreur tactique.<em><strong> \u00ab Je suis agac\u00e9 parce qu\u2019\u00e0 l\u2019entra\u00eenement, nous avons beaucoup travaill\u00e9 sur les d\u00e9fenses sur corner. C\u2019est sur cette action que nous avons pris le but \u00bb<\/strong><\/em>, a-t-il regrett\u00e9.<\/p>\n<p>Il a par ailleurs regrett\u00e9 le manque de r\u00e9alisme offensif de son \u00e9quipe, un probl\u00e8me qu&rsquo;il attribue \u00e0 plusieurs facteurs, citant notamment la pr\u00e9cipitation ou un mauvais choix dans le dernier geste.<\/p>\n<blockquote>\n<p>Lire aussi &gt;&gt; <a href=\"https:\/\/www.latribunedufaso.net\/?p=23536\">Football : Rahimo FC r\u00e9alise un tripl\u00e9 historique en remportant la Super Coupe AJSB 2025<\/a><\/p>\n<\/blockquote>\n<p>Du c\u00f4t\u00e9 de l&rsquo;Esp\u00e9rance Sportive de Tunis, si la victoire est salu\u00e9e, le score est jug\u00e9 trop court. Le coach tunisien Maher Kenzari a reconnu que son \u00e9quipe n&rsquo;avait pas r\u00e9ussi \u00e0 plier le match.<\/p>\n<figure id=\"attachment_24331\" aria-describedby=\"caption-attachment-24331\" style=\"width: 2048px\" class=\"wp-caption aligncenter\"><a href=\"https:\/\/www.latribunedufaso.net\/wp-content\/uploads\/2025\/10\/FB_IMG_1760825274603.jpg\"><img loading=\"lazy\" decoding=\"async\" class=\"size-full wp-image-24331\" src=\"https:\/\/www.latribunedufaso.net\/wp-content\/uploads\/2025\/10\/FB_IMG_1760825274603.jpg\" alt=\"Match 2e tour pr\u00e9liminaire de la Ligue des Champions CAF, Rahimo FC contre Esp\u00e9rance sportive de Tunis, 18 octobre 2025\" width=\"2048\" height=\"1320\" srcset=\"https:\/\/www.latribunedufaso.net\/wp-content\/uploads\/2025\/10\/FB_IMG_1760825274603.jpg 2048w, https:\/\/www.latribunedufaso.net\/wp-content\/uploads\/2025\/10\/FB_IMG_1760825274603-300x193.jpg 300w, https:\/\/www.latribunedufaso.net\/wp-content\/uploads\/2025\/10\/FB_IMG_1760825274603-1024x660.jpg 1024w, https:\/\/www.latribunedufaso.net\/wp-content\/uploads\/2025\/10\/FB_IMG_1760825274603-768x495.jpg 768w, https:\/\/www.latribunedufaso.net\/wp-content\/uploads\/2025\/10\/FB_IMG_1760825274603-1536x990.jpg 1536w\" sizes=\"auto, (max-width: 2048px) 100vw, 2048px\" \/><\/a><figcaption id=\"caption-attachment-24331\" class=\"wp-caption-text\">Le Rahimo FC devra r\u00e9aliser un v\u00e9ritable exploit \u00e0 Tunis &#8211; Ph. DR<\/figcaption><\/figure>\n<p><em><strong>\u00ab On n\u2019est pas \u00e0 l\u2019abri. On doit faire des efforts \u00e0 Tunis pour assurer la qualification \u00bb<\/strong><\/em>, a-t-il indiqu\u00e9, tout en rendant hommage \u00e0 la qualit\u00e9 de l&rsquo;adversaire.<em><strong> \u00ab Rahimo FC est une tr\u00e8s bonne \u00e9quipe. Elle joue tr\u00e8s bien au foot. On s\u2019attendait \u00e0 avoir des difficult\u00e9s dans ce match \u00bb.<\/strong><\/em><\/p>\n<p>Le rendez-vous est pris le 24 octobre 2025 pour le match retour \u00e0 Tunis. Le Rahimo FC devra r\u00e9aliser un v\u00e9ritable exploit pour renverser la situation et acc\u00e9der \u00e0 la prochaine \u00e9tape.<\/p>\n<p><strong>Issouf TAPSOBA\u00a0<\/strong><\/p>\n<p><strong>Latribunedufaso.net<\/strong><\/p>\n","protected":false},"excerpt":{"rendered":"<p>Mauvaise op\u00e9ration pour le Rahimo FC qui s&rsquo;est inclin\u00e9 sur le score de 1 but \u00e0 z\u00e9ro, ce 18 octobre 2025, \u00e0 Ouagadougou, face \u00e0 l&rsquo;exp\u00e9riment\u00e9e Esp\u00e9rance Sportive de Tunis. Ce revers \u00e0 domicile complique s\u00e9rieusement la t\u00e2che des acad\u00e9miciens lors de ce deuxi\u00e8me tour pr\u00e9liminaire de la Ligue des Champions de la CAF, avant le match retour.<\/p>\n","protected":false},"author":5,"featured_media":24329,"comment_status":"open","ping_status":"open","sticky":false,"template":"","format":"standard","meta":{"footnotes":""},"categories":[13,1,17],"tags":[39,1676,1677],"class_list":["post-24327","post","type-post","status-publish","format-standard","has-post-thumbnail","hentry","category-une","category-actu","category-sport","tag-latribunedufaso-net","tag-ligue-des-champions-caf","tag-rahimo-fc"],"yoast_head":"<!-- This site is optimized with the Yoast SEO plugin v27.4 - https:\/\/yoast.com\/product\/yoast-seo-wordpress\/ -->\n<title>Ligue des Champions de la CAF : Rahimo FC chute \u00e0 domicile face \u00e0 l&#039;Esp\u00e9rance de Tunis (0-1) - La Tribune du Faso<\/title>\n<meta name=\"robots\" content=\"index, follow, max-snippet:-1, max-image-preview:large, max-video-preview:-1\" \/>\n<link rel=\"canonical\" href=\"https:\/\/www.latribunedufaso.net\/?p=24327\" \/>\n<meta property=\"og:locale\" content=\"fr_FR\" \/>\n<meta property=\"og:type\" content=\"article\" \/>\n<meta property=\"og:title\" content=\"Ligue des Champions de la CAF : Rahimo FC chute \u00e0 domicile face \u00e0 l&#039;Esp\u00e9rance de Tunis (0-1) - La Tribune du Faso\" \/>\n<meta property=\"og:description\" content=\"Mauvaise op\u00e9ration pour le Rahimo FC qui s&rsquo;est inclin\u00e9 sur le score de 1 but \u00e0 z\u00e9ro, ce 18 octobre 2025, \u00e0 Ouagadougou, face \u00e0 l&rsquo;exp\u00e9riment\u00e9e Esp\u00e9rance Sportive de Tunis. Ce revers \u00e0 domicile complique s\u00e9rieusement la t\u00e2che des acad\u00e9miciens lors de ce deuxi\u00e8me tour pr\u00e9liminaire de la Ligue des Champions de la CAF, avant le match retour.\" \/>\n<meta property=\"og:url\" content=\"https:\/\/www.latribunedufaso.net\/?p=24327\" \/>\n<meta property=\"og:site_name\" content=\"La Tribune du Faso\" \/>\n<meta property=\"article:publisher\" content=\"https:\/\/www.facebook.com\/LatribuneduFaso\/\" \/>\n<meta property=\"article:published_time\" content=\"2025-10-18T22:17:27+00:00\" \/>\n<meta property=\"article:modified_time\" content=\"2025-10-18T23:23:04+00:00\" \/>\n<meta property=\"og:image\" content=\"https:\/\/www.latribunedufaso.net\/wp-content\/uploads\/2025\/10\/FB_IMG_1760824835767.jpg\" \/>\n\t<meta property=\"og:image:width\" content=\"2048\" \/>\n\t<meta property=\"og:image:height\" content=\"1306\" \/>\n\t<meta property=\"og:image:type\" content=\"image\/jpeg\" \/>\n<meta name=\"author\" content=\"Issouf Tapsoba\" \/>\n<meta name=\"twitter:label1\" content=\"\u00c9crit par\" \/>\n\t<meta name=\"twitter:data1\" content=\"Issouf Tapsoba\" \/>\n\t<meta name=\"twitter:label2\" content=\"Dur\u00e9e de lecture estim\u00e9e\" \/>\n\t<meta name=\"twitter:data2\" content=\"2 minutes\" \/>\n<script type=\"application\/ld+json\" class=\"yoast-schema-graph\">{\"@context\":\"https:\\\/\\\/schema.org\",\"@graph\":[{\"@type\":\"Article\",\"@id\":\"https:\\\/\\\/www.latribunedufaso.net\\\/?p=24327#article\",\"isPartOf\":{\"@id\":\"https:\\\/\\\/www.latribunedufaso.net\\\/?p=24327\"},\"author\":{\"name\":\"Issouf Tapsoba\",\"@id\":\"https:\\\/\\\/www.latribunedufaso.net\\\/#\\\/schema\\\/person\\\/e54e64c5778a7e72cf80a318b7a622b0\"},\"headline\":\"Ligue des Champions de la CAF : Rahimo FC chute \u00e0 domicile face \u00e0 l&rsquo;Esp\u00e9rance de Tunis (0-1)\",\"datePublished\":\"2025-10-18T22:17:27+00:00\",\"dateModified\":\"2025-10-18T23:23:04+00:00\",\"mainEntityOfPage\":{\"@id\":\"https:\\\/\\\/www.latribunedufaso.net\\\/?p=24327\"},\"wordCount\":464,\"commentCount\":0,\"publisher\":{\"@id\":\"https:\\\/\\\/www.latribunedufaso.net\\\/#organization\"},\"image\":{\"@id\":\"https:\\\/\\\/www.latribunedufaso.net\\\/?p=24327#primaryimage\"},\"thumbnailUrl\":\"https:\\\/\\\/www.latribunedufaso.net\\\/wp-content\\\/uploads\\\/2025\\\/10\\\/FB_IMG_1760824835767.jpg\",\"keywords\":[\"latribunedufaso.net\",\"Ligue des Champions CAF\",\"Rahimo FC\"],\"articleSection\":[\"A la une\",\"Actualit\u00e9\",\"Sport\"],\"inLanguage\":\"fr-FR\",\"potentialAction\":[{\"@type\":\"CommentAction\",\"name\":\"Comment\",\"target\":[\"https:\\\/\\\/www.latribunedufaso.net\\\/?p=24327#respond\"]}]},{\"@type\":\"WebPage\",\"@id\":\"https:\\\/\\\/www.latribunedufaso.net\\\/?p=24327\",\"url\":\"https:\\\/\\\/www.latribunedufaso.net\\\/?p=24327\",\"name\":\"Ligue des Champions de la CAF : Rahimo FC chute \u00e0 domicile face \u00e0 l'Esp\u00e9rance de Tunis (0-1) - La Tribune du Faso\",\"isPartOf\":{\"@id\":\"https:\\\/\\\/www.latribunedufaso.net\\\/#website\"},\"primaryImageOfPage\":{\"@id\":\"https:\\\/\\\/www.latribunedufaso.net\\\/?p=24327#primaryimage\"},\"image\":{\"@id\":\"https:\\\/\\\/www.latribunedufaso.net\\\/?p=24327#primaryimage\"},\"thumbnailUrl\":\"https:\\\/\\\/www.latribunedufaso.net\\\/wp-content\\\/uploads\\\/2025\\\/10\\\/FB_IMG_1760824835767.jpg\",\"datePublished\":\"2025-10-18T22:17:27+00:00\",\"dateModified\":\"2025-10-18T23:23:04+00:00\",\"breadcrumb\":{\"@id\":\"https:\\\/\\\/www.latribunedufaso.net\\\/?p=24327#breadcrumb\"},\"inLanguage\":\"fr-FR\",\"potentialAction\":[{\"@type\":\"ReadAction\",\"target\":[\"https:\\\/\\\/www.latribunedufaso.net\\\/?p=24327\"]}]},{\"@type\":\"ImageObject\",\"inLanguage\":\"fr-FR\",\"@id\":\"https:\\\/\\\/www.latribunedufaso.net\\\/?p=24327#primaryimage\",\"url\":\"https:\\\/\\\/www.latribunedufaso.net\\\/wp-content\\\/uploads\\\/2025\\\/10\\\/FB_IMG_1760824835767.jpg\",\"contentUrl\":\"https:\\\/\\\/www.latribunedufaso.net\\\/wp-content\\\/uploads\\\/2025\\\/10\\\/FB_IMG_1760824835767.jpg\",\"width\":2048,\"height\":1306,\"caption\":\"Match 2e tour pr\u00e9liminaire de la Ligue des Champions CAF, Rahimo FC contre Esp\u00e9rance sportive de Tunis, 18 octobre 2025\"},{\"@type\":\"BreadcrumbList\",\"@id\":\"https:\\\/\\\/www.latribunedufaso.net\\\/?p=24327#breadcrumb\",\"itemListElement\":[{\"@type\":\"ListItem\",\"position\":1,\"name\":\"Accueil\",\"item\":\"https:\\\/\\\/www.latribunedufaso.net\\\/\"},{\"@type\":\"ListItem\",\"position\":2,\"name\":\"Ligue des Champions de la CAF : Rahimo FC chute \u00e0 domicile face \u00e0 l&rsquo;Esp\u00e9rance de Tunis (0-1)\"}]},{\"@type\":\"WebSite\",\"@id\":\"https:\\\/\\\/www.latribunedufaso.net\\\/#website\",\"url\":\"https:\\\/\\\/www.latribunedufaso.net\\\/\",\"name\":\"La Tribune du Faso\",\"description\":\"L&#039;information du monde rural en un clic\",\"publisher\":{\"@id\":\"https:\\\/\\\/www.latribunedufaso.net\\\/#organization\"},\"potentialAction\":[{\"@type\":\"SearchAction\",\"target\":{\"@type\":\"EntryPoint\",\"urlTemplate\":\"https:\\\/\\\/www.latribunedufaso.net\\\/?s={search_term_string}\"},\"query-input\":{\"@type\":\"PropertyValueSpecification\",\"valueRequired\":true,\"valueName\":\"search_term_string\"}}],\"inLanguage\":\"fr-FR\"},{\"@type\":\"Organization\",\"@id\":\"https:\\\/\\\/www.latribunedufaso.net\\\/#organization\",\"name\":\"La Tribune du Faso\",\"url\":\"https:\\\/\\\/www.latribunedufaso.net\\\/\",\"logo\":{\"@type\":\"ImageObject\",\"inLanguage\":\"fr-FR\",\"@id\":\"https:\\\/\\\/www.latribunedufaso.net\\\/#\\\/schema\\\/logo\\\/image\\\/\",\"url\":\"https:\\\/\\\/www.latribunedufaso.net\\\/wp-content\\\/uploads\\\/2020\\\/08\\\/Logo-Tribune-du-Faso-final-scaled.jpg\",\"contentUrl\":\"https:\\\/\\\/www.latribunedufaso.net\\\/wp-content\\\/uploads\\\/2020\\\/08\\\/Logo-Tribune-du-Faso-final-scaled.jpg\",\"width\":2560,\"height\":1856,\"caption\":\"La Tribune du Faso\"},\"image\":{\"@id\":\"https:\\\/\\\/www.latribunedufaso.net\\\/#\\\/schema\\\/logo\\\/image\\\/\"},\"sameAs\":[\"https:\\\/\\\/www.facebook.com\\\/LatribuneduFaso\\\/\"]},{\"@type\":\"Person\",\"@id\":\"https:\\\/\\\/www.latribunedufaso.net\\\/#\\\/schema\\\/person\\\/e54e64c5778a7e72cf80a318b7a622b0\",\"name\":\"Issouf Tapsoba\",\"image\":{\"@type\":\"ImageObject\",\"inLanguage\":\"fr-FR\",\"@id\":\"https:\\\/\\\/secure.gravatar.com\\\/avatar\\\/5e6c05150ce3230247d167f5b94d678eb05936197436d69b7921e3a95c9107ac?s=96&d=mm&r=g\",\"url\":\"https:\\\/\\\/secure.gravatar.com\\\/avatar\\\/5e6c05150ce3230247d167f5b94d678eb05936197436d69b7921e3a95c9107ac?s=96&d=mm&r=g\",\"contentUrl\":\"https:\\\/\\\/secure.gravatar.com\\\/avatar\\\/5e6c05150ce3230247d167f5b94d678eb05936197436d69b7921e3a95c9107ac?s=96&d=mm&r=g\",\"caption\":\"Issouf Tapsoba\"},\"url\":\"https:\\\/\\\/www.latribunedufaso.net\\\/?author=5\"}]}<\/script>\n<!-- \/ Yoast SEO plugin. -->","yoast_head_json":{"title":"Ligue des Champions de la CAF : Rahimo FC chute \u00e0 domicile face \u00e0 l'Esp\u00e9rance de Tunis (0-1) - La Tribune du Faso","robots":{"index":"index","follow":"follow","max-snippet":"max-snippet:-1","max-image-preview":"max-image-preview:large","max-video-preview":"max-video-preview:-1"},"canonical":"https:\/\/www.latribunedufaso.net\/?p=24327","og_locale":"fr_FR","og_type":"article","og_title":"Ligue des Champions de la CAF : Rahimo FC chute \u00e0 domicile face \u00e0 l'Esp\u00e9rance de Tunis (0-1) - La Tribune du Faso","og_description":"Mauvaise op\u00e9ration pour le Rahimo FC qui s&rsquo;est inclin\u00e9 sur le score de 1 but \u00e0 z\u00e9ro, ce 18 octobre 2025, \u00e0 Ouagadougou, face \u00e0 l&rsquo;exp\u00e9riment\u00e9e Esp\u00e9rance Sportive de Tunis. Ce revers \u00e0 domicile complique s\u00e9rieusement la t\u00e2che des acad\u00e9miciens lors de ce deuxi\u00e8me tour pr\u00e9liminaire de la Ligue des Champions de la CAF, avant le match retour.","og_url":"https:\/\/www.latribunedufaso.net\/?p=24327","og_site_name":"La Tribune du Faso","article_publisher":"https:\/\/www.facebook.com\/LatribuneduFaso\/","article_published_time":"2025-10-18T22:17:27+00:00","article_modified_time":"2025-10-18T23:23:04+00:00","og_image":[{"width":2048,"height":1306,"url":"https:\/\/www.latribunedufaso.net\/wp-content\/uploads\/2025\/10\/FB_IMG_1760824835767.jpg","type":"image\/jpeg"}],"author":"Issouf Tapsoba","twitter_misc":{"\u00c9crit par":"Issouf Tapsoba","Dur\u00e9e de lecture estim\u00e9e":"2 minutes"},"schema":{"@context":"https:\/\/schema.org","@graph":[{"@type":"Article","@id":"https:\/\/www.latribunedufaso.net\/?p=24327#article","isPartOf":{"@id":"https:\/\/www.latribunedufaso.net\/?p=24327"},"author":{"name":"Issouf Tapsoba","@id":"https:\/\/www.latribunedufaso.net\/#\/schema\/person\/e54e64c5778a7e72cf80a318b7a622b0"},"headline":"Ligue des Champions de la CAF : Rahimo FC chute \u00e0 domicile face \u00e0 l&rsquo;Esp\u00e9rance de Tunis (0-1)","datePublished":"2025-10-18T22:17:27+00:00","dateModified":"2025-10-18T23:23:04+00:00","mainEntityOfPage":{"@id":"https:\/\/www.latribunedufaso.net\/?p=24327"},"wordCount":464,"commentCount":0,"publisher":{"@id":"https:\/\/www.latribunedufaso.net\/#organization"},"image":{"@id":"https:\/\/www.latribunedufaso.net\/?p=24327#primaryimage"},"thumbnailUrl":"https:\/\/www.latribunedufaso.net\/wp-content\/uploads\/2025\/10\/FB_IMG_1760824835767.jpg","keywords":["latribunedufaso.net","Ligue des Champions CAF","Rahimo FC"],"articleSection":["A la une","Actualit\u00e9","Sport"],"inLanguage":"fr-FR","potentialAction":[{"@type":"CommentAction","name":"Comment","target":["https:\/\/www.latribunedufaso.net\/?p=24327#respond"]}]},{"@type":"WebPage","@id":"https:\/\/www.latribunedufaso.net\/?p=24327","url":"https:\/\/www.latribunedufaso.net\/?p=24327","name":"Ligue des Champions de la CAF : Rahimo FC chute \u00e0 domicile face \u00e0 l'Esp\u00e9rance de Tunis (0-1) - La Tribune du Faso","isPartOf":{"@id":"https:\/\/www.latribunedufaso.net\/#website"},"primaryImageOfPage":{"@id":"https:\/\/www.latribunedufaso.net\/?p=24327#primaryimage"},"image":{"@id":"https:\/\/www.latribunedufaso.net\/?p=24327#primaryimage"},"thumbnailUrl":"https:\/\/www.latribunedufaso.net\/wp-content\/uploads\/2025\/10\/FB_IMG_1760824835767.jpg","datePublished":"2025-10-18T22:17:27+00:00","dateModified":"2025-10-18T23:23:04+00:00","breadcrumb":{"@id":"https:\/\/www.latribunedufaso.net\/?p=24327#breadcrumb"},"inLanguage":"fr-FR","potentialAction":[{"@type":"ReadAction","target":["https:\/\/www.latribunedufaso.net\/?p=24327"]}]},{"@type":"ImageObject","inLanguage":"fr-FR","@id":"https:\/\/www.latribunedufaso.net\/?p=24327#primaryimage","url":"https:\/\/www.latribunedufaso.net\/wp-content\/uploads\/2025\/10\/FB_IMG_1760824835767.jpg","contentUrl":"https:\/\/www.latribunedufaso.net\/wp-content\/uploads\/2025\/10\/FB_IMG_1760824835767.jpg","width":2048,"height":1306,"caption":"Match 2e tour pr\u00e9liminaire de la Ligue des Champions CAF, Rahimo FC contre Esp\u00e9rance sportive de Tunis, 18 octobre 2025"},{"@type":"BreadcrumbList","@id":"https:\/\/www.latribunedufaso.net\/?p=24327#breadcrumb","itemListElement":[{"@type":"ListItem","position":1,"name":"Accueil","item":"https:\/\/www.latribunedufaso.net\/"},{"@type":"ListItem","position":2,"name":"Ligue des Champions de la CAF : Rahimo FC chute \u00e0 domicile face \u00e0 l&rsquo;Esp\u00e9rance de Tunis (0-1)"}]},{"@type":"WebSite","@id":"https:\/\/www.latribunedufaso.net\/#website","url":"https:\/\/www.latribunedufaso.net\/","name":"La Tribune du Faso","description":"L&#039;information du monde rural en un clic","publisher":{"@id":"https:\/\/www.latribunedufaso.net\/#organization"},"potentialAction":[{"@type":"SearchAction","target":{"@type":"EntryPoint","urlTemplate":"https:\/\/www.latribunedufaso.net\/?s={search_term_string}"},"query-input":{"@type":"PropertyValueSpecification","valueRequired":true,"valueName":"search_term_string"}}],"inLanguage":"fr-FR"},{"@type":"Organization","@id":"https:\/\/www.latribunedufaso.net\/#organization","name":"La Tribune du Faso","url":"https:\/\/www.latribunedufaso.net\/","logo":{"@type":"ImageObject","inLanguage":"fr-FR","@id":"https:\/\/www.latribunedufaso.net\/#\/schema\/logo\/image\/","url":"https:\/\/www.latribunedufaso.net\/wp-content\/uploads\/2020\/08\/Logo-Tribune-du-Faso-final-scaled.jpg","contentUrl":"https:\/\/www.latribunedufaso.net\/wp-content\/uploads\/2020\/08\/Logo-Tribune-du-Faso-final-scaled.jpg","width":2560,"height":1856,"caption":"La Tribune du Faso"},"image":{"@id":"https:\/\/www.latribunedufaso.net\/#\/schema\/logo\/image\/"},"sameAs":["https:\/\/www.facebook.com\/LatribuneduFaso\/"]},{"@type":"Person","@id":"https:\/\/www.latribunedufaso.net\/#\/schema\/person\/e54e64c5778a7e72cf80a318b7a622b0","name":"Issouf Tapsoba","image":{"@type":"ImageObject","inLanguage":"fr-FR","@id":"https:\/\/secure.gravatar.com\/avatar\/5e6c05150ce3230247d167f5b94d678eb05936197436d69b7921e3a95c9107ac?s=96&d=mm&r=g","url":"https:\/\/secure.gravatar.com\/avatar\/5e6c05150ce3230247d167f5b94d678eb05936197436d69b7921e3a95c9107ac?s=96&d=mm&r=g","contentUrl":"https:\/\/secure.gravatar.com\/avatar\/5e6c05150ce3230247d167f5b94d678eb05936197436d69b7921e3a95c9107ac?s=96&d=mm&r=g","caption":"Issouf Tapsoba"},"url":"https:\/\/www.latribunedufaso.net\/?author=5"}]}},"_links":{"self":[{"href":"https:\/\/www.latribunedufaso.net\/index.php?rest_route=\/wp\/v2\/posts\/24327","targetHints":{"allow":["GET"]}}],"collection":[{"href":"https:\/\/www.latribunedufaso.net\/index.php?rest_route=\/wp\/v2\/posts"}],"about":[{"href":"https:\/\/www.latribunedufaso.net\/index.php?rest_route=\/wp\/v2\/types\/post"}],"author":[{"embeddable":true,"href":"https:\/\/www.latribunedufaso.net\/index.php?rest_route=\/wp\/v2\/users\/5"}],"replies":[{"embeddable":true,"href":"https:\/\/www.latribunedufaso.net\/index.php?rest_route=%2Fwp%2Fv2%2Fcomments&post=24327"}],"version-history":[{"count":5,"href":"https:\/\/www.latribunedufaso.net\/index.php?rest_route=\/wp\/v2\/posts\/24327\/revisions"}],"predecessor-version":[{"id":24335,"href":"https:\/\/www.latribunedufaso.net\/index.php?rest_route=\/wp\/v2\/posts\/24327\/revisions\/24335"}],"wp:featuredmedia":[{"embeddable":true,"href":"https:\/\/www.latribunedufaso.net\/index.php?rest_route=\/wp\/v2\/media\/24329"}],"wp:attachment":[{"href":"https:\/\/www.latribunedufaso.net\/index.php?rest_route=%2Fwp%2Fv2%2Fmedia&parent=24327"}],"wp:term":[{"taxonomy":"category","embeddable":true,"href":"https:\/\/www.latribunedufaso.net\/index.php?rest_route=%2Fwp%2Fv2%2Fcategories&post=24327"},{"taxonomy":"post_tag","embeddable":true,"href":"https:\/\/www.latribunedufaso.net\/index.php?rest_route=%2Fwp%2Fv2%2Ftags&post=24327"}],"curies":[{"name":"wp","href":"https:\/\/api.w.org\/{rel}","templated":true}]}}