{"id":24274,"date":"2025-10-17T10:12:50","date_gmt":"2025-10-17T10:12:50","guid":{"rendered":"https:\/\/www.latribunedufaso.net\/?p=24274"},"modified":"2025-10-17T10:12:50","modified_gmt":"2025-10-17T10:12:50","slug":"media-la-tribune-du-faso-lance-son-desk-fact-checking-pour-renforcer-lintegrite-de-linformation-au-burkina-faso-et-au-sahel","status":"publish","type":"post","link":"https:\/\/www.latribunedufaso.net\/?p=24274","title":{"rendered":"M\u00e9dia : La Tribune du Faso lance son desk Fact-checking pour renforcer l&rsquo;int\u00e9grit\u00e9 de l&rsquo;information au Burkina Faso et au Sahel"},"content":{"rendered":"<p><strong>M\u00e9dia : La Tribune du Faso lance son desk Fact-checking pour renforcer l&rsquo;int\u00e9grit\u00e9 de l&rsquo;information au Burkina Faso et au Sahel<\/strong><!--more--><\/p>\n<p>Dans un contexte marqu\u00e9 par la prolif\u00e9ration des fausses informations et la d\u00e9sinformation au Burkina Faso et dans l&rsquo;ensemble de la r\u00e9gion du Sahel, La Tribune du Faso (www.latribunedufaso.net) franchit une \u00e9tape importante dans sa strat\u00e9gie \u00e9ditoriale en cr\u00e9ant son desk de v\u00e9rification des faits. Ce nouveau desk, compos\u00e9e de journalistes sp\u00e9cialement form\u00e9s aux techniques de fact-checking, a pour mission de d\u00e9crypter, v\u00e9rifier et contextualiser les informations qui circulent dans l&rsquo;espace public burkinab\u00e8 et sah\u00e9lien.<\/p>\n<p>\u00c0 l&rsquo;heure o\u00f9 les r\u00e9seaux sociaux et les plateformes de messagerie instantan\u00e9e deviennent les principaux vecteurs de diffusion de l&rsquo;information, la distinction entre le vrai et le faux s&rsquo;av\u00e8re de plus en plus complexe pour les citoyens. Rumeurs sur la situation s\u00e9curitaire, chiffres manipul\u00e9s concernant l&rsquo;\u00e9conomie, images sorties de leur contexte, d\u00e9clarations falsifi\u00e9es de personnalit\u00e9s publiques, telles sont les multiples formes de la d\u00e9sinformation qui menace la coh\u00e9sion sociale. Face \u00e0 ce d\u00e9fi, La Tribune du Faso affirme sa responsabilit\u00e9 de m\u00e9dia de r\u00e9f\u00e9rence en se dotant d&rsquo;outils professionnels pour combattre ce fl\u00e9au.<\/p>\n<p>Au-del\u00e0 de la simple v\u00e9rification ponctuelle, notre desk ambitionne de jouer un r\u00f4le \u00e9ducatif aupr\u00e8s du public burkinab\u00e8 et sah\u00e9lien. \u00c0 travers des articles p\u00e9dagogiques et des guides pratiques, nous fournirons aux citoyens les cl\u00e9s pour d\u00e9velopper leur esprit critique face \u00e0 l&rsquo;information. Comment identifier une photo manipul\u00e9e ? Quels r\u00e9flexes adopter avant de partager une information ? Quelles sont les techniques classiques de la d\u00e9sinformation ? Autant de questions auxquelles notre \u00e9quipe apportera des r\u00e9ponses concr\u00e8tes et accessibles.<\/p>\n<p>La cr\u00e9ation du desk Fact-checking s&rsquo;inscrit dans l&rsquo;engagement continu de La Tribune du Faso \u00e0 servir l&rsquo;int\u00e9r\u00eat g\u00e9n\u00e9ral et \u00e0 promouvoir un journalisme de qualit\u00e9 au Burkina Faso.<\/p>\n<p><strong>Marcus KOUAMAN\u00a0<\/strong><\/p>\n<p><strong>Journaliste<\/strong><\/p>\n<p><strong>Directeur de publication<\/strong><\/p>\n<p><strong>Latribunedufaso.net<\/strong><\/p>\n","protected":false},"excerpt":{"rendered":"<p>M\u00e9dia : La Tribune du Faso lance son desk Fact-checking pour renforcer l&rsquo;int\u00e9grit\u00e9 de l&rsquo;information au Burkina Faso et au Sahel<\/p>\n","protected":false},"author":5,"featured_media":24275,"comment_status":"open","ping_status":"open","sticky":false,"template":"","format":"standard","meta":{"footnotes":""},"categories":[13,1,8],"tags":[1671,966,39],"class_list":["post-24274","post","type-post","status-publish","format-standard","has-post-thumbnail","hentry","category-une","category-actu","category-societe","tag-fact-checking","tag-fake-news","tag-latribunedufaso-net"],"yoast_head":"<!-- This site is optimized with the Yoast SEO plugin v27.4 - https:\/\/yoast.com\/product\/yoast-seo-wordpress\/ -->\n<title>M\u00e9dia : La Tribune du Faso lance son desk Fact-checking pour renforcer l&#039;int\u00e9grit\u00e9 de l&#039;information au Burkina Faso et au Sahel - La Tribune du Faso<\/title>\n<meta name=\"robots\" content=\"index, follow, max-snippet:-1, max-image-preview:large, max-video-preview:-1\" \/>\n<link rel=\"canonical\" href=\"https:\/\/www.latribunedufaso.net\/?p=24274\" \/>\n<meta property=\"og:locale\" content=\"fr_FR\" \/>\n<meta property=\"og:type\" content=\"article\" \/>\n<meta property=\"og:title\" content=\"M\u00e9dia : La Tribune du Faso lance son desk Fact-checking pour renforcer l&#039;int\u00e9grit\u00e9 de l&#039;information au Burkina Faso et au Sahel - La Tribune du Faso\" \/>\n<meta property=\"og:description\" content=\"M\u00e9dia : La Tribune du Faso lance son desk Fact-checking pour renforcer l&rsquo;int\u00e9grit\u00e9 de l&rsquo;information au Burkina Faso et au Sahel\" \/>\n<meta property=\"og:url\" content=\"https:\/\/www.latribunedufaso.net\/?p=24274\" \/>\n<meta property=\"og:site_name\" content=\"La Tribune du Faso\" \/>\n<meta property=\"article:publisher\" content=\"https:\/\/www.facebook.com\/LatribuneduFaso\/\" \/>\n<meta property=\"article:published_time\" content=\"2025-10-17T10:12:50+00:00\" \/>\n<meta property=\"og:image\" content=\"https:\/\/www.latribunedufaso.net\/wp-content\/uploads\/2025\/10\/IMG-20251017-WA0080.jpg\" \/>\n\t<meta property=\"og:image:width\" content=\"1080\" \/>\n\t<meta property=\"og:image:height\" content=\"721\" \/>\n\t<meta property=\"og:image:type\" content=\"image\/jpeg\" \/>\n<meta name=\"author\" content=\"Issouf Tapsoba\" \/>\n<meta name=\"twitter:label1\" content=\"\u00c9crit par\" \/>\n\t<meta name=\"twitter:data1\" content=\"Issouf Tapsoba\" \/>\n\t<meta name=\"twitter:label2\" content=\"Dur\u00e9e de lecture estim\u00e9e\" \/>\n\t<meta name=\"twitter:data2\" content=\"2 minutes\" \/>\n<script type=\"application\/ld+json\" class=\"yoast-schema-graph\">{\"@context\":\"https:\\\/\\\/schema.org\",\"@graph\":[{\"@type\":\"Article\",\"@id\":\"https:\\\/\\\/www.latribunedufaso.net\\\/?p=24274#article\",\"isPartOf\":{\"@id\":\"https:\\\/\\\/www.latribunedufaso.net\\\/?p=24274\"},\"author\":{\"name\":\"Issouf Tapsoba\",\"@id\":\"https:\\\/\\\/www.latribunedufaso.net\\\/#\\\/schema\\\/person\\\/e54e64c5778a7e72cf80a318b7a622b0\"},\"headline\":\"M\u00e9dia : La Tribune du Faso lance son desk Fact-checking pour renforcer l&rsquo;int\u00e9grit\u00e9 de l&rsquo;information au Burkina Faso et au Sahel\",\"datePublished\":\"2025-10-17T10:12:50+00:00\",\"mainEntityOfPage\":{\"@id\":\"https:\\\/\\\/www.latribunedufaso.net\\\/?p=24274\"},\"wordCount\":379,\"commentCount\":0,\"publisher\":{\"@id\":\"https:\\\/\\\/www.latribunedufaso.net\\\/#organization\"},\"image\":{\"@id\":\"https:\\\/\\\/www.latribunedufaso.net\\\/?p=24274#primaryimage\"},\"thumbnailUrl\":\"https:\\\/\\\/www.latribunedufaso.net\\\/wp-content\\\/uploads\\\/2025\\\/10\\\/IMG-20251017-WA0080.jpg\",\"keywords\":[\"Fact-checking\",\"Fake news\",\"latribunedufaso.net\"],\"articleSection\":[\"A la une\",\"Actualit\u00e9\",\"Soci\u00e9t\u00e9\"],\"inLanguage\":\"fr-FR\",\"potentialAction\":[{\"@type\":\"CommentAction\",\"name\":\"Comment\",\"target\":[\"https:\\\/\\\/www.latribunedufaso.net\\\/?p=24274#respond\"]}]},{\"@type\":\"WebPage\",\"@id\":\"https:\\\/\\\/www.latribunedufaso.net\\\/?p=24274\",\"url\":\"https:\\\/\\\/www.latribunedufaso.net\\\/?p=24274\",\"name\":\"M\u00e9dia : La Tribune du Faso lance son desk Fact-checking pour renforcer l'int\u00e9grit\u00e9 de l'information au Burkina Faso et au Sahel - La Tribune du Faso\",\"isPartOf\":{\"@id\":\"https:\\\/\\\/www.latribunedufaso.net\\\/#website\"},\"primaryImageOfPage\":{\"@id\":\"https:\\\/\\\/www.latribunedufaso.net\\\/?p=24274#primaryimage\"},\"image\":{\"@id\":\"https:\\\/\\\/www.latribunedufaso.net\\\/?p=24274#primaryimage\"},\"thumbnailUrl\":\"https:\\\/\\\/www.latribunedufaso.net\\\/wp-content\\\/uploads\\\/2025\\\/10\\\/IMG-20251017-WA0080.jpg\",\"datePublished\":\"2025-10-17T10:12:50+00:00\",\"breadcrumb\":{\"@id\":\"https:\\\/\\\/www.latribunedufaso.net\\\/?p=24274#breadcrumb\"},\"inLanguage\":\"fr-FR\",\"potentialAction\":[{\"@type\":\"ReadAction\",\"target\":[\"https:\\\/\\\/www.latribunedufaso.net\\\/?p=24274\"]}]},{\"@type\":\"ImageObject\",\"inLanguage\":\"fr-FR\",\"@id\":\"https:\\\/\\\/www.latribunedufaso.net\\\/?p=24274#primaryimage\",\"url\":\"https:\\\/\\\/www.latribunedufaso.net\\\/wp-content\\\/uploads\\\/2025\\\/10\\\/IMG-20251017-WA0080.jpg\",\"contentUrl\":\"https:\\\/\\\/www.latribunedufaso.net\\\/wp-content\\\/uploads\\\/2025\\\/10\\\/IMG-20251017-WA0080.jpg\",\"width\":1080,\"height\":721,\"caption\":\"Lancement du desk fact-checking de La Tribune du Faso, 17 octobre 2025\"},{\"@type\":\"BreadcrumbList\",\"@id\":\"https:\\\/\\\/www.latribunedufaso.net\\\/?p=24274#breadcrumb\",\"itemListElement\":[{\"@type\":\"ListItem\",\"position\":1,\"name\":\"Accueil\",\"item\":\"https:\\\/\\\/www.latribunedufaso.net\\\/\"},{\"@type\":\"ListItem\",\"position\":2,\"name\":\"M\u00e9dia : La Tribune du Faso lance son desk Fact-checking pour renforcer l&rsquo;int\u00e9grit\u00e9 de l&rsquo;information au Burkina Faso et au Sahel\"}]},{\"@type\":\"WebSite\",\"@id\":\"https:\\\/\\\/www.latribunedufaso.net\\\/#website\",\"url\":\"https:\\\/\\\/www.latribunedufaso.net\\\/\",\"name\":\"La Tribune du Faso\",\"description\":\"L&#039;information du monde rural en un clic\",\"publisher\":{\"@id\":\"https:\\\/\\\/www.latribunedufaso.net\\\/#organization\"},\"potentialAction\":[{\"@type\":\"SearchAction\",\"target\":{\"@type\":\"EntryPoint\",\"urlTemplate\":\"https:\\\/\\\/www.latribunedufaso.net\\\/?s={search_term_string}\"},\"query-input\":{\"@type\":\"PropertyValueSpecification\",\"valueRequired\":true,\"valueName\":\"search_term_string\"}}],\"inLanguage\":\"fr-FR\"},{\"@type\":\"Organization\",\"@id\":\"https:\\\/\\\/www.latribunedufaso.net\\\/#organization\",\"name\":\"La Tribune du Faso\",\"url\":\"https:\\\/\\\/www.latribunedufaso.net\\\/\",\"logo\":{\"@type\":\"ImageObject\",\"inLanguage\":\"fr-FR\",\"@id\":\"https:\\\/\\\/www.latribunedufaso.net\\\/#\\\/schema\\\/logo\\\/image\\\/\",\"url\":\"https:\\\/\\\/www.latribunedufaso.net\\\/wp-content\\\/uploads\\\/2020\\\/08\\\/Logo-Tribune-du-Faso-final-scaled.jpg\",\"contentUrl\":\"https:\\\/\\\/www.latribunedufaso.net\\\/wp-content\\\/uploads\\\/2020\\\/08\\\/Logo-Tribune-du-Faso-final-scaled.jpg\",\"width\":2560,\"height\":1856,\"caption\":\"La Tribune du Faso\"},\"image\":{\"@id\":\"https:\\\/\\\/www.latribunedufaso.net\\\/#\\\/schema\\\/logo\\\/image\\\/\"},\"sameAs\":[\"https:\\\/\\\/www.facebook.com\\\/LatribuneduFaso\\\/\"]},{\"@type\":\"Person\",\"@id\":\"https:\\\/\\\/www.latribunedufaso.net\\\/#\\\/schema\\\/person\\\/e54e64c5778a7e72cf80a318b7a622b0\",\"name\":\"Issouf Tapsoba\",\"image\":{\"@type\":\"ImageObject\",\"inLanguage\":\"fr-FR\",\"@id\":\"https:\\\/\\\/secure.gravatar.com\\\/avatar\\\/5e6c05150ce3230247d167f5b94d678eb05936197436d69b7921e3a95c9107ac?s=96&d=mm&r=g\",\"url\":\"https:\\\/\\\/secure.gravatar.com\\\/avatar\\\/5e6c05150ce3230247d167f5b94d678eb05936197436d69b7921e3a95c9107ac?s=96&d=mm&r=g\",\"contentUrl\":\"https:\\\/\\\/secure.gravatar.com\\\/avatar\\\/5e6c05150ce3230247d167f5b94d678eb05936197436d69b7921e3a95c9107ac?s=96&d=mm&r=g\",\"caption\":\"Issouf Tapsoba\"},\"url\":\"https:\\\/\\\/www.latribunedufaso.net\\\/?author=5\"}]}<\/script>\n<!-- \/ Yoast SEO plugin. -->","yoast_head_json":{"title":"M\u00e9dia : La Tribune du Faso lance son desk Fact-checking pour renforcer l'int\u00e9grit\u00e9 de l'information au Burkina Faso et au Sahel - La Tribune du Faso","robots":{"index":"index","follow":"follow","max-snippet":"max-snippet:-1","max-image-preview":"max-image-preview:large","max-video-preview":"max-video-preview:-1"},"canonical":"https:\/\/www.latribunedufaso.net\/?p=24274","og_locale":"fr_FR","og_type":"article","og_title":"M\u00e9dia : La Tribune du Faso lance son desk Fact-checking pour renforcer l'int\u00e9grit\u00e9 de l'information au Burkina Faso et au Sahel - La Tribune du Faso","og_description":"M\u00e9dia : La Tribune du Faso lance son desk Fact-checking pour renforcer l&rsquo;int\u00e9grit\u00e9 de l&rsquo;information au Burkina Faso et au Sahel","og_url":"https:\/\/www.latribunedufaso.net\/?p=24274","og_site_name":"La Tribune du Faso","article_publisher":"https:\/\/www.facebook.com\/LatribuneduFaso\/","article_published_time":"2025-10-17T10:12:50+00:00","og_image":[{"width":1080,"height":721,"url":"https:\/\/www.latribunedufaso.net\/wp-content\/uploads\/2025\/10\/IMG-20251017-WA0080.jpg","type":"image\/jpeg"}],"author":"Issouf Tapsoba","twitter_misc":{"\u00c9crit par":"Issouf Tapsoba","Dur\u00e9e de lecture estim\u00e9e":"2 minutes"},"schema":{"@context":"https:\/\/schema.org","@graph":[{"@type":"Article","@id":"https:\/\/www.latribunedufaso.net\/?p=24274#article","isPartOf":{"@id":"https:\/\/www.latribunedufaso.net\/?p=24274"},"author":{"name":"Issouf Tapsoba","@id":"https:\/\/www.latribunedufaso.net\/#\/schema\/person\/e54e64c5778a7e72cf80a318b7a622b0"},"headline":"M\u00e9dia : La Tribune du Faso lance son desk Fact-checking pour renforcer l&rsquo;int\u00e9grit\u00e9 de l&rsquo;information au Burkina Faso et au Sahel","datePublished":"2025-10-17T10:12:50+00:00","mainEntityOfPage":{"@id":"https:\/\/www.latribunedufaso.net\/?p=24274"},"wordCount":379,"commentCount":0,"publisher":{"@id":"https:\/\/www.latribunedufaso.net\/#organization"},"image":{"@id":"https:\/\/www.latribunedufaso.net\/?p=24274#primaryimage"},"thumbnailUrl":"https:\/\/www.latribunedufaso.net\/wp-content\/uploads\/2025\/10\/IMG-20251017-WA0080.jpg","keywords":["Fact-checking","Fake news","latribunedufaso.net"],"articleSection":["A la une","Actualit\u00e9","Soci\u00e9t\u00e9"],"inLanguage":"fr-FR","potentialAction":[{"@type":"CommentAction","name":"Comment","target":["https:\/\/www.latribunedufaso.net\/?p=24274#respond"]}]},{"@type":"WebPage","@id":"https:\/\/www.latribunedufaso.net\/?p=24274","url":"https:\/\/www.latribunedufaso.net\/?p=24274","name":"M\u00e9dia : La Tribune du Faso lance son desk Fact-checking pour renforcer l'int\u00e9grit\u00e9 de l'information au Burkina Faso et au Sahel - La Tribune du Faso","isPartOf":{"@id":"https:\/\/www.latribunedufaso.net\/#website"},"primaryImageOfPage":{"@id":"https:\/\/www.latribunedufaso.net\/?p=24274#primaryimage"},"image":{"@id":"https:\/\/www.latribunedufaso.net\/?p=24274#primaryimage"},"thumbnailUrl":"https:\/\/www.latribunedufaso.net\/wp-content\/uploads\/2025\/10\/IMG-20251017-WA0080.jpg","datePublished":"2025-10-17T10:12:50+00:00","breadcrumb":{"@id":"https:\/\/www.latribunedufaso.net\/?p=24274#breadcrumb"},"inLanguage":"fr-FR","potentialAction":[{"@type":"ReadAction","target":["https:\/\/www.latribunedufaso.net\/?p=24274"]}]},{"@type":"ImageObject","inLanguage":"fr-FR","@id":"https:\/\/www.latribunedufaso.net\/?p=24274#primaryimage","url":"https:\/\/www.latribunedufaso.net\/wp-content\/uploads\/2025\/10\/IMG-20251017-WA0080.jpg","contentUrl":"https:\/\/www.latribunedufaso.net\/wp-content\/uploads\/2025\/10\/IMG-20251017-WA0080.jpg","width":1080,"height":721,"caption":"Lancement du desk fact-checking de La Tribune du Faso, 17 octobre 2025"},{"@type":"BreadcrumbList","@id":"https:\/\/www.latribunedufaso.net\/?p=24274#breadcrumb","itemListElement":[{"@type":"ListItem","position":1,"name":"Accueil","item":"https:\/\/www.latribunedufaso.net\/"},{"@type":"ListItem","position":2,"name":"M\u00e9dia : La Tribune du Faso lance son desk Fact-checking pour renforcer l&rsquo;int\u00e9grit\u00e9 de l&rsquo;information au Burkina Faso et au Sahel"}]},{"@type":"WebSite","@id":"https:\/\/www.latribunedufaso.net\/#website","url":"https:\/\/www.latribunedufaso.net\/","name":"La Tribune du Faso","description":"L&#039;information du monde rural en un clic","publisher":{"@id":"https:\/\/www.latribunedufaso.net\/#organization"},"potentialAction":[{"@type":"SearchAction","target":{"@type":"EntryPoint","urlTemplate":"https:\/\/www.latribunedufaso.net\/?s={search_term_string}"},"query-input":{"@type":"PropertyValueSpecification","valueRequired":true,"valueName":"search_term_string"}}],"inLanguage":"fr-FR"},{"@type":"Organization","@id":"https:\/\/www.latribunedufaso.net\/#organization","name":"La Tribune du Faso","url":"https:\/\/www.latribunedufaso.net\/","logo":{"@type":"ImageObject","inLanguage":"fr-FR","@id":"https:\/\/www.latribunedufaso.net\/#\/schema\/logo\/image\/","url":"https:\/\/www.latribunedufaso.net\/wp-content\/uploads\/2020\/08\/Logo-Tribune-du-Faso-final-scaled.jpg","contentUrl":"https:\/\/www.latribunedufaso.net\/wp-content\/uploads\/2020\/08\/Logo-Tribune-du-Faso-final-scaled.jpg","width":2560,"height":1856,"caption":"La Tribune du Faso"},"image":{"@id":"https:\/\/www.latribunedufaso.net\/#\/schema\/logo\/image\/"},"sameAs":["https:\/\/www.facebook.com\/LatribuneduFaso\/"]},{"@type":"Person","@id":"https:\/\/www.latribunedufaso.net\/#\/schema\/person\/e54e64c5778a7e72cf80a318b7a622b0","name":"Issouf Tapsoba","image":{"@type":"ImageObject","inLanguage":"fr-FR","@id":"https:\/\/secure.gravatar.com\/avatar\/5e6c05150ce3230247d167f5b94d678eb05936197436d69b7921e3a95c9107ac?s=96&d=mm&r=g","url":"https:\/\/secure.gravatar.com\/avatar\/5e6c05150ce3230247d167f5b94d678eb05936197436d69b7921e3a95c9107ac?s=96&d=mm&r=g","contentUrl":"https:\/\/secure.gravatar.com\/avatar\/5e6c05150ce3230247d167f5b94d678eb05936197436d69b7921e3a95c9107ac?s=96&d=mm&r=g","caption":"Issouf Tapsoba"},"url":"https:\/\/www.latribunedufaso.net\/?author=5"}]}},"_links":{"self":[{"href":"https:\/\/www.latribunedufaso.net\/index.php?rest_route=\/wp\/v2\/posts\/24274","targetHints":{"allow":["GET"]}}],"collection":[{"href":"https:\/\/www.latribunedufaso.net\/index.php?rest_route=\/wp\/v2\/posts"}],"about":[{"href":"https:\/\/www.latribunedufaso.net\/index.php?rest_route=\/wp\/v2\/types\/post"}],"author":[{"embeddable":true,"href":"https:\/\/www.latribunedufaso.net\/index.php?rest_route=\/wp\/v2\/users\/5"}],"replies":[{"embeddable":true,"href":"https:\/\/www.latribunedufaso.net\/index.php?rest_route=%2Fwp%2Fv2%2Fcomments&post=24274"}],"version-history":[{"count":1,"href":"https:\/\/www.latribunedufaso.net\/index.php?rest_route=\/wp\/v2\/posts\/24274\/revisions"}],"predecessor-version":[{"id":24276,"href":"https:\/\/www.latribunedufaso.net\/index.php?rest_route=\/wp\/v2\/posts\/24274\/revisions\/24276"}],"wp:featuredmedia":[{"embeddable":true,"href":"https:\/\/www.latribunedufaso.net\/index.php?rest_route=\/wp\/v2\/media\/24275"}],"wp:attachment":[{"href":"https:\/\/www.latribunedufaso.net\/index.php?rest_route=%2Fwp%2Fv2%2Fmedia&parent=24274"}],"wp:term":[{"taxonomy":"category","embeddable":true,"href":"https:\/\/www.latribunedufaso.net\/index.php?rest_route=%2Fwp%2Fv2%2Fcategories&post=24274"},{"taxonomy":"post_tag","embeddable":true,"href":"https:\/\/www.latribunedufaso.net\/index.php?rest_route=%2Fwp%2Fv2%2Ftags&post=24274"}],"curies":[{"name":"wp","href":"https:\/\/api.w.org\/{rel}","templated":true}]}}