{"id":24268,"date":"2025-10-16T19:57:20","date_gmt":"2025-10-16T19:57:20","guid":{"rendered":"https:\/\/www.latribunedufaso.net\/?p=24268"},"modified":"2025-10-16T19:57:20","modified_gmt":"2025-10-16T19:57:20","slug":"conseil-des-ministres-du-16-octobre-2025-obligation-pour-les-ong-et-associations-agreees-de-domicilier-leurs-comptes-aupres-de-la-banque-des-depots-du-tresor","status":"publish","type":"post","link":"https:\/\/www.latribunedufaso.net\/?p=24268","title":{"rendered":"Conseil des ministres du 16 octobre 2025 : Obligation pour les ONG et associations agr\u00e9\u00e9es de domicilier leurs comptes aupr\u00e8s de la Banque des D\u00e9p\u00f4ts du Tr\u00e9sor"},"content":{"rendered":"<p><strong>Le Pr\u00e9sident du Faso, Chef de l\u2019\u00c9tat, le Capitaine Ibrahim TRAOR\u00c9, a pr\u00e9sid\u00e9 ce jeudi 16 octobre 2025 \u00e0 Ouagadougou, le Conseil des ministres. Lors du point de presse tenu \u00e0 l&rsquo;issue des travaux, le ministre Porte-parole du Gouvernement, Gilbert OUEDRAOGO, a indiqu\u00e9 que plusieurs rapports ont \u00e9t\u00e9 adopt\u00e9s et des d\u00e9cisions importantes prises pour la bonne marche de la Nation, conform\u00e9ment \u00e0 la R\u00e9volution Progressiste Populaire.<\/strong><!--more--><\/p>\n<p>Au titre du minist\u00e8re de la Justice et des Droits humains, charg\u00e9 des Relations avec les Institutions, le Conseil a adopt\u00e9 un d\u00e9cret portant sur les conditions et modalit\u00e9s d\u2019obtention du statut de r\u00e9sident permanent au Burkina Faso. Selon le Ministre Edasso Rodrigue BAYALA, ce d\u00e9cret s\u2019inscrit dans la continuit\u00e9 de l\u2019adoption du Code des personnes et de la famille, qui a institu\u00e9 ledit statut. L\u2019une des conditions pour obtenir le statut de r\u00e9sident permanent au Burkina Faso, conform\u00e9ment au nouveau d\u00e9cret, est d\u2019avoir r\u00e9sid\u00e9 dans le pays de mani\u00e8re ininterrompue pendant 5 ans.<\/p>\n<figure id=\"attachment_24271\" aria-describedby=\"caption-attachment-24271\" style=\"width: 1280px\" class=\"wp-caption aligncenter\"><a href=\"https:\/\/www.latribunedufaso.net\/wp-content\/uploads\/2025\/10\/IMG-20251016-WA0376.jpg\"><img loading=\"lazy\" decoding=\"async\" class=\"size-full wp-image-24271\" src=\"https:\/\/www.latribunedufaso.net\/wp-content\/uploads\/2025\/10\/IMG-20251016-WA0376.jpg\" alt=\"Conf\u00e9rence de presse du 16 octobre 2025\" width=\"1280\" height=\"853\" srcset=\"https:\/\/www.latribunedufaso.net\/wp-content\/uploads\/2025\/10\/IMG-20251016-WA0376.jpg 1280w, https:\/\/www.latribunedufaso.net\/wp-content\/uploads\/2025\/10\/IMG-20251016-WA0376-300x200.jpg 300w, https:\/\/www.latribunedufaso.net\/wp-content\/uploads\/2025\/10\/IMG-20251016-WA0376-1024x682.jpg 1024w, https:\/\/www.latribunedufaso.net\/wp-content\/uploads\/2025\/10\/IMG-20251016-WA0376-768x512.jpg 768w, https:\/\/www.latribunedufaso.net\/wp-content\/uploads\/2025\/10\/IMG-20251016-WA0376-840x560.jpg 840w, https:\/\/www.latribunedufaso.net\/wp-content\/uploads\/2025\/10\/IMG-20251016-WA0376-120x80.jpg 120w, https:\/\/www.latribunedufaso.net\/wp-content\/uploads\/2025\/10\/IMG-20251016-WA0376-360x240.jpg 360w, https:\/\/www.latribunedufaso.net\/wp-content\/uploads\/2025\/10\/IMG-20251016-WA0376-600x400.jpg 600w\" sizes=\"auto, (max-width: 1280px) 100vw, 1280px\" \/><\/a><figcaption id=\"caption-attachment-24271\" class=\"wp-caption-text\">Selon le Ministre charg\u00e9 de la Justice, Edasso Rodrigue Bayala , le statut de r\u00e9sident permanent permet aux \u00e9trangers de jouir de plusieurs droits, d\u2019avoir une carte de r\u00e9sident permanent et d\u2019investir en toute qui\u00e9tude &#8211; Ph. DR<\/figcaption><\/figure>\n<p><em><strong>\u00ab Avant de pr\u00e9tendre \u00e0 la naturalisation, il faut passer par ce statut de r\u00e9sident permanent qui permet de jouir de tous les droits dont b\u00e9n\u00e9ficie un Burkinab\u00e8, \u00e0 l\u2019exception de ceux qui sont sp\u00e9cifiquement pr\u00e9vus pour les nationaux, tels que le droit de vote ou le droit d\u2019\u00eatre candidat \u00bb<\/strong><\/em>, pr\u00e9cise le Ministre BAYALA.<\/p>\n<h3>Projet loi de finances 2026<\/h3>\n<p>Concernant le minist\u00e8re de l\u2019\u00c9conomie et des Finances, le Conseil a adopt\u00e9 l\u2019avant-projet de loi de finances pour l\u2019ex\u00e9cution du budget de l\u2019\u00c9tat pour l\u2019exercice 2026. Ce budget se chiffre \u00e0 3 431.5 milliards de FCFA en recettes et \u00e0 3 918.3 milliards de FCFA en d\u00e9penses, avec une \u00e9pargne budg\u00e9taire de 673 milliards de FCFA et un d\u00e9ficit s&rsquo;\u00e9levant \u00e0 486.8 milliards de FCFA.<\/p>\n<figure id=\"attachment_24270\" aria-describedby=\"caption-attachment-24270\" style=\"width: 1020px\" class=\"wp-caption aligncenter\"><a href=\"https:\/\/www.latribunedufaso.net\/wp-content\/uploads\/2025\/10\/IMG-20251016-WA0377.jpg\"><img loading=\"lazy\" decoding=\"async\" class=\"size-full wp-image-24270\" src=\"https:\/\/www.latribunedufaso.net\/wp-content\/uploads\/2025\/10\/IMG-20251016-WA0377.jpg\" alt=\"Conf\u00e9rence de presse du 16 octobre 2025\" width=\"1020\" height=\"1280\" srcset=\"https:\/\/www.latribunedufaso.net\/wp-content\/uploads\/2025\/10\/IMG-20251016-WA0377.jpg 1020w, https:\/\/www.latribunedufaso.net\/wp-content\/uploads\/2025\/10\/IMG-20251016-WA0377-239x300.jpg 239w, https:\/\/www.latribunedufaso.net\/wp-content\/uploads\/2025\/10\/IMG-20251016-WA0377-816x1024.jpg 816w, https:\/\/www.latribunedufaso.net\/wp-content\/uploads\/2025\/10\/IMG-20251016-WA0377-768x964.jpg 768w\" sizes=\"auto, (max-width: 1020px) 100vw, 1020px\" \/><\/a><figcaption id=\"caption-attachment-24270\" class=\"wp-caption-text\">La Ministre d\u00e9l\u00e9gu\u00e9e charg\u00e9e du Budget, Fatoumata BAKO\/TRAOR\u00c9, pr\u00e9cise que l\u2019adoption du d\u00e9cret portant obligation pour les ONG et Associations agr\u00e9\u00e9es de domicilier leurs comptes \u00e0 la Banque des D\u00e9p\u00f4ts du Tr\u00e9sor permettra de lutter contre le blanchiment de capitaux &#8211; Ph. DR<\/figcaption><\/figure>\n<p>Selon la Ministre d\u00e9l\u00e9gu\u00e9e charg\u00e9e du Budget, ce projet de loi int\u00e8gre des mesures fiscales telles que l&rsquo;\u00e9largissement de l&rsquo;assiette fiscale, des ajustements structurels et des avantages fiscaux. Le projet sera transmis \u00e0 l\u2019Assembl\u00e9e l\u00e9gislative de transition (ALT) pour examen et adoption.<\/p>\n<h3>Les comptes des ONG et Associations agr\u00e9\u00e9es, d\u00e9sormais \u00e0 la Banque des D\u00e9p\u00f4ts du Tr\u00e9sor<\/h3>\n<p>Le Conseil a \u00e9galement adopt\u00e9 un d\u00e9cret portant sur l&rsquo;obligation pour les Organisations non gouvernementales (ONG) et les associations agr\u00e9\u00e9es d&rsquo;ouvrir et de domicilier leurs comptes de disponibilit\u00e9s exclusivement aupr\u00e8s de la Banque des D\u00e9p\u00f4ts du Tr\u00e9sor. <em><strong>\u00ab L\u2019adoption de ce d\u00e9cret nous permettra d\u2019assurer un suivi des op\u00e9rations de ces entit\u00e9s, de faciliter le travail de contr\u00f4le des diff\u00e9rentes autorit\u00e9s financi\u00e8res et surtout de poursuivre la lutte contre le blanchiment de capitaux \u00bb,<\/strong><\/em> soutient Fatoumata BAKO\/TRAOR\u00c9.<\/p>\n<p><strong>Latribunedufaso.net<\/strong><\/p>\n<p><strong>Source : Direction de la communication de la Pr\u00e9sidence du Faso<\/strong><\/p>\n<p>Lire aussi &gt;&gt; <a href=\"https:\/\/www.latribunedufaso.net\/?p=24104\">Burkina : Un nouveau r\u00e9f\u00e9rentiel de d\u00e9veloppement annonc\u00e9 en janvier 2026 (Conseil des ministres)<\/a><\/p>\n","protected":false},"excerpt":{"rendered":"<p>Le Pr\u00e9sident du Faso, Chef de l\u2019\u00c9tat, le Capitaine Ibrahim TRAOR\u00c9, a pr\u00e9sid\u00e9 ce jeudi 16 octobre 2025 \u00e0 Ouagadougou, le Conseil des ministres. Lors du point de presse tenu \u00e0 l&rsquo;issue des travaux, le ministre Porte-parole du Gouvernement, Gilbert OUEDRAOGO, a indiqu\u00e9 que plusieurs rapports ont \u00e9t\u00e9 adopt\u00e9s et des d\u00e9cisions importantes prises pour la bonne marche de la Nation, conform\u00e9ment \u00e0 la R\u00e9volution Progressiste Populaire.<\/p>\n","protected":false},"author":5,"featured_media":24269,"comment_status":"open","ping_status":"open","sticky":false,"template":"","format":"standard","meta":{"footnotes":""},"categories":[13,1,21],"tags":[1668,79,39,1670,1669],"class_list":["post-24268","post","type-post","status-publish","format-standard","has-post-thumbnail","hentry","category-une","category-actu","category-conseil-des-ministres","tag-banque-des-depots-du-tresor","tag-conseil-des-ministres","tag-latribunedufaso-net","tag-loi-de-finances-burkina","tag-obligation-pour-les-ong-et-associations-agreees-de-domicilier-leurs-comptes-aupres-de-la-banque-des-depots-du-tresor"],"yoast_head":"<!-- This site is optimized with the Yoast SEO plugin v27.5 - https:\/\/yoast.com\/product\/yoast-seo-wordpress\/ -->\n<title>Conseil des ministres du 16 octobre 2025 : Obligation pour les ONG et associations agr\u00e9\u00e9es de domicilier leurs comptes aupr\u00e8s de la Banque des D\u00e9p\u00f4ts du Tr\u00e9sor - La Tribune du Faso<\/title>\n<meta name=\"robots\" content=\"index, follow, max-snippet:-1, max-image-preview:large, max-video-preview:-1\" \/>\n<link rel=\"canonical\" href=\"https:\/\/www.latribunedufaso.net\/?p=24268\" \/>\n<meta property=\"og:locale\" content=\"fr_FR\" \/>\n<meta property=\"og:type\" content=\"article\" \/>\n<meta property=\"og:title\" content=\"Conseil des ministres du 16 octobre 2025 : Obligation pour les ONG et associations agr\u00e9\u00e9es de domicilier leurs comptes aupr\u00e8s de la Banque des D\u00e9p\u00f4ts du Tr\u00e9sor - La Tribune du Faso\" \/>\n<meta property=\"og:description\" content=\"Le Pr\u00e9sident du Faso, Chef de l\u2019\u00c9tat, le Capitaine Ibrahim TRAOR\u00c9, a pr\u00e9sid\u00e9 ce jeudi 16 octobre 2025 \u00e0 Ouagadougou, le Conseil des ministres. Lors du point de presse tenu \u00e0 l&rsquo;issue des travaux, le ministre Porte-parole du Gouvernement, Gilbert OUEDRAOGO, a indiqu\u00e9 que plusieurs rapports ont \u00e9t\u00e9 adopt\u00e9s et des d\u00e9cisions importantes prises pour la bonne marche de la Nation, conform\u00e9ment \u00e0 la R\u00e9volution Progressiste Populaire.\" \/>\n<meta property=\"og:url\" content=\"https:\/\/www.latribunedufaso.net\/?p=24268\" \/>\n<meta property=\"og:site_name\" content=\"La Tribune du Faso\" \/>\n<meta property=\"article:publisher\" content=\"https:\/\/www.facebook.com\/LatribuneduFaso\/\" \/>\n<meta property=\"article:published_time\" content=\"2025-10-16T19:57:20+00:00\" \/>\n<meta property=\"og:image\" content=\"https:\/\/www.latribunedufaso.net\/wp-content\/uploads\/2025\/10\/IMG-20251016-WA0378.jpg\" \/>\n\t<meta property=\"og:image:width\" content=\"1280\" \/>\n\t<meta property=\"og:image:height\" content=\"853\" \/>\n\t<meta property=\"og:image:type\" content=\"image\/jpeg\" \/>\n<meta name=\"author\" content=\"Issouf Tapsoba\" \/>\n<meta name=\"twitter:label1\" content=\"\u00c9crit par\" \/>\n\t<meta name=\"twitter:data1\" content=\"Issouf Tapsoba\" \/>\n\t<meta name=\"twitter:label2\" content=\"Dur\u00e9e de lecture estim\u00e9e\" \/>\n\t<meta name=\"twitter:data2\" content=\"3 minutes\" \/>\n<script type=\"application\/ld+json\" class=\"yoast-schema-graph\">{\"@context\":\"https:\\\/\\\/schema.org\",\"@graph\":[{\"@type\":\"Article\",\"@id\":\"https:\\\/\\\/www.latribunedufaso.net\\\/?p=24268#article\",\"isPartOf\":{\"@id\":\"https:\\\/\\\/www.latribunedufaso.net\\\/?p=24268\"},\"author\":{\"name\":\"Issouf Tapsoba\",\"@id\":\"https:\\\/\\\/www.latribunedufaso.net\\\/#\\\/schema\\\/person\\\/e54e64c5778a7e72cf80a318b7a622b0\"},\"headline\":\"Conseil des ministres du 16 octobre 2025 : Obligation pour les ONG et associations agr\u00e9\u00e9es de domicilier leurs comptes aupr\u00e8s de la Banque des D\u00e9p\u00f4ts du Tr\u00e9sor\",\"datePublished\":\"2025-10-16T19:57:20+00:00\",\"mainEntityOfPage\":{\"@id\":\"https:\\\/\\\/www.latribunedufaso.net\\\/?p=24268\"},\"wordCount\":643,\"commentCount\":0,\"publisher\":{\"@id\":\"https:\\\/\\\/www.latribunedufaso.net\\\/#organization\"},\"image\":{\"@id\":\"https:\\\/\\\/www.latribunedufaso.net\\\/?p=24268#primaryimage\"},\"thumbnailUrl\":\"https:\\\/\\\/www.latribunedufaso.net\\\/wp-content\\\/uploads\\\/2025\\\/10\\\/IMG-20251016-WA0378.jpg\",\"keywords\":[\"Banque des D\u00e9p\u00f4ts du Tr\u00e9sor\",\"conseil des ministres\",\"latribunedufaso.net\",\"loi de finances Burkina\",\"Obligation pour les ONG et Associations agr\u00e9\u00e9es de domicilier leurs comptes aupr\u00e8s de la Banque des D\u00e9p\u00f4ts du Tr\u00e9sor\"],\"articleSection\":[\"A la une\",\"Actualit\u00e9\",\"Conseil des ministres\"],\"inLanguage\":\"fr-FR\",\"potentialAction\":[{\"@type\":\"CommentAction\",\"name\":\"Comment\",\"target\":[\"https:\\\/\\\/www.latribunedufaso.net\\\/?p=24268#respond\"]}]},{\"@type\":\"WebPage\",\"@id\":\"https:\\\/\\\/www.latribunedufaso.net\\\/?p=24268\",\"url\":\"https:\\\/\\\/www.latribunedufaso.net\\\/?p=24268\",\"name\":\"Conseil des ministres du 16 octobre 2025 : Obligation pour les ONG et associations agr\u00e9\u00e9es de domicilier leurs comptes aupr\u00e8s de la Banque des D\u00e9p\u00f4ts du Tr\u00e9sor - La Tribune du Faso\",\"isPartOf\":{\"@id\":\"https:\\\/\\\/www.latribunedufaso.net\\\/#website\"},\"primaryImageOfPage\":{\"@id\":\"https:\\\/\\\/www.latribunedufaso.net\\\/?p=24268#primaryimage\"},\"image\":{\"@id\":\"https:\\\/\\\/www.latribunedufaso.net\\\/?p=24268#primaryimage\"},\"thumbnailUrl\":\"https:\\\/\\\/www.latribunedufaso.net\\\/wp-content\\\/uploads\\\/2025\\\/10\\\/IMG-20251016-WA0378.jpg\",\"datePublished\":\"2025-10-16T19:57:20+00:00\",\"breadcrumb\":{\"@id\":\"https:\\\/\\\/www.latribunedufaso.net\\\/?p=24268#breadcrumb\"},\"inLanguage\":\"fr-FR\",\"potentialAction\":[{\"@type\":\"ReadAction\",\"target\":[\"https:\\\/\\\/www.latribunedufaso.net\\\/?p=24268\"]}]},{\"@type\":\"ImageObject\",\"inLanguage\":\"fr-FR\",\"@id\":\"https:\\\/\\\/www.latribunedufaso.net\\\/?p=24268#primaryimage\",\"url\":\"https:\\\/\\\/www.latribunedufaso.net\\\/wp-content\\\/uploads\\\/2025\\\/10\\\/IMG-20251016-WA0378.jpg\",\"contentUrl\":\"https:\\\/\\\/www.latribunedufaso.net\\\/wp-content\\\/uploads\\\/2025\\\/10\\\/IMG-20251016-WA0378.jpg\",\"width\":1280,\"height\":853,\"caption\":\"Conf\u00e9rence de presse du 16 octobre 2025\"},{\"@type\":\"BreadcrumbList\",\"@id\":\"https:\\\/\\\/www.latribunedufaso.net\\\/?p=24268#breadcrumb\",\"itemListElement\":[{\"@type\":\"ListItem\",\"position\":1,\"name\":\"Accueil\",\"item\":\"https:\\\/\\\/www.latribunedufaso.net\\\/\"},{\"@type\":\"ListItem\",\"position\":2,\"name\":\"Conseil des ministres du 16 octobre 2025 : Obligation pour les ONG et associations agr\u00e9\u00e9es de domicilier leurs comptes aupr\u00e8s de la Banque des D\u00e9p\u00f4ts du Tr\u00e9sor\"}]},{\"@type\":\"WebSite\",\"@id\":\"https:\\\/\\\/www.latribunedufaso.net\\\/#website\",\"url\":\"https:\\\/\\\/www.latribunedufaso.net\\\/\",\"name\":\"La Tribune du Faso\",\"description\":\"L&#039;information du monde rural en un clic\",\"publisher\":{\"@id\":\"https:\\\/\\\/www.latribunedufaso.net\\\/#organization\"},\"potentialAction\":[{\"@type\":\"SearchAction\",\"target\":{\"@type\":\"EntryPoint\",\"urlTemplate\":\"https:\\\/\\\/www.latribunedufaso.net\\\/?s={search_term_string}\"},\"query-input\":{\"@type\":\"PropertyValueSpecification\",\"valueRequired\":true,\"valueName\":\"search_term_string\"}}],\"inLanguage\":\"fr-FR\"},{\"@type\":\"Organization\",\"@id\":\"https:\\\/\\\/www.latribunedufaso.net\\\/#organization\",\"name\":\"La Tribune du Faso\",\"url\":\"https:\\\/\\\/www.latribunedufaso.net\\\/\",\"logo\":{\"@type\":\"ImageObject\",\"inLanguage\":\"fr-FR\",\"@id\":\"https:\\\/\\\/www.latribunedufaso.net\\\/#\\\/schema\\\/logo\\\/image\\\/\",\"url\":\"https:\\\/\\\/www.latribunedufaso.net\\\/wp-content\\\/uploads\\\/2020\\\/08\\\/Logo-Tribune-du-Faso-final-scaled.jpg\",\"contentUrl\":\"https:\\\/\\\/www.latribunedufaso.net\\\/wp-content\\\/uploads\\\/2020\\\/08\\\/Logo-Tribune-du-Faso-final-scaled.jpg\",\"width\":2560,\"height\":1856,\"caption\":\"La Tribune du Faso\"},\"image\":{\"@id\":\"https:\\\/\\\/www.latribunedufaso.net\\\/#\\\/schema\\\/logo\\\/image\\\/\"},\"sameAs\":[\"https:\\\/\\\/www.facebook.com\\\/LatribuneduFaso\\\/\"]},{\"@type\":\"Person\",\"@id\":\"https:\\\/\\\/www.latribunedufaso.net\\\/#\\\/schema\\\/person\\\/e54e64c5778a7e72cf80a318b7a622b0\",\"name\":\"Issouf Tapsoba\",\"image\":{\"@type\":\"ImageObject\",\"inLanguage\":\"fr-FR\",\"@id\":\"https:\\\/\\\/secure.gravatar.com\\\/avatar\\\/5e6c05150ce3230247d167f5b94d678eb05936197436d69b7921e3a95c9107ac?s=96&d=mm&r=g\",\"url\":\"https:\\\/\\\/secure.gravatar.com\\\/avatar\\\/5e6c05150ce3230247d167f5b94d678eb05936197436d69b7921e3a95c9107ac?s=96&d=mm&r=g\",\"contentUrl\":\"https:\\\/\\\/secure.gravatar.com\\\/avatar\\\/5e6c05150ce3230247d167f5b94d678eb05936197436d69b7921e3a95c9107ac?s=96&d=mm&r=g\",\"caption\":\"Issouf Tapsoba\"},\"url\":\"https:\\\/\\\/www.latribunedufaso.net\\\/?author=5\"}]}<\/script>\n<!-- \/ Yoast SEO plugin. -->","yoast_head_json":{"title":"Conseil des ministres du 16 octobre 2025 : Obligation pour les ONG et associations agr\u00e9\u00e9es de domicilier leurs comptes aupr\u00e8s de la Banque des D\u00e9p\u00f4ts du Tr\u00e9sor - La Tribune du Faso","robots":{"index":"index","follow":"follow","max-snippet":"max-snippet:-1","max-image-preview":"max-image-preview:large","max-video-preview":"max-video-preview:-1"},"canonical":"https:\/\/www.latribunedufaso.net\/?p=24268","og_locale":"fr_FR","og_type":"article","og_title":"Conseil des ministres du 16 octobre 2025 : Obligation pour les ONG et associations agr\u00e9\u00e9es de domicilier leurs comptes aupr\u00e8s de la Banque des D\u00e9p\u00f4ts du Tr\u00e9sor - La Tribune du Faso","og_description":"Le Pr\u00e9sident du Faso, Chef de l\u2019\u00c9tat, le Capitaine Ibrahim TRAOR\u00c9, a pr\u00e9sid\u00e9 ce jeudi 16 octobre 2025 \u00e0 Ouagadougou, le Conseil des ministres. Lors du point de presse tenu \u00e0 l&rsquo;issue des travaux, le ministre Porte-parole du Gouvernement, Gilbert OUEDRAOGO, a indiqu\u00e9 que plusieurs rapports ont \u00e9t\u00e9 adopt\u00e9s et des d\u00e9cisions importantes prises pour la bonne marche de la Nation, conform\u00e9ment \u00e0 la R\u00e9volution Progressiste Populaire.","og_url":"https:\/\/www.latribunedufaso.net\/?p=24268","og_site_name":"La Tribune du Faso","article_publisher":"https:\/\/www.facebook.com\/LatribuneduFaso\/","article_published_time":"2025-10-16T19:57:20+00:00","og_image":[{"width":1280,"height":853,"url":"https:\/\/www.latribunedufaso.net\/wp-content\/uploads\/2025\/10\/IMG-20251016-WA0378.jpg","type":"image\/jpeg"}],"author":"Issouf Tapsoba","twitter_misc":{"\u00c9crit par":"Issouf Tapsoba","Dur\u00e9e de lecture estim\u00e9e":"3 minutes"},"schema":{"@context":"https:\/\/schema.org","@graph":[{"@type":"Article","@id":"https:\/\/www.latribunedufaso.net\/?p=24268#article","isPartOf":{"@id":"https:\/\/www.latribunedufaso.net\/?p=24268"},"author":{"name":"Issouf Tapsoba","@id":"https:\/\/www.latribunedufaso.net\/#\/schema\/person\/e54e64c5778a7e72cf80a318b7a622b0"},"headline":"Conseil des ministres du 16 octobre 2025 : Obligation pour les ONG et associations agr\u00e9\u00e9es de domicilier leurs comptes aupr\u00e8s de la Banque des D\u00e9p\u00f4ts du Tr\u00e9sor","datePublished":"2025-10-16T19:57:20+00:00","mainEntityOfPage":{"@id":"https:\/\/www.latribunedufaso.net\/?p=24268"},"wordCount":643,"commentCount":0,"publisher":{"@id":"https:\/\/www.latribunedufaso.net\/#organization"},"image":{"@id":"https:\/\/www.latribunedufaso.net\/?p=24268#primaryimage"},"thumbnailUrl":"https:\/\/www.latribunedufaso.net\/wp-content\/uploads\/2025\/10\/IMG-20251016-WA0378.jpg","keywords":["Banque des D\u00e9p\u00f4ts du Tr\u00e9sor","conseil des ministres","latribunedufaso.net","loi de finances Burkina","Obligation pour les ONG et Associations agr\u00e9\u00e9es de domicilier leurs comptes aupr\u00e8s de la Banque des D\u00e9p\u00f4ts du Tr\u00e9sor"],"articleSection":["A la une","Actualit\u00e9","Conseil des ministres"],"inLanguage":"fr-FR","potentialAction":[{"@type":"CommentAction","name":"Comment","target":["https:\/\/www.latribunedufaso.net\/?p=24268#respond"]}]},{"@type":"WebPage","@id":"https:\/\/www.latribunedufaso.net\/?p=24268","url":"https:\/\/www.latribunedufaso.net\/?p=24268","name":"Conseil des ministres du 16 octobre 2025 : Obligation pour les ONG et associations agr\u00e9\u00e9es de domicilier leurs comptes aupr\u00e8s de la Banque des D\u00e9p\u00f4ts du Tr\u00e9sor - La Tribune du Faso","isPartOf":{"@id":"https:\/\/www.latribunedufaso.net\/#website"},"primaryImageOfPage":{"@id":"https:\/\/www.latribunedufaso.net\/?p=24268#primaryimage"},"image":{"@id":"https:\/\/www.latribunedufaso.net\/?p=24268#primaryimage"},"thumbnailUrl":"https:\/\/www.latribunedufaso.net\/wp-content\/uploads\/2025\/10\/IMG-20251016-WA0378.jpg","datePublished":"2025-10-16T19:57:20+00:00","breadcrumb":{"@id":"https:\/\/www.latribunedufaso.net\/?p=24268#breadcrumb"},"inLanguage":"fr-FR","potentialAction":[{"@type":"ReadAction","target":["https:\/\/www.latribunedufaso.net\/?p=24268"]}]},{"@type":"ImageObject","inLanguage":"fr-FR","@id":"https:\/\/www.latribunedufaso.net\/?p=24268#primaryimage","url":"https:\/\/www.latribunedufaso.net\/wp-content\/uploads\/2025\/10\/IMG-20251016-WA0378.jpg","contentUrl":"https:\/\/www.latribunedufaso.net\/wp-content\/uploads\/2025\/10\/IMG-20251016-WA0378.jpg","width":1280,"height":853,"caption":"Conf\u00e9rence de presse du 16 octobre 2025"},{"@type":"BreadcrumbList","@id":"https:\/\/www.latribunedufaso.net\/?p=24268#breadcrumb","itemListElement":[{"@type":"ListItem","position":1,"name":"Accueil","item":"https:\/\/www.latribunedufaso.net\/"},{"@type":"ListItem","position":2,"name":"Conseil des ministres du 16 octobre 2025 : Obligation pour les ONG et associations agr\u00e9\u00e9es de domicilier leurs comptes aupr\u00e8s de la Banque des D\u00e9p\u00f4ts du Tr\u00e9sor"}]},{"@type":"WebSite","@id":"https:\/\/www.latribunedufaso.net\/#website","url":"https:\/\/www.latribunedufaso.net\/","name":"La Tribune du Faso","description":"L&#039;information du monde rural en un clic","publisher":{"@id":"https:\/\/www.latribunedufaso.net\/#organization"},"potentialAction":[{"@type":"SearchAction","target":{"@type":"EntryPoint","urlTemplate":"https:\/\/www.latribunedufaso.net\/?s={search_term_string}"},"query-input":{"@type":"PropertyValueSpecification","valueRequired":true,"valueName":"search_term_string"}}],"inLanguage":"fr-FR"},{"@type":"Organization","@id":"https:\/\/www.latribunedufaso.net\/#organization","name":"La Tribune du Faso","url":"https:\/\/www.latribunedufaso.net\/","logo":{"@type":"ImageObject","inLanguage":"fr-FR","@id":"https:\/\/www.latribunedufaso.net\/#\/schema\/logo\/image\/","url":"https:\/\/www.latribunedufaso.net\/wp-content\/uploads\/2020\/08\/Logo-Tribune-du-Faso-final-scaled.jpg","contentUrl":"https:\/\/www.latribunedufaso.net\/wp-content\/uploads\/2020\/08\/Logo-Tribune-du-Faso-final-scaled.jpg","width":2560,"height":1856,"caption":"La Tribune du Faso"},"image":{"@id":"https:\/\/www.latribunedufaso.net\/#\/schema\/logo\/image\/"},"sameAs":["https:\/\/www.facebook.com\/LatribuneduFaso\/"]},{"@type":"Person","@id":"https:\/\/www.latribunedufaso.net\/#\/schema\/person\/e54e64c5778a7e72cf80a318b7a622b0","name":"Issouf Tapsoba","image":{"@type":"ImageObject","inLanguage":"fr-FR","@id":"https:\/\/secure.gravatar.com\/avatar\/5e6c05150ce3230247d167f5b94d678eb05936197436d69b7921e3a95c9107ac?s=96&d=mm&r=g","url":"https:\/\/secure.gravatar.com\/avatar\/5e6c05150ce3230247d167f5b94d678eb05936197436d69b7921e3a95c9107ac?s=96&d=mm&r=g","contentUrl":"https:\/\/secure.gravatar.com\/avatar\/5e6c05150ce3230247d167f5b94d678eb05936197436d69b7921e3a95c9107ac?s=96&d=mm&r=g","caption":"Issouf Tapsoba"},"url":"https:\/\/www.latribunedufaso.net\/?author=5"}]}},"_links":{"self":[{"href":"https:\/\/www.latribunedufaso.net\/index.php?rest_route=\/wp\/v2\/posts\/24268","targetHints":{"allow":["GET"]}}],"collection":[{"href":"https:\/\/www.latribunedufaso.net\/index.php?rest_route=\/wp\/v2\/posts"}],"about":[{"href":"https:\/\/www.latribunedufaso.net\/index.php?rest_route=\/wp\/v2\/types\/post"}],"author":[{"embeddable":true,"href":"https:\/\/www.latribunedufaso.net\/index.php?rest_route=\/wp\/v2\/users\/5"}],"replies":[{"embeddable":true,"href":"https:\/\/www.latribunedufaso.net\/index.php?rest_route=%2Fwp%2Fv2%2Fcomments&post=24268"}],"version-history":[{"count":1,"href":"https:\/\/www.latribunedufaso.net\/index.php?rest_route=\/wp\/v2\/posts\/24268\/revisions"}],"predecessor-version":[{"id":24272,"href":"https:\/\/www.latribunedufaso.net\/index.php?rest_route=\/wp\/v2\/posts\/24268\/revisions\/24272"}],"wp:featuredmedia":[{"embeddable":true,"href":"https:\/\/www.latribunedufaso.net\/index.php?rest_route=\/wp\/v2\/media\/24269"}],"wp:attachment":[{"href":"https:\/\/www.latribunedufaso.net\/index.php?rest_route=%2Fwp%2Fv2%2Fmedia&parent=24268"}],"wp:term":[{"taxonomy":"category","embeddable":true,"href":"https:\/\/www.latribunedufaso.net\/index.php?rest_route=%2Fwp%2Fv2%2Fcategories&post=24268"},{"taxonomy":"post_tag","embeddable":true,"href":"https:\/\/www.latribunedufaso.net\/index.php?rest_route=%2Fwp%2Fv2%2Ftags&post=24268"}],"curies":[{"name":"wp","href":"https:\/\/api.w.org\/{rel}","templated":true}]}}