{"id":24262,"date":"2025-10-16T19:31:54","date_gmt":"2025-10-16T19:31:54","guid":{"rendered":"https:\/\/www.latribunedufaso.net\/?p=24262"},"modified":"2025-10-16T19:31:54","modified_gmt":"2025-10-16T19:31:54","slug":"sport-la-30%e1%b5%89-nuit-des-champions-se-tiendra-le-22-octobre-2025-a-la-salle-des-banquets-de-ouaga-2000","status":"publish","type":"post","link":"https:\/\/www.latribunedufaso.net\/?p=24262","title":{"rendered":"Sport : La 30\u1d49 Nuit des Champions se tiendra le 22 octobre 2025 \u00e0 la salle des banquets de Ouaga 2000"},"content":{"rendered":"<p><strong>La 30\u1d49 \u00e9dition de la Nuit des Champions se tiendra le mercredi 22 octobre 2025 \u00e0 la Salle des Banquets de Ouaga 2000 \u00e0 partir de 21h.\u00a0<\/strong><!--more--><\/p>\n<p>L\u2019Association des Journalistes Sportifs du Burkina (AJSB) a donn\u00e9 l&rsquo;information sur la 30\u1d49 \u00e9dition de la Nuit des Champions, ce 14 octobre 2025, lors d\u2019une conf\u00e9rence de presse \u00e0 Ouagadougou.<\/p>\n<p>Pour le pr\u00e9sident du comit\u00e9 d\u2019organisation, Modeste Ou\u00e9draogo , cette \u00e9dition est bien plus qu\u2019une c\u00e9r\u00e9monie de r\u00e9compenses. <em><strong>\u00ab C\u2019est une c\u00e9l\u00e9bration du travail, du d\u00e9passement de soi, de la solidarit\u00e9 et de l\u2019excellence sportive <\/strong><\/em>\u00bb, a t-il signifi\u00e9.<\/p>\n<figure id=\"attachment_24265\" aria-describedby=\"caption-attachment-24265\" style=\"width: 2560px\" class=\"wp-caption aligncenter\"><a href=\"https:\/\/www.latribunedufaso.net\/wp-content\/uploads\/2025\/10\/IMG-20251016-WA0099.jpg\"><img loading=\"lazy\" decoding=\"async\" class=\"size-full wp-image-24265\" src=\"https:\/\/www.latribunedufaso.net\/wp-content\/uploads\/2025\/10\/IMG-20251016-WA0099.jpg\" alt=\"Conf\u00e9rence de presse de l'annonce de la 30\u1d49 \u00e9dition de la Nuit des Champions, 15 octobre 2025\" width=\"2560\" height=\"1706\" srcset=\"https:\/\/www.latribunedufaso.net\/wp-content\/uploads\/2025\/10\/IMG-20251016-WA0099.jpg 2560w, https:\/\/www.latribunedufaso.net\/wp-content\/uploads\/2025\/10\/IMG-20251016-WA0099-300x200.jpg 300w, https:\/\/www.latribunedufaso.net\/wp-content\/uploads\/2025\/10\/IMG-20251016-WA0099-1024x682.jpg 1024w, https:\/\/www.latribunedufaso.net\/wp-content\/uploads\/2025\/10\/IMG-20251016-WA0099-768x512.jpg 768w, https:\/\/www.latribunedufaso.net\/wp-content\/uploads\/2025\/10\/IMG-20251016-WA0099-1536x1024.jpg 1536w, https:\/\/www.latribunedufaso.net\/wp-content\/uploads\/2025\/10\/IMG-20251016-WA0099-2048x1365.jpg 2048w, https:\/\/www.latribunedufaso.net\/wp-content\/uploads\/2025\/10\/IMG-20251016-WA0099-840x560.jpg 840w, https:\/\/www.latribunedufaso.net\/wp-content\/uploads\/2025\/10\/IMG-20251016-WA0099-120x80.jpg 120w, https:\/\/www.latribunedufaso.net\/wp-content\/uploads\/2025\/10\/IMG-20251016-WA0099-360x240.jpg 360w, https:\/\/www.latribunedufaso.net\/wp-content\/uploads\/2025\/10\/IMG-20251016-WA0099-600x400.jpg 600w\" sizes=\"auto, (max-width: 2560px) 100vw, 2560px\" \/><\/a><figcaption id=\"caption-attachment-24265\" class=\"wp-caption-text\">Le pr\u00e9sident du comit\u00e9 d\u2019organisation de la 30e \u00e9dition de la Nuit des champions, Modeste Ou\u00e9draogo<\/figcaption><\/figure>\n<p>Elle se distingue par plusieurs innovations dont une c\u00e9r\u00e9monie revisit\u00e9e, moderne et inclusive, une mise en avant des valeurs de paix, de r\u00e9silience et de fiert\u00e9 nationale \u00e0 travers le sport. Elle sera retransmise en direct sur la RTB et d\u2019autres cha\u00eenes partenaires.<\/p>\n<p>L&rsquo;\u00e9dition est plac\u00e9e sous le Tr\u00e8s Haut Patronage du Pr\u00e9sident de l\u2019Assembl\u00e9e L\u00e9gislative de Transition (ALT), Dr Ousmane Bougouma, sous la pr\u00e9sidence du ministre de la Communication de la Culture des Arts et du Tourisme et du ministre des sports de la Jeunesse et de l\u2019Emploi.<\/p>\n<p>Elle est plac\u00e9e sous le Parrainage du Directeur G\u00e9n\u00e9ral des Douanes, \u00e9galement Vice-pr\u00e9sident de la F\u00e9d\u00e9ration Burkinab\u00e8 de Taekwondo, Docteur Yves Kafando, le Marrainage de Adja Amsetou Niki\u00e8ma dit Adja de Komsilga et le parrainage sportif de Sayouba Zongo, ancien cycliste et entraineur des Etalons.<\/p>\n<p><a href=\"https:\/\/www.latribunedufaso.net\/wp-content\/uploads\/2025\/10\/IMG-20251016-WA0093.jpg\"><img loading=\"lazy\" decoding=\"async\" class=\"aligncenter size-full wp-image-24264\" src=\"https:\/\/www.latribunedufaso.net\/wp-content\/uploads\/2025\/10\/IMG-20251016-WA0093.jpg\" alt=\"Conf\u00e9rence de presse de l'annonce de la 30\u1d49 \u00e9dition de la Nuit des Champions, 15 octobre 2025\" width=\"2560\" height=\"1706\" srcset=\"https:\/\/www.latribunedufaso.net\/wp-content\/uploads\/2025\/10\/IMG-20251016-WA0093.jpg 2560w, https:\/\/www.latribunedufaso.net\/wp-content\/uploads\/2025\/10\/IMG-20251016-WA0093-300x200.jpg 300w, https:\/\/www.latribunedufaso.net\/wp-content\/uploads\/2025\/10\/IMG-20251016-WA0093-1024x682.jpg 1024w, https:\/\/www.latribunedufaso.net\/wp-content\/uploads\/2025\/10\/IMG-20251016-WA0093-768x512.jpg 768w, https:\/\/www.latribunedufaso.net\/wp-content\/uploads\/2025\/10\/IMG-20251016-WA0093-1536x1024.jpg 1536w, https:\/\/www.latribunedufaso.net\/wp-content\/uploads\/2025\/10\/IMG-20251016-WA0093-2048x1365.jpg 2048w, https:\/\/www.latribunedufaso.net\/wp-content\/uploads\/2025\/10\/IMG-20251016-WA0093-840x560.jpg 840w, https:\/\/www.latribunedufaso.net\/wp-content\/uploads\/2025\/10\/IMG-20251016-WA0093-120x80.jpg 120w, https:\/\/www.latribunedufaso.net\/wp-content\/uploads\/2025\/10\/IMG-20251016-WA0093-360x240.jpg 360w, https:\/\/www.latribunedufaso.net\/wp-content\/uploads\/2025\/10\/IMG-20251016-WA0093-600x400.jpg 600w\" sizes=\"auto, (max-width: 2560px) 100vw, 2560px\" \/><\/a><\/p>\n<p><em><strong>\u00ab Nous aurons l\u2019immense privil\u00e8ge d\u2019accueillir comme Invit\u00e9 d\u2019Honneur Son Excellence Monsieur Youssef Slaoui, Ambassadeur du Royaume du Maroc au Burkina Faso \u00bb,<\/strong><\/em> a fait ajout\u00e9 Modeste Ou\u00e9draogo.<\/p>\n<blockquote>\n<p>Lire aussi &gt;&gt; <a href=\"https:\/\/www.latribunedufaso.net\/?p=23829\">Assembl\u00e9e g\u00e9n\u00e9rale 2025 : L\u2019AJSB dresse un bilan satisfaisant et pr\u00e9pare la Nuit des champions\u00a0<\/a><\/p>\n<\/blockquote>\n<p>L\u2019AJSB a tenu \u00e0 exprimer sa gratitude aux partenaires publics et priv\u00e9s ayant contribu\u00e9 \u00e0 la p\u00e9rennit\u00e9 de cet \u00e9v\u00e9nement.\u00a0<\/p>\n<p><strong>Latribunedufaso.net<\/strong><\/p>\n","protected":false},"excerpt":{"rendered":"<p>La 30\u1d49 \u00e9dition de la Nuit des Champions se tiendra le mercredi 22 octobre 2025 \u00e0 la Salle des Banquets de Ouaga 2000 \u00e0 partir de 21h.\u00a0<\/p>\n","protected":false},"author":5,"featured_media":24266,"comment_status":"open","ping_status":"open","sticky":false,"template":"","format":"standard","meta":{"footnotes":""},"categories":[13,1,17],"tags":[39,1667],"class_list":["post-24262","post","type-post","status-publish","format-standard","has-post-thumbnail","hentry","category-une","category-actu","category-sport","tag-latribunedufaso-net","tag-nuit-des-champions-de-lajsb"],"yoast_head":"<!-- This site is optimized with the Yoast SEO plugin v27.4 - https:\/\/yoast.com\/product\/yoast-seo-wordpress\/ -->\n<title>Sport : La 30\u1d49 Nuit des Champions se tiendra le 22 octobre 2025 \u00e0 la salle des banquets de Ouaga 2000 - La Tribune du Faso<\/title>\n<meta name=\"robots\" content=\"index, follow, max-snippet:-1, max-image-preview:large, max-video-preview:-1\" \/>\n<link rel=\"canonical\" href=\"https:\/\/www.latribunedufaso.net\/?p=24262\" \/>\n<meta property=\"og:locale\" content=\"fr_FR\" \/>\n<meta property=\"og:type\" content=\"article\" \/>\n<meta property=\"og:title\" content=\"Sport : La 30\u1d49 Nuit des Champions se tiendra le 22 octobre 2025 \u00e0 la salle des banquets de Ouaga 2000 - La Tribune du Faso\" \/>\n<meta property=\"og:description\" content=\"La 30\u1d49 \u00e9dition de la Nuit des Champions se tiendra le mercredi 22 octobre 2025 \u00e0 la Salle des Banquets de Ouaga 2000 \u00e0 partir de 21h.\u00a0\" \/>\n<meta property=\"og:url\" content=\"https:\/\/www.latribunedufaso.net\/?p=24262\" \/>\n<meta property=\"og:site_name\" content=\"La Tribune du Faso\" \/>\n<meta property=\"article:publisher\" content=\"https:\/\/www.facebook.com\/LatribuneduFaso\/\" \/>\n<meta property=\"article:published_time\" content=\"2025-10-16T19:31:54+00:00\" \/>\n<meta property=\"og:image\" content=\"https:\/\/www.latribunedufaso.net\/wp-content\/uploads\/2025\/10\/IMG-20251016-WA0087.jpg\" \/>\n\t<meta property=\"og:image:width\" content=\"2560\" \/>\n\t<meta property=\"og:image:height\" content=\"1706\" \/>\n\t<meta property=\"og:image:type\" content=\"image\/jpeg\" \/>\n<meta name=\"author\" content=\"Issouf Tapsoba\" \/>\n<meta name=\"twitter:label1\" content=\"\u00c9crit par\" \/>\n\t<meta name=\"twitter:data1\" content=\"Issouf Tapsoba\" \/>\n\t<meta name=\"twitter:label2\" content=\"Dur\u00e9e de lecture estim\u00e9e\" \/>\n\t<meta name=\"twitter:data2\" content=\"2 minutes\" \/>\n<script type=\"application\/ld+json\" class=\"yoast-schema-graph\">{\"@context\":\"https:\\\/\\\/schema.org\",\"@graph\":[{\"@type\":\"Article\",\"@id\":\"https:\\\/\\\/www.latribunedufaso.net\\\/?p=24262#article\",\"isPartOf\":{\"@id\":\"https:\\\/\\\/www.latribunedufaso.net\\\/?p=24262\"},\"author\":{\"name\":\"Issouf Tapsoba\",\"@id\":\"https:\\\/\\\/www.latribunedufaso.net\\\/#\\\/schema\\\/person\\\/e54e64c5778a7e72cf80a318b7a622b0\"},\"headline\":\"Sport : La 30\u1d49 Nuit des Champions se tiendra le 22 octobre 2025 \u00e0 la salle des banquets de Ouaga 2000\",\"datePublished\":\"2025-10-16T19:31:54+00:00\",\"mainEntityOfPage\":{\"@id\":\"https:\\\/\\\/www.latribunedufaso.net\\\/?p=24262\"},\"wordCount\":372,\"commentCount\":0,\"publisher\":{\"@id\":\"https:\\\/\\\/www.latribunedufaso.net\\\/#organization\"},\"image\":{\"@id\":\"https:\\\/\\\/www.latribunedufaso.net\\\/?p=24262#primaryimage\"},\"thumbnailUrl\":\"https:\\\/\\\/www.latribunedufaso.net\\\/wp-content\\\/uploads\\\/2025\\\/10\\\/IMG-20251016-WA0087.jpg\",\"keywords\":[\"latribunedufaso.net\",\"Nuit des Champions de l'AJSB\"],\"articleSection\":[\"A la une\",\"Actualit\u00e9\",\"Sport\"],\"inLanguage\":\"fr-FR\",\"potentialAction\":[{\"@type\":\"CommentAction\",\"name\":\"Comment\",\"target\":[\"https:\\\/\\\/www.latribunedufaso.net\\\/?p=24262#respond\"]}]},{\"@type\":\"WebPage\",\"@id\":\"https:\\\/\\\/www.latribunedufaso.net\\\/?p=24262\",\"url\":\"https:\\\/\\\/www.latribunedufaso.net\\\/?p=24262\",\"name\":\"Sport : La 30\u1d49 Nuit des Champions se tiendra le 22 octobre 2025 \u00e0 la salle des banquets de Ouaga 2000 - La Tribune du Faso\",\"isPartOf\":{\"@id\":\"https:\\\/\\\/www.latribunedufaso.net\\\/#website\"},\"primaryImageOfPage\":{\"@id\":\"https:\\\/\\\/www.latribunedufaso.net\\\/?p=24262#primaryimage\"},\"image\":{\"@id\":\"https:\\\/\\\/www.latribunedufaso.net\\\/?p=24262#primaryimage\"},\"thumbnailUrl\":\"https:\\\/\\\/www.latribunedufaso.net\\\/wp-content\\\/uploads\\\/2025\\\/10\\\/IMG-20251016-WA0087.jpg\",\"datePublished\":\"2025-10-16T19:31:54+00:00\",\"breadcrumb\":{\"@id\":\"https:\\\/\\\/www.latribunedufaso.net\\\/?p=24262#breadcrumb\"},\"inLanguage\":\"fr-FR\",\"potentialAction\":[{\"@type\":\"ReadAction\",\"target\":[\"https:\\\/\\\/www.latribunedufaso.net\\\/?p=24262\"]}]},{\"@type\":\"ImageObject\",\"inLanguage\":\"fr-FR\",\"@id\":\"https:\\\/\\\/www.latribunedufaso.net\\\/?p=24262#primaryimage\",\"url\":\"https:\\\/\\\/www.latribunedufaso.net\\\/wp-content\\\/uploads\\\/2025\\\/10\\\/IMG-20251016-WA0087.jpg\",\"contentUrl\":\"https:\\\/\\\/www.latribunedufaso.net\\\/wp-content\\\/uploads\\\/2025\\\/10\\\/IMG-20251016-WA0087.jpg\",\"width\":2560,\"height\":1706,\"caption\":\"Conf\u00e9rence de presse de l'annonce de la 30\u1d49 \u00e9dition de la Nuit des Champions, 15 octobre 2025\"},{\"@type\":\"BreadcrumbList\",\"@id\":\"https:\\\/\\\/www.latribunedufaso.net\\\/?p=24262#breadcrumb\",\"itemListElement\":[{\"@type\":\"ListItem\",\"position\":1,\"name\":\"Accueil\",\"item\":\"https:\\\/\\\/www.latribunedufaso.net\\\/\"},{\"@type\":\"ListItem\",\"position\":2,\"name\":\"Sport : La 30\u1d49 Nuit des Champions se tiendra le 22 octobre 2025 \u00e0 la salle des banquets de Ouaga 2000\"}]},{\"@type\":\"WebSite\",\"@id\":\"https:\\\/\\\/www.latribunedufaso.net\\\/#website\",\"url\":\"https:\\\/\\\/www.latribunedufaso.net\\\/\",\"name\":\"La Tribune du Faso\",\"description\":\"L&#039;information du monde rural en un clic\",\"publisher\":{\"@id\":\"https:\\\/\\\/www.latribunedufaso.net\\\/#organization\"},\"potentialAction\":[{\"@type\":\"SearchAction\",\"target\":{\"@type\":\"EntryPoint\",\"urlTemplate\":\"https:\\\/\\\/www.latribunedufaso.net\\\/?s={search_term_string}\"},\"query-input\":{\"@type\":\"PropertyValueSpecification\",\"valueRequired\":true,\"valueName\":\"search_term_string\"}}],\"inLanguage\":\"fr-FR\"},{\"@type\":\"Organization\",\"@id\":\"https:\\\/\\\/www.latribunedufaso.net\\\/#organization\",\"name\":\"La Tribune du Faso\",\"url\":\"https:\\\/\\\/www.latribunedufaso.net\\\/\",\"logo\":{\"@type\":\"ImageObject\",\"inLanguage\":\"fr-FR\",\"@id\":\"https:\\\/\\\/www.latribunedufaso.net\\\/#\\\/schema\\\/logo\\\/image\\\/\",\"url\":\"https:\\\/\\\/www.latribunedufaso.net\\\/wp-content\\\/uploads\\\/2020\\\/08\\\/Logo-Tribune-du-Faso-final-scaled.jpg\",\"contentUrl\":\"https:\\\/\\\/www.latribunedufaso.net\\\/wp-content\\\/uploads\\\/2020\\\/08\\\/Logo-Tribune-du-Faso-final-scaled.jpg\",\"width\":2560,\"height\":1856,\"caption\":\"La Tribune du Faso\"},\"image\":{\"@id\":\"https:\\\/\\\/www.latribunedufaso.net\\\/#\\\/schema\\\/logo\\\/image\\\/\"},\"sameAs\":[\"https:\\\/\\\/www.facebook.com\\\/LatribuneduFaso\\\/\"]},{\"@type\":\"Person\",\"@id\":\"https:\\\/\\\/www.latribunedufaso.net\\\/#\\\/schema\\\/person\\\/e54e64c5778a7e72cf80a318b7a622b0\",\"name\":\"Issouf Tapsoba\",\"image\":{\"@type\":\"ImageObject\",\"inLanguage\":\"fr-FR\",\"@id\":\"https:\\\/\\\/secure.gravatar.com\\\/avatar\\\/5e6c05150ce3230247d167f5b94d678eb05936197436d69b7921e3a95c9107ac?s=96&d=mm&r=g\",\"url\":\"https:\\\/\\\/secure.gravatar.com\\\/avatar\\\/5e6c05150ce3230247d167f5b94d678eb05936197436d69b7921e3a95c9107ac?s=96&d=mm&r=g\",\"contentUrl\":\"https:\\\/\\\/secure.gravatar.com\\\/avatar\\\/5e6c05150ce3230247d167f5b94d678eb05936197436d69b7921e3a95c9107ac?s=96&d=mm&r=g\",\"caption\":\"Issouf Tapsoba\"},\"url\":\"https:\\\/\\\/www.latribunedufaso.net\\\/?author=5\"}]}<\/script>\n<!-- \/ Yoast SEO plugin. -->","yoast_head_json":{"title":"Sport : La 30\u1d49 Nuit des Champions se tiendra le 22 octobre 2025 \u00e0 la salle des banquets de Ouaga 2000 - La Tribune du Faso","robots":{"index":"index","follow":"follow","max-snippet":"max-snippet:-1","max-image-preview":"max-image-preview:large","max-video-preview":"max-video-preview:-1"},"canonical":"https:\/\/www.latribunedufaso.net\/?p=24262","og_locale":"fr_FR","og_type":"article","og_title":"Sport : La 30\u1d49 Nuit des Champions se tiendra le 22 octobre 2025 \u00e0 la salle des banquets de Ouaga 2000 - La Tribune du Faso","og_description":"La 30\u1d49 \u00e9dition de la Nuit des Champions se tiendra le mercredi 22 octobre 2025 \u00e0 la Salle des Banquets de Ouaga 2000 \u00e0 partir de 21h.\u00a0","og_url":"https:\/\/www.latribunedufaso.net\/?p=24262","og_site_name":"La Tribune du Faso","article_publisher":"https:\/\/www.facebook.com\/LatribuneduFaso\/","article_published_time":"2025-10-16T19:31:54+00:00","og_image":[{"width":2560,"height":1706,"url":"https:\/\/www.latribunedufaso.net\/wp-content\/uploads\/2025\/10\/IMG-20251016-WA0087.jpg","type":"image\/jpeg"}],"author":"Issouf Tapsoba","twitter_misc":{"\u00c9crit par":"Issouf Tapsoba","Dur\u00e9e de lecture estim\u00e9e":"2 minutes"},"schema":{"@context":"https:\/\/schema.org","@graph":[{"@type":"Article","@id":"https:\/\/www.latribunedufaso.net\/?p=24262#article","isPartOf":{"@id":"https:\/\/www.latribunedufaso.net\/?p=24262"},"author":{"name":"Issouf Tapsoba","@id":"https:\/\/www.latribunedufaso.net\/#\/schema\/person\/e54e64c5778a7e72cf80a318b7a622b0"},"headline":"Sport : La 30\u1d49 Nuit des Champions se tiendra le 22 octobre 2025 \u00e0 la salle des banquets de Ouaga 2000","datePublished":"2025-10-16T19:31:54+00:00","mainEntityOfPage":{"@id":"https:\/\/www.latribunedufaso.net\/?p=24262"},"wordCount":372,"commentCount":0,"publisher":{"@id":"https:\/\/www.latribunedufaso.net\/#organization"},"image":{"@id":"https:\/\/www.latribunedufaso.net\/?p=24262#primaryimage"},"thumbnailUrl":"https:\/\/www.latribunedufaso.net\/wp-content\/uploads\/2025\/10\/IMG-20251016-WA0087.jpg","keywords":["latribunedufaso.net","Nuit des Champions de l'AJSB"],"articleSection":["A la une","Actualit\u00e9","Sport"],"inLanguage":"fr-FR","potentialAction":[{"@type":"CommentAction","name":"Comment","target":["https:\/\/www.latribunedufaso.net\/?p=24262#respond"]}]},{"@type":"WebPage","@id":"https:\/\/www.latribunedufaso.net\/?p=24262","url":"https:\/\/www.latribunedufaso.net\/?p=24262","name":"Sport : La 30\u1d49 Nuit des Champions se tiendra le 22 octobre 2025 \u00e0 la salle des banquets de Ouaga 2000 - La Tribune du Faso","isPartOf":{"@id":"https:\/\/www.latribunedufaso.net\/#website"},"primaryImageOfPage":{"@id":"https:\/\/www.latribunedufaso.net\/?p=24262#primaryimage"},"image":{"@id":"https:\/\/www.latribunedufaso.net\/?p=24262#primaryimage"},"thumbnailUrl":"https:\/\/www.latribunedufaso.net\/wp-content\/uploads\/2025\/10\/IMG-20251016-WA0087.jpg","datePublished":"2025-10-16T19:31:54+00:00","breadcrumb":{"@id":"https:\/\/www.latribunedufaso.net\/?p=24262#breadcrumb"},"inLanguage":"fr-FR","potentialAction":[{"@type":"ReadAction","target":["https:\/\/www.latribunedufaso.net\/?p=24262"]}]},{"@type":"ImageObject","inLanguage":"fr-FR","@id":"https:\/\/www.latribunedufaso.net\/?p=24262#primaryimage","url":"https:\/\/www.latribunedufaso.net\/wp-content\/uploads\/2025\/10\/IMG-20251016-WA0087.jpg","contentUrl":"https:\/\/www.latribunedufaso.net\/wp-content\/uploads\/2025\/10\/IMG-20251016-WA0087.jpg","width":2560,"height":1706,"caption":"Conf\u00e9rence de presse de l'annonce de la 30\u1d49 \u00e9dition de la Nuit des Champions, 15 octobre 2025"},{"@type":"BreadcrumbList","@id":"https:\/\/www.latribunedufaso.net\/?p=24262#breadcrumb","itemListElement":[{"@type":"ListItem","position":1,"name":"Accueil","item":"https:\/\/www.latribunedufaso.net\/"},{"@type":"ListItem","position":2,"name":"Sport : La 30\u1d49 Nuit des Champions se tiendra le 22 octobre 2025 \u00e0 la salle des banquets de Ouaga 2000"}]},{"@type":"WebSite","@id":"https:\/\/www.latribunedufaso.net\/#website","url":"https:\/\/www.latribunedufaso.net\/","name":"La Tribune du Faso","description":"L&#039;information du monde rural en un clic","publisher":{"@id":"https:\/\/www.latribunedufaso.net\/#organization"},"potentialAction":[{"@type":"SearchAction","target":{"@type":"EntryPoint","urlTemplate":"https:\/\/www.latribunedufaso.net\/?s={search_term_string}"},"query-input":{"@type":"PropertyValueSpecification","valueRequired":true,"valueName":"search_term_string"}}],"inLanguage":"fr-FR"},{"@type":"Organization","@id":"https:\/\/www.latribunedufaso.net\/#organization","name":"La Tribune du Faso","url":"https:\/\/www.latribunedufaso.net\/","logo":{"@type":"ImageObject","inLanguage":"fr-FR","@id":"https:\/\/www.latribunedufaso.net\/#\/schema\/logo\/image\/","url":"https:\/\/www.latribunedufaso.net\/wp-content\/uploads\/2020\/08\/Logo-Tribune-du-Faso-final-scaled.jpg","contentUrl":"https:\/\/www.latribunedufaso.net\/wp-content\/uploads\/2020\/08\/Logo-Tribune-du-Faso-final-scaled.jpg","width":2560,"height":1856,"caption":"La Tribune du Faso"},"image":{"@id":"https:\/\/www.latribunedufaso.net\/#\/schema\/logo\/image\/"},"sameAs":["https:\/\/www.facebook.com\/LatribuneduFaso\/"]},{"@type":"Person","@id":"https:\/\/www.latribunedufaso.net\/#\/schema\/person\/e54e64c5778a7e72cf80a318b7a622b0","name":"Issouf Tapsoba","image":{"@type":"ImageObject","inLanguage":"fr-FR","@id":"https:\/\/secure.gravatar.com\/avatar\/5e6c05150ce3230247d167f5b94d678eb05936197436d69b7921e3a95c9107ac?s=96&d=mm&r=g","url":"https:\/\/secure.gravatar.com\/avatar\/5e6c05150ce3230247d167f5b94d678eb05936197436d69b7921e3a95c9107ac?s=96&d=mm&r=g","contentUrl":"https:\/\/secure.gravatar.com\/avatar\/5e6c05150ce3230247d167f5b94d678eb05936197436d69b7921e3a95c9107ac?s=96&d=mm&r=g","caption":"Issouf Tapsoba"},"url":"https:\/\/www.latribunedufaso.net\/?author=5"}]}},"_links":{"self":[{"href":"https:\/\/www.latribunedufaso.net\/index.php?rest_route=\/wp\/v2\/posts\/24262","targetHints":{"allow":["GET"]}}],"collection":[{"href":"https:\/\/www.latribunedufaso.net\/index.php?rest_route=\/wp\/v2\/posts"}],"about":[{"href":"https:\/\/www.latribunedufaso.net\/index.php?rest_route=\/wp\/v2\/types\/post"}],"author":[{"embeddable":true,"href":"https:\/\/www.latribunedufaso.net\/index.php?rest_route=\/wp\/v2\/users\/5"}],"replies":[{"embeddable":true,"href":"https:\/\/www.latribunedufaso.net\/index.php?rest_route=%2Fwp%2Fv2%2Fcomments&post=24262"}],"version-history":[{"count":2,"href":"https:\/\/www.latribunedufaso.net\/index.php?rest_route=\/wp\/v2\/posts\/24262\/revisions"}],"predecessor-version":[{"id":24267,"href":"https:\/\/www.latribunedufaso.net\/index.php?rest_route=\/wp\/v2\/posts\/24262\/revisions\/24267"}],"wp:featuredmedia":[{"embeddable":true,"href":"https:\/\/www.latribunedufaso.net\/index.php?rest_route=\/wp\/v2\/media\/24266"}],"wp:attachment":[{"href":"https:\/\/www.latribunedufaso.net\/index.php?rest_route=%2Fwp%2Fv2%2Fmedia&parent=24262"}],"wp:term":[{"taxonomy":"category","embeddable":true,"href":"https:\/\/www.latribunedufaso.net\/index.php?rest_route=%2Fwp%2Fv2%2Fcategories&post=24262"},{"taxonomy":"post_tag","embeddable":true,"href":"https:\/\/www.latribunedufaso.net\/index.php?rest_route=%2Fwp%2Fv2%2Ftags&post=24262"}],"curies":[{"name":"wp","href":"https:\/\/api.w.org\/{rel}","templated":true}]}}