{"id":24212,"date":"2025-10-14T23:47:32","date_gmt":"2025-10-14T23:47:32","guid":{"rendered":"https:\/\/www.latribunedufaso.net\/?p=24212"},"modified":"2025-12-17T18:46:47","modified_gmt":"2025-12-17T18:46:47","slug":"filiere-anacarde-un-projet-finance-par-le-fonrid-dote-les-producteurs-de-plants-danacardier-resilients-aux-changements-climatiques","status":"publish","type":"post","link":"https:\/\/www.latribunedufaso.net\/?p=24212","title":{"rendered":"Fili\u00e8re anacarde :\u00a0Un projet financ\u00e9 par le FONRID dote les producteurs de plants d\u2019anacardier r\u00e9silients aux changements climatiques\u00a0"},"content":{"rendered":"<p><strong>Dans le cadre du suivi-\u00e9valuation de ses projets, le Fonds national de la recherche et de l\u2019innovation pour le d\u00e9veloppement (FONRID) a rencontr\u00e9 des chercheurs \u00e0 Bobo-Dioulasso. Le 14 octobre 2025, l\u2019\u00e9quipe de mission a \u00e9valu\u00e9 la mise en \u0153uvre du projet de recherche :<em> \u00ab Augmenter la productivit\u00e9 des anacardiers dans les vergers et les champs en agroforesterie face \u00e0 la s\u00e9cheresse dans le contexte du changement climatique dans les principales r\u00e9gions de production au Burkina Faso \u00bb.<\/em><\/strong><!--more--><\/p>\n<p>Conduite par le Chef du service suivi-\u00e9valuation, Ardiouma Coulibaly, l\u2019\u00e9quipe du FONRID a \u00e9t\u00e9 re\u00e7ue par le Dr No\u00ebl Yacouba Coulibaly, membre de l\u2019\u00e9quipe de coordination du projet et charg\u00e9 de recherche de l\u2019INERA \u00e0 la station de Farakoba.<\/p>\n<figure id=\"attachment_24216\" aria-describedby=\"caption-attachment-24216\" style=\"width: 2560px\" class=\"wp-caption aligncenter\"><a href=\"https:\/\/www.latribunedufaso.net\/wp-content\/uploads\/2025\/10\/IMG_20251014_102420_459-scaled.jpg\"><img loading=\"lazy\" decoding=\"async\" class=\"size-full wp-image-24216\" src=\"https:\/\/www.latribunedufaso.net\/wp-content\/uploads\/2025\/10\/IMG_20251014_102420_459-scaled.jpg\" alt=\"Dans le cadre du suivi-\u00e9valuation de ses projets, le FONRID a rencontr\u00e9 des chercheurs \u00e0 Bobo-Dioulasso, 14 octobre 2025\" width=\"2560\" height=\"1920\" srcset=\"https:\/\/www.latribunedufaso.net\/wp-content\/uploads\/2025\/10\/IMG_20251014_102420_459-scaled.jpg 2560w, https:\/\/www.latribunedufaso.net\/wp-content\/uploads\/2025\/10\/IMG_20251014_102420_459-300x225.jpg 300w, https:\/\/www.latribunedufaso.net\/wp-content\/uploads\/2025\/10\/IMG_20251014_102420_459-1024x768.jpg 1024w, https:\/\/www.latribunedufaso.net\/wp-content\/uploads\/2025\/10\/IMG_20251014_102420_459-768x576.jpg 768w, https:\/\/www.latribunedufaso.net\/wp-content\/uploads\/2025\/10\/IMG_20251014_102420_459-1536x1152.jpg 1536w, https:\/\/www.latribunedufaso.net\/wp-content\/uploads\/2025\/10\/IMG_20251014_102420_459-2048x1536.jpg 2048w\" sizes=\"auto, (max-width: 2560px) 100vw, 2560px\" \/><\/a><figcaption id=\"caption-attachment-24216\" class=\"wp-caption-text\">Dr No\u00ebl Yacouba Coulibaly, membre de l&rsquo;\u00e9quipe de coordination du projet &#8211; Ph. I. Tapsoba<\/figcaption><\/figure>\n<p>Selon le Dr No\u00ebl Yacouba Coulibaly, le projet vise \u00e0 contribuer \u00e0 l\u2019am\u00e9lioration de la production des anacardiers dans le contexte des changements climatiques. La recherche s&rsquo;est articul\u00e9e autour de deux volets principaux.<\/p>\n<p>Le premier a concern\u00e9 l\u2019agroforesterie avec l\u2019association de l\u2019anacardier et du sorgho sur une m\u00eame surface.\u00a0Cette approche r\u00e9pond \u00e0 la n\u00e9cessit\u00e9 de freiner la d\u00e9forestation caus\u00e9e par l\u2019implantation exclusive des vergers d\u2019anacardier.<\/p>\n<figure id=\"attachment_24215\" aria-describedby=\"caption-attachment-24215\" style=\"width: 2560px\" class=\"wp-caption aligncenter\"><a href=\"https:\/\/www.latribunedufaso.net\/wp-content\/uploads\/2025\/10\/IMG_20251014_101534_223-scaled.jpg\"><img loading=\"lazy\" decoding=\"async\" class=\"size-full wp-image-24215\" src=\"https:\/\/www.latribunedufaso.net\/wp-content\/uploads\/2025\/10\/IMG_20251014_101534_223-scaled.jpg\" alt=\"Dans le cadre du suivi-\u00e9valuation de ses projets, le FONRID a rencontr\u00e9 des chercheurs \u00e0 Bobo-Dioulasso, 14 octobre 2025\" width=\"2560\" height=\"1920\" srcset=\"https:\/\/www.latribunedufaso.net\/wp-content\/uploads\/2025\/10\/IMG_20251014_101534_223-scaled.jpg 2560w, https:\/\/www.latribunedufaso.net\/wp-content\/uploads\/2025\/10\/IMG_20251014_101534_223-300x225.jpg 300w, https:\/\/www.latribunedufaso.net\/wp-content\/uploads\/2025\/10\/IMG_20251014_101534_223-1024x768.jpg 1024w, https:\/\/www.latribunedufaso.net\/wp-content\/uploads\/2025\/10\/IMG_20251014_101534_223-768x576.jpg 768w, https:\/\/www.latribunedufaso.net\/wp-content\/uploads\/2025\/10\/IMG_20251014_101534_223-1536x1152.jpg 1536w, https:\/\/www.latribunedufaso.net\/wp-content\/uploads\/2025\/10\/IMG_20251014_101534_223-2048x1536.jpg 2048w\" sizes=\"auto, (max-width: 2560px) 100vw, 2560px\" \/><\/a><figcaption id=\"caption-attachment-24215\" class=\"wp-caption-text\">Une vue de la s\u00e9ance de travail de l&rsquo;\u00e9quipe de coordination du projet avec le FONRID &#8211; Ph. I. Tapsoba<\/figcaption><\/figure>\n<p>Le second volet a consist\u00e9 \u00e0 doter les producteurs de plants r\u00e9silients et tol\u00e9rants aux effets de la s\u00e9cheresse. Le taux d&rsquo;ex\u00e9cution du projet est satisfaisant, selon Dr No\u00ebl Yacouba Coulibaly. Il affiche 99%.<\/p>\n<h3>Des r\u00e9sultats concrets pour l&rsquo;accroissement de la production\u00a0<\/h3>\n<p>Cette recherche a permis d\u2019obtenir des r\u00e9sultats significatifs sur le terrain, notamment l\u2019identification de technologies permettant d\u2019am\u00e9liorer la productivit\u00e9 des syst\u00e8mes agroforestiers \u00e0 base d\u2019anacardiers. Des parcs \u00e0 bois seront mis \u00e0 la disposition des producteurs, contenant des g\u00e9notypes d\u2019anacardiers tol\u00e9rants et productifs, adapt\u00e9s au contexte de s\u00e9cheresse.<\/p>\n<p>De plus, le projet a mis l&rsquo;accent sur le renforcement des capacit\u00e9s. Des \u00e9tudiants issus de plusieurs \u00e9coles professionnelles ont \u00e9t\u00e9 form\u00e9s et ont soutenu leur m\u00e9moire. Les producteurs ont \u00e9galement b\u00e9n\u00e9fici\u00e9 d\u2019une formation intensive, notamment sur les techniques de greffage. Cela leur permettra, \u00e0 terme, de produire eux-m\u00eames les plants greff\u00e9s dans les parcs \u00e0 bois mis \u00e0 leur disposition.<\/p>\n<p>L\u2019\u00e9quipe de suivi-\u00e9valuation du FONRID a exprim\u00e9 sa pleine satisfaction. Ardiouma Coulibaly a f\u00e9licit\u00e9 l\u2019\u00e9quipe de coordination du projet pour les excellents r\u00e9sultats obtenus.<\/p>\n<h3>Le CIA-B salue la recherche<\/h3>\n<p>\u00c0 l\u2019issue de la s\u00e9ance de travail, l\u2019\u00e9quipe du FONRID et le Dr No\u00ebl Yacouba Coulibaly ont mis le cap sur le Comit\u00e9 interprofessionnel de l\u2019anacarde du Burkina Faso (CIA-B). Ils ont \u00e9t\u00e9 re\u00e7us par le Secr\u00e9taire permanent, Abdoul Karim Sanou, et son \u00e9quipe.<\/p>\n<figure id=\"attachment_24219\" aria-describedby=\"caption-attachment-24219\" style=\"width: 2560px\" class=\"wp-caption aligncenter\"><a href=\"https:\/\/www.latribunedufaso.net\/wp-content\/uploads\/2025\/10\/IMG_20251014_144924_100-scaled.jpg\"><img loading=\"lazy\" decoding=\"async\" class=\"size-full wp-image-24219\" src=\"https:\/\/www.latribunedufaso.net\/wp-content\/uploads\/2025\/10\/IMG_20251014_144924_100-scaled.jpg\" alt=\"Dans le cadre du suivi-\u00e9valuation de ses projets, le FONRID a rencontr\u00e9 des chercheurs \u00e0 Bobo-Dioulasso, 14 octobre 2025\" width=\"2560\" height=\"1920\" srcset=\"https:\/\/www.latribunedufaso.net\/wp-content\/uploads\/2025\/10\/IMG_20251014_144924_100-scaled.jpg 2560w, https:\/\/www.latribunedufaso.net\/wp-content\/uploads\/2025\/10\/IMG_20251014_144924_100-300x225.jpg 300w, https:\/\/www.latribunedufaso.net\/wp-content\/uploads\/2025\/10\/IMG_20251014_144924_100-1024x768.jpg 1024w, https:\/\/www.latribunedufaso.net\/wp-content\/uploads\/2025\/10\/IMG_20251014_144924_100-768x576.jpg 768w, https:\/\/www.latribunedufaso.net\/wp-content\/uploads\/2025\/10\/IMG_20251014_144924_100-1536x1152.jpg 1536w, https:\/\/www.latribunedufaso.net\/wp-content\/uploads\/2025\/10\/IMG_20251014_144924_100-2048x1536.jpg 2048w\" sizes=\"auto, (max-width: 2560px) 100vw, 2560px\" \/><\/a><figcaption id=\"caption-attachment-24219\" class=\"wp-caption-text\">Le Secr\u00e9taire permanent du CIA-B, Abdoul Karim Sanou &#8211; Ph. I. Tapsoba<\/figcaption><\/figure>\n<p>L\u2019objectif de cette visite \u00e9tait de s\u2019impr\u00e9gner de la collaboration entre l\u2019\u00e9quipe de recherche et le CIA-B, et de mesurer les retomb\u00e9es concr\u00e8tes des r\u00e9sultats au profit des acteurs de la fili\u00e8re.<\/p>\n<blockquote>\n<p>Lire aussi &gt;&gt; <a href=\"https:\/\/www.latribunedufaso.net\/?p=22678\">Station de recherche de Farakoba : Des chercheurs Burkinab\u00e8 d\u00e9veloppent de nouvelles vari\u00e9t\u00e9s de semences pour une souverainet\u00e9 alimentaire<\/a><\/p>\n<\/blockquote>\n<p><iframe loading=\"lazy\" width=\"560\" height=\"315\" src=\"https:\/\/www.youtube.com\/embed\/GM5YBh9C6uE?si=rry1PyLOzh3d9KpP\" title=\"YouTube video player\" frameborder=\"0\" allow=\"accelerometer; autoplay; clipboard-write; encrypted-media; gyroscope; picture-in-picture; web-share\" referrerpolicy=\"strict-origin-when-cross-origin\" allowfullscreen><\/iframe><\/p>\n<p>Le Secr\u00e9taire permanent du CIA-B, Abdoul Karim Sanou, a soulign\u00e9 l\u2019importance capitale de cette recherche qui permettra d\u2019accro\u00eetre la productivit\u00e9. Il a salu\u00e9 leur implication dans la conduite de cette recherche. Il a plaid\u00e9 pour que les r\u00e9sultats soient vulgaris\u00e9s et valoris\u00e9s afin de garantir l\u2019atteinte des objectifs de la fili\u00e8re.<\/p>\n<p><strong>Issouf TAPSOBA\u00a0<\/strong><\/p>\n<p><strong>Latribunedufaso.net<\/strong><\/p>\n","protected":false},"excerpt":{"rendered":"<p>Dans le cadre du suivi-\u00e9valuation de ses projets, le Fonds national de la recherche et de l\u2019innovation pour le d\u00e9veloppement (FONRID) a rencontr\u00e9 des chercheurs \u00e0 Bobo-Dioulasso. Le 14 octobre 2025, l\u2019\u00e9quipe de mission a \u00e9valu\u00e9 la mise en \u0153uvre du projet de recherche : \u00ab Augmenter la productivit\u00e9 des anacardiers dans les vergers et les champs en agroforesterie face \u00e0 la s\u00e9cheresse dans le contexte du changement climatique dans les principales r\u00e9gions de production au Burkina Faso \u00bb.<\/p>\n","protected":false},"author":5,"featured_media":24215,"comment_status":"open","ping_status":"open","sticky":false,"template":"","format":"standard","meta":{"footnotes":""},"categories":[13,1,3],"tags":[194,1658,1659,1656,39,1571,175],"class_list":["post-24212","post","type-post","status-publish","format-standard","has-post-thumbnail","hentry","category-une","category-actu","category-agri","tag-changement-climatique","tag-comite-interprofessionnel-de-lanacarde-du-burkina-faso-cia-b","tag-filiere-anacarde","tag-fonrid","tag-latribunedufaso-net","tag-recherche-et-innovation","tag-recherche-scientifique"],"yoast_head":"<!-- This site is optimized with the Yoast SEO plugin v27.4 - https:\/\/yoast.com\/product\/yoast-seo-wordpress\/ -->\n<title>Fili\u00e8re anacarde :\u00a0Un projet financ\u00e9 par le FONRID dote les producteurs de plants d\u2019anacardier r\u00e9silients aux changements climatiques\u00a0 - La Tribune du Faso<\/title>\n<meta name=\"robots\" content=\"index, follow, max-snippet:-1, max-image-preview:large, max-video-preview:-1\" \/>\n<link rel=\"canonical\" href=\"https:\/\/www.latribunedufaso.net\/?p=24212\" \/>\n<meta property=\"og:locale\" content=\"fr_FR\" \/>\n<meta property=\"og:type\" content=\"article\" \/>\n<meta property=\"og:title\" content=\"Fili\u00e8re anacarde :\u00a0Un projet financ\u00e9 par le FONRID dote les producteurs de plants d\u2019anacardier r\u00e9silients aux changements climatiques\u00a0 - La Tribune du Faso\" \/>\n<meta property=\"og:description\" content=\"Dans le cadre du suivi-\u00e9valuation de ses projets, le Fonds national de la recherche et de l\u2019innovation pour le d\u00e9veloppement (FONRID) a rencontr\u00e9 des chercheurs \u00e0 Bobo-Dioulasso. Le 14 octobre 2025, l\u2019\u00e9quipe de mission a \u00e9valu\u00e9 la mise en \u0153uvre du projet de recherche : \u00ab Augmenter la productivit\u00e9 des anacardiers dans les vergers et les champs en agroforesterie face \u00e0 la s\u00e9cheresse dans le contexte du changement climatique dans les principales r\u00e9gions de production au Burkina Faso \u00bb.\" \/>\n<meta property=\"og:url\" content=\"https:\/\/www.latribunedufaso.net\/?p=24212\" \/>\n<meta property=\"og:site_name\" content=\"La Tribune du Faso\" \/>\n<meta property=\"article:publisher\" content=\"https:\/\/www.facebook.com\/LatribuneduFaso\/\" \/>\n<meta property=\"article:published_time\" content=\"2025-10-14T23:47:32+00:00\" \/>\n<meta property=\"article:modified_time\" content=\"2025-12-17T18:46:47+00:00\" \/>\n<meta property=\"og:image\" content=\"https:\/\/www.latribunedufaso.net\/wp-content\/uploads\/2025\/10\/IMG_20251014_101534_223-scaled.jpg\" \/>\n\t<meta property=\"og:image:width\" content=\"2560\" \/>\n\t<meta property=\"og:image:height\" content=\"1920\" \/>\n\t<meta property=\"og:image:type\" content=\"image\/jpeg\" \/>\n<meta name=\"author\" content=\"Issouf Tapsoba\" \/>\n<meta name=\"twitter:label1\" content=\"\u00c9crit par\" \/>\n\t<meta name=\"twitter:data1\" content=\"Issouf Tapsoba\" \/>\n\t<meta name=\"twitter:label2\" content=\"Dur\u00e9e de lecture estim\u00e9e\" \/>\n\t<meta name=\"twitter:data2\" content=\"4 minutes\" \/>\n<script type=\"application\/ld+json\" class=\"yoast-schema-graph\">{\"@context\":\"https:\\\/\\\/schema.org\",\"@graph\":[{\"@type\":\"Article\",\"@id\":\"https:\\\/\\\/www.latribunedufaso.net\\\/?p=24212#article\",\"isPartOf\":{\"@id\":\"https:\\\/\\\/www.latribunedufaso.net\\\/?p=24212\"},\"author\":{\"name\":\"Issouf Tapsoba\",\"@id\":\"https:\\\/\\\/www.latribunedufaso.net\\\/#\\\/schema\\\/person\\\/e54e64c5778a7e72cf80a318b7a622b0\"},\"headline\":\"Fili\u00e8re anacarde :\u00a0Un projet financ\u00e9 par le FONRID dote les producteurs de plants d\u2019anacardier r\u00e9silients aux changements climatiques\u00a0\",\"datePublished\":\"2025-10-14T23:47:32+00:00\",\"dateModified\":\"2025-12-17T18:46:47+00:00\",\"mainEntityOfPage\":{\"@id\":\"https:\\\/\\\/www.latribunedufaso.net\\\/?p=24212\"},\"wordCount\":679,\"commentCount\":0,\"publisher\":{\"@id\":\"https:\\\/\\\/www.latribunedufaso.net\\\/#organization\"},\"image\":{\"@id\":\"https:\\\/\\\/www.latribunedufaso.net\\\/?p=24212#primaryimage\"},\"thumbnailUrl\":\"https:\\\/\\\/www.latribunedufaso.net\\\/wp-content\\\/uploads\\\/2025\\\/10\\\/IMG_20251014_101534_223-scaled.jpg\",\"keywords\":[\"changement climatique\",\"Comit\u00e9 interprofessionnel de l\u2019anacarde du Burkina Faso (CIA-B)\",\"Fili\u00e8re anacarde\",\"FONRID\",\"latribunedufaso.net\",\"Recherche et innovation\",\"recherche scientifique\"],\"articleSection\":[\"A la une\",\"Actualit\u00e9\",\"Agriculture\"],\"inLanguage\":\"fr-FR\",\"potentialAction\":[{\"@type\":\"CommentAction\",\"name\":\"Comment\",\"target\":[\"https:\\\/\\\/www.latribunedufaso.net\\\/?p=24212#respond\"]}]},{\"@type\":\"WebPage\",\"@id\":\"https:\\\/\\\/www.latribunedufaso.net\\\/?p=24212\",\"url\":\"https:\\\/\\\/www.latribunedufaso.net\\\/?p=24212\",\"name\":\"Fili\u00e8re anacarde :\u00a0Un projet financ\u00e9 par le FONRID dote les producteurs de plants d\u2019anacardier r\u00e9silients aux changements climatiques\u00a0 - La Tribune du Faso\",\"isPartOf\":{\"@id\":\"https:\\\/\\\/www.latribunedufaso.net\\\/#website\"},\"primaryImageOfPage\":{\"@id\":\"https:\\\/\\\/www.latribunedufaso.net\\\/?p=24212#primaryimage\"},\"image\":{\"@id\":\"https:\\\/\\\/www.latribunedufaso.net\\\/?p=24212#primaryimage\"},\"thumbnailUrl\":\"https:\\\/\\\/www.latribunedufaso.net\\\/wp-content\\\/uploads\\\/2025\\\/10\\\/IMG_20251014_101534_223-scaled.jpg\",\"datePublished\":\"2025-10-14T23:47:32+00:00\",\"dateModified\":\"2025-12-17T18:46:47+00:00\",\"breadcrumb\":{\"@id\":\"https:\\\/\\\/www.latribunedufaso.net\\\/?p=24212#breadcrumb\"},\"inLanguage\":\"fr-FR\",\"potentialAction\":[{\"@type\":\"ReadAction\",\"target\":[\"https:\\\/\\\/www.latribunedufaso.net\\\/?p=24212\"]}]},{\"@type\":\"ImageObject\",\"inLanguage\":\"fr-FR\",\"@id\":\"https:\\\/\\\/www.latribunedufaso.net\\\/?p=24212#primaryimage\",\"url\":\"https:\\\/\\\/www.latribunedufaso.net\\\/wp-content\\\/uploads\\\/2025\\\/10\\\/IMG_20251014_101534_223-scaled.jpg\",\"contentUrl\":\"https:\\\/\\\/www.latribunedufaso.net\\\/wp-content\\\/uploads\\\/2025\\\/10\\\/IMG_20251014_101534_223-scaled.jpg\",\"width\":2560,\"height\":1920,\"caption\":\"Une vue de la s\u00e9ance de travail de l'\u00e9quipe de coordination du projet avec le FONRID - Ph. I. Tapsoba\"},{\"@type\":\"BreadcrumbList\",\"@id\":\"https:\\\/\\\/www.latribunedufaso.net\\\/?p=24212#breadcrumb\",\"itemListElement\":[{\"@type\":\"ListItem\",\"position\":1,\"name\":\"Accueil\",\"item\":\"https:\\\/\\\/www.latribunedufaso.net\\\/\"},{\"@type\":\"ListItem\",\"position\":2,\"name\":\"Fili\u00e8re anacarde :\u00a0Un projet financ\u00e9 par le FONRID dote les producteurs de plants d\u2019anacardier r\u00e9silients aux changements climatiques\u00a0\"}]},{\"@type\":\"WebSite\",\"@id\":\"https:\\\/\\\/www.latribunedufaso.net\\\/#website\",\"url\":\"https:\\\/\\\/www.latribunedufaso.net\\\/\",\"name\":\"La Tribune du Faso\",\"description\":\"L&#039;information du monde rural en un clic\",\"publisher\":{\"@id\":\"https:\\\/\\\/www.latribunedufaso.net\\\/#organization\"},\"potentialAction\":[{\"@type\":\"SearchAction\",\"target\":{\"@type\":\"EntryPoint\",\"urlTemplate\":\"https:\\\/\\\/www.latribunedufaso.net\\\/?s={search_term_string}\"},\"query-input\":{\"@type\":\"PropertyValueSpecification\",\"valueRequired\":true,\"valueName\":\"search_term_string\"}}],\"inLanguage\":\"fr-FR\"},{\"@type\":\"Organization\",\"@id\":\"https:\\\/\\\/www.latribunedufaso.net\\\/#organization\",\"name\":\"La Tribune du Faso\",\"url\":\"https:\\\/\\\/www.latribunedufaso.net\\\/\",\"logo\":{\"@type\":\"ImageObject\",\"inLanguage\":\"fr-FR\",\"@id\":\"https:\\\/\\\/www.latribunedufaso.net\\\/#\\\/schema\\\/logo\\\/image\\\/\",\"url\":\"https:\\\/\\\/www.latribunedufaso.net\\\/wp-content\\\/uploads\\\/2020\\\/08\\\/Logo-Tribune-du-Faso-final-scaled.jpg\",\"contentUrl\":\"https:\\\/\\\/www.latribunedufaso.net\\\/wp-content\\\/uploads\\\/2020\\\/08\\\/Logo-Tribune-du-Faso-final-scaled.jpg\",\"width\":2560,\"height\":1856,\"caption\":\"La Tribune du Faso\"},\"image\":{\"@id\":\"https:\\\/\\\/www.latribunedufaso.net\\\/#\\\/schema\\\/logo\\\/image\\\/\"},\"sameAs\":[\"https:\\\/\\\/www.facebook.com\\\/LatribuneduFaso\\\/\"]},{\"@type\":\"Person\",\"@id\":\"https:\\\/\\\/www.latribunedufaso.net\\\/#\\\/schema\\\/person\\\/e54e64c5778a7e72cf80a318b7a622b0\",\"name\":\"Issouf Tapsoba\",\"image\":{\"@type\":\"ImageObject\",\"inLanguage\":\"fr-FR\",\"@id\":\"https:\\\/\\\/secure.gravatar.com\\\/avatar\\\/5e6c05150ce3230247d167f5b94d678eb05936197436d69b7921e3a95c9107ac?s=96&d=mm&r=g\",\"url\":\"https:\\\/\\\/secure.gravatar.com\\\/avatar\\\/5e6c05150ce3230247d167f5b94d678eb05936197436d69b7921e3a95c9107ac?s=96&d=mm&r=g\",\"contentUrl\":\"https:\\\/\\\/secure.gravatar.com\\\/avatar\\\/5e6c05150ce3230247d167f5b94d678eb05936197436d69b7921e3a95c9107ac?s=96&d=mm&r=g\",\"caption\":\"Issouf Tapsoba\"},\"url\":\"https:\\\/\\\/www.latribunedufaso.net\\\/?author=5\"}]}<\/script>\n<!-- \/ Yoast SEO plugin. -->","yoast_head_json":{"title":"Fili\u00e8re anacarde :\u00a0Un projet financ\u00e9 par le FONRID dote les producteurs de plants d\u2019anacardier r\u00e9silients aux changements climatiques\u00a0 - La Tribune du Faso","robots":{"index":"index","follow":"follow","max-snippet":"max-snippet:-1","max-image-preview":"max-image-preview:large","max-video-preview":"max-video-preview:-1"},"canonical":"https:\/\/www.latribunedufaso.net\/?p=24212","og_locale":"fr_FR","og_type":"article","og_title":"Fili\u00e8re anacarde :\u00a0Un projet financ\u00e9 par le FONRID dote les producteurs de plants d\u2019anacardier r\u00e9silients aux changements climatiques\u00a0 - La Tribune du Faso","og_description":"Dans le cadre du suivi-\u00e9valuation de ses projets, le Fonds national de la recherche et de l\u2019innovation pour le d\u00e9veloppement (FONRID) a rencontr\u00e9 des chercheurs \u00e0 Bobo-Dioulasso. Le 14 octobre 2025, l\u2019\u00e9quipe de mission a \u00e9valu\u00e9 la mise en \u0153uvre du projet de recherche : \u00ab Augmenter la productivit\u00e9 des anacardiers dans les vergers et les champs en agroforesterie face \u00e0 la s\u00e9cheresse dans le contexte du changement climatique dans les principales r\u00e9gions de production au Burkina Faso \u00bb.","og_url":"https:\/\/www.latribunedufaso.net\/?p=24212","og_site_name":"La Tribune du Faso","article_publisher":"https:\/\/www.facebook.com\/LatribuneduFaso\/","article_published_time":"2025-10-14T23:47:32+00:00","article_modified_time":"2025-12-17T18:46:47+00:00","og_image":[{"width":2560,"height":1920,"url":"https:\/\/www.latribunedufaso.net\/wp-content\/uploads\/2025\/10\/IMG_20251014_101534_223-scaled.jpg","type":"image\/jpeg"}],"author":"Issouf Tapsoba","twitter_misc":{"\u00c9crit par":"Issouf Tapsoba","Dur\u00e9e de lecture estim\u00e9e":"4 minutes"},"schema":{"@context":"https:\/\/schema.org","@graph":[{"@type":"Article","@id":"https:\/\/www.latribunedufaso.net\/?p=24212#article","isPartOf":{"@id":"https:\/\/www.latribunedufaso.net\/?p=24212"},"author":{"name":"Issouf Tapsoba","@id":"https:\/\/www.latribunedufaso.net\/#\/schema\/person\/e54e64c5778a7e72cf80a318b7a622b0"},"headline":"Fili\u00e8re anacarde :\u00a0Un projet financ\u00e9 par le FONRID dote les producteurs de plants d\u2019anacardier r\u00e9silients aux changements climatiques\u00a0","datePublished":"2025-10-14T23:47:32+00:00","dateModified":"2025-12-17T18:46:47+00:00","mainEntityOfPage":{"@id":"https:\/\/www.latribunedufaso.net\/?p=24212"},"wordCount":679,"commentCount":0,"publisher":{"@id":"https:\/\/www.latribunedufaso.net\/#organization"},"image":{"@id":"https:\/\/www.latribunedufaso.net\/?p=24212#primaryimage"},"thumbnailUrl":"https:\/\/www.latribunedufaso.net\/wp-content\/uploads\/2025\/10\/IMG_20251014_101534_223-scaled.jpg","keywords":["changement climatique","Comit\u00e9 interprofessionnel de l\u2019anacarde du Burkina Faso (CIA-B)","Fili\u00e8re anacarde","FONRID","latribunedufaso.net","Recherche et innovation","recherche scientifique"],"articleSection":["A la une","Actualit\u00e9","Agriculture"],"inLanguage":"fr-FR","potentialAction":[{"@type":"CommentAction","name":"Comment","target":["https:\/\/www.latribunedufaso.net\/?p=24212#respond"]}]},{"@type":"WebPage","@id":"https:\/\/www.latribunedufaso.net\/?p=24212","url":"https:\/\/www.latribunedufaso.net\/?p=24212","name":"Fili\u00e8re anacarde :\u00a0Un projet financ\u00e9 par le FONRID dote les producteurs de plants d\u2019anacardier r\u00e9silients aux changements climatiques\u00a0 - La Tribune du Faso","isPartOf":{"@id":"https:\/\/www.latribunedufaso.net\/#website"},"primaryImageOfPage":{"@id":"https:\/\/www.latribunedufaso.net\/?p=24212#primaryimage"},"image":{"@id":"https:\/\/www.latribunedufaso.net\/?p=24212#primaryimage"},"thumbnailUrl":"https:\/\/www.latribunedufaso.net\/wp-content\/uploads\/2025\/10\/IMG_20251014_101534_223-scaled.jpg","datePublished":"2025-10-14T23:47:32+00:00","dateModified":"2025-12-17T18:46:47+00:00","breadcrumb":{"@id":"https:\/\/www.latribunedufaso.net\/?p=24212#breadcrumb"},"inLanguage":"fr-FR","potentialAction":[{"@type":"ReadAction","target":["https:\/\/www.latribunedufaso.net\/?p=24212"]}]},{"@type":"ImageObject","inLanguage":"fr-FR","@id":"https:\/\/www.latribunedufaso.net\/?p=24212#primaryimage","url":"https:\/\/www.latribunedufaso.net\/wp-content\/uploads\/2025\/10\/IMG_20251014_101534_223-scaled.jpg","contentUrl":"https:\/\/www.latribunedufaso.net\/wp-content\/uploads\/2025\/10\/IMG_20251014_101534_223-scaled.jpg","width":2560,"height":1920,"caption":"Une vue de la s\u00e9ance de travail de l'\u00e9quipe de coordination du projet avec le FONRID - Ph. I. Tapsoba"},{"@type":"BreadcrumbList","@id":"https:\/\/www.latribunedufaso.net\/?p=24212#breadcrumb","itemListElement":[{"@type":"ListItem","position":1,"name":"Accueil","item":"https:\/\/www.latribunedufaso.net\/"},{"@type":"ListItem","position":2,"name":"Fili\u00e8re anacarde :\u00a0Un projet financ\u00e9 par le FONRID dote les producteurs de plants d\u2019anacardier r\u00e9silients aux changements climatiques\u00a0"}]},{"@type":"WebSite","@id":"https:\/\/www.latribunedufaso.net\/#website","url":"https:\/\/www.latribunedufaso.net\/","name":"La Tribune du Faso","description":"L&#039;information du monde rural en un clic","publisher":{"@id":"https:\/\/www.latribunedufaso.net\/#organization"},"potentialAction":[{"@type":"SearchAction","target":{"@type":"EntryPoint","urlTemplate":"https:\/\/www.latribunedufaso.net\/?s={search_term_string}"},"query-input":{"@type":"PropertyValueSpecification","valueRequired":true,"valueName":"search_term_string"}}],"inLanguage":"fr-FR"},{"@type":"Organization","@id":"https:\/\/www.latribunedufaso.net\/#organization","name":"La Tribune du Faso","url":"https:\/\/www.latribunedufaso.net\/","logo":{"@type":"ImageObject","inLanguage":"fr-FR","@id":"https:\/\/www.latribunedufaso.net\/#\/schema\/logo\/image\/","url":"https:\/\/www.latribunedufaso.net\/wp-content\/uploads\/2020\/08\/Logo-Tribune-du-Faso-final-scaled.jpg","contentUrl":"https:\/\/www.latribunedufaso.net\/wp-content\/uploads\/2020\/08\/Logo-Tribune-du-Faso-final-scaled.jpg","width":2560,"height":1856,"caption":"La Tribune du Faso"},"image":{"@id":"https:\/\/www.latribunedufaso.net\/#\/schema\/logo\/image\/"},"sameAs":["https:\/\/www.facebook.com\/LatribuneduFaso\/"]},{"@type":"Person","@id":"https:\/\/www.latribunedufaso.net\/#\/schema\/person\/e54e64c5778a7e72cf80a318b7a622b0","name":"Issouf Tapsoba","image":{"@type":"ImageObject","inLanguage":"fr-FR","@id":"https:\/\/secure.gravatar.com\/avatar\/5e6c05150ce3230247d167f5b94d678eb05936197436d69b7921e3a95c9107ac?s=96&d=mm&r=g","url":"https:\/\/secure.gravatar.com\/avatar\/5e6c05150ce3230247d167f5b94d678eb05936197436d69b7921e3a95c9107ac?s=96&d=mm&r=g","contentUrl":"https:\/\/secure.gravatar.com\/avatar\/5e6c05150ce3230247d167f5b94d678eb05936197436d69b7921e3a95c9107ac?s=96&d=mm&r=g","caption":"Issouf Tapsoba"},"url":"https:\/\/www.latribunedufaso.net\/?author=5"}]}},"_links":{"self":[{"href":"https:\/\/www.latribunedufaso.net\/index.php?rest_route=\/wp\/v2\/posts\/24212","targetHints":{"allow":["GET"]}}],"collection":[{"href":"https:\/\/www.latribunedufaso.net\/index.php?rest_route=\/wp\/v2\/posts"}],"about":[{"href":"https:\/\/www.latribunedufaso.net\/index.php?rest_route=\/wp\/v2\/types\/post"}],"author":[{"embeddable":true,"href":"https:\/\/www.latribunedufaso.net\/index.php?rest_route=\/wp\/v2\/users\/5"}],"replies":[{"embeddable":true,"href":"https:\/\/www.latribunedufaso.net\/index.php?rest_route=%2Fwp%2Fv2%2Fcomments&post=24212"}],"version-history":[{"count":6,"href":"https:\/\/www.latribunedufaso.net\/index.php?rest_route=\/wp\/v2\/posts\/24212\/revisions"}],"predecessor-version":[{"id":25852,"href":"https:\/\/www.latribunedufaso.net\/index.php?rest_route=\/wp\/v2\/posts\/24212\/revisions\/25852"}],"wp:featuredmedia":[{"embeddable":true,"href":"https:\/\/www.latribunedufaso.net\/index.php?rest_route=\/wp\/v2\/media\/24215"}],"wp:attachment":[{"href":"https:\/\/www.latribunedufaso.net\/index.php?rest_route=%2Fwp%2Fv2%2Fmedia&parent=24212"}],"wp:term":[{"taxonomy":"category","embeddable":true,"href":"https:\/\/www.latribunedufaso.net\/index.php?rest_route=%2Fwp%2Fv2%2Fcategories&post=24212"},{"taxonomy":"post_tag","embeddable":true,"href":"https:\/\/www.latribunedufaso.net\/index.php?rest_route=%2Fwp%2Fv2%2Ftags&post=24212"}],"curies":[{"name":"wp","href":"https:\/\/api.w.org\/{rel}","templated":true}]}}