{"id":24207,"date":"2025-10-15T07:55:12","date_gmt":"2025-10-15T07:55:12","guid":{"rendered":"https:\/\/www.latribunedufaso.net\/?p=24207"},"modified":"2025-12-17T18:45:34","modified_gmt":"2025-12-17T18:45:34","slug":"financement-recherche-fonrid-une-application-dintelligence-artificielle-developpee-pour-diagnostiquer-les-maladies-de-la-mangue-et-de-lanacarde","status":"publish","type":"post","link":"https:\/\/www.latribunedufaso.net\/?p=24207","title":{"rendered":"Financement recherche\/FONRID :\u00a0Une application d&rsquo;intelligence artificielle d\u00e9velopp\u00e9e pour diagnostiquer les maladies du manguier et de l\u2019anacardier"},"content":{"rendered":"<p><strong>Le Fonds national de la recherche et de l&rsquo;innovation pour le d\u00e9veloppement (FONRID) a proc\u00e9d\u00e9 \u00e0 l&rsquo;\u00e9valuation de la mise en \u0153uvre du projet de recherche intitul\u00e9 :<em> \u00ab Collecte des donn\u00e9es phytosanitaires et de rendement sur l&rsquo;anacardier et le manguier par l&rsquo;utilisation de l&rsquo;intelligence artificielle \u00bb<\/em>. La mission de suivi-\u00e9valuation dudit projet a eu lieu le 14 octobre 2025 \u00e0 Bobo-Dioulasso.<\/strong><!--more--><\/p>\n<p>Le projet, financ\u00e9 par le FONRID, porte sur la collecte de donn\u00e9es phytosanitaires du manguier et de l&rsquo;anacardier \u00e0 l&rsquo;aide de l&rsquo;intelligence artificielle. Le Dr Issa Wonni, Directeur de recherche en Phytopathologie \u00e0 la station de l&rsquo;INERA de Farakoba, est membre de l&rsquo;\u00e9quipe de coordination de cette initiative.<\/p>\n<h3>Des r\u00e9sultats concrets pour accro\u00eetre la productivit\u00e9\u00a0<\/h3>\n<p>L&rsquo;objectif g\u00e9n\u00e9ral de cette recherche est d&rsquo;am\u00e9liorer la production de mangue et d&rsquo;anacarde \u00e0 travers une gestion plus efficace des maladies. De fa\u00e7on sp\u00e9cifique, le projet visait \u00e0 d\u00e9tecter automatiquement les maladies et les ravageurs, \u00e0 proposer des recommandations sur les traitements phytosanitaires et \u00e0 pr\u00e9dire le rendement des vergers.<\/p>\n<figure id=\"attachment_24222\" aria-describedby=\"caption-attachment-24222\" style=\"width: 1080px\" class=\"wp-caption aligncenter\"><a href=\"https:\/\/www.latribunedufaso.net\/wp-content\/uploads\/2025\/10\/IMG-20251015-WA0031.jpg\"><img loading=\"lazy\" decoding=\"async\" class=\"size-full wp-image-24222\" src=\"https:\/\/www.latribunedufaso.net\/wp-content\/uploads\/2025\/10\/IMG-20251015-WA0031.jpg\" alt=\"Le FONRID a proc\u00e9d\u00e9 \u00e0 l'\u00e9valuation de la mise en \u0153uvre du projet des recherches \u00e0 Bobo, 14 octobre 2025\" width=\"1080\" height=\"607\" srcset=\"https:\/\/www.latribunedufaso.net\/wp-content\/uploads\/2025\/10\/IMG-20251015-WA0031.jpg 1080w, https:\/\/www.latribunedufaso.net\/wp-content\/uploads\/2025\/10\/IMG-20251015-WA0031-300x169.jpg 300w, https:\/\/www.latribunedufaso.net\/wp-content\/uploads\/2025\/10\/IMG-20251015-WA0031-1024x576.jpg 1024w, https:\/\/www.latribunedufaso.net\/wp-content\/uploads\/2025\/10\/IMG-20251015-WA0031-768x432.jpg 768w\" sizes=\"auto, (max-width: 1080px) 100vw, 1080px\" \/><\/a><figcaption id=\"caption-attachment-24222\" class=\"wp-caption-text\">Dr Issa Wonni, Directeur de recherche en Phytopathologie \u00e0 la station de l&rsquo;INERA de Farakoba, est membre de l&rsquo;\u00e9quipe de coordination de la recherche &#8211; Ph. I. Tapsoba<\/figcaption><\/figure>\n<p>Ex\u00e9cut\u00e9 sur une p\u00e9riode de 24 mois, le projet a d\u00e9j\u00e0 produit des r\u00e9sultats significatifs selon le Dr Issa Wonni. Les chercheurs ont mis au point une application capable de diagnostiquer les maladies et les ravageurs. Elle est disponible sur la <a href=\"https:\/\/ineraopendata.com\/\">plateforme Open Data de l&rsquo;INERA<\/a>. <em><strong>\u00ab Cette plateforme est au service des producteurs, des agents d&rsquo;agriculture, mais \u00e9galement des chercheurs qui peuvent y retrouver des images des maladies [et] des insectes qu&rsquo;ils peuvent utiliser \u00e0 d&rsquo;autres fins \u00bb<\/strong><\/em>, a-t-il pr\u00e9cis\u00e9.<\/p>\n<figure id=\"attachment_24225\" aria-describedby=\"caption-attachment-24225\" style=\"width: 2560px\" class=\"wp-caption aligncenter\"><a href=\"https:\/\/www.latribunedufaso.net\/wp-content\/uploads\/2025\/10\/IMG_20251014_095202_795-scaled.jpg\"><img loading=\"lazy\" decoding=\"async\" class=\"size-full wp-image-24225\" src=\"https:\/\/www.latribunedufaso.net\/wp-content\/uploads\/2025\/10\/IMG_20251014_095202_795-scaled.jpg\" alt=\"Le FONRID a proc\u00e9d\u00e9 \u00e0 l'\u00e9valuation de la mise en \u0153uvre du projet des recherches \u00e0 Bobo, 14 octobre 2025\" width=\"2560\" height=\"1920\" srcset=\"https:\/\/www.latribunedufaso.net\/wp-content\/uploads\/2025\/10\/IMG_20251014_095202_795-scaled.jpg 2560w, https:\/\/www.latribunedufaso.net\/wp-content\/uploads\/2025\/10\/IMG_20251014_095202_795-300x225.jpg 300w, https:\/\/www.latribunedufaso.net\/wp-content\/uploads\/2025\/10\/IMG_20251014_095202_795-1024x768.jpg 1024w, https:\/\/www.latribunedufaso.net\/wp-content\/uploads\/2025\/10\/IMG_20251014_095202_795-768x576.jpg 768w, https:\/\/www.latribunedufaso.net\/wp-content\/uploads\/2025\/10\/IMG_20251014_095202_795-1536x1152.jpg 1536w, https:\/\/www.latribunedufaso.net\/wp-content\/uploads\/2025\/10\/IMG_20251014_095202_795-2048x1536.jpg 2048w\" sizes=\"auto, (max-width: 2560px) 100vw, 2560px\" \/><\/a><figcaption id=\"caption-attachment-24225\" class=\"wp-caption-text\">Une vue de l&rsquo;\u00e9quipe de coordination du projet lors de la s\u00e9ance de travail &#8211; Ph. I. Tapsoba<\/figcaption><\/figure>\n<p>Le projet a permis de renforcer les capacit\u00e9s de 100 producteurs. Des \u00e9tudiants en master et doctorat ont \u00e9galement b\u00e9n\u00e9fici\u00e9 du projet en participant activement \u00e0 la collecte et \u00e0 l&rsquo;annotation des images n\u00e9cessaires au d\u00e9veloppement de l&rsquo;application.<\/p>\n<p>Cette recherche a \u00e9galement abouti \u00e0 la r\u00e9daction de drafts d&rsquo;articles scientifiques dont la publication est imminente.<\/p>\n<h3>Un bilan satisfaisant et un besoin de financement<\/h3>\n<p>En phase de cl\u00f4ture, le taux d&rsquo;ex\u00e9cution du projet est estim\u00e9 \u00e0 plus de 98%. Le seul volet restant \u00e0 d\u00e9velopper est celui de la pr\u00e9diction des rendements des vergers. Le Dr Issa Wonni a ainsi expliqu\u00e9 qu&rsquo;un financement compl\u00e9mentaire est n\u00e9cessaire pour finaliser cet aspect.<\/p>\n<figure id=\"attachment_24221\" aria-describedby=\"caption-attachment-24221\" style=\"width: 960px\" class=\"wp-caption aligncenter\"><a href=\"https:\/\/www.latribunedufaso.net\/wp-content\/uploads\/2025\/10\/IMG-20251015-WA0032_1.jpg\"><img loading=\"lazy\" decoding=\"async\" class=\"size-full wp-image-24221\" src=\"https:\/\/www.latribunedufaso.net\/wp-content\/uploads\/2025\/10\/IMG-20251015-WA0032_1.jpg\" alt=\"Dans le cadre du suivi-\u00e9valuation de ses projets, le FONRID a rencontr\u00e9 des chercheurs \u00e0 Bobo-Dioulasso, 14 octobre 2025\" width=\"960\" height=\"540\" srcset=\"https:\/\/www.latribunedufaso.net\/wp-content\/uploads\/2025\/10\/IMG-20251015-WA0032_1.jpg 960w, https:\/\/www.latribunedufaso.net\/wp-content\/uploads\/2025\/10\/IMG-20251015-WA0032_1-300x169.jpg 300w, https:\/\/www.latribunedufaso.net\/wp-content\/uploads\/2025\/10\/IMG-20251015-WA0032_1-768x432.jpg 768w\" sizes=\"auto, (max-width: 960px) 100vw, 960px\" \/><\/a><figcaption id=\"caption-attachment-24221\" class=\"wp-caption-text\">Le Chef du service suivi-\u00e9valuation du FONRID, Ardiouma Coulibaly &#8211; Ph. I. Tapsoba<\/figcaption><\/figure>\n<p>\u00c0 l&rsquo;issue de l&rsquo;\u00e9valuation, le Chef de service de suivi-\u00e9valuation du FONRID, Ardiouma Coulibaly, a exprim\u00e9 sa satisfaction : <em><strong>\u00ab Le projet a \u00e9t\u00e9 correctement ex\u00e9cut\u00e9. Le taux d&rsquo;ex\u00e9cution est satisfaisant. Nous f\u00e9licitons l&rsquo;\u00e9quipe de mise en \u0153uvre. \u00bb<\/strong><\/em><\/p>\n<blockquote>\n<p>Lire aussi &gt;&gt; <a href=\"https:\/\/www.latribunedufaso.net\/?p=24212\">Fili\u00e8re anacarde : Un projet financ\u00e9 par le FONRID dote les producteurs de plants d\u2019anacardier r\u00e9silients aux changements climatiques<\/a><\/p>\n<\/blockquote>\n<p><iframe loading=\"lazy\" width=\"560\" height=\"315\" src=\"https:\/\/www.youtube.com\/embed\/YPEDDJCzBqU?si=JFQg86QYU1McGpsq\" title=\"YouTube video player\" frameborder=\"0\" allow=\"accelerometer; autoplay; clipboard-write; encrypted-media; gyroscope; picture-in-picture; web-share\" referrerpolicy=\"strict-origin-when-cross-origin\" allowfullscreen><\/iframe><\/p>\n<p>Pour rappel, cette recherche a \u00e9t\u00e9 r\u00e9alis\u00e9e gr\u00e2ce au financement du FONRID, en collaboration avec le Centre de recherches pour le d\u00e9veloppement international (CRDI).<\/p>\n<p><strong>Issouf TAPSOBA\u00a0<\/strong><\/p>\n<p><strong>Latribunedufaso.net<\/strong><\/p>\n","protected":false},"excerpt":{"rendered":"<p>Le Fonds national de la recherche et de l&rsquo;innovation pour le d\u00e9veloppement (FONRID) a proc\u00e9d\u00e9 \u00e0 l&rsquo;\u00e9valuation de la mise en \u0153uvre du projet de recherche intitul\u00e9 : \u00ab Collecte des donn\u00e9es phytosanitaires et de rendement sur l&rsquo;anacardier et le manguier par l&rsquo;utilisation de l&rsquo;intelligence artificielle \u00bb. La mission de suivi-\u00e9valuation dudit projet a eu lieu le 14 octobre 2025 \u00e0 Bobo-Dioulasso.<\/p>\n","protected":false},"author":5,"featured_media":24225,"comment_status":"open","ping_status":"open","sticky":false,"template":"","format":"standard","meta":{"footnotes":""},"categories":[13,1,3],"tags":[1657,1656,1113,39,1571,175],"class_list":["post-24207","post","type-post","status-publish","format-standard","has-post-thumbnail","hentry","category-une","category-actu","category-agri","tag-collecte-des-donnees-phytosanitaires-du-manguier-et-de-lanacardier-avec-lia","tag-fonrid","tag-inera","tag-latribunedufaso-net","tag-recherche-et-innovation","tag-recherche-scientifique"],"yoast_head":"<!-- This site is optimized with the Yoast SEO plugin v27.4 - https:\/\/yoast.com\/product\/yoast-seo-wordpress\/ -->\n<title>Financement recherche\/FONRID :\u00a0Une application d&#039;intelligence artificielle d\u00e9velopp\u00e9e pour diagnostiquer les maladies du manguier et de l\u2019anacardier - La Tribune du Faso<\/title>\n<meta name=\"robots\" content=\"index, follow, max-snippet:-1, max-image-preview:large, max-video-preview:-1\" \/>\n<link rel=\"canonical\" href=\"https:\/\/www.latribunedufaso.net\/?p=24207\" \/>\n<meta property=\"og:locale\" content=\"fr_FR\" \/>\n<meta property=\"og:type\" content=\"article\" \/>\n<meta property=\"og:title\" content=\"Financement recherche\/FONRID :\u00a0Une application d&#039;intelligence artificielle d\u00e9velopp\u00e9e pour diagnostiquer les maladies du manguier et de l\u2019anacardier - La Tribune du Faso\" \/>\n<meta property=\"og:description\" content=\"Le Fonds national de la recherche et de l&rsquo;innovation pour le d\u00e9veloppement (FONRID) a proc\u00e9d\u00e9 \u00e0 l&rsquo;\u00e9valuation de la mise en \u0153uvre du projet de recherche intitul\u00e9 : \u00ab Collecte des donn\u00e9es phytosanitaires et de rendement sur l&rsquo;anacardier et le manguier par l&rsquo;utilisation de l&rsquo;intelligence artificielle \u00bb. La mission de suivi-\u00e9valuation dudit projet a eu lieu le 14 octobre 2025 \u00e0 Bobo-Dioulasso.\" \/>\n<meta property=\"og:url\" content=\"https:\/\/www.latribunedufaso.net\/?p=24207\" \/>\n<meta property=\"og:site_name\" content=\"La Tribune du Faso\" \/>\n<meta property=\"article:publisher\" content=\"https:\/\/www.facebook.com\/LatribuneduFaso\/\" \/>\n<meta property=\"article:published_time\" content=\"2025-10-15T07:55:12+00:00\" \/>\n<meta property=\"article:modified_time\" content=\"2025-12-17T18:45:34+00:00\" \/>\n<meta property=\"og:image\" content=\"https:\/\/www.latribunedufaso.net\/wp-content\/uploads\/2025\/10\/IMG_20251014_095202_795-scaled.jpg\" \/>\n\t<meta property=\"og:image:width\" content=\"2560\" \/>\n\t<meta property=\"og:image:height\" content=\"1920\" \/>\n\t<meta property=\"og:image:type\" content=\"image\/jpeg\" \/>\n<meta name=\"author\" content=\"Issouf Tapsoba\" \/>\n<meta name=\"twitter:label1\" content=\"\u00c9crit par\" \/>\n\t<meta name=\"twitter:data1\" content=\"Issouf Tapsoba\" \/>\n\t<meta name=\"twitter:label2\" content=\"Dur\u00e9e de lecture estim\u00e9e\" \/>\n\t<meta name=\"twitter:data2\" content=\"4 minutes\" \/>\n<script type=\"application\/ld+json\" class=\"yoast-schema-graph\">{\"@context\":\"https:\\\/\\\/schema.org\",\"@graph\":[{\"@type\":\"Article\",\"@id\":\"https:\\\/\\\/www.latribunedufaso.net\\\/?p=24207#article\",\"isPartOf\":{\"@id\":\"https:\\\/\\\/www.latribunedufaso.net\\\/?p=24207\"},\"author\":{\"name\":\"Issouf Tapsoba\",\"@id\":\"https:\\\/\\\/www.latribunedufaso.net\\\/#\\\/schema\\\/person\\\/e54e64c5778a7e72cf80a318b7a622b0\"},\"headline\":\"Financement recherche\\\/FONRID :\u00a0Une application d&rsquo;intelligence artificielle d\u00e9velopp\u00e9e pour diagnostiquer les maladies du manguier et de l\u2019anacardier\",\"datePublished\":\"2025-10-15T07:55:12+00:00\",\"dateModified\":\"2025-12-17T18:45:34+00:00\",\"mainEntityOfPage\":{\"@id\":\"https:\\\/\\\/www.latribunedufaso.net\\\/?p=24207\"},\"wordCount\":591,\"commentCount\":0,\"publisher\":{\"@id\":\"https:\\\/\\\/www.latribunedufaso.net\\\/#organization\"},\"image\":{\"@id\":\"https:\\\/\\\/www.latribunedufaso.net\\\/?p=24207#primaryimage\"},\"thumbnailUrl\":\"https:\\\/\\\/www.latribunedufaso.net\\\/wp-content\\\/uploads\\\/2025\\\/10\\\/IMG_20251014_095202_795-scaled.jpg\",\"keywords\":[\"Collecte des donn\u00e9es phytosanitaires du manguier et de l'anacardier avec l'IA\",\"FONRID\",\"INERA\",\"latribunedufaso.net\",\"Recherche et innovation\",\"recherche scientifique\"],\"articleSection\":[\"A la une\",\"Actualit\u00e9\",\"Agriculture\"],\"inLanguage\":\"fr-FR\",\"potentialAction\":[{\"@type\":\"CommentAction\",\"name\":\"Comment\",\"target\":[\"https:\\\/\\\/www.latribunedufaso.net\\\/?p=24207#respond\"]}]},{\"@type\":\"WebPage\",\"@id\":\"https:\\\/\\\/www.latribunedufaso.net\\\/?p=24207\",\"url\":\"https:\\\/\\\/www.latribunedufaso.net\\\/?p=24207\",\"name\":\"Financement recherche\\\/FONRID :\u00a0Une application d'intelligence artificielle d\u00e9velopp\u00e9e pour diagnostiquer les maladies du manguier et de l\u2019anacardier - La Tribune du Faso\",\"isPartOf\":{\"@id\":\"https:\\\/\\\/www.latribunedufaso.net\\\/#website\"},\"primaryImageOfPage\":{\"@id\":\"https:\\\/\\\/www.latribunedufaso.net\\\/?p=24207#primaryimage\"},\"image\":{\"@id\":\"https:\\\/\\\/www.latribunedufaso.net\\\/?p=24207#primaryimage\"},\"thumbnailUrl\":\"https:\\\/\\\/www.latribunedufaso.net\\\/wp-content\\\/uploads\\\/2025\\\/10\\\/IMG_20251014_095202_795-scaled.jpg\",\"datePublished\":\"2025-10-15T07:55:12+00:00\",\"dateModified\":\"2025-12-17T18:45:34+00:00\",\"breadcrumb\":{\"@id\":\"https:\\\/\\\/www.latribunedufaso.net\\\/?p=24207#breadcrumb\"},\"inLanguage\":\"fr-FR\",\"potentialAction\":[{\"@type\":\"ReadAction\",\"target\":[\"https:\\\/\\\/www.latribunedufaso.net\\\/?p=24207\"]}]},{\"@type\":\"ImageObject\",\"inLanguage\":\"fr-FR\",\"@id\":\"https:\\\/\\\/www.latribunedufaso.net\\\/?p=24207#primaryimage\",\"url\":\"https:\\\/\\\/www.latribunedufaso.net\\\/wp-content\\\/uploads\\\/2025\\\/10\\\/IMG_20251014_095202_795-scaled.jpg\",\"contentUrl\":\"https:\\\/\\\/www.latribunedufaso.net\\\/wp-content\\\/uploads\\\/2025\\\/10\\\/IMG_20251014_095202_795-scaled.jpg\",\"width\":2560,\"height\":1920,\"caption\":\"Une vue de l'\u00e9quipe de coordination du projet lors de la s\u00e9ance de travail - Ph. I. Tapsoba\"},{\"@type\":\"BreadcrumbList\",\"@id\":\"https:\\\/\\\/www.latribunedufaso.net\\\/?p=24207#breadcrumb\",\"itemListElement\":[{\"@type\":\"ListItem\",\"position\":1,\"name\":\"Accueil\",\"item\":\"https:\\\/\\\/www.latribunedufaso.net\\\/\"},{\"@type\":\"ListItem\",\"position\":2,\"name\":\"Financement recherche\\\/FONRID :\u00a0Une application d&rsquo;intelligence artificielle d\u00e9velopp\u00e9e pour diagnostiquer les maladies du manguier et de l\u2019anacardier\"}]},{\"@type\":\"WebSite\",\"@id\":\"https:\\\/\\\/www.latribunedufaso.net\\\/#website\",\"url\":\"https:\\\/\\\/www.latribunedufaso.net\\\/\",\"name\":\"La Tribune du Faso\",\"description\":\"L&#039;information du monde rural en un clic\",\"publisher\":{\"@id\":\"https:\\\/\\\/www.latribunedufaso.net\\\/#organization\"},\"potentialAction\":[{\"@type\":\"SearchAction\",\"target\":{\"@type\":\"EntryPoint\",\"urlTemplate\":\"https:\\\/\\\/www.latribunedufaso.net\\\/?s={search_term_string}\"},\"query-input\":{\"@type\":\"PropertyValueSpecification\",\"valueRequired\":true,\"valueName\":\"search_term_string\"}}],\"inLanguage\":\"fr-FR\"},{\"@type\":\"Organization\",\"@id\":\"https:\\\/\\\/www.latribunedufaso.net\\\/#organization\",\"name\":\"La Tribune du Faso\",\"url\":\"https:\\\/\\\/www.latribunedufaso.net\\\/\",\"logo\":{\"@type\":\"ImageObject\",\"inLanguage\":\"fr-FR\",\"@id\":\"https:\\\/\\\/www.latribunedufaso.net\\\/#\\\/schema\\\/logo\\\/image\\\/\",\"url\":\"https:\\\/\\\/www.latribunedufaso.net\\\/wp-content\\\/uploads\\\/2020\\\/08\\\/Logo-Tribune-du-Faso-final-scaled.jpg\",\"contentUrl\":\"https:\\\/\\\/www.latribunedufaso.net\\\/wp-content\\\/uploads\\\/2020\\\/08\\\/Logo-Tribune-du-Faso-final-scaled.jpg\",\"width\":2560,\"height\":1856,\"caption\":\"La Tribune du Faso\"},\"image\":{\"@id\":\"https:\\\/\\\/www.latribunedufaso.net\\\/#\\\/schema\\\/logo\\\/image\\\/\"},\"sameAs\":[\"https:\\\/\\\/www.facebook.com\\\/LatribuneduFaso\\\/\"]},{\"@type\":\"Person\",\"@id\":\"https:\\\/\\\/www.latribunedufaso.net\\\/#\\\/schema\\\/person\\\/e54e64c5778a7e72cf80a318b7a622b0\",\"name\":\"Issouf Tapsoba\",\"image\":{\"@type\":\"ImageObject\",\"inLanguage\":\"fr-FR\",\"@id\":\"https:\\\/\\\/secure.gravatar.com\\\/avatar\\\/5e6c05150ce3230247d167f5b94d678eb05936197436d69b7921e3a95c9107ac?s=96&d=mm&r=g\",\"url\":\"https:\\\/\\\/secure.gravatar.com\\\/avatar\\\/5e6c05150ce3230247d167f5b94d678eb05936197436d69b7921e3a95c9107ac?s=96&d=mm&r=g\",\"contentUrl\":\"https:\\\/\\\/secure.gravatar.com\\\/avatar\\\/5e6c05150ce3230247d167f5b94d678eb05936197436d69b7921e3a95c9107ac?s=96&d=mm&r=g\",\"caption\":\"Issouf Tapsoba\"},\"url\":\"https:\\\/\\\/www.latribunedufaso.net\\\/?author=5\"}]}<\/script>\n<!-- \/ Yoast SEO plugin. -->","yoast_head_json":{"title":"Financement recherche\/FONRID :\u00a0Une application d'intelligence artificielle d\u00e9velopp\u00e9e pour diagnostiquer les maladies du manguier et de l\u2019anacardier - La Tribune du Faso","robots":{"index":"index","follow":"follow","max-snippet":"max-snippet:-1","max-image-preview":"max-image-preview:large","max-video-preview":"max-video-preview:-1"},"canonical":"https:\/\/www.latribunedufaso.net\/?p=24207","og_locale":"fr_FR","og_type":"article","og_title":"Financement recherche\/FONRID :\u00a0Une application d'intelligence artificielle d\u00e9velopp\u00e9e pour diagnostiquer les maladies du manguier et de l\u2019anacardier - La Tribune du Faso","og_description":"Le Fonds national de la recherche et de l&rsquo;innovation pour le d\u00e9veloppement (FONRID) a proc\u00e9d\u00e9 \u00e0 l&rsquo;\u00e9valuation de la mise en \u0153uvre du projet de recherche intitul\u00e9 : \u00ab Collecte des donn\u00e9es phytosanitaires et de rendement sur l&rsquo;anacardier et le manguier par l&rsquo;utilisation de l&rsquo;intelligence artificielle \u00bb. La mission de suivi-\u00e9valuation dudit projet a eu lieu le 14 octobre 2025 \u00e0 Bobo-Dioulasso.","og_url":"https:\/\/www.latribunedufaso.net\/?p=24207","og_site_name":"La Tribune du Faso","article_publisher":"https:\/\/www.facebook.com\/LatribuneduFaso\/","article_published_time":"2025-10-15T07:55:12+00:00","article_modified_time":"2025-12-17T18:45:34+00:00","og_image":[{"width":2560,"height":1920,"url":"https:\/\/www.latribunedufaso.net\/wp-content\/uploads\/2025\/10\/IMG_20251014_095202_795-scaled.jpg","type":"image\/jpeg"}],"author":"Issouf Tapsoba","twitter_misc":{"\u00c9crit par":"Issouf Tapsoba","Dur\u00e9e de lecture estim\u00e9e":"4 minutes"},"schema":{"@context":"https:\/\/schema.org","@graph":[{"@type":"Article","@id":"https:\/\/www.latribunedufaso.net\/?p=24207#article","isPartOf":{"@id":"https:\/\/www.latribunedufaso.net\/?p=24207"},"author":{"name":"Issouf Tapsoba","@id":"https:\/\/www.latribunedufaso.net\/#\/schema\/person\/e54e64c5778a7e72cf80a318b7a622b0"},"headline":"Financement recherche\/FONRID :\u00a0Une application d&rsquo;intelligence artificielle d\u00e9velopp\u00e9e pour diagnostiquer les maladies du manguier et de l\u2019anacardier","datePublished":"2025-10-15T07:55:12+00:00","dateModified":"2025-12-17T18:45:34+00:00","mainEntityOfPage":{"@id":"https:\/\/www.latribunedufaso.net\/?p=24207"},"wordCount":591,"commentCount":0,"publisher":{"@id":"https:\/\/www.latribunedufaso.net\/#organization"},"image":{"@id":"https:\/\/www.latribunedufaso.net\/?p=24207#primaryimage"},"thumbnailUrl":"https:\/\/www.latribunedufaso.net\/wp-content\/uploads\/2025\/10\/IMG_20251014_095202_795-scaled.jpg","keywords":["Collecte des donn\u00e9es phytosanitaires du manguier et de l'anacardier avec l'IA","FONRID","INERA","latribunedufaso.net","Recherche et innovation","recherche scientifique"],"articleSection":["A la une","Actualit\u00e9","Agriculture"],"inLanguage":"fr-FR","potentialAction":[{"@type":"CommentAction","name":"Comment","target":["https:\/\/www.latribunedufaso.net\/?p=24207#respond"]}]},{"@type":"WebPage","@id":"https:\/\/www.latribunedufaso.net\/?p=24207","url":"https:\/\/www.latribunedufaso.net\/?p=24207","name":"Financement recherche\/FONRID :\u00a0Une application d'intelligence artificielle d\u00e9velopp\u00e9e pour diagnostiquer les maladies du manguier et de l\u2019anacardier - La Tribune du Faso","isPartOf":{"@id":"https:\/\/www.latribunedufaso.net\/#website"},"primaryImageOfPage":{"@id":"https:\/\/www.latribunedufaso.net\/?p=24207#primaryimage"},"image":{"@id":"https:\/\/www.latribunedufaso.net\/?p=24207#primaryimage"},"thumbnailUrl":"https:\/\/www.latribunedufaso.net\/wp-content\/uploads\/2025\/10\/IMG_20251014_095202_795-scaled.jpg","datePublished":"2025-10-15T07:55:12+00:00","dateModified":"2025-12-17T18:45:34+00:00","breadcrumb":{"@id":"https:\/\/www.latribunedufaso.net\/?p=24207#breadcrumb"},"inLanguage":"fr-FR","potentialAction":[{"@type":"ReadAction","target":["https:\/\/www.latribunedufaso.net\/?p=24207"]}]},{"@type":"ImageObject","inLanguage":"fr-FR","@id":"https:\/\/www.latribunedufaso.net\/?p=24207#primaryimage","url":"https:\/\/www.latribunedufaso.net\/wp-content\/uploads\/2025\/10\/IMG_20251014_095202_795-scaled.jpg","contentUrl":"https:\/\/www.latribunedufaso.net\/wp-content\/uploads\/2025\/10\/IMG_20251014_095202_795-scaled.jpg","width":2560,"height":1920,"caption":"Une vue de l'\u00e9quipe de coordination du projet lors de la s\u00e9ance de travail - Ph. I. Tapsoba"},{"@type":"BreadcrumbList","@id":"https:\/\/www.latribunedufaso.net\/?p=24207#breadcrumb","itemListElement":[{"@type":"ListItem","position":1,"name":"Accueil","item":"https:\/\/www.latribunedufaso.net\/"},{"@type":"ListItem","position":2,"name":"Financement recherche\/FONRID :\u00a0Une application d&rsquo;intelligence artificielle d\u00e9velopp\u00e9e pour diagnostiquer les maladies du manguier et de l\u2019anacardier"}]},{"@type":"WebSite","@id":"https:\/\/www.latribunedufaso.net\/#website","url":"https:\/\/www.latribunedufaso.net\/","name":"La Tribune du Faso","description":"L&#039;information du monde rural en un clic","publisher":{"@id":"https:\/\/www.latribunedufaso.net\/#organization"},"potentialAction":[{"@type":"SearchAction","target":{"@type":"EntryPoint","urlTemplate":"https:\/\/www.latribunedufaso.net\/?s={search_term_string}"},"query-input":{"@type":"PropertyValueSpecification","valueRequired":true,"valueName":"search_term_string"}}],"inLanguage":"fr-FR"},{"@type":"Organization","@id":"https:\/\/www.latribunedufaso.net\/#organization","name":"La Tribune du Faso","url":"https:\/\/www.latribunedufaso.net\/","logo":{"@type":"ImageObject","inLanguage":"fr-FR","@id":"https:\/\/www.latribunedufaso.net\/#\/schema\/logo\/image\/","url":"https:\/\/www.latribunedufaso.net\/wp-content\/uploads\/2020\/08\/Logo-Tribune-du-Faso-final-scaled.jpg","contentUrl":"https:\/\/www.latribunedufaso.net\/wp-content\/uploads\/2020\/08\/Logo-Tribune-du-Faso-final-scaled.jpg","width":2560,"height":1856,"caption":"La Tribune du Faso"},"image":{"@id":"https:\/\/www.latribunedufaso.net\/#\/schema\/logo\/image\/"},"sameAs":["https:\/\/www.facebook.com\/LatribuneduFaso\/"]},{"@type":"Person","@id":"https:\/\/www.latribunedufaso.net\/#\/schema\/person\/e54e64c5778a7e72cf80a318b7a622b0","name":"Issouf Tapsoba","image":{"@type":"ImageObject","inLanguage":"fr-FR","@id":"https:\/\/secure.gravatar.com\/avatar\/5e6c05150ce3230247d167f5b94d678eb05936197436d69b7921e3a95c9107ac?s=96&d=mm&r=g","url":"https:\/\/secure.gravatar.com\/avatar\/5e6c05150ce3230247d167f5b94d678eb05936197436d69b7921e3a95c9107ac?s=96&d=mm&r=g","contentUrl":"https:\/\/secure.gravatar.com\/avatar\/5e6c05150ce3230247d167f5b94d678eb05936197436d69b7921e3a95c9107ac?s=96&d=mm&r=g","caption":"Issouf Tapsoba"},"url":"https:\/\/www.latribunedufaso.net\/?author=5"}]}},"_links":{"self":[{"href":"https:\/\/www.latribunedufaso.net\/index.php?rest_route=\/wp\/v2\/posts\/24207","targetHints":{"allow":["GET"]}}],"collection":[{"href":"https:\/\/www.latribunedufaso.net\/index.php?rest_route=\/wp\/v2\/posts"}],"about":[{"href":"https:\/\/www.latribunedufaso.net\/index.php?rest_route=\/wp\/v2\/types\/post"}],"author":[{"embeddable":true,"href":"https:\/\/www.latribunedufaso.net\/index.php?rest_route=\/wp\/v2\/users\/5"}],"replies":[{"embeddable":true,"href":"https:\/\/www.latribunedufaso.net\/index.php?rest_route=%2Fwp%2Fv2%2Fcomments&post=24207"}],"version-history":[{"count":8,"href":"https:\/\/www.latribunedufaso.net\/index.php?rest_route=\/wp\/v2\/posts\/24207\/revisions"}],"predecessor-version":[{"id":25851,"href":"https:\/\/www.latribunedufaso.net\/index.php?rest_route=\/wp\/v2\/posts\/24207\/revisions\/25851"}],"wp:featuredmedia":[{"embeddable":true,"href":"https:\/\/www.latribunedufaso.net\/index.php?rest_route=\/wp\/v2\/media\/24225"}],"wp:attachment":[{"href":"https:\/\/www.latribunedufaso.net\/index.php?rest_route=%2Fwp%2Fv2%2Fmedia&parent=24207"}],"wp:term":[{"taxonomy":"category","embeddable":true,"href":"https:\/\/www.latribunedufaso.net\/index.php?rest_route=%2Fwp%2Fv2%2Fcategories&post=24207"},{"taxonomy":"post_tag","embeddable":true,"href":"https:\/\/www.latribunedufaso.net\/index.php?rest_route=%2Fwp%2Fv2%2Ftags&post=24207"}],"curies":[{"name":"wp","href":"https:\/\/api.w.org\/{rel}","templated":true}]}}