{"id":24140,"date":"2025-10-11T21:32:42","date_gmt":"2025-10-11T21:32:42","guid":{"rendered":"https:\/\/www.latribunedufaso.net\/?p=24140"},"modified":"2025-10-11T21:32:42","modified_gmt":"2025-10-11T21:32:42","slug":"eliminatoires-coupe-du-monde-2026-lethiopie-jouera-pour-la-fierte-de-sa-nation-face-au-burkina-faso","status":"publish","type":"post","link":"https:\/\/www.latribunedufaso.net\/?p=24140","title":{"rendered":"\u200e\u00c9liminatoires Coupe du Monde 2026 : L&rsquo;\u00c9thiopie jouera pour la fiert\u00e9 de sa nation face au Burkina Faso"},"content":{"rendered":"<p><strong>\u00c0 la veille du match opposant le Burkina Faso \u00e0 l&rsquo;\u00c9thiopie, dans le cadre de la 10e journ\u00e9e des \u00c9liminatoires de la Coupe du Monde 2026, le capitaine de l&rsquo;\u00e9quipe \u00e9thiopienne, James Rankel, a anim\u00e9 la traditionnelle conf\u00e9rence de presse d&rsquo;avant-match, ce 11 octobre 2025 \u00e0 Ouagadougou.<\/strong><!--more--><\/p>\n<p>\u200eJames Rankel a d&rsquo;abord exprim\u00e9 sa satisfaction d&rsquo;effectuer le d\u00e9placement \u00e0 Ouagadougou.\u00a0<\/p>\n<p>\u200eConcernant la rencontre de demain, le capitaine \u00e9thiopien s&rsquo;est montr\u00e9 lucide face \u00e0 l&rsquo;adversit\u00e9 : <em><strong>\u00ab Nous reconnaissons que le Burkina est une grande \u00e9quipe. Ils ont de grands joueurs. Ce ne sera pas un match facile. \u00bb\u00a0<\/strong><\/em><\/p>\n<p>\u200eCependant, il a tenu \u00e0 souligner que le verdict serait rendu sur le terrain : <em><strong>\u00ab Le jeu se jouera pendant les 90 minutes. C&rsquo;est \u00e0 l&rsquo;issue du match qu&rsquo;on pourra juger, car je ne saurais faire de pr\u00e9dictions. Demain, on verra. \u00bb<\/strong><\/em><\/p>\n<figure id=\"attachment_24143\" aria-describedby=\"caption-attachment-24143\" style=\"width: 2560px\" class=\"wp-caption aligncenter\"><a href=\"https:\/\/www.latribunedufaso.net\/wp-content\/uploads\/2025\/10\/IMG_20251011_184415_378-scaled.jpg\"><img loading=\"lazy\" decoding=\"async\" class=\"size-full wp-image-24143\" src=\"https:\/\/www.latribunedufaso.net\/wp-content\/uploads\/2025\/10\/IMG_20251011_184415_378-scaled.jpg\" alt=\"Conf\u00e9rence de presse d'avant match de l'\u00c9thiopie, 11 octobre 2025\" width=\"2560\" height=\"1920\" srcset=\"https:\/\/www.latribunedufaso.net\/wp-content\/uploads\/2025\/10\/IMG_20251011_184415_378-scaled.jpg 2560w, https:\/\/www.latribunedufaso.net\/wp-content\/uploads\/2025\/10\/IMG_20251011_184415_378-300x225.jpg 300w, https:\/\/www.latribunedufaso.net\/wp-content\/uploads\/2025\/10\/IMG_20251011_184415_378-1024x768.jpg 1024w, https:\/\/www.latribunedufaso.net\/wp-content\/uploads\/2025\/10\/IMG_20251011_184415_378-768x576.jpg 768w, https:\/\/www.latribunedufaso.net\/wp-content\/uploads\/2025\/10\/IMG_20251011_184415_378-1536x1152.jpg 1536w, https:\/\/www.latribunedufaso.net\/wp-content\/uploads\/2025\/10\/IMG_20251011_184415_378-2048x1536.jpg 2048w\" sizes=\"auto, (max-width: 2560px) 100vw, 2560px\" \/><\/a><figcaption id=\"caption-attachment-24143\" class=\"wp-caption-text\">Le capitaine de l&rsquo;\u00e9quipe \u00e9thiopienne, James Rankel &#8211; Ph. I. Tapsoba<\/figcaption><\/figure>\n<p>\u200eMalgr\u00e9 l&rsquo;\u00e9limination de son \u00e9quipe, James Rankel a insist\u00e9 sur la motivation de ses co\u00e9quipiers. <em><strong>\u00ab Bien que nous soyons d\u00e9j\u00e0 disqualifi\u00e9s, nous jouons pour la fiert\u00e9 de notre nation et pour celle de nos familles. Nous repr\u00e9sentons ici plus de 120 millions de personnes. Notre victoire, m\u00eame sans enjeu de qualification, serait une immense fiert\u00e9 pour eux, et c&rsquo;est pour cela que nous allons nous donner \u00e0 fond \u00bb,<\/strong><\/em> a-t-il indiqu\u00e9.<\/p>\n<p><strong>\u200eIssouf TAPSOBA\u00a0<\/strong><\/p>\n<p><strong>\u200eLatribunedufaso.net<\/strong><\/p>\n","protected":false},"excerpt":{"rendered":"<p>\u00c0 la veille du match opposant le Burkina Faso \u00e0 l&rsquo;\u00c9thiopie, dans le cadre de la 10e journ\u00e9e des \u00c9liminatoires de la Coupe du Monde 2026, le capitaine de l&rsquo;\u00e9quipe \u00e9thiopienne, James Rankel, a anim\u00e9 la traditionnelle conf\u00e9rence de presse d&rsquo;avant-match, ce 11 octobre 2025 \u00e0 Ouagadougou.<\/p>\n","protected":false},"author":5,"featured_media":24142,"comment_status":"open","ping_status":"open","sticky":false,"template":"","format":"standard","meta":{"footnotes":""},"categories":[13,1,17],"tags":[782,39,1642],"class_list":["post-24140","post","type-post","status-publish","format-standard","has-post-thumbnail","hentry","category-une","category-actu","category-sport","tag-eliminatoires-coupe-du-monde-2026","tag-latribunedufaso-net","tag-match-burkina-ethiopie"],"yoast_head":"<!-- This site is optimized with the Yoast SEO plugin v27.4 - https:\/\/yoast.com\/product\/yoast-seo-wordpress\/ -->\n<title>\u200e\u00c9liminatoires Coupe du Monde 2026 : L&#039;\u00c9thiopie jouera pour la fiert\u00e9 de sa nation face au Burkina Faso - La Tribune du Faso<\/title>\n<meta name=\"robots\" content=\"index, follow, max-snippet:-1, max-image-preview:large, max-video-preview:-1\" \/>\n<link rel=\"canonical\" href=\"https:\/\/www.latribunedufaso.net\/?p=24140\" \/>\n<meta property=\"og:locale\" content=\"fr_FR\" \/>\n<meta property=\"og:type\" content=\"article\" \/>\n<meta property=\"og:title\" content=\"\u200e\u00c9liminatoires Coupe du Monde 2026 : L&#039;\u00c9thiopie jouera pour la fiert\u00e9 de sa nation face au Burkina Faso - La Tribune du Faso\" \/>\n<meta property=\"og:description\" content=\"\u00c0 la veille du match opposant le Burkina Faso \u00e0 l&rsquo;\u00c9thiopie, dans le cadre de la 10e journ\u00e9e des \u00c9liminatoires de la Coupe du Monde 2026, le capitaine de l&rsquo;\u00e9quipe \u00e9thiopienne, James Rankel, a anim\u00e9 la traditionnelle conf\u00e9rence de presse d&rsquo;avant-match, ce 11 octobre 2025 \u00e0 Ouagadougou.\" \/>\n<meta property=\"og:url\" content=\"https:\/\/www.latribunedufaso.net\/?p=24140\" \/>\n<meta property=\"og:site_name\" content=\"La Tribune du Faso\" \/>\n<meta property=\"article:publisher\" content=\"https:\/\/www.facebook.com\/LatribuneduFaso\/\" \/>\n<meta property=\"article:published_time\" content=\"2025-10-11T21:32:42+00:00\" \/>\n<meta property=\"og:image\" content=\"https:\/\/www.latribunedufaso.net\/wp-content\/uploads\/2025\/10\/IMG_20251011_184602_965-scaled.jpg\" \/>\n\t<meta property=\"og:image:width\" content=\"2560\" \/>\n\t<meta property=\"og:image:height\" content=\"1920\" \/>\n\t<meta property=\"og:image:type\" content=\"image\/jpeg\" \/>\n<meta name=\"author\" content=\"Issouf Tapsoba\" \/>\n<meta name=\"twitter:label1\" content=\"\u00c9crit par\" \/>\n\t<meta name=\"twitter:data1\" content=\"Issouf Tapsoba\" \/>\n\t<meta name=\"twitter:label2\" content=\"Dur\u00e9e de lecture estim\u00e9e\" \/>\n\t<meta name=\"twitter:data2\" content=\"1 minute\" \/>\n<script type=\"application\/ld+json\" class=\"yoast-schema-graph\">{\"@context\":\"https:\\\/\\\/schema.org\",\"@graph\":[{\"@type\":\"Article\",\"@id\":\"https:\\\/\\\/www.latribunedufaso.net\\\/?p=24140#article\",\"isPartOf\":{\"@id\":\"https:\\\/\\\/www.latribunedufaso.net\\\/?p=24140\"},\"author\":{\"name\":\"Issouf Tapsoba\",\"@id\":\"https:\\\/\\\/www.latribunedufaso.net\\\/#\\\/schema\\\/person\\\/e54e64c5778a7e72cf80a318b7a622b0\"},\"headline\":\"\u200e\u00c9liminatoires Coupe du Monde 2026 : L&rsquo;\u00c9thiopie jouera pour la fiert\u00e9 de sa nation face au Burkina Faso\",\"datePublished\":\"2025-10-11T21:32:42+00:00\",\"mainEntityOfPage\":{\"@id\":\"https:\\\/\\\/www.latribunedufaso.net\\\/?p=24140\"},\"wordCount\":252,\"commentCount\":0,\"publisher\":{\"@id\":\"https:\\\/\\\/www.latribunedufaso.net\\\/#organization\"},\"image\":{\"@id\":\"https:\\\/\\\/www.latribunedufaso.net\\\/?p=24140#primaryimage\"},\"thumbnailUrl\":\"https:\\\/\\\/www.latribunedufaso.net\\\/wp-content\\\/uploads\\\/2025\\\/10\\\/IMG_20251011_184602_965-scaled.jpg\",\"keywords\":[\"\u00c9liminatoires Coupe du monde 2026\",\"latribunedufaso.net\",\"Match Burkina Ethiopie\"],\"articleSection\":[\"A la une\",\"Actualit\u00e9\",\"Sport\"],\"inLanguage\":\"fr-FR\",\"potentialAction\":[{\"@type\":\"CommentAction\",\"name\":\"Comment\",\"target\":[\"https:\\\/\\\/www.latribunedufaso.net\\\/?p=24140#respond\"]}]},{\"@type\":\"WebPage\",\"@id\":\"https:\\\/\\\/www.latribunedufaso.net\\\/?p=24140\",\"url\":\"https:\\\/\\\/www.latribunedufaso.net\\\/?p=24140\",\"name\":\"\u200e\u00c9liminatoires Coupe du Monde 2026 : L'\u00c9thiopie jouera pour la fiert\u00e9 de sa nation face au Burkina Faso - La Tribune du Faso\",\"isPartOf\":{\"@id\":\"https:\\\/\\\/www.latribunedufaso.net\\\/#website\"},\"primaryImageOfPage\":{\"@id\":\"https:\\\/\\\/www.latribunedufaso.net\\\/?p=24140#primaryimage\"},\"image\":{\"@id\":\"https:\\\/\\\/www.latribunedufaso.net\\\/?p=24140#primaryimage\"},\"thumbnailUrl\":\"https:\\\/\\\/www.latribunedufaso.net\\\/wp-content\\\/uploads\\\/2025\\\/10\\\/IMG_20251011_184602_965-scaled.jpg\",\"datePublished\":\"2025-10-11T21:32:42+00:00\",\"breadcrumb\":{\"@id\":\"https:\\\/\\\/www.latribunedufaso.net\\\/?p=24140#breadcrumb\"},\"inLanguage\":\"fr-FR\",\"potentialAction\":[{\"@type\":\"ReadAction\",\"target\":[\"https:\\\/\\\/www.latribunedufaso.net\\\/?p=24140\"]}]},{\"@type\":\"ImageObject\",\"inLanguage\":\"fr-FR\",\"@id\":\"https:\\\/\\\/www.latribunedufaso.net\\\/?p=24140#primaryimage\",\"url\":\"https:\\\/\\\/www.latribunedufaso.net\\\/wp-content\\\/uploads\\\/2025\\\/10\\\/IMG_20251011_184602_965-scaled.jpg\",\"contentUrl\":\"https:\\\/\\\/www.latribunedufaso.net\\\/wp-content\\\/uploads\\\/2025\\\/10\\\/IMG_20251011_184602_965-scaled.jpg\",\"width\":2560,\"height\":1920,\"caption\":\"Conf\u00e9rence de presse d'avant match de l'\u00c9thiopie, 11 octobre 2025\"},{\"@type\":\"BreadcrumbList\",\"@id\":\"https:\\\/\\\/www.latribunedufaso.net\\\/?p=24140#breadcrumb\",\"itemListElement\":[{\"@type\":\"ListItem\",\"position\":1,\"name\":\"Accueil\",\"item\":\"https:\\\/\\\/www.latribunedufaso.net\\\/\"},{\"@type\":\"ListItem\",\"position\":2,\"name\":\"\u200e\u00c9liminatoires Coupe du Monde 2026 : L&rsquo;\u00c9thiopie jouera pour la fiert\u00e9 de sa nation face au Burkina Faso\"}]},{\"@type\":\"WebSite\",\"@id\":\"https:\\\/\\\/www.latribunedufaso.net\\\/#website\",\"url\":\"https:\\\/\\\/www.latribunedufaso.net\\\/\",\"name\":\"La Tribune du Faso\",\"description\":\"L&#039;information du monde rural en un clic\",\"publisher\":{\"@id\":\"https:\\\/\\\/www.latribunedufaso.net\\\/#organization\"},\"potentialAction\":[{\"@type\":\"SearchAction\",\"target\":{\"@type\":\"EntryPoint\",\"urlTemplate\":\"https:\\\/\\\/www.latribunedufaso.net\\\/?s={search_term_string}\"},\"query-input\":{\"@type\":\"PropertyValueSpecification\",\"valueRequired\":true,\"valueName\":\"search_term_string\"}}],\"inLanguage\":\"fr-FR\"},{\"@type\":\"Organization\",\"@id\":\"https:\\\/\\\/www.latribunedufaso.net\\\/#organization\",\"name\":\"La Tribune du Faso\",\"url\":\"https:\\\/\\\/www.latribunedufaso.net\\\/\",\"logo\":{\"@type\":\"ImageObject\",\"inLanguage\":\"fr-FR\",\"@id\":\"https:\\\/\\\/www.latribunedufaso.net\\\/#\\\/schema\\\/logo\\\/image\\\/\",\"url\":\"https:\\\/\\\/www.latribunedufaso.net\\\/wp-content\\\/uploads\\\/2020\\\/08\\\/Logo-Tribune-du-Faso-final-scaled.jpg\",\"contentUrl\":\"https:\\\/\\\/www.latribunedufaso.net\\\/wp-content\\\/uploads\\\/2020\\\/08\\\/Logo-Tribune-du-Faso-final-scaled.jpg\",\"width\":2560,\"height\":1856,\"caption\":\"La Tribune du Faso\"},\"image\":{\"@id\":\"https:\\\/\\\/www.latribunedufaso.net\\\/#\\\/schema\\\/logo\\\/image\\\/\"},\"sameAs\":[\"https:\\\/\\\/www.facebook.com\\\/LatribuneduFaso\\\/\"]},{\"@type\":\"Person\",\"@id\":\"https:\\\/\\\/www.latribunedufaso.net\\\/#\\\/schema\\\/person\\\/e54e64c5778a7e72cf80a318b7a622b0\",\"name\":\"Issouf Tapsoba\",\"image\":{\"@type\":\"ImageObject\",\"inLanguage\":\"fr-FR\",\"@id\":\"https:\\\/\\\/secure.gravatar.com\\\/avatar\\\/5e6c05150ce3230247d167f5b94d678eb05936197436d69b7921e3a95c9107ac?s=96&d=mm&r=g\",\"url\":\"https:\\\/\\\/secure.gravatar.com\\\/avatar\\\/5e6c05150ce3230247d167f5b94d678eb05936197436d69b7921e3a95c9107ac?s=96&d=mm&r=g\",\"contentUrl\":\"https:\\\/\\\/secure.gravatar.com\\\/avatar\\\/5e6c05150ce3230247d167f5b94d678eb05936197436d69b7921e3a95c9107ac?s=96&d=mm&r=g\",\"caption\":\"Issouf Tapsoba\"},\"url\":\"https:\\\/\\\/www.latribunedufaso.net\\\/?author=5\"}]}<\/script>\n<!-- \/ Yoast SEO plugin. -->","yoast_head_json":{"title":"\u200e\u00c9liminatoires Coupe du Monde 2026 : L'\u00c9thiopie jouera pour la fiert\u00e9 de sa nation face au Burkina Faso - La Tribune du Faso","robots":{"index":"index","follow":"follow","max-snippet":"max-snippet:-1","max-image-preview":"max-image-preview:large","max-video-preview":"max-video-preview:-1"},"canonical":"https:\/\/www.latribunedufaso.net\/?p=24140","og_locale":"fr_FR","og_type":"article","og_title":"\u200e\u00c9liminatoires Coupe du Monde 2026 : L'\u00c9thiopie jouera pour la fiert\u00e9 de sa nation face au Burkina Faso - La Tribune du Faso","og_description":"\u00c0 la veille du match opposant le Burkina Faso \u00e0 l&rsquo;\u00c9thiopie, dans le cadre de la 10e journ\u00e9e des \u00c9liminatoires de la Coupe du Monde 2026, le capitaine de l&rsquo;\u00e9quipe \u00e9thiopienne, James Rankel, a anim\u00e9 la traditionnelle conf\u00e9rence de presse d&rsquo;avant-match, ce 11 octobre 2025 \u00e0 Ouagadougou.","og_url":"https:\/\/www.latribunedufaso.net\/?p=24140","og_site_name":"La Tribune du Faso","article_publisher":"https:\/\/www.facebook.com\/LatribuneduFaso\/","article_published_time":"2025-10-11T21:32:42+00:00","og_image":[{"width":2560,"height":1920,"url":"https:\/\/www.latribunedufaso.net\/wp-content\/uploads\/2025\/10\/IMG_20251011_184602_965-scaled.jpg","type":"image\/jpeg"}],"author":"Issouf Tapsoba","twitter_misc":{"\u00c9crit par":"Issouf Tapsoba","Dur\u00e9e de lecture estim\u00e9e":"1 minute"},"schema":{"@context":"https:\/\/schema.org","@graph":[{"@type":"Article","@id":"https:\/\/www.latribunedufaso.net\/?p=24140#article","isPartOf":{"@id":"https:\/\/www.latribunedufaso.net\/?p=24140"},"author":{"name":"Issouf Tapsoba","@id":"https:\/\/www.latribunedufaso.net\/#\/schema\/person\/e54e64c5778a7e72cf80a318b7a622b0"},"headline":"\u200e\u00c9liminatoires Coupe du Monde 2026 : L&rsquo;\u00c9thiopie jouera pour la fiert\u00e9 de sa nation face au Burkina Faso","datePublished":"2025-10-11T21:32:42+00:00","mainEntityOfPage":{"@id":"https:\/\/www.latribunedufaso.net\/?p=24140"},"wordCount":252,"commentCount":0,"publisher":{"@id":"https:\/\/www.latribunedufaso.net\/#organization"},"image":{"@id":"https:\/\/www.latribunedufaso.net\/?p=24140#primaryimage"},"thumbnailUrl":"https:\/\/www.latribunedufaso.net\/wp-content\/uploads\/2025\/10\/IMG_20251011_184602_965-scaled.jpg","keywords":["\u00c9liminatoires Coupe du monde 2026","latribunedufaso.net","Match Burkina Ethiopie"],"articleSection":["A la une","Actualit\u00e9","Sport"],"inLanguage":"fr-FR","potentialAction":[{"@type":"CommentAction","name":"Comment","target":["https:\/\/www.latribunedufaso.net\/?p=24140#respond"]}]},{"@type":"WebPage","@id":"https:\/\/www.latribunedufaso.net\/?p=24140","url":"https:\/\/www.latribunedufaso.net\/?p=24140","name":"\u200e\u00c9liminatoires Coupe du Monde 2026 : L'\u00c9thiopie jouera pour la fiert\u00e9 de sa nation face au Burkina Faso - La Tribune du Faso","isPartOf":{"@id":"https:\/\/www.latribunedufaso.net\/#website"},"primaryImageOfPage":{"@id":"https:\/\/www.latribunedufaso.net\/?p=24140#primaryimage"},"image":{"@id":"https:\/\/www.latribunedufaso.net\/?p=24140#primaryimage"},"thumbnailUrl":"https:\/\/www.latribunedufaso.net\/wp-content\/uploads\/2025\/10\/IMG_20251011_184602_965-scaled.jpg","datePublished":"2025-10-11T21:32:42+00:00","breadcrumb":{"@id":"https:\/\/www.latribunedufaso.net\/?p=24140#breadcrumb"},"inLanguage":"fr-FR","potentialAction":[{"@type":"ReadAction","target":["https:\/\/www.latribunedufaso.net\/?p=24140"]}]},{"@type":"ImageObject","inLanguage":"fr-FR","@id":"https:\/\/www.latribunedufaso.net\/?p=24140#primaryimage","url":"https:\/\/www.latribunedufaso.net\/wp-content\/uploads\/2025\/10\/IMG_20251011_184602_965-scaled.jpg","contentUrl":"https:\/\/www.latribunedufaso.net\/wp-content\/uploads\/2025\/10\/IMG_20251011_184602_965-scaled.jpg","width":2560,"height":1920,"caption":"Conf\u00e9rence de presse d'avant match de l'\u00c9thiopie, 11 octobre 2025"},{"@type":"BreadcrumbList","@id":"https:\/\/www.latribunedufaso.net\/?p=24140#breadcrumb","itemListElement":[{"@type":"ListItem","position":1,"name":"Accueil","item":"https:\/\/www.latribunedufaso.net\/"},{"@type":"ListItem","position":2,"name":"\u200e\u00c9liminatoires Coupe du Monde 2026 : L&rsquo;\u00c9thiopie jouera pour la fiert\u00e9 de sa nation face au Burkina Faso"}]},{"@type":"WebSite","@id":"https:\/\/www.latribunedufaso.net\/#website","url":"https:\/\/www.latribunedufaso.net\/","name":"La Tribune du Faso","description":"L&#039;information du monde rural en un clic","publisher":{"@id":"https:\/\/www.latribunedufaso.net\/#organization"},"potentialAction":[{"@type":"SearchAction","target":{"@type":"EntryPoint","urlTemplate":"https:\/\/www.latribunedufaso.net\/?s={search_term_string}"},"query-input":{"@type":"PropertyValueSpecification","valueRequired":true,"valueName":"search_term_string"}}],"inLanguage":"fr-FR"},{"@type":"Organization","@id":"https:\/\/www.latribunedufaso.net\/#organization","name":"La Tribune du Faso","url":"https:\/\/www.latribunedufaso.net\/","logo":{"@type":"ImageObject","inLanguage":"fr-FR","@id":"https:\/\/www.latribunedufaso.net\/#\/schema\/logo\/image\/","url":"https:\/\/www.latribunedufaso.net\/wp-content\/uploads\/2020\/08\/Logo-Tribune-du-Faso-final-scaled.jpg","contentUrl":"https:\/\/www.latribunedufaso.net\/wp-content\/uploads\/2020\/08\/Logo-Tribune-du-Faso-final-scaled.jpg","width":2560,"height":1856,"caption":"La Tribune du Faso"},"image":{"@id":"https:\/\/www.latribunedufaso.net\/#\/schema\/logo\/image\/"},"sameAs":["https:\/\/www.facebook.com\/LatribuneduFaso\/"]},{"@type":"Person","@id":"https:\/\/www.latribunedufaso.net\/#\/schema\/person\/e54e64c5778a7e72cf80a318b7a622b0","name":"Issouf Tapsoba","image":{"@type":"ImageObject","inLanguage":"fr-FR","@id":"https:\/\/secure.gravatar.com\/avatar\/5e6c05150ce3230247d167f5b94d678eb05936197436d69b7921e3a95c9107ac?s=96&d=mm&r=g","url":"https:\/\/secure.gravatar.com\/avatar\/5e6c05150ce3230247d167f5b94d678eb05936197436d69b7921e3a95c9107ac?s=96&d=mm&r=g","contentUrl":"https:\/\/secure.gravatar.com\/avatar\/5e6c05150ce3230247d167f5b94d678eb05936197436d69b7921e3a95c9107ac?s=96&d=mm&r=g","caption":"Issouf Tapsoba"},"url":"https:\/\/www.latribunedufaso.net\/?author=5"}]}},"_links":{"self":[{"href":"https:\/\/www.latribunedufaso.net\/index.php?rest_route=\/wp\/v2\/posts\/24140","targetHints":{"allow":["GET"]}}],"collection":[{"href":"https:\/\/www.latribunedufaso.net\/index.php?rest_route=\/wp\/v2\/posts"}],"about":[{"href":"https:\/\/www.latribunedufaso.net\/index.php?rest_route=\/wp\/v2\/types\/post"}],"author":[{"embeddable":true,"href":"https:\/\/www.latribunedufaso.net\/index.php?rest_route=\/wp\/v2\/users\/5"}],"replies":[{"embeddable":true,"href":"https:\/\/www.latribunedufaso.net\/index.php?rest_route=%2Fwp%2Fv2%2Fcomments&post=24140"}],"version-history":[{"count":2,"href":"https:\/\/www.latribunedufaso.net\/index.php?rest_route=\/wp\/v2\/posts\/24140\/revisions"}],"predecessor-version":[{"id":24144,"href":"https:\/\/www.latribunedufaso.net\/index.php?rest_route=\/wp\/v2\/posts\/24140\/revisions\/24144"}],"wp:featuredmedia":[{"embeddable":true,"href":"https:\/\/www.latribunedufaso.net\/index.php?rest_route=\/wp\/v2\/media\/24142"}],"wp:attachment":[{"href":"https:\/\/www.latribunedufaso.net\/index.php?rest_route=%2Fwp%2Fv2%2Fmedia&parent=24140"}],"wp:term":[{"taxonomy":"category","embeddable":true,"href":"https:\/\/www.latribunedufaso.net\/index.php?rest_route=%2Fwp%2Fv2%2Fcategories&post=24140"},{"taxonomy":"post_tag","embeddable":true,"href":"https:\/\/www.latribunedufaso.net\/index.php?rest_route=%2Fwp%2Fv2%2Ftags&post=24140"}],"curies":[{"name":"wp","href":"https:\/\/api.w.org\/{rel}","templated":true}]}}