{"id":2414,"date":"2021-01-22T10:22:25","date_gmt":"2021-01-22T10:22:25","guid":{"rendered":"https:\/\/www.latribunedufaso.net\/?p=2414"},"modified":"2021-01-25T13:43:38","modified_gmt":"2021-01-25T13:43:38","slug":"sahara-occidental-le-ministre-des-affaires-etrangeres-marocain-salue-la-decision-americaine-et-appelle-leurope-a-emboiter-leur-pas","status":"publish","type":"post","link":"https:\/\/www.latribunedufaso.net\/?p=2414","title":{"rendered":"\u00a0Sahara occidental : Le ministre des affaires \u00e9trang\u00e8res marocain salue la d\u00e9cision am\u00e9ricaine, et appelle l\u2019Europe \u00e0 emboiter leur pas"},"content":{"rendered":"<p><strong><span style=\"font-size: 1.0625rem;\">A l\u2019initiative du Maroc et des \u00c9tats-Unis d\u2019Am\u00e9rique, avec la participation de 40 pays, il est intervenu, en visioconf\u00e9rence, la Conf\u00e9rence minist\u00e9rielle de soutien \u00e0 l\u2019initiative d\u2019autonomie sous la souverainet\u00e9 du Maroc. A l\u2019issue de cette r\u00e9union, il s\u2019est tenu un point de presse, dont l\u2019on note principalement l\u2019intervention du ministre des affaires \u00e9trang\u00e8res, de la coop\u00e9ration africaine et des Marocains r\u00e9sidant \u00e0 l\u2019\u00e9tranger, Nasser Bourita.<\/span><\/strong><br \/>\n<!--more--><\/p>\n<p><a href=\"https:\/\/latribunedufaso.net\/wp-content\/uploads\/2021\/01\/IMG-20210119-WA0061.jpg\"><img loading=\"lazy\" decoding=\"async\" class=\"size-medium wp-image-2415 aligncenter\" src=\"https:\/\/latribunedufaso.net\/wp-content\/uploads\/2021\/01\/IMG-20210119-WA0061-300x200.jpg\" alt=\"\" width=\"300\" height=\"200\" srcset=\"https:\/\/www.latribunedufaso.net\/wp-content\/uploads\/2021\/01\/IMG-20210119-WA0061-300x200.jpg 300w, https:\/\/www.latribunedufaso.net\/wp-content\/uploads\/2021\/01\/IMG-20210119-WA0061-1024x682.jpg 1024w, https:\/\/www.latribunedufaso.net\/wp-content\/uploads\/2021\/01\/IMG-20210119-WA0061-768x512.jpg 768w, https:\/\/www.latribunedufaso.net\/wp-content\/uploads\/2021\/01\/IMG-20210119-WA0061-840x560.jpg 840w, https:\/\/www.latribunedufaso.net\/wp-content\/uploads\/2021\/01\/IMG-20210119-WA0061-120x80.jpg 120w, https:\/\/www.latribunedufaso.net\/wp-content\/uploads\/2021\/01\/IMG-20210119-WA0061-360x240.jpg 360w, https:\/\/www.latribunedufaso.net\/wp-content\/uploads\/2021\/01\/IMG-20210119-WA0061-600x400.jpg 600w, https:\/\/www.latribunedufaso.net\/wp-content\/uploads\/2021\/01\/IMG-20210119-WA0061.jpg 1280w\" sizes=\"auto, (max-width: 300px) 100vw, 300px\" \/><\/a>Nasser Bourita, ministre des affaires \u00e9trang\u00e8res, de la coop\u00e9ration africaine et des Marocains r\u00e9sidant \u00e0 l\u2019\u00e9tranger, a \u00e9t\u00e9 le principal animateur de ce point de presse. Il a d\u2019embl\u00e9e estim\u00e9 que la question nationale a connu des d\u00e9veloppements importants ces derniers mois \u00e0 la faveur de la vision de sa majest\u00e9 le roi Mohammed VI, que ce soit \u00e0 travers l\u2019inauguration d\u2019un ensemble de consulats dans les villes de Dakhla et La\u00e2youne ou encore \u00e0 travers l\u2019entretien t\u00e9l\u00e9phonique entre le roi et le pr\u00e9sident am\u00e9ricain, Donald Trump, qui comprenait un ensemble d\u2019annonces, dont la plus importante \u00e9tait la reconnaissance am\u00e9ricaine de la souverainet\u00e9 pleine et enti\u00e8re du Maroc sur les provinces du Sud et l\u2019ouverture d\u2019un consulat am\u00e9ricain dans la ville de Dakhla, ainsi que le soutien de l\u2019administration am\u00e9ricaine \u00e0 la proposition d\u2019autonomie comme l\u2019unique base pour un r\u00e8glement d\u00e9finitif du diff\u00e9rend r\u00e9gional autour du Sahara.<\/p>\n<p>Nasser Bourita a ensuite fait savoir que le Maroc, gr\u00e2ce aux actions directes entreprises par Mohammed VI, est pass\u00e9 de l\u2019\u00e9tape de la gestion \u00e0 celle du changement des param\u00e8tres de ce dossier, relevant que la communaut\u00e9 internationale a \u00e9t\u00e9 unanime \u00e0 souligner qu\u2019il n\u2019y a pas de solution \u00e0 ce dossier que dans le cadre de l\u2019autonomie sous souverainet\u00e9 marocaine. Pour lui, la d\u00e9cision des Etats-Unis de reconnaitre la souverainet\u00e9 pleine et enti\u00e8re du Maroc sur l\u2019ensemble de ses provinces du Sud, intervient dans un contexte international marqu\u00e9 par l\u2019ouverture de consulats. Et de souligner, \u00ab\u00a0l\u2019importance de la d\u00e9cision am\u00e9ricaine r\u00e9side dans le fait qu\u2019elle \u00e9mane d\u2019un pays membre du Conseil de s\u00e9curit\u00e9\u00a0\u00bb, a-t-il d\u00e9clar\u00e9. Il n\u2019a d\u2019ailleurs pas manqu\u00e9 de rappeler la pr\u00e9sence \u00e0 la Conf\u00e9rence, d\u2019un autre membre permanent du Conseil de s\u00e9curit\u00e9 qui exprime \u00e9galement son soutien. La position am\u00e9ricaine, a-t-il poursuivi, vient donner une forte impulsion au processus onusien. Cependant, tout en avouant que le processus politique n\u2019est pas une fin en soi, il note qu\u2019il a une signification et un objectif, parvenir \u00e0 une solution dans le cadre de la souverainet\u00e9 marocaine.<\/p>\n<p>Aux Europ\u00e9ens, M. Bourita a lanc\u00e9 un appel \u00e0 s\u2019inscrire dans la dynamique internationale d\u00e9j\u00e0 enclench\u00e9e \u00e0 travers le soutien \u00e0 l\u2019initiative d\u2019autonomie. \u00ab L\u2019Europe doit s\u2019inscrire dans cette dynamique internationale \u00bb, a pr\u00e9conis\u00e9 M. Bourita tout en soulignant que la position am\u00e9ricaine doit interpeller l\u2019Europe sur son degr\u00e9 d\u2019engagement.<\/p>\n<p>En rappel, le ministre des affaires \u00e9trang\u00e8res, de la coop\u00e9ration africaine et des Marocains r\u00e9sidant \u00e0 l\u2019\u00e9tranger, Nasser Bourita, et le Secr\u00e9taire d\u2019Etat am\u00e9ricain adjoint en charge des questions du Proche-Orient et de l\u2019Afrique du Nord, David Schenker, ont \u00e9t\u00e9 les co-pr\u00e9sidents de cette Conf\u00e9rence minist\u00e9rielle. La tenue de ladite Conf\u00e9rence aura permis \u00e0 la majorit\u00e9 des pays participant, d\u2019exprimer leur appui \u00e0 l\u2019initiative marocaine d\u2019autonomie comme seule base pour une solution juste et durable au conflit r\u00e9gional du Sahara. Aussi, aura-t-elle permis aux participants de s\u2019engager \u00e0 continuer le plaidoyer de l\u2019initiative afin qu\u2019elle soit retenue comme la seule alternative \u00e0 la question du conflit du Sahara.<\/p>\n<p><strong>Latribunedufaso.net<\/strong><\/p>\n<p>&nbsp;<\/p>\n<p>&nbsp;<\/p>\n","protected":false},"excerpt":{"rendered":"<p>A l\u2019initiative du Maroc et des \u00c9tats-Unis d\u2019Am\u00e9rique, avec la participation de 40 pays, il est intervenu, en visioconf\u00e9rence, la Conf\u00e9rence minist\u00e9rielle de soutien \u00e0 l\u2019initiative d\u2019autonomie sous la souverainet\u00e9 du Maroc. A l\u2019issue de cette r\u00e9union, il s\u2019est tenu un point de presse, dont l\u2019on note principalement l\u2019intervention du ministre des affaires \u00e9trang\u00e8res, de la coop\u00e9ration africaine et des Marocains r\u00e9sidant \u00e0 l\u2019\u00e9tranger, Nasser Bourita.<\/p>\n","protected":false},"author":2,"featured_media":2416,"comment_status":"open","ping_status":"open","sticky":false,"template":"","format":"standard","meta":{"footnotes":""},"categories":[13,1,9],"tags":[],"class_list":["post-2414","post","type-post","status-publish","format-standard","has-post-thumbnail","hentry","category-une","category-actu","category-inter"],"yoast_head":"<!-- This site is optimized with the Yoast SEO plugin v27.4 - https:\/\/yoast.com\/product\/yoast-seo-wordpress\/ -->\n<title>\u00a0Sahara occidental : Le ministre des affaires \u00e9trang\u00e8res marocain salue la d\u00e9cision am\u00e9ricaine, et appelle l\u2019Europe \u00e0 emboiter leur pas - La Tribune du Faso<\/title>\n<meta name=\"robots\" content=\"index, follow, max-snippet:-1, max-image-preview:large, max-video-preview:-1\" \/>\n<link rel=\"canonical\" href=\"https:\/\/www.latribunedufaso.net\/?p=2414\" \/>\n<meta property=\"og:locale\" content=\"fr_FR\" \/>\n<meta property=\"og:type\" content=\"article\" \/>\n<meta property=\"og:title\" content=\"\u00a0Sahara occidental : Le ministre des affaires \u00e9trang\u00e8res marocain salue la d\u00e9cision am\u00e9ricaine, et appelle l\u2019Europe \u00e0 emboiter leur pas - La Tribune du Faso\" \/>\n<meta property=\"og:description\" content=\"A l\u2019initiative du Maroc et des \u00c9tats-Unis d\u2019Am\u00e9rique, avec la participation de 40 pays, il est intervenu, en visioconf\u00e9rence, la Conf\u00e9rence minist\u00e9rielle de soutien \u00e0 l\u2019initiative d\u2019autonomie sous la souverainet\u00e9 du Maroc. A l\u2019issue de cette r\u00e9union, il s\u2019est tenu un point de presse, dont l\u2019on note principalement l\u2019intervention du ministre des affaires \u00e9trang\u00e8res, de la coop\u00e9ration africaine et des Marocains r\u00e9sidant \u00e0 l\u2019\u00e9tranger, Nasser Bourita.\" \/>\n<meta property=\"og:url\" content=\"https:\/\/www.latribunedufaso.net\/?p=2414\" \/>\n<meta property=\"og:site_name\" content=\"La Tribune du Faso\" \/>\n<meta property=\"article:publisher\" content=\"https:\/\/www.facebook.com\/LatribuneduFaso\/\" \/>\n<meta property=\"article:published_time\" content=\"2021-01-22T10:22:25+00:00\" \/>\n<meta property=\"article:modified_time\" content=\"2021-01-25T13:43:38+00:00\" \/>\n<meta property=\"og:image\" content=\"https:\/\/latribunedufaso.net\/wp-content\/uploads\/2021\/01\/IMG-20210119-WA0060.jpg\" \/>\n\t<meta property=\"og:image:width\" content=\"1280\" \/>\n\t<meta property=\"og:image:height\" content=\"853\" \/>\n\t<meta property=\"og:image:type\" content=\"image\/jpeg\" \/>\n<meta name=\"author\" content=\"Administrateur\" \/>\n<meta name=\"twitter:label1\" content=\"\u00c9crit par\" \/>\n\t<meta name=\"twitter:data1\" content=\"Administrateur\" \/>\n\t<meta name=\"twitter:label2\" content=\"Dur\u00e9e de lecture estim\u00e9e\" \/>\n\t<meta name=\"twitter:data2\" content=\"3 minutes\" \/>\n<script type=\"application\/ld+json\" class=\"yoast-schema-graph\">{\"@context\":\"https:\\\/\\\/schema.org\",\"@graph\":[{\"@type\":\"Article\",\"@id\":\"https:\\\/\\\/www.latribunedufaso.net\\\/?p=2414#article\",\"isPartOf\":{\"@id\":\"https:\\\/\\\/www.latribunedufaso.net\\\/?p=2414\"},\"author\":{\"name\":\"Administrateur\",\"@id\":\"https:\\\/\\\/www.latribunedufaso.net\\\/#\\\/schema\\\/person\\\/a380782d0605bb8aae27c40ea93b35b1\"},\"headline\":\"\u00a0Sahara occidental : Le ministre des affaires \u00e9trang\u00e8res marocain salue la d\u00e9cision am\u00e9ricaine, et appelle l\u2019Europe \u00e0 emboiter leur pas\",\"datePublished\":\"2021-01-22T10:22:25+00:00\",\"dateModified\":\"2021-01-25T13:43:38+00:00\",\"mainEntityOfPage\":{\"@id\":\"https:\\\/\\\/www.latribunedufaso.net\\\/?p=2414\"},\"wordCount\":666,\"commentCount\":0,\"publisher\":{\"@id\":\"https:\\\/\\\/www.latribunedufaso.net\\\/#organization\"},\"image\":{\"@id\":\"https:\\\/\\\/www.latribunedufaso.net\\\/?p=2414#primaryimage\"},\"thumbnailUrl\":\"https:\\\/\\\/www.latribunedufaso.net\\\/wp-content\\\/uploads\\\/2021\\\/01\\\/IMG-20210119-WA0060.jpg\",\"articleSection\":[\"A la une\",\"Actualit\u00e9\",\"International\"],\"inLanguage\":\"fr-FR\",\"potentialAction\":[{\"@type\":\"CommentAction\",\"name\":\"Comment\",\"target\":[\"https:\\\/\\\/www.latribunedufaso.net\\\/?p=2414#respond\"]}]},{\"@type\":\"WebPage\",\"@id\":\"https:\\\/\\\/www.latribunedufaso.net\\\/?p=2414\",\"url\":\"https:\\\/\\\/www.latribunedufaso.net\\\/?p=2414\",\"name\":\"\u00a0Sahara occidental : Le ministre des affaires \u00e9trang\u00e8res marocain salue la d\u00e9cision am\u00e9ricaine, et appelle l\u2019Europe \u00e0 emboiter leur pas - La Tribune du Faso\",\"isPartOf\":{\"@id\":\"https:\\\/\\\/www.latribunedufaso.net\\\/#website\"},\"primaryImageOfPage\":{\"@id\":\"https:\\\/\\\/www.latribunedufaso.net\\\/?p=2414#primaryimage\"},\"image\":{\"@id\":\"https:\\\/\\\/www.latribunedufaso.net\\\/?p=2414#primaryimage\"},\"thumbnailUrl\":\"https:\\\/\\\/www.latribunedufaso.net\\\/wp-content\\\/uploads\\\/2021\\\/01\\\/IMG-20210119-WA0060.jpg\",\"datePublished\":\"2021-01-22T10:22:25+00:00\",\"dateModified\":\"2021-01-25T13:43:38+00:00\",\"breadcrumb\":{\"@id\":\"https:\\\/\\\/www.latribunedufaso.net\\\/?p=2414#breadcrumb\"},\"inLanguage\":\"fr-FR\",\"potentialAction\":[{\"@type\":\"ReadAction\",\"target\":[\"https:\\\/\\\/www.latribunedufaso.net\\\/?p=2414\"]}]},{\"@type\":\"ImageObject\",\"inLanguage\":\"fr-FR\",\"@id\":\"https:\\\/\\\/www.latribunedufaso.net\\\/?p=2414#primaryimage\",\"url\":\"https:\\\/\\\/www.latribunedufaso.net\\\/wp-content\\\/uploads\\\/2021\\\/01\\\/IMG-20210119-WA0060.jpg\",\"contentUrl\":\"https:\\\/\\\/www.latribunedufaso.net\\\/wp-content\\\/uploads\\\/2021\\\/01\\\/IMG-20210119-WA0060.jpg\",\"width\":1280,\"height\":853},{\"@type\":\"BreadcrumbList\",\"@id\":\"https:\\\/\\\/www.latribunedufaso.net\\\/?p=2414#breadcrumb\",\"itemListElement\":[{\"@type\":\"ListItem\",\"position\":1,\"name\":\"Accueil\",\"item\":\"https:\\\/\\\/www.latribunedufaso.net\\\/\"},{\"@type\":\"ListItem\",\"position\":2,\"name\":\"\u00a0Sahara occidental : Le ministre des affaires \u00e9trang\u00e8res marocain salue la d\u00e9cision am\u00e9ricaine, et appelle l\u2019Europe \u00e0 emboiter leur pas\"}]},{\"@type\":\"WebSite\",\"@id\":\"https:\\\/\\\/www.latribunedufaso.net\\\/#website\",\"url\":\"https:\\\/\\\/www.latribunedufaso.net\\\/\",\"name\":\"La Tribune du Faso\",\"description\":\"L&#039;information du monde rural en un clic\",\"publisher\":{\"@id\":\"https:\\\/\\\/www.latribunedufaso.net\\\/#organization\"},\"potentialAction\":[{\"@type\":\"SearchAction\",\"target\":{\"@type\":\"EntryPoint\",\"urlTemplate\":\"https:\\\/\\\/www.latribunedufaso.net\\\/?s={search_term_string}\"},\"query-input\":{\"@type\":\"PropertyValueSpecification\",\"valueRequired\":true,\"valueName\":\"search_term_string\"}}],\"inLanguage\":\"fr-FR\"},{\"@type\":\"Organization\",\"@id\":\"https:\\\/\\\/www.latribunedufaso.net\\\/#organization\",\"name\":\"La Tribune du Faso\",\"url\":\"https:\\\/\\\/www.latribunedufaso.net\\\/\",\"logo\":{\"@type\":\"ImageObject\",\"inLanguage\":\"fr-FR\",\"@id\":\"https:\\\/\\\/www.latribunedufaso.net\\\/#\\\/schema\\\/logo\\\/image\\\/\",\"url\":\"https:\\\/\\\/www.latribunedufaso.net\\\/wp-content\\\/uploads\\\/2020\\\/08\\\/Logo-Tribune-du-Faso-final-scaled.jpg\",\"contentUrl\":\"https:\\\/\\\/www.latribunedufaso.net\\\/wp-content\\\/uploads\\\/2020\\\/08\\\/Logo-Tribune-du-Faso-final-scaled.jpg\",\"width\":2560,\"height\":1856,\"caption\":\"La Tribune du Faso\"},\"image\":{\"@id\":\"https:\\\/\\\/www.latribunedufaso.net\\\/#\\\/schema\\\/logo\\\/image\\\/\"},\"sameAs\":[\"https:\\\/\\\/www.facebook.com\\\/LatribuneduFaso\\\/\"]},{\"@type\":\"Person\",\"@id\":\"https:\\\/\\\/www.latribunedufaso.net\\\/#\\\/schema\\\/person\\\/a380782d0605bb8aae27c40ea93b35b1\",\"name\":\"Administrateur\",\"image\":{\"@type\":\"ImageObject\",\"inLanguage\":\"fr-FR\",\"@id\":\"https:\\\/\\\/secure.gravatar.com\\\/avatar\\\/e20266f97d741f0e80ba1f60283074a9b3317fd7bfb727e0d95b51dafbf854a1?s=96&d=mm&r=g\",\"url\":\"https:\\\/\\\/secure.gravatar.com\\\/avatar\\\/e20266f97d741f0e80ba1f60283074a9b3317fd7bfb727e0d95b51dafbf854a1?s=96&d=mm&r=g\",\"contentUrl\":\"https:\\\/\\\/secure.gravatar.com\\\/avatar\\\/e20266f97d741f0e80ba1f60283074a9b3317fd7bfb727e0d95b51dafbf854a1?s=96&d=mm&r=g\",\"caption\":\"Administrateur\"},\"url\":\"https:\\\/\\\/www.latribunedufaso.net\\\/?author=2\"}]}<\/script>\n<!-- \/ Yoast SEO plugin. -->","yoast_head_json":{"title":"\u00a0Sahara occidental : Le ministre des affaires \u00e9trang\u00e8res marocain salue la d\u00e9cision am\u00e9ricaine, et appelle l\u2019Europe \u00e0 emboiter leur pas - La Tribune du Faso","robots":{"index":"index","follow":"follow","max-snippet":"max-snippet:-1","max-image-preview":"max-image-preview:large","max-video-preview":"max-video-preview:-1"},"canonical":"https:\/\/www.latribunedufaso.net\/?p=2414","og_locale":"fr_FR","og_type":"article","og_title":"\u00a0Sahara occidental : Le ministre des affaires \u00e9trang\u00e8res marocain salue la d\u00e9cision am\u00e9ricaine, et appelle l\u2019Europe \u00e0 emboiter leur pas - La Tribune du Faso","og_description":"A l\u2019initiative du Maroc et des \u00c9tats-Unis d\u2019Am\u00e9rique, avec la participation de 40 pays, il est intervenu, en visioconf\u00e9rence, la Conf\u00e9rence minist\u00e9rielle de soutien \u00e0 l\u2019initiative d\u2019autonomie sous la souverainet\u00e9 du Maroc. A l\u2019issue de cette r\u00e9union, il s\u2019est tenu un point de presse, dont l\u2019on note principalement l\u2019intervention du ministre des affaires \u00e9trang\u00e8res, de la coop\u00e9ration africaine et des Marocains r\u00e9sidant \u00e0 l\u2019\u00e9tranger, Nasser Bourita.","og_url":"https:\/\/www.latribunedufaso.net\/?p=2414","og_site_name":"La Tribune du Faso","article_publisher":"https:\/\/www.facebook.com\/LatribuneduFaso\/","article_published_time":"2021-01-22T10:22:25+00:00","article_modified_time":"2021-01-25T13:43:38+00:00","og_image":[{"width":1280,"height":853,"url":"https:\/\/latribunedufaso.net\/wp-content\/uploads\/2021\/01\/IMG-20210119-WA0060.jpg","type":"image\/jpeg"}],"author":"Administrateur","twitter_misc":{"\u00c9crit par":"Administrateur","Dur\u00e9e de lecture estim\u00e9e":"3 minutes"},"schema":{"@context":"https:\/\/schema.org","@graph":[{"@type":"Article","@id":"https:\/\/www.latribunedufaso.net\/?p=2414#article","isPartOf":{"@id":"https:\/\/www.latribunedufaso.net\/?p=2414"},"author":{"name":"Administrateur","@id":"https:\/\/www.latribunedufaso.net\/#\/schema\/person\/a380782d0605bb8aae27c40ea93b35b1"},"headline":"\u00a0Sahara occidental : Le ministre des affaires \u00e9trang\u00e8res marocain salue la d\u00e9cision am\u00e9ricaine, et appelle l\u2019Europe \u00e0 emboiter leur pas","datePublished":"2021-01-22T10:22:25+00:00","dateModified":"2021-01-25T13:43:38+00:00","mainEntityOfPage":{"@id":"https:\/\/www.latribunedufaso.net\/?p=2414"},"wordCount":666,"commentCount":0,"publisher":{"@id":"https:\/\/www.latribunedufaso.net\/#organization"},"image":{"@id":"https:\/\/www.latribunedufaso.net\/?p=2414#primaryimage"},"thumbnailUrl":"https:\/\/www.latribunedufaso.net\/wp-content\/uploads\/2021\/01\/IMG-20210119-WA0060.jpg","articleSection":["A la une","Actualit\u00e9","International"],"inLanguage":"fr-FR","potentialAction":[{"@type":"CommentAction","name":"Comment","target":["https:\/\/www.latribunedufaso.net\/?p=2414#respond"]}]},{"@type":"WebPage","@id":"https:\/\/www.latribunedufaso.net\/?p=2414","url":"https:\/\/www.latribunedufaso.net\/?p=2414","name":"\u00a0Sahara occidental : Le ministre des affaires \u00e9trang\u00e8res marocain salue la d\u00e9cision am\u00e9ricaine, et appelle l\u2019Europe \u00e0 emboiter leur pas - La Tribune du Faso","isPartOf":{"@id":"https:\/\/www.latribunedufaso.net\/#website"},"primaryImageOfPage":{"@id":"https:\/\/www.latribunedufaso.net\/?p=2414#primaryimage"},"image":{"@id":"https:\/\/www.latribunedufaso.net\/?p=2414#primaryimage"},"thumbnailUrl":"https:\/\/www.latribunedufaso.net\/wp-content\/uploads\/2021\/01\/IMG-20210119-WA0060.jpg","datePublished":"2021-01-22T10:22:25+00:00","dateModified":"2021-01-25T13:43:38+00:00","breadcrumb":{"@id":"https:\/\/www.latribunedufaso.net\/?p=2414#breadcrumb"},"inLanguage":"fr-FR","potentialAction":[{"@type":"ReadAction","target":["https:\/\/www.latribunedufaso.net\/?p=2414"]}]},{"@type":"ImageObject","inLanguage":"fr-FR","@id":"https:\/\/www.latribunedufaso.net\/?p=2414#primaryimage","url":"https:\/\/www.latribunedufaso.net\/wp-content\/uploads\/2021\/01\/IMG-20210119-WA0060.jpg","contentUrl":"https:\/\/www.latribunedufaso.net\/wp-content\/uploads\/2021\/01\/IMG-20210119-WA0060.jpg","width":1280,"height":853},{"@type":"BreadcrumbList","@id":"https:\/\/www.latribunedufaso.net\/?p=2414#breadcrumb","itemListElement":[{"@type":"ListItem","position":1,"name":"Accueil","item":"https:\/\/www.latribunedufaso.net\/"},{"@type":"ListItem","position":2,"name":"\u00a0Sahara occidental : Le ministre des affaires \u00e9trang\u00e8res marocain salue la d\u00e9cision am\u00e9ricaine, et appelle l\u2019Europe \u00e0 emboiter leur pas"}]},{"@type":"WebSite","@id":"https:\/\/www.latribunedufaso.net\/#website","url":"https:\/\/www.latribunedufaso.net\/","name":"La Tribune du Faso","description":"L&#039;information du monde rural en un clic","publisher":{"@id":"https:\/\/www.latribunedufaso.net\/#organization"},"potentialAction":[{"@type":"SearchAction","target":{"@type":"EntryPoint","urlTemplate":"https:\/\/www.latribunedufaso.net\/?s={search_term_string}"},"query-input":{"@type":"PropertyValueSpecification","valueRequired":true,"valueName":"search_term_string"}}],"inLanguage":"fr-FR"},{"@type":"Organization","@id":"https:\/\/www.latribunedufaso.net\/#organization","name":"La Tribune du Faso","url":"https:\/\/www.latribunedufaso.net\/","logo":{"@type":"ImageObject","inLanguage":"fr-FR","@id":"https:\/\/www.latribunedufaso.net\/#\/schema\/logo\/image\/","url":"https:\/\/www.latribunedufaso.net\/wp-content\/uploads\/2020\/08\/Logo-Tribune-du-Faso-final-scaled.jpg","contentUrl":"https:\/\/www.latribunedufaso.net\/wp-content\/uploads\/2020\/08\/Logo-Tribune-du-Faso-final-scaled.jpg","width":2560,"height":1856,"caption":"La Tribune du Faso"},"image":{"@id":"https:\/\/www.latribunedufaso.net\/#\/schema\/logo\/image\/"},"sameAs":["https:\/\/www.facebook.com\/LatribuneduFaso\/"]},{"@type":"Person","@id":"https:\/\/www.latribunedufaso.net\/#\/schema\/person\/a380782d0605bb8aae27c40ea93b35b1","name":"Administrateur","image":{"@type":"ImageObject","inLanguage":"fr-FR","@id":"https:\/\/secure.gravatar.com\/avatar\/e20266f97d741f0e80ba1f60283074a9b3317fd7bfb727e0d95b51dafbf854a1?s=96&d=mm&r=g","url":"https:\/\/secure.gravatar.com\/avatar\/e20266f97d741f0e80ba1f60283074a9b3317fd7bfb727e0d95b51dafbf854a1?s=96&d=mm&r=g","contentUrl":"https:\/\/secure.gravatar.com\/avatar\/e20266f97d741f0e80ba1f60283074a9b3317fd7bfb727e0d95b51dafbf854a1?s=96&d=mm&r=g","caption":"Administrateur"},"url":"https:\/\/www.latribunedufaso.net\/?author=2"}]}},"_links":{"self":[{"href":"https:\/\/www.latribunedufaso.net\/index.php?rest_route=\/wp\/v2\/posts\/2414","targetHints":{"allow":["GET"]}}],"collection":[{"href":"https:\/\/www.latribunedufaso.net\/index.php?rest_route=\/wp\/v2\/posts"}],"about":[{"href":"https:\/\/www.latribunedufaso.net\/index.php?rest_route=\/wp\/v2\/types\/post"}],"author":[{"embeddable":true,"href":"https:\/\/www.latribunedufaso.net\/index.php?rest_route=\/wp\/v2\/users\/2"}],"replies":[{"embeddable":true,"href":"https:\/\/www.latribunedufaso.net\/index.php?rest_route=%2Fwp%2Fv2%2Fcomments&post=2414"}],"version-history":[{"count":1,"href":"https:\/\/www.latribunedufaso.net\/index.php?rest_route=\/wp\/v2\/posts\/2414\/revisions"}],"predecessor-version":[{"id":2417,"href":"https:\/\/www.latribunedufaso.net\/index.php?rest_route=\/wp\/v2\/posts\/2414\/revisions\/2417"}],"wp:featuredmedia":[{"embeddable":true,"href":"https:\/\/www.latribunedufaso.net\/index.php?rest_route=\/wp\/v2\/media\/2416"}],"wp:attachment":[{"href":"https:\/\/www.latribunedufaso.net\/index.php?rest_route=%2Fwp%2Fv2%2Fmedia&parent=2414"}],"wp:term":[{"taxonomy":"category","embeddable":true,"href":"https:\/\/www.latribunedufaso.net\/index.php?rest_route=%2Fwp%2Fv2%2Fcategories&post=2414"},{"taxonomy":"post_tag","embeddable":true,"href":"https:\/\/www.latribunedufaso.net\/index.php?rest_route=%2Fwp%2Fv2%2Ftags&post=2414"}],"curies":[{"name":"wp","href":"https:\/\/api.w.org\/{rel}","templated":true}]}}