{"id":24108,"date":"2025-10-10T10:39:45","date_gmt":"2025-10-10T10:39:45","guid":{"rendered":"https:\/\/www.latribunedufaso.net\/?p=24108"},"modified":"2025-10-10T10:39:45","modified_gmt":"2025-10-10T10:39:45","slug":"dialogue-intergenerational-le-ministre-de-la-securite-salue-la-contribution-des-anciens-directeurs-generaux-de-la-police-nationale","status":"publish","type":"post","link":"https:\/\/www.latribunedufaso.net\/?p=24108","title":{"rendered":"Dialogue intergenerational : Le ministre de la S\u00e9curit\u00e9 salue la contribution des anciens directeurs g\u00e9n\u00e9raux de la Police nationale\u00a0"},"content":{"rendered":"<p><strong>Ce jeudi 9 octobre 2025 \u00e0 Ouagadougou, le ministre de la S\u00e9curit\u00e9, Mahamadou Sana, a re\u00e7u en audience, une d\u00e9l\u00e9gation compos\u00e9e des anciens Directeurs g\u00e9n\u00e9raux de la Police nationale. Au nombre de sept (07), ils \u00e9taient conduits par l\u2019actuel Directeur g\u00e9n\u00e9ral, l\u2019Inspecteur g\u00e9n\u00e9ral de Police Thierry Tuina.<\/strong><!--more--><\/p>\n<p>Cette rencontre s\u2019inscrit dans une dynamique de concertation et de continuit\u00e9 institutionnelle entre les g\u00e9n\u00e9rations de hauts cadres, ayant marqu\u00e9 l\u2019histoire de la Police nationale. Elle a permis d\u2019\u00e9changer sur diverses questions relatives \u00e0 la consolidation des acquis, au renforcement du fonctionnement et \u00e0 la promotion des valeurs au sein de l\u2019institution polici\u00e8re.<\/p>\n<figure id=\"attachment_24111\" aria-describedby=\"caption-attachment-24111\" style=\"width: 2048px\" class=\"wp-caption aligncenter\"><a href=\"https:\/\/www.latribunedufaso.net\/wp-content\/uploads\/2025\/10\/FB_IMG_1760091918047.jpg\"><img loading=\"lazy\" decoding=\"async\" class=\"size-full wp-image-24111\" src=\"https:\/\/www.latribunedufaso.net\/wp-content\/uploads\/2025\/10\/FB_IMG_1760091918047.jpg\" alt=\"Visite d'une d\u00e9l\u00e9gation d'anciens DG de la Police nationale au ministre de la S\u00e9curit\u00e9, 9 octobre 2025\" width=\"2048\" height=\"1365\" srcset=\"https:\/\/www.latribunedufaso.net\/wp-content\/uploads\/2025\/10\/FB_IMG_1760091918047.jpg 2048w, https:\/\/www.latribunedufaso.net\/wp-content\/uploads\/2025\/10\/FB_IMG_1760091918047-300x200.jpg 300w, https:\/\/www.latribunedufaso.net\/wp-content\/uploads\/2025\/10\/FB_IMG_1760091918047-1024x683.jpg 1024w, https:\/\/www.latribunedufaso.net\/wp-content\/uploads\/2025\/10\/FB_IMG_1760091918047-768x512.jpg 768w, https:\/\/www.latribunedufaso.net\/wp-content\/uploads\/2025\/10\/FB_IMG_1760091918047-1536x1024.jpg 1536w, https:\/\/www.latribunedufaso.net\/wp-content\/uploads\/2025\/10\/FB_IMG_1760091918047-840x560.jpg 840w, https:\/\/www.latribunedufaso.net\/wp-content\/uploads\/2025\/10\/FB_IMG_1760091918047-120x80.jpg 120w, https:\/\/www.latribunedufaso.net\/wp-content\/uploads\/2025\/10\/FB_IMG_1760091918047-360x240.jpg 360w, https:\/\/www.latribunedufaso.net\/wp-content\/uploads\/2025\/10\/FB_IMG_1760091918047-600x400.jpg 600w\" sizes=\"auto, (max-width: 2048px) 100vw, 2048px\" \/><\/a><figcaption id=\"caption-attachment-24111\" class=\"wp-caption-text\">Le Contr\u00f4leur de police \u00e0 la retraite Thomas Dakour\u00e9 &#8211; Ph. DR<\/figcaption><\/figure>\n<p>\u00c0 l\u2019issue de l\u2019audience, le doyen de la d\u00e9l\u00e9gation, le Contr\u00f4leur de police \u00e0 la retraite Thomas Dakour\u00e9, ancien Directeur g\u00e9n\u00e9ral de la Police nationale, a salu\u00e9 cette initiative de dialogue et d\u2019\u00e9coute. Il a r\u00e9affirm\u00e9 au ministre la pleine disponibilit\u00e9 des anciens Directeurs g\u00e9n\u00e9raux \u00e0 accompagner les efforts en cours pour le rayonnement de la Police nationale au service des populations.<\/p>\n<figure id=\"attachment_24110\" aria-describedby=\"caption-attachment-24110\" style=\"width: 2048px\" class=\"wp-caption aligncenter\"><a href=\"https:\/\/www.latribunedufaso.net\/wp-content\/uploads\/2025\/10\/FB_IMG_1760091911938.jpg\"><img loading=\"lazy\" decoding=\"async\" class=\"size-full wp-image-24110\" src=\"https:\/\/www.latribunedufaso.net\/wp-content\/uploads\/2025\/10\/FB_IMG_1760091911938.jpg\" alt=\"Visite d'une d\u00e9l\u00e9gation d'anciens DG de la Police nationale au ministre de la S\u00e9curit\u00e9, 9 octobre 2025\" width=\"2048\" height=\"1218\" srcset=\"https:\/\/www.latribunedufaso.net\/wp-content\/uploads\/2025\/10\/FB_IMG_1760091911938.jpg 2048w, https:\/\/www.latribunedufaso.net\/wp-content\/uploads\/2025\/10\/FB_IMG_1760091911938-300x178.jpg 300w, https:\/\/www.latribunedufaso.net\/wp-content\/uploads\/2025\/10\/FB_IMG_1760091911938-1024x609.jpg 1024w, https:\/\/www.latribunedufaso.net\/wp-content\/uploads\/2025\/10\/FB_IMG_1760091911938-768x457.jpg 768w, https:\/\/www.latribunedufaso.net\/wp-content\/uploads\/2025\/10\/FB_IMG_1760091911938-1536x914.jpg 1536w\" sizes=\"auto, (max-width: 2048px) 100vw, 2048px\" \/><\/a><figcaption id=\"caption-attachment-24110\" class=\"wp-caption-text\">Une vue de la d\u00e9l\u00e9gation lors de l&rsquo;audience &#8211; Ph. DR<\/figcaption><\/figure>\n<p><em><strong>\u00ab \u00catre policier, on ne va jamais \u00e0 la retraite. C\u2019est le jour o\u00f9 l\u2019on est enterr\u00e9 au cimeti\u00e8re qu\u2019on cesse d\u2019exercer \u00bb<\/strong><\/em>, a-t-il d\u00e9clar\u00e9, traduisant ainsi l\u2019engagement ind\u00e9fectible des anciens responsables \u00e0 servir la Nation, m\u00eame en dehors des rangs.<\/p>\n<blockquote>\n<p>Lire aussi &gt;&gt; <a href=\"https:\/\/www.latribunedufaso.net\/?p=23425\">Brigade motoris\u00e9e de s\u00e9curit\u00e9 et d\u2019intervention (BMSI) : Une innovation de la Police pour traquer les criminels en deux-roues<\/a><\/p>\n<\/blockquote>\n<p>Pour sa part, le ministre de la S\u00e9curit\u00e9, Mahamadou Sana, a salu\u00e9 la disponibilit\u00e9 et la contribution des anciens Directeurs g\u00e9n\u00e9raux dans la construction de l\u2019histoire de la Police nationale. Il a r\u00e9affirm\u00e9 \u00e9galement son engagement \u00e0 poursuivre toute \u0153uvre visant \u00e0 renforcer la performance, le rayonnement et la proximit\u00e9 de la Police nationale avec les populations, dans un contexte s\u00e9curitaire particuli\u00e8rement exigeant.<\/p>\n<p><strong>Latribunedufaso.net\u00a0<\/strong><\/p>\n<p><strong>Source : DCRP\/MSECU<\/strong><\/p>\n","protected":false},"excerpt":{"rendered":"<p>Ce jeudi 9 octobre 2025 \u00e0 Ouagadougou, le ministre de la S\u00e9curit\u00e9, Mahamadou Sana, a re\u00e7u en audience, une d\u00e9l\u00e9gation compos\u00e9e des anciens Directeurs g\u00e9n\u00e9raux de la Police nationale. Au nombre de sept (07), ils \u00e9taient conduits par l\u2019actuel Directeur g\u00e9n\u00e9ral, l\u2019Inspecteur g\u00e9n\u00e9ral de Police Thierry Tuina.<\/p>\n","protected":false},"author":5,"featured_media":24109,"comment_status":"open","ping_status":"open","sticky":false,"template":"","format":"standard","meta":{"footnotes":""},"categories":[13,1,8],"tags":[39,78,1636],"class_list":["post-24108","post","type-post","status-publish","format-standard","has-post-thumbnail","hentry","category-une","category-actu","category-societe","tag-latribunedufaso-net","tag-police-nationale","tag-visite-ancien-dg-police-au-ministre"],"yoast_head":"<!-- This site is optimized with the Yoast SEO plugin v27.4 - https:\/\/yoast.com\/product\/yoast-seo-wordpress\/ -->\n<title>Dialogue intergenerational : Le ministre de la S\u00e9curit\u00e9 salue la contribution des anciens directeurs g\u00e9n\u00e9raux de la Police nationale\u00a0 - La Tribune du Faso<\/title>\n<meta name=\"robots\" content=\"index, follow, max-snippet:-1, max-image-preview:large, max-video-preview:-1\" \/>\n<link rel=\"canonical\" href=\"https:\/\/www.latribunedufaso.net\/?p=24108\" \/>\n<meta property=\"og:locale\" content=\"fr_FR\" \/>\n<meta property=\"og:type\" content=\"article\" \/>\n<meta property=\"og:title\" content=\"Dialogue intergenerational : Le ministre de la S\u00e9curit\u00e9 salue la contribution des anciens directeurs g\u00e9n\u00e9raux de la Police nationale\u00a0 - La Tribune du Faso\" \/>\n<meta property=\"og:description\" content=\"Ce jeudi 9 octobre 2025 \u00e0 Ouagadougou, le ministre de la S\u00e9curit\u00e9, Mahamadou Sana, a re\u00e7u en audience, une d\u00e9l\u00e9gation compos\u00e9e des anciens Directeurs g\u00e9n\u00e9raux de la Police nationale. Au nombre de sept (07), ils \u00e9taient conduits par l\u2019actuel Directeur g\u00e9n\u00e9ral, l\u2019Inspecteur g\u00e9n\u00e9ral de Police Thierry Tuina.\" \/>\n<meta property=\"og:url\" content=\"https:\/\/www.latribunedufaso.net\/?p=24108\" \/>\n<meta property=\"og:site_name\" content=\"La Tribune du Faso\" \/>\n<meta property=\"article:publisher\" content=\"https:\/\/www.facebook.com\/LatribuneduFaso\/\" \/>\n<meta property=\"article:published_time\" content=\"2025-10-10T10:39:45+00:00\" \/>\n<meta property=\"og:image\" content=\"https:\/\/www.latribunedufaso.net\/wp-content\/uploads\/2025\/10\/FB_IMG_1760091906880.jpg\" \/>\n\t<meta property=\"og:image:width\" content=\"2048\" \/>\n\t<meta property=\"og:image:height\" content=\"1276\" \/>\n\t<meta property=\"og:image:type\" content=\"image\/jpeg\" \/>\n<meta name=\"author\" content=\"Issouf Tapsoba\" \/>\n<meta name=\"twitter:label1\" content=\"\u00c9crit par\" \/>\n\t<meta name=\"twitter:data1\" content=\"Issouf Tapsoba\" \/>\n\t<meta name=\"twitter:label2\" content=\"Dur\u00e9e de lecture estim\u00e9e\" \/>\n\t<meta name=\"twitter:data2\" content=\"2 minutes\" \/>\n<script type=\"application\/ld+json\" class=\"yoast-schema-graph\">{\"@context\":\"https:\\\/\\\/schema.org\",\"@graph\":[{\"@type\":\"Article\",\"@id\":\"https:\\\/\\\/www.latribunedufaso.net\\\/?p=24108#article\",\"isPartOf\":{\"@id\":\"https:\\\/\\\/www.latribunedufaso.net\\\/?p=24108\"},\"author\":{\"name\":\"Issouf Tapsoba\",\"@id\":\"https:\\\/\\\/www.latribunedufaso.net\\\/#\\\/schema\\\/person\\\/e54e64c5778a7e72cf80a318b7a622b0\"},\"headline\":\"Dialogue intergenerational : Le ministre de la S\u00e9curit\u00e9 salue la contribution des anciens directeurs g\u00e9n\u00e9raux de la Police nationale\u00a0\",\"datePublished\":\"2025-10-10T10:39:45+00:00\",\"mainEntityOfPage\":{\"@id\":\"https:\\\/\\\/www.latribunedufaso.net\\\/?p=24108\"},\"wordCount\":389,\"commentCount\":0,\"publisher\":{\"@id\":\"https:\\\/\\\/www.latribunedufaso.net\\\/#organization\"},\"image\":{\"@id\":\"https:\\\/\\\/www.latribunedufaso.net\\\/?p=24108#primaryimage\"},\"thumbnailUrl\":\"https:\\\/\\\/www.latribunedufaso.net\\\/wp-content\\\/uploads\\\/2025\\\/10\\\/FB_IMG_1760091906880.jpg\",\"keywords\":[\"latribunedufaso.net\",\"Police nationale\",\"Visite ancien DG police au ministre\"],\"articleSection\":[\"A la une\",\"Actualit\u00e9\",\"Soci\u00e9t\u00e9\"],\"inLanguage\":\"fr-FR\",\"potentialAction\":[{\"@type\":\"CommentAction\",\"name\":\"Comment\",\"target\":[\"https:\\\/\\\/www.latribunedufaso.net\\\/?p=24108#respond\"]}]},{\"@type\":\"WebPage\",\"@id\":\"https:\\\/\\\/www.latribunedufaso.net\\\/?p=24108\",\"url\":\"https:\\\/\\\/www.latribunedufaso.net\\\/?p=24108\",\"name\":\"Dialogue intergenerational : Le ministre de la S\u00e9curit\u00e9 salue la contribution des anciens directeurs g\u00e9n\u00e9raux de la Police nationale\u00a0 - La Tribune du Faso\",\"isPartOf\":{\"@id\":\"https:\\\/\\\/www.latribunedufaso.net\\\/#website\"},\"primaryImageOfPage\":{\"@id\":\"https:\\\/\\\/www.latribunedufaso.net\\\/?p=24108#primaryimage\"},\"image\":{\"@id\":\"https:\\\/\\\/www.latribunedufaso.net\\\/?p=24108#primaryimage\"},\"thumbnailUrl\":\"https:\\\/\\\/www.latribunedufaso.net\\\/wp-content\\\/uploads\\\/2025\\\/10\\\/FB_IMG_1760091906880.jpg\",\"datePublished\":\"2025-10-10T10:39:45+00:00\",\"breadcrumb\":{\"@id\":\"https:\\\/\\\/www.latribunedufaso.net\\\/?p=24108#breadcrumb\"},\"inLanguage\":\"fr-FR\",\"potentialAction\":[{\"@type\":\"ReadAction\",\"target\":[\"https:\\\/\\\/www.latribunedufaso.net\\\/?p=24108\"]}]},{\"@type\":\"ImageObject\",\"inLanguage\":\"fr-FR\",\"@id\":\"https:\\\/\\\/www.latribunedufaso.net\\\/?p=24108#primaryimage\",\"url\":\"https:\\\/\\\/www.latribunedufaso.net\\\/wp-content\\\/uploads\\\/2025\\\/10\\\/FB_IMG_1760091906880.jpg\",\"contentUrl\":\"https:\\\/\\\/www.latribunedufaso.net\\\/wp-content\\\/uploads\\\/2025\\\/10\\\/FB_IMG_1760091906880.jpg\",\"width\":2048,\"height\":1276,\"caption\":\"Visite d'une d\u00e9l\u00e9gation d'anciens DG de la Police nationale au ministre de la S\u00e9curit\u00e9, 9 octobre 2025\"},{\"@type\":\"BreadcrumbList\",\"@id\":\"https:\\\/\\\/www.latribunedufaso.net\\\/?p=24108#breadcrumb\",\"itemListElement\":[{\"@type\":\"ListItem\",\"position\":1,\"name\":\"Accueil\",\"item\":\"https:\\\/\\\/www.latribunedufaso.net\\\/\"},{\"@type\":\"ListItem\",\"position\":2,\"name\":\"Dialogue intergenerational : Le ministre de la S\u00e9curit\u00e9 salue la contribution des anciens directeurs g\u00e9n\u00e9raux de la Police nationale\u00a0\"}]},{\"@type\":\"WebSite\",\"@id\":\"https:\\\/\\\/www.latribunedufaso.net\\\/#website\",\"url\":\"https:\\\/\\\/www.latribunedufaso.net\\\/\",\"name\":\"La Tribune du Faso\",\"description\":\"L&#039;information du monde rural en un clic\",\"publisher\":{\"@id\":\"https:\\\/\\\/www.latribunedufaso.net\\\/#organization\"},\"potentialAction\":[{\"@type\":\"SearchAction\",\"target\":{\"@type\":\"EntryPoint\",\"urlTemplate\":\"https:\\\/\\\/www.latribunedufaso.net\\\/?s={search_term_string}\"},\"query-input\":{\"@type\":\"PropertyValueSpecification\",\"valueRequired\":true,\"valueName\":\"search_term_string\"}}],\"inLanguage\":\"fr-FR\"},{\"@type\":\"Organization\",\"@id\":\"https:\\\/\\\/www.latribunedufaso.net\\\/#organization\",\"name\":\"La Tribune du Faso\",\"url\":\"https:\\\/\\\/www.latribunedufaso.net\\\/\",\"logo\":{\"@type\":\"ImageObject\",\"inLanguage\":\"fr-FR\",\"@id\":\"https:\\\/\\\/www.latribunedufaso.net\\\/#\\\/schema\\\/logo\\\/image\\\/\",\"url\":\"https:\\\/\\\/www.latribunedufaso.net\\\/wp-content\\\/uploads\\\/2020\\\/08\\\/Logo-Tribune-du-Faso-final-scaled.jpg\",\"contentUrl\":\"https:\\\/\\\/www.latribunedufaso.net\\\/wp-content\\\/uploads\\\/2020\\\/08\\\/Logo-Tribune-du-Faso-final-scaled.jpg\",\"width\":2560,\"height\":1856,\"caption\":\"La Tribune du Faso\"},\"image\":{\"@id\":\"https:\\\/\\\/www.latribunedufaso.net\\\/#\\\/schema\\\/logo\\\/image\\\/\"},\"sameAs\":[\"https:\\\/\\\/www.facebook.com\\\/LatribuneduFaso\\\/\"]},{\"@type\":\"Person\",\"@id\":\"https:\\\/\\\/www.latribunedufaso.net\\\/#\\\/schema\\\/person\\\/e54e64c5778a7e72cf80a318b7a622b0\",\"name\":\"Issouf Tapsoba\",\"image\":{\"@type\":\"ImageObject\",\"inLanguage\":\"fr-FR\",\"@id\":\"https:\\\/\\\/secure.gravatar.com\\\/avatar\\\/5e6c05150ce3230247d167f5b94d678eb05936197436d69b7921e3a95c9107ac?s=96&d=mm&r=g\",\"url\":\"https:\\\/\\\/secure.gravatar.com\\\/avatar\\\/5e6c05150ce3230247d167f5b94d678eb05936197436d69b7921e3a95c9107ac?s=96&d=mm&r=g\",\"contentUrl\":\"https:\\\/\\\/secure.gravatar.com\\\/avatar\\\/5e6c05150ce3230247d167f5b94d678eb05936197436d69b7921e3a95c9107ac?s=96&d=mm&r=g\",\"caption\":\"Issouf Tapsoba\"},\"url\":\"https:\\\/\\\/www.latribunedufaso.net\\\/?author=5\"}]}<\/script>\n<!-- \/ Yoast SEO plugin. -->","yoast_head_json":{"title":"Dialogue intergenerational : Le ministre de la S\u00e9curit\u00e9 salue la contribution des anciens directeurs g\u00e9n\u00e9raux de la Police nationale\u00a0 - La Tribune du Faso","robots":{"index":"index","follow":"follow","max-snippet":"max-snippet:-1","max-image-preview":"max-image-preview:large","max-video-preview":"max-video-preview:-1"},"canonical":"https:\/\/www.latribunedufaso.net\/?p=24108","og_locale":"fr_FR","og_type":"article","og_title":"Dialogue intergenerational : Le ministre de la S\u00e9curit\u00e9 salue la contribution des anciens directeurs g\u00e9n\u00e9raux de la Police nationale\u00a0 - La Tribune du Faso","og_description":"Ce jeudi 9 octobre 2025 \u00e0 Ouagadougou, le ministre de la S\u00e9curit\u00e9, Mahamadou Sana, a re\u00e7u en audience, une d\u00e9l\u00e9gation compos\u00e9e des anciens Directeurs g\u00e9n\u00e9raux de la Police nationale. Au nombre de sept (07), ils \u00e9taient conduits par l\u2019actuel Directeur g\u00e9n\u00e9ral, l\u2019Inspecteur g\u00e9n\u00e9ral de Police Thierry Tuina.","og_url":"https:\/\/www.latribunedufaso.net\/?p=24108","og_site_name":"La Tribune du Faso","article_publisher":"https:\/\/www.facebook.com\/LatribuneduFaso\/","article_published_time":"2025-10-10T10:39:45+00:00","og_image":[{"width":2048,"height":1276,"url":"https:\/\/www.latribunedufaso.net\/wp-content\/uploads\/2025\/10\/FB_IMG_1760091906880.jpg","type":"image\/jpeg"}],"author":"Issouf Tapsoba","twitter_misc":{"\u00c9crit par":"Issouf Tapsoba","Dur\u00e9e de lecture estim\u00e9e":"2 minutes"},"schema":{"@context":"https:\/\/schema.org","@graph":[{"@type":"Article","@id":"https:\/\/www.latribunedufaso.net\/?p=24108#article","isPartOf":{"@id":"https:\/\/www.latribunedufaso.net\/?p=24108"},"author":{"name":"Issouf Tapsoba","@id":"https:\/\/www.latribunedufaso.net\/#\/schema\/person\/e54e64c5778a7e72cf80a318b7a622b0"},"headline":"Dialogue intergenerational : Le ministre de la S\u00e9curit\u00e9 salue la contribution des anciens directeurs g\u00e9n\u00e9raux de la Police nationale\u00a0","datePublished":"2025-10-10T10:39:45+00:00","mainEntityOfPage":{"@id":"https:\/\/www.latribunedufaso.net\/?p=24108"},"wordCount":389,"commentCount":0,"publisher":{"@id":"https:\/\/www.latribunedufaso.net\/#organization"},"image":{"@id":"https:\/\/www.latribunedufaso.net\/?p=24108#primaryimage"},"thumbnailUrl":"https:\/\/www.latribunedufaso.net\/wp-content\/uploads\/2025\/10\/FB_IMG_1760091906880.jpg","keywords":["latribunedufaso.net","Police nationale","Visite ancien DG police au ministre"],"articleSection":["A la une","Actualit\u00e9","Soci\u00e9t\u00e9"],"inLanguage":"fr-FR","potentialAction":[{"@type":"CommentAction","name":"Comment","target":["https:\/\/www.latribunedufaso.net\/?p=24108#respond"]}]},{"@type":"WebPage","@id":"https:\/\/www.latribunedufaso.net\/?p=24108","url":"https:\/\/www.latribunedufaso.net\/?p=24108","name":"Dialogue intergenerational : Le ministre de la S\u00e9curit\u00e9 salue la contribution des anciens directeurs g\u00e9n\u00e9raux de la Police nationale\u00a0 - La Tribune du Faso","isPartOf":{"@id":"https:\/\/www.latribunedufaso.net\/#website"},"primaryImageOfPage":{"@id":"https:\/\/www.latribunedufaso.net\/?p=24108#primaryimage"},"image":{"@id":"https:\/\/www.latribunedufaso.net\/?p=24108#primaryimage"},"thumbnailUrl":"https:\/\/www.latribunedufaso.net\/wp-content\/uploads\/2025\/10\/FB_IMG_1760091906880.jpg","datePublished":"2025-10-10T10:39:45+00:00","breadcrumb":{"@id":"https:\/\/www.latribunedufaso.net\/?p=24108#breadcrumb"},"inLanguage":"fr-FR","potentialAction":[{"@type":"ReadAction","target":["https:\/\/www.latribunedufaso.net\/?p=24108"]}]},{"@type":"ImageObject","inLanguage":"fr-FR","@id":"https:\/\/www.latribunedufaso.net\/?p=24108#primaryimage","url":"https:\/\/www.latribunedufaso.net\/wp-content\/uploads\/2025\/10\/FB_IMG_1760091906880.jpg","contentUrl":"https:\/\/www.latribunedufaso.net\/wp-content\/uploads\/2025\/10\/FB_IMG_1760091906880.jpg","width":2048,"height":1276,"caption":"Visite d'une d\u00e9l\u00e9gation d'anciens DG de la Police nationale au ministre de la S\u00e9curit\u00e9, 9 octobre 2025"},{"@type":"BreadcrumbList","@id":"https:\/\/www.latribunedufaso.net\/?p=24108#breadcrumb","itemListElement":[{"@type":"ListItem","position":1,"name":"Accueil","item":"https:\/\/www.latribunedufaso.net\/"},{"@type":"ListItem","position":2,"name":"Dialogue intergenerational : Le ministre de la S\u00e9curit\u00e9 salue la contribution des anciens directeurs g\u00e9n\u00e9raux de la Police nationale\u00a0"}]},{"@type":"WebSite","@id":"https:\/\/www.latribunedufaso.net\/#website","url":"https:\/\/www.latribunedufaso.net\/","name":"La Tribune du Faso","description":"L&#039;information du monde rural en un clic","publisher":{"@id":"https:\/\/www.latribunedufaso.net\/#organization"},"potentialAction":[{"@type":"SearchAction","target":{"@type":"EntryPoint","urlTemplate":"https:\/\/www.latribunedufaso.net\/?s={search_term_string}"},"query-input":{"@type":"PropertyValueSpecification","valueRequired":true,"valueName":"search_term_string"}}],"inLanguage":"fr-FR"},{"@type":"Organization","@id":"https:\/\/www.latribunedufaso.net\/#organization","name":"La Tribune du Faso","url":"https:\/\/www.latribunedufaso.net\/","logo":{"@type":"ImageObject","inLanguage":"fr-FR","@id":"https:\/\/www.latribunedufaso.net\/#\/schema\/logo\/image\/","url":"https:\/\/www.latribunedufaso.net\/wp-content\/uploads\/2020\/08\/Logo-Tribune-du-Faso-final-scaled.jpg","contentUrl":"https:\/\/www.latribunedufaso.net\/wp-content\/uploads\/2020\/08\/Logo-Tribune-du-Faso-final-scaled.jpg","width":2560,"height":1856,"caption":"La Tribune du Faso"},"image":{"@id":"https:\/\/www.latribunedufaso.net\/#\/schema\/logo\/image\/"},"sameAs":["https:\/\/www.facebook.com\/LatribuneduFaso\/"]},{"@type":"Person","@id":"https:\/\/www.latribunedufaso.net\/#\/schema\/person\/e54e64c5778a7e72cf80a318b7a622b0","name":"Issouf Tapsoba","image":{"@type":"ImageObject","inLanguage":"fr-FR","@id":"https:\/\/secure.gravatar.com\/avatar\/5e6c05150ce3230247d167f5b94d678eb05936197436d69b7921e3a95c9107ac?s=96&d=mm&r=g","url":"https:\/\/secure.gravatar.com\/avatar\/5e6c05150ce3230247d167f5b94d678eb05936197436d69b7921e3a95c9107ac?s=96&d=mm&r=g","contentUrl":"https:\/\/secure.gravatar.com\/avatar\/5e6c05150ce3230247d167f5b94d678eb05936197436d69b7921e3a95c9107ac?s=96&d=mm&r=g","caption":"Issouf Tapsoba"},"url":"https:\/\/www.latribunedufaso.net\/?author=5"}]}},"_links":{"self":[{"href":"https:\/\/www.latribunedufaso.net\/index.php?rest_route=\/wp\/v2\/posts\/24108","targetHints":{"allow":["GET"]}}],"collection":[{"href":"https:\/\/www.latribunedufaso.net\/index.php?rest_route=\/wp\/v2\/posts"}],"about":[{"href":"https:\/\/www.latribunedufaso.net\/index.php?rest_route=\/wp\/v2\/types\/post"}],"author":[{"embeddable":true,"href":"https:\/\/www.latribunedufaso.net\/index.php?rest_route=\/wp\/v2\/users\/5"}],"replies":[{"embeddable":true,"href":"https:\/\/www.latribunedufaso.net\/index.php?rest_route=%2Fwp%2Fv2%2Fcomments&post=24108"}],"version-history":[{"count":1,"href":"https:\/\/www.latribunedufaso.net\/index.php?rest_route=\/wp\/v2\/posts\/24108\/revisions"}],"predecessor-version":[{"id":24112,"href":"https:\/\/www.latribunedufaso.net\/index.php?rest_route=\/wp\/v2\/posts\/24108\/revisions\/24112"}],"wp:featuredmedia":[{"embeddable":true,"href":"https:\/\/www.latribunedufaso.net\/index.php?rest_route=\/wp\/v2\/media\/24109"}],"wp:attachment":[{"href":"https:\/\/www.latribunedufaso.net\/index.php?rest_route=%2Fwp%2Fv2%2Fmedia&parent=24108"}],"wp:term":[{"taxonomy":"category","embeddable":true,"href":"https:\/\/www.latribunedufaso.net\/index.php?rest_route=%2Fwp%2Fv2%2Fcategories&post=24108"},{"taxonomy":"post_tag","embeddable":true,"href":"https:\/\/www.latribunedufaso.net\/index.php?rest_route=%2Fwp%2Fv2%2Ftags&post=24108"}],"curies":[{"name":"wp","href":"https:\/\/api.w.org\/{rel}","templated":true}]}}