{"id":2408,"date":"2021-01-25T12:45:37","date_gmt":"2021-01-25T12:45:37","guid":{"rendered":"https:\/\/www.latribunedufaso.net\/?p=2408"},"modified":"2021-01-25T12:45:37","modified_gmt":"2021-01-25T12:45:37","slug":"celebration-du-8-mars-2021-le-modele-imprime-du-pagne-officiellement-devoile","status":"publish","type":"post","link":"https:\/\/www.latribunedufaso.net\/?p=2408","title":{"rendered":"C\u00e9l\u00e9bration du 8 mars 2021\u00a0: Le mod\u00e8le imprim\u00e9 du pagne officiellement d\u00e9voil\u00e9"},"content":{"rendered":"<p><strong style=\"font-size: 1.0625rem;\">Le comit\u00e9 de s\u00e9lection du pagne du 8 mars 2021 a pr\u00e9sent\u00e9 officiellement le mod\u00e8le imprim\u00e9. C\u2019\u00e9tait \u00e0 Ouagadougou, au cours d\u2019une conf\u00e9rence de presse, tenue ce vendredi 22 janvier 2021.<\/strong><br \/>\n<!--more--><\/p>\n<p><a href=\"https:\/\/latribunedufaso.net\/wp-content\/uploads\/2021\/01\/IMG-20210122-WA0020.jpg\"><img loading=\"lazy\" decoding=\"async\" class=\"size-medium wp-image-2412 aligncenter\" src=\"https:\/\/latribunedufaso.net\/wp-content\/uploads\/2021\/01\/IMG-20210122-WA0020-300x135.jpg\" alt=\"\" width=\"300\" height=\"135\" srcset=\"https:\/\/www.latribunedufaso.net\/wp-content\/uploads\/2021\/01\/IMG-20210122-WA0020-300x135.jpg 300w, https:\/\/www.latribunedufaso.net\/wp-content\/uploads\/2021\/01\/IMG-20210122-WA0020-1024x461.jpg 1024w, https:\/\/www.latribunedufaso.net\/wp-content\/uploads\/2021\/01\/IMG-20210122-WA0020-768x346.jpg 768w, https:\/\/www.latribunedufaso.net\/wp-content\/uploads\/2021\/01\/IMG-20210122-WA0020.jpg 1040w\" sizes=\"auto, (max-width: 300px) 100vw, 300px\" \/><\/a>Les locaux du Fonds d&rsquo;appui aux activit\u00e9s r\u00e9mun\u00e9ratrices des femmes (FAARF) ont servi de cadre au comit\u00e9 de s\u00e9lection du pagne du 8 mars 2021 afin de pr\u00e9senter aux hommes de m\u00e9dias le pagne imprim\u00e9 officiel de la comm\u00e9moration de la 164e Journ\u00e9e internationale de la femme au Burkina Faso. Edwige Yam\u00e9ogo\/Sankara, membre du comit\u00e9, par ailleurs Directrice g\u00e9n\u00e9rale de la femme et du genre, et principale conf\u00e9renci\u00e8re, s\u2019est alors exprim\u00e9e sur les prix, les principales couleurs et les crit\u00e8res de s\u00e9lection du pagne. En ce qui concerne les prix, elle indique\u00a0: \u00ab\u00a0Pour les prix, au niveau du prestataire, le prix en gros d\u2019une balle est de 500\u00a0000 FCFA et le prix des 3 pagnes est de 5\u00a0000 FCFA\u00a0\u00bb. Aussi a-t-elle ajout\u00e9 sur la question des prix, mais cette fois au niveau des d\u00e9taillants, qu\u2019ils connaitront une certaine hausse du fait de la marge b\u00e9n\u00e9ficiaire \u00e0 ajouter. \u00ab Lorsque le pagne va au niveau des d\u00e9taillants, il y a une marge b\u00e9n\u00e9ficiaire qui sera ajout\u00e9e afin de permettre \u00e0 ces diff\u00e9rents commer\u00e7ants de pouvoir vendre et faire des b\u00e9n\u00e9fices \u00bb, a-t-elle pr\u00e9cis\u00e9e. S\u2019agissant des couleurs, elle en indique principalement trois. \u00ab\u00a0Nous avons essentiellement trois couleurs, qui ont \u00e9t\u00e9 retenues pour permettre aussi la diversit\u00e9. Il s\u2019agit de la couleur verte fonc\u00e9e, la couleur verte olive et la couleur jaune\u00a0\u00bb, a-t-elle cit\u00e9.<\/p>\n<p><a href=\"https:\/\/latribunedufaso.net\/wp-content\/uploads\/2021\/01\/IMG-20210122-WA0017.jpg\"><img loading=\"lazy\" decoding=\"async\" class=\"size-medium wp-image-2410 aligncenter\" src=\"https:\/\/latribunedufaso.net\/wp-content\/uploads\/2021\/01\/IMG-20210122-WA0017-300x135.jpg\" alt=\"\" width=\"300\" height=\"135\" srcset=\"https:\/\/www.latribunedufaso.net\/wp-content\/uploads\/2021\/01\/IMG-20210122-WA0017-300x135.jpg 300w, https:\/\/www.latribunedufaso.net\/wp-content\/uploads\/2021\/01\/IMG-20210122-WA0017-1024x461.jpg 1024w, https:\/\/www.latribunedufaso.net\/wp-content\/uploads\/2021\/01\/IMG-20210122-WA0017-768x346.jpg 768w, https:\/\/www.latribunedufaso.net\/wp-content\/uploads\/2021\/01\/IMG-20210122-WA0017.jpg 1040w\" sizes=\"auto, (max-width: 300px) 100vw, 300px\" \/><\/a><\/p>\n<p>Pour les crit\u00e8res de s\u00e9lection, la Directrice g\u00e9n\u00e9rale de la femme et du genre rappelle que le respect de la dimension et la capacit\u00e9 de production du pagne ont \u00e9t\u00e9 des crit\u00e8res phares en plus de la mati\u00e8re utilis\u00e9e. \u00ab\u00a0En termes de crit\u00e8res, le pagne devrait, \u00eatre un pagne wax coton, respecter certaine dimension et \u00e9galement, le prestataire devrait avoir la capacit\u00e9 d\u2019une production massive du pagne\u00a0\u00bb, a expliqu\u00e9 Edwige Yam\u00e9ogo\/Sankara. Selon elle, les crit\u00e8res de s\u00e9lection devraient permettre d\u2019avoir des pagnes de qualit\u00e9 disponible et accessible \u00e0 toute personne qui voudrait l\u2019acqu\u00e9rir.<\/p>\n<p><a href=\"https:\/\/latribunedufaso.net\/wp-content\/uploads\/2021\/01\/IMG-20210122-WA0019.jpg\"><img loading=\"lazy\" decoding=\"async\" class=\"size-medium wp-image-2409 aligncenter\" src=\"https:\/\/latribunedufaso.net\/wp-content\/uploads\/2021\/01\/IMG-20210122-WA0019-300x135.jpg\" alt=\"\" width=\"300\" height=\"135\" srcset=\"https:\/\/www.latribunedufaso.net\/wp-content\/uploads\/2021\/01\/IMG-20210122-WA0019-300x135.jpg 300w, https:\/\/www.latribunedufaso.net\/wp-content\/uploads\/2021\/01\/IMG-20210122-WA0019-1024x461.jpg 1024w, https:\/\/www.latribunedufaso.net\/wp-content\/uploads\/2021\/01\/IMG-20210122-WA0019-768x346.jpg 768w, https:\/\/www.latribunedufaso.net\/wp-content\/uploads\/2021\/01\/IMG-20210122-WA0019.jpg 1040w\" sizes=\"auto, (max-width: 300px) 100vw, 300px\" \/><\/a><\/p>\n<p>Pour rappel, le 8 d\u00e9cembre 2020, Laurence Ilboudo\/ Marchal, ministre de la femme, de la solidarit\u00e9 nationale, de la famille et de l\u2019action humanitaire avait pr\u00e9sent\u00e9 le mod\u00e8le du pagne tiss\u00e9 du 8 mars 2021. La soci\u00e9t\u00e9 GANITEX, ex SAVATEX, est la soci\u00e9t\u00e9 retenue officiellement pour la confection des pagnes imprim\u00e9s dans le cadre de la comm\u00e9moration de la Journ\u00e9e internationale de la femme, \u00e9dition de 2021.<\/p>\n<p><strong>Tiba Kassamse Ou\u00e9draogo (Stagiaire)<\/strong><br \/>\n<strong>Latribunedufaso.net<\/strong><\/p>\n","protected":false},"excerpt":{"rendered":"<p>Le comit\u00e9 de s\u00e9lection du pagne du 8 mars 2021 a pr\u00e9sent\u00e9 officiellement le mod\u00e8le imprim\u00e9. C\u2019\u00e9tait \u00e0 Ouagadougou, au cours d\u2019une conf\u00e9rence de presse, tenue ce vendredi 22 janvier 2021.<\/p>\n","protected":false},"author":2,"featured_media":2411,"comment_status":"open","ping_status":"open","sticky":false,"template":"","format":"standard","meta":{"footnotes":""},"categories":[13,1,8],"tags":[],"class_list":["post-2408","post","type-post","status-publish","format-standard","has-post-thumbnail","hentry","category-une","category-actu","category-societe"],"yoast_head":"<!-- This site is optimized with the Yoast SEO plugin v27.5 - https:\/\/yoast.com\/product\/yoast-seo-wordpress\/ -->\n<title>C\u00e9l\u00e9bration du 8 mars 2021\u00a0: Le mod\u00e8le imprim\u00e9 du pagne officiellement d\u00e9voil\u00e9 - La Tribune du Faso<\/title>\n<meta name=\"robots\" content=\"index, follow, max-snippet:-1, max-image-preview:large, max-video-preview:-1\" \/>\n<link rel=\"canonical\" href=\"https:\/\/www.latribunedufaso.net\/?p=2408\" \/>\n<meta property=\"og:locale\" content=\"fr_FR\" \/>\n<meta property=\"og:type\" content=\"article\" \/>\n<meta property=\"og:title\" content=\"C\u00e9l\u00e9bration du 8 mars 2021\u00a0: Le mod\u00e8le imprim\u00e9 du pagne officiellement d\u00e9voil\u00e9 - La Tribune du Faso\" \/>\n<meta property=\"og:description\" content=\"Le comit\u00e9 de s\u00e9lection du pagne du 8 mars 2021 a pr\u00e9sent\u00e9 officiellement le mod\u00e8le imprim\u00e9. C\u2019\u00e9tait \u00e0 Ouagadougou, au cours d\u2019une conf\u00e9rence de presse, tenue ce vendredi 22 janvier 2021.\" \/>\n<meta property=\"og:url\" content=\"https:\/\/www.latribunedufaso.net\/?p=2408\" \/>\n<meta property=\"og:site_name\" content=\"La Tribune du Faso\" \/>\n<meta property=\"article:publisher\" content=\"https:\/\/www.facebook.com\/LatribuneduFaso\/\" \/>\n<meta property=\"article:published_time\" content=\"2021-01-25T12:45:37+00:00\" \/>\n<meta property=\"og:image\" content=\"https:\/\/latribunedufaso.net\/wp-content\/uploads\/2021\/01\/IMG-20210122-WA0018.jpg\" \/>\n\t<meta property=\"og:image:width\" content=\"1040\" \/>\n\t<meta property=\"og:image:height\" content=\"468\" \/>\n\t<meta property=\"og:image:type\" content=\"image\/jpeg\" \/>\n<meta name=\"author\" content=\"Administrateur\" \/>\n<meta name=\"twitter:label1\" content=\"\u00c9crit par\" \/>\n\t<meta name=\"twitter:data1\" content=\"Administrateur\" \/>\n\t<meta name=\"twitter:label2\" content=\"Dur\u00e9e de lecture estim\u00e9e\" \/>\n\t<meta name=\"twitter:data2\" content=\"2 minutes\" \/>\n<script type=\"application\/ld+json\" class=\"yoast-schema-graph\">{\"@context\":\"https:\\\/\\\/schema.org\",\"@graph\":[{\"@type\":\"Article\",\"@id\":\"https:\\\/\\\/www.latribunedufaso.net\\\/?p=2408#article\",\"isPartOf\":{\"@id\":\"https:\\\/\\\/www.latribunedufaso.net\\\/?p=2408\"},\"author\":{\"name\":\"Administrateur\",\"@id\":\"https:\\\/\\\/www.latribunedufaso.net\\\/#\\\/schema\\\/person\\\/a380782d0605bb8aae27c40ea93b35b1\"},\"headline\":\"C\u00e9l\u00e9bration du 8 mars 2021\u00a0: Le mod\u00e8le imprim\u00e9 du pagne officiellement d\u00e9voil\u00e9\",\"datePublished\":\"2021-01-25T12:45:37+00:00\",\"mainEntityOfPage\":{\"@id\":\"https:\\\/\\\/www.latribunedufaso.net\\\/?p=2408\"},\"wordCount\":481,\"commentCount\":0,\"publisher\":{\"@id\":\"https:\\\/\\\/www.latribunedufaso.net\\\/#organization\"},\"image\":{\"@id\":\"https:\\\/\\\/www.latribunedufaso.net\\\/?p=2408#primaryimage\"},\"thumbnailUrl\":\"https:\\\/\\\/www.latribunedufaso.net\\\/wp-content\\\/uploads\\\/2021\\\/01\\\/IMG-20210122-WA0018.jpg\",\"articleSection\":[\"A la une\",\"Actualit\u00e9\",\"Soci\u00e9t\u00e9\"],\"inLanguage\":\"fr-FR\",\"potentialAction\":[{\"@type\":\"CommentAction\",\"name\":\"Comment\",\"target\":[\"https:\\\/\\\/www.latribunedufaso.net\\\/?p=2408#respond\"]}]},{\"@type\":\"WebPage\",\"@id\":\"https:\\\/\\\/www.latribunedufaso.net\\\/?p=2408\",\"url\":\"https:\\\/\\\/www.latribunedufaso.net\\\/?p=2408\",\"name\":\"C\u00e9l\u00e9bration du 8 mars 2021\u00a0: Le mod\u00e8le imprim\u00e9 du pagne officiellement d\u00e9voil\u00e9 - La Tribune du Faso\",\"isPartOf\":{\"@id\":\"https:\\\/\\\/www.latribunedufaso.net\\\/#website\"},\"primaryImageOfPage\":{\"@id\":\"https:\\\/\\\/www.latribunedufaso.net\\\/?p=2408#primaryimage\"},\"image\":{\"@id\":\"https:\\\/\\\/www.latribunedufaso.net\\\/?p=2408#primaryimage\"},\"thumbnailUrl\":\"https:\\\/\\\/www.latribunedufaso.net\\\/wp-content\\\/uploads\\\/2021\\\/01\\\/IMG-20210122-WA0018.jpg\",\"datePublished\":\"2021-01-25T12:45:37+00:00\",\"breadcrumb\":{\"@id\":\"https:\\\/\\\/www.latribunedufaso.net\\\/?p=2408#breadcrumb\"},\"inLanguage\":\"fr-FR\",\"potentialAction\":[{\"@type\":\"ReadAction\",\"target\":[\"https:\\\/\\\/www.latribunedufaso.net\\\/?p=2408\"]}]},{\"@type\":\"ImageObject\",\"inLanguage\":\"fr-FR\",\"@id\":\"https:\\\/\\\/www.latribunedufaso.net\\\/?p=2408#primaryimage\",\"url\":\"https:\\\/\\\/www.latribunedufaso.net\\\/wp-content\\\/uploads\\\/2021\\\/01\\\/IMG-20210122-WA0018.jpg\",\"contentUrl\":\"https:\\\/\\\/www.latribunedufaso.net\\\/wp-content\\\/uploads\\\/2021\\\/01\\\/IMG-20210122-WA0018.jpg\",\"width\":1040,\"height\":468},{\"@type\":\"BreadcrumbList\",\"@id\":\"https:\\\/\\\/www.latribunedufaso.net\\\/?p=2408#breadcrumb\",\"itemListElement\":[{\"@type\":\"ListItem\",\"position\":1,\"name\":\"Accueil\",\"item\":\"https:\\\/\\\/www.latribunedufaso.net\\\/\"},{\"@type\":\"ListItem\",\"position\":2,\"name\":\"C\u00e9l\u00e9bration du 8 mars 2021\u00a0: Le mod\u00e8le imprim\u00e9 du pagne officiellement d\u00e9voil\u00e9\"}]},{\"@type\":\"WebSite\",\"@id\":\"https:\\\/\\\/www.latribunedufaso.net\\\/#website\",\"url\":\"https:\\\/\\\/www.latribunedufaso.net\\\/\",\"name\":\"La Tribune du Faso\",\"description\":\"L&#039;information du monde rural en un clic\",\"publisher\":{\"@id\":\"https:\\\/\\\/www.latribunedufaso.net\\\/#organization\"},\"potentialAction\":[{\"@type\":\"SearchAction\",\"target\":{\"@type\":\"EntryPoint\",\"urlTemplate\":\"https:\\\/\\\/www.latribunedufaso.net\\\/?s={search_term_string}\"},\"query-input\":{\"@type\":\"PropertyValueSpecification\",\"valueRequired\":true,\"valueName\":\"search_term_string\"}}],\"inLanguage\":\"fr-FR\"},{\"@type\":\"Organization\",\"@id\":\"https:\\\/\\\/www.latribunedufaso.net\\\/#organization\",\"name\":\"La Tribune du Faso\",\"url\":\"https:\\\/\\\/www.latribunedufaso.net\\\/\",\"logo\":{\"@type\":\"ImageObject\",\"inLanguage\":\"fr-FR\",\"@id\":\"https:\\\/\\\/www.latribunedufaso.net\\\/#\\\/schema\\\/logo\\\/image\\\/\",\"url\":\"https:\\\/\\\/www.latribunedufaso.net\\\/wp-content\\\/uploads\\\/2020\\\/08\\\/Logo-Tribune-du-Faso-final-scaled.jpg\",\"contentUrl\":\"https:\\\/\\\/www.latribunedufaso.net\\\/wp-content\\\/uploads\\\/2020\\\/08\\\/Logo-Tribune-du-Faso-final-scaled.jpg\",\"width\":2560,\"height\":1856,\"caption\":\"La Tribune du Faso\"},\"image\":{\"@id\":\"https:\\\/\\\/www.latribunedufaso.net\\\/#\\\/schema\\\/logo\\\/image\\\/\"},\"sameAs\":[\"https:\\\/\\\/www.facebook.com\\\/LatribuneduFaso\\\/\"]},{\"@type\":\"Person\",\"@id\":\"https:\\\/\\\/www.latribunedufaso.net\\\/#\\\/schema\\\/person\\\/a380782d0605bb8aae27c40ea93b35b1\",\"name\":\"Administrateur\",\"image\":{\"@type\":\"ImageObject\",\"inLanguage\":\"fr-FR\",\"@id\":\"https:\\\/\\\/secure.gravatar.com\\\/avatar\\\/e20266f97d741f0e80ba1f60283074a9b3317fd7bfb727e0d95b51dafbf854a1?s=96&d=mm&r=g\",\"url\":\"https:\\\/\\\/secure.gravatar.com\\\/avatar\\\/e20266f97d741f0e80ba1f60283074a9b3317fd7bfb727e0d95b51dafbf854a1?s=96&d=mm&r=g\",\"contentUrl\":\"https:\\\/\\\/secure.gravatar.com\\\/avatar\\\/e20266f97d741f0e80ba1f60283074a9b3317fd7bfb727e0d95b51dafbf854a1?s=96&d=mm&r=g\",\"caption\":\"Administrateur\"},\"url\":\"https:\\\/\\\/www.latribunedufaso.net\\\/?author=2\"}]}<\/script>\n<!-- \/ Yoast SEO plugin. -->","yoast_head_json":{"title":"C\u00e9l\u00e9bration du 8 mars 2021\u00a0: Le mod\u00e8le imprim\u00e9 du pagne officiellement d\u00e9voil\u00e9 - La Tribune du Faso","robots":{"index":"index","follow":"follow","max-snippet":"max-snippet:-1","max-image-preview":"max-image-preview:large","max-video-preview":"max-video-preview:-1"},"canonical":"https:\/\/www.latribunedufaso.net\/?p=2408","og_locale":"fr_FR","og_type":"article","og_title":"C\u00e9l\u00e9bration du 8 mars 2021\u00a0: Le mod\u00e8le imprim\u00e9 du pagne officiellement d\u00e9voil\u00e9 - La Tribune du Faso","og_description":"Le comit\u00e9 de s\u00e9lection du pagne du 8 mars 2021 a pr\u00e9sent\u00e9 officiellement le mod\u00e8le imprim\u00e9. C\u2019\u00e9tait \u00e0 Ouagadougou, au cours d\u2019une conf\u00e9rence de presse, tenue ce vendredi 22 janvier 2021.","og_url":"https:\/\/www.latribunedufaso.net\/?p=2408","og_site_name":"La Tribune du Faso","article_publisher":"https:\/\/www.facebook.com\/LatribuneduFaso\/","article_published_time":"2021-01-25T12:45:37+00:00","og_image":[{"width":1040,"height":468,"url":"https:\/\/latribunedufaso.net\/wp-content\/uploads\/2021\/01\/IMG-20210122-WA0018.jpg","type":"image\/jpeg"}],"author":"Administrateur","twitter_misc":{"\u00c9crit par":"Administrateur","Dur\u00e9e de lecture estim\u00e9e":"2 minutes"},"schema":{"@context":"https:\/\/schema.org","@graph":[{"@type":"Article","@id":"https:\/\/www.latribunedufaso.net\/?p=2408#article","isPartOf":{"@id":"https:\/\/www.latribunedufaso.net\/?p=2408"},"author":{"name":"Administrateur","@id":"https:\/\/www.latribunedufaso.net\/#\/schema\/person\/a380782d0605bb8aae27c40ea93b35b1"},"headline":"C\u00e9l\u00e9bration du 8 mars 2021\u00a0: Le mod\u00e8le imprim\u00e9 du pagne officiellement d\u00e9voil\u00e9","datePublished":"2021-01-25T12:45:37+00:00","mainEntityOfPage":{"@id":"https:\/\/www.latribunedufaso.net\/?p=2408"},"wordCount":481,"commentCount":0,"publisher":{"@id":"https:\/\/www.latribunedufaso.net\/#organization"},"image":{"@id":"https:\/\/www.latribunedufaso.net\/?p=2408#primaryimage"},"thumbnailUrl":"https:\/\/www.latribunedufaso.net\/wp-content\/uploads\/2021\/01\/IMG-20210122-WA0018.jpg","articleSection":["A la une","Actualit\u00e9","Soci\u00e9t\u00e9"],"inLanguage":"fr-FR","potentialAction":[{"@type":"CommentAction","name":"Comment","target":["https:\/\/www.latribunedufaso.net\/?p=2408#respond"]}]},{"@type":"WebPage","@id":"https:\/\/www.latribunedufaso.net\/?p=2408","url":"https:\/\/www.latribunedufaso.net\/?p=2408","name":"C\u00e9l\u00e9bration du 8 mars 2021\u00a0: Le mod\u00e8le imprim\u00e9 du pagne officiellement d\u00e9voil\u00e9 - La Tribune du Faso","isPartOf":{"@id":"https:\/\/www.latribunedufaso.net\/#website"},"primaryImageOfPage":{"@id":"https:\/\/www.latribunedufaso.net\/?p=2408#primaryimage"},"image":{"@id":"https:\/\/www.latribunedufaso.net\/?p=2408#primaryimage"},"thumbnailUrl":"https:\/\/www.latribunedufaso.net\/wp-content\/uploads\/2021\/01\/IMG-20210122-WA0018.jpg","datePublished":"2021-01-25T12:45:37+00:00","breadcrumb":{"@id":"https:\/\/www.latribunedufaso.net\/?p=2408#breadcrumb"},"inLanguage":"fr-FR","potentialAction":[{"@type":"ReadAction","target":["https:\/\/www.latribunedufaso.net\/?p=2408"]}]},{"@type":"ImageObject","inLanguage":"fr-FR","@id":"https:\/\/www.latribunedufaso.net\/?p=2408#primaryimage","url":"https:\/\/www.latribunedufaso.net\/wp-content\/uploads\/2021\/01\/IMG-20210122-WA0018.jpg","contentUrl":"https:\/\/www.latribunedufaso.net\/wp-content\/uploads\/2021\/01\/IMG-20210122-WA0018.jpg","width":1040,"height":468},{"@type":"BreadcrumbList","@id":"https:\/\/www.latribunedufaso.net\/?p=2408#breadcrumb","itemListElement":[{"@type":"ListItem","position":1,"name":"Accueil","item":"https:\/\/www.latribunedufaso.net\/"},{"@type":"ListItem","position":2,"name":"C\u00e9l\u00e9bration du 8 mars 2021\u00a0: Le mod\u00e8le imprim\u00e9 du pagne officiellement d\u00e9voil\u00e9"}]},{"@type":"WebSite","@id":"https:\/\/www.latribunedufaso.net\/#website","url":"https:\/\/www.latribunedufaso.net\/","name":"La Tribune du Faso","description":"L&#039;information du monde rural en un clic","publisher":{"@id":"https:\/\/www.latribunedufaso.net\/#organization"},"potentialAction":[{"@type":"SearchAction","target":{"@type":"EntryPoint","urlTemplate":"https:\/\/www.latribunedufaso.net\/?s={search_term_string}"},"query-input":{"@type":"PropertyValueSpecification","valueRequired":true,"valueName":"search_term_string"}}],"inLanguage":"fr-FR"},{"@type":"Organization","@id":"https:\/\/www.latribunedufaso.net\/#organization","name":"La Tribune du Faso","url":"https:\/\/www.latribunedufaso.net\/","logo":{"@type":"ImageObject","inLanguage":"fr-FR","@id":"https:\/\/www.latribunedufaso.net\/#\/schema\/logo\/image\/","url":"https:\/\/www.latribunedufaso.net\/wp-content\/uploads\/2020\/08\/Logo-Tribune-du-Faso-final-scaled.jpg","contentUrl":"https:\/\/www.latribunedufaso.net\/wp-content\/uploads\/2020\/08\/Logo-Tribune-du-Faso-final-scaled.jpg","width":2560,"height":1856,"caption":"La Tribune du Faso"},"image":{"@id":"https:\/\/www.latribunedufaso.net\/#\/schema\/logo\/image\/"},"sameAs":["https:\/\/www.facebook.com\/LatribuneduFaso\/"]},{"@type":"Person","@id":"https:\/\/www.latribunedufaso.net\/#\/schema\/person\/a380782d0605bb8aae27c40ea93b35b1","name":"Administrateur","image":{"@type":"ImageObject","inLanguage":"fr-FR","@id":"https:\/\/secure.gravatar.com\/avatar\/e20266f97d741f0e80ba1f60283074a9b3317fd7bfb727e0d95b51dafbf854a1?s=96&d=mm&r=g","url":"https:\/\/secure.gravatar.com\/avatar\/e20266f97d741f0e80ba1f60283074a9b3317fd7bfb727e0d95b51dafbf854a1?s=96&d=mm&r=g","contentUrl":"https:\/\/secure.gravatar.com\/avatar\/e20266f97d741f0e80ba1f60283074a9b3317fd7bfb727e0d95b51dafbf854a1?s=96&d=mm&r=g","caption":"Administrateur"},"url":"https:\/\/www.latribunedufaso.net\/?author=2"}]}},"_links":{"self":[{"href":"https:\/\/www.latribunedufaso.net\/index.php?rest_route=\/wp\/v2\/posts\/2408","targetHints":{"allow":["GET"]}}],"collection":[{"href":"https:\/\/www.latribunedufaso.net\/index.php?rest_route=\/wp\/v2\/posts"}],"about":[{"href":"https:\/\/www.latribunedufaso.net\/index.php?rest_route=\/wp\/v2\/types\/post"}],"author":[{"embeddable":true,"href":"https:\/\/www.latribunedufaso.net\/index.php?rest_route=\/wp\/v2\/users\/2"}],"replies":[{"embeddable":true,"href":"https:\/\/www.latribunedufaso.net\/index.php?rest_route=%2Fwp%2Fv2%2Fcomments&post=2408"}],"version-history":[{"count":1,"href":"https:\/\/www.latribunedufaso.net\/index.php?rest_route=\/wp\/v2\/posts\/2408\/revisions"}],"predecessor-version":[{"id":2413,"href":"https:\/\/www.latribunedufaso.net\/index.php?rest_route=\/wp\/v2\/posts\/2408\/revisions\/2413"}],"wp:featuredmedia":[{"embeddable":true,"href":"https:\/\/www.latribunedufaso.net\/index.php?rest_route=\/wp\/v2\/media\/2411"}],"wp:attachment":[{"href":"https:\/\/www.latribunedufaso.net\/index.php?rest_route=%2Fwp%2Fv2%2Fmedia&parent=2408"}],"wp:term":[{"taxonomy":"category","embeddable":true,"href":"https:\/\/www.latribunedufaso.net\/index.php?rest_route=%2Fwp%2Fv2%2Fcategories&post=2408"},{"taxonomy":"post_tag","embeddable":true,"href":"https:\/\/www.latribunedufaso.net\/index.php?rest_route=%2Fwp%2Fv2%2Ftags&post=2408"}],"curies":[{"name":"wp","href":"https:\/\/api.w.org\/{rel}","templated":true}]}}