{"id":24066,"date":"2025-10-07T13:29:43","date_gmt":"2025-10-07T13:29:43","guid":{"rendered":"https:\/\/www.latribunedufaso.net\/?p=24066"},"modified":"2025-12-17T18:02:31","modified_gmt":"2025-12-17T18:02:31","slug":"burkina-une-ong-prise-en-situation-despionnage-des-responsables-bientot-traduits-devant-le-procureur","status":"publish","type":"post","link":"https:\/\/www.latribunedufaso.net\/?p=24066","title":{"rendered":"Burkina : Une ONG prise en \u00ab situation d\u2019espionnage \u00bb, des responsables bient\u00f4t traduits devant le Procureur"},"content":{"rendered":"<p><strong>Le ministre de la S\u00e9curit\u00e9 a annonc\u00e9, lors d\u2019une conf\u00e9rence de presse tenue ce 7 octobre 2025 \u00e0 Ouagadougou, qu&rsquo;une enqu\u00eate ouverte depuis janvier 2025 a r\u00e9v\u00e9l\u00e9 qu&rsquo;une ONG \u00e9trang\u00e8re, International NGO Safety Organisation (INSO) menait des activit\u00e9s d&rsquo;espionnage au Burkina Faso. Avec \u00e0 ses c\u00f4t\u00e9s son homologue de la Communication, le ministre Sana a expliqu\u00e9 que, plusieurs responsables et collaborateurs locaux ont \u00e9t\u00e9 interpell\u00e9s et seront pr\u00e9sent\u00e9s au Procureur du Faso pour <em>\u00ab espionnage et trahison \u00bb<\/em>.<\/strong><!--more--><\/p>\n<p>Dans sa d\u00e9claration liminaire, le ministre en charge de la S\u00e9curit\u00e9, Mahamadou Sana, a rappel\u00e9 le contexte national marqu\u00e9 par la lutte contre le terrorisme comme pilier prioritaire, en 2025, \u00e0 l\u2019ass\u00e8chement des sources de financement et d\u2019approvisionnement des terroristes. Il a expliqu\u00e9 que, au-del\u00e0 des op\u00e9rations militaires, les services multipliaient \u00e9galement les actions de lutte contre le ravitaillement des terroristes en carburant, les actions de lutte contre les fraudes et trafics divers etc. C\u2019est dans ce cadre que les services ont, selon lui, suivi de pr\u00e8s les activit\u00e9s de l\u2019ONG INSO, pr\u00e9sente au Burkina depuis 2019 sous la convention d\u2019\u00e9tablissement N\u00b0057-2019\/MINEFID\/INSO.<\/p>\n<p>Les investigations qui ont eu lieu gr\u00e2ce \u00e0 <em><strong>\u00ab une franche contribution citoyenne \u00bb<\/strong><\/em>, r\u00e9v\u00e8lent, d\u2019apr\u00e8s les autorit\u00e9s, une collecte syst\u00e9matique d\u2019informations sensibles tels les itin\u00e9raires et composition des convois militaires et de ravitaillement, positions des unit\u00e9s, coordonn\u00e9es GPS des lieux d\u2019accrochages, des FDS avec les terroristes, le nombre et les photos des victimes apr\u00e8s une attaque etc. Le ministre Sana a indiqu\u00e9 que ces donn\u00e9es, recueillies par des agents sur le terrain et centralis\u00e9es dans une base de donn\u00e9es \u00e0 l\u2019\u00e9tranger, auraient \u00e9t\u00e9 transmises \u00e0 des partenaires externes, sans justification claire quant \u00e0 leur finalit\u00e9.<\/p>\n<figure id=\"attachment_24069\" aria-describedby=\"caption-attachment-24069\" style=\"width: 2048px\" class=\"wp-caption aligncenter\"><a href=\"https:\/\/www.latribunedufaso.net\/wp-content\/uploads\/2025\/10\/FB_IMG_1760002239769.jpg\"><img loading=\"lazy\" decoding=\"async\" class=\"size-full wp-image-24069\" src=\"https:\/\/www.latribunedufaso.net\/wp-content\/uploads\/2025\/10\/FB_IMG_1760002239769.jpg\" alt=\"Conf\u00e9rence de presse du ministre de la S\u00e9curit\u00e9 sur \u00ab l'espionnage \u00bb de l'ONG INSO, 7 octobre 2025\" width=\"2048\" height=\"1389\" srcset=\"https:\/\/www.latribunedufaso.net\/wp-content\/uploads\/2025\/10\/FB_IMG_1760002239769.jpg 2048w, https:\/\/www.latribunedufaso.net\/wp-content\/uploads\/2025\/10\/FB_IMG_1760002239769-300x203.jpg 300w, https:\/\/www.latribunedufaso.net\/wp-content\/uploads\/2025\/10\/FB_IMG_1760002239769-1024x695.jpg 1024w, https:\/\/www.latribunedufaso.net\/wp-content\/uploads\/2025\/10\/FB_IMG_1760002239769-768x521.jpg 768w, https:\/\/www.latribunedufaso.net\/wp-content\/uploads\/2025\/10\/FB_IMG_1760002239769-1536x1042.jpg 1536w, https:\/\/www.latribunedufaso.net\/wp-content\/uploads\/2025\/10\/FB_IMG_1760002239769-120x80.jpg 120w\" sizes=\"auto, (max-width: 2048px) 100vw, 2048px\" \/><\/a><figcaption id=\"caption-attachment-24069\" class=\"wp-caption-text\">Le ministre de la S\u00e9curit\u00e9, Mahamadou Sana &#8211; Ph. DR<\/figcaption><\/figure>\n<p>Le Gouvernement rappelle que la convention d\u2019activit\u00e9 de l\u2019ONG limitait son intervention \u00e0 la formation des ONG humanitaires en mati\u00e8re de s\u00e9curit\u00e9. Malgr\u00e9 un arr\u00eat\u00e9 de suspension pris le 31 juillet 2025, les autorit\u00e9s affirment que certains responsables auraient poursuivi <em><strong>\u00ab clandestinement ou de facon d\u00e9tourn\u00e9e des activit\u00e9s telles que des collectes d\u2019informations et de r\u00e9unions en pr\u00e9sentiel ou en ligne \u00bb<\/strong><\/em>. Sept employ\u00e9s suppl\u00e9mentaires ont \u00e9t\u00e9 interpell\u00e9s, dont la directrice adjointe, le directeur des programmes, un Malien et 4 Burkinab\u00e8.\u00a0<\/p>\n<p><iframe loading=\"lazy\" width=\"560\" height=\"315\" src=\"https:\/\/www.youtube.com\/embed\/cmwkUe1dcvM?si=X-MuyLCoGqZaCHqH\" title=\"YouTube video player\" frameborder=\"0\" allow=\"accelerometer; autoplay; clipboard-write; encrypted-media; gyroscope; picture-in-picture; web-share\" referrerpolicy=\"strict-origin-when-cross-origin\" allowfullscreen><\/iframe><\/p>\n<p><em><strong>\u00ab Au regard de tout ce qui pr\u00e9c\u00e8de, toutes les personnes impliqu\u00e9es, ayant fait l\u2019objet d\u2019interpellation, seront pr\u00e9sent\u00e9es devant le Procureur du Faso pour espionnage et trahison conform\u00e9ment \u00e0 l\u2019article 311-4 du code p\u00e9nal \u00bb<\/strong><\/em>, a pr\u00e9cis\u00e9 le ministre de la S\u00e9curit\u00e9, Mahamadou Sana.<\/p>\n<blockquote>\n<p>Lire aussi &gt;&gt; <a href=\"https:\/\/www.latribunedufaso.net\/?p=24027\">Cl\u00f4ture des Journ\u00e9es de concertation \u00c9tat-ONG : Des recommandations pour lutter contre le blanchiment et le financement du terrorisme<\/a><\/p>\n<\/blockquote>\n<p>Enfin, le ministre Sana a salu\u00e9 la contribution des citoyens et lanc\u00e9 un appel au patriotisme et \u00e0 la vigilance, invitant les associations et ONG \u00e0 respecter strictement leurs engagements et la r\u00e9glementation en vigueur.<\/p>\n<p><strong>Nabintou OUATTARA\u00a0<\/strong><\/p>\n<p><strong>Latribunedufaso.net\u00a0<\/strong><\/p>\n","protected":false},"excerpt":{"rendered":"<p>Le ministre de la S\u00e9curit\u00e9 a annonc\u00e9, lors d\u2019une conf\u00e9rence de presse tenue ce 7 octobre 2025 \u00e0 Ouagadougou, qu&rsquo;une enqu\u00eate ouverte depuis janvier 2025 a r\u00e9v\u00e9l\u00e9 qu&rsquo;une ONG \u00e9trang\u00e8re, International NGO Safety Organisation (INSO) menait des activit\u00e9s d&rsquo;espionnage au Burkina Faso. Avec \u00e0 ses c\u00f4t\u00e9s son homologue de la Communication, le ministre Sana a expliqu\u00e9 que, plusieurs responsables et collaborateurs locaux ont \u00e9t\u00e9 interpell\u00e9s et seront pr\u00e9sent\u00e9s au Procureur du Faso pour \u00ab espionnage et trahison \u00bb.<\/p>\n","protected":false},"author":5,"featured_media":24068,"comment_status":"open","ping_status":"open","sticky":false,"template":"","format":"standard","meta":{"footnotes":""},"categories":[13,1,8],"tags":[1626,39,138,1627,231],"class_list":["post-24066","post","type-post","status-publish","format-standard","has-post-thumbnail","hentry","category-une","category-actu","category-societe","tag-international-ngo-safety-organisation-inso","tag-latribunedufaso-net","tag-lutte-contre-le-terrorisme","tag-ong-inso-poursuivi-pour-espionnage-burkina","tag-securite"],"yoast_head":"<!-- This site is optimized with the Yoast SEO plugin v27.4 - https:\/\/yoast.com\/product\/yoast-seo-wordpress\/ -->\n<title>Burkina : Une ONG prise en \u00ab situation d\u2019espionnage \u00bb, des responsables bient\u00f4t traduits devant le Procureur - La Tribune du Faso<\/title>\n<meta name=\"robots\" content=\"index, follow, max-snippet:-1, max-image-preview:large, max-video-preview:-1\" \/>\n<link rel=\"canonical\" href=\"https:\/\/www.latribunedufaso.net\/?p=24066\" \/>\n<meta property=\"og:locale\" content=\"fr_FR\" \/>\n<meta property=\"og:type\" content=\"article\" \/>\n<meta property=\"og:title\" content=\"Burkina : Une ONG prise en \u00ab situation d\u2019espionnage \u00bb, des responsables bient\u00f4t traduits devant le Procureur - La Tribune du Faso\" \/>\n<meta property=\"og:description\" content=\"Le ministre de la S\u00e9curit\u00e9 a annonc\u00e9, lors d\u2019une conf\u00e9rence de presse tenue ce 7 octobre 2025 \u00e0 Ouagadougou, qu&rsquo;une enqu\u00eate ouverte depuis janvier 2025 a r\u00e9v\u00e9l\u00e9 qu&rsquo;une ONG \u00e9trang\u00e8re, International NGO Safety Organisation (INSO) menait des activit\u00e9s d&rsquo;espionnage au Burkina Faso. Avec \u00e0 ses c\u00f4t\u00e9s son homologue de la Communication, le ministre Sana a expliqu\u00e9 que, plusieurs responsables et collaborateurs locaux ont \u00e9t\u00e9 interpell\u00e9s et seront pr\u00e9sent\u00e9s au Procureur du Faso pour \u00ab espionnage et trahison \u00bb.\" \/>\n<meta property=\"og:url\" content=\"https:\/\/www.latribunedufaso.net\/?p=24066\" \/>\n<meta property=\"og:site_name\" content=\"La Tribune du Faso\" \/>\n<meta property=\"article:publisher\" content=\"https:\/\/www.facebook.com\/LatribuneduFaso\/\" \/>\n<meta property=\"article:published_time\" content=\"2025-10-07T13:29:43+00:00\" \/>\n<meta property=\"article:modified_time\" content=\"2025-12-17T18:02:31+00:00\" \/>\n<meta property=\"og:image\" content=\"https:\/\/www.latribunedufaso.net\/wp-content\/uploads\/2025\/10\/IMG-20251009-WA0020.jpg\" \/>\n\t<meta property=\"og:image:width\" content=\"2560\" \/>\n\t<meta property=\"og:image:height\" content=\"1347\" \/>\n\t<meta property=\"og:image:type\" content=\"image\/jpeg\" \/>\n<meta name=\"author\" content=\"Issouf Tapsoba\" \/>\n<meta name=\"twitter:label1\" content=\"\u00c9crit par\" \/>\n\t<meta name=\"twitter:data1\" content=\"Issouf Tapsoba\" \/>\n\t<meta name=\"twitter:label2\" content=\"Dur\u00e9e de lecture estim\u00e9e\" \/>\n\t<meta name=\"twitter:data2\" content=\"3 minutes\" \/>\n<script type=\"application\/ld+json\" class=\"yoast-schema-graph\">{\"@context\":\"https:\\\/\\\/schema.org\",\"@graph\":[{\"@type\":\"Article\",\"@id\":\"https:\\\/\\\/www.latribunedufaso.net\\\/?p=24066#article\",\"isPartOf\":{\"@id\":\"https:\\\/\\\/www.latribunedufaso.net\\\/?p=24066\"},\"author\":{\"name\":\"Issouf Tapsoba\",\"@id\":\"https:\\\/\\\/www.latribunedufaso.net\\\/#\\\/schema\\\/person\\\/e54e64c5778a7e72cf80a318b7a622b0\"},\"headline\":\"Burkina : Une ONG prise en \u00ab situation d\u2019espionnage \u00bb, des responsables bient\u00f4t traduits devant le Procureur\",\"datePublished\":\"2025-10-07T13:29:43+00:00\",\"dateModified\":\"2025-12-17T18:02:31+00:00\",\"mainEntityOfPage\":{\"@id\":\"https:\\\/\\\/www.latribunedufaso.net\\\/?p=24066\"},\"wordCount\":547,\"commentCount\":0,\"publisher\":{\"@id\":\"https:\\\/\\\/www.latribunedufaso.net\\\/#organization\"},\"image\":{\"@id\":\"https:\\\/\\\/www.latribunedufaso.net\\\/?p=24066#primaryimage\"},\"thumbnailUrl\":\"https:\\\/\\\/www.latribunedufaso.net\\\/wp-content\\\/uploads\\\/2025\\\/10\\\/IMG-20251009-WA0020.jpg\",\"keywords\":[\"International NGO Safety Organisation (INSO)\",\"latribunedufaso.net\",\"lutte contre le terrorisme\",\"ONG INSO poursuivi pour espionnage Burkina\",\"s\u00e9curit\u00e9\"],\"articleSection\":[\"A la une\",\"Actualit\u00e9\",\"Soci\u00e9t\u00e9\"],\"inLanguage\":\"fr-FR\",\"potentialAction\":[{\"@type\":\"CommentAction\",\"name\":\"Comment\",\"target\":[\"https:\\\/\\\/www.latribunedufaso.net\\\/?p=24066#respond\"]}]},{\"@type\":\"WebPage\",\"@id\":\"https:\\\/\\\/www.latribunedufaso.net\\\/?p=24066\",\"url\":\"https:\\\/\\\/www.latribunedufaso.net\\\/?p=24066\",\"name\":\"Burkina : Une ONG prise en \u00ab situation d\u2019espionnage \u00bb, des responsables bient\u00f4t traduits devant le Procureur - La Tribune du Faso\",\"isPartOf\":{\"@id\":\"https:\\\/\\\/www.latribunedufaso.net\\\/#website\"},\"primaryImageOfPage\":{\"@id\":\"https:\\\/\\\/www.latribunedufaso.net\\\/?p=24066#primaryimage\"},\"image\":{\"@id\":\"https:\\\/\\\/www.latribunedufaso.net\\\/?p=24066#primaryimage\"},\"thumbnailUrl\":\"https:\\\/\\\/www.latribunedufaso.net\\\/wp-content\\\/uploads\\\/2025\\\/10\\\/IMG-20251009-WA0020.jpg\",\"datePublished\":\"2025-10-07T13:29:43+00:00\",\"dateModified\":\"2025-12-17T18:02:31+00:00\",\"breadcrumb\":{\"@id\":\"https:\\\/\\\/www.latribunedufaso.net\\\/?p=24066#breadcrumb\"},\"inLanguage\":\"fr-FR\",\"potentialAction\":[{\"@type\":\"ReadAction\",\"target\":[\"https:\\\/\\\/www.latribunedufaso.net\\\/?p=24066\"]}]},{\"@type\":\"ImageObject\",\"inLanguage\":\"fr-FR\",\"@id\":\"https:\\\/\\\/www.latribunedufaso.net\\\/?p=24066#primaryimage\",\"url\":\"https:\\\/\\\/www.latribunedufaso.net\\\/wp-content\\\/uploads\\\/2025\\\/10\\\/IMG-20251009-WA0020.jpg\",\"contentUrl\":\"https:\\\/\\\/www.latribunedufaso.net\\\/wp-content\\\/uploads\\\/2025\\\/10\\\/IMG-20251009-WA0020.jpg\",\"width\":2560,\"height\":1347,\"caption\":\"Conf\u00e9rence de presse du ministre de la S\u00e9curit\u00e9 sur \u00ab l'espionnage \u00bb de l'ONG INSO, 7 octobre 2025\"},{\"@type\":\"BreadcrumbList\",\"@id\":\"https:\\\/\\\/www.latribunedufaso.net\\\/?p=24066#breadcrumb\",\"itemListElement\":[{\"@type\":\"ListItem\",\"position\":1,\"name\":\"Accueil\",\"item\":\"https:\\\/\\\/www.latribunedufaso.net\\\/\"},{\"@type\":\"ListItem\",\"position\":2,\"name\":\"Burkina : Une ONG prise en \u00ab situation d\u2019espionnage \u00bb, des responsables bient\u00f4t traduits devant le Procureur\"}]},{\"@type\":\"WebSite\",\"@id\":\"https:\\\/\\\/www.latribunedufaso.net\\\/#website\",\"url\":\"https:\\\/\\\/www.latribunedufaso.net\\\/\",\"name\":\"La Tribune du Faso\",\"description\":\"L&#039;information du monde rural en un clic\",\"publisher\":{\"@id\":\"https:\\\/\\\/www.latribunedufaso.net\\\/#organization\"},\"potentialAction\":[{\"@type\":\"SearchAction\",\"target\":{\"@type\":\"EntryPoint\",\"urlTemplate\":\"https:\\\/\\\/www.latribunedufaso.net\\\/?s={search_term_string}\"},\"query-input\":{\"@type\":\"PropertyValueSpecification\",\"valueRequired\":true,\"valueName\":\"search_term_string\"}}],\"inLanguage\":\"fr-FR\"},{\"@type\":\"Organization\",\"@id\":\"https:\\\/\\\/www.latribunedufaso.net\\\/#organization\",\"name\":\"La Tribune du Faso\",\"url\":\"https:\\\/\\\/www.latribunedufaso.net\\\/\",\"logo\":{\"@type\":\"ImageObject\",\"inLanguage\":\"fr-FR\",\"@id\":\"https:\\\/\\\/www.latribunedufaso.net\\\/#\\\/schema\\\/logo\\\/image\\\/\",\"url\":\"https:\\\/\\\/www.latribunedufaso.net\\\/wp-content\\\/uploads\\\/2020\\\/08\\\/Logo-Tribune-du-Faso-final-scaled.jpg\",\"contentUrl\":\"https:\\\/\\\/www.latribunedufaso.net\\\/wp-content\\\/uploads\\\/2020\\\/08\\\/Logo-Tribune-du-Faso-final-scaled.jpg\",\"width\":2560,\"height\":1856,\"caption\":\"La Tribune du Faso\"},\"image\":{\"@id\":\"https:\\\/\\\/www.latribunedufaso.net\\\/#\\\/schema\\\/logo\\\/image\\\/\"},\"sameAs\":[\"https:\\\/\\\/www.facebook.com\\\/LatribuneduFaso\\\/\"]},{\"@type\":\"Person\",\"@id\":\"https:\\\/\\\/www.latribunedufaso.net\\\/#\\\/schema\\\/person\\\/e54e64c5778a7e72cf80a318b7a622b0\",\"name\":\"Issouf Tapsoba\",\"image\":{\"@type\":\"ImageObject\",\"inLanguage\":\"fr-FR\",\"@id\":\"https:\\\/\\\/secure.gravatar.com\\\/avatar\\\/5e6c05150ce3230247d167f5b94d678eb05936197436d69b7921e3a95c9107ac?s=96&d=mm&r=g\",\"url\":\"https:\\\/\\\/secure.gravatar.com\\\/avatar\\\/5e6c05150ce3230247d167f5b94d678eb05936197436d69b7921e3a95c9107ac?s=96&d=mm&r=g\",\"contentUrl\":\"https:\\\/\\\/secure.gravatar.com\\\/avatar\\\/5e6c05150ce3230247d167f5b94d678eb05936197436d69b7921e3a95c9107ac?s=96&d=mm&r=g\",\"caption\":\"Issouf Tapsoba\"},\"url\":\"https:\\\/\\\/www.latribunedufaso.net\\\/?author=5\"}]}<\/script>\n<!-- \/ Yoast SEO plugin. -->","yoast_head_json":{"title":"Burkina : Une ONG prise en \u00ab situation d\u2019espionnage \u00bb, des responsables bient\u00f4t traduits devant le Procureur - La Tribune du Faso","robots":{"index":"index","follow":"follow","max-snippet":"max-snippet:-1","max-image-preview":"max-image-preview:large","max-video-preview":"max-video-preview:-1"},"canonical":"https:\/\/www.latribunedufaso.net\/?p=24066","og_locale":"fr_FR","og_type":"article","og_title":"Burkina : Une ONG prise en \u00ab situation d\u2019espionnage \u00bb, des responsables bient\u00f4t traduits devant le Procureur - La Tribune du Faso","og_description":"Le ministre de la S\u00e9curit\u00e9 a annonc\u00e9, lors d\u2019une conf\u00e9rence de presse tenue ce 7 octobre 2025 \u00e0 Ouagadougou, qu&rsquo;une enqu\u00eate ouverte depuis janvier 2025 a r\u00e9v\u00e9l\u00e9 qu&rsquo;une ONG \u00e9trang\u00e8re, International NGO Safety Organisation (INSO) menait des activit\u00e9s d&rsquo;espionnage au Burkina Faso. Avec \u00e0 ses c\u00f4t\u00e9s son homologue de la Communication, le ministre Sana a expliqu\u00e9 que, plusieurs responsables et collaborateurs locaux ont \u00e9t\u00e9 interpell\u00e9s et seront pr\u00e9sent\u00e9s au Procureur du Faso pour \u00ab espionnage et trahison \u00bb.","og_url":"https:\/\/www.latribunedufaso.net\/?p=24066","og_site_name":"La Tribune du Faso","article_publisher":"https:\/\/www.facebook.com\/LatribuneduFaso\/","article_published_time":"2025-10-07T13:29:43+00:00","article_modified_time":"2025-12-17T18:02:31+00:00","og_image":[{"width":2560,"height":1347,"url":"https:\/\/www.latribunedufaso.net\/wp-content\/uploads\/2025\/10\/IMG-20251009-WA0020.jpg","type":"image\/jpeg"}],"author":"Issouf Tapsoba","twitter_misc":{"\u00c9crit par":"Issouf Tapsoba","Dur\u00e9e de lecture estim\u00e9e":"3 minutes"},"schema":{"@context":"https:\/\/schema.org","@graph":[{"@type":"Article","@id":"https:\/\/www.latribunedufaso.net\/?p=24066#article","isPartOf":{"@id":"https:\/\/www.latribunedufaso.net\/?p=24066"},"author":{"name":"Issouf Tapsoba","@id":"https:\/\/www.latribunedufaso.net\/#\/schema\/person\/e54e64c5778a7e72cf80a318b7a622b0"},"headline":"Burkina : Une ONG prise en \u00ab situation d\u2019espionnage \u00bb, des responsables bient\u00f4t traduits devant le Procureur","datePublished":"2025-10-07T13:29:43+00:00","dateModified":"2025-12-17T18:02:31+00:00","mainEntityOfPage":{"@id":"https:\/\/www.latribunedufaso.net\/?p=24066"},"wordCount":547,"commentCount":0,"publisher":{"@id":"https:\/\/www.latribunedufaso.net\/#organization"},"image":{"@id":"https:\/\/www.latribunedufaso.net\/?p=24066#primaryimage"},"thumbnailUrl":"https:\/\/www.latribunedufaso.net\/wp-content\/uploads\/2025\/10\/IMG-20251009-WA0020.jpg","keywords":["International NGO Safety Organisation (INSO)","latribunedufaso.net","lutte contre le terrorisme","ONG INSO poursuivi pour espionnage Burkina","s\u00e9curit\u00e9"],"articleSection":["A la une","Actualit\u00e9","Soci\u00e9t\u00e9"],"inLanguage":"fr-FR","potentialAction":[{"@type":"CommentAction","name":"Comment","target":["https:\/\/www.latribunedufaso.net\/?p=24066#respond"]}]},{"@type":"WebPage","@id":"https:\/\/www.latribunedufaso.net\/?p=24066","url":"https:\/\/www.latribunedufaso.net\/?p=24066","name":"Burkina : Une ONG prise en \u00ab situation d\u2019espionnage \u00bb, des responsables bient\u00f4t traduits devant le Procureur - La Tribune du Faso","isPartOf":{"@id":"https:\/\/www.latribunedufaso.net\/#website"},"primaryImageOfPage":{"@id":"https:\/\/www.latribunedufaso.net\/?p=24066#primaryimage"},"image":{"@id":"https:\/\/www.latribunedufaso.net\/?p=24066#primaryimage"},"thumbnailUrl":"https:\/\/www.latribunedufaso.net\/wp-content\/uploads\/2025\/10\/IMG-20251009-WA0020.jpg","datePublished":"2025-10-07T13:29:43+00:00","dateModified":"2025-12-17T18:02:31+00:00","breadcrumb":{"@id":"https:\/\/www.latribunedufaso.net\/?p=24066#breadcrumb"},"inLanguage":"fr-FR","potentialAction":[{"@type":"ReadAction","target":["https:\/\/www.latribunedufaso.net\/?p=24066"]}]},{"@type":"ImageObject","inLanguage":"fr-FR","@id":"https:\/\/www.latribunedufaso.net\/?p=24066#primaryimage","url":"https:\/\/www.latribunedufaso.net\/wp-content\/uploads\/2025\/10\/IMG-20251009-WA0020.jpg","contentUrl":"https:\/\/www.latribunedufaso.net\/wp-content\/uploads\/2025\/10\/IMG-20251009-WA0020.jpg","width":2560,"height":1347,"caption":"Conf\u00e9rence de presse du ministre de la S\u00e9curit\u00e9 sur \u00ab l'espionnage \u00bb de l'ONG INSO, 7 octobre 2025"},{"@type":"BreadcrumbList","@id":"https:\/\/www.latribunedufaso.net\/?p=24066#breadcrumb","itemListElement":[{"@type":"ListItem","position":1,"name":"Accueil","item":"https:\/\/www.latribunedufaso.net\/"},{"@type":"ListItem","position":2,"name":"Burkina : Une ONG prise en \u00ab situation d\u2019espionnage \u00bb, des responsables bient\u00f4t traduits devant le Procureur"}]},{"@type":"WebSite","@id":"https:\/\/www.latribunedufaso.net\/#website","url":"https:\/\/www.latribunedufaso.net\/","name":"La Tribune du Faso","description":"L&#039;information du monde rural en un clic","publisher":{"@id":"https:\/\/www.latribunedufaso.net\/#organization"},"potentialAction":[{"@type":"SearchAction","target":{"@type":"EntryPoint","urlTemplate":"https:\/\/www.latribunedufaso.net\/?s={search_term_string}"},"query-input":{"@type":"PropertyValueSpecification","valueRequired":true,"valueName":"search_term_string"}}],"inLanguage":"fr-FR"},{"@type":"Organization","@id":"https:\/\/www.latribunedufaso.net\/#organization","name":"La Tribune du Faso","url":"https:\/\/www.latribunedufaso.net\/","logo":{"@type":"ImageObject","inLanguage":"fr-FR","@id":"https:\/\/www.latribunedufaso.net\/#\/schema\/logo\/image\/","url":"https:\/\/www.latribunedufaso.net\/wp-content\/uploads\/2020\/08\/Logo-Tribune-du-Faso-final-scaled.jpg","contentUrl":"https:\/\/www.latribunedufaso.net\/wp-content\/uploads\/2020\/08\/Logo-Tribune-du-Faso-final-scaled.jpg","width":2560,"height":1856,"caption":"La Tribune du Faso"},"image":{"@id":"https:\/\/www.latribunedufaso.net\/#\/schema\/logo\/image\/"},"sameAs":["https:\/\/www.facebook.com\/LatribuneduFaso\/"]},{"@type":"Person","@id":"https:\/\/www.latribunedufaso.net\/#\/schema\/person\/e54e64c5778a7e72cf80a318b7a622b0","name":"Issouf Tapsoba","image":{"@type":"ImageObject","inLanguage":"fr-FR","@id":"https:\/\/secure.gravatar.com\/avatar\/5e6c05150ce3230247d167f5b94d678eb05936197436d69b7921e3a95c9107ac?s=96&d=mm&r=g","url":"https:\/\/secure.gravatar.com\/avatar\/5e6c05150ce3230247d167f5b94d678eb05936197436d69b7921e3a95c9107ac?s=96&d=mm&r=g","contentUrl":"https:\/\/secure.gravatar.com\/avatar\/5e6c05150ce3230247d167f5b94d678eb05936197436d69b7921e3a95c9107ac?s=96&d=mm&r=g","caption":"Issouf Tapsoba"},"url":"https:\/\/www.latribunedufaso.net\/?author=5"}]}},"_links":{"self":[{"href":"https:\/\/www.latribunedufaso.net\/index.php?rest_route=\/wp\/v2\/posts\/24066","targetHints":{"allow":["GET"]}}],"collection":[{"href":"https:\/\/www.latribunedufaso.net\/index.php?rest_route=\/wp\/v2\/posts"}],"about":[{"href":"https:\/\/www.latribunedufaso.net\/index.php?rest_route=\/wp\/v2\/types\/post"}],"author":[{"embeddable":true,"href":"https:\/\/www.latribunedufaso.net\/index.php?rest_route=\/wp\/v2\/users\/5"}],"replies":[{"embeddable":true,"href":"https:\/\/www.latribunedufaso.net\/index.php?rest_route=%2Fwp%2Fv2%2Fcomments&post=24066"}],"version-history":[{"count":3,"href":"https:\/\/www.latribunedufaso.net\/index.php?rest_route=\/wp\/v2\/posts\/24066\/revisions"}],"predecessor-version":[{"id":25835,"href":"https:\/\/www.latribunedufaso.net\/index.php?rest_route=\/wp\/v2\/posts\/24066\/revisions\/25835"}],"wp:featuredmedia":[{"embeddable":true,"href":"https:\/\/www.latribunedufaso.net\/index.php?rest_route=\/wp\/v2\/media\/24068"}],"wp:attachment":[{"href":"https:\/\/www.latribunedufaso.net\/index.php?rest_route=%2Fwp%2Fv2%2Fmedia&parent=24066"}],"wp:term":[{"taxonomy":"category","embeddable":true,"href":"https:\/\/www.latribunedufaso.net\/index.php?rest_route=%2Fwp%2Fv2%2Fcategories&post=24066"},{"taxonomy":"post_tag","embeddable":true,"href":"https:\/\/www.latribunedufaso.net\/index.php?rest_route=%2Fwp%2Fv2%2Ftags&post=24066"}],"curies":[{"name":"wp","href":"https:\/\/api.w.org\/{rel}","templated":true}]}}