{"id":24027,"date":"2025-10-05T08:06:43","date_gmt":"2025-10-05T08:06:43","guid":{"rendered":"https:\/\/www.latribunedufaso.net\/?p=24027"},"modified":"2025-10-05T23:29:34","modified_gmt":"2025-10-05T23:29:34","slug":"cloture-des-journees-de-concertation-etat-ong-des-recommandations-pour-lutter-contre-le-blanchiment-et-le-financement-du-terrorisme","status":"publish","type":"post","link":"https:\/\/www.latribunedufaso.net\/?p=24027","title":{"rendered":"Cl\u00f4ture des Journ\u00e9es de concertation \u00c9tat-ONG : Des recommandations pour lutter contre le blanchiment et le financement du terrorisme"},"content":{"rendered":"<p><strong>La 10\u1d49 \u00e9dition des Journ\u00e9es nationales de concertation entre l\u2019\u00c9tat et les ONG, les associations de d\u00e9veloppement et les fondations a pris fin ce 3 octobre 2025 \u00e0 Ouagadougou. La c\u00e9r\u00e9monie de cl\u00f4ture a \u00e9t\u00e9 pr\u00e9sid\u00e9e par le Premier ministre, Jean Emmanuel Ou\u00e9draogo, en pr\u00e9sence de plusieurs membres du gouvernement.<\/strong><!--more--><\/p>\n<p>Plac\u00e9es sous le th\u00e8me <em><strong>\u00ab Transparence et responsabilit\u00e9 financi\u00e8re des ONG dans la lutte contre le blanchiment de capitaux et le financement du terrorisme au Burkina Faso \u00bb<\/strong><\/em>, ces journ\u00e9es ont r\u00e9uni environ 462 participants issus des ONG, des associations de d\u00e9veloppement, des fondations, des services \u00e9tatiques, des collectivit\u00e9s territoriales ainsi que des repr\u00e9sentants d\u2019institutions priv\u00e9es.<\/p>\n<h3>Des ateliers pour identifier les d\u00e9fis<\/h3>\n<p>Deux ateliers th\u00e9matiques se sont tenus le 2 octobre. Le premier portait sur le<em><strong> \u00ab Renforcement du suivi-contr\u00f4le des flux financiers des ONG, associations de d\u00e9veloppement et fondations \u00bb<\/strong><\/em>, et le second sur <em><strong>\u00ab le r\u00f4le et la responsabilit\u00e9 des ONG dans la lutte contre le blanchiment de capitaux et le financement du terrorisme \u00bb.<\/strong><\/em><\/p>\n<p>Selon le Secr\u00e9taire g\u00e9n\u00e9ral du minist\u00e8re en charge de l\u2019\u00c9conomie, Rachid Soulama, ces ateliers ont permis de mettre en lumi\u00e8re plusieurs d\u00e9fis majeurs. Parmi ceux-ci figurent la faible appropriation des normes comptables et financi\u00e8res, des contraintes financi\u00e8res et humaines, les d\u00e9ficits en suivi et contr\u00f4le, l\u2019insuffisance de coordination et d\u2019information.<\/p>\n<figure id=\"attachment_24028\" aria-describedby=\"caption-attachment-24028\" style=\"width: 1080px\" class=\"wp-caption aligncenter\"><a href=\"https:\/\/www.latribunedufaso.net\/wp-content\/uploads\/2025\/10\/IMG-20251005-WA0089.jpg\"><img loading=\"lazy\" decoding=\"async\" class=\"size-full wp-image-24028\" src=\"https:\/\/www.latribunedufaso.net\/wp-content\/uploads\/2025\/10\/IMG-20251005-WA0089.jpg\" alt=\"C\u00e9r\u00e9monie de cl\u00f4ture de la 10\u1d49 \u00e9dition des Journ\u00e9es nationales de concertation entre l\u2019\u00c9tat et les ONG, les associations de d\u00e9veloppement et les fondations, 3 octobre 2025\" width=\"1080\" height=\"884\" srcset=\"https:\/\/www.latribunedufaso.net\/wp-content\/uploads\/2025\/10\/IMG-20251005-WA0089.jpg 1080w, https:\/\/www.latribunedufaso.net\/wp-content\/uploads\/2025\/10\/IMG-20251005-WA0089-300x246.jpg 300w, https:\/\/www.latribunedufaso.net\/wp-content\/uploads\/2025\/10\/IMG-20251005-WA0089-1024x838.jpg 1024w, https:\/\/www.latribunedufaso.net\/wp-content\/uploads\/2025\/10\/IMG-20251005-WA0089-768x629.jpg 768w\" sizes=\"auto, (max-width: 1080px) 100vw, 1080px\" \/><\/a><figcaption id=\"caption-attachment-24028\" class=\"wp-caption-text\">La vice-pr\u00e9sidente du Secr\u00e9tariat permanent des ONG, Aminata Diallo Boly &#8211; Ph. DR<\/figcaption><\/figure>\n<p>La vice-pr\u00e9sidente du Secr\u00e9tariat permanent des ONG, Aminata Diallo Boly a, pour sa part, soulign\u00e9 un d\u00e9fi r\u00e9current : la lenteur des proc\u00e9dures administratives. Elle a d\u00e9plor\u00e9 des d\u00e9lais excessivement longs pour l\u2019obtention des autorisations n\u00e9cessaires \u00e0 la mise en \u0153uvre des activit\u00e9s des ONG, parfois sup\u00e9rieurs \u00e0 une ann\u00e9e.<em><strong> \u00ab Ces lenteurs fragilisent les engagements contractuels des ONG vis-\u00e0-vis de leurs bailleurs de fonds et retardent la r\u00e9alisation d\u2019interventions pourtant cruciales pour les populations affect\u00e9es par les crises \u00bb<\/strong><\/em>, a-t-elle expliqu\u00e9.<\/p>\n<h3>Des recommandations pour l\u2019avenir<\/h3>\n<p>Pour faire face \u00e0 ces difficult\u00e9s, les participants ont formul\u00e9 plusieurs recommandations.<\/p>\n<p>\u00c0 l\u2019endroit du gouvernement, il est propos\u00e9 de renforcer les capacit\u00e9s des structures \u00e9tatiques pour un meilleur accompagnement des OBNL (organisations \u00e0 but non lucratif) et une meilleure ma\u00eetrise des normes comptables et de lutte contre le blanchiment de capitaux. De plus, il a \u00e9galement \u00e9t\u00e9 recommand\u00e9 d&rsquo;harmoniser les outils de suivi et de capitalisation et de mettre en place un dispositif de d\u00e9claration des donations au niveau des services d\u00e9concentr\u00e9s charg\u00e9s des libert\u00e9s publiques.<\/p>\n<figure id=\"attachment_24030\" aria-describedby=\"caption-attachment-24030\" style=\"width: 2048px\" class=\"wp-caption aligncenter\"><a href=\"https:\/\/www.latribunedufaso.net\/wp-content\/uploads\/2025\/10\/FB_IMG_1759704070676.jpg\"><img loading=\"lazy\" decoding=\"async\" class=\"size-full wp-image-24030\" src=\"https:\/\/www.latribunedufaso.net\/wp-content\/uploads\/2025\/10\/FB_IMG_1759704070676.jpg\" alt=\"C\u00e9r\u00e9monie de cl\u00f4ture de la 10\u1d49 \u00e9dition des Journ\u00e9es nationales de concertation entre l\u2019\u00c9tat et les ONG, les associations de d\u00e9veloppement et les fondations, 3 octobre 2025\" width=\"2048\" height=\"1340\" srcset=\"https:\/\/www.latribunedufaso.net\/wp-content\/uploads\/2025\/10\/FB_IMG_1759704070676.jpg 2048w, https:\/\/www.latribunedufaso.net\/wp-content\/uploads\/2025\/10\/FB_IMG_1759704070676-300x196.jpg 300w, https:\/\/www.latribunedufaso.net\/wp-content\/uploads\/2025\/10\/FB_IMG_1759704070676-1024x670.jpg 1024w, https:\/\/www.latribunedufaso.net\/wp-content\/uploads\/2025\/10\/FB_IMG_1759704070676-768x503.jpg 768w, https:\/\/www.latribunedufaso.net\/wp-content\/uploads\/2025\/10\/FB_IMG_1759704070676-1536x1005.jpg 1536w, https:\/\/www.latribunedufaso.net\/wp-content\/uploads\/2025\/10\/FB_IMG_1759704070676-120x80.jpg 120w\" sizes=\"auto, (max-width: 2048px) 100vw, 2048px\" \/><\/a><figcaption id=\"caption-attachment-24030\" class=\"wp-caption-text\">Une vue des participants \u00e0 la c\u00e9r\u00e9monie de cl\u00f4ture &#8211; Ph. DR<\/figcaption><\/figure>\n<p>\u00c0 l\u2019endroit des OBNL, les recommandations portent sur la mise en conformit\u00e9 avec les dispositions r\u00e9glementaires en mati\u00e8re de lutte contre le blanchiment de capitaux et le financement du terrorisme, l\u2019appropriation des textes encadrant leurs interventions sur le territoire national, la cr\u00e9ation et l\u2019op\u00e9rationnalisation d\u2019un dispositif au sein des faiti\u00e8res, d\u00e9di\u00e9 \u00e0 conseiller et accompagner les OBNL dans la mise en \u0153uvre de leurs obligations en mati\u00e8re de lutte contre le blanchiment de capitaux et le financement du terrorisme.<\/p>\n<h3>L&rsquo;engagement du gouvernement r\u00e9affirm\u00e9<\/h3>\n<p>Prenant la parole \u00e0 la cl\u00f4ture des travaux, le Premier ministre Jean Emmanuel Ou\u00e9draogo a assur\u00e9 les participants que le gouvernement a pleinement entendu leurs pr\u00e9occupations. <em><strong>\u00ab Je peux vous rassurer que le gouvernement \u0153uvre \u00e0 instaurer un environnement associatif transparent, sain et f\u00e9cond, capable de produire des r\u00e9sultats tangibles au profit des populations \u00bb<\/strong><\/em>, a-t-il d\u00e9clar\u00e9.<\/p>\n<figure id=\"attachment_24029\" aria-describedby=\"caption-attachment-24029\" style=\"width: 960px\" class=\"wp-caption aligncenter\"><a href=\"https:\/\/www.latribunedufaso.net\/wp-content\/uploads\/2025\/10\/IMG-20251005-WA0090.jpg\"><img loading=\"lazy\" decoding=\"async\" class=\"size-full wp-image-24029\" src=\"https:\/\/www.latribunedufaso.net\/wp-content\/uploads\/2025\/10\/IMG-20251005-WA0090.jpg\" alt=\"C\u00e9r\u00e9monie de cl\u00f4ture de la 10\u1d49 \u00e9dition des Journ\u00e9es nationales de concertation entre l\u2019\u00c9tat et les ONG, les associations de d\u00e9veloppement et les fondations, 3 octobre 2025\" width=\"960\" height=\"753\" srcset=\"https:\/\/www.latribunedufaso.net\/wp-content\/uploads\/2025\/10\/IMG-20251005-WA0090.jpg 960w, https:\/\/www.latribunedufaso.net\/wp-content\/uploads\/2025\/10\/IMG-20251005-WA0090-300x235.jpg 300w, https:\/\/www.latribunedufaso.net\/wp-content\/uploads\/2025\/10\/IMG-20251005-WA0090-768x602.jpg 768w\" sizes=\"auto, (max-width: 960px) 100vw, 960px\" \/><\/a><figcaption id=\"caption-attachment-24029\" class=\"wp-caption-text\">Le Premier ministre, Rimtalba Jean Emmanuel Ou\u00e9draogo, pr\u00e9sident de la c\u00e9r\u00e9monie &#8211; Ph. DR<\/figcaption><\/figure>\n<p>Il a annonc\u00e9, \u00e0 cet effet, plusieurs mesures, dont l\u2019acc\u00e9l\u00e9ration du traitement des dossiers d\u2019agr\u00e9ment et d\u2019autorisation, la mise en place d\u2019un dispositif unique de rapportage via la plateforme SIS-ONG, une digitalisation accrue des proc\u00e9dures fiscales et douani\u00e8res pour renforcer la transparence, des dispositions budg\u00e9taires pour r\u00e9sorber les retards constat\u00e9s dans certains paiements.<\/p>\n<p>De leur c\u00f4t\u00e9, les ONG et associations ont r\u00e9affirm\u00e9 leur engagement \u00e0 promouvoir davantage la transparence et la tra\u00e7abilit\u00e9 dans la gestion des financements \u00e0 elles confi\u00e9s. <em><strong>\u00ab Nous nous engageons \u00e0 renforcer les capacit\u00e9s de nos membres, \u00e0 d\u00e9velopper des outils partag\u00e9s de reporting et \u00e0 intensifier la collaboration avec l\u2019\u00c9tat pour pr\u00e9venir tout risque de blanchiment de capitaux et de financement du terrorisme.<\/strong><\/em><\/p>\n<blockquote>\n<p>Lire aussi &gt;&gt; <a href=\"https:\/\/www.latribunedufaso.net\/?p=22157\">Revue sectorielle des ONG partenaires du minist\u00e8re de la S\u00e9curit\u00e9 : cap sur l\u2019e<\/a>fficacit\u00e9 et la collaboration<\/p>\n<\/blockquote>\n<p><em><strong>Il y va de notre survie en tant qu\u2019OSC et de l\u2019int\u00e9r\u00eat de nos communaut\u00e9s \u00bb<\/strong><\/em>, a indiqu\u00e9 leur repr\u00e9sentante, Aminata Diallo Boly.<\/p>\n<p><strong>Rosana Astride KIENDREBEOGO\u00a0<\/strong><\/p>\n<p><strong>Latribunedufaso.net<\/strong><\/p>\n","protected":false},"excerpt":{"rendered":"<p>La 10\u1d49 \u00e9dition des Journ\u00e9es nationales de concertation entre l\u2019\u00c9tat et les ONG, les associations de d\u00e9veloppement et les fondations a pris fin ce 3 octobre 2025 \u00e0 Ouagadougou. La c\u00e9r\u00e9monie de cl\u00f4ture a \u00e9t\u00e9 pr\u00e9sid\u00e9e par le Premier ministre, Jean Emmanuel Ou\u00e9draogo, en pr\u00e9sence de plusieurs membres du gouvernement.<\/p>\n","protected":false},"author":5,"featured_media":24031,"comment_status":"open","ping_status":"open","sticky":false,"template":"","format":"standard","meta":{"footnotes":""},"categories":[13,1,8],"tags":[1620,39,225],"class_list":["post-24027","post","type-post","status-publish","format-standard","has-post-thumbnail","hentry","category-une","category-actu","category-societe","tag-journees-nationales-de-concertation-entre-letat-et-les-ong","tag-latribunedufaso-net","tag-ong"],"yoast_head":"<!-- This site is optimized with the Yoast SEO plugin v27.4 - https:\/\/yoast.com\/product\/yoast-seo-wordpress\/ -->\n<title>Cl\u00f4ture des Journ\u00e9es de concertation \u00c9tat-ONG : Des recommandations pour lutter contre le blanchiment et le financement du terrorisme - La Tribune du Faso<\/title>\n<meta name=\"robots\" content=\"index, follow, max-snippet:-1, max-image-preview:large, max-video-preview:-1\" \/>\n<link rel=\"canonical\" href=\"https:\/\/www.latribunedufaso.net\/?p=24027\" \/>\n<meta property=\"og:locale\" content=\"fr_FR\" \/>\n<meta property=\"og:type\" content=\"article\" \/>\n<meta property=\"og:title\" content=\"Cl\u00f4ture des Journ\u00e9es de concertation \u00c9tat-ONG : Des recommandations pour lutter contre le blanchiment et le financement du terrorisme - La Tribune du Faso\" \/>\n<meta property=\"og:description\" content=\"La 10\u1d49 \u00e9dition des Journ\u00e9es nationales de concertation entre l\u2019\u00c9tat et les ONG, les associations de d\u00e9veloppement et les fondations a pris fin ce 3 octobre 2025 \u00e0 Ouagadougou. La c\u00e9r\u00e9monie de cl\u00f4ture a \u00e9t\u00e9 pr\u00e9sid\u00e9e par le Premier ministre, Jean Emmanuel Ou\u00e9draogo, en pr\u00e9sence de plusieurs membres du gouvernement.\" \/>\n<meta property=\"og:url\" content=\"https:\/\/www.latribunedufaso.net\/?p=24027\" \/>\n<meta property=\"og:site_name\" content=\"La Tribune du Faso\" \/>\n<meta property=\"article:publisher\" content=\"https:\/\/www.facebook.com\/LatribuneduFaso\/\" \/>\n<meta property=\"article:published_time\" content=\"2025-10-05T08:06:43+00:00\" \/>\n<meta property=\"article:modified_time\" content=\"2025-10-05T23:29:34+00:00\" \/>\n<meta property=\"og:image\" content=\"https:\/\/www.latribunedufaso.net\/wp-content\/uploads\/2025\/10\/FB_IMG_1759704062697.jpg\" \/>\n\t<meta property=\"og:image:width\" content=\"960\" \/>\n\t<meta property=\"og:image:height\" content=\"539\" \/>\n\t<meta property=\"og:image:type\" content=\"image\/jpeg\" \/>\n<meta name=\"author\" content=\"Issouf Tapsoba\" \/>\n<meta name=\"twitter:label1\" content=\"\u00c9crit par\" \/>\n\t<meta name=\"twitter:data1\" content=\"Issouf Tapsoba\" \/>\n\t<meta name=\"twitter:label2\" content=\"Dur\u00e9e de lecture estim\u00e9e\" \/>\n\t<meta name=\"twitter:data2\" content=\"4 minutes\" \/>\n<script type=\"application\/ld+json\" class=\"yoast-schema-graph\">{\"@context\":\"https:\\\/\\\/schema.org\",\"@graph\":[{\"@type\":\"Article\",\"@id\":\"https:\\\/\\\/www.latribunedufaso.net\\\/?p=24027#article\",\"isPartOf\":{\"@id\":\"https:\\\/\\\/www.latribunedufaso.net\\\/?p=24027\"},\"author\":{\"name\":\"Issouf Tapsoba\",\"@id\":\"https:\\\/\\\/www.latribunedufaso.net\\\/#\\\/schema\\\/person\\\/e54e64c5778a7e72cf80a318b7a622b0\"},\"headline\":\"Cl\u00f4ture des Journ\u00e9es de concertation \u00c9tat-ONG : Des recommandations pour lutter contre le blanchiment et le financement du terrorisme\",\"datePublished\":\"2025-10-05T08:06:43+00:00\",\"dateModified\":\"2025-10-05T23:29:34+00:00\",\"mainEntityOfPage\":{\"@id\":\"https:\\\/\\\/www.latribunedufaso.net\\\/?p=24027\"},\"wordCount\":864,\"commentCount\":0,\"publisher\":{\"@id\":\"https:\\\/\\\/www.latribunedufaso.net\\\/#organization\"},\"image\":{\"@id\":\"https:\\\/\\\/www.latribunedufaso.net\\\/?p=24027#primaryimage\"},\"thumbnailUrl\":\"https:\\\/\\\/www.latribunedufaso.net\\\/wp-content\\\/uploads\\\/2025\\\/10\\\/FB_IMG_1759704062697.jpg\",\"keywords\":[\"Journ\u00e9es nationales de concertation entre l\u2019\u00c9tat et les ONG\",\"latribunedufaso.net\",\"ONG\"],\"articleSection\":[\"A la une\",\"Actualit\u00e9\",\"Soci\u00e9t\u00e9\"],\"inLanguage\":\"fr-FR\",\"potentialAction\":[{\"@type\":\"CommentAction\",\"name\":\"Comment\",\"target\":[\"https:\\\/\\\/www.latribunedufaso.net\\\/?p=24027#respond\"]}]},{\"@type\":\"WebPage\",\"@id\":\"https:\\\/\\\/www.latribunedufaso.net\\\/?p=24027\",\"url\":\"https:\\\/\\\/www.latribunedufaso.net\\\/?p=24027\",\"name\":\"Cl\u00f4ture des Journ\u00e9es de concertation \u00c9tat-ONG : Des recommandations pour lutter contre le blanchiment et le financement du terrorisme - La Tribune du Faso\",\"isPartOf\":{\"@id\":\"https:\\\/\\\/www.latribunedufaso.net\\\/#website\"},\"primaryImageOfPage\":{\"@id\":\"https:\\\/\\\/www.latribunedufaso.net\\\/?p=24027#primaryimage\"},\"image\":{\"@id\":\"https:\\\/\\\/www.latribunedufaso.net\\\/?p=24027#primaryimage\"},\"thumbnailUrl\":\"https:\\\/\\\/www.latribunedufaso.net\\\/wp-content\\\/uploads\\\/2025\\\/10\\\/FB_IMG_1759704062697.jpg\",\"datePublished\":\"2025-10-05T08:06:43+00:00\",\"dateModified\":\"2025-10-05T23:29:34+00:00\",\"breadcrumb\":{\"@id\":\"https:\\\/\\\/www.latribunedufaso.net\\\/?p=24027#breadcrumb\"},\"inLanguage\":\"fr-FR\",\"potentialAction\":[{\"@type\":\"ReadAction\",\"target\":[\"https:\\\/\\\/www.latribunedufaso.net\\\/?p=24027\"]}]},{\"@type\":\"ImageObject\",\"inLanguage\":\"fr-FR\",\"@id\":\"https:\\\/\\\/www.latribunedufaso.net\\\/?p=24027#primaryimage\",\"url\":\"https:\\\/\\\/www.latribunedufaso.net\\\/wp-content\\\/uploads\\\/2025\\\/10\\\/FB_IMG_1759704062697.jpg\",\"contentUrl\":\"https:\\\/\\\/www.latribunedufaso.net\\\/wp-content\\\/uploads\\\/2025\\\/10\\\/FB_IMG_1759704062697.jpg\",\"width\":960,\"height\":539,\"caption\":\"C\u00e9r\u00e9monie de cl\u00f4ture de la 10\u1d49 \u00e9dition des Journ\u00e9es nationales de concertation entre l\u2019\u00c9tat et les ONG, les associations de d\u00e9veloppement et les fondations, 3 octobre 2025\"},{\"@type\":\"BreadcrumbList\",\"@id\":\"https:\\\/\\\/www.latribunedufaso.net\\\/?p=24027#breadcrumb\",\"itemListElement\":[{\"@type\":\"ListItem\",\"position\":1,\"name\":\"Accueil\",\"item\":\"https:\\\/\\\/www.latribunedufaso.net\\\/\"},{\"@type\":\"ListItem\",\"position\":2,\"name\":\"Cl\u00f4ture des Journ\u00e9es de concertation \u00c9tat-ONG : Des recommandations pour lutter contre le blanchiment et le financement du terrorisme\"}]},{\"@type\":\"WebSite\",\"@id\":\"https:\\\/\\\/www.latribunedufaso.net\\\/#website\",\"url\":\"https:\\\/\\\/www.latribunedufaso.net\\\/\",\"name\":\"La Tribune du Faso\",\"description\":\"L&#039;information du monde rural en un clic\",\"publisher\":{\"@id\":\"https:\\\/\\\/www.latribunedufaso.net\\\/#organization\"},\"potentialAction\":[{\"@type\":\"SearchAction\",\"target\":{\"@type\":\"EntryPoint\",\"urlTemplate\":\"https:\\\/\\\/www.latribunedufaso.net\\\/?s={search_term_string}\"},\"query-input\":{\"@type\":\"PropertyValueSpecification\",\"valueRequired\":true,\"valueName\":\"search_term_string\"}}],\"inLanguage\":\"fr-FR\"},{\"@type\":\"Organization\",\"@id\":\"https:\\\/\\\/www.latribunedufaso.net\\\/#organization\",\"name\":\"La Tribune du Faso\",\"url\":\"https:\\\/\\\/www.latribunedufaso.net\\\/\",\"logo\":{\"@type\":\"ImageObject\",\"inLanguage\":\"fr-FR\",\"@id\":\"https:\\\/\\\/www.latribunedufaso.net\\\/#\\\/schema\\\/logo\\\/image\\\/\",\"url\":\"https:\\\/\\\/www.latribunedufaso.net\\\/wp-content\\\/uploads\\\/2020\\\/08\\\/Logo-Tribune-du-Faso-final-scaled.jpg\",\"contentUrl\":\"https:\\\/\\\/www.latribunedufaso.net\\\/wp-content\\\/uploads\\\/2020\\\/08\\\/Logo-Tribune-du-Faso-final-scaled.jpg\",\"width\":2560,\"height\":1856,\"caption\":\"La Tribune du Faso\"},\"image\":{\"@id\":\"https:\\\/\\\/www.latribunedufaso.net\\\/#\\\/schema\\\/logo\\\/image\\\/\"},\"sameAs\":[\"https:\\\/\\\/www.facebook.com\\\/LatribuneduFaso\\\/\"]},{\"@type\":\"Person\",\"@id\":\"https:\\\/\\\/www.latribunedufaso.net\\\/#\\\/schema\\\/person\\\/e54e64c5778a7e72cf80a318b7a622b0\",\"name\":\"Issouf Tapsoba\",\"image\":{\"@type\":\"ImageObject\",\"inLanguage\":\"fr-FR\",\"@id\":\"https:\\\/\\\/secure.gravatar.com\\\/avatar\\\/5e6c05150ce3230247d167f5b94d678eb05936197436d69b7921e3a95c9107ac?s=96&d=mm&r=g\",\"url\":\"https:\\\/\\\/secure.gravatar.com\\\/avatar\\\/5e6c05150ce3230247d167f5b94d678eb05936197436d69b7921e3a95c9107ac?s=96&d=mm&r=g\",\"contentUrl\":\"https:\\\/\\\/secure.gravatar.com\\\/avatar\\\/5e6c05150ce3230247d167f5b94d678eb05936197436d69b7921e3a95c9107ac?s=96&d=mm&r=g\",\"caption\":\"Issouf Tapsoba\"},\"url\":\"https:\\\/\\\/www.latribunedufaso.net\\\/?author=5\"}]}<\/script>\n<!-- \/ Yoast SEO plugin. -->","yoast_head_json":{"title":"Cl\u00f4ture des Journ\u00e9es de concertation \u00c9tat-ONG : Des recommandations pour lutter contre le blanchiment et le financement du terrorisme - La Tribune du Faso","robots":{"index":"index","follow":"follow","max-snippet":"max-snippet:-1","max-image-preview":"max-image-preview:large","max-video-preview":"max-video-preview:-1"},"canonical":"https:\/\/www.latribunedufaso.net\/?p=24027","og_locale":"fr_FR","og_type":"article","og_title":"Cl\u00f4ture des Journ\u00e9es de concertation \u00c9tat-ONG : Des recommandations pour lutter contre le blanchiment et le financement du terrorisme - La Tribune du Faso","og_description":"La 10\u1d49 \u00e9dition des Journ\u00e9es nationales de concertation entre l\u2019\u00c9tat et les ONG, les associations de d\u00e9veloppement et les fondations a pris fin ce 3 octobre 2025 \u00e0 Ouagadougou. La c\u00e9r\u00e9monie de cl\u00f4ture a \u00e9t\u00e9 pr\u00e9sid\u00e9e par le Premier ministre, Jean Emmanuel Ou\u00e9draogo, en pr\u00e9sence de plusieurs membres du gouvernement.","og_url":"https:\/\/www.latribunedufaso.net\/?p=24027","og_site_name":"La Tribune du Faso","article_publisher":"https:\/\/www.facebook.com\/LatribuneduFaso\/","article_published_time":"2025-10-05T08:06:43+00:00","article_modified_time":"2025-10-05T23:29:34+00:00","og_image":[{"width":960,"height":539,"url":"https:\/\/www.latribunedufaso.net\/wp-content\/uploads\/2025\/10\/FB_IMG_1759704062697.jpg","type":"image\/jpeg"}],"author":"Issouf Tapsoba","twitter_misc":{"\u00c9crit par":"Issouf Tapsoba","Dur\u00e9e de lecture estim\u00e9e":"4 minutes"},"schema":{"@context":"https:\/\/schema.org","@graph":[{"@type":"Article","@id":"https:\/\/www.latribunedufaso.net\/?p=24027#article","isPartOf":{"@id":"https:\/\/www.latribunedufaso.net\/?p=24027"},"author":{"name":"Issouf Tapsoba","@id":"https:\/\/www.latribunedufaso.net\/#\/schema\/person\/e54e64c5778a7e72cf80a318b7a622b0"},"headline":"Cl\u00f4ture des Journ\u00e9es de concertation \u00c9tat-ONG : Des recommandations pour lutter contre le blanchiment et le financement du terrorisme","datePublished":"2025-10-05T08:06:43+00:00","dateModified":"2025-10-05T23:29:34+00:00","mainEntityOfPage":{"@id":"https:\/\/www.latribunedufaso.net\/?p=24027"},"wordCount":864,"commentCount":0,"publisher":{"@id":"https:\/\/www.latribunedufaso.net\/#organization"},"image":{"@id":"https:\/\/www.latribunedufaso.net\/?p=24027#primaryimage"},"thumbnailUrl":"https:\/\/www.latribunedufaso.net\/wp-content\/uploads\/2025\/10\/FB_IMG_1759704062697.jpg","keywords":["Journ\u00e9es nationales de concertation entre l\u2019\u00c9tat et les ONG","latribunedufaso.net","ONG"],"articleSection":["A la une","Actualit\u00e9","Soci\u00e9t\u00e9"],"inLanguage":"fr-FR","potentialAction":[{"@type":"CommentAction","name":"Comment","target":["https:\/\/www.latribunedufaso.net\/?p=24027#respond"]}]},{"@type":"WebPage","@id":"https:\/\/www.latribunedufaso.net\/?p=24027","url":"https:\/\/www.latribunedufaso.net\/?p=24027","name":"Cl\u00f4ture des Journ\u00e9es de concertation \u00c9tat-ONG : Des recommandations pour lutter contre le blanchiment et le financement du terrorisme - La Tribune du Faso","isPartOf":{"@id":"https:\/\/www.latribunedufaso.net\/#website"},"primaryImageOfPage":{"@id":"https:\/\/www.latribunedufaso.net\/?p=24027#primaryimage"},"image":{"@id":"https:\/\/www.latribunedufaso.net\/?p=24027#primaryimage"},"thumbnailUrl":"https:\/\/www.latribunedufaso.net\/wp-content\/uploads\/2025\/10\/FB_IMG_1759704062697.jpg","datePublished":"2025-10-05T08:06:43+00:00","dateModified":"2025-10-05T23:29:34+00:00","breadcrumb":{"@id":"https:\/\/www.latribunedufaso.net\/?p=24027#breadcrumb"},"inLanguage":"fr-FR","potentialAction":[{"@type":"ReadAction","target":["https:\/\/www.latribunedufaso.net\/?p=24027"]}]},{"@type":"ImageObject","inLanguage":"fr-FR","@id":"https:\/\/www.latribunedufaso.net\/?p=24027#primaryimage","url":"https:\/\/www.latribunedufaso.net\/wp-content\/uploads\/2025\/10\/FB_IMG_1759704062697.jpg","contentUrl":"https:\/\/www.latribunedufaso.net\/wp-content\/uploads\/2025\/10\/FB_IMG_1759704062697.jpg","width":960,"height":539,"caption":"C\u00e9r\u00e9monie de cl\u00f4ture de la 10\u1d49 \u00e9dition des Journ\u00e9es nationales de concertation entre l\u2019\u00c9tat et les ONG, les associations de d\u00e9veloppement et les fondations, 3 octobre 2025"},{"@type":"BreadcrumbList","@id":"https:\/\/www.latribunedufaso.net\/?p=24027#breadcrumb","itemListElement":[{"@type":"ListItem","position":1,"name":"Accueil","item":"https:\/\/www.latribunedufaso.net\/"},{"@type":"ListItem","position":2,"name":"Cl\u00f4ture des Journ\u00e9es de concertation \u00c9tat-ONG : Des recommandations pour lutter contre le blanchiment et le financement du terrorisme"}]},{"@type":"WebSite","@id":"https:\/\/www.latribunedufaso.net\/#website","url":"https:\/\/www.latribunedufaso.net\/","name":"La Tribune du Faso","description":"L&#039;information du monde rural en un clic","publisher":{"@id":"https:\/\/www.latribunedufaso.net\/#organization"},"potentialAction":[{"@type":"SearchAction","target":{"@type":"EntryPoint","urlTemplate":"https:\/\/www.latribunedufaso.net\/?s={search_term_string}"},"query-input":{"@type":"PropertyValueSpecification","valueRequired":true,"valueName":"search_term_string"}}],"inLanguage":"fr-FR"},{"@type":"Organization","@id":"https:\/\/www.latribunedufaso.net\/#organization","name":"La Tribune du Faso","url":"https:\/\/www.latribunedufaso.net\/","logo":{"@type":"ImageObject","inLanguage":"fr-FR","@id":"https:\/\/www.latribunedufaso.net\/#\/schema\/logo\/image\/","url":"https:\/\/www.latribunedufaso.net\/wp-content\/uploads\/2020\/08\/Logo-Tribune-du-Faso-final-scaled.jpg","contentUrl":"https:\/\/www.latribunedufaso.net\/wp-content\/uploads\/2020\/08\/Logo-Tribune-du-Faso-final-scaled.jpg","width":2560,"height":1856,"caption":"La Tribune du Faso"},"image":{"@id":"https:\/\/www.latribunedufaso.net\/#\/schema\/logo\/image\/"},"sameAs":["https:\/\/www.facebook.com\/LatribuneduFaso\/"]},{"@type":"Person","@id":"https:\/\/www.latribunedufaso.net\/#\/schema\/person\/e54e64c5778a7e72cf80a318b7a622b0","name":"Issouf Tapsoba","image":{"@type":"ImageObject","inLanguage":"fr-FR","@id":"https:\/\/secure.gravatar.com\/avatar\/5e6c05150ce3230247d167f5b94d678eb05936197436d69b7921e3a95c9107ac?s=96&d=mm&r=g","url":"https:\/\/secure.gravatar.com\/avatar\/5e6c05150ce3230247d167f5b94d678eb05936197436d69b7921e3a95c9107ac?s=96&d=mm&r=g","contentUrl":"https:\/\/secure.gravatar.com\/avatar\/5e6c05150ce3230247d167f5b94d678eb05936197436d69b7921e3a95c9107ac?s=96&d=mm&r=g","caption":"Issouf Tapsoba"},"url":"https:\/\/www.latribunedufaso.net\/?author=5"}]}},"_links":{"self":[{"href":"https:\/\/www.latribunedufaso.net\/index.php?rest_route=\/wp\/v2\/posts\/24027","targetHints":{"allow":["GET"]}}],"collection":[{"href":"https:\/\/www.latribunedufaso.net\/index.php?rest_route=\/wp\/v2\/posts"}],"about":[{"href":"https:\/\/www.latribunedufaso.net\/index.php?rest_route=\/wp\/v2\/types\/post"}],"author":[{"embeddable":true,"href":"https:\/\/www.latribunedufaso.net\/index.php?rest_route=\/wp\/v2\/users\/5"}],"replies":[{"embeddable":true,"href":"https:\/\/www.latribunedufaso.net\/index.php?rest_route=%2Fwp%2Fv2%2Fcomments&post=24027"}],"version-history":[{"count":1,"href":"https:\/\/www.latribunedufaso.net\/index.php?rest_route=\/wp\/v2\/posts\/24027\/revisions"}],"predecessor-version":[{"id":24032,"href":"https:\/\/www.latribunedufaso.net\/index.php?rest_route=\/wp\/v2\/posts\/24027\/revisions\/24032"}],"wp:featuredmedia":[{"embeddable":true,"href":"https:\/\/www.latribunedufaso.net\/index.php?rest_route=\/wp\/v2\/media\/24031"}],"wp:attachment":[{"href":"https:\/\/www.latribunedufaso.net\/index.php?rest_route=%2Fwp%2Fv2%2Fmedia&parent=24027"}],"wp:term":[{"taxonomy":"category","embeddable":true,"href":"https:\/\/www.latribunedufaso.net\/index.php?rest_route=%2Fwp%2Fv2%2Fcategories&post=24027"},{"taxonomy":"post_tag","embeddable":true,"href":"https:\/\/www.latribunedufaso.net\/index.php?rest_route=%2Fwp%2Fv2%2Ftags&post=24027"}],"curies":[{"name":"wp","href":"https:\/\/api.w.org\/{rel}","templated":true}]}}