{"id":23983,"date":"2025-10-03T12:00:34","date_gmt":"2025-10-03T12:00:34","guid":{"rendered":"https:\/\/www.latribunedufaso.net\/?p=23983"},"modified":"2025-10-03T12:00:34","modified_gmt":"2025-10-03T12:00:34","slug":"transparence-miniere-litie-burkina-mobilise-les-acteurs-de-la-communication-pour-une-diffusion-accrue-des-donnees-extractifs","status":"publish","type":"post","link":"https:\/\/www.latribunedufaso.net\/?p=23983","title":{"rendered":"Transparence mini\u00e8re : L&rsquo;ITIE Burkina mobilise les acteurs de la communication pour une diffusion accrue des donn\u00e9es extractifs\u00a0"},"content":{"rendered":"<p><strong>Le Secr\u00e9taire Permanent de l\u2019Initiative pour la Transparence dans les Industries Extractives (SP-ITIE) du Burkina Faso a pr\u00e9sid\u00e9, le 1er octobre 2025, un atelier de r\u00e9flexion et d\u2019\u00e9changes sur la divulgation des donn\u00e9es du secteur extractif. La rencontre a r\u00e9uni des repr\u00e9sentants des services de communication des structures publiques, des entreprises extractives et des m\u00e9dias. L\u2019objectif principal \u00e9tait de mutualiser les efforts de communication afin d\u2019assurer une meilleure diffusion et une plus grande appropriation des donn\u00e9es du secteur extractif par les populations.\u00a0\u00a0<\/strong><!--more--><\/p>\n<p>Dans son discours d\u2019ouverture, Eric Zour\u00e9, a pr\u00e9cis\u00e9 que<em><strong> \u00ab la transparence est la cl\u00e9 qui ouvre la porte \u00e0 la confiance et \u00e0 la collaboration \u00bb<\/strong><\/em>. Pour renforcer la transparence dans le secteur extractif, le SP-ITIE entend mobiliser toutes les structures parties prenantes de la mise en \u0153uvre de la Norme ITIE au Burkina Faso. Cette synergie d\u2019action permettra de garantir une meilleure communication sur les donn\u00e9es ITIE, a ajout\u00e9 Eric Zour\u00e9, qui a invit\u00e9 les participants \u00e0 formuler des propositions concr\u00e8tes pour la mise en place d\u2019un dispositif de diffusion crois\u00e9e des donn\u00e9es sur les plateformes des diff\u00e9rentes structures.\u00a0<\/p>\n<figure id=\"attachment_23984\" aria-describedby=\"caption-attachment-23984\" style=\"width: 995px\" class=\"wp-caption aligncenter\"><a href=\"https:\/\/www.latribunedufaso.net\/wp-content\/uploads\/2025\/10\/FB_IMG_1759491838653.jpg\"><img loading=\"lazy\" decoding=\"async\" class=\"size-full wp-image-23984\" src=\"https:\/\/www.latribunedufaso.net\/wp-content\/uploads\/2025\/10\/FB_IMG_1759491838653.jpg\" alt=\"Rencontre du SP ITIE avec les acteurs de la communication pour renforcer la communication des donn\u00e9es extractifs, 1er octobre 2025\" width=\"995\" height=\"560\" srcset=\"https:\/\/www.latribunedufaso.net\/wp-content\/uploads\/2025\/10\/FB_IMG_1759491838653.jpg 995w, https:\/\/www.latribunedufaso.net\/wp-content\/uploads\/2025\/10\/FB_IMG_1759491838653-300x169.jpg 300w, https:\/\/www.latribunedufaso.net\/wp-content\/uploads\/2025\/10\/FB_IMG_1759491838653-768x432.jpg 768w\" sizes=\"auto, (max-width: 995px) 100vw, 995px\" \/><\/a><figcaption id=\"caption-attachment-23984\" class=\"wp-caption-text\">Le Secr\u00e9taire permanent de l&rsquo;ITIE Burkina, Eric Zour\u00e9 &#8211; Ph. DR<\/figcaption><\/figure>\n<p>La rencontre s\u2019est articul\u00e9e autour de trois communications \u00e0 savoir une pr\u00e9sentation de l\u2019ITIE-Burkina Faso et de la Norme ITIE 2023, une pr\u00e9sentation de la strat\u00e9gie de communication de l\u2019ITIE et une troisi\u00e8me sur les axes de collaboration pr\u00e9cis entre le SP-ITIE, les services de communications et les m\u00e9dias. Ces communications ont donn\u00e9 lieu \u00e0 des \u00e9changes et ont abouti \u00e0 la r\u00e9daction d\u2019une feuille de route, dont l&rsquo;enjeu est de transformer les donn\u00e9es techniques en informations accessibles, visibles et utilisables par l\u2019ensemble des citoyens.<\/p>\n<figure id=\"attachment_23986\" aria-describedby=\"caption-attachment-23986\" style=\"width: 977px\" class=\"wp-caption aligncenter\"><a href=\"https:\/\/www.latribunedufaso.net\/wp-content\/uploads\/2025\/10\/FB_IMG_1759491820331.jpg\"><img loading=\"lazy\" decoding=\"async\" class=\"size-full wp-image-23986\" src=\"https:\/\/www.latribunedufaso.net\/wp-content\/uploads\/2025\/10\/FB_IMG_1759491820331.jpg\" alt=\"Rencontre du SP ITIE avec les acteurs de la communication pour renforcer la communication des donn\u00e9es extractifs, 1er octobre 2025\" width=\"977\" height=\"549\" srcset=\"https:\/\/www.latribunedufaso.net\/wp-content\/uploads\/2025\/10\/FB_IMG_1759491820331.jpg 977w, https:\/\/www.latribunedufaso.net\/wp-content\/uploads\/2025\/10\/FB_IMG_1759491820331-300x169.jpg 300w, https:\/\/www.latribunedufaso.net\/wp-content\/uploads\/2025\/10\/FB_IMG_1759491820331-768x432.jpg 768w\" sizes=\"auto, (max-width: 977px) 100vw, 977px\" \/><\/a><figcaption id=\"caption-attachment-23986\" class=\"wp-caption-text\">Une vue des participants \u00e0 la rencontre &#8211; Ph. DR<\/figcaption><\/figure>\n<p>&nbsp;<\/p>\n<p>Cette synergie d\u2019actions permettra, \u00e0 terme, de mieux informer les populations, d\u2019assurer une veille m\u00e9diatique sur le secteur extractif et de pr\u00e9parer efficacement la prochaine Validation du Burkina Faso, pr\u00e9vue en 2027.<\/p>\n<p><strong>Latribunedufaso.net<\/strong><\/p>\n<p><strong>Source : DICP SP-ITIE<\/strong><\/p>\n<p>Lire aussi &gt;&gt; <a href=\"https:\/\/www.latribunedufaso.net\/?p=21899\">Transparence mini\u00e8re : Des journalistes et acteurs de la soci\u00e9t\u00e9 civile se forment \u00e0 la nouvelle norme ITIE 2023<\/a><\/p>\n","protected":false},"excerpt":{"rendered":"<p>Le Secr\u00e9taire Permanent de l\u2019Initiative pour la Transparence dans les Industries Extractives (SP-ITIE) du Burkina Faso a pr\u00e9sid\u00e9, le 1er octobre 2025, un atelier de r\u00e9flexion et d\u2019\u00e9changes sur la divulgation des donn\u00e9es du secteur extractif. La rencontre a r\u00e9uni des repr\u00e9sentants des services de communication des structures publiques, des entreprises extractives et des m\u00e9dias. L\u2019objectif principal \u00e9tait de mutualiser les efforts de communication afin d\u2019assurer une meilleure diffusion et une plus grande appropriation des donn\u00e9es du secteur extractif par les populations.\u00a0\u00a0<\/p>\n","protected":false},"author":5,"featured_media":23985,"comment_status":"open","ping_status":"open","sticky":false,"template":"","format":"standard","meta":{"footnotes":""},"categories":[13,1,19],"tags":[39,52,1319,1318],"class_list":["post-23983","post","type-post","status-publish","format-standard","has-post-thumbnail","hentry","category-une","category-actu","category-mines-et-carrieres","tag-latribunedufaso-net","tag-mines-et-carrieres","tag-norme-itie","tag-sp-itie"],"yoast_head":"<!-- This site is optimized with the Yoast SEO plugin v27.5 - https:\/\/yoast.com\/product\/yoast-seo-wordpress\/ -->\n<title>Transparence mini\u00e8re : L&#039;ITIE Burkina mobilise les acteurs de la communication pour une diffusion accrue des donn\u00e9es extractifs\u00a0 - La Tribune du Faso<\/title>\n<meta name=\"robots\" content=\"index, follow, max-snippet:-1, max-image-preview:large, max-video-preview:-1\" \/>\n<link rel=\"canonical\" href=\"https:\/\/www.latribunedufaso.net\/?p=23983\" \/>\n<meta property=\"og:locale\" content=\"fr_FR\" \/>\n<meta property=\"og:type\" content=\"article\" \/>\n<meta property=\"og:title\" content=\"Transparence mini\u00e8re : L&#039;ITIE Burkina mobilise les acteurs de la communication pour une diffusion accrue des donn\u00e9es extractifs\u00a0 - La Tribune du Faso\" \/>\n<meta property=\"og:description\" content=\"Le Secr\u00e9taire Permanent de l\u2019Initiative pour la Transparence dans les Industries Extractives (SP-ITIE) du Burkina Faso a pr\u00e9sid\u00e9, le 1er octobre 2025, un atelier de r\u00e9flexion et d\u2019\u00e9changes sur la divulgation des donn\u00e9es du secteur extractif. La rencontre a r\u00e9uni des repr\u00e9sentants des services de communication des structures publiques, des entreprises extractives et des m\u00e9dias. L\u2019objectif principal \u00e9tait de mutualiser les efforts de communication afin d\u2019assurer une meilleure diffusion et une plus grande appropriation des donn\u00e9es du secteur extractif par les populations.\u00a0\u00a0\" \/>\n<meta property=\"og:url\" content=\"https:\/\/www.latribunedufaso.net\/?p=23983\" \/>\n<meta property=\"og:site_name\" content=\"La Tribune du Faso\" \/>\n<meta property=\"article:publisher\" content=\"https:\/\/www.facebook.com\/LatribuneduFaso\/\" \/>\n<meta property=\"article:published_time\" content=\"2025-10-03T12:00:34+00:00\" \/>\n<meta property=\"og:image\" content=\"https:\/\/www.latribunedufaso.net\/wp-content\/uploads\/2025\/10\/FB_IMG_1759491825976.jpg\" \/>\n\t<meta property=\"og:image:width\" content=\"1046\" \/>\n\t<meta property=\"og:image:height\" content=\"588\" \/>\n\t<meta property=\"og:image:type\" content=\"image\/jpeg\" \/>\n<meta name=\"author\" content=\"Issouf Tapsoba\" \/>\n<meta name=\"twitter:label1\" content=\"\u00c9crit par\" \/>\n\t<meta name=\"twitter:data1\" content=\"Issouf Tapsoba\" \/>\n\t<meta name=\"twitter:label2\" content=\"Dur\u00e9e de lecture estim\u00e9e\" \/>\n\t<meta name=\"twitter:data2\" content=\"2 minutes\" \/>\n<script type=\"application\/ld+json\" class=\"yoast-schema-graph\">{\"@context\":\"https:\\\/\\\/schema.org\",\"@graph\":[{\"@type\":\"Article\",\"@id\":\"https:\\\/\\\/www.latribunedufaso.net\\\/?p=23983#article\",\"isPartOf\":{\"@id\":\"https:\\\/\\\/www.latribunedufaso.net\\\/?p=23983\"},\"author\":{\"name\":\"Issouf Tapsoba\",\"@id\":\"https:\\\/\\\/www.latribunedufaso.net\\\/#\\\/schema\\\/person\\\/e54e64c5778a7e72cf80a318b7a622b0\"},\"headline\":\"Transparence mini\u00e8re : L&rsquo;ITIE Burkina mobilise les acteurs de la communication pour une diffusion accrue des donn\u00e9es extractifs\u00a0\",\"datePublished\":\"2025-10-03T12:00:34+00:00\",\"mainEntityOfPage\":{\"@id\":\"https:\\\/\\\/www.latribunedufaso.net\\\/?p=23983\"},\"wordCount\":413,\"commentCount\":0,\"publisher\":{\"@id\":\"https:\\\/\\\/www.latribunedufaso.net\\\/#organization\"},\"image\":{\"@id\":\"https:\\\/\\\/www.latribunedufaso.net\\\/?p=23983#primaryimage\"},\"thumbnailUrl\":\"https:\\\/\\\/www.latribunedufaso.net\\\/wp-content\\\/uploads\\\/2025\\\/10\\\/FB_IMG_1759491825976.jpg\",\"keywords\":[\"latribunedufaso.net\",\"mines et carri\u00e8res\",\"Norme ITIE\",\"SP-ITIE\"],\"articleSection\":[\"A la une\",\"Actualit\u00e9\",\"Mines et Carri\u00e8res\"],\"inLanguage\":\"fr-FR\",\"potentialAction\":[{\"@type\":\"CommentAction\",\"name\":\"Comment\",\"target\":[\"https:\\\/\\\/www.latribunedufaso.net\\\/?p=23983#respond\"]}]},{\"@type\":\"WebPage\",\"@id\":\"https:\\\/\\\/www.latribunedufaso.net\\\/?p=23983\",\"url\":\"https:\\\/\\\/www.latribunedufaso.net\\\/?p=23983\",\"name\":\"Transparence mini\u00e8re : L'ITIE Burkina mobilise les acteurs de la communication pour une diffusion accrue des donn\u00e9es extractifs\u00a0 - La Tribune du Faso\",\"isPartOf\":{\"@id\":\"https:\\\/\\\/www.latribunedufaso.net\\\/#website\"},\"primaryImageOfPage\":{\"@id\":\"https:\\\/\\\/www.latribunedufaso.net\\\/?p=23983#primaryimage\"},\"image\":{\"@id\":\"https:\\\/\\\/www.latribunedufaso.net\\\/?p=23983#primaryimage\"},\"thumbnailUrl\":\"https:\\\/\\\/www.latribunedufaso.net\\\/wp-content\\\/uploads\\\/2025\\\/10\\\/FB_IMG_1759491825976.jpg\",\"datePublished\":\"2025-10-03T12:00:34+00:00\",\"breadcrumb\":{\"@id\":\"https:\\\/\\\/www.latribunedufaso.net\\\/?p=23983#breadcrumb\"},\"inLanguage\":\"fr-FR\",\"potentialAction\":[{\"@type\":\"ReadAction\",\"target\":[\"https:\\\/\\\/www.latribunedufaso.net\\\/?p=23983\"]}]},{\"@type\":\"ImageObject\",\"inLanguage\":\"fr-FR\",\"@id\":\"https:\\\/\\\/www.latribunedufaso.net\\\/?p=23983#primaryimage\",\"url\":\"https:\\\/\\\/www.latribunedufaso.net\\\/wp-content\\\/uploads\\\/2025\\\/10\\\/FB_IMG_1759491825976.jpg\",\"contentUrl\":\"https:\\\/\\\/www.latribunedufaso.net\\\/wp-content\\\/uploads\\\/2025\\\/10\\\/FB_IMG_1759491825976.jpg\",\"width\":1046,\"height\":588,\"caption\":\"Rencontre du SP ITIE avec les acteurs de la communication pour renforcer la communication des donn\u00e9es extractifs, 1er octobre 2025\"},{\"@type\":\"BreadcrumbList\",\"@id\":\"https:\\\/\\\/www.latribunedufaso.net\\\/?p=23983#breadcrumb\",\"itemListElement\":[{\"@type\":\"ListItem\",\"position\":1,\"name\":\"Accueil\",\"item\":\"https:\\\/\\\/www.latribunedufaso.net\\\/\"},{\"@type\":\"ListItem\",\"position\":2,\"name\":\"Transparence mini\u00e8re : L&rsquo;ITIE Burkina mobilise les acteurs de la communication pour une diffusion accrue des donn\u00e9es extractifs\u00a0\"}]},{\"@type\":\"WebSite\",\"@id\":\"https:\\\/\\\/www.latribunedufaso.net\\\/#website\",\"url\":\"https:\\\/\\\/www.latribunedufaso.net\\\/\",\"name\":\"La Tribune du Faso\",\"description\":\"L&#039;information du monde rural en un clic\",\"publisher\":{\"@id\":\"https:\\\/\\\/www.latribunedufaso.net\\\/#organization\"},\"potentialAction\":[{\"@type\":\"SearchAction\",\"target\":{\"@type\":\"EntryPoint\",\"urlTemplate\":\"https:\\\/\\\/www.latribunedufaso.net\\\/?s={search_term_string}\"},\"query-input\":{\"@type\":\"PropertyValueSpecification\",\"valueRequired\":true,\"valueName\":\"search_term_string\"}}],\"inLanguage\":\"fr-FR\"},{\"@type\":\"Organization\",\"@id\":\"https:\\\/\\\/www.latribunedufaso.net\\\/#organization\",\"name\":\"La Tribune du Faso\",\"url\":\"https:\\\/\\\/www.latribunedufaso.net\\\/\",\"logo\":{\"@type\":\"ImageObject\",\"inLanguage\":\"fr-FR\",\"@id\":\"https:\\\/\\\/www.latribunedufaso.net\\\/#\\\/schema\\\/logo\\\/image\\\/\",\"url\":\"https:\\\/\\\/www.latribunedufaso.net\\\/wp-content\\\/uploads\\\/2020\\\/08\\\/Logo-Tribune-du-Faso-final-scaled.jpg\",\"contentUrl\":\"https:\\\/\\\/www.latribunedufaso.net\\\/wp-content\\\/uploads\\\/2020\\\/08\\\/Logo-Tribune-du-Faso-final-scaled.jpg\",\"width\":2560,\"height\":1856,\"caption\":\"La Tribune du Faso\"},\"image\":{\"@id\":\"https:\\\/\\\/www.latribunedufaso.net\\\/#\\\/schema\\\/logo\\\/image\\\/\"},\"sameAs\":[\"https:\\\/\\\/www.facebook.com\\\/LatribuneduFaso\\\/\"]},{\"@type\":\"Person\",\"@id\":\"https:\\\/\\\/www.latribunedufaso.net\\\/#\\\/schema\\\/person\\\/e54e64c5778a7e72cf80a318b7a622b0\",\"name\":\"Issouf Tapsoba\",\"image\":{\"@type\":\"ImageObject\",\"inLanguage\":\"fr-FR\",\"@id\":\"https:\\\/\\\/secure.gravatar.com\\\/avatar\\\/5e6c05150ce3230247d167f5b94d678eb05936197436d69b7921e3a95c9107ac?s=96&d=mm&r=g\",\"url\":\"https:\\\/\\\/secure.gravatar.com\\\/avatar\\\/5e6c05150ce3230247d167f5b94d678eb05936197436d69b7921e3a95c9107ac?s=96&d=mm&r=g\",\"contentUrl\":\"https:\\\/\\\/secure.gravatar.com\\\/avatar\\\/5e6c05150ce3230247d167f5b94d678eb05936197436d69b7921e3a95c9107ac?s=96&d=mm&r=g\",\"caption\":\"Issouf Tapsoba\"},\"url\":\"https:\\\/\\\/www.latribunedufaso.net\\\/?author=5\"}]}<\/script>\n<!-- \/ Yoast SEO plugin. -->","yoast_head_json":{"title":"Transparence mini\u00e8re : L'ITIE Burkina mobilise les acteurs de la communication pour une diffusion accrue des donn\u00e9es extractifs\u00a0 - La Tribune du Faso","robots":{"index":"index","follow":"follow","max-snippet":"max-snippet:-1","max-image-preview":"max-image-preview:large","max-video-preview":"max-video-preview:-1"},"canonical":"https:\/\/www.latribunedufaso.net\/?p=23983","og_locale":"fr_FR","og_type":"article","og_title":"Transparence mini\u00e8re : L'ITIE Burkina mobilise les acteurs de la communication pour une diffusion accrue des donn\u00e9es extractifs\u00a0 - La Tribune du Faso","og_description":"Le Secr\u00e9taire Permanent de l\u2019Initiative pour la Transparence dans les Industries Extractives (SP-ITIE) du Burkina Faso a pr\u00e9sid\u00e9, le 1er octobre 2025, un atelier de r\u00e9flexion et d\u2019\u00e9changes sur la divulgation des donn\u00e9es du secteur extractif. La rencontre a r\u00e9uni des repr\u00e9sentants des services de communication des structures publiques, des entreprises extractives et des m\u00e9dias. L\u2019objectif principal \u00e9tait de mutualiser les efforts de communication afin d\u2019assurer une meilleure diffusion et une plus grande appropriation des donn\u00e9es du secteur extractif par les populations.\u00a0\u00a0","og_url":"https:\/\/www.latribunedufaso.net\/?p=23983","og_site_name":"La Tribune du Faso","article_publisher":"https:\/\/www.facebook.com\/LatribuneduFaso\/","article_published_time":"2025-10-03T12:00:34+00:00","og_image":[{"width":1046,"height":588,"url":"https:\/\/www.latribunedufaso.net\/wp-content\/uploads\/2025\/10\/FB_IMG_1759491825976.jpg","type":"image\/jpeg"}],"author":"Issouf Tapsoba","twitter_misc":{"\u00c9crit par":"Issouf Tapsoba","Dur\u00e9e de lecture estim\u00e9e":"2 minutes"},"schema":{"@context":"https:\/\/schema.org","@graph":[{"@type":"Article","@id":"https:\/\/www.latribunedufaso.net\/?p=23983#article","isPartOf":{"@id":"https:\/\/www.latribunedufaso.net\/?p=23983"},"author":{"name":"Issouf Tapsoba","@id":"https:\/\/www.latribunedufaso.net\/#\/schema\/person\/e54e64c5778a7e72cf80a318b7a622b0"},"headline":"Transparence mini\u00e8re : L&rsquo;ITIE Burkina mobilise les acteurs de la communication pour une diffusion accrue des donn\u00e9es extractifs\u00a0","datePublished":"2025-10-03T12:00:34+00:00","mainEntityOfPage":{"@id":"https:\/\/www.latribunedufaso.net\/?p=23983"},"wordCount":413,"commentCount":0,"publisher":{"@id":"https:\/\/www.latribunedufaso.net\/#organization"},"image":{"@id":"https:\/\/www.latribunedufaso.net\/?p=23983#primaryimage"},"thumbnailUrl":"https:\/\/www.latribunedufaso.net\/wp-content\/uploads\/2025\/10\/FB_IMG_1759491825976.jpg","keywords":["latribunedufaso.net","mines et carri\u00e8res","Norme ITIE","SP-ITIE"],"articleSection":["A la une","Actualit\u00e9","Mines et Carri\u00e8res"],"inLanguage":"fr-FR","potentialAction":[{"@type":"CommentAction","name":"Comment","target":["https:\/\/www.latribunedufaso.net\/?p=23983#respond"]}]},{"@type":"WebPage","@id":"https:\/\/www.latribunedufaso.net\/?p=23983","url":"https:\/\/www.latribunedufaso.net\/?p=23983","name":"Transparence mini\u00e8re : L'ITIE Burkina mobilise les acteurs de la communication pour une diffusion accrue des donn\u00e9es extractifs\u00a0 - La Tribune du Faso","isPartOf":{"@id":"https:\/\/www.latribunedufaso.net\/#website"},"primaryImageOfPage":{"@id":"https:\/\/www.latribunedufaso.net\/?p=23983#primaryimage"},"image":{"@id":"https:\/\/www.latribunedufaso.net\/?p=23983#primaryimage"},"thumbnailUrl":"https:\/\/www.latribunedufaso.net\/wp-content\/uploads\/2025\/10\/FB_IMG_1759491825976.jpg","datePublished":"2025-10-03T12:00:34+00:00","breadcrumb":{"@id":"https:\/\/www.latribunedufaso.net\/?p=23983#breadcrumb"},"inLanguage":"fr-FR","potentialAction":[{"@type":"ReadAction","target":["https:\/\/www.latribunedufaso.net\/?p=23983"]}]},{"@type":"ImageObject","inLanguage":"fr-FR","@id":"https:\/\/www.latribunedufaso.net\/?p=23983#primaryimage","url":"https:\/\/www.latribunedufaso.net\/wp-content\/uploads\/2025\/10\/FB_IMG_1759491825976.jpg","contentUrl":"https:\/\/www.latribunedufaso.net\/wp-content\/uploads\/2025\/10\/FB_IMG_1759491825976.jpg","width":1046,"height":588,"caption":"Rencontre du SP ITIE avec les acteurs de la communication pour renforcer la communication des donn\u00e9es extractifs, 1er octobre 2025"},{"@type":"BreadcrumbList","@id":"https:\/\/www.latribunedufaso.net\/?p=23983#breadcrumb","itemListElement":[{"@type":"ListItem","position":1,"name":"Accueil","item":"https:\/\/www.latribunedufaso.net\/"},{"@type":"ListItem","position":2,"name":"Transparence mini\u00e8re : L&rsquo;ITIE Burkina mobilise les acteurs de la communication pour une diffusion accrue des donn\u00e9es extractifs\u00a0"}]},{"@type":"WebSite","@id":"https:\/\/www.latribunedufaso.net\/#website","url":"https:\/\/www.latribunedufaso.net\/","name":"La Tribune du Faso","description":"L&#039;information du monde rural en un clic","publisher":{"@id":"https:\/\/www.latribunedufaso.net\/#organization"},"potentialAction":[{"@type":"SearchAction","target":{"@type":"EntryPoint","urlTemplate":"https:\/\/www.latribunedufaso.net\/?s={search_term_string}"},"query-input":{"@type":"PropertyValueSpecification","valueRequired":true,"valueName":"search_term_string"}}],"inLanguage":"fr-FR"},{"@type":"Organization","@id":"https:\/\/www.latribunedufaso.net\/#organization","name":"La Tribune du Faso","url":"https:\/\/www.latribunedufaso.net\/","logo":{"@type":"ImageObject","inLanguage":"fr-FR","@id":"https:\/\/www.latribunedufaso.net\/#\/schema\/logo\/image\/","url":"https:\/\/www.latribunedufaso.net\/wp-content\/uploads\/2020\/08\/Logo-Tribune-du-Faso-final-scaled.jpg","contentUrl":"https:\/\/www.latribunedufaso.net\/wp-content\/uploads\/2020\/08\/Logo-Tribune-du-Faso-final-scaled.jpg","width":2560,"height":1856,"caption":"La Tribune du Faso"},"image":{"@id":"https:\/\/www.latribunedufaso.net\/#\/schema\/logo\/image\/"},"sameAs":["https:\/\/www.facebook.com\/LatribuneduFaso\/"]},{"@type":"Person","@id":"https:\/\/www.latribunedufaso.net\/#\/schema\/person\/e54e64c5778a7e72cf80a318b7a622b0","name":"Issouf Tapsoba","image":{"@type":"ImageObject","inLanguage":"fr-FR","@id":"https:\/\/secure.gravatar.com\/avatar\/5e6c05150ce3230247d167f5b94d678eb05936197436d69b7921e3a95c9107ac?s=96&d=mm&r=g","url":"https:\/\/secure.gravatar.com\/avatar\/5e6c05150ce3230247d167f5b94d678eb05936197436d69b7921e3a95c9107ac?s=96&d=mm&r=g","contentUrl":"https:\/\/secure.gravatar.com\/avatar\/5e6c05150ce3230247d167f5b94d678eb05936197436d69b7921e3a95c9107ac?s=96&d=mm&r=g","caption":"Issouf Tapsoba"},"url":"https:\/\/www.latribunedufaso.net\/?author=5"}]}},"_links":{"self":[{"href":"https:\/\/www.latribunedufaso.net\/index.php?rest_route=\/wp\/v2\/posts\/23983","targetHints":{"allow":["GET"]}}],"collection":[{"href":"https:\/\/www.latribunedufaso.net\/index.php?rest_route=\/wp\/v2\/posts"}],"about":[{"href":"https:\/\/www.latribunedufaso.net\/index.php?rest_route=\/wp\/v2\/types\/post"}],"author":[{"embeddable":true,"href":"https:\/\/www.latribunedufaso.net\/index.php?rest_route=\/wp\/v2\/users\/5"}],"replies":[{"embeddable":true,"href":"https:\/\/www.latribunedufaso.net\/index.php?rest_route=%2Fwp%2Fv2%2Fcomments&post=23983"}],"version-history":[{"count":2,"href":"https:\/\/www.latribunedufaso.net\/index.php?rest_route=\/wp\/v2\/posts\/23983\/revisions"}],"predecessor-version":[{"id":23988,"href":"https:\/\/www.latribunedufaso.net\/index.php?rest_route=\/wp\/v2\/posts\/23983\/revisions\/23988"}],"wp:featuredmedia":[{"embeddable":true,"href":"https:\/\/www.latribunedufaso.net\/index.php?rest_route=\/wp\/v2\/media\/23985"}],"wp:attachment":[{"href":"https:\/\/www.latribunedufaso.net\/index.php?rest_route=%2Fwp%2Fv2%2Fmedia&parent=23983"}],"wp:term":[{"taxonomy":"category","embeddable":true,"href":"https:\/\/www.latribunedufaso.net\/index.php?rest_route=%2Fwp%2Fv2%2Fcategories&post=23983"},{"taxonomy":"post_tag","embeddable":true,"href":"https:\/\/www.latribunedufaso.net\/index.php?rest_route=%2Fwp%2Fv2%2Ftags&post=23983"}],"curies":[{"name":"wp","href":"https:\/\/api.w.org\/{rel}","templated":true}]}}