{"id":23956,"date":"2025-10-02T22:47:17","date_gmt":"2025-10-02T22:47:17","guid":{"rendered":"https:\/\/www.latribunedufaso.net\/?p=23956"},"modified":"2025-12-17T17:57:44","modified_gmt":"2025-12-17T17:57:44","slug":"tour-du-faso-2025-plus-de-1-100-km-a-parcourir-par-des-cyclistes-de-10-pays-en-competition","status":"publish","type":"post","link":"https:\/\/www.latribunedufaso.net\/?p=23956","title":{"rendered":"Tour du Faso 2025 : Plus de 1 100 km \u00e0 parcourir par des cyclistes de 10 pays en comp\u00e9tition\u00a0"},"content":{"rendered":"<p><strong><a href=\"https:\/\/www.latribunedufaso.net\/?p=23070\">Le comit\u00e9 d\u2019organisation de la 36e \u00e9dition du Tour du Faso<\/a> a anim\u00e9, ce 2 octobre 2025 \u00e0 Ouagadougou, une conf\u00e9rence de presse pour faire le point sur l&rsquo;organisation de l&rsquo;\u00e9v\u00e9nement, pr\u00e9vu du 24 octobre au 2 novembre 2025.<\/strong><!--more--><\/p>\n<p>Les coureurs de la pr\u00e9sente \u00e9dition du Tour du Faso vont parcourir au total 2 086,07 km, dont 1 155,070 km de course et 931 km de transbordement. Le peloton traversera 9 r\u00e9gions \u00e0 savoir le Kadiogo, le Nando, le Bankui, le Guiriko, le Dj\u00f4r\u00f4, le Nazinon, le Nakamb\u00e9, l\u2019Oubri et le Kuils\u00e9. C\u2019est l\u2019information donn\u00e9e par le President de la commission technique, Issouf Sawadogo, lors d\u2019une conf\u00e9rence de presse organis\u00e9e le 2 octobre 2025 \u00e0 Ouagadougou.\u00a0<\/p>\n<figure id=\"attachment_23957\" aria-describedby=\"caption-attachment-23957\" style=\"width: 2560px\" class=\"wp-caption aligncenter\"><a href=\"https:\/\/www.latribunedufaso.net\/wp-content\/uploads\/2025\/10\/IMG_20251002_153649_969-scaled.jpg\"><img loading=\"lazy\" decoding=\"async\" class=\"size-full wp-image-23957\" src=\"https:\/\/www.latribunedufaso.net\/wp-content\/uploads\/2025\/10\/IMG_20251002_153649_969-scaled.jpg\" alt=\"Conf\u00e9rence de presse du point de l'organisation du Tour du Faso 2025, 2 octobre 2025\" width=\"2560\" height=\"1920\" srcset=\"https:\/\/www.latribunedufaso.net\/wp-content\/uploads\/2025\/10\/IMG_20251002_153649_969-scaled.jpg 2560w, https:\/\/www.latribunedufaso.net\/wp-content\/uploads\/2025\/10\/IMG_20251002_153649_969-300x225.jpg 300w, https:\/\/www.latribunedufaso.net\/wp-content\/uploads\/2025\/10\/IMG_20251002_153649_969-1024x768.jpg 1024w, https:\/\/www.latribunedufaso.net\/wp-content\/uploads\/2025\/10\/IMG_20251002_153649_969-768x576.jpg 768w, https:\/\/www.latribunedufaso.net\/wp-content\/uploads\/2025\/10\/IMG_20251002_153649_969-1536x1152.jpg 1536w, https:\/\/www.latribunedufaso.net\/wp-content\/uploads\/2025\/10\/IMG_20251002_153649_969-2048x1536.jpg 2048w\" sizes=\"auto, (max-width: 2560px) 100vw, 2560px\" \/><\/a><figcaption id=\"caption-attachment-23957\" class=\"wp-caption-text\">Le President de la commission technique, Issouf Sawadogo &#8211; Ph. I. Tapsoba<\/figcaption><\/figure>\n<p>La course va se d\u00e9rouler en 10 \u00e9tapes. 9 pays ont d\u00e9j\u00e0 confirm\u00e9 leur participation \u00e0 savoir la Belgique, le Benin, le Cameroun, la C\u00f4te d\u2019Ivoire, le Mali, le Maroc, le Niger, le Ghana et le Togo.\u00a0<\/p>\n<p>Concernant les finances, la vice-pr\u00e9sidente du comit\u00e9 d\u2019organisation, Val\u00e9rie Badolo\/Tapsoba, a indiqu\u00e9 que le budget pr\u00e9visionnel est estim\u00e9 \u00e0 pr\u00e8s de 500 millions de FCFA. Le budget n\u2019\u00e9tant pas encore boucl\u00e9, elle a lanc\u00e9 un appel aux acteurs \u00e9conomiques pour accompagner l&rsquo;\u00e9v\u00e9nement afin d&rsquo;en assurer la r\u00e9ussite.<\/p>\n<figure id=\"attachment_23959\" aria-describedby=\"caption-attachment-23959\" style=\"width: 2560px\" class=\"wp-caption aligncenter\"><a href=\"https:\/\/www.latribunedufaso.net\/wp-content\/uploads\/2025\/10\/IMG_20251002_153948_245-scaled.jpg\"><img loading=\"lazy\" decoding=\"async\" class=\"size-full wp-image-23959\" src=\"https:\/\/www.latribunedufaso.net\/wp-content\/uploads\/2025\/10\/IMG_20251002_153948_245-scaled.jpg\" alt=\"Conf\u00e9rence de presse du point de l'organisation du Tour du Faso 2025, 2 octobre 2025\" width=\"2560\" height=\"1920\" srcset=\"https:\/\/www.latribunedufaso.net\/wp-content\/uploads\/2025\/10\/IMG_20251002_153948_245-scaled.jpg 2560w, https:\/\/www.latribunedufaso.net\/wp-content\/uploads\/2025\/10\/IMG_20251002_153948_245-300x225.jpg 300w, https:\/\/www.latribunedufaso.net\/wp-content\/uploads\/2025\/10\/IMG_20251002_153948_245-1024x768.jpg 1024w, https:\/\/www.latribunedufaso.net\/wp-content\/uploads\/2025\/10\/IMG_20251002_153948_245-768x576.jpg 768w, https:\/\/www.latribunedufaso.net\/wp-content\/uploads\/2025\/10\/IMG_20251002_153948_245-1536x1152.jpg 1536w, https:\/\/www.latribunedufaso.net\/wp-content\/uploads\/2025\/10\/IMG_20251002_153948_245-2048x1536.jpg 2048w\" sizes=\"auto, (max-width: 2560px) 100vw, 2560px\" \/><\/a><figcaption id=\"caption-attachment-23959\" class=\"wp-caption-text\">La Vice-pr\u00e9sidente du comit\u00e9 d&rsquo;organisation, Val\u00e9rie Badolo\/Tapsoba &#8211; Ph. I. Tapsoba<\/figcaption><\/figure>\n<h3>Des Innovations pour le public<\/h3>\n<p>Mme Badolo\/Tapsoba a \u00e9galement pr\u00e9sent\u00e9 les innovations majeures de cette 36e \u00e9dition, visant \u00e0 allier sport et tourisme.<\/p>\n<p>Il s\u2019agit notamment de la mise en place du village du Tour qui se tiendra sur le terrain de Wayalghin \u00e0 Ouagadougou, avec au programme des animation podium, une exposition de produits locaux et la diffusion chaque soir du r\u00e9sum\u00e9 de l\u2019\u00e9tape du jour.<\/p>\n<figure id=\"attachment_23961\" aria-describedby=\"caption-attachment-23961\" style=\"width: 1033px\" class=\"wp-caption aligncenter\"><a href=\"https:\/\/www.latribunedufaso.net\/wp-content\/uploads\/2025\/10\/FB_IMG_1759483892678.jpg\"><img loading=\"lazy\" decoding=\"async\" class=\"size-full wp-image-23961\" src=\"https:\/\/www.latribunedufaso.net\/wp-content\/uploads\/2025\/10\/FB_IMG_1759483892678.jpg\" alt=\"Conf\u00e9rence de presse du point de l'organisation du Tour du Faso 2025, 2 octobre 2025\" width=\"1033\" height=\"689\" srcset=\"https:\/\/www.latribunedufaso.net\/wp-content\/uploads\/2025\/10\/FB_IMG_1759483892678.jpg 1033w, https:\/\/www.latribunedufaso.net\/wp-content\/uploads\/2025\/10\/FB_IMG_1759483892678-300x200.jpg 300w, https:\/\/www.latribunedufaso.net\/wp-content\/uploads\/2025\/10\/FB_IMG_1759483892678-1024x683.jpg 1024w, https:\/\/www.latribunedufaso.net\/wp-content\/uploads\/2025\/10\/FB_IMG_1759483892678-768x512.jpg 768w, https:\/\/www.latribunedufaso.net\/wp-content\/uploads\/2025\/10\/FB_IMG_1759483892678-840x560.jpg 840w, https:\/\/www.latribunedufaso.net\/wp-content\/uploads\/2025\/10\/FB_IMG_1759483892678-120x80.jpg 120w, https:\/\/www.latribunedufaso.net\/wp-content\/uploads\/2025\/10\/FB_IMG_1759483892678-360x240.jpg 360w, https:\/\/www.latribunedufaso.net\/wp-content\/uploads\/2025\/10\/FB_IMG_1759483892678-600x400.jpg 600w\" sizes=\"auto, (max-width: 1033px) 100vw, 1033px\" \/><\/a><figcaption id=\"caption-attachment-23961\" class=\"wp-caption-text\">Une vue des journalistes \u00e0 la conf\u00e9rence de presse &#8211; Ph. DR<\/figcaption><\/figure>\n<p>\u200eEnsuite, au cours de cette \u00e9dition il y aura l\u2019animation de troupes traditionnelles des localit\u00e9s accueillant les diff\u00e9rentes arriv\u00e9es. Selon les organisateurs, ces innovations visent \u00e0 allier sport et tourisme.<\/p>\n<h3>Pr\u00e9paration des \u00c9talons Cyclistes<\/h3>\n<p>Le Directeur technique national, Martin Sawadogo, a fait le point sur la pr\u00e9paration des \u00c9talons cyclistes (l&rsquo;\u00e9quipe nationale). Ce programme s&rsquo;est d\u00e9roul\u00e9 en plusieurs phases.<\/p>\n<figure id=\"attachment_23958\" aria-describedby=\"caption-attachment-23958\" style=\"width: 2560px\" class=\"wp-caption aligncenter\"><a href=\"https:\/\/www.latribunedufaso.net\/wp-content\/uploads\/2025\/10\/IMG_20251002_153302_804-scaled.jpg\"><img loading=\"lazy\" decoding=\"async\" class=\"size-full wp-image-23958\" src=\"https:\/\/www.latribunedufaso.net\/wp-content\/uploads\/2025\/10\/IMG_20251002_153302_804-scaled.jpg\" alt=\"Conf\u00e9rence de presse du point de l'organisation du Tour du Faso 2025, 2 octobre 2025\" width=\"2560\" height=\"1920\" srcset=\"https:\/\/www.latribunedufaso.net\/wp-content\/uploads\/2025\/10\/IMG_20251002_153302_804-scaled.jpg 2560w, https:\/\/www.latribunedufaso.net\/wp-content\/uploads\/2025\/10\/IMG_20251002_153302_804-300x225.jpg 300w, https:\/\/www.latribunedufaso.net\/wp-content\/uploads\/2025\/10\/IMG_20251002_153302_804-1024x768.jpg 1024w, https:\/\/www.latribunedufaso.net\/wp-content\/uploads\/2025\/10\/IMG_20251002_153302_804-768x576.jpg 768w, https:\/\/www.latribunedufaso.net\/wp-content\/uploads\/2025\/10\/IMG_20251002_153302_804-1536x1152.jpg 1536w, https:\/\/www.latribunedufaso.net\/wp-content\/uploads\/2025\/10\/IMG_20251002_153302_804-2048x1536.jpg 2048w\" sizes=\"auto, (max-width: 2560px) 100vw, 2560px\" \/><\/a><figcaption id=\"caption-attachment-23958\" class=\"wp-caption-text\">Le Directeur technique national, Martin Sawadogo &#8211; Ph. I. Tapsoba<\/figcaption><\/figure>\n<p>La phase nationale a permis aux cyclistes de participer \u00e0 14 courses de pr\u00e9paration sur le territoire. Pour la phase internationale, il s&rsquo;agit de la participation des coureurs aux Tours du Mali, du B\u00e9nin, du Togo, du Cameroun et de la C\u00f4te d\u2019Ivoire. L\u2019objectif de cette pr\u00e9paration est de mettre en jambe les coureurs et plus pr\u00e9cis\u00e9ment, les \u00e9talons cyclistes.<\/p>\n<p><iframe loading=\"lazy\" width=\"560\" height=\"315\" src=\"https:\/\/www.youtube.com\/embed\/qgs514H8xsQ?si=8Uo9-229UYRZOQK9\" title=\"YouTube video player\" frameborder=\"0\" allow=\"accelerometer; autoplay; clipboard-write; encrypted-media; gyroscope; picture-in-picture; web-share\" referrerpolicy=\"strict-origin-when-cross-origin\" allowfullscreen><\/iframe><\/p>\n<p>La derni\u00e8re phase de cette pr\u00e9paration est la mise au vert (regroupement) qui a d\u00e9but\u00e9 le 25 septembre 2025. 21 \u00c9talons sont pr\u00e9s\u00e9lectionn\u00e9s et seront r\u00e9partis en 3 \u00e9quipes. Ce regroupement inclut plusieurs courses d&rsquo;entra\u00eenement \u00e0 Ouagadougou, Boromo et Bobo-Dioulasso. Martin Sawadogo a, par ailleurs, salu\u00e9 l\u2019appui des autorit\u00e9s pour l\u2019acquisition de 20 v\u00e9los de cyclisme.<\/p>\n<p><strong>Issouf TAPSOBA\u00a0<\/strong><\/p>\n<p><strong>Latribunedufaso.net<\/strong><\/p>\n","protected":false},"excerpt":{"rendered":"<p>Le comit\u00e9 d\u2019organisation de la 36e \u00e9dition du Tour du Faso a anim\u00e9, ce 2 octobre 2025 \u00e0 Ouagadougou, une conf\u00e9rence de presse pour faire le point sur l&rsquo;organisation de l&rsquo;\u00e9v\u00e9nement, pr\u00e9vu du 24 octobre au 2 novembre 2025.<\/p>\n","protected":false},"author":5,"featured_media":23960,"comment_status":"open","ping_status":"open","sticky":false,"template":"","format":"standard","meta":{"footnotes":""},"categories":[13,1,17],"tags":[403,39,810,402],"class_list":["post-23956","post","type-post","status-publish","format-standard","has-post-thumbnail","hentry","category-une","category-actu","category-sport","tag-cyclisme","tag-latribunedufaso-net","tag-sp-tour-du-faso","tag-tour-du-faso"],"yoast_head":"<!-- This site is optimized with the Yoast SEO plugin v27.4 - https:\/\/yoast.com\/product\/yoast-seo-wordpress\/ -->\n<title>Tour du Faso 2025 : Plus de 1 100 km \u00e0 parcourir par des cyclistes de 10 pays en comp\u00e9tition\u00a0 - La Tribune du Faso<\/title>\n<meta name=\"robots\" content=\"index, follow, max-snippet:-1, max-image-preview:large, max-video-preview:-1\" \/>\n<link rel=\"canonical\" href=\"https:\/\/www.latribunedufaso.net\/?p=23956\" \/>\n<meta property=\"og:locale\" content=\"fr_FR\" \/>\n<meta property=\"og:type\" content=\"article\" \/>\n<meta property=\"og:title\" content=\"Tour du Faso 2025 : Plus de 1 100 km \u00e0 parcourir par des cyclistes de 10 pays en comp\u00e9tition\u00a0 - La Tribune du Faso\" \/>\n<meta property=\"og:description\" content=\"Le comit\u00e9 d\u2019organisation de la 36e \u00e9dition du Tour du Faso a anim\u00e9, ce 2 octobre 2025 \u00e0 Ouagadougou, une conf\u00e9rence de presse pour faire le point sur l&rsquo;organisation de l&rsquo;\u00e9v\u00e9nement, pr\u00e9vu du 24 octobre au 2 novembre 2025.\" \/>\n<meta property=\"og:url\" content=\"https:\/\/www.latribunedufaso.net\/?p=23956\" \/>\n<meta property=\"og:site_name\" content=\"La Tribune du Faso\" \/>\n<meta property=\"article:publisher\" content=\"https:\/\/www.facebook.com\/LatribuneduFaso\/\" \/>\n<meta property=\"article:published_time\" content=\"2025-10-02T22:47:17+00:00\" \/>\n<meta property=\"article:modified_time\" content=\"2025-12-17T17:57:44+00:00\" \/>\n<meta property=\"og:image\" content=\"https:\/\/www.latribunedufaso.net\/wp-content\/uploads\/2025\/10\/IMG_20251002_145932_858-scaled.jpg\" \/>\n\t<meta property=\"og:image:width\" content=\"2560\" \/>\n\t<meta property=\"og:image:height\" content=\"1920\" \/>\n\t<meta property=\"og:image:type\" content=\"image\/jpeg\" \/>\n<meta name=\"author\" content=\"Issouf Tapsoba\" \/>\n<meta name=\"twitter:label1\" content=\"\u00c9crit par\" \/>\n\t<meta name=\"twitter:data1\" content=\"Issouf Tapsoba\" \/>\n\t<meta name=\"twitter:label2\" content=\"Dur\u00e9e de lecture estim\u00e9e\" \/>\n\t<meta name=\"twitter:data2\" content=\"4 minutes\" \/>\n<script type=\"application\/ld+json\" class=\"yoast-schema-graph\">{\"@context\":\"https:\\\/\\\/schema.org\",\"@graph\":[{\"@type\":\"Article\",\"@id\":\"https:\\\/\\\/www.latribunedufaso.net\\\/?p=23956#article\",\"isPartOf\":{\"@id\":\"https:\\\/\\\/www.latribunedufaso.net\\\/?p=23956\"},\"author\":{\"name\":\"Issouf Tapsoba\",\"@id\":\"https:\\\/\\\/www.latribunedufaso.net\\\/#\\\/schema\\\/person\\\/e54e64c5778a7e72cf80a318b7a622b0\"},\"headline\":\"Tour du Faso 2025 : Plus de 1 100 km \u00e0 parcourir par des cyclistes de 10 pays en comp\u00e9tition\u00a0\",\"datePublished\":\"2025-10-02T22:47:17+00:00\",\"dateModified\":\"2025-12-17T17:57:44+00:00\",\"mainEntityOfPage\":{\"@id\":\"https:\\\/\\\/www.latribunedufaso.net\\\/?p=23956\"},\"wordCount\":573,\"commentCount\":0,\"publisher\":{\"@id\":\"https:\\\/\\\/www.latribunedufaso.net\\\/#organization\"},\"image\":{\"@id\":\"https:\\\/\\\/www.latribunedufaso.net\\\/?p=23956#primaryimage\"},\"thumbnailUrl\":\"https:\\\/\\\/www.latribunedufaso.net\\\/wp-content\\\/uploads\\\/2025\\\/10\\\/IMG_20251002_145932_858-scaled.jpg\",\"keywords\":[\"cyclisme\",\"latribunedufaso.net\",\"SP Tour du Faso\",\"Tour du Faso\"],\"articleSection\":[\"A la une\",\"Actualit\u00e9\",\"Sport\"],\"inLanguage\":\"fr-FR\",\"potentialAction\":[{\"@type\":\"CommentAction\",\"name\":\"Comment\",\"target\":[\"https:\\\/\\\/www.latribunedufaso.net\\\/?p=23956#respond\"]}]},{\"@type\":\"WebPage\",\"@id\":\"https:\\\/\\\/www.latribunedufaso.net\\\/?p=23956\",\"url\":\"https:\\\/\\\/www.latribunedufaso.net\\\/?p=23956\",\"name\":\"Tour du Faso 2025 : Plus de 1 100 km \u00e0 parcourir par des cyclistes de 10 pays en comp\u00e9tition\u00a0 - La Tribune du Faso\",\"isPartOf\":{\"@id\":\"https:\\\/\\\/www.latribunedufaso.net\\\/#website\"},\"primaryImageOfPage\":{\"@id\":\"https:\\\/\\\/www.latribunedufaso.net\\\/?p=23956#primaryimage\"},\"image\":{\"@id\":\"https:\\\/\\\/www.latribunedufaso.net\\\/?p=23956#primaryimage\"},\"thumbnailUrl\":\"https:\\\/\\\/www.latribunedufaso.net\\\/wp-content\\\/uploads\\\/2025\\\/10\\\/IMG_20251002_145932_858-scaled.jpg\",\"datePublished\":\"2025-10-02T22:47:17+00:00\",\"dateModified\":\"2025-12-17T17:57:44+00:00\",\"breadcrumb\":{\"@id\":\"https:\\\/\\\/www.latribunedufaso.net\\\/?p=23956#breadcrumb\"},\"inLanguage\":\"fr-FR\",\"potentialAction\":[{\"@type\":\"ReadAction\",\"target\":[\"https:\\\/\\\/www.latribunedufaso.net\\\/?p=23956\"]}]},{\"@type\":\"ImageObject\",\"inLanguage\":\"fr-FR\",\"@id\":\"https:\\\/\\\/www.latribunedufaso.net\\\/?p=23956#primaryimage\",\"url\":\"https:\\\/\\\/www.latribunedufaso.net\\\/wp-content\\\/uploads\\\/2025\\\/10\\\/IMG_20251002_145932_858-scaled.jpg\",\"contentUrl\":\"https:\\\/\\\/www.latribunedufaso.net\\\/wp-content\\\/uploads\\\/2025\\\/10\\\/IMG_20251002_145932_858-scaled.jpg\",\"width\":2560,\"height\":1920,\"caption\":\"Conf\u00e9rence de presse du point de l'organisation du Tour du Faso 2025, 2 octobre 2025\"},{\"@type\":\"BreadcrumbList\",\"@id\":\"https:\\\/\\\/www.latribunedufaso.net\\\/?p=23956#breadcrumb\",\"itemListElement\":[{\"@type\":\"ListItem\",\"position\":1,\"name\":\"Accueil\",\"item\":\"https:\\\/\\\/www.latribunedufaso.net\\\/\"},{\"@type\":\"ListItem\",\"position\":2,\"name\":\"Tour du Faso 2025 : Plus de 1 100 km \u00e0 parcourir par des cyclistes de 10 pays en comp\u00e9tition\u00a0\"}]},{\"@type\":\"WebSite\",\"@id\":\"https:\\\/\\\/www.latribunedufaso.net\\\/#website\",\"url\":\"https:\\\/\\\/www.latribunedufaso.net\\\/\",\"name\":\"La Tribune du Faso\",\"description\":\"L&#039;information du monde rural en un clic\",\"publisher\":{\"@id\":\"https:\\\/\\\/www.latribunedufaso.net\\\/#organization\"},\"potentialAction\":[{\"@type\":\"SearchAction\",\"target\":{\"@type\":\"EntryPoint\",\"urlTemplate\":\"https:\\\/\\\/www.latribunedufaso.net\\\/?s={search_term_string}\"},\"query-input\":{\"@type\":\"PropertyValueSpecification\",\"valueRequired\":true,\"valueName\":\"search_term_string\"}}],\"inLanguage\":\"fr-FR\"},{\"@type\":\"Organization\",\"@id\":\"https:\\\/\\\/www.latribunedufaso.net\\\/#organization\",\"name\":\"La Tribune du Faso\",\"url\":\"https:\\\/\\\/www.latribunedufaso.net\\\/\",\"logo\":{\"@type\":\"ImageObject\",\"inLanguage\":\"fr-FR\",\"@id\":\"https:\\\/\\\/www.latribunedufaso.net\\\/#\\\/schema\\\/logo\\\/image\\\/\",\"url\":\"https:\\\/\\\/www.latribunedufaso.net\\\/wp-content\\\/uploads\\\/2020\\\/08\\\/Logo-Tribune-du-Faso-final-scaled.jpg\",\"contentUrl\":\"https:\\\/\\\/www.latribunedufaso.net\\\/wp-content\\\/uploads\\\/2020\\\/08\\\/Logo-Tribune-du-Faso-final-scaled.jpg\",\"width\":2560,\"height\":1856,\"caption\":\"La Tribune du Faso\"},\"image\":{\"@id\":\"https:\\\/\\\/www.latribunedufaso.net\\\/#\\\/schema\\\/logo\\\/image\\\/\"},\"sameAs\":[\"https:\\\/\\\/www.facebook.com\\\/LatribuneduFaso\\\/\"]},{\"@type\":\"Person\",\"@id\":\"https:\\\/\\\/www.latribunedufaso.net\\\/#\\\/schema\\\/person\\\/e54e64c5778a7e72cf80a318b7a622b0\",\"name\":\"Issouf Tapsoba\",\"image\":{\"@type\":\"ImageObject\",\"inLanguage\":\"fr-FR\",\"@id\":\"https:\\\/\\\/secure.gravatar.com\\\/avatar\\\/5e6c05150ce3230247d167f5b94d678eb05936197436d69b7921e3a95c9107ac?s=96&d=mm&r=g\",\"url\":\"https:\\\/\\\/secure.gravatar.com\\\/avatar\\\/5e6c05150ce3230247d167f5b94d678eb05936197436d69b7921e3a95c9107ac?s=96&d=mm&r=g\",\"contentUrl\":\"https:\\\/\\\/secure.gravatar.com\\\/avatar\\\/5e6c05150ce3230247d167f5b94d678eb05936197436d69b7921e3a95c9107ac?s=96&d=mm&r=g\",\"caption\":\"Issouf Tapsoba\"},\"url\":\"https:\\\/\\\/www.latribunedufaso.net\\\/?author=5\"}]}<\/script>\n<!-- \/ Yoast SEO plugin. -->","yoast_head_json":{"title":"Tour du Faso 2025 : Plus de 1 100 km \u00e0 parcourir par des cyclistes de 10 pays en comp\u00e9tition\u00a0 - La Tribune du Faso","robots":{"index":"index","follow":"follow","max-snippet":"max-snippet:-1","max-image-preview":"max-image-preview:large","max-video-preview":"max-video-preview:-1"},"canonical":"https:\/\/www.latribunedufaso.net\/?p=23956","og_locale":"fr_FR","og_type":"article","og_title":"Tour du Faso 2025 : Plus de 1 100 km \u00e0 parcourir par des cyclistes de 10 pays en comp\u00e9tition\u00a0 - La Tribune du Faso","og_description":"Le comit\u00e9 d\u2019organisation de la 36e \u00e9dition du Tour du Faso a anim\u00e9, ce 2 octobre 2025 \u00e0 Ouagadougou, une conf\u00e9rence de presse pour faire le point sur l&rsquo;organisation de l&rsquo;\u00e9v\u00e9nement, pr\u00e9vu du 24 octobre au 2 novembre 2025.","og_url":"https:\/\/www.latribunedufaso.net\/?p=23956","og_site_name":"La Tribune du Faso","article_publisher":"https:\/\/www.facebook.com\/LatribuneduFaso\/","article_published_time":"2025-10-02T22:47:17+00:00","article_modified_time":"2025-12-17T17:57:44+00:00","og_image":[{"width":2560,"height":1920,"url":"https:\/\/www.latribunedufaso.net\/wp-content\/uploads\/2025\/10\/IMG_20251002_145932_858-scaled.jpg","type":"image\/jpeg"}],"author":"Issouf Tapsoba","twitter_misc":{"\u00c9crit par":"Issouf Tapsoba","Dur\u00e9e de lecture estim\u00e9e":"4 minutes"},"schema":{"@context":"https:\/\/schema.org","@graph":[{"@type":"Article","@id":"https:\/\/www.latribunedufaso.net\/?p=23956#article","isPartOf":{"@id":"https:\/\/www.latribunedufaso.net\/?p=23956"},"author":{"name":"Issouf Tapsoba","@id":"https:\/\/www.latribunedufaso.net\/#\/schema\/person\/e54e64c5778a7e72cf80a318b7a622b0"},"headline":"Tour du Faso 2025 : Plus de 1 100 km \u00e0 parcourir par des cyclistes de 10 pays en comp\u00e9tition\u00a0","datePublished":"2025-10-02T22:47:17+00:00","dateModified":"2025-12-17T17:57:44+00:00","mainEntityOfPage":{"@id":"https:\/\/www.latribunedufaso.net\/?p=23956"},"wordCount":573,"commentCount":0,"publisher":{"@id":"https:\/\/www.latribunedufaso.net\/#organization"},"image":{"@id":"https:\/\/www.latribunedufaso.net\/?p=23956#primaryimage"},"thumbnailUrl":"https:\/\/www.latribunedufaso.net\/wp-content\/uploads\/2025\/10\/IMG_20251002_145932_858-scaled.jpg","keywords":["cyclisme","latribunedufaso.net","SP Tour du Faso","Tour du Faso"],"articleSection":["A la une","Actualit\u00e9","Sport"],"inLanguage":"fr-FR","potentialAction":[{"@type":"CommentAction","name":"Comment","target":["https:\/\/www.latribunedufaso.net\/?p=23956#respond"]}]},{"@type":"WebPage","@id":"https:\/\/www.latribunedufaso.net\/?p=23956","url":"https:\/\/www.latribunedufaso.net\/?p=23956","name":"Tour du Faso 2025 : Plus de 1 100 km \u00e0 parcourir par des cyclistes de 10 pays en comp\u00e9tition\u00a0 - La Tribune du Faso","isPartOf":{"@id":"https:\/\/www.latribunedufaso.net\/#website"},"primaryImageOfPage":{"@id":"https:\/\/www.latribunedufaso.net\/?p=23956#primaryimage"},"image":{"@id":"https:\/\/www.latribunedufaso.net\/?p=23956#primaryimage"},"thumbnailUrl":"https:\/\/www.latribunedufaso.net\/wp-content\/uploads\/2025\/10\/IMG_20251002_145932_858-scaled.jpg","datePublished":"2025-10-02T22:47:17+00:00","dateModified":"2025-12-17T17:57:44+00:00","breadcrumb":{"@id":"https:\/\/www.latribunedufaso.net\/?p=23956#breadcrumb"},"inLanguage":"fr-FR","potentialAction":[{"@type":"ReadAction","target":["https:\/\/www.latribunedufaso.net\/?p=23956"]}]},{"@type":"ImageObject","inLanguage":"fr-FR","@id":"https:\/\/www.latribunedufaso.net\/?p=23956#primaryimage","url":"https:\/\/www.latribunedufaso.net\/wp-content\/uploads\/2025\/10\/IMG_20251002_145932_858-scaled.jpg","contentUrl":"https:\/\/www.latribunedufaso.net\/wp-content\/uploads\/2025\/10\/IMG_20251002_145932_858-scaled.jpg","width":2560,"height":1920,"caption":"Conf\u00e9rence de presse du point de l'organisation du Tour du Faso 2025, 2 octobre 2025"},{"@type":"BreadcrumbList","@id":"https:\/\/www.latribunedufaso.net\/?p=23956#breadcrumb","itemListElement":[{"@type":"ListItem","position":1,"name":"Accueil","item":"https:\/\/www.latribunedufaso.net\/"},{"@type":"ListItem","position":2,"name":"Tour du Faso 2025 : Plus de 1 100 km \u00e0 parcourir par des cyclistes de 10 pays en comp\u00e9tition\u00a0"}]},{"@type":"WebSite","@id":"https:\/\/www.latribunedufaso.net\/#website","url":"https:\/\/www.latribunedufaso.net\/","name":"La Tribune du Faso","description":"L&#039;information du monde rural en un clic","publisher":{"@id":"https:\/\/www.latribunedufaso.net\/#organization"},"potentialAction":[{"@type":"SearchAction","target":{"@type":"EntryPoint","urlTemplate":"https:\/\/www.latribunedufaso.net\/?s={search_term_string}"},"query-input":{"@type":"PropertyValueSpecification","valueRequired":true,"valueName":"search_term_string"}}],"inLanguage":"fr-FR"},{"@type":"Organization","@id":"https:\/\/www.latribunedufaso.net\/#organization","name":"La Tribune du Faso","url":"https:\/\/www.latribunedufaso.net\/","logo":{"@type":"ImageObject","inLanguage":"fr-FR","@id":"https:\/\/www.latribunedufaso.net\/#\/schema\/logo\/image\/","url":"https:\/\/www.latribunedufaso.net\/wp-content\/uploads\/2020\/08\/Logo-Tribune-du-Faso-final-scaled.jpg","contentUrl":"https:\/\/www.latribunedufaso.net\/wp-content\/uploads\/2020\/08\/Logo-Tribune-du-Faso-final-scaled.jpg","width":2560,"height":1856,"caption":"La Tribune du Faso"},"image":{"@id":"https:\/\/www.latribunedufaso.net\/#\/schema\/logo\/image\/"},"sameAs":["https:\/\/www.facebook.com\/LatribuneduFaso\/"]},{"@type":"Person","@id":"https:\/\/www.latribunedufaso.net\/#\/schema\/person\/e54e64c5778a7e72cf80a318b7a622b0","name":"Issouf Tapsoba","image":{"@type":"ImageObject","inLanguage":"fr-FR","@id":"https:\/\/secure.gravatar.com\/avatar\/5e6c05150ce3230247d167f5b94d678eb05936197436d69b7921e3a95c9107ac?s=96&d=mm&r=g","url":"https:\/\/secure.gravatar.com\/avatar\/5e6c05150ce3230247d167f5b94d678eb05936197436d69b7921e3a95c9107ac?s=96&d=mm&r=g","contentUrl":"https:\/\/secure.gravatar.com\/avatar\/5e6c05150ce3230247d167f5b94d678eb05936197436d69b7921e3a95c9107ac?s=96&d=mm&r=g","caption":"Issouf Tapsoba"},"url":"https:\/\/www.latribunedufaso.net\/?author=5"}]}},"_links":{"self":[{"href":"https:\/\/www.latribunedufaso.net\/index.php?rest_route=\/wp\/v2\/posts\/23956","targetHints":{"allow":["GET"]}}],"collection":[{"href":"https:\/\/www.latribunedufaso.net\/index.php?rest_route=\/wp\/v2\/posts"}],"about":[{"href":"https:\/\/www.latribunedufaso.net\/index.php?rest_route=\/wp\/v2\/types\/post"}],"author":[{"embeddable":true,"href":"https:\/\/www.latribunedufaso.net\/index.php?rest_route=\/wp\/v2\/users\/5"}],"replies":[{"embeddable":true,"href":"https:\/\/www.latribunedufaso.net\/index.php?rest_route=%2Fwp%2Fv2%2Fcomments&post=23956"}],"version-history":[{"count":2,"href":"https:\/\/www.latribunedufaso.net\/index.php?rest_route=\/wp\/v2\/posts\/23956\/revisions"}],"predecessor-version":[{"id":25831,"href":"https:\/\/www.latribunedufaso.net\/index.php?rest_route=\/wp\/v2\/posts\/23956\/revisions\/25831"}],"wp:featuredmedia":[{"embeddable":true,"href":"https:\/\/www.latribunedufaso.net\/index.php?rest_route=\/wp\/v2\/media\/23960"}],"wp:attachment":[{"href":"https:\/\/www.latribunedufaso.net\/index.php?rest_route=%2Fwp%2Fv2%2Fmedia&parent=23956"}],"wp:term":[{"taxonomy":"category","embeddable":true,"href":"https:\/\/www.latribunedufaso.net\/index.php?rest_route=%2Fwp%2Fv2%2Fcategories&post=23956"},{"taxonomy":"post_tag","embeddable":true,"href":"https:\/\/www.latribunedufaso.net\/index.php?rest_route=%2Fwp%2Fv2%2Ftags&post=23956"}],"curies":[{"name":"wp","href":"https:\/\/api.w.org\/{rel}","templated":true}]}}