{"id":23941,"date":"2025-10-02T20:28:05","date_gmt":"2025-10-02T20:28:05","guid":{"rendered":"https:\/\/www.latribunedufaso.net\/?p=23941"},"modified":"2025-10-02T20:37:25","modified_gmt":"2025-10-02T20:37:25","slug":"conseil-des-ministres-dissolution-de-lassociation-professionnelle-des-representants-independants-qnet","status":"publish","type":"post","link":"https:\/\/www.latribunedufaso.net\/?p=23941","title":{"rendered":"Conseil des ministres :\u00a0Dissolution de l\u2019Association professionnelle des repr\u00e9sentants ind\u00e9pendants Qnet"},"content":{"rendered":"<p><strong style=\"font-size: 1.0625rem;\">Le Pr\u00e9sident du Faso, Chef de l\u2019\u00c9tat, le Capitaine Ibrahim TRAOR\u00c9, a pr\u00e9sid\u00e9 ce jeudi 2 octobre 2025, le Conseil des ministres au cours duquel plusieurs dossiers ont \u00e9t\u00e9 examin\u00e9s et adopt\u00e9s pour la bonne marche de la Nation, selon le Ministre Porte-parole du Gouvernement, Pingdwend\u00e9 Gilbert OUEDRAOGO.<\/strong><\/p>\n<p><!--more--><\/p>\n<p>Au titre du minist\u00e8re de l\u2019Administration territoriale et de la Mobilit\u00e9, le Conseil a adopt\u00e9 un d\u00e9cret portant dissolution de l&rsquo;Association professionnelle des repr\u00e9sentants ind\u00e9pendants Qnet en raison d\u2019activit\u00e9s illicites et contraires \u00e0 son statut, conform\u00e9ment \u00e0 l\u2019article 80 de la loi du 17 juillet 2025 portant libert\u00e9 d\u2019association.\u00a0<\/p>\n<figure id=\"attachment_23943\" aria-describedby=\"caption-attachment-23943\" style=\"width: 1238px\" class=\"wp-caption aligncenter\"><a href=\"https:\/\/www.latribunedufaso.net\/wp-content\/uploads\/2025\/10\/IMG-20251002-WA0117.jpg\"><img loading=\"lazy\" decoding=\"async\" class=\"size-full wp-image-23943\" src=\"https:\/\/www.latribunedufaso.net\/wp-content\/uploads\/2025\/10\/IMG-20251002-WA0117.jpg\" alt=\"Conseil des ministres du 2 octobre 2025\" width=\"1238\" height=\"1600\" srcset=\"https:\/\/www.latribunedufaso.net\/wp-content\/uploads\/2025\/10\/IMG-20251002-WA0117.jpg 1238w, https:\/\/www.latribunedufaso.net\/wp-content\/uploads\/2025\/10\/IMG-20251002-WA0117-232x300.jpg 232w, https:\/\/www.latribunedufaso.net\/wp-content\/uploads\/2025\/10\/IMG-20251002-WA0117-792x1024.jpg 792w, https:\/\/www.latribunedufaso.net\/wp-content\/uploads\/2025\/10\/IMG-20251002-WA0117-768x993.jpg 768w, https:\/\/www.latribunedufaso.net\/wp-content\/uploads\/2025\/10\/IMG-20251002-WA0117-1188x1536.jpg 1188w\" sizes=\"auto, (max-width: 1238px) 100vw, 1238px\" \/><\/a><figcaption id=\"caption-attachment-23943\" class=\"wp-caption-text\">Le Ministre charg\u00e9 de la Justice, Edasso Rodrigue BAYALA &#8211; Ph. DR<\/figcaption><\/figure>\n<p><em><strong>\u00ab Cette structure associative depuis quelques ann\u00e9es, s\u2019adonne \u00e0 des activit\u00e9s illicites et d\u2019anarque, d\u2019escroquerie et de trafic de personnes. Un rapport a \u00e9t\u00e9 fait sur les activit\u00e9s de cette association qui avait \u00e9t\u00e9 d\u00e9j\u00e0 suspendue par communiqu\u00e9 conjoint. A l\u2019issue de l\u2019enqu\u00eate approfondie, on note plus de 2000 personnes victimes, plus de 1 300 plaintes d\u00e9pos\u00e9es avec plus d\u2019un milliard FCFA en enjeu financier \u00bb<\/strong><\/em>, explique le Ministre charg\u00e9 de la Justice, Edasso Rodrigue BAYALA, assurant l\u2019int\u00e9rim du Ministre d\u2019\u00c9tat, Ministre de l\u2019Administration territoriale et de la Mobilit\u00e9. Il appelle les populations \u00e0 ne pas tomber dans le pi\u00e8ge du gain facile et \u00e0 ne pas c\u00e9der \u00e0 toutes les propositions sur le net.<\/p>\n<h3>Le plan 1000&#215;5 adopt\u00e9<\/h3>\n<p>Pour le compte du minist\u00e8re de la Sant\u00e9, le Conseil a adopt\u00e9 un rapport relatif au Plan 1000&#215;5 de d\u00e9veloppement des ressources humaines en sant\u00e9, en appui \u00e0 l\u2019Initiative pr\u00e9sidentielle pour la sant\u00e9. Pour le Ministre Robert Lucien Jean-Claude KARGOUGOU, il s\u2019agira de recruter et de former chaque ann\u00e9e, jusqu\u2019en 2030, 5000 m\u00e9decins, pharmaciens et chirurgiens-dentistes pour notre pays, et de faire en sorte que 310 m\u00e9decins, pharmaciens et chirurgiens-dentistes puissent disposer de sp\u00e9cialisation dans des domaines extr\u00eamement pointus et approfondis. L\u2019objectif est de renforcer la souverainet\u00e9 sanitaire de notre pays et de r\u00e9duire drastiquement les \u00e9vacuations sanitaires.\u00a0<\/p>\n<figure id=\"attachment_23944\" aria-describedby=\"caption-attachment-23944\" style=\"width: 1322px\" class=\"wp-caption aligncenter\"><a href=\"https:\/\/www.latribunedufaso.net\/wp-content\/uploads\/2025\/10\/IMG-20251002-WA0116.jpg\"><img loading=\"lazy\" decoding=\"async\" class=\"size-full wp-image-23944\" src=\"https:\/\/www.latribunedufaso.net\/wp-content\/uploads\/2025\/10\/IMG-20251002-WA0116.jpg\" alt=\"Conseil des ministres du 2 octobre 2025\" width=\"1322\" height=\"1600\" srcset=\"https:\/\/www.latribunedufaso.net\/wp-content\/uploads\/2025\/10\/IMG-20251002-WA0116.jpg 1322w, https:\/\/www.latribunedufaso.net\/wp-content\/uploads\/2025\/10\/IMG-20251002-WA0116-248x300.jpg 248w, https:\/\/www.latribunedufaso.net\/wp-content\/uploads\/2025\/10\/IMG-20251002-WA0116-846x1024.jpg 846w, https:\/\/www.latribunedufaso.net\/wp-content\/uploads\/2025\/10\/IMG-20251002-WA0116-768x930.jpg 768w, https:\/\/www.latribunedufaso.net\/wp-content\/uploads\/2025\/10\/IMG-20251002-WA0116-1269x1536.jpg 1269w\" sizes=\"auto, (max-width: 1322px) 100vw, 1322px\" \/><\/a><figcaption id=\"caption-attachment-23944\" class=\"wp-caption-text\">Le ministre de la Sant\u00e9, Dr Robert KARGOUGOU &#8211; Ph. DR<\/figcaption><\/figure>\n<p><em><strong>\u00ab Il s\u2019agira aussi de recruter 500 assistants hospitalo-universitaires m\u00e9decins, pharmaciens et chirurgiens-dentistes pour venir en appui \u00e0 cette formation des sp\u00e9cialistes, de recruter autour de 10 480 param\u00e9dicaux pour animer les centres m\u00e9dicaux communaux et enfin de faire en sorte que 250 m\u00e9decins, pharmaciens, chirurgiens-dentistes sp\u00e9cialistes qui se sont form\u00e9s \u00e0 titre priv\u00e9 puissent \u00eatre reclass\u00e9s \u00bb<\/strong><\/em>, soutient le Dr KARGOUGOU.<\/p>\n<blockquote>\n<p>Lire aussi &gt;&gt; <a href=\"https:\/\/www.latribunedufaso.net\/?p=23215\">Promotion de la sant\u00e9 reproductive et planification familiale : Des acteurs en formation en sciences comportementales<\/a><\/p>\n<\/blockquote>\n<p>Il a indiqu\u00e9 que ces professionnels de sant\u00e9 seront d\u00e9ploy\u00e9s de mani\u00e8re \u00e9quitable dans les r\u00e9gions sanitaires de notre pays et vont b\u00e9n\u00e9ficier d&rsquo;une immersion patriotique.<\/p>\n<p><strong>Latribunedufaso.net<\/strong><\/p>\n<p><strong>Direction de la Communication de la Pr\u00e9sidence du Faso<\/strong><\/p>\n","protected":false},"excerpt":{"rendered":"<p>Le Pr\u00e9sident du Faso, Chef de l\u2019\u00c9tat, le Capitaine Ibrahim TRAOR\u00c9, a pr\u00e9sid\u00e9 ce jeudi 2 octobre 2025, le Conseil des ministres au cours duquel plusieurs dossiers ont \u00e9t\u00e9 examin\u00e9s et adopt\u00e9s pour la bonne marche de la Nation, selon le Ministre Porte-parole du Gouvernement, Pingdwend\u00e9 Gilbert OUEDRAOGO.<\/p>\n","protected":false},"author":5,"featured_media":23942,"comment_status":"open","ping_status":"open","sticky":false,"template":"","format":"standard","meta":{"footnotes":""},"categories":[13,1,21,7,8],"tags":[1614,665,39],"class_list":["post-23941","post","type-post","status-publish","format-standard","has-post-thumbnail","hentry","category-une","category-actu","category-conseil-des-ministres","category-sante","category-societe","tag-dissolution-qnet","tag-initiative-presidentielle-pour-la-sante","tag-latribunedufaso-net"],"yoast_head":"<!-- This site is optimized with the Yoast SEO plugin v27.4 - https:\/\/yoast.com\/product\/yoast-seo-wordpress\/ -->\n<title>Conseil des ministres :\u00a0Dissolution de l\u2019Association professionnelle des repr\u00e9sentants ind\u00e9pendants Qnet - La Tribune du Faso<\/title>\n<meta name=\"robots\" content=\"index, follow, max-snippet:-1, max-image-preview:large, max-video-preview:-1\" \/>\n<link rel=\"canonical\" href=\"https:\/\/www.latribunedufaso.net\/?p=23941\" \/>\n<meta property=\"og:locale\" content=\"fr_FR\" \/>\n<meta property=\"og:type\" content=\"article\" \/>\n<meta property=\"og:title\" content=\"Conseil des ministres :\u00a0Dissolution de l\u2019Association professionnelle des repr\u00e9sentants ind\u00e9pendants Qnet - La Tribune du Faso\" \/>\n<meta property=\"og:description\" content=\"Le Pr\u00e9sident du Faso, Chef de l\u2019\u00c9tat, le Capitaine Ibrahim TRAOR\u00c9, a pr\u00e9sid\u00e9 ce jeudi 2 octobre 2025, le Conseil des ministres au cours duquel plusieurs dossiers ont \u00e9t\u00e9 examin\u00e9s et adopt\u00e9s pour la bonne marche de la Nation, selon le Ministre Porte-parole du Gouvernement, Pingdwend\u00e9 Gilbert OUEDRAOGO.\" \/>\n<meta property=\"og:url\" content=\"https:\/\/www.latribunedufaso.net\/?p=23941\" \/>\n<meta property=\"og:site_name\" content=\"La Tribune du Faso\" \/>\n<meta property=\"article:publisher\" content=\"https:\/\/www.facebook.com\/LatribuneduFaso\/\" \/>\n<meta property=\"article:published_time\" content=\"2025-10-02T20:28:05+00:00\" \/>\n<meta property=\"article:modified_time\" content=\"2025-10-02T20:37:25+00:00\" \/>\n<meta property=\"og:image\" content=\"https:\/\/www.latribunedufaso.net\/wp-content\/uploads\/2025\/10\/IMG-20251002-WA0118.jpg\" \/>\n\t<meta property=\"og:image:width\" content=\"1600\" \/>\n\t<meta property=\"og:image:height\" content=\"1000\" \/>\n\t<meta property=\"og:image:type\" content=\"image\/jpeg\" \/>\n<meta name=\"author\" content=\"Issouf Tapsoba\" \/>\n<meta name=\"twitter:label1\" content=\"\u00c9crit par\" \/>\n\t<meta name=\"twitter:data1\" content=\"Issouf Tapsoba\" \/>\n\t<meta name=\"twitter:label2\" content=\"Dur\u00e9e de lecture estim\u00e9e\" \/>\n\t<meta name=\"twitter:data2\" content=\"3 minutes\" \/>\n<script type=\"application\/ld+json\" class=\"yoast-schema-graph\">{\"@context\":\"https:\\\/\\\/schema.org\",\"@graph\":[{\"@type\":\"Article\",\"@id\":\"https:\\\/\\\/www.latribunedufaso.net\\\/?p=23941#article\",\"isPartOf\":{\"@id\":\"https:\\\/\\\/www.latribunedufaso.net\\\/?p=23941\"},\"author\":{\"name\":\"Issouf Tapsoba\",\"@id\":\"https:\\\/\\\/www.latribunedufaso.net\\\/#\\\/schema\\\/person\\\/e54e64c5778a7e72cf80a318b7a622b0\"},\"headline\":\"Conseil des ministres :\u00a0Dissolution de l\u2019Association professionnelle des repr\u00e9sentants ind\u00e9pendants Qnet\",\"datePublished\":\"2025-10-02T20:28:05+00:00\",\"dateModified\":\"2025-10-02T20:37:25+00:00\",\"mainEntityOfPage\":{\"@id\":\"https:\\\/\\\/www.latribunedufaso.net\\\/?p=23941\"},\"wordCount\":520,\"commentCount\":0,\"publisher\":{\"@id\":\"https:\\\/\\\/www.latribunedufaso.net\\\/#organization\"},\"image\":{\"@id\":\"https:\\\/\\\/www.latribunedufaso.net\\\/?p=23941#primaryimage\"},\"thumbnailUrl\":\"https:\\\/\\\/www.latribunedufaso.net\\\/wp-content\\\/uploads\\\/2025\\\/10\\\/IMG-20251002-WA0118.jpg\",\"keywords\":[\"Dissolution QNET\",\"Initiative pr\u00e9sidentielle pour la sant\u00e9\",\"latribunedufaso.net\"],\"articleSection\":[\"A la une\",\"Actualit\u00e9\",\"Conseil des ministres\",\"Sant\u00e9\",\"Soci\u00e9t\u00e9\"],\"inLanguage\":\"fr-FR\",\"potentialAction\":[{\"@type\":\"CommentAction\",\"name\":\"Comment\",\"target\":[\"https:\\\/\\\/www.latribunedufaso.net\\\/?p=23941#respond\"]}]},{\"@type\":\"WebPage\",\"@id\":\"https:\\\/\\\/www.latribunedufaso.net\\\/?p=23941\",\"url\":\"https:\\\/\\\/www.latribunedufaso.net\\\/?p=23941\",\"name\":\"Conseil des ministres :\u00a0Dissolution de l\u2019Association professionnelle des repr\u00e9sentants ind\u00e9pendants Qnet - La Tribune du Faso\",\"isPartOf\":{\"@id\":\"https:\\\/\\\/www.latribunedufaso.net\\\/#website\"},\"primaryImageOfPage\":{\"@id\":\"https:\\\/\\\/www.latribunedufaso.net\\\/?p=23941#primaryimage\"},\"image\":{\"@id\":\"https:\\\/\\\/www.latribunedufaso.net\\\/?p=23941#primaryimage\"},\"thumbnailUrl\":\"https:\\\/\\\/www.latribunedufaso.net\\\/wp-content\\\/uploads\\\/2025\\\/10\\\/IMG-20251002-WA0118.jpg\",\"datePublished\":\"2025-10-02T20:28:05+00:00\",\"dateModified\":\"2025-10-02T20:37:25+00:00\",\"breadcrumb\":{\"@id\":\"https:\\\/\\\/www.latribunedufaso.net\\\/?p=23941#breadcrumb\"},\"inLanguage\":\"fr-FR\",\"potentialAction\":[{\"@type\":\"ReadAction\",\"target\":[\"https:\\\/\\\/www.latribunedufaso.net\\\/?p=23941\"]}]},{\"@type\":\"ImageObject\",\"inLanguage\":\"fr-FR\",\"@id\":\"https:\\\/\\\/www.latribunedufaso.net\\\/?p=23941#primaryimage\",\"url\":\"https:\\\/\\\/www.latribunedufaso.net\\\/wp-content\\\/uploads\\\/2025\\\/10\\\/IMG-20251002-WA0118.jpg\",\"contentUrl\":\"https:\\\/\\\/www.latribunedufaso.net\\\/wp-content\\\/uploads\\\/2025\\\/10\\\/IMG-20251002-WA0118.jpg\",\"width\":1600,\"height\":1000,\"caption\":\"Conseil des ministres du 2 octobre 2025\"},{\"@type\":\"BreadcrumbList\",\"@id\":\"https:\\\/\\\/www.latribunedufaso.net\\\/?p=23941#breadcrumb\",\"itemListElement\":[{\"@type\":\"ListItem\",\"position\":1,\"name\":\"Accueil\",\"item\":\"https:\\\/\\\/www.latribunedufaso.net\\\/\"},{\"@type\":\"ListItem\",\"position\":2,\"name\":\"Conseil des ministres :\u00a0Dissolution de l\u2019Association professionnelle des repr\u00e9sentants ind\u00e9pendants Qnet\"}]},{\"@type\":\"WebSite\",\"@id\":\"https:\\\/\\\/www.latribunedufaso.net\\\/#website\",\"url\":\"https:\\\/\\\/www.latribunedufaso.net\\\/\",\"name\":\"La Tribune du Faso\",\"description\":\"L&#039;information du monde rural en un clic\",\"publisher\":{\"@id\":\"https:\\\/\\\/www.latribunedufaso.net\\\/#organization\"},\"potentialAction\":[{\"@type\":\"SearchAction\",\"target\":{\"@type\":\"EntryPoint\",\"urlTemplate\":\"https:\\\/\\\/www.latribunedufaso.net\\\/?s={search_term_string}\"},\"query-input\":{\"@type\":\"PropertyValueSpecification\",\"valueRequired\":true,\"valueName\":\"search_term_string\"}}],\"inLanguage\":\"fr-FR\"},{\"@type\":\"Organization\",\"@id\":\"https:\\\/\\\/www.latribunedufaso.net\\\/#organization\",\"name\":\"La Tribune du Faso\",\"url\":\"https:\\\/\\\/www.latribunedufaso.net\\\/\",\"logo\":{\"@type\":\"ImageObject\",\"inLanguage\":\"fr-FR\",\"@id\":\"https:\\\/\\\/www.latribunedufaso.net\\\/#\\\/schema\\\/logo\\\/image\\\/\",\"url\":\"https:\\\/\\\/www.latribunedufaso.net\\\/wp-content\\\/uploads\\\/2020\\\/08\\\/Logo-Tribune-du-Faso-final-scaled.jpg\",\"contentUrl\":\"https:\\\/\\\/www.latribunedufaso.net\\\/wp-content\\\/uploads\\\/2020\\\/08\\\/Logo-Tribune-du-Faso-final-scaled.jpg\",\"width\":2560,\"height\":1856,\"caption\":\"La Tribune du Faso\"},\"image\":{\"@id\":\"https:\\\/\\\/www.latribunedufaso.net\\\/#\\\/schema\\\/logo\\\/image\\\/\"},\"sameAs\":[\"https:\\\/\\\/www.facebook.com\\\/LatribuneduFaso\\\/\"]},{\"@type\":\"Person\",\"@id\":\"https:\\\/\\\/www.latribunedufaso.net\\\/#\\\/schema\\\/person\\\/e54e64c5778a7e72cf80a318b7a622b0\",\"name\":\"Issouf Tapsoba\",\"image\":{\"@type\":\"ImageObject\",\"inLanguage\":\"fr-FR\",\"@id\":\"https:\\\/\\\/secure.gravatar.com\\\/avatar\\\/5e6c05150ce3230247d167f5b94d678eb05936197436d69b7921e3a95c9107ac?s=96&d=mm&r=g\",\"url\":\"https:\\\/\\\/secure.gravatar.com\\\/avatar\\\/5e6c05150ce3230247d167f5b94d678eb05936197436d69b7921e3a95c9107ac?s=96&d=mm&r=g\",\"contentUrl\":\"https:\\\/\\\/secure.gravatar.com\\\/avatar\\\/5e6c05150ce3230247d167f5b94d678eb05936197436d69b7921e3a95c9107ac?s=96&d=mm&r=g\",\"caption\":\"Issouf Tapsoba\"},\"url\":\"https:\\\/\\\/www.latribunedufaso.net\\\/?author=5\"}]}<\/script>\n<!-- \/ Yoast SEO plugin. -->","yoast_head_json":{"title":"Conseil des ministres :\u00a0Dissolution de l\u2019Association professionnelle des repr\u00e9sentants ind\u00e9pendants Qnet - La Tribune du Faso","robots":{"index":"index","follow":"follow","max-snippet":"max-snippet:-1","max-image-preview":"max-image-preview:large","max-video-preview":"max-video-preview:-1"},"canonical":"https:\/\/www.latribunedufaso.net\/?p=23941","og_locale":"fr_FR","og_type":"article","og_title":"Conseil des ministres :\u00a0Dissolution de l\u2019Association professionnelle des repr\u00e9sentants ind\u00e9pendants Qnet - La Tribune du Faso","og_description":"Le Pr\u00e9sident du Faso, Chef de l\u2019\u00c9tat, le Capitaine Ibrahim TRAOR\u00c9, a pr\u00e9sid\u00e9 ce jeudi 2 octobre 2025, le Conseil des ministres au cours duquel plusieurs dossiers ont \u00e9t\u00e9 examin\u00e9s et adopt\u00e9s pour la bonne marche de la Nation, selon le Ministre Porte-parole du Gouvernement, Pingdwend\u00e9 Gilbert OUEDRAOGO.","og_url":"https:\/\/www.latribunedufaso.net\/?p=23941","og_site_name":"La Tribune du Faso","article_publisher":"https:\/\/www.facebook.com\/LatribuneduFaso\/","article_published_time":"2025-10-02T20:28:05+00:00","article_modified_time":"2025-10-02T20:37:25+00:00","og_image":[{"width":1600,"height":1000,"url":"https:\/\/www.latribunedufaso.net\/wp-content\/uploads\/2025\/10\/IMG-20251002-WA0118.jpg","type":"image\/jpeg"}],"author":"Issouf Tapsoba","twitter_misc":{"\u00c9crit par":"Issouf Tapsoba","Dur\u00e9e de lecture estim\u00e9e":"3 minutes"},"schema":{"@context":"https:\/\/schema.org","@graph":[{"@type":"Article","@id":"https:\/\/www.latribunedufaso.net\/?p=23941#article","isPartOf":{"@id":"https:\/\/www.latribunedufaso.net\/?p=23941"},"author":{"name":"Issouf Tapsoba","@id":"https:\/\/www.latribunedufaso.net\/#\/schema\/person\/e54e64c5778a7e72cf80a318b7a622b0"},"headline":"Conseil des ministres :\u00a0Dissolution de l\u2019Association professionnelle des repr\u00e9sentants ind\u00e9pendants Qnet","datePublished":"2025-10-02T20:28:05+00:00","dateModified":"2025-10-02T20:37:25+00:00","mainEntityOfPage":{"@id":"https:\/\/www.latribunedufaso.net\/?p=23941"},"wordCount":520,"commentCount":0,"publisher":{"@id":"https:\/\/www.latribunedufaso.net\/#organization"},"image":{"@id":"https:\/\/www.latribunedufaso.net\/?p=23941#primaryimage"},"thumbnailUrl":"https:\/\/www.latribunedufaso.net\/wp-content\/uploads\/2025\/10\/IMG-20251002-WA0118.jpg","keywords":["Dissolution QNET","Initiative pr\u00e9sidentielle pour la sant\u00e9","latribunedufaso.net"],"articleSection":["A la une","Actualit\u00e9","Conseil des ministres","Sant\u00e9","Soci\u00e9t\u00e9"],"inLanguage":"fr-FR","potentialAction":[{"@type":"CommentAction","name":"Comment","target":["https:\/\/www.latribunedufaso.net\/?p=23941#respond"]}]},{"@type":"WebPage","@id":"https:\/\/www.latribunedufaso.net\/?p=23941","url":"https:\/\/www.latribunedufaso.net\/?p=23941","name":"Conseil des ministres :\u00a0Dissolution de l\u2019Association professionnelle des repr\u00e9sentants ind\u00e9pendants Qnet - La Tribune du Faso","isPartOf":{"@id":"https:\/\/www.latribunedufaso.net\/#website"},"primaryImageOfPage":{"@id":"https:\/\/www.latribunedufaso.net\/?p=23941#primaryimage"},"image":{"@id":"https:\/\/www.latribunedufaso.net\/?p=23941#primaryimage"},"thumbnailUrl":"https:\/\/www.latribunedufaso.net\/wp-content\/uploads\/2025\/10\/IMG-20251002-WA0118.jpg","datePublished":"2025-10-02T20:28:05+00:00","dateModified":"2025-10-02T20:37:25+00:00","breadcrumb":{"@id":"https:\/\/www.latribunedufaso.net\/?p=23941#breadcrumb"},"inLanguage":"fr-FR","potentialAction":[{"@type":"ReadAction","target":["https:\/\/www.latribunedufaso.net\/?p=23941"]}]},{"@type":"ImageObject","inLanguage":"fr-FR","@id":"https:\/\/www.latribunedufaso.net\/?p=23941#primaryimage","url":"https:\/\/www.latribunedufaso.net\/wp-content\/uploads\/2025\/10\/IMG-20251002-WA0118.jpg","contentUrl":"https:\/\/www.latribunedufaso.net\/wp-content\/uploads\/2025\/10\/IMG-20251002-WA0118.jpg","width":1600,"height":1000,"caption":"Conseil des ministres du 2 octobre 2025"},{"@type":"BreadcrumbList","@id":"https:\/\/www.latribunedufaso.net\/?p=23941#breadcrumb","itemListElement":[{"@type":"ListItem","position":1,"name":"Accueil","item":"https:\/\/www.latribunedufaso.net\/"},{"@type":"ListItem","position":2,"name":"Conseil des ministres :\u00a0Dissolution de l\u2019Association professionnelle des repr\u00e9sentants ind\u00e9pendants Qnet"}]},{"@type":"WebSite","@id":"https:\/\/www.latribunedufaso.net\/#website","url":"https:\/\/www.latribunedufaso.net\/","name":"La Tribune du Faso","description":"L&#039;information du monde rural en un clic","publisher":{"@id":"https:\/\/www.latribunedufaso.net\/#organization"},"potentialAction":[{"@type":"SearchAction","target":{"@type":"EntryPoint","urlTemplate":"https:\/\/www.latribunedufaso.net\/?s={search_term_string}"},"query-input":{"@type":"PropertyValueSpecification","valueRequired":true,"valueName":"search_term_string"}}],"inLanguage":"fr-FR"},{"@type":"Organization","@id":"https:\/\/www.latribunedufaso.net\/#organization","name":"La Tribune du Faso","url":"https:\/\/www.latribunedufaso.net\/","logo":{"@type":"ImageObject","inLanguage":"fr-FR","@id":"https:\/\/www.latribunedufaso.net\/#\/schema\/logo\/image\/","url":"https:\/\/www.latribunedufaso.net\/wp-content\/uploads\/2020\/08\/Logo-Tribune-du-Faso-final-scaled.jpg","contentUrl":"https:\/\/www.latribunedufaso.net\/wp-content\/uploads\/2020\/08\/Logo-Tribune-du-Faso-final-scaled.jpg","width":2560,"height":1856,"caption":"La Tribune du Faso"},"image":{"@id":"https:\/\/www.latribunedufaso.net\/#\/schema\/logo\/image\/"},"sameAs":["https:\/\/www.facebook.com\/LatribuneduFaso\/"]},{"@type":"Person","@id":"https:\/\/www.latribunedufaso.net\/#\/schema\/person\/e54e64c5778a7e72cf80a318b7a622b0","name":"Issouf Tapsoba","image":{"@type":"ImageObject","inLanguage":"fr-FR","@id":"https:\/\/secure.gravatar.com\/avatar\/5e6c05150ce3230247d167f5b94d678eb05936197436d69b7921e3a95c9107ac?s=96&d=mm&r=g","url":"https:\/\/secure.gravatar.com\/avatar\/5e6c05150ce3230247d167f5b94d678eb05936197436d69b7921e3a95c9107ac?s=96&d=mm&r=g","contentUrl":"https:\/\/secure.gravatar.com\/avatar\/5e6c05150ce3230247d167f5b94d678eb05936197436d69b7921e3a95c9107ac?s=96&d=mm&r=g","caption":"Issouf Tapsoba"},"url":"https:\/\/www.latribunedufaso.net\/?author=5"}]}},"_links":{"self":[{"href":"https:\/\/www.latribunedufaso.net\/index.php?rest_route=\/wp\/v2\/posts\/23941","targetHints":{"allow":["GET"]}}],"collection":[{"href":"https:\/\/www.latribunedufaso.net\/index.php?rest_route=\/wp\/v2\/posts"}],"about":[{"href":"https:\/\/www.latribunedufaso.net\/index.php?rest_route=\/wp\/v2\/types\/post"}],"author":[{"embeddable":true,"href":"https:\/\/www.latribunedufaso.net\/index.php?rest_route=\/wp\/v2\/users\/5"}],"replies":[{"embeddable":true,"href":"https:\/\/www.latribunedufaso.net\/index.php?rest_route=%2Fwp%2Fv2%2Fcomments&post=23941"}],"version-history":[{"count":3,"href":"https:\/\/www.latribunedufaso.net\/index.php?rest_route=\/wp\/v2\/posts\/23941\/revisions"}],"predecessor-version":[{"id":23947,"href":"https:\/\/www.latribunedufaso.net\/index.php?rest_route=\/wp\/v2\/posts\/23941\/revisions\/23947"}],"wp:featuredmedia":[{"embeddable":true,"href":"https:\/\/www.latribunedufaso.net\/index.php?rest_route=\/wp\/v2\/media\/23942"}],"wp:attachment":[{"href":"https:\/\/www.latribunedufaso.net\/index.php?rest_route=%2Fwp%2Fv2%2Fmedia&parent=23941"}],"wp:term":[{"taxonomy":"category","embeddable":true,"href":"https:\/\/www.latribunedufaso.net\/index.php?rest_route=%2Fwp%2Fv2%2Fcategories&post=23941"},{"taxonomy":"post_tag","embeddable":true,"href":"https:\/\/www.latribunedufaso.net\/index.php?rest_route=%2Fwp%2Fv2%2Ftags&post=23941"}],"curies":[{"name":"wp","href":"https:\/\/api.w.org\/{rel}","templated":true}]}}