{"id":23940,"date":"2025-10-01T20:48:53","date_gmt":"2025-10-01T20:48:53","guid":{"rendered":"https:\/\/www.latribunedufaso.net\/?p=23940"},"modified":"2025-10-02T21:10:52","modified_gmt":"2025-10-02T21:10:52","slug":"lancement-de-la-14e-edition-des-uaco-la-geopolitique-au-coeur-de-la-reflexion-sur-la-communication-en-afrique","status":"publish","type":"post","link":"https:\/\/www.latribunedufaso.net\/?p=23940","title":{"rendered":"Lancement de la 14e \u00e9dition des UACO : La g\u00e9opolitique au c\u0153ur de la r\u00e9flexion sur la communication en Afrique"},"content":{"rendered":"<p><strong>C\u2019est parti pour la 14e \u00e9dition des Universit\u00e9s africaines de la communication de Ouagadougou (UACO). La c\u00e9r\u00e9monie officielle de lancement des travaux a eu lieu ce 1er octobre 2025 \u00e0 Ouagadougou. Elle \u00e9tait plac\u00e9e sous le haut patronage du Premier ministre, repr\u00e9sent\u00e9 par le ministre d\u2019\u00c9tat, ministre de la D\u00e9fense et des Anciens combattants, le G\u00e9n\u00e9ral de brigade C\u00e9lestin Simpor\u00e9.<\/strong><!--more--><\/p>\n<p>Sous le th\u00e8me <em><strong>\u00ab Influence du contexte g\u00e9opolitique sur la communication et le d\u00e9veloppement en Afrique \u00bb<\/strong><\/em>, cette 14e \u00e9dition des UACO se tiendra du 1er au 3 octobre 2025 \u00e0 Ouagadougou.<\/p>\n<figure id=\"attachment_23951\" aria-describedby=\"caption-attachment-23951\" style=\"width: 2048px\" class=\"wp-caption aligncenter\"><a href=\"https:\/\/www.latribunedufaso.net\/wp-content\/uploads\/2025\/10\/FB_IMG_1759438914639.jpg\"><img loading=\"lazy\" decoding=\"async\" class=\"size-full wp-image-23951\" src=\"https:\/\/www.latribunedufaso.net\/wp-content\/uploads\/2025\/10\/FB_IMG_1759438914639.jpg\" alt=\"C\u00e9r\u00e9monie de lancement de la 14e \u00e9dition des UACO, 1er octobre 2025\" width=\"2048\" height=\"1365\" srcset=\"https:\/\/www.latribunedufaso.net\/wp-content\/uploads\/2025\/10\/FB_IMG_1759438914639.jpg 2048w, https:\/\/www.latribunedufaso.net\/wp-content\/uploads\/2025\/10\/FB_IMG_1759438914639-300x200.jpg 300w, https:\/\/www.latribunedufaso.net\/wp-content\/uploads\/2025\/10\/FB_IMG_1759438914639-1024x683.jpg 1024w, https:\/\/www.latribunedufaso.net\/wp-content\/uploads\/2025\/10\/FB_IMG_1759438914639-768x512.jpg 768w, https:\/\/www.latribunedufaso.net\/wp-content\/uploads\/2025\/10\/FB_IMG_1759438914639-1536x1024.jpg 1536w, https:\/\/www.latribunedufaso.net\/wp-content\/uploads\/2025\/10\/FB_IMG_1759438914639-840x560.jpg 840w, https:\/\/www.latribunedufaso.net\/wp-content\/uploads\/2025\/10\/FB_IMG_1759438914639-120x80.jpg 120w, https:\/\/www.latribunedufaso.net\/wp-content\/uploads\/2025\/10\/FB_IMG_1759438914639-360x240.jpg 360w, https:\/\/www.latribunedufaso.net\/wp-content\/uploads\/2025\/10\/FB_IMG_1759438914639-600x400.jpg 600w\" sizes=\"auto, (max-width: 2048px) 100vw, 2048px\" \/><\/a><figcaption id=\"caption-attachment-23951\" class=\"wp-caption-text\">Gilbert Ou\u00e9draogo<\/figcaption><\/figure>\n<p>Le discours du Premier ministre, parrain de la c\u00e9r\u00e9monie, a \u00e9t\u00e9 prononc\u00e9 par le ministre de la Communication du Burkina, Gilbert Ou\u00e9draogo. Le chef du gouvernement a soulign\u00e9 que les tensions g\u00e9opolitiques et la reconfiguration des alliances internationales influencent profond\u00e9ment les soci\u00e9t\u00e9s, leur d\u00e9veloppement et leur mani\u00e8re de communiquer. Pour lui, il est crucial de comprendre ces enjeux afin d\u2019y trouver des solutions adapt\u00e9es pour construire une Afrique souveraine, inform\u00e9e et r\u00e9siliente. C\u2019est pourquoi il a salu\u00e9 la tenue de cette rencontre.<\/p>\n<figure id=\"attachment_23953\" aria-describedby=\"caption-attachment-23953\" style=\"width: 2560px\" class=\"wp-caption aligncenter\"><a href=\"https:\/\/www.latribunedufaso.net\/wp-content\/uploads\/2025\/10\/IMG_20251001_150738_871-scaled.jpg\"><img loading=\"lazy\" decoding=\"async\" class=\"size-full wp-image-23953\" src=\"https:\/\/www.latribunedufaso.net\/wp-content\/uploads\/2025\/10\/IMG_20251001_150738_871-scaled.jpg\" alt=\"C\u00e9r\u00e9monie de lancement de la 14e \u00e9dition des UACO, 1er octobre 2025\" width=\"2560\" height=\"1920\" srcset=\"https:\/\/www.latribunedufaso.net\/wp-content\/uploads\/2025\/10\/IMG_20251001_150738_871-scaled.jpg 2560w, https:\/\/www.latribunedufaso.net\/wp-content\/uploads\/2025\/10\/IMG_20251001_150738_871-300x225.jpg 300w, https:\/\/www.latribunedufaso.net\/wp-content\/uploads\/2025\/10\/IMG_20251001_150738_871-1024x768.jpg 1024w, https:\/\/www.latribunedufaso.net\/wp-content\/uploads\/2025\/10\/IMG_20251001_150738_871-768x576.jpg 768w, https:\/\/www.latribunedufaso.net\/wp-content\/uploads\/2025\/10\/IMG_20251001_150738_871-1536x1152.jpg 1536w, https:\/\/www.latribunedufaso.net\/wp-content\/uploads\/2025\/10\/IMG_20251001_150738_871-2048x1536.jpg 2048w\" sizes=\"auto, (max-width: 2560px) 100vw, 2560px\" \/><\/a><figcaption id=\"caption-attachment-23953\" class=\"wp-caption-text\">Une vue des participants \u00e0 la c\u00e9r\u00e9monie &#8211; Ph. I. Tapsoba<\/figcaption><\/figure>\n<p>Pendant ces trois jours de travaux, le Premier ministre a exhort\u00e9 les participants \u00e0 se pencher sur trois axes de r\u00e9flexion majeurs :<\/p>\n<p>&#8211; Comment le contexte g\u00e9opolitique actuel influence-t-il les politiques de communication et de d\u00e9veloppement des \u00c9tats africains ?<\/p>\n<p>&#8211; Quelles strat\u00e9gies mettre en place pour renforcer notre r\u00e9silience face aux campagnes de d\u00e9sinformation, aux manipulations et aux d\u00e9pendances ext\u00e9rieures ?<\/p>\n<p>&#8211; Comment utiliser la communication comme levier de transformation sociale, politique, culturelle et \u00e9conomique de nos Nations ?<\/p>\n<figure id=\"attachment_23950\" aria-describedby=\"caption-attachment-23950\" style=\"width: 2048px\" class=\"wp-caption aligncenter\"><a href=\"https:\/\/www.latribunedufaso.net\/wp-content\/uploads\/2025\/10\/FB_IMG_1759438918359.jpg\"><img loading=\"lazy\" decoding=\"async\" class=\"size-full wp-image-23950\" src=\"https:\/\/www.latribunedufaso.net\/wp-content\/uploads\/2025\/10\/FB_IMG_1759438918359.jpg\" alt=\"C\u00e9r\u00e9monie de lancement de la 14e \u00e9dition des UACO, 1er octobre 2025\" width=\"2048\" height=\"1365\" srcset=\"https:\/\/www.latribunedufaso.net\/wp-content\/uploads\/2025\/10\/FB_IMG_1759438918359.jpg 2048w, https:\/\/www.latribunedufaso.net\/wp-content\/uploads\/2025\/10\/FB_IMG_1759438918359-300x200.jpg 300w, https:\/\/www.latribunedufaso.net\/wp-content\/uploads\/2025\/10\/FB_IMG_1759438918359-1024x683.jpg 1024w, https:\/\/www.latribunedufaso.net\/wp-content\/uploads\/2025\/10\/FB_IMG_1759438918359-768x512.jpg 768w, https:\/\/www.latribunedufaso.net\/wp-content\/uploads\/2025\/10\/FB_IMG_1759438918359-1536x1024.jpg 1536w, https:\/\/www.latribunedufaso.net\/wp-content\/uploads\/2025\/10\/FB_IMG_1759438918359-840x560.jpg 840w, https:\/\/www.latribunedufaso.net\/wp-content\/uploads\/2025\/10\/FB_IMG_1759438918359-120x80.jpg 120w, https:\/\/www.latribunedufaso.net\/wp-content\/uploads\/2025\/10\/FB_IMG_1759438918359-360x240.jpg 360w, https:\/\/www.latribunedufaso.net\/wp-content\/uploads\/2025\/10\/FB_IMG_1759438918359-600x400.jpg 600w\" sizes=\"auto, (max-width: 2048px) 100vw, 2048px\" \/><\/a><figcaption id=\"caption-attachment-23950\" class=\"wp-caption-text\">Le ministre charg\u00e9 de la Communication du Mali, Alhamdou Ag Ilyene &#8211; Ph. DR<\/figcaption><\/figure>\n<p>Cette \u00e9dition des UACO conna\u00eet la participation du Mali, du Niger et du Togo. Au nom des pays invit\u00e9s, le ministre malien de la Communication, Alhamdou Ag Ilyene, a salu\u00e9 la tenue des UACO. Selon lui, <em><strong>\u00ab l\u2019Afrique a besoin de repenser sa mani\u00e8re de communiquer, de valoriser ses cultures et d\u2019affirmer sa voix sur la sc\u00e8ne internationale \u00bb.<\/strong><\/em><\/p>\n<figure id=\"attachment_23949\" aria-describedby=\"caption-attachment-23949\" style=\"width: 2048px\" class=\"wp-caption aligncenter\"><a href=\"https:\/\/www.latribunedufaso.net\/wp-content\/uploads\/2025\/10\/FB_IMG_1759438924359.jpg\"><img loading=\"lazy\" decoding=\"async\" class=\"size-full wp-image-23949\" src=\"https:\/\/www.latribunedufaso.net\/wp-content\/uploads\/2025\/10\/FB_IMG_1759438924359.jpg\" alt=\"C\u00e9r\u00e9monie de lancement de la 14e \u00e9dition des UACO, 1er octobre 2025\" width=\"2048\" height=\"1365\" srcset=\"https:\/\/www.latribunedufaso.net\/wp-content\/uploads\/2025\/10\/FB_IMG_1759438924359.jpg 2048w, https:\/\/www.latribunedufaso.net\/wp-content\/uploads\/2025\/10\/FB_IMG_1759438924359-300x200.jpg 300w, https:\/\/www.latribunedufaso.net\/wp-content\/uploads\/2025\/10\/FB_IMG_1759438924359-1024x683.jpg 1024w, https:\/\/www.latribunedufaso.net\/wp-content\/uploads\/2025\/10\/FB_IMG_1759438924359-768x512.jpg 768w, https:\/\/www.latribunedufaso.net\/wp-content\/uploads\/2025\/10\/FB_IMG_1759438924359-1536x1024.jpg 1536w, https:\/\/www.latribunedufaso.net\/wp-content\/uploads\/2025\/10\/FB_IMG_1759438924359-840x560.jpg 840w, https:\/\/www.latribunedufaso.net\/wp-content\/uploads\/2025\/10\/FB_IMG_1759438924359-120x80.jpg 120w, https:\/\/www.latribunedufaso.net\/wp-content\/uploads\/2025\/10\/FB_IMG_1759438924359-360x240.jpg 360w, https:\/\/www.latribunedufaso.net\/wp-content\/uploads\/2025\/10\/FB_IMG_1759438924359-600x400.jpg 600w\" sizes=\"auto, (max-width: 2048px) 100vw, 2048px\" \/><\/a><figcaption id=\"caption-attachment-23949\" class=\"wp-caption-text\">La ministre charg\u00e9 des communications \u00e9lectroniques, Aminata Zerbo\/Saban\u00e9, marraine &#8211; Ph. DR<\/figcaption><\/figure>\n<p>Pour la marraine, Aminata Zerbo\/Saban\u00e9, ministre charg\u00e9e des Communications \u00e9lectroniques, le th\u00e8me de l\u2019\u00e9v\u00e9nement traduit fid\u00e8lement les d\u00e9fis auxquels les pays africains sont confront\u00e9s. Elle a rappel\u00e9 que le champ de bataille des influences g\u00e9opolitiques est de plus en plus num\u00e9rique, citant la d\u00e9sinformation et les tentatives de manipulation de l\u2019opinion.<\/p>\n<blockquote>\n<p>Lire aussi &gt;&gt; <a href=\"https:\/\/www.latribunedufaso.net\/?p=21065\">UACO 2025 : Le Comit\u00e9 scientifique officiellement install\u00e9<\/a><\/p>\n<\/blockquote>\n<p>S\u2019adressant aux participants, elle les a encourag\u00e9s \u00e0 faire de ces universit\u00e9s non seulement un laboratoire de r\u00e9flexion, mais \u00e9galement un incubateur d\u2019initiatives et de solutions concr\u00e8tes. Elle a souhait\u00e9 que leurs discussions <em><strong>\u00ab donnent naissance \u00e0 des initiatives qui permettront \u00e0 l\u2019Afrique de s\u2019affirmer pleinement \u00e0 l\u2019\u00e8re du num\u00e9rique en conciliant modernit\u00e9 et h\u00e9ritage culturel \u00bb.<\/strong><\/em><\/p>\n<p><strong>Issouf TAPSOBA\u00a0<\/strong><\/p>\n<p><strong>Latribunedufaso.net<\/strong><\/p>\n","protected":false},"excerpt":{"rendered":"<p>C\u2019est parti pour la 14e \u00e9dition des Universit\u00e9s africaines de la communication de Ouagadougou (UACO). La c\u00e9r\u00e9monie officielle de lancement des travaux a eu lieu ce 1er octobre 2025 \u00e0 Ouagadougou. Elle \u00e9tait plac\u00e9e sous le haut patronage du Premier ministre, repr\u00e9sent\u00e9 par le ministre d\u2019\u00c9tat, ministre de la D\u00e9fense et des Anciens combattants, le G\u00e9n\u00e9ral de brigade C\u00e9lestin Simpor\u00e9.<\/p>\n","protected":false},"author":5,"featured_media":23952,"comment_status":"open","ping_status":"open","sticky":false,"template":"","format":"standard","meta":{"footnotes":""},"categories":[13,1,8],"tags":[39,674,1582,1142],"class_list":["post-23940","post","type-post","status-publish","format-standard","has-post-thumbnail","hentry","category-une","category-actu","category-societe","tag-latribunedufaso-net","tag-lutte-contre-la-desinformation","tag-uaco","tag-universites-africaines-de-la-communication-de-ouagadougou-uaco"],"yoast_head":"<!-- This site is optimized with the Yoast SEO plugin v27.4 - https:\/\/yoast.com\/product\/yoast-seo-wordpress\/ -->\n<title>Lancement de la 14e \u00e9dition des UACO : La g\u00e9opolitique au c\u0153ur de la r\u00e9flexion sur la communication en Afrique - La Tribune du Faso<\/title>\n<meta name=\"robots\" content=\"index, follow, max-snippet:-1, max-image-preview:large, max-video-preview:-1\" \/>\n<link rel=\"canonical\" href=\"https:\/\/www.latribunedufaso.net\/?p=23940\" \/>\n<meta property=\"og:locale\" content=\"fr_FR\" \/>\n<meta property=\"og:type\" content=\"article\" \/>\n<meta property=\"og:title\" content=\"Lancement de la 14e \u00e9dition des UACO : La g\u00e9opolitique au c\u0153ur de la r\u00e9flexion sur la communication en Afrique - La Tribune du Faso\" \/>\n<meta property=\"og:description\" content=\"C\u2019est parti pour la 14e \u00e9dition des Universit\u00e9s africaines de la communication de Ouagadougou (UACO). La c\u00e9r\u00e9monie officielle de lancement des travaux a eu lieu ce 1er octobre 2025 \u00e0 Ouagadougou. Elle \u00e9tait plac\u00e9e sous le haut patronage du Premier ministre, repr\u00e9sent\u00e9 par le ministre d\u2019\u00c9tat, ministre de la D\u00e9fense et des Anciens combattants, le G\u00e9n\u00e9ral de brigade C\u00e9lestin Simpor\u00e9.\" \/>\n<meta property=\"og:url\" content=\"https:\/\/www.latribunedufaso.net\/?p=23940\" \/>\n<meta property=\"og:site_name\" content=\"La Tribune du Faso\" \/>\n<meta property=\"article:publisher\" content=\"https:\/\/www.facebook.com\/LatribuneduFaso\/\" \/>\n<meta property=\"article:published_time\" content=\"2025-10-01T20:48:53+00:00\" \/>\n<meta property=\"article:modified_time\" content=\"2025-10-02T21:10:52+00:00\" \/>\n<meta property=\"og:image\" content=\"https:\/\/www.latribunedufaso.net\/wp-content\/uploads\/2025\/10\/FB_IMG_1759438911170.jpg\" \/>\n\t<meta property=\"og:image:width\" content=\"2048\" \/>\n\t<meta property=\"og:image:height\" content=\"1365\" \/>\n\t<meta property=\"og:image:type\" content=\"image\/jpeg\" \/>\n<meta name=\"author\" content=\"Issouf Tapsoba\" \/>\n<meta name=\"twitter:label1\" content=\"\u00c9crit par\" \/>\n\t<meta name=\"twitter:data1\" content=\"Issouf Tapsoba\" \/>\n\t<meta name=\"twitter:label2\" content=\"Dur\u00e9e de lecture estim\u00e9e\" \/>\n\t<meta name=\"twitter:data2\" content=\"3 minutes\" \/>\n<script type=\"application\/ld+json\" class=\"yoast-schema-graph\">{\"@context\":\"https:\\\/\\\/schema.org\",\"@graph\":[{\"@type\":\"Article\",\"@id\":\"https:\\\/\\\/www.latribunedufaso.net\\\/?p=23940#article\",\"isPartOf\":{\"@id\":\"https:\\\/\\\/www.latribunedufaso.net\\\/?p=23940\"},\"author\":{\"name\":\"Issouf Tapsoba\",\"@id\":\"https:\\\/\\\/www.latribunedufaso.net\\\/#\\\/schema\\\/person\\\/e54e64c5778a7e72cf80a318b7a622b0\"},\"headline\":\"Lancement de la 14e \u00e9dition des UACO : La g\u00e9opolitique au c\u0153ur de la r\u00e9flexion sur la communication en Afrique\",\"datePublished\":\"2025-10-01T20:48:53+00:00\",\"dateModified\":\"2025-10-02T21:10:52+00:00\",\"mainEntityOfPage\":{\"@id\":\"https:\\\/\\\/www.latribunedufaso.net\\\/?p=23940\"},\"wordCount\":573,\"commentCount\":0,\"publisher\":{\"@id\":\"https:\\\/\\\/www.latribunedufaso.net\\\/#organization\"},\"image\":{\"@id\":\"https:\\\/\\\/www.latribunedufaso.net\\\/?p=23940#primaryimage\"},\"thumbnailUrl\":\"https:\\\/\\\/www.latribunedufaso.net\\\/wp-content\\\/uploads\\\/2025\\\/10\\\/FB_IMG_1759438911170.jpg\",\"keywords\":[\"latribunedufaso.net\",\"lutte contre la d\u00e9sinformation\",\"UACO\",\"Universit\u00e9s Africaines de la Communication de Ouagadougou (UACO)\"],\"articleSection\":[\"A la une\",\"Actualit\u00e9\",\"Soci\u00e9t\u00e9\"],\"inLanguage\":\"fr-FR\",\"potentialAction\":[{\"@type\":\"CommentAction\",\"name\":\"Comment\",\"target\":[\"https:\\\/\\\/www.latribunedufaso.net\\\/?p=23940#respond\"]}]},{\"@type\":\"WebPage\",\"@id\":\"https:\\\/\\\/www.latribunedufaso.net\\\/?p=23940\",\"url\":\"https:\\\/\\\/www.latribunedufaso.net\\\/?p=23940\",\"name\":\"Lancement de la 14e \u00e9dition des UACO : La g\u00e9opolitique au c\u0153ur de la r\u00e9flexion sur la communication en Afrique - La Tribune du Faso\",\"isPartOf\":{\"@id\":\"https:\\\/\\\/www.latribunedufaso.net\\\/#website\"},\"primaryImageOfPage\":{\"@id\":\"https:\\\/\\\/www.latribunedufaso.net\\\/?p=23940#primaryimage\"},\"image\":{\"@id\":\"https:\\\/\\\/www.latribunedufaso.net\\\/?p=23940#primaryimage\"},\"thumbnailUrl\":\"https:\\\/\\\/www.latribunedufaso.net\\\/wp-content\\\/uploads\\\/2025\\\/10\\\/FB_IMG_1759438911170.jpg\",\"datePublished\":\"2025-10-01T20:48:53+00:00\",\"dateModified\":\"2025-10-02T21:10:52+00:00\",\"breadcrumb\":{\"@id\":\"https:\\\/\\\/www.latribunedufaso.net\\\/?p=23940#breadcrumb\"},\"inLanguage\":\"fr-FR\",\"potentialAction\":[{\"@type\":\"ReadAction\",\"target\":[\"https:\\\/\\\/www.latribunedufaso.net\\\/?p=23940\"]}]},{\"@type\":\"ImageObject\",\"inLanguage\":\"fr-FR\",\"@id\":\"https:\\\/\\\/www.latribunedufaso.net\\\/?p=23940#primaryimage\",\"url\":\"https:\\\/\\\/www.latribunedufaso.net\\\/wp-content\\\/uploads\\\/2025\\\/10\\\/FB_IMG_1759438911170.jpg\",\"contentUrl\":\"https:\\\/\\\/www.latribunedufaso.net\\\/wp-content\\\/uploads\\\/2025\\\/10\\\/FB_IMG_1759438911170.jpg\",\"width\":2048,\"height\":1365,\"caption\":\"C\u00e9r\u00e9monie de lancement de la 14e \u00e9dition des UACO, 1er octobre 2025\"},{\"@type\":\"BreadcrumbList\",\"@id\":\"https:\\\/\\\/www.latribunedufaso.net\\\/?p=23940#breadcrumb\",\"itemListElement\":[{\"@type\":\"ListItem\",\"position\":1,\"name\":\"Accueil\",\"item\":\"https:\\\/\\\/www.latribunedufaso.net\\\/\"},{\"@type\":\"ListItem\",\"position\":2,\"name\":\"Lancement de la 14e \u00e9dition des UACO : La g\u00e9opolitique au c\u0153ur de la r\u00e9flexion sur la communication en Afrique\"}]},{\"@type\":\"WebSite\",\"@id\":\"https:\\\/\\\/www.latribunedufaso.net\\\/#website\",\"url\":\"https:\\\/\\\/www.latribunedufaso.net\\\/\",\"name\":\"La Tribune du Faso\",\"description\":\"L&#039;information du monde rural en un clic\",\"publisher\":{\"@id\":\"https:\\\/\\\/www.latribunedufaso.net\\\/#organization\"},\"potentialAction\":[{\"@type\":\"SearchAction\",\"target\":{\"@type\":\"EntryPoint\",\"urlTemplate\":\"https:\\\/\\\/www.latribunedufaso.net\\\/?s={search_term_string}\"},\"query-input\":{\"@type\":\"PropertyValueSpecification\",\"valueRequired\":true,\"valueName\":\"search_term_string\"}}],\"inLanguage\":\"fr-FR\"},{\"@type\":\"Organization\",\"@id\":\"https:\\\/\\\/www.latribunedufaso.net\\\/#organization\",\"name\":\"La Tribune du Faso\",\"url\":\"https:\\\/\\\/www.latribunedufaso.net\\\/\",\"logo\":{\"@type\":\"ImageObject\",\"inLanguage\":\"fr-FR\",\"@id\":\"https:\\\/\\\/www.latribunedufaso.net\\\/#\\\/schema\\\/logo\\\/image\\\/\",\"url\":\"https:\\\/\\\/www.latribunedufaso.net\\\/wp-content\\\/uploads\\\/2020\\\/08\\\/Logo-Tribune-du-Faso-final-scaled.jpg\",\"contentUrl\":\"https:\\\/\\\/www.latribunedufaso.net\\\/wp-content\\\/uploads\\\/2020\\\/08\\\/Logo-Tribune-du-Faso-final-scaled.jpg\",\"width\":2560,\"height\":1856,\"caption\":\"La Tribune du Faso\"},\"image\":{\"@id\":\"https:\\\/\\\/www.latribunedufaso.net\\\/#\\\/schema\\\/logo\\\/image\\\/\"},\"sameAs\":[\"https:\\\/\\\/www.facebook.com\\\/LatribuneduFaso\\\/\"]},{\"@type\":\"Person\",\"@id\":\"https:\\\/\\\/www.latribunedufaso.net\\\/#\\\/schema\\\/person\\\/e54e64c5778a7e72cf80a318b7a622b0\",\"name\":\"Issouf Tapsoba\",\"image\":{\"@type\":\"ImageObject\",\"inLanguage\":\"fr-FR\",\"@id\":\"https:\\\/\\\/secure.gravatar.com\\\/avatar\\\/5e6c05150ce3230247d167f5b94d678eb05936197436d69b7921e3a95c9107ac?s=96&d=mm&r=g\",\"url\":\"https:\\\/\\\/secure.gravatar.com\\\/avatar\\\/5e6c05150ce3230247d167f5b94d678eb05936197436d69b7921e3a95c9107ac?s=96&d=mm&r=g\",\"contentUrl\":\"https:\\\/\\\/secure.gravatar.com\\\/avatar\\\/5e6c05150ce3230247d167f5b94d678eb05936197436d69b7921e3a95c9107ac?s=96&d=mm&r=g\",\"caption\":\"Issouf Tapsoba\"},\"url\":\"https:\\\/\\\/www.latribunedufaso.net\\\/?author=5\"}]}<\/script>\n<!-- \/ Yoast SEO plugin. -->","yoast_head_json":{"title":"Lancement de la 14e \u00e9dition des UACO : La g\u00e9opolitique au c\u0153ur de la r\u00e9flexion sur la communication en Afrique - La Tribune du Faso","robots":{"index":"index","follow":"follow","max-snippet":"max-snippet:-1","max-image-preview":"max-image-preview:large","max-video-preview":"max-video-preview:-1"},"canonical":"https:\/\/www.latribunedufaso.net\/?p=23940","og_locale":"fr_FR","og_type":"article","og_title":"Lancement de la 14e \u00e9dition des UACO : La g\u00e9opolitique au c\u0153ur de la r\u00e9flexion sur la communication en Afrique - La Tribune du Faso","og_description":"C\u2019est parti pour la 14e \u00e9dition des Universit\u00e9s africaines de la communication de Ouagadougou (UACO). La c\u00e9r\u00e9monie officielle de lancement des travaux a eu lieu ce 1er octobre 2025 \u00e0 Ouagadougou. Elle \u00e9tait plac\u00e9e sous le haut patronage du Premier ministre, repr\u00e9sent\u00e9 par le ministre d\u2019\u00c9tat, ministre de la D\u00e9fense et des Anciens combattants, le G\u00e9n\u00e9ral de brigade C\u00e9lestin Simpor\u00e9.","og_url":"https:\/\/www.latribunedufaso.net\/?p=23940","og_site_name":"La Tribune du Faso","article_publisher":"https:\/\/www.facebook.com\/LatribuneduFaso\/","article_published_time":"2025-10-01T20:48:53+00:00","article_modified_time":"2025-10-02T21:10:52+00:00","og_image":[{"width":2048,"height":1365,"url":"https:\/\/www.latribunedufaso.net\/wp-content\/uploads\/2025\/10\/FB_IMG_1759438911170.jpg","type":"image\/jpeg"}],"author":"Issouf Tapsoba","twitter_misc":{"\u00c9crit par":"Issouf Tapsoba","Dur\u00e9e de lecture estim\u00e9e":"3 minutes"},"schema":{"@context":"https:\/\/schema.org","@graph":[{"@type":"Article","@id":"https:\/\/www.latribunedufaso.net\/?p=23940#article","isPartOf":{"@id":"https:\/\/www.latribunedufaso.net\/?p=23940"},"author":{"name":"Issouf Tapsoba","@id":"https:\/\/www.latribunedufaso.net\/#\/schema\/person\/e54e64c5778a7e72cf80a318b7a622b0"},"headline":"Lancement de la 14e \u00e9dition des UACO : La g\u00e9opolitique au c\u0153ur de la r\u00e9flexion sur la communication en Afrique","datePublished":"2025-10-01T20:48:53+00:00","dateModified":"2025-10-02T21:10:52+00:00","mainEntityOfPage":{"@id":"https:\/\/www.latribunedufaso.net\/?p=23940"},"wordCount":573,"commentCount":0,"publisher":{"@id":"https:\/\/www.latribunedufaso.net\/#organization"},"image":{"@id":"https:\/\/www.latribunedufaso.net\/?p=23940#primaryimage"},"thumbnailUrl":"https:\/\/www.latribunedufaso.net\/wp-content\/uploads\/2025\/10\/FB_IMG_1759438911170.jpg","keywords":["latribunedufaso.net","lutte contre la d\u00e9sinformation","UACO","Universit\u00e9s Africaines de la Communication de Ouagadougou (UACO)"],"articleSection":["A la une","Actualit\u00e9","Soci\u00e9t\u00e9"],"inLanguage":"fr-FR","potentialAction":[{"@type":"CommentAction","name":"Comment","target":["https:\/\/www.latribunedufaso.net\/?p=23940#respond"]}]},{"@type":"WebPage","@id":"https:\/\/www.latribunedufaso.net\/?p=23940","url":"https:\/\/www.latribunedufaso.net\/?p=23940","name":"Lancement de la 14e \u00e9dition des UACO : La g\u00e9opolitique au c\u0153ur de la r\u00e9flexion sur la communication en Afrique - La Tribune du Faso","isPartOf":{"@id":"https:\/\/www.latribunedufaso.net\/#website"},"primaryImageOfPage":{"@id":"https:\/\/www.latribunedufaso.net\/?p=23940#primaryimage"},"image":{"@id":"https:\/\/www.latribunedufaso.net\/?p=23940#primaryimage"},"thumbnailUrl":"https:\/\/www.latribunedufaso.net\/wp-content\/uploads\/2025\/10\/FB_IMG_1759438911170.jpg","datePublished":"2025-10-01T20:48:53+00:00","dateModified":"2025-10-02T21:10:52+00:00","breadcrumb":{"@id":"https:\/\/www.latribunedufaso.net\/?p=23940#breadcrumb"},"inLanguage":"fr-FR","potentialAction":[{"@type":"ReadAction","target":["https:\/\/www.latribunedufaso.net\/?p=23940"]}]},{"@type":"ImageObject","inLanguage":"fr-FR","@id":"https:\/\/www.latribunedufaso.net\/?p=23940#primaryimage","url":"https:\/\/www.latribunedufaso.net\/wp-content\/uploads\/2025\/10\/FB_IMG_1759438911170.jpg","contentUrl":"https:\/\/www.latribunedufaso.net\/wp-content\/uploads\/2025\/10\/FB_IMG_1759438911170.jpg","width":2048,"height":1365,"caption":"C\u00e9r\u00e9monie de lancement de la 14e \u00e9dition des UACO, 1er octobre 2025"},{"@type":"BreadcrumbList","@id":"https:\/\/www.latribunedufaso.net\/?p=23940#breadcrumb","itemListElement":[{"@type":"ListItem","position":1,"name":"Accueil","item":"https:\/\/www.latribunedufaso.net\/"},{"@type":"ListItem","position":2,"name":"Lancement de la 14e \u00e9dition des UACO : La g\u00e9opolitique au c\u0153ur de la r\u00e9flexion sur la communication en Afrique"}]},{"@type":"WebSite","@id":"https:\/\/www.latribunedufaso.net\/#website","url":"https:\/\/www.latribunedufaso.net\/","name":"La Tribune du Faso","description":"L&#039;information du monde rural en un clic","publisher":{"@id":"https:\/\/www.latribunedufaso.net\/#organization"},"potentialAction":[{"@type":"SearchAction","target":{"@type":"EntryPoint","urlTemplate":"https:\/\/www.latribunedufaso.net\/?s={search_term_string}"},"query-input":{"@type":"PropertyValueSpecification","valueRequired":true,"valueName":"search_term_string"}}],"inLanguage":"fr-FR"},{"@type":"Organization","@id":"https:\/\/www.latribunedufaso.net\/#organization","name":"La Tribune du Faso","url":"https:\/\/www.latribunedufaso.net\/","logo":{"@type":"ImageObject","inLanguage":"fr-FR","@id":"https:\/\/www.latribunedufaso.net\/#\/schema\/logo\/image\/","url":"https:\/\/www.latribunedufaso.net\/wp-content\/uploads\/2020\/08\/Logo-Tribune-du-Faso-final-scaled.jpg","contentUrl":"https:\/\/www.latribunedufaso.net\/wp-content\/uploads\/2020\/08\/Logo-Tribune-du-Faso-final-scaled.jpg","width":2560,"height":1856,"caption":"La Tribune du Faso"},"image":{"@id":"https:\/\/www.latribunedufaso.net\/#\/schema\/logo\/image\/"},"sameAs":["https:\/\/www.facebook.com\/LatribuneduFaso\/"]},{"@type":"Person","@id":"https:\/\/www.latribunedufaso.net\/#\/schema\/person\/e54e64c5778a7e72cf80a318b7a622b0","name":"Issouf Tapsoba","image":{"@type":"ImageObject","inLanguage":"fr-FR","@id":"https:\/\/secure.gravatar.com\/avatar\/5e6c05150ce3230247d167f5b94d678eb05936197436d69b7921e3a95c9107ac?s=96&d=mm&r=g","url":"https:\/\/secure.gravatar.com\/avatar\/5e6c05150ce3230247d167f5b94d678eb05936197436d69b7921e3a95c9107ac?s=96&d=mm&r=g","contentUrl":"https:\/\/secure.gravatar.com\/avatar\/5e6c05150ce3230247d167f5b94d678eb05936197436d69b7921e3a95c9107ac?s=96&d=mm&r=g","caption":"Issouf Tapsoba"},"url":"https:\/\/www.latribunedufaso.net\/?author=5"}]}},"_links":{"self":[{"href":"https:\/\/www.latribunedufaso.net\/index.php?rest_route=\/wp\/v2\/posts\/23940","targetHints":{"allow":["GET"]}}],"collection":[{"href":"https:\/\/www.latribunedufaso.net\/index.php?rest_route=\/wp\/v2\/posts"}],"about":[{"href":"https:\/\/www.latribunedufaso.net\/index.php?rest_route=\/wp\/v2\/types\/post"}],"author":[{"embeddable":true,"href":"https:\/\/www.latribunedufaso.net\/index.php?rest_route=\/wp\/v2\/users\/5"}],"replies":[{"embeddable":true,"href":"https:\/\/www.latribunedufaso.net\/index.php?rest_route=%2Fwp%2Fv2%2Fcomments&post=23940"}],"version-history":[{"count":2,"href":"https:\/\/www.latribunedufaso.net\/index.php?rest_route=\/wp\/v2\/posts\/23940\/revisions"}],"predecessor-version":[{"id":23954,"href":"https:\/\/www.latribunedufaso.net\/index.php?rest_route=\/wp\/v2\/posts\/23940\/revisions\/23954"}],"wp:featuredmedia":[{"embeddable":true,"href":"https:\/\/www.latribunedufaso.net\/index.php?rest_route=\/wp\/v2\/media\/23952"}],"wp:attachment":[{"href":"https:\/\/www.latribunedufaso.net\/index.php?rest_route=%2Fwp%2Fv2%2Fmedia&parent=23940"}],"wp:term":[{"taxonomy":"category","embeddable":true,"href":"https:\/\/www.latribunedufaso.net\/index.php?rest_route=%2Fwp%2Fv2%2Fcategories&post=23940"},{"taxonomy":"post_tag","embeddable":true,"href":"https:\/\/www.latribunedufaso.net\/index.php?rest_route=%2Fwp%2Fv2%2Ftags&post=23940"}],"curies":[{"name":"wp","href":"https:\/\/api.w.org\/{rel}","templated":true}]}}